{"id":218866,"date":"2025-01-06T14:43:00","date_gmt":"2025-01-06T14:43:00","guid":{"rendered":"https:\/\/www.webdo.tn\/fr\/blog\/wta-adelaide-ons-jabeur-affrontera-la-11e-mondiale\/218866\/"},"modified":"2025-05-20T22:15:50","modified_gmt":"2025-05-20T22:15:50","slug":"wta-adelaide-ons-jabeur-affrontera-la-11e-mondiale","status":"publish","type":"post","link":"https:\/\/www.webdo.tn\/fr\/actualite\/sport\/wta-adelaide-ons-jabeur-affrontera-la-11e-mondiale\/218866\/","title":{"rendered":"WTA Adela\u00efde : Ons Jabeur affrontera la 11e mondiale"},"content":{"rendered":"<p>Ons Jabeur, 40e au classement WTA affrontera l&rsquo;Am\u00e9ricaine Danielle Rose Collins (11e), pour le compte du premier tour du tournoi d&rsquo;Adela\u00efde en Australie.<\/p>\n<p>Revenue \u00e0 la comp\u00e9tition la semaine derni\u00e8re \u00e0 l\u2019occasion du tournoi de Brisbane en Australie, Ons Jabeur a gagn\u00e9 deux places au classement WTA malgr\u00e9 une \u00e9limination en quarts de finale.<\/p>\n<p>La Tunisienne, qui se pr\u00e9pare \u00e0 l\u2019Open d\u2019Australie aura fort \u00e0 faire face \u00e0 l\u2019Am\u00e9ricaine, vainqueure de deux titres au Masters 1000 de Miami et \u00e0 Charleston.<\/p>\n<p>En quatre oppositions, Danielle Rose Collins s\u2019est impos\u00e9e \u00e0 trois reprises face \u00e0 Ons Jabeur, en 2020 lors du quatri\u00e8me tour de Roland-Garros ; en 2022 lors du quatri\u00e8me tour de Miami ; et en 2024 lors du deuxi\u00e8me tour de Charleston.<\/p>\n<p>Quant \u00e0 Ons Jabeur, elle n\u2019a battu son adversaire qu\u2019une seule fois, en 2021 lors du troisi\u00e8me tour d\u2019Indian Wells.<\/p>\n<p>La rencontre sera diffus\u00e9e \u00e0 1h30 (heure tunisienne) sur les cha\u00eenes beIN Sports 7 et 8 (Mena) ou beIN sports 3.<\/p>\n","protected":false},"excerpt":{"rendered":"<p>Ons Jabeur, 40e au classement WTA affrontera l&rsquo;Am\u00e9ricaine Danielle Rose Collins (11e), pour le compte du premier tour du tournoi d&rsquo;Adela\u00efde en Australie.<\/p>\n","protected":false},"author":3162,"featured_media":291647,"comment_status":"open","ping_status":"closed","sticky":false,"template":"","format":"standard","meta":{"footnotes":""},"categories":[2593],"tags":[10839,4527,2604,2605,2691],"class_list":["post-218866","post","type-post","status-publish","format-standard","has-post-thumbnail","hentry","category-sport","tag-danielle-rose-collins","tag-adelaide","tag-ons-jabeur","tag-tennis","tag-wta"],"yoast_head":"<!-- This site is optimized with the Yoast SEO Premium plugin v27.4 (Yoast SEO v27.4) - https:\/\/yoast.com\/product\/yoast-seo-premium-wordpress\/ -->\n<title>WTA Adela\u00efde : Ons Jabeur affrontera la 11e mondiale<\/title>\n<meta name=\"description\" content=\"Ons Jabeur, 40e au classement WTA affrontera l&#039;Am\u00e9ricaine Danielle Rose Collins (11e), pour le compte du premier tour du tournoi d&#039;Adela\u00efde en Australie.\" \/>\n<link rel=\"canonical\" href=\"https:\/\/www.webdo.tn\/fr\/actualite\/sport\/wta-adelaide-ons-jabeur-affrontera-la-11e-mondiale\/218866\/\" \/>\n<meta property=\"og:locale\" content=\"fr_FR\" \/>\n<meta property=\"og:type\" content=\"article\" \/>\n<meta property=\"og:title\" content=\"WTA Adela\u00efde : Ons Jabeur affrontera la 11e mondiale\" \/>\n<meta property=\"og:description\" content=\"Ons Jabeur, 40e au classement WTA affrontera l&#039;Am\u00e9ricaine Danielle Rose Collins (11e), pour le compte du premier tour du tournoi d&#039;Adela\u00efde en Australie.\" \/>\n<meta property=\"og:url\" content=\"https:\/\/www.webdo.tn\/fr\/actualite\/sport\/wta-adelaide-ons-jabeur-affrontera-la-11e-mondiale\/218866\/\" \/>\n<meta property=\"og:site_name\" content=\"webdo\" \/>\n<meta property=\"article:publisher\" content=\"https:\/\/www.facebook.com\/webdotn\" \/>\n<meta property=\"article:published_time\" content=\"2025-01-06T14:43:00+00:00\" \/>\n<meta property=\"article:modified_time\" content=\"2025-05-20T22:15:50+00:00\" \/>\n<meta property=\"og:image\" content=\"https:\/\/www.webdo.tn\/fr\/wp-content\/uploads\/2025\/01\/6c0053f7b9f8a8480b8ad21ef5023e48.webp\" \/>\n\t<meta property=\"og:image:width\" content=\"750\" \/>\n\t<meta property=\"og:image:height\" content=\"400\" \/>\n\t<meta property=\"og:image:type\" content=\"image\/webp\" \/>\n<meta name=\"author\" content=\"MC\" \/>\n<meta name=\"twitter:card\" content=\"summary_large_image\" \/>\n<meta name=\"twitter:creator\" content=\"@webdo_tn\" \/>\n<meta name=\"twitter:site\" content=\"@webdo_tn\" \/>\n<meta name=\"twitter:label1\" content=\"\u00c9crit par\" \/>\n\t<meta name=\"twitter:data1\" content=\"MC\" \/>\n\t<meta name=\"twitter:label2\" content=\"Dur\u00e9e de lecture estim\u00e9e\" \/>\n\t<meta name=\"twitter:data2\" content=\"1 minute\" \/>\n<script type=\"application\/ld+json\" class=\"yoast-schema-graph\">{\"@context\":\"https:\\\/\\\/schema.org\",\"@graph\":[{\"@type\":\"NewsArticle\",\"@id\":\"https:\\\/\\\/www.webdo.tn\\\/fr\\\/actualite\\\/sport\\\/wta-adelaide-ons-jabeur-affrontera-la-11e-mondiale\\\/218866\\\/#article\",\"isPartOf\":{\"@id\":\"https:\\\/\\\/www.webdo.tn\\\/fr\\\/actualite\\\/sport\\\/wta-adelaide-ons-jabeur-affrontera-la-11e-mondiale\\\/218866\\\/\"},\"author\":{\"name\":\"MC\",\"@id\":\"https:\\\/\\\/www.webdo.tn\\\/fr\\\/#\\\/schema\\\/person\\\/2c4929cbf5a809e3bd38617c6ce150f6\"},\"headline\":\"WTA Adela\u00efde : Ons Jabeur affrontera la 11e mondiale\",\"datePublished\":\"2025-01-06T14:43:00+00:00\",\"dateModified\":\"2025-05-20T22:15:50+00:00\",\"mainEntityOfPage\":{\"@id\":\"https:\\\/\\\/www.webdo.tn\\\/fr\\\/actualite\\\/sport\\\/wta-adelaide-ons-jabeur-affrontera-la-11e-mondiale\\\/218866\\\/\"},\"wordCount\":176,\"commentCount\":0,\"publisher\":{\"@id\":\"https:\\\/\\\/www.webdo.tn\\\/fr\\\/#organization\"},\"image\":{\"@id\":\"https:\\\/\\\/www.webdo.tn\\\/fr\\\/actualite\\\/sport\\\/wta-adelaide-ons-jabeur-affrontera-la-11e-mondiale\\\/218866\\\/#primaryimage\"},\"thumbnailUrl\":\"https:\\\/\\\/www.webdo.tn\\\/fr\\\/wp-content\\\/uploads\\\/2025\\\/01\\\/6c0053f7b9f8a8480b8ad21ef5023e48.webp\",\"keywords\":[\"'Danielle Rose Collins']\",\"adelaide\",\"Ons Jabeur\",\"tennis\",\"WTA\"],\"articleSection\":[\"Sport\"],\"inLanguage\":\"fr-FR\"},{\"@type\":\"WebPage\",\"@id\":\"https:\\\/\\\/www.webdo.tn\\\/fr\\\/actualite\\\/sport\\\/wta-adelaide-ons-jabeur-affrontera-la-11e-mondiale\\\/218866\\\/\",\"url\":\"https:\\\/\\\/www.webdo.tn\\\/fr\\\/actualite\\\/sport\\\/wta-adelaide-ons-jabeur-affrontera-la-11e-mondiale\\\/218866\\\/\",\"name\":\"WTA Adela\u00efde : Ons Jabeur affrontera la 11e mondiale\",\"isPartOf\":{\"@id\":\"https:\\\/\\\/www.webdo.tn\\\/fr\\\/#website\"},\"primaryImageOfPage\":{\"@id\":\"https:\\\/\\\/www.webdo.tn\\\/fr\\\/actualite\\\/sport\\\/wta-adelaide-ons-jabeur-affrontera-la-11e-mondiale\\\/218866\\\/#primaryimage\"},\"image\":{\"@id\":\"https:\\\/\\\/www.webdo.tn\\\/fr\\\/actualite\\\/sport\\\/wta-adelaide-ons-jabeur-affrontera-la-11e-mondiale\\\/218866\\\/#primaryimage\"},\"thumbnailUrl\":\"https:\\\/\\\/www.webdo.tn\\\/fr\\\/wp-content\\\/uploads\\\/2025\\\/01\\\/6c0053f7b9f8a8480b8ad21ef5023e48.webp\",\"datePublished\":\"2025-01-06T14:43:00+00:00\",\"dateModified\":\"2025-05-20T22:15:50+00:00\",\"description\":\"Ons Jabeur, 40e au classement WTA affrontera l'Am\u00e9ricaine Danielle Rose Collins (11e), pour le compte du premier tour du tournoi d'Adela\u00efde en Australie.\",\"breadcrumb\":{\"@id\":\"https:\\\/\\\/www.webdo.tn\\\/fr\\\/actualite\\\/sport\\\/wta-adelaide-ons-jabeur-affrontera-la-11e-mondiale\\\/218866\\\/#breadcrumb\"},\"inLanguage\":\"fr-FR\",\"potentialAction\":[{\"@type\":\"ReadAction\",\"target\":[\"https:\\\/\\\/www.webdo.tn\\\/fr\\\/actualite\\\/sport\\\/wta-adelaide-ons-jabeur-affrontera-la-11e-mondiale\\\/218866\\\/\"]}]},{\"@type\":\"ImageObject\",\"inLanguage\":\"fr-FR\",\"@id\":\"https:\\\/\\\/www.webdo.tn\\\/fr\\\/actualite\\\/sport\\\/wta-adelaide-ons-jabeur-affrontera-la-11e-mondiale\\\/218866\\\/#primaryimage\",\"url\":\"https:\\\/\\\/www.webdo.tn\\\/fr\\\/wp-content\\\/uploads\\\/2025\\\/01\\\/6c0053f7b9f8a8480b8ad21ef5023e48.webp\",\"contentUrl\":\"https:\\\/\\\/www.webdo.tn\\\/fr\\\/wp-content\\\/uploads\\\/2025\\\/01\\\/6c0053f7b9f8a8480b8ad21ef5023e48.webp\",\"width\":750,\"height\":400,\"caption\":\"WTA Adela\u00efde : Ons Jabeur affrontera la 11e mondiale\"},{\"@type\":\"BreadcrumbList\",\"@id\":\"https:\\\/\\\/www.webdo.tn\\\/fr\\\/actualite\\\/sport\\\/wta-adelaide-ons-jabeur-affrontera-la-11e-mondiale\\\/218866\\\/#breadcrumb\",\"itemListElement\":[{\"@type\":\"ListItem\",\"position\":1,\"name\":\"Accueil\",\"item\":\"https:\\\/\\\/www.webdo.tn\\\/fr\\\/\"},{\"@type\":\"ListItem\",\"position\":2,\"name\":\"WTA Adela\u00efde : Ons Jabeur affrontera la 11e mondiale\"}]},{\"@type\":\"WebSite\",\"@id\":\"https:\\\/\\\/www.webdo.tn\\\/fr\\\/#website\",\"url\":\"https:\\\/\\\/www.webdo.tn\\\/fr\\\/\",\"name\":\"webdo\",\"description\":\"Tunisie - News en Tunisie et \u00e0 l&#039;international sur Webdo.tn\",\"publisher\":{\"@id\":\"https:\\\/\\\/www.webdo.tn\\\/fr\\\/#organization\"},\"potentialAction\":[{\"@type\":\"SearchAction\",\"target\":{\"@type\":\"EntryPoint\",\"urlTemplate\":\"https:\\\/\\\/www.webdo.tn\\\/fr\\\/?s={search_term_string}\"},\"query-input\":{\"@type\":\"PropertyValueSpecification\",\"valueRequired\":true,\"valueName\":\"search_term_string\"}}],\"inLanguage\":\"fr-FR\"},{\"@type\":\"Organization\",\"@id\":\"https:\\\/\\\/www.webdo.tn\\\/fr\\\/#organization\",\"name\":\"Webdo\",\"alternateName\":\"Webdo.tn\",\"url\":\"https:\\\/\\\/www.webdo.tn\\\/fr\\\/\",\"logo\":{\"@type\":\"ImageObject\",\"inLanguage\":\"fr-FR\",\"@id\":\"https:\\\/\\\/www.webdo.tn\\\/fr\\\/#\\\/schema\\\/logo\\\/image\\\/\",\"url\":\"https:\\\/\\\/www.webdo.tn\\\/fr\\\/wp-content\\\/uploads\\\/2025\\\/06\\\/Webdo-Tunisie_168377.jpg\",\"contentUrl\":\"https:\\\/\\\/www.webdo.tn\\\/fr\\\/wp-content\\\/uploads\\\/2025\\\/06\\\/Webdo-Tunisie_168377.jpg\",\"width\":301,\"height\":301,\"caption\":\"Webdo\"},\"image\":{\"@id\":\"https:\\\/\\\/www.webdo.tn\\\/fr\\\/#\\\/schema\\\/logo\\\/image\\\/\"},\"sameAs\":[\"https:\\\/\\\/www.facebook.com\\\/webdotn\",\"https:\\\/\\\/x.com\\\/webdo_tn\"],\"description\":\"Webdo est un m\u00e9dia num\u00e9rique tunisien fond\u00e9 en 2010, sp\u00e9cialis\u00e9 dans l\u2019actualit\u00e9 nationale et internationale, l\u2019\u00e9conomie, la soci\u00e9t\u00e9 et les analyses politiques. Le site s\u2019adresse \u00e0 un large public francophone et couvre l\u2019information tunisienne en temps r\u00e9el.\",\"email\":\"redac@webdo.tn\",\"legalName\":\"YNJ SARL\",\"foundingDate\":\"2010-09-06\",\"numberOfEmployees\":{\"@type\":\"QuantitativeValue\",\"minValue\":\"11\",\"maxValue\":\"50\"}},{\"@type\":\"Person\",\"@id\":\"https:\\\/\\\/www.webdo.tn\\\/fr\\\/#\\\/schema\\\/person\\\/2c4929cbf5a809e3bd38617c6ce150f6\",\"name\":\"MC\",\"image\":{\"@type\":\"ImageObject\",\"inLanguage\":\"fr-FR\",\"@id\":\"https:\\\/\\\/secure.gravatar.com\\\/avatar\\\/a545bbb6f84efdd5553dbbc2895e3ca8f1d12c5215e00a041c9670b54aa9b18a?s=96&d=mm&r=g\",\"url\":\"https:\\\/\\\/secure.gravatar.com\\\/avatar\\\/a545bbb6f84efdd5553dbbc2895e3ca8f1d12c5215e00a041c9670b54aa9b18a?s=96&d=mm&r=g\",\"contentUrl\":\"https:\\\/\\\/secure.gravatar.com\\\/avatar\\\/a545bbb6f84efdd5553dbbc2895e3ca8f1d12c5215e00a041c9670b54aa9b18a?s=96&d=mm&r=g\",\"caption\":\"MC\"},\"url\":\"https:\\\/\\\/www.webdo.tn\\\/fr\\\/actualite\\\/author\\\/mc\\\/\"}]}<\/script>\n<!-- \/ Yoast SEO Premium plugin. -->","yoast_head_json":{"title":"WTA Adela\u00efde : Ons Jabeur affrontera la 11e mondiale","description":"Ons Jabeur, 40e au classement WTA affrontera l'Am\u00e9ricaine Danielle Rose Collins (11e), pour le compte du premier tour du tournoi d'Adela\u00efde en Australie.","canonical":"https:\/\/www.webdo.tn\/fr\/actualite\/sport\/wta-adelaide-ons-jabeur-affrontera-la-11e-mondiale\/218866\/","og_locale":"fr_FR","og_type":"article","og_title":"WTA Adela\u00efde : Ons Jabeur affrontera la 11e mondiale","og_description":"Ons Jabeur, 40e au classement WTA affrontera l'Am\u00e9ricaine Danielle Rose Collins (11e), pour le compte du premier tour du tournoi d'Adela\u00efde en Australie.","og_url":"https:\/\/www.webdo.tn\/fr\/actualite\/sport\/wta-adelaide-ons-jabeur-affrontera-la-11e-mondiale\/218866\/","og_site_name":"webdo","article_publisher":"https:\/\/www.facebook.com\/webdotn","article_published_time":"2025-01-06T14:43:00+00:00","article_modified_time":"2025-05-20T22:15:50+00:00","og_image":[{"width":750,"height":400,"url":"https:\/\/www.webdo.tn\/fr\/wp-content\/uploads\/2025\/01\/6c0053f7b9f8a8480b8ad21ef5023e48.webp","type":"image\/webp"}],"author":"MC","twitter_card":"summary_large_image","twitter_creator":"@webdo_tn","twitter_site":"@webdo_tn","twitter_misc":{"\u00c9crit par":"MC","Dur\u00e9e de lecture estim\u00e9e":"1 minute"},"schema":{"@context":"https:\/\/schema.org","@graph":[{"@type":"NewsArticle","@id":"https:\/\/www.webdo.tn\/fr\/actualite\/sport\/wta-adelaide-ons-jabeur-affrontera-la-11e-mondiale\/218866\/#article","isPartOf":{"@id":"https:\/\/www.webdo.tn\/fr\/actualite\/sport\/wta-adelaide-ons-jabeur-affrontera-la-11e-mondiale\/218866\/"},"author":{"name":"MC","@id":"https:\/\/www.webdo.tn\/fr\/#\/schema\/person\/2c4929cbf5a809e3bd38617c6ce150f6"},"headline":"WTA Adela\u00efde : Ons Jabeur affrontera la 11e mondiale","datePublished":"2025-01-06T14:43:00+00:00","dateModified":"2025-05-20T22:15:50+00:00","mainEntityOfPage":{"@id":"https:\/\/www.webdo.tn\/fr\/actualite\/sport\/wta-adelaide-ons-jabeur-affrontera-la-11e-mondiale\/218866\/"},"wordCount":176,"commentCount":0,"publisher":{"@id":"https:\/\/www.webdo.tn\/fr\/#organization"},"image":{"@id":"https:\/\/www.webdo.tn\/fr\/actualite\/sport\/wta-adelaide-ons-jabeur-affrontera-la-11e-mondiale\/218866\/#primaryimage"},"thumbnailUrl":"https:\/\/www.webdo.tn\/fr\/wp-content\/uploads\/2025\/01\/6c0053f7b9f8a8480b8ad21ef5023e48.webp","keywords":["'Danielle Rose Collins']","adelaide","Ons Jabeur","tennis","WTA"],"articleSection":["Sport"],"inLanguage":"fr-FR"},{"@type":"WebPage","@id":"https:\/\/www.webdo.tn\/fr\/actualite\/sport\/wta-adelaide-ons-jabeur-affrontera-la-11e-mondiale\/218866\/","url":"https:\/\/www.webdo.tn\/fr\/actualite\/sport\/wta-adelaide-ons-jabeur-affrontera-la-11e-mondiale\/218866\/","name":"WTA Adela\u00efde : Ons Jabeur affrontera la 11e mondiale","isPartOf":{"@id":"https:\/\/www.webdo.tn\/fr\/#website"},"primaryImageOfPage":{"@id":"https:\/\/www.webdo.tn\/fr\/actualite\/sport\/wta-adelaide-ons-jabeur-affrontera-la-11e-mondiale\/218866\/#primaryimage"},"image":{"@id":"https:\/\/www.webdo.tn\/fr\/actualite\/sport\/wta-adelaide-ons-jabeur-affrontera-la-11e-mondiale\/218866\/#primaryimage"},"thumbnailUrl":"https:\/\/www.webdo.tn\/fr\/wp-content\/uploads\/2025\/01\/6c0053f7b9f8a8480b8ad21ef5023e48.webp","datePublished":"2025-01-06T14:43:00+00:00","dateModified":"2025-05-20T22:15:50+00:00","description":"Ons Jabeur, 40e au classement WTA affrontera l'Am\u00e9ricaine Danielle Rose Collins (11e), pour le compte du premier tour du tournoi d'Adela\u00efde en Australie.","breadcrumb":{"@id":"https:\/\/www.webdo.tn\/fr\/actualite\/sport\/wta-adelaide-ons-jabeur-affrontera-la-11e-mondiale\/218866\/#breadcrumb"},"inLanguage":"fr-FR","potentialAction":[{"@type":"ReadAction","target":["https:\/\/www.webdo.tn\/fr\/actualite\/sport\/wta-adelaide-ons-jabeur-affrontera-la-11e-mondiale\/218866\/"]}]},{"@type":"ImageObject","inLanguage":"fr-FR","@id":"https:\/\/www.webdo.tn\/fr\/actualite\/sport\/wta-adelaide-ons-jabeur-affrontera-la-11e-mondiale\/218866\/#primaryimage","url":"https:\/\/www.webdo.tn\/fr\/wp-content\/uploads\/2025\/01\/6c0053f7b9f8a8480b8ad21ef5023e48.webp","contentUrl":"https:\/\/www.webdo.tn\/fr\/wp-content\/uploads\/2025\/01\/6c0053f7b9f8a8480b8ad21ef5023e48.webp","width":750,"height":400,"caption":"WTA Adela\u00efde : Ons Jabeur affrontera la 11e mondiale"},{"@type":"BreadcrumbList","@id":"https:\/\/www.webdo.tn\/fr\/actualite\/sport\/wta-adelaide-ons-jabeur-affrontera-la-11e-mondiale\/218866\/#breadcrumb","itemListElement":[{"@type":"ListItem","position":1,"name":"Accueil","item":"https:\/\/www.webdo.tn\/fr\/"},{"@type":"ListItem","position":2,"name":"WTA Adela\u00efde : Ons Jabeur affrontera la 11e mondiale"}]},{"@type":"WebSite","@id":"https:\/\/www.webdo.tn\/fr\/#website","url":"https:\/\/www.webdo.tn\/fr\/","name":"webdo","description":"Tunisie - News en Tunisie et \u00e0 l&#039;international sur Webdo.tn","publisher":{"@id":"https:\/\/www.webdo.tn\/fr\/#organization"},"potentialAction":[{"@type":"SearchAction","target":{"@type":"EntryPoint","urlTemplate":"https:\/\/www.webdo.tn\/fr\/?s={search_term_string}"},"query-input":{"@type":"PropertyValueSpecification","valueRequired":true,"valueName":"search_term_string"}}],"inLanguage":"fr-FR"},{"@type":"Organization","@id":"https:\/\/www.webdo.tn\/fr\/#organization","name":"Webdo","alternateName":"Webdo.tn","url":"https:\/\/www.webdo.tn\/fr\/","logo":{"@type":"ImageObject","inLanguage":"fr-FR","@id":"https:\/\/www.webdo.tn\/fr\/#\/schema\/logo\/image\/","url":"https:\/\/www.webdo.tn\/fr\/wp-content\/uploads\/2025\/06\/Webdo-Tunisie_168377.jpg","contentUrl":"https:\/\/www.webdo.tn\/fr\/wp-content\/uploads\/2025\/06\/Webdo-Tunisie_168377.jpg","width":301,"height":301,"caption":"Webdo"},"image":{"@id":"https:\/\/www.webdo.tn\/fr\/#\/schema\/logo\/image\/"},"sameAs":["https:\/\/www.facebook.com\/webdotn","https:\/\/x.com\/webdo_tn"],"description":"Webdo est un m\u00e9dia num\u00e9rique tunisien fond\u00e9 en 2010, sp\u00e9cialis\u00e9 dans l\u2019actualit\u00e9 nationale et internationale, l\u2019\u00e9conomie, la soci\u00e9t\u00e9 et les analyses politiques. Le site s\u2019adresse \u00e0 un large public francophone et couvre l\u2019information tunisienne en temps r\u00e9el.","email":"redac@webdo.tn","legalName":"YNJ SARL","foundingDate":"2010-09-06","numberOfEmployees":{"@type":"QuantitativeValue","minValue":"11","maxValue":"50"}},{"@type":"Person","@id":"https:\/\/www.webdo.tn\/fr\/#\/schema\/person\/2c4929cbf5a809e3bd38617c6ce150f6","name":"MC","image":{"@type":"ImageObject","inLanguage":"fr-FR","@id":"https:\/\/secure.gravatar.com\/avatar\/a545bbb6f84efdd5553dbbc2895e3ca8f1d12c5215e00a041c9670b54aa9b18a?s=96&d=mm&r=g","url":"https:\/\/secure.gravatar.com\/avatar\/a545bbb6f84efdd5553dbbc2895e3ca8f1d12c5215e00a041c9670b54aa9b18a?s=96&d=mm&r=g","contentUrl":"https:\/\/secure.gravatar.com\/avatar\/a545bbb6f84efdd5553dbbc2895e3ca8f1d12c5215e00a041c9670b54aa9b18a?s=96&d=mm&r=g","caption":"MC"},"url":"https:\/\/www.webdo.tn\/fr\/actualite\/author\/mc\/"}]}},"_links":{"self":[{"href":"https:\/\/www.webdo.tn\/fr\/wp-json\/wp\/v2\/posts\/218866","targetHints":{"allow":["GET"]}}],"collection":[{"href":"https:\/\/www.webdo.tn\/fr\/wp-json\/wp\/v2\/posts"}],"about":[{"href":"https:\/\/www.webdo.tn\/fr\/wp-json\/wp\/v2\/types\/post"}],"author":[{"embeddable":true,"href":"https:\/\/www.webdo.tn\/fr\/wp-json\/wp\/v2\/users\/3162"}],"replies":[{"embeddable":true,"href":"https:\/\/www.webdo.tn\/fr\/wp-json\/wp\/v2\/comments?post=218866"}],"version-history":[{"count":0,"href":"https:\/\/www.webdo.tn\/fr\/wp-json\/wp\/v2\/posts\/218866\/revisions"}],"wp:featuredmedia":[{"embeddable":true,"href":"https:\/\/www.webdo.tn\/fr\/wp-json\/wp\/v2\/media\/291647"}],"wp:attachment":[{"href":"https:\/\/www.webdo.tn\/fr\/wp-json\/wp\/v2\/media?parent=218866"}],"wp:term":[{"taxonomy":"category","embeddable":true,"href":"https:\/\/www.webdo.tn\/fr\/wp-json\/wp\/v2\/categories?post=218866"},{"taxonomy":"post_tag","embeddable":true,"href":"https:\/\/www.webdo.tn\/fr\/wp-json\/wp\/v2\/tags?post=218866"}],"curies":[{"name":"wp","href":"https:\/\/api.w.org\/{rel}","templated":true}]}}