{"id":218843,"date":"2025-01-05T12:59:00","date_gmt":"2025-01-05T12:59:00","guid":{"rendered":"https:\/\/www.webdo.tn\/fr\/blog\/2025\/01\/05\/tunisie-elections-de-la-ftf-trois-listes-deposees\/"},"modified":"2025-05-20T22:20:44","modified_gmt":"2025-05-20T22:20:44","slug":"tunisie-elections-de-la-ftf-trois-listes-deposees","status":"publish","type":"post","link":"https:\/\/www.webdo.tn\/fr\/actualite\/sport\/tunisie-elections-de-la-ftf-trois-listes-deposees\/218843\/","title":{"rendered":"Tunisie &#8211; \u00c9lections de la FTF : Trois listes d\u00e9pos\u00e9es"},"content":{"rendered":"<p>Ce dimanche 5 janvier 2025, \u00e0 midi, s&rsquo;est cl\u00f4tur\u00e9e la p\u00e9riode de d\u00e9p\u00f4t des candidatures pour les \u00e9lections de la F\u00e9d\u00e9ration Tunisienne de Football (FTF), pr\u00e9vues le 25 janvier courant pour le mandat 2025-2027.<\/p>\n<p>\t\t\t\t\t\t\t\t\tTrois listes de candidats ont \u00e9t\u00e9 d\u00e9pos\u00e9es, respectivement dirig\u00e9es par Moez Naseri, Mahmoud Hammami et Jalel Tekia.\u00a0<\/p>\n<p>\u2022\u00a0\u00a0 \u00a0Liste de Moez Nasri\u00a0<br \/>\nComprend Hussein Jenayah (vice-pr\u00e9sident) et les membres Rim Bejaoui, Marwa Sehili, Belhassen Ben Samra, Manoubi Troudi, Wissam Ballatif, Moez Na\u00efli, Moez Mestiri, Zied Masoudi et Naji Chahed. Les membres suppl\u00e9ants sont Ta\u00efeb Chelouf, Fakhreddine Ben Zayed et Monia Bedoui.<br \/>\n\u2022\u00a0\u00a0 \u00a0Liste de Mahmoud Hammami<br \/>\nComprend Karim Haggui (vice-pr\u00e9sident) et les membres Khaled Badra, Issam Hamzaoui, Najwa Bejaoui, Cherihan Arbi, Abdelaziz Ala\u00efeb, Mohamed Salah Ferad, Noufal Abichou, Haithem Ghlabi, Anis Bajji et Mohamed Bousma. Les suppl\u00e9ants incluent Zied Barbouche, Rim Darwich Chaouachi et Riad Meqdad.<br \/>\n\u2022\u00a0\u00a0 \u00a0Liste de Jalel Ben Tekia<br \/>\nComprend Zied Hamdi (vice-pr\u00e9sident) et les membres Mohamed Sofiane Ben Salem, Belal Hammi, Nehad Ben Hamida, Akil Ben Hossein, Nourddine Werhani, Hamed Maghrebi, Ahmed Chaabani, Chafik Jarraya, Hanan Slimi et Fatma Chaari Ferati. Les membres suppl\u00e9ants sont Mohamed Bel Ta\u00efeb, Wahib Mahnaoui et Afaf Rawahi.<\/p>\n","protected":false},"excerpt":{"rendered":"<p>Trois listes de candidats ont \u00e9t\u00e9 d\u00e9pos\u00e9es, respectivement dirig\u00e9es par Moez Naceri, Mahmoud Hammami et Jalel Taqiya.<\/p>\n","protected":false},"author":3163,"featured_media":243038,"comment_status":"open","ping_status":"open","sticky":false,"template":"","format":"standard","meta":{"footnotes":""},"categories":[2593],"tags":[3923,3728,2608],"class_list":["post-218843","post","type-post","status-publish","format-standard","has-post-thumbnail","hentry","category-sport","tag-elections","tag-ftf","tag-tunisie"],"yoast_head":"<!-- This site is optimized with the Yoast SEO Premium plugin v27.5 (Yoast SEO v27.5) - https:\/\/yoast.com\/product\/yoast-seo-premium-wordpress\/ -->\n<title>Tunisie - \u00c9lections de la FTF : Trois listes d\u00e9pos\u00e9es<\/title>\n<meta name=\"description\" content=\"Trois listes de candidats ont \u00e9t\u00e9 d\u00e9pos\u00e9es, respectivement dirig\u00e9es par Moez Naceri, Mahmoud Hammami et Jalel Taqiya.\" \/>\n<link rel=\"canonical\" href=\"https:\/\/www.webdo.tn\/fr\/actualite\/sport\/tunisie-elections-de-la-ftf-trois-listes-deposees\/218843\/\" \/>\n<meta property=\"og:locale\" content=\"fr_FR\" \/>\n<meta property=\"og:type\" content=\"article\" \/>\n<meta property=\"og:title\" content=\"Tunisie - \u00c9lections de la FTF : Trois listes d\u00e9pos\u00e9es\" \/>\n<meta property=\"og:description\" content=\"Trois listes de candidats ont \u00e9t\u00e9 d\u00e9pos\u00e9es, respectivement dirig\u00e9es par Moez Naceri, Mahmoud Hammami et Jalel Taqiya.\" \/>\n<meta property=\"og:url\" content=\"https:\/\/www.webdo.tn\/fr\/actualite\/sport\/tunisie-elections-de-la-ftf-trois-listes-deposees\/218843\/\" \/>\n<meta property=\"og:site_name\" content=\"webdo\" \/>\n<meta property=\"article:publisher\" content=\"https:\/\/www.facebook.com\/webdotn\" \/>\n<meta property=\"article:published_time\" content=\"2025-01-05T12:59:00+00:00\" \/>\n<meta property=\"article:modified_time\" content=\"2025-05-20T22:20:44+00:00\" \/>\n<meta property=\"og:image\" content=\"https:\/\/www.webdo.tn\/fr\/wp-content\/uploads\/2025\/05\/667a8b7a27e70fbe00274ede3ea49ebd-2.webp\" \/>\n\t<meta property=\"og:image:width\" content=\"750\" \/>\n\t<meta property=\"og:image:height\" content=\"400\" \/>\n\t<meta property=\"og:image:type\" content=\"image\/webp\" \/>\n<meta name=\"author\" content=\"KJ\" \/>\n<meta name=\"twitter:card\" content=\"summary_large_image\" \/>\n<meta name=\"twitter:creator\" content=\"@webdo_tn\" \/>\n<meta name=\"twitter:site\" content=\"@webdo_tn\" \/>\n<meta name=\"twitter:label1\" content=\"\u00c9crit par\" \/>\n\t<meta name=\"twitter:data1\" content=\"KJ\" \/>\n\t<meta name=\"twitter:label2\" content=\"Dur\u00e9e de lecture estim\u00e9e\" \/>\n\t<meta name=\"twitter:data2\" content=\"1 minute\" \/>\n<script type=\"application\/ld+json\" class=\"yoast-schema-graph\">{\"@context\":\"https:\\\/\\\/schema.org\",\"@graph\":[{\"@type\":\"NewsArticle\",\"@id\":\"https:\\\/\\\/www.webdo.tn\\\/fr\\\/actualite\\\/sport\\\/tunisie-elections-de-la-ftf-trois-listes-deposees\\\/218843\\\/#article\",\"isPartOf\":{\"@id\":\"https:\\\/\\\/www.webdo.tn\\\/fr\\\/actualite\\\/sport\\\/tunisie-elections-de-la-ftf-trois-listes-deposees\\\/218843\\\/\"},\"author\":{\"name\":\"KJ\",\"@id\":\"https:\\\/\\\/www.webdo.tn\\\/fr\\\/#\\\/schema\\\/person\\\/82ca085b22037d285e1a3c4b65ba5f71\"},\"headline\":\"Tunisie &#8211; \u00c9lections de la FTF : Trois listes d\u00e9pos\u00e9es\",\"datePublished\":\"2025-01-05T12:59:00+00:00\",\"dateModified\":\"2025-05-20T22:20:44+00:00\",\"mainEntityOfPage\":{\"@id\":\"https:\\\/\\\/www.webdo.tn\\\/fr\\\/actualite\\\/sport\\\/tunisie-elections-de-la-ftf-trois-listes-deposees\\\/218843\\\/\"},\"wordCount\":217,\"commentCount\":0,\"publisher\":{\"@id\":\"https:\\\/\\\/www.webdo.tn\\\/fr\\\/#organization\"},\"image\":{\"@id\":\"https:\\\/\\\/www.webdo.tn\\\/fr\\\/actualite\\\/sport\\\/tunisie-elections-de-la-ftf-trois-listes-deposees\\\/218843\\\/#primaryimage\"},\"thumbnailUrl\":\"https:\\\/\\\/www.webdo.tn\\\/fr\\\/wp-content\\\/uploads\\\/2025\\\/05\\\/667a8b7a27e70fbe00274ede3ea49ebd-2.webp\",\"keywords\":[\"\u00e9lections\",\"FTF\",\"Tunisie\"],\"articleSection\":[\"Sport\"],\"inLanguage\":\"fr-FR\"},{\"@type\":\"WebPage\",\"@id\":\"https:\\\/\\\/www.webdo.tn\\\/fr\\\/actualite\\\/sport\\\/tunisie-elections-de-la-ftf-trois-listes-deposees\\\/218843\\\/\",\"url\":\"https:\\\/\\\/www.webdo.tn\\\/fr\\\/actualite\\\/sport\\\/tunisie-elections-de-la-ftf-trois-listes-deposees\\\/218843\\\/\",\"name\":\"Tunisie - \u00c9lections de la FTF : Trois listes d\u00e9pos\u00e9es\",\"isPartOf\":{\"@id\":\"https:\\\/\\\/www.webdo.tn\\\/fr\\\/#website\"},\"primaryImageOfPage\":{\"@id\":\"https:\\\/\\\/www.webdo.tn\\\/fr\\\/actualite\\\/sport\\\/tunisie-elections-de-la-ftf-trois-listes-deposees\\\/218843\\\/#primaryimage\"},\"image\":{\"@id\":\"https:\\\/\\\/www.webdo.tn\\\/fr\\\/actualite\\\/sport\\\/tunisie-elections-de-la-ftf-trois-listes-deposees\\\/218843\\\/#primaryimage\"},\"thumbnailUrl\":\"https:\\\/\\\/www.webdo.tn\\\/fr\\\/wp-content\\\/uploads\\\/2025\\\/05\\\/667a8b7a27e70fbe00274ede3ea49ebd-2.webp\",\"datePublished\":\"2025-01-05T12:59:00+00:00\",\"dateModified\":\"2025-05-20T22:20:44+00:00\",\"description\":\"Trois listes de candidats ont \u00e9t\u00e9 d\u00e9pos\u00e9es, respectivement dirig\u00e9es par Moez Naceri, Mahmoud Hammami et Jalel Taqiya.\",\"breadcrumb\":{\"@id\":\"https:\\\/\\\/www.webdo.tn\\\/fr\\\/actualite\\\/sport\\\/tunisie-elections-de-la-ftf-trois-listes-deposees\\\/218843\\\/#breadcrumb\"},\"inLanguage\":\"fr-FR\",\"potentialAction\":[{\"@type\":\"ReadAction\",\"target\":[\"https:\\\/\\\/www.webdo.tn\\\/fr\\\/actualite\\\/sport\\\/tunisie-elections-de-la-ftf-trois-listes-deposees\\\/218843\\\/\"]}]},{\"@type\":\"ImageObject\",\"inLanguage\":\"fr-FR\",\"@id\":\"https:\\\/\\\/www.webdo.tn\\\/fr\\\/actualite\\\/sport\\\/tunisie-elections-de-la-ftf-trois-listes-deposees\\\/218843\\\/#primaryimage\",\"url\":\"https:\\\/\\\/www.webdo.tn\\\/fr\\\/wp-content\\\/uploads\\\/2025\\\/05\\\/667a8b7a27e70fbe00274ede3ea49ebd-2.webp\",\"contentUrl\":\"https:\\\/\\\/www.webdo.tn\\\/fr\\\/wp-content\\\/uploads\\\/2025\\\/05\\\/667a8b7a27e70fbe00274ede3ea49ebd-2.webp\",\"width\":750,\"height\":400},{\"@type\":\"BreadcrumbList\",\"@id\":\"https:\\\/\\\/www.webdo.tn\\\/fr\\\/actualite\\\/sport\\\/tunisie-elections-de-la-ftf-trois-listes-deposees\\\/218843\\\/#breadcrumb\",\"itemListElement\":[{\"@type\":\"ListItem\",\"position\":1,\"name\":\"Accueil\",\"item\":\"https:\\\/\\\/www.webdo.tn\\\/fr\\\/\"},{\"@type\":\"ListItem\",\"position\":2,\"name\":\"Tunisie &#8211; \u00c9lections de la FTF : Trois listes d\u00e9pos\u00e9es\"}]},{\"@type\":\"WebSite\",\"@id\":\"https:\\\/\\\/www.webdo.tn\\\/fr\\\/#website\",\"url\":\"https:\\\/\\\/www.webdo.tn\\\/fr\\\/\",\"name\":\"webdo\",\"description\":\"Tunisie - News en Tunisie et \u00e0 l&#039;international sur Webdo.tn\",\"publisher\":{\"@id\":\"https:\\\/\\\/www.webdo.tn\\\/fr\\\/#organization\"},\"potentialAction\":[{\"@type\":\"SearchAction\",\"target\":{\"@type\":\"EntryPoint\",\"urlTemplate\":\"https:\\\/\\\/www.webdo.tn\\\/fr\\\/?s={search_term_string}\"},\"query-input\":{\"@type\":\"PropertyValueSpecification\",\"valueRequired\":true,\"valueName\":\"search_term_string\"}}],\"inLanguage\":\"fr-FR\"},{\"@type\":\"Organization\",\"@id\":\"https:\\\/\\\/www.webdo.tn\\\/fr\\\/#organization\",\"name\":\"Webdo\",\"alternateName\":\"Webdo.tn\",\"url\":\"https:\\\/\\\/www.webdo.tn\\\/fr\\\/\",\"logo\":{\"@type\":\"ImageObject\",\"inLanguage\":\"fr-FR\",\"@id\":\"https:\\\/\\\/www.webdo.tn\\\/fr\\\/#\\\/schema\\\/logo\\\/image\\\/\",\"url\":\"https:\\\/\\\/www.webdo.tn\\\/fr\\\/wp-content\\\/uploads\\\/2025\\\/06\\\/Webdo-Tunisie_168377.jpg\",\"contentUrl\":\"https:\\\/\\\/www.webdo.tn\\\/fr\\\/wp-content\\\/uploads\\\/2025\\\/06\\\/Webdo-Tunisie_168377.jpg\",\"width\":301,\"height\":301,\"caption\":\"Webdo\"},\"image\":{\"@id\":\"https:\\\/\\\/www.webdo.tn\\\/fr\\\/#\\\/schema\\\/logo\\\/image\\\/\"},\"sameAs\":[\"https:\\\/\\\/www.facebook.com\\\/webdotn\",\"https:\\\/\\\/x.com\\\/webdo_tn\"],\"description\":\"Webdo est un m\u00e9dia num\u00e9rique tunisien fond\u00e9 en 2010, sp\u00e9cialis\u00e9 dans l\u2019actualit\u00e9 nationale et internationale, l\u2019\u00e9conomie, la soci\u00e9t\u00e9 et les analyses politiques. Le site s\u2019adresse \u00e0 un large public francophone et couvre l\u2019information tunisienne en temps r\u00e9el.\",\"email\":\"redac@webdo.tn\",\"legalName\":\"YNJ SARL\",\"foundingDate\":\"2010-09-06\",\"numberOfEmployees\":{\"@type\":\"QuantitativeValue\",\"minValue\":\"11\",\"maxValue\":\"50\"}},{\"@type\":\"Person\",\"@id\":\"https:\\\/\\\/www.webdo.tn\\\/fr\\\/#\\\/schema\\\/person\\\/82ca085b22037d285e1a3c4b65ba5f71\",\"name\":\"KJ\",\"image\":{\"@type\":\"ImageObject\",\"inLanguage\":\"fr-FR\",\"@id\":\"https:\\\/\\\/secure.gravatar.com\\\/avatar\\\/1a1320de1c1971c893f00068f760b4113d69504aa21273da17ee95650c5944fd?s=96&d=mm&r=g\",\"url\":\"https:\\\/\\\/secure.gravatar.com\\\/avatar\\\/1a1320de1c1971c893f00068f760b4113d69504aa21273da17ee95650c5944fd?s=96&d=mm&r=g\",\"contentUrl\":\"https:\\\/\\\/secure.gravatar.com\\\/avatar\\\/1a1320de1c1971c893f00068f760b4113d69504aa21273da17ee95650c5944fd?s=96&d=mm&r=g\",\"caption\":\"KJ\"},\"url\":\"https:\\\/\\\/www.webdo.tn\\\/fr\\\/actualite\\\/author\\\/kj\\\/\"}]}<\/script>\n<!-- \/ Yoast SEO Premium plugin. -->","yoast_head_json":{"title":"Tunisie - \u00c9lections de la FTF : Trois listes d\u00e9pos\u00e9es","description":"Trois listes de candidats ont \u00e9t\u00e9 d\u00e9pos\u00e9es, respectivement dirig\u00e9es par Moez Naceri, Mahmoud Hammami et Jalel Taqiya.","canonical":"https:\/\/www.webdo.tn\/fr\/actualite\/sport\/tunisie-elections-de-la-ftf-trois-listes-deposees\/218843\/","og_locale":"fr_FR","og_type":"article","og_title":"Tunisie - \u00c9lections de la FTF : Trois listes d\u00e9pos\u00e9es","og_description":"Trois listes de candidats ont \u00e9t\u00e9 d\u00e9pos\u00e9es, respectivement dirig\u00e9es par Moez Naceri, Mahmoud Hammami et Jalel Taqiya.","og_url":"https:\/\/www.webdo.tn\/fr\/actualite\/sport\/tunisie-elections-de-la-ftf-trois-listes-deposees\/218843\/","og_site_name":"webdo","article_publisher":"https:\/\/www.facebook.com\/webdotn","article_published_time":"2025-01-05T12:59:00+00:00","article_modified_time":"2025-05-20T22:20:44+00:00","og_image":[{"width":750,"height":400,"url":"https:\/\/www.webdo.tn\/fr\/wp-content\/uploads\/2025\/05\/667a8b7a27e70fbe00274ede3ea49ebd-2.webp","type":"image\/webp"}],"author":"KJ","twitter_card":"summary_large_image","twitter_creator":"@webdo_tn","twitter_site":"@webdo_tn","twitter_misc":{"\u00c9crit par":"KJ","Dur\u00e9e de lecture estim\u00e9e":"1 minute"},"schema":{"@context":"https:\/\/schema.org","@graph":[{"@type":"NewsArticle","@id":"https:\/\/www.webdo.tn\/fr\/actualite\/sport\/tunisie-elections-de-la-ftf-trois-listes-deposees\/218843\/#article","isPartOf":{"@id":"https:\/\/www.webdo.tn\/fr\/actualite\/sport\/tunisie-elections-de-la-ftf-trois-listes-deposees\/218843\/"},"author":{"name":"KJ","@id":"https:\/\/www.webdo.tn\/fr\/#\/schema\/person\/82ca085b22037d285e1a3c4b65ba5f71"},"headline":"Tunisie &#8211; \u00c9lections de la FTF : Trois listes d\u00e9pos\u00e9es","datePublished":"2025-01-05T12:59:00+00:00","dateModified":"2025-05-20T22:20:44+00:00","mainEntityOfPage":{"@id":"https:\/\/www.webdo.tn\/fr\/actualite\/sport\/tunisie-elections-de-la-ftf-trois-listes-deposees\/218843\/"},"wordCount":217,"commentCount":0,"publisher":{"@id":"https:\/\/www.webdo.tn\/fr\/#organization"},"image":{"@id":"https:\/\/www.webdo.tn\/fr\/actualite\/sport\/tunisie-elections-de-la-ftf-trois-listes-deposees\/218843\/#primaryimage"},"thumbnailUrl":"https:\/\/www.webdo.tn\/fr\/wp-content\/uploads\/2025\/05\/667a8b7a27e70fbe00274ede3ea49ebd-2.webp","keywords":["\u00e9lections","FTF","Tunisie"],"articleSection":["Sport"],"inLanguage":"fr-FR"},{"@type":"WebPage","@id":"https:\/\/www.webdo.tn\/fr\/actualite\/sport\/tunisie-elections-de-la-ftf-trois-listes-deposees\/218843\/","url":"https:\/\/www.webdo.tn\/fr\/actualite\/sport\/tunisie-elections-de-la-ftf-trois-listes-deposees\/218843\/","name":"Tunisie - \u00c9lections de la FTF : Trois listes d\u00e9pos\u00e9es","isPartOf":{"@id":"https:\/\/www.webdo.tn\/fr\/#website"},"primaryImageOfPage":{"@id":"https:\/\/www.webdo.tn\/fr\/actualite\/sport\/tunisie-elections-de-la-ftf-trois-listes-deposees\/218843\/#primaryimage"},"image":{"@id":"https:\/\/www.webdo.tn\/fr\/actualite\/sport\/tunisie-elections-de-la-ftf-trois-listes-deposees\/218843\/#primaryimage"},"thumbnailUrl":"https:\/\/www.webdo.tn\/fr\/wp-content\/uploads\/2025\/05\/667a8b7a27e70fbe00274ede3ea49ebd-2.webp","datePublished":"2025-01-05T12:59:00+00:00","dateModified":"2025-05-20T22:20:44+00:00","description":"Trois listes de candidats ont \u00e9t\u00e9 d\u00e9pos\u00e9es, respectivement dirig\u00e9es par Moez Naceri, Mahmoud Hammami et Jalel Taqiya.","breadcrumb":{"@id":"https:\/\/www.webdo.tn\/fr\/actualite\/sport\/tunisie-elections-de-la-ftf-trois-listes-deposees\/218843\/#breadcrumb"},"inLanguage":"fr-FR","potentialAction":[{"@type":"ReadAction","target":["https:\/\/www.webdo.tn\/fr\/actualite\/sport\/tunisie-elections-de-la-ftf-trois-listes-deposees\/218843\/"]}]},{"@type":"ImageObject","inLanguage":"fr-FR","@id":"https:\/\/www.webdo.tn\/fr\/actualite\/sport\/tunisie-elections-de-la-ftf-trois-listes-deposees\/218843\/#primaryimage","url":"https:\/\/www.webdo.tn\/fr\/wp-content\/uploads\/2025\/05\/667a8b7a27e70fbe00274ede3ea49ebd-2.webp","contentUrl":"https:\/\/www.webdo.tn\/fr\/wp-content\/uploads\/2025\/05\/667a8b7a27e70fbe00274ede3ea49ebd-2.webp","width":750,"height":400},{"@type":"BreadcrumbList","@id":"https:\/\/www.webdo.tn\/fr\/actualite\/sport\/tunisie-elections-de-la-ftf-trois-listes-deposees\/218843\/#breadcrumb","itemListElement":[{"@type":"ListItem","position":1,"name":"Accueil","item":"https:\/\/www.webdo.tn\/fr\/"},{"@type":"ListItem","position":2,"name":"Tunisie &#8211; \u00c9lections de la FTF : Trois listes d\u00e9pos\u00e9es"}]},{"@type":"WebSite","@id":"https:\/\/www.webdo.tn\/fr\/#website","url":"https:\/\/www.webdo.tn\/fr\/","name":"webdo","description":"Tunisie - News en Tunisie et \u00e0 l&#039;international sur Webdo.tn","publisher":{"@id":"https:\/\/www.webdo.tn\/fr\/#organization"},"potentialAction":[{"@type":"SearchAction","target":{"@type":"EntryPoint","urlTemplate":"https:\/\/www.webdo.tn\/fr\/?s={search_term_string}"},"query-input":{"@type":"PropertyValueSpecification","valueRequired":true,"valueName":"search_term_string"}}],"inLanguage":"fr-FR"},{"@type":"Organization","@id":"https:\/\/www.webdo.tn\/fr\/#organization","name":"Webdo","alternateName":"Webdo.tn","url":"https:\/\/www.webdo.tn\/fr\/","logo":{"@type":"ImageObject","inLanguage":"fr-FR","@id":"https:\/\/www.webdo.tn\/fr\/#\/schema\/logo\/image\/","url":"https:\/\/www.webdo.tn\/fr\/wp-content\/uploads\/2025\/06\/Webdo-Tunisie_168377.jpg","contentUrl":"https:\/\/www.webdo.tn\/fr\/wp-content\/uploads\/2025\/06\/Webdo-Tunisie_168377.jpg","width":301,"height":301,"caption":"Webdo"},"image":{"@id":"https:\/\/www.webdo.tn\/fr\/#\/schema\/logo\/image\/"},"sameAs":["https:\/\/www.facebook.com\/webdotn","https:\/\/x.com\/webdo_tn"],"description":"Webdo est un m\u00e9dia num\u00e9rique tunisien fond\u00e9 en 2010, sp\u00e9cialis\u00e9 dans l\u2019actualit\u00e9 nationale et internationale, l\u2019\u00e9conomie, la soci\u00e9t\u00e9 et les analyses politiques. Le site s\u2019adresse \u00e0 un large public francophone et couvre l\u2019information tunisienne en temps r\u00e9el.","email":"redac@webdo.tn","legalName":"YNJ SARL","foundingDate":"2010-09-06","numberOfEmployees":{"@type":"QuantitativeValue","minValue":"11","maxValue":"50"}},{"@type":"Person","@id":"https:\/\/www.webdo.tn\/fr\/#\/schema\/person\/82ca085b22037d285e1a3c4b65ba5f71","name":"KJ","image":{"@type":"ImageObject","inLanguage":"fr-FR","@id":"https:\/\/secure.gravatar.com\/avatar\/1a1320de1c1971c893f00068f760b4113d69504aa21273da17ee95650c5944fd?s=96&d=mm&r=g","url":"https:\/\/secure.gravatar.com\/avatar\/1a1320de1c1971c893f00068f760b4113d69504aa21273da17ee95650c5944fd?s=96&d=mm&r=g","contentUrl":"https:\/\/secure.gravatar.com\/avatar\/1a1320de1c1971c893f00068f760b4113d69504aa21273da17ee95650c5944fd?s=96&d=mm&r=g","caption":"KJ"},"url":"https:\/\/www.webdo.tn\/fr\/actualite\/author\/kj\/"}]}},"_links":{"self":[{"href":"https:\/\/www.webdo.tn\/fr\/wp-json\/wp\/v2\/posts\/218843","targetHints":{"allow":["GET"]}}],"collection":[{"href":"https:\/\/www.webdo.tn\/fr\/wp-json\/wp\/v2\/posts"}],"about":[{"href":"https:\/\/www.webdo.tn\/fr\/wp-json\/wp\/v2\/types\/post"}],"author":[{"embeddable":true,"href":"https:\/\/www.webdo.tn\/fr\/wp-json\/wp\/v2\/users\/3163"}],"replies":[{"embeddable":true,"href":"https:\/\/www.webdo.tn\/fr\/wp-json\/wp\/v2\/comments?post=218843"}],"version-history":[{"count":0,"href":"https:\/\/www.webdo.tn\/fr\/wp-json\/wp\/v2\/posts\/218843\/revisions"}],"wp:featuredmedia":[{"embeddable":true,"href":"https:\/\/www.webdo.tn\/fr\/wp-json\/wp\/v2\/media\/243038"}],"wp:attachment":[{"href":"https:\/\/www.webdo.tn\/fr\/wp-json\/wp\/v2\/media?parent=218843"}],"wp:term":[{"taxonomy":"category","embeddable":true,"href":"https:\/\/www.webdo.tn\/fr\/wp-json\/wp\/v2\/categories?post=218843"},{"taxonomy":"post_tag","embeddable":true,"href":"https:\/\/www.webdo.tn\/fr\/wp-json\/wp\/v2\/tags?post=218843"}],"curies":[{"name":"wp","href":"https:\/\/api.w.org\/{rel}","templated":true}]}}