{"id":218839,"date":"2025-01-05T09:52:00","date_gmt":"2025-01-05T09:52:00","guid":{"rendered":"https:\/\/www.webdo.tn\/fr\/blog\/2025\/01\/05\/tunisie-hello-my-friend-expulse-d-australie\/"},"modified":"2025-05-20T22:20:45","modified_gmt":"2025-05-20T22:20:45","slug":"tunisie-hello-my-friend-expulse-d-australie","status":"publish","type":"post","link":"https:\/\/www.webdo.tn\/fr\/actualite\/national\/tunisie-hello-my-friend-expulse-d-australie\/218839\/","title":{"rendered":"Tunisie : \u2018Hello my friend\u2019 expuls\u00e9 d\u2019Australie"},"content":{"rendered":"<p>Le cr\u00e9ateur de contenu tunisien Mohamed Choukani a annonc\u00e9 via la fonctionnalit\u00e9 \u00ab\u00a0story\u00a0\u00bb sur sa page officielle Facebook qu\u2019il avait \u00e9t\u00e9 d\u00e9tenu et expuls\u00e9 d\u2019Australie<\/p>\n<p>\t\t\t\t\t\t\t\t\tIl a pr\u00e9cis\u00e9 avoir \u00e9t\u00e9 retenu pendant trois jours dans un h\u00f4tel sous surveillance renforc\u00e9e avant d\u2019\u00eatre expuls\u00e9 hors du pays, ajoutant plus tard qu\u2019il se trouvait actuellement \u00e0 Riyad, la capitale de l\u2019Arabie saoudite<\/p>\n<p>Mohamed Choukani a \u00e9crit qu\u2019il avait \u00e9t\u00e9 interrog\u00e9 pendant plus de huit heures \u00e0 l\u2019a\u00e9roport de Darwin en Australie, que son visa business avait \u00e9t\u00e9 annul\u00e9, qu\u2019il avait \u00e9t\u00e9 retenu dans une chambre d\u2019h\u00f4tel pendant trois jours sous surveillance renforc\u00e9e, avant d\u2019\u00eatre expuls\u00e9<\/p>\n<p>Le contenu pr\u00e9sent\u00e9 par Choukani de mani\u00e8re spontan\u00e9e a fait de lui une star des r\u00e9seaux sociaux o\u00f9 il publie des photos et vid\u00e9os naturelles de ses voyages \u00e0 travers le monde, et s\u2019est notamment fait conna\u00eetre pour\u00a0\u00ab\u00a0hello my friend\u00a0\u00bb<\/p>\n","protected":false},"excerpt":{"rendered":"<p>Il a pr\u00e9cis\u00e9 avoir \u00e9t\u00e9 retenu pendant trois jours dans un h\u00f4tel sous surveillance renforc\u00e9e avant d\u2019\u00eatre expuls\u00e9 hors du pays, ajoutant plus tard qu\u2019il se trouv&#8230;<\/p>\n","protected":false},"author":3163,"featured_media":243040,"comment_status":"open","ping_status":"open","sticky":false,"template":"","format":"standard","meta":{"footnotes":""},"categories":[44],"tags":[4499,3219,4501,2608,4500],"class_list":["post-218839","post","type-post","status-publish","format-standard","has-post-thumbnail","hentry","category-national","tag-australie","tag-expulsion","tag-med-chou","tag-tunisie","tag-vlog"],"yoast_head":"<!-- This site is optimized with the Yoast SEO Premium plugin v27.4 (Yoast SEO v27.5) - https:\/\/yoast.com\/product\/yoast-seo-premium-wordpress\/ -->\n<title>Tunisie : \u2018Hello my friend\u2019 expuls\u00e9 d\u2019Australie<\/title>\n<meta name=\"description\" content=\"Il a pr\u00e9cis\u00e9 avoir \u00e9t\u00e9 retenu pendant trois jours dans un h\u00f4tel sous surveillance renforc\u00e9e avant d\u2019\u00eatre expuls\u00e9 hors du pays, ajoutant plus tard qu\u2019il se trouv...\" \/>\n<link rel=\"canonical\" href=\"https:\/\/www.webdo.tn\/fr\/actualite\/national\/tunisie-hello-my-friend-expulse-d-australie\/218839\/\" \/>\n<meta property=\"og:locale\" content=\"fr_FR\" \/>\n<meta property=\"og:type\" content=\"article\" \/>\n<meta property=\"og:title\" content=\"Tunisie : \u2018Hello my friend\u2019 expuls\u00e9 d\u2019Australie\" \/>\n<meta property=\"og:description\" content=\"Il a pr\u00e9cis\u00e9 avoir \u00e9t\u00e9 retenu pendant trois jours dans un h\u00f4tel sous surveillance renforc\u00e9e avant d\u2019\u00eatre expuls\u00e9 hors du pays, ajoutant plus tard qu\u2019il se trouv...\" \/>\n<meta property=\"og:url\" content=\"https:\/\/www.webdo.tn\/fr\/actualite\/national\/tunisie-hello-my-friend-expulse-d-australie\/218839\/\" \/>\n<meta property=\"og:site_name\" content=\"webdo\" \/>\n<meta property=\"article:publisher\" content=\"https:\/\/www.facebook.com\/webdotn\" \/>\n<meta property=\"article:published_time\" content=\"2025-01-05T09:52:00+00:00\" \/>\n<meta property=\"article:modified_time\" content=\"2025-05-20T22:20:45+00:00\" \/>\n<meta property=\"og:image\" content=\"https:\/\/www.webdo.tn\/fr\/wp-content\/uploads\/2025\/05\/ed60f98608c926347bb460c130ab365d-2.webp\" \/>\n\t<meta property=\"og:image:width\" content=\"750\" \/>\n\t<meta property=\"og:image:height\" content=\"400\" \/>\n\t<meta property=\"og:image:type\" content=\"image\/webp\" \/>\n<meta name=\"author\" content=\"KJ\" \/>\n<meta name=\"twitter:card\" content=\"summary_large_image\" \/>\n<meta name=\"twitter:creator\" content=\"@webdo_tn\" \/>\n<meta name=\"twitter:site\" content=\"@webdo_tn\" \/>\n<meta name=\"twitter:label1\" content=\"\u00c9crit par\" \/>\n\t<meta name=\"twitter:data1\" content=\"KJ\" \/>\n\t<meta name=\"twitter:label2\" content=\"Dur\u00e9e de lecture estim\u00e9e\" \/>\n\t<meta name=\"twitter:data2\" content=\"1 minute\" \/>\n<script type=\"application\/ld+json\" class=\"yoast-schema-graph\">{\"@context\":\"https:\\\/\\\/schema.org\",\"@graph\":[{\"@type\":\"NewsArticle\",\"@id\":\"https:\\\/\\\/www.webdo.tn\\\/fr\\\/actualite\\\/national\\\/tunisie-hello-my-friend-expulse-d-australie\\\/218839\\\/#article\",\"isPartOf\":{\"@id\":\"https:\\\/\\\/www.webdo.tn\\\/fr\\\/actualite\\\/national\\\/tunisie-hello-my-friend-expulse-d-australie\\\/218839\\\/\"},\"author\":{\"name\":\"KJ\",\"@id\":\"https:\\\/\\\/www.webdo.tn\\\/fr\\\/#\\\/schema\\\/person\\\/82ca085b22037d285e1a3c4b65ba5f71\"},\"headline\":\"Tunisie : \u2018Hello my friend\u2019 expuls\u00e9 d\u2019Australie\",\"datePublished\":\"2025-01-05T09:52:00+00:00\",\"dateModified\":\"2025-05-20T22:20:45+00:00\",\"mainEntityOfPage\":{\"@id\":\"https:\\\/\\\/www.webdo.tn\\\/fr\\\/actualite\\\/national\\\/tunisie-hello-my-friend-expulse-d-australie\\\/218839\\\/\"},\"wordCount\":173,\"commentCount\":0,\"publisher\":{\"@id\":\"https:\\\/\\\/www.webdo.tn\\\/fr\\\/#organization\"},\"image\":{\"@id\":\"https:\\\/\\\/www.webdo.tn\\\/fr\\\/actualite\\\/national\\\/tunisie-hello-my-friend-expulse-d-australie\\\/218839\\\/#primaryimage\"},\"thumbnailUrl\":\"https:\\\/\\\/www.webdo.tn\\\/fr\\\/wp-content\\\/uploads\\\/2025\\\/05\\\/ed60f98608c926347bb460c130ab365d-2.webp\",\"keywords\":[\"Australie\",\"expulsion\",\"Med.chou\",\"Tunisie\",\"Vlog\"],\"articleSection\":[\"National\"],\"inLanguage\":\"fr-FR\"},{\"@type\":\"WebPage\",\"@id\":\"https:\\\/\\\/www.webdo.tn\\\/fr\\\/actualite\\\/national\\\/tunisie-hello-my-friend-expulse-d-australie\\\/218839\\\/\",\"url\":\"https:\\\/\\\/www.webdo.tn\\\/fr\\\/actualite\\\/national\\\/tunisie-hello-my-friend-expulse-d-australie\\\/218839\\\/\",\"name\":\"Tunisie : \u2018Hello my friend\u2019 expuls\u00e9 d\u2019Australie\",\"isPartOf\":{\"@id\":\"https:\\\/\\\/www.webdo.tn\\\/fr\\\/#website\"},\"primaryImageOfPage\":{\"@id\":\"https:\\\/\\\/www.webdo.tn\\\/fr\\\/actualite\\\/national\\\/tunisie-hello-my-friend-expulse-d-australie\\\/218839\\\/#primaryimage\"},\"image\":{\"@id\":\"https:\\\/\\\/www.webdo.tn\\\/fr\\\/actualite\\\/national\\\/tunisie-hello-my-friend-expulse-d-australie\\\/218839\\\/#primaryimage\"},\"thumbnailUrl\":\"https:\\\/\\\/www.webdo.tn\\\/fr\\\/wp-content\\\/uploads\\\/2025\\\/05\\\/ed60f98608c926347bb460c130ab365d-2.webp\",\"datePublished\":\"2025-01-05T09:52:00+00:00\",\"dateModified\":\"2025-05-20T22:20:45+00:00\",\"description\":\"Il a pr\u00e9cis\u00e9 avoir \u00e9t\u00e9 retenu pendant trois jours dans un h\u00f4tel sous surveillance renforc\u00e9e avant d\u2019\u00eatre expuls\u00e9 hors du pays, ajoutant plus tard qu\u2019il se trouv...\",\"breadcrumb\":{\"@id\":\"https:\\\/\\\/www.webdo.tn\\\/fr\\\/actualite\\\/national\\\/tunisie-hello-my-friend-expulse-d-australie\\\/218839\\\/#breadcrumb\"},\"inLanguage\":\"fr-FR\",\"potentialAction\":[{\"@type\":\"ReadAction\",\"target\":[\"https:\\\/\\\/www.webdo.tn\\\/fr\\\/actualite\\\/national\\\/tunisie-hello-my-friend-expulse-d-australie\\\/218839\\\/\"]}]},{\"@type\":\"ImageObject\",\"inLanguage\":\"fr-FR\",\"@id\":\"https:\\\/\\\/www.webdo.tn\\\/fr\\\/actualite\\\/national\\\/tunisie-hello-my-friend-expulse-d-australie\\\/218839\\\/#primaryimage\",\"url\":\"https:\\\/\\\/www.webdo.tn\\\/fr\\\/wp-content\\\/uploads\\\/2025\\\/05\\\/ed60f98608c926347bb460c130ab365d-2.webp\",\"contentUrl\":\"https:\\\/\\\/www.webdo.tn\\\/fr\\\/wp-content\\\/uploads\\\/2025\\\/05\\\/ed60f98608c926347bb460c130ab365d-2.webp\",\"width\":750,\"height\":400},{\"@type\":\"BreadcrumbList\",\"@id\":\"https:\\\/\\\/www.webdo.tn\\\/fr\\\/actualite\\\/national\\\/tunisie-hello-my-friend-expulse-d-australie\\\/218839\\\/#breadcrumb\",\"itemListElement\":[{\"@type\":\"ListItem\",\"position\":1,\"name\":\"Accueil\",\"item\":\"https:\\\/\\\/www.webdo.tn\\\/fr\\\/\"},{\"@type\":\"ListItem\",\"position\":2,\"name\":\"Tunisie : \u2018Hello my friend\u2019 expuls\u00e9 d\u2019Australie\"}]},{\"@type\":\"WebSite\",\"@id\":\"https:\\\/\\\/www.webdo.tn\\\/fr\\\/#website\",\"url\":\"https:\\\/\\\/www.webdo.tn\\\/fr\\\/\",\"name\":\"webdo\",\"description\":\"Tunisie - News en Tunisie et \u00e0 l&#039;international sur Webdo.tn\",\"publisher\":{\"@id\":\"https:\\\/\\\/www.webdo.tn\\\/fr\\\/#organization\"},\"potentialAction\":[{\"@type\":\"SearchAction\",\"target\":{\"@type\":\"EntryPoint\",\"urlTemplate\":\"https:\\\/\\\/www.webdo.tn\\\/fr\\\/?s={search_term_string}\"},\"query-input\":{\"@type\":\"PropertyValueSpecification\",\"valueRequired\":true,\"valueName\":\"search_term_string\"}}],\"inLanguage\":\"fr-FR\"},{\"@type\":\"Organization\",\"@id\":\"https:\\\/\\\/www.webdo.tn\\\/fr\\\/#organization\",\"name\":\"Webdo\",\"alternateName\":\"Webdo.tn\",\"url\":\"https:\\\/\\\/www.webdo.tn\\\/fr\\\/\",\"logo\":{\"@type\":\"ImageObject\",\"inLanguage\":\"fr-FR\",\"@id\":\"https:\\\/\\\/www.webdo.tn\\\/fr\\\/#\\\/schema\\\/logo\\\/image\\\/\",\"url\":\"https:\\\/\\\/www.webdo.tn\\\/fr\\\/wp-content\\\/uploads\\\/2025\\\/06\\\/Webdo-Tunisie_168377.jpg\",\"contentUrl\":\"https:\\\/\\\/www.webdo.tn\\\/fr\\\/wp-content\\\/uploads\\\/2025\\\/06\\\/Webdo-Tunisie_168377.jpg\",\"width\":301,\"height\":301,\"caption\":\"Webdo\"},\"image\":{\"@id\":\"https:\\\/\\\/www.webdo.tn\\\/fr\\\/#\\\/schema\\\/logo\\\/image\\\/\"},\"sameAs\":[\"https:\\\/\\\/www.facebook.com\\\/webdotn\",\"https:\\\/\\\/x.com\\\/webdo_tn\"],\"description\":\"Webdo est un m\u00e9dia num\u00e9rique tunisien fond\u00e9 en 2010, sp\u00e9cialis\u00e9 dans l\u2019actualit\u00e9 nationale et internationale, l\u2019\u00e9conomie, la soci\u00e9t\u00e9 et les analyses politiques. Le site s\u2019adresse \u00e0 un large public francophone et couvre l\u2019information tunisienne en temps r\u00e9el.\",\"email\":\"redac@webdo.tn\",\"legalName\":\"YNJ SARL\",\"foundingDate\":\"2010-09-06\",\"numberOfEmployees\":{\"@type\":\"QuantitativeValue\",\"minValue\":\"11\",\"maxValue\":\"50\"}},{\"@type\":\"Person\",\"@id\":\"https:\\\/\\\/www.webdo.tn\\\/fr\\\/#\\\/schema\\\/person\\\/82ca085b22037d285e1a3c4b65ba5f71\",\"name\":\"KJ\",\"image\":{\"@type\":\"ImageObject\",\"inLanguage\":\"fr-FR\",\"@id\":\"https:\\\/\\\/secure.gravatar.com\\\/avatar\\\/1a1320de1c1971c893f00068f760b4113d69504aa21273da17ee95650c5944fd?s=96&d=mm&r=g\",\"url\":\"https:\\\/\\\/secure.gravatar.com\\\/avatar\\\/1a1320de1c1971c893f00068f760b4113d69504aa21273da17ee95650c5944fd?s=96&d=mm&r=g\",\"contentUrl\":\"https:\\\/\\\/secure.gravatar.com\\\/avatar\\\/1a1320de1c1971c893f00068f760b4113d69504aa21273da17ee95650c5944fd?s=96&d=mm&r=g\",\"caption\":\"KJ\"},\"url\":\"https:\\\/\\\/www.webdo.tn\\\/fr\\\/actualite\\\/author\\\/kj\\\/\"}]}<\/script>\n<!-- \/ Yoast SEO Premium plugin. -->","yoast_head_json":{"title":"Tunisie : \u2018Hello my friend\u2019 expuls\u00e9 d\u2019Australie","description":"Il a pr\u00e9cis\u00e9 avoir \u00e9t\u00e9 retenu pendant trois jours dans un h\u00f4tel sous surveillance renforc\u00e9e avant d\u2019\u00eatre expuls\u00e9 hors du pays, ajoutant plus tard qu\u2019il se trouv...","canonical":"https:\/\/www.webdo.tn\/fr\/actualite\/national\/tunisie-hello-my-friend-expulse-d-australie\/218839\/","og_locale":"fr_FR","og_type":"article","og_title":"Tunisie : \u2018Hello my friend\u2019 expuls\u00e9 d\u2019Australie","og_description":"Il a pr\u00e9cis\u00e9 avoir \u00e9t\u00e9 retenu pendant trois jours dans un h\u00f4tel sous surveillance renforc\u00e9e avant d\u2019\u00eatre expuls\u00e9 hors du pays, ajoutant plus tard qu\u2019il se trouv...","og_url":"https:\/\/www.webdo.tn\/fr\/actualite\/national\/tunisie-hello-my-friend-expulse-d-australie\/218839\/","og_site_name":"webdo","article_publisher":"https:\/\/www.facebook.com\/webdotn","article_published_time":"2025-01-05T09:52:00+00:00","article_modified_time":"2025-05-20T22:20:45+00:00","og_image":[{"width":750,"height":400,"url":"https:\/\/www.webdo.tn\/fr\/wp-content\/uploads\/2025\/05\/ed60f98608c926347bb460c130ab365d-2.webp","type":"image\/webp"}],"author":"KJ","twitter_card":"summary_large_image","twitter_creator":"@webdo_tn","twitter_site":"@webdo_tn","twitter_misc":{"\u00c9crit par":"KJ","Dur\u00e9e de lecture estim\u00e9e":"1 minute"},"schema":{"@context":"https:\/\/schema.org","@graph":[{"@type":"NewsArticle","@id":"https:\/\/www.webdo.tn\/fr\/actualite\/national\/tunisie-hello-my-friend-expulse-d-australie\/218839\/#article","isPartOf":{"@id":"https:\/\/www.webdo.tn\/fr\/actualite\/national\/tunisie-hello-my-friend-expulse-d-australie\/218839\/"},"author":{"name":"KJ","@id":"https:\/\/www.webdo.tn\/fr\/#\/schema\/person\/82ca085b22037d285e1a3c4b65ba5f71"},"headline":"Tunisie : \u2018Hello my friend\u2019 expuls\u00e9 d\u2019Australie","datePublished":"2025-01-05T09:52:00+00:00","dateModified":"2025-05-20T22:20:45+00:00","mainEntityOfPage":{"@id":"https:\/\/www.webdo.tn\/fr\/actualite\/national\/tunisie-hello-my-friend-expulse-d-australie\/218839\/"},"wordCount":173,"commentCount":0,"publisher":{"@id":"https:\/\/www.webdo.tn\/fr\/#organization"},"image":{"@id":"https:\/\/www.webdo.tn\/fr\/actualite\/national\/tunisie-hello-my-friend-expulse-d-australie\/218839\/#primaryimage"},"thumbnailUrl":"https:\/\/www.webdo.tn\/fr\/wp-content\/uploads\/2025\/05\/ed60f98608c926347bb460c130ab365d-2.webp","keywords":["Australie","expulsion","Med.chou","Tunisie","Vlog"],"articleSection":["National"],"inLanguage":"fr-FR"},{"@type":"WebPage","@id":"https:\/\/www.webdo.tn\/fr\/actualite\/national\/tunisie-hello-my-friend-expulse-d-australie\/218839\/","url":"https:\/\/www.webdo.tn\/fr\/actualite\/national\/tunisie-hello-my-friend-expulse-d-australie\/218839\/","name":"Tunisie : \u2018Hello my friend\u2019 expuls\u00e9 d\u2019Australie","isPartOf":{"@id":"https:\/\/www.webdo.tn\/fr\/#website"},"primaryImageOfPage":{"@id":"https:\/\/www.webdo.tn\/fr\/actualite\/national\/tunisie-hello-my-friend-expulse-d-australie\/218839\/#primaryimage"},"image":{"@id":"https:\/\/www.webdo.tn\/fr\/actualite\/national\/tunisie-hello-my-friend-expulse-d-australie\/218839\/#primaryimage"},"thumbnailUrl":"https:\/\/www.webdo.tn\/fr\/wp-content\/uploads\/2025\/05\/ed60f98608c926347bb460c130ab365d-2.webp","datePublished":"2025-01-05T09:52:00+00:00","dateModified":"2025-05-20T22:20:45+00:00","description":"Il a pr\u00e9cis\u00e9 avoir \u00e9t\u00e9 retenu pendant trois jours dans un h\u00f4tel sous surveillance renforc\u00e9e avant d\u2019\u00eatre expuls\u00e9 hors du pays, ajoutant plus tard qu\u2019il se trouv...","breadcrumb":{"@id":"https:\/\/www.webdo.tn\/fr\/actualite\/national\/tunisie-hello-my-friend-expulse-d-australie\/218839\/#breadcrumb"},"inLanguage":"fr-FR","potentialAction":[{"@type":"ReadAction","target":["https:\/\/www.webdo.tn\/fr\/actualite\/national\/tunisie-hello-my-friend-expulse-d-australie\/218839\/"]}]},{"@type":"ImageObject","inLanguage":"fr-FR","@id":"https:\/\/www.webdo.tn\/fr\/actualite\/national\/tunisie-hello-my-friend-expulse-d-australie\/218839\/#primaryimage","url":"https:\/\/www.webdo.tn\/fr\/wp-content\/uploads\/2025\/05\/ed60f98608c926347bb460c130ab365d-2.webp","contentUrl":"https:\/\/www.webdo.tn\/fr\/wp-content\/uploads\/2025\/05\/ed60f98608c926347bb460c130ab365d-2.webp","width":750,"height":400},{"@type":"BreadcrumbList","@id":"https:\/\/www.webdo.tn\/fr\/actualite\/national\/tunisie-hello-my-friend-expulse-d-australie\/218839\/#breadcrumb","itemListElement":[{"@type":"ListItem","position":1,"name":"Accueil","item":"https:\/\/www.webdo.tn\/fr\/"},{"@type":"ListItem","position":2,"name":"Tunisie : \u2018Hello my friend\u2019 expuls\u00e9 d\u2019Australie"}]},{"@type":"WebSite","@id":"https:\/\/www.webdo.tn\/fr\/#website","url":"https:\/\/www.webdo.tn\/fr\/","name":"webdo","description":"Tunisie - News en Tunisie et \u00e0 l&#039;international sur Webdo.tn","publisher":{"@id":"https:\/\/www.webdo.tn\/fr\/#organization"},"potentialAction":[{"@type":"SearchAction","target":{"@type":"EntryPoint","urlTemplate":"https:\/\/www.webdo.tn\/fr\/?s={search_term_string}"},"query-input":{"@type":"PropertyValueSpecification","valueRequired":true,"valueName":"search_term_string"}}],"inLanguage":"fr-FR"},{"@type":"Organization","@id":"https:\/\/www.webdo.tn\/fr\/#organization","name":"Webdo","alternateName":"Webdo.tn","url":"https:\/\/www.webdo.tn\/fr\/","logo":{"@type":"ImageObject","inLanguage":"fr-FR","@id":"https:\/\/www.webdo.tn\/fr\/#\/schema\/logo\/image\/","url":"https:\/\/www.webdo.tn\/fr\/wp-content\/uploads\/2025\/06\/Webdo-Tunisie_168377.jpg","contentUrl":"https:\/\/www.webdo.tn\/fr\/wp-content\/uploads\/2025\/06\/Webdo-Tunisie_168377.jpg","width":301,"height":301,"caption":"Webdo"},"image":{"@id":"https:\/\/www.webdo.tn\/fr\/#\/schema\/logo\/image\/"},"sameAs":["https:\/\/www.facebook.com\/webdotn","https:\/\/x.com\/webdo_tn"],"description":"Webdo est un m\u00e9dia num\u00e9rique tunisien fond\u00e9 en 2010, sp\u00e9cialis\u00e9 dans l\u2019actualit\u00e9 nationale et internationale, l\u2019\u00e9conomie, la soci\u00e9t\u00e9 et les analyses politiques. Le site s\u2019adresse \u00e0 un large public francophone et couvre l\u2019information tunisienne en temps r\u00e9el.","email":"redac@webdo.tn","legalName":"YNJ SARL","foundingDate":"2010-09-06","numberOfEmployees":{"@type":"QuantitativeValue","minValue":"11","maxValue":"50"}},{"@type":"Person","@id":"https:\/\/www.webdo.tn\/fr\/#\/schema\/person\/82ca085b22037d285e1a3c4b65ba5f71","name":"KJ","image":{"@type":"ImageObject","inLanguage":"fr-FR","@id":"https:\/\/secure.gravatar.com\/avatar\/1a1320de1c1971c893f00068f760b4113d69504aa21273da17ee95650c5944fd?s=96&d=mm&r=g","url":"https:\/\/secure.gravatar.com\/avatar\/1a1320de1c1971c893f00068f760b4113d69504aa21273da17ee95650c5944fd?s=96&d=mm&r=g","contentUrl":"https:\/\/secure.gravatar.com\/avatar\/1a1320de1c1971c893f00068f760b4113d69504aa21273da17ee95650c5944fd?s=96&d=mm&r=g","caption":"KJ"},"url":"https:\/\/www.webdo.tn\/fr\/actualite\/author\/kj\/"}]}},"_links":{"self":[{"href":"https:\/\/www.webdo.tn\/fr\/wp-json\/wp\/v2\/posts\/218839","targetHints":{"allow":["GET"]}}],"collection":[{"href":"https:\/\/www.webdo.tn\/fr\/wp-json\/wp\/v2\/posts"}],"about":[{"href":"https:\/\/www.webdo.tn\/fr\/wp-json\/wp\/v2\/types\/post"}],"author":[{"embeddable":true,"href":"https:\/\/www.webdo.tn\/fr\/wp-json\/wp\/v2\/users\/3163"}],"replies":[{"embeddable":true,"href":"https:\/\/www.webdo.tn\/fr\/wp-json\/wp\/v2\/comments?post=218839"}],"version-history":[{"count":0,"href":"https:\/\/www.webdo.tn\/fr\/wp-json\/wp\/v2\/posts\/218839\/revisions"}],"wp:featuredmedia":[{"embeddable":true,"href":"https:\/\/www.webdo.tn\/fr\/wp-json\/wp\/v2\/media\/243040"}],"wp:attachment":[{"href":"https:\/\/www.webdo.tn\/fr\/wp-json\/wp\/v2\/media?parent=218839"}],"wp:term":[{"taxonomy":"category","embeddable":true,"href":"https:\/\/www.webdo.tn\/fr\/wp-json\/wp\/v2\/categories?post=218839"},{"taxonomy":"post_tag","embeddable":true,"href":"https:\/\/www.webdo.tn\/fr\/wp-json\/wp\/v2\/tags?post=218839"}],"curies":[{"name":"wp","href":"https:\/\/api.w.org\/{rel}","templated":true}]}}