{"id":218827,"date":"2025-01-04T09:33:00","date_gmt":"2025-01-04T09:33:00","guid":{"rendered":"https:\/\/www.webdo.tn\/fr\/blog\/tunisie-la-perpetuite-pour-un-terroriste-ayant-attaque-le-ministere-de-l-interieur-en-2021\/218827\/"},"modified":"2025-05-20T22:15:48","modified_gmt":"2025-05-20T22:15:48","slug":"tunisie-la-perpetuite-pour-un-terroriste-ayant-attaque-le-ministere-de-l-interieur-en-2021","status":"publish","type":"post","link":"https:\/\/www.webdo.tn\/fr\/actualite\/national\/tunisie-la-perpetuite-pour-un-terroriste-ayant-attaque-le-ministere-de-l-interieur-en-2021\/218827\/","title":{"rendered":"Tunisie : La perp\u00e9tuit\u00e9 pour un terroriste ayant attaqu\u00e9 le minist\u00e8re de l&rsquo;Int\u00e9rieur en 2021"},"content":{"rendered":"<p>La chambre p\u00e9nale sp\u00e9cialis\u00e9e dans les affaires de terrorisme aupr\u00e8s de la Cour d&rsquo;appel de Tunis a condamn\u00e9 un individu \u00e0 la prison \u00e0 perp\u00e9tuit\u00e9, assortie de quatre ans et six mois d&#8217;emprisonnement, pour son attaque contre le si\u00e8ge du minist\u00e8re de l&rsquo;Int\u00e9rieur. En outre, il a \u00e9t\u00e9 d\u00e9cid\u00e9 de le soumettre \u00e0 une surveillance administrative de cinq ans, rapporte ce vendredi 3 janvier 2025 Mosa\u00efque FM.<\/p>\n<p>Les faits<\/p>\n<p>Les \u00e9v\u00e9nements remontent au vendredi 26 novembre 2021, lorsque l\u2019accus\u00e9 a tent\u00e9 de s\u2019introduire dans le minist\u00e8re de l\u2019Int\u00e9rieur, arm\u00e9 d\u2019une machette et d\u2019un couteau. Une vid\u00e9o partag\u00e9e sur les r\u00e9seaux sociaux montrait l\u2019individu attaquant les forces de s\u00e9curit\u00e9 \u00e0 l\u2019aide de sa machette dans l\u2019enceinte devant le minist\u00e8re. Les agents ont tent\u00e9 de le neutraliser avant qu\u2019un coup de feu ne soit tir\u00e9 l\u2019atteignant \u00e0 la jambe, permettant son arrestation et son transfert \u00e0 l\u2019h\u00f4pital.<\/p>\n<p>L\u2019accus\u00e9<\/p>\n<p>L\u2019enqu\u00eate a r\u00e9v\u00e9l\u00e9 que l\u2019accus\u00e9 est issu d\u2019une famille ais\u00e9e, ses parents \u00e9tant m\u00e9decins. Il a \u00e9tudi\u00e9 l\u2019ing\u00e9nierie aux \u00c9tats-Unis. Il est identifi\u00e9 comme un \u00e9l\u00e9ment takfiriste (extr\u00e9miste religieux).<\/p>\n<p>Le jour de l\u2019incident, il a quitt\u00e9 sa ville au volant d\u2019un v\u00e9hicule appartenant \u00e0 son p\u00e8re, contenant dans le coffre une carabine et plusieurs armes blanches. Arriv\u00e9 \u00e0 Tunis, il a gar\u00e9 la voiture pr\u00e8s du cimeti\u00e8re d\u2019El Jellaz, puis a pris un sac \u00e0 dos contenant une machette de grande taille et d\u2019autres armes blanches avant de se rendre \u00e0 l\u2019avenue Habib Bourguiba.<\/p>\n<p>Il s\u2019est assis dans un caf\u00e9 avant de s\u2019armer de sa machette vers 16h30 et de courir en direction du minist\u00e8re de l\u2019Int\u00e9rieur. L\u2019homme a escalad\u00e9 les barri\u00e8res de s\u00e9curit\u00e9 dans une tentative d\u2019intrusion. Cependant, il a \u00e9t\u00e9 neutralis\u00e9 par un agent de s\u00e9curit\u00e9 qui lui a tir\u00e9 dans la jambe.<\/p>\n<p>Les aveux<\/p>\n<p>Lors de son interrogatoire, l\u2019accus\u00e9 a d\u00e9clar\u00e9 avoir achet\u00e9 la machette en ligne et r\u00e9cup\u00e9r\u00e9 les couteaux chez sa grand-m\u00e8re. Il a confirm\u00e9 avoir plac\u00e9 la carabine et les armes blanches dans le coffre de la voiture de son p\u00e8re.<\/p>\n<p>Il a \u00e9galement avou\u00e9 avoir initialement planifi\u00e9 une attaque contre une patrouille de police \u00e0 l\u2019avenue de Paris, mais l\u2019arriv\u00e9e d\u2019un m\u00e9tro l\u2019avait dissuad\u00e9. Il s\u2019est ensuite dirig\u00e9 vers l\u2019avenue Habib Bourguiba, o\u00f9 il a err\u00e9 avant d\u2019attaquer les forces de s\u00e9curit\u00e9.<\/p>\n<p>L\u2019accus\u00e9 a expliqu\u00e9 qu\u2019il traversait une grave crise psychologique et prenait des m\u00e9dicaments pour calmer ses nerfs. Il a admis vouloir tuer les agents de s\u00e9curit\u00e9 et s\u2019introduire dans le minist\u00e8re.<\/p>\n<p>D\u00e9fense et troubles psychiatriques<\/p>\n<p>Lors de sa d\u00e9fense en janvier 2024, son avocate a soutenu que son client souffrait de troubles psychiatriques graves, menant \u00e0 des comportements antisociaux et \u00e0 une tendance \u00e0 l\u2019isolement.<\/p>\n<p>Elle a \u00e9galement r\u00e9v\u00e9l\u00e9 qu\u2019un tribunal avait ordonn\u00e9 son internement dans un h\u00f4pital psychiatrique, mais cette d\u00e9cision n\u2019avait jamais \u00e9t\u00e9 appliqu\u00e9e.<\/p>\n<p>Enfin, elle a ajout\u00e9 que l\u2019accus\u00e9 avait auparavant adopt\u00e9 le christianisme et tent\u00e9 de convaincre sa s\u0153ur de le rejoindre, pr\u00e9tendant \u00eatre le Christ. L\u2019avocate a demand\u00e9 une \u00e9valuation m\u00e9dicale pour d\u00e9terminer si son client \u00e9tait responsable de ses actes.<\/p>\n","protected":false},"excerpt":{"rendered":"<p>La chambre p\u00e9nale sp\u00e9cialis\u00e9e dans les affaires de terrorisme aupr\u00e8s de la Cour d&rsquo;appel de Tunis a condamn\u00e9 un individu \u00e0 la prison \u00e0 perp\u00e9tuit\u00e9, assortie de qu&#8230;<\/p>\n","protected":false},"author":3162,"featured_media":291639,"comment_status":"open","ping_status":"closed","sticky":false,"template":"","format":"standard","meta":{"footnotes":""},"categories":[44],"tags":[10832,3076,4513,2640,2608],"class_list":["post-218827","post","type-post","status-publish","format-standard","has-post-thumbnail","hentry","category-national","tag-perpetuite","tag-ministere-de-linterieur","tag-terroriste","tag-tunis","tag-tunisie"],"yoast_head":"<!-- This site is optimized with the Yoast SEO Premium plugin v27.4 (Yoast SEO v27.4) - https:\/\/yoast.com\/product\/yoast-seo-premium-wordpress\/ -->\n<title>Tunisie : La perp\u00e9tuit\u00e9 pour un terroriste ayant attaqu\u00e9 le minist\u00e8re de l&#039;Int\u00e9rieur en 2021<\/title>\n<meta name=\"description\" content=\"La chambre p\u00e9nale sp\u00e9cialis\u00e9e dans les affaires de terrorisme aupr\u00e8s de la Cour d&#039;appel de Tunis a condamn\u00e9 un individu \u00e0 la prison \u00e0 perp\u00e9tuit\u00e9, assortie de qu...\" \/>\n<link rel=\"canonical\" href=\"https:\/\/www.webdo.tn\/fr\/actualite\/national\/tunisie-la-perpetuite-pour-un-terroriste-ayant-attaque-le-ministere-de-l-interieur-en-2021\/218827\/\" \/>\n<meta property=\"og:locale\" content=\"fr_FR\" \/>\n<meta property=\"og:type\" content=\"article\" \/>\n<meta property=\"og:title\" content=\"Tunisie : La perp\u00e9tuit\u00e9 pour un terroriste ayant attaqu\u00e9 le minist\u00e8re de l&#039;Int\u00e9rieur en 2021\" \/>\n<meta property=\"og:description\" content=\"La chambre p\u00e9nale sp\u00e9cialis\u00e9e dans les affaires de terrorisme aupr\u00e8s de la Cour d&#039;appel de Tunis a condamn\u00e9 un individu \u00e0 la prison \u00e0 perp\u00e9tuit\u00e9, assortie de qu...\" \/>\n<meta property=\"og:url\" content=\"https:\/\/www.webdo.tn\/fr\/actualite\/national\/tunisie-la-perpetuite-pour-un-terroriste-ayant-attaque-le-ministere-de-l-interieur-en-2021\/218827\/\" \/>\n<meta property=\"og:site_name\" content=\"webdo\" \/>\n<meta property=\"article:publisher\" content=\"https:\/\/www.facebook.com\/webdotn\" \/>\n<meta property=\"article:published_time\" content=\"2025-01-04T09:33:00+00:00\" \/>\n<meta property=\"article:modified_time\" content=\"2025-05-20T22:15:48+00:00\" \/>\n<meta property=\"og:image\" content=\"https:\/\/www.webdo.tn\/fr\/wp-content\/uploads\/2025\/01\/150ba47890c576089c505ce1c4491522.webp\" \/>\n\t<meta property=\"og:image:width\" content=\"750\" \/>\n\t<meta property=\"og:image:height\" content=\"400\" \/>\n\t<meta property=\"og:image:type\" content=\"image\/webp\" \/>\n<meta name=\"author\" content=\"MC\" \/>\n<meta name=\"twitter:card\" content=\"summary_large_image\" \/>\n<meta name=\"twitter:creator\" content=\"@webdo_tn\" \/>\n<meta name=\"twitter:site\" content=\"@webdo_tn\" \/>\n<meta name=\"twitter:label1\" content=\"\u00c9crit par\" \/>\n\t<meta name=\"twitter:data1\" content=\"MC\" \/>\n\t<meta name=\"twitter:label2\" content=\"Dur\u00e9e de lecture estim\u00e9e\" \/>\n\t<meta name=\"twitter:data2\" content=\"3 minutes\" \/>\n<script type=\"application\/ld+json\" class=\"yoast-schema-graph\">{\"@context\":\"https:\\\/\\\/schema.org\",\"@graph\":[{\"@type\":\"NewsArticle\",\"@id\":\"https:\\\/\\\/www.webdo.tn\\\/fr\\\/actualite\\\/national\\\/tunisie-la-perpetuite-pour-un-terroriste-ayant-attaque-le-ministere-de-l-interieur-en-2021\\\/218827\\\/#article\",\"isPartOf\":{\"@id\":\"https:\\\/\\\/www.webdo.tn\\\/fr\\\/actualite\\\/national\\\/tunisie-la-perpetuite-pour-un-terroriste-ayant-attaque-le-ministere-de-l-interieur-en-2021\\\/218827\\\/\"},\"author\":{\"name\":\"MC\",\"@id\":\"https:\\\/\\\/www.webdo.tn\\\/fr\\\/#\\\/schema\\\/person\\\/2c4929cbf5a809e3bd38617c6ce150f6\"},\"headline\":\"Tunisie : La perp\u00e9tuit\u00e9 pour un terroriste ayant attaqu\u00e9 le minist\u00e8re de l&rsquo;Int\u00e9rieur en 2021\",\"datePublished\":\"2025-01-04T09:33:00+00:00\",\"dateModified\":\"2025-05-20T22:15:48+00:00\",\"mainEntityOfPage\":{\"@id\":\"https:\\\/\\\/www.webdo.tn\\\/fr\\\/actualite\\\/national\\\/tunisie-la-perpetuite-pour-un-terroriste-ayant-attaque-le-ministere-de-l-interieur-en-2021\\\/218827\\\/\"},\"wordCount\":602,\"commentCount\":0,\"publisher\":{\"@id\":\"https:\\\/\\\/www.webdo.tn\\\/fr\\\/#organization\"},\"image\":{\"@id\":\"https:\\\/\\\/www.webdo.tn\\\/fr\\\/actualite\\\/national\\\/tunisie-la-perpetuite-pour-un-terroriste-ayant-attaque-le-ministere-de-l-interieur-en-2021\\\/218827\\\/#primaryimage\"},\"thumbnailUrl\":\"https:\\\/\\\/www.webdo.tn\\\/fr\\\/wp-content\\\/uploads\\\/2025\\\/01\\\/150ba47890c576089c505ce1c4491522.webp\",\"keywords\":[\"'perp\u00e9tuit\u00e9']\",\"minist\u00e8re de l'int\u00e9rieur\",\"Terroriste\",\"Tunis\",\"Tunisie\"],\"articleSection\":[\"National\"],\"inLanguage\":\"fr-FR\"},{\"@type\":\"WebPage\",\"@id\":\"https:\\\/\\\/www.webdo.tn\\\/fr\\\/actualite\\\/national\\\/tunisie-la-perpetuite-pour-un-terroriste-ayant-attaque-le-ministere-de-l-interieur-en-2021\\\/218827\\\/\",\"url\":\"https:\\\/\\\/www.webdo.tn\\\/fr\\\/actualite\\\/national\\\/tunisie-la-perpetuite-pour-un-terroriste-ayant-attaque-le-ministere-de-l-interieur-en-2021\\\/218827\\\/\",\"name\":\"Tunisie : La perp\u00e9tuit\u00e9 pour un terroriste ayant attaqu\u00e9 le minist\u00e8re de l'Int\u00e9rieur en 2021\",\"isPartOf\":{\"@id\":\"https:\\\/\\\/www.webdo.tn\\\/fr\\\/#website\"},\"primaryImageOfPage\":{\"@id\":\"https:\\\/\\\/www.webdo.tn\\\/fr\\\/actualite\\\/national\\\/tunisie-la-perpetuite-pour-un-terroriste-ayant-attaque-le-ministere-de-l-interieur-en-2021\\\/218827\\\/#primaryimage\"},\"image\":{\"@id\":\"https:\\\/\\\/www.webdo.tn\\\/fr\\\/actualite\\\/national\\\/tunisie-la-perpetuite-pour-un-terroriste-ayant-attaque-le-ministere-de-l-interieur-en-2021\\\/218827\\\/#primaryimage\"},\"thumbnailUrl\":\"https:\\\/\\\/www.webdo.tn\\\/fr\\\/wp-content\\\/uploads\\\/2025\\\/01\\\/150ba47890c576089c505ce1c4491522.webp\",\"datePublished\":\"2025-01-04T09:33:00+00:00\",\"dateModified\":\"2025-05-20T22:15:48+00:00\",\"description\":\"La chambre p\u00e9nale sp\u00e9cialis\u00e9e dans les affaires de terrorisme aupr\u00e8s de la Cour d'appel de Tunis a condamn\u00e9 un individu \u00e0 la prison \u00e0 perp\u00e9tuit\u00e9, assortie de qu...\",\"breadcrumb\":{\"@id\":\"https:\\\/\\\/www.webdo.tn\\\/fr\\\/actualite\\\/national\\\/tunisie-la-perpetuite-pour-un-terroriste-ayant-attaque-le-ministere-de-l-interieur-en-2021\\\/218827\\\/#breadcrumb\"},\"inLanguage\":\"fr-FR\",\"potentialAction\":[{\"@type\":\"ReadAction\",\"target\":[\"https:\\\/\\\/www.webdo.tn\\\/fr\\\/actualite\\\/national\\\/tunisie-la-perpetuite-pour-un-terroriste-ayant-attaque-le-ministere-de-l-interieur-en-2021\\\/218827\\\/\"]}]},{\"@type\":\"ImageObject\",\"inLanguage\":\"fr-FR\",\"@id\":\"https:\\\/\\\/www.webdo.tn\\\/fr\\\/actualite\\\/national\\\/tunisie-la-perpetuite-pour-un-terroriste-ayant-attaque-le-ministere-de-l-interieur-en-2021\\\/218827\\\/#primaryimage\",\"url\":\"https:\\\/\\\/www.webdo.tn\\\/fr\\\/wp-content\\\/uploads\\\/2025\\\/01\\\/150ba47890c576089c505ce1c4491522.webp\",\"contentUrl\":\"https:\\\/\\\/www.webdo.tn\\\/fr\\\/wp-content\\\/uploads\\\/2025\\\/01\\\/150ba47890c576089c505ce1c4491522.webp\",\"width\":750,\"height\":400,\"caption\":\"Tunisie : La perp\u00e9tuit\u00e9 pour un terroriste ayant attaqu\u00e9 le minist\u00e8re de l'Int\u00e9rieur en 2021\"},{\"@type\":\"BreadcrumbList\",\"@id\":\"https:\\\/\\\/www.webdo.tn\\\/fr\\\/actualite\\\/national\\\/tunisie-la-perpetuite-pour-un-terroriste-ayant-attaque-le-ministere-de-l-interieur-en-2021\\\/218827\\\/#breadcrumb\",\"itemListElement\":[{\"@type\":\"ListItem\",\"position\":1,\"name\":\"Accueil\",\"item\":\"https:\\\/\\\/www.webdo.tn\\\/fr\\\/\"},{\"@type\":\"ListItem\",\"position\":2,\"name\":\"Tunisie : La perp\u00e9tuit\u00e9 pour un terroriste ayant attaqu\u00e9 le minist\u00e8re de l&rsquo;Int\u00e9rieur en 2021\"}]},{\"@type\":\"WebSite\",\"@id\":\"https:\\\/\\\/www.webdo.tn\\\/fr\\\/#website\",\"url\":\"https:\\\/\\\/www.webdo.tn\\\/fr\\\/\",\"name\":\"webdo\",\"description\":\"Tunisie - News en Tunisie et \u00e0 l&#039;international sur Webdo.tn\",\"publisher\":{\"@id\":\"https:\\\/\\\/www.webdo.tn\\\/fr\\\/#organization\"},\"potentialAction\":[{\"@type\":\"SearchAction\",\"target\":{\"@type\":\"EntryPoint\",\"urlTemplate\":\"https:\\\/\\\/www.webdo.tn\\\/fr\\\/?s={search_term_string}\"},\"query-input\":{\"@type\":\"PropertyValueSpecification\",\"valueRequired\":true,\"valueName\":\"search_term_string\"}}],\"inLanguage\":\"fr-FR\"},{\"@type\":\"Organization\",\"@id\":\"https:\\\/\\\/www.webdo.tn\\\/fr\\\/#organization\",\"name\":\"Webdo\",\"alternateName\":\"Webdo.tn\",\"url\":\"https:\\\/\\\/www.webdo.tn\\\/fr\\\/\",\"logo\":{\"@type\":\"ImageObject\",\"inLanguage\":\"fr-FR\",\"@id\":\"https:\\\/\\\/www.webdo.tn\\\/fr\\\/#\\\/schema\\\/logo\\\/image\\\/\",\"url\":\"https:\\\/\\\/www.webdo.tn\\\/fr\\\/wp-content\\\/uploads\\\/2025\\\/06\\\/Webdo-Tunisie_168377.jpg\",\"contentUrl\":\"https:\\\/\\\/www.webdo.tn\\\/fr\\\/wp-content\\\/uploads\\\/2025\\\/06\\\/Webdo-Tunisie_168377.jpg\",\"width\":301,\"height\":301,\"caption\":\"Webdo\"},\"image\":{\"@id\":\"https:\\\/\\\/www.webdo.tn\\\/fr\\\/#\\\/schema\\\/logo\\\/image\\\/\"},\"sameAs\":[\"https:\\\/\\\/www.facebook.com\\\/webdotn\",\"https:\\\/\\\/x.com\\\/webdo_tn\"],\"description\":\"Webdo est un m\u00e9dia num\u00e9rique tunisien fond\u00e9 en 2010, sp\u00e9cialis\u00e9 dans l\u2019actualit\u00e9 nationale et internationale, l\u2019\u00e9conomie, la soci\u00e9t\u00e9 et les analyses politiques. Le site s\u2019adresse \u00e0 un large public francophone et couvre l\u2019information tunisienne en temps r\u00e9el.\",\"email\":\"redac@webdo.tn\",\"legalName\":\"YNJ SARL\",\"foundingDate\":\"2010-09-06\",\"numberOfEmployees\":{\"@type\":\"QuantitativeValue\",\"minValue\":\"11\",\"maxValue\":\"50\"}},{\"@type\":\"Person\",\"@id\":\"https:\\\/\\\/www.webdo.tn\\\/fr\\\/#\\\/schema\\\/person\\\/2c4929cbf5a809e3bd38617c6ce150f6\",\"name\":\"MC\",\"image\":{\"@type\":\"ImageObject\",\"inLanguage\":\"fr-FR\",\"@id\":\"https:\\\/\\\/secure.gravatar.com\\\/avatar\\\/a545bbb6f84efdd5553dbbc2895e3ca8f1d12c5215e00a041c9670b54aa9b18a?s=96&d=mm&r=g\",\"url\":\"https:\\\/\\\/secure.gravatar.com\\\/avatar\\\/a545bbb6f84efdd5553dbbc2895e3ca8f1d12c5215e00a041c9670b54aa9b18a?s=96&d=mm&r=g\",\"contentUrl\":\"https:\\\/\\\/secure.gravatar.com\\\/avatar\\\/a545bbb6f84efdd5553dbbc2895e3ca8f1d12c5215e00a041c9670b54aa9b18a?s=96&d=mm&r=g\",\"caption\":\"MC\"},\"url\":\"https:\\\/\\\/www.webdo.tn\\\/fr\\\/actualite\\\/author\\\/mc\\\/\"}]}<\/script>\n<!-- \/ Yoast SEO Premium plugin. -->","yoast_head_json":{"title":"Tunisie : La perp\u00e9tuit\u00e9 pour un terroriste ayant attaqu\u00e9 le minist\u00e8re de l'Int\u00e9rieur en 2021","description":"La chambre p\u00e9nale sp\u00e9cialis\u00e9e dans les affaires de terrorisme aupr\u00e8s de la Cour d'appel de Tunis a condamn\u00e9 un individu \u00e0 la prison \u00e0 perp\u00e9tuit\u00e9, assortie de qu...","canonical":"https:\/\/www.webdo.tn\/fr\/actualite\/national\/tunisie-la-perpetuite-pour-un-terroriste-ayant-attaque-le-ministere-de-l-interieur-en-2021\/218827\/","og_locale":"fr_FR","og_type":"article","og_title":"Tunisie : La perp\u00e9tuit\u00e9 pour un terroriste ayant attaqu\u00e9 le minist\u00e8re de l'Int\u00e9rieur en 2021","og_description":"La chambre p\u00e9nale sp\u00e9cialis\u00e9e dans les affaires de terrorisme aupr\u00e8s de la Cour d'appel de Tunis a condamn\u00e9 un individu \u00e0 la prison \u00e0 perp\u00e9tuit\u00e9, assortie de qu...","og_url":"https:\/\/www.webdo.tn\/fr\/actualite\/national\/tunisie-la-perpetuite-pour-un-terroriste-ayant-attaque-le-ministere-de-l-interieur-en-2021\/218827\/","og_site_name":"webdo","article_publisher":"https:\/\/www.facebook.com\/webdotn","article_published_time":"2025-01-04T09:33:00+00:00","article_modified_time":"2025-05-20T22:15:48+00:00","og_image":[{"width":750,"height":400,"url":"https:\/\/www.webdo.tn\/fr\/wp-content\/uploads\/2025\/01\/150ba47890c576089c505ce1c4491522.webp","type":"image\/webp"}],"author":"MC","twitter_card":"summary_large_image","twitter_creator":"@webdo_tn","twitter_site":"@webdo_tn","twitter_misc":{"\u00c9crit par":"MC","Dur\u00e9e de lecture estim\u00e9e":"3 minutes"},"schema":{"@context":"https:\/\/schema.org","@graph":[{"@type":"NewsArticle","@id":"https:\/\/www.webdo.tn\/fr\/actualite\/national\/tunisie-la-perpetuite-pour-un-terroriste-ayant-attaque-le-ministere-de-l-interieur-en-2021\/218827\/#article","isPartOf":{"@id":"https:\/\/www.webdo.tn\/fr\/actualite\/national\/tunisie-la-perpetuite-pour-un-terroriste-ayant-attaque-le-ministere-de-l-interieur-en-2021\/218827\/"},"author":{"name":"MC","@id":"https:\/\/www.webdo.tn\/fr\/#\/schema\/person\/2c4929cbf5a809e3bd38617c6ce150f6"},"headline":"Tunisie : La perp\u00e9tuit\u00e9 pour un terroriste ayant attaqu\u00e9 le minist\u00e8re de l&rsquo;Int\u00e9rieur en 2021","datePublished":"2025-01-04T09:33:00+00:00","dateModified":"2025-05-20T22:15:48+00:00","mainEntityOfPage":{"@id":"https:\/\/www.webdo.tn\/fr\/actualite\/national\/tunisie-la-perpetuite-pour-un-terroriste-ayant-attaque-le-ministere-de-l-interieur-en-2021\/218827\/"},"wordCount":602,"commentCount":0,"publisher":{"@id":"https:\/\/www.webdo.tn\/fr\/#organization"},"image":{"@id":"https:\/\/www.webdo.tn\/fr\/actualite\/national\/tunisie-la-perpetuite-pour-un-terroriste-ayant-attaque-le-ministere-de-l-interieur-en-2021\/218827\/#primaryimage"},"thumbnailUrl":"https:\/\/www.webdo.tn\/fr\/wp-content\/uploads\/2025\/01\/150ba47890c576089c505ce1c4491522.webp","keywords":["'perp\u00e9tuit\u00e9']","minist\u00e8re de l'int\u00e9rieur","Terroriste","Tunis","Tunisie"],"articleSection":["National"],"inLanguage":"fr-FR"},{"@type":"WebPage","@id":"https:\/\/www.webdo.tn\/fr\/actualite\/national\/tunisie-la-perpetuite-pour-un-terroriste-ayant-attaque-le-ministere-de-l-interieur-en-2021\/218827\/","url":"https:\/\/www.webdo.tn\/fr\/actualite\/national\/tunisie-la-perpetuite-pour-un-terroriste-ayant-attaque-le-ministere-de-l-interieur-en-2021\/218827\/","name":"Tunisie : La perp\u00e9tuit\u00e9 pour un terroriste ayant attaqu\u00e9 le minist\u00e8re de l'Int\u00e9rieur en 2021","isPartOf":{"@id":"https:\/\/www.webdo.tn\/fr\/#website"},"primaryImageOfPage":{"@id":"https:\/\/www.webdo.tn\/fr\/actualite\/national\/tunisie-la-perpetuite-pour-un-terroriste-ayant-attaque-le-ministere-de-l-interieur-en-2021\/218827\/#primaryimage"},"image":{"@id":"https:\/\/www.webdo.tn\/fr\/actualite\/national\/tunisie-la-perpetuite-pour-un-terroriste-ayant-attaque-le-ministere-de-l-interieur-en-2021\/218827\/#primaryimage"},"thumbnailUrl":"https:\/\/www.webdo.tn\/fr\/wp-content\/uploads\/2025\/01\/150ba47890c576089c505ce1c4491522.webp","datePublished":"2025-01-04T09:33:00+00:00","dateModified":"2025-05-20T22:15:48+00:00","description":"La chambre p\u00e9nale sp\u00e9cialis\u00e9e dans les affaires de terrorisme aupr\u00e8s de la Cour d'appel de Tunis a condamn\u00e9 un individu \u00e0 la prison \u00e0 perp\u00e9tuit\u00e9, assortie de qu...","breadcrumb":{"@id":"https:\/\/www.webdo.tn\/fr\/actualite\/national\/tunisie-la-perpetuite-pour-un-terroriste-ayant-attaque-le-ministere-de-l-interieur-en-2021\/218827\/#breadcrumb"},"inLanguage":"fr-FR","potentialAction":[{"@type":"ReadAction","target":["https:\/\/www.webdo.tn\/fr\/actualite\/national\/tunisie-la-perpetuite-pour-un-terroriste-ayant-attaque-le-ministere-de-l-interieur-en-2021\/218827\/"]}]},{"@type":"ImageObject","inLanguage":"fr-FR","@id":"https:\/\/www.webdo.tn\/fr\/actualite\/national\/tunisie-la-perpetuite-pour-un-terroriste-ayant-attaque-le-ministere-de-l-interieur-en-2021\/218827\/#primaryimage","url":"https:\/\/www.webdo.tn\/fr\/wp-content\/uploads\/2025\/01\/150ba47890c576089c505ce1c4491522.webp","contentUrl":"https:\/\/www.webdo.tn\/fr\/wp-content\/uploads\/2025\/01\/150ba47890c576089c505ce1c4491522.webp","width":750,"height":400,"caption":"Tunisie : La perp\u00e9tuit\u00e9 pour un terroriste ayant attaqu\u00e9 le minist\u00e8re de l'Int\u00e9rieur en 2021"},{"@type":"BreadcrumbList","@id":"https:\/\/www.webdo.tn\/fr\/actualite\/national\/tunisie-la-perpetuite-pour-un-terroriste-ayant-attaque-le-ministere-de-l-interieur-en-2021\/218827\/#breadcrumb","itemListElement":[{"@type":"ListItem","position":1,"name":"Accueil","item":"https:\/\/www.webdo.tn\/fr\/"},{"@type":"ListItem","position":2,"name":"Tunisie : La perp\u00e9tuit\u00e9 pour un terroriste ayant attaqu\u00e9 le minist\u00e8re de l&rsquo;Int\u00e9rieur en 2021"}]},{"@type":"WebSite","@id":"https:\/\/www.webdo.tn\/fr\/#website","url":"https:\/\/www.webdo.tn\/fr\/","name":"webdo","description":"Tunisie - News en Tunisie et \u00e0 l&#039;international sur Webdo.tn","publisher":{"@id":"https:\/\/www.webdo.tn\/fr\/#organization"},"potentialAction":[{"@type":"SearchAction","target":{"@type":"EntryPoint","urlTemplate":"https:\/\/www.webdo.tn\/fr\/?s={search_term_string}"},"query-input":{"@type":"PropertyValueSpecification","valueRequired":true,"valueName":"search_term_string"}}],"inLanguage":"fr-FR"},{"@type":"Organization","@id":"https:\/\/www.webdo.tn\/fr\/#organization","name":"Webdo","alternateName":"Webdo.tn","url":"https:\/\/www.webdo.tn\/fr\/","logo":{"@type":"ImageObject","inLanguage":"fr-FR","@id":"https:\/\/www.webdo.tn\/fr\/#\/schema\/logo\/image\/","url":"https:\/\/www.webdo.tn\/fr\/wp-content\/uploads\/2025\/06\/Webdo-Tunisie_168377.jpg","contentUrl":"https:\/\/www.webdo.tn\/fr\/wp-content\/uploads\/2025\/06\/Webdo-Tunisie_168377.jpg","width":301,"height":301,"caption":"Webdo"},"image":{"@id":"https:\/\/www.webdo.tn\/fr\/#\/schema\/logo\/image\/"},"sameAs":["https:\/\/www.facebook.com\/webdotn","https:\/\/x.com\/webdo_tn"],"description":"Webdo est un m\u00e9dia num\u00e9rique tunisien fond\u00e9 en 2010, sp\u00e9cialis\u00e9 dans l\u2019actualit\u00e9 nationale et internationale, l\u2019\u00e9conomie, la soci\u00e9t\u00e9 et les analyses politiques. Le site s\u2019adresse \u00e0 un large public francophone et couvre l\u2019information tunisienne en temps r\u00e9el.","email":"redac@webdo.tn","legalName":"YNJ SARL","foundingDate":"2010-09-06","numberOfEmployees":{"@type":"QuantitativeValue","minValue":"11","maxValue":"50"}},{"@type":"Person","@id":"https:\/\/www.webdo.tn\/fr\/#\/schema\/person\/2c4929cbf5a809e3bd38617c6ce150f6","name":"MC","image":{"@type":"ImageObject","inLanguage":"fr-FR","@id":"https:\/\/secure.gravatar.com\/avatar\/a545bbb6f84efdd5553dbbc2895e3ca8f1d12c5215e00a041c9670b54aa9b18a?s=96&d=mm&r=g","url":"https:\/\/secure.gravatar.com\/avatar\/a545bbb6f84efdd5553dbbc2895e3ca8f1d12c5215e00a041c9670b54aa9b18a?s=96&d=mm&r=g","contentUrl":"https:\/\/secure.gravatar.com\/avatar\/a545bbb6f84efdd5553dbbc2895e3ca8f1d12c5215e00a041c9670b54aa9b18a?s=96&d=mm&r=g","caption":"MC"},"url":"https:\/\/www.webdo.tn\/fr\/actualite\/author\/mc\/"}]}},"_links":{"self":[{"href":"https:\/\/www.webdo.tn\/fr\/wp-json\/wp\/v2\/posts\/218827","targetHints":{"allow":["GET"]}}],"collection":[{"href":"https:\/\/www.webdo.tn\/fr\/wp-json\/wp\/v2\/posts"}],"about":[{"href":"https:\/\/www.webdo.tn\/fr\/wp-json\/wp\/v2\/types\/post"}],"author":[{"embeddable":true,"href":"https:\/\/www.webdo.tn\/fr\/wp-json\/wp\/v2\/users\/3162"}],"replies":[{"embeddable":true,"href":"https:\/\/www.webdo.tn\/fr\/wp-json\/wp\/v2\/comments?post=218827"}],"version-history":[{"count":0,"href":"https:\/\/www.webdo.tn\/fr\/wp-json\/wp\/v2\/posts\/218827\/revisions"}],"wp:featuredmedia":[{"embeddable":true,"href":"https:\/\/www.webdo.tn\/fr\/wp-json\/wp\/v2\/media\/291639"}],"wp:attachment":[{"href":"https:\/\/www.webdo.tn\/fr\/wp-json\/wp\/v2\/media?parent=218827"}],"wp:term":[{"taxonomy":"category","embeddable":true,"href":"https:\/\/www.webdo.tn\/fr\/wp-json\/wp\/v2\/categories?post=218827"},{"taxonomy":"post_tag","embeddable":true,"href":"https:\/\/www.webdo.tn\/fr\/wp-json\/wp\/v2\/tags?post=218827"}],"curies":[{"name":"wp","href":"https:\/\/api.w.org\/{rel}","templated":true}]}}