{"id":218808,"date":"2025-01-03T13:00:00","date_gmt":"2025-01-03T13:00:00","guid":{"rendered":"https:\/\/www.webdo.tn\/fr\/blog\/2025\/01\/03\/tunisie-une-cargaison-algerienne-de-5-300-tonnes-de-gaz-domestique-accoste-a-bizerte\/"},"modified":"2025-05-20T21:44:30","modified_gmt":"2025-05-20T21:44:30","slug":"tunisie-une-cargaison-algerienne-de-5-300-tonnes-de-gaz-domestique-accoste-a-bizerte","status":"publish","type":"post","link":"https:\/\/www.webdo.tn\/fr\/actualite\/national\/tunisie-une-cargaison-algerienne-de-5-300-tonnes-de-gaz-domestique-accoste-a-bizerte\/218808\/","title":{"rendered":"Tunisie : Une cargaison alg\u00e9rienne de 5 300 tonnes de gaz domestique accoste \u00e0 Bizerte"},"content":{"rendered":"<p>Ce vendredi 3 janvier 2025, un navire en provenance d&rsquo;Alg\u00e9rie a accost\u00e9 au quai p\u00e9trolier du port commercial de Bizerte, apportant une cargaison de 5 300 tonnes de gaz destin\u00e9 \u00e0 un usage domestique. Cette op\u00e9ration, annonc\u00e9e par Salah Bargaoui, directeur de la soci\u00e9t\u00e9 Agil \u00e0 Bizerte, intervient pour r\u00e9pondre aux besoins accrus des m\u00e9nages, exacerb\u00e9s par la vague de froid qui touche actuellement le pays.\u00a0<\/p>\n<p>Le d\u00e9chargement de cette cargaison \u00a0a d\u00e9but\u00e9 sur le quai de la Soci\u00e9t\u00e9 tunisienne des industries de raffinage (STIR). Une fois le processus termin\u00e9, les bouteilles de gaz domestique seront \u00a0remplies et distribu\u00e9es dans les diff\u00e9rentes r\u00e9gions du nord et du nord-ouest du pays. Cette op\u00e9ration vise \u00e0 stabiliser l&rsquo;approvisionnement sur le march\u00e9 et \u00e0 garantir un acc\u00e8s suffisant pour les habitants et les professionnels dans une p\u00e9riode o\u00f9 la demande est en forte hausse.\u00a0<\/p>\n<p>Ce nouvel arrivage s\u2019inscrit dans une s\u00e9rie d\u2019op\u00e9rations similaires. Fin d\u00e9cembre, un navire comparable avait d\u00e9j\u00e0 livr\u00e9 une cargaison de gaz au port de Bizerte, permettant une r\u00e9partition efficace vers d&rsquo;autres gouvernorats.<\/p>\n","protected":false},"excerpt":{"rendered":"<p>Ce vendredi 3 janvier 2025, un navire en provenance d&rsquo;Alg\u00e9rie a accost\u00e9 au quai p\u00e9trolier du port commercial de Bizerte, apportant une cargaison de 5 300 tonnes&#8230;<\/p>\n","protected":false},"author":3162,"featured_media":243080,"comment_status":"open","ping_status":"open","sticky":false,"template":"","format":"standard","meta":{"footnotes":""},"categories":[44],"tags":[2907,2707,4420,4271,2608],"class_list":["post-218808","post","type-post","status-publish","format-standard","has-post-thumbnail","hentry","category-national","tag-algerie","tag-bizerte","tag-froid","tag-gaz-domestique","tag-tunisie"],"yoast_head":"<!-- This site is optimized with the Yoast SEO Premium plugin v27.5 (Yoast SEO v27.5) - https:\/\/yoast.com\/product\/yoast-seo-premium-wordpress\/ -->\n<title>Tunisie : Une cargaison alg\u00e9rienne de 5 300 tonnes de gaz domestique accoste \u00e0 Bizerte<\/title>\n<meta name=\"description\" content=\"Ce vendredi 3 janvier 2025, un navire en provenance d&#039;Alg\u00e9rie a accost\u00e9 au quai p\u00e9trolier du port commercial de Bizerte, apportant une cargaison de 5 300 tonnes...\" \/>\n<link rel=\"canonical\" href=\"https:\/\/www.webdo.tn\/fr\/actualite\/national\/tunisie-une-cargaison-algerienne-de-5-300-tonnes-de-gaz-domestique-accoste-a-bizerte\/218808\/\" \/>\n<meta property=\"og:locale\" content=\"fr_FR\" \/>\n<meta property=\"og:type\" content=\"article\" \/>\n<meta property=\"og:title\" content=\"Tunisie : Une cargaison alg\u00e9rienne de 5 300 tonnes de gaz domestique accoste \u00e0 Bizerte\" \/>\n<meta property=\"og:description\" content=\"Ce vendredi 3 janvier 2025, un navire en provenance d&#039;Alg\u00e9rie a accost\u00e9 au quai p\u00e9trolier du port commercial de Bizerte, apportant une cargaison de 5 300 tonnes...\" \/>\n<meta property=\"og:url\" content=\"https:\/\/www.webdo.tn\/fr\/actualite\/national\/tunisie-une-cargaison-algerienne-de-5-300-tonnes-de-gaz-domestique-accoste-a-bizerte\/218808\/\" \/>\n<meta property=\"og:site_name\" content=\"webdo\" \/>\n<meta property=\"article:publisher\" content=\"https:\/\/www.facebook.com\/webdotn\" \/>\n<meta property=\"article:published_time\" content=\"2025-01-03T13:00:00+00:00\" \/>\n<meta property=\"article:modified_time\" content=\"2025-05-20T21:44:30+00:00\" \/>\n<meta property=\"og:image\" content=\"https:\/\/www.webdo.tn\/fr\/wp-content\/uploads\/2025\/05\/d58e4c1a140a3ba947a1b97d2889edb4-2.webp\" \/>\n\t<meta property=\"og:image:width\" content=\"750\" \/>\n\t<meta property=\"og:image:height\" content=\"400\" \/>\n\t<meta property=\"og:image:type\" content=\"image\/webp\" \/>\n<meta name=\"author\" content=\"MC\" \/>\n<meta name=\"twitter:card\" content=\"summary_large_image\" \/>\n<meta name=\"twitter:creator\" content=\"@webdo_tn\" \/>\n<meta name=\"twitter:site\" content=\"@webdo_tn\" \/>\n<meta name=\"twitter:label1\" content=\"\u00c9crit par\" \/>\n\t<meta name=\"twitter:data1\" content=\"MC\" \/>\n\t<meta name=\"twitter:label2\" content=\"Dur\u00e9e de lecture estim\u00e9e\" \/>\n\t<meta name=\"twitter:data2\" content=\"1 minute\" \/>\n<script type=\"application\/ld+json\" class=\"yoast-schema-graph\">{\"@context\":\"https:\\\/\\\/schema.org\",\"@graph\":[{\"@type\":\"NewsArticle\",\"@id\":\"https:\\\/\\\/www.webdo.tn\\\/fr\\\/actualite\\\/national\\\/tunisie-une-cargaison-algerienne-de-5-300-tonnes-de-gaz-domestique-accoste-a-bizerte\\\/218808\\\/#article\",\"isPartOf\":{\"@id\":\"https:\\\/\\\/www.webdo.tn\\\/fr\\\/actualite\\\/national\\\/tunisie-une-cargaison-algerienne-de-5-300-tonnes-de-gaz-domestique-accoste-a-bizerte\\\/218808\\\/\"},\"author\":{\"name\":\"MC\",\"@id\":\"https:\\\/\\\/www.webdo.tn\\\/fr\\\/#\\\/schema\\\/person\\\/2c4929cbf5a809e3bd38617c6ce150f6\"},\"headline\":\"Tunisie : Une cargaison alg\u00e9rienne de 5 300 tonnes de gaz domestique accoste \u00e0 Bizerte\",\"datePublished\":\"2025-01-03T13:00:00+00:00\",\"dateModified\":\"2025-05-20T21:44:30+00:00\",\"mainEntityOfPage\":{\"@id\":\"https:\\\/\\\/www.webdo.tn\\\/fr\\\/actualite\\\/national\\\/tunisie-une-cargaison-algerienne-de-5-300-tonnes-de-gaz-domestique-accoste-a-bizerte\\\/218808\\\/\"},\"wordCount\":204,\"commentCount\":0,\"publisher\":{\"@id\":\"https:\\\/\\\/www.webdo.tn\\\/fr\\\/#organization\"},\"image\":{\"@id\":\"https:\\\/\\\/www.webdo.tn\\\/fr\\\/actualite\\\/national\\\/tunisie-une-cargaison-algerienne-de-5-300-tonnes-de-gaz-domestique-accoste-a-bizerte\\\/218808\\\/#primaryimage\"},\"thumbnailUrl\":\"https:\\\/\\\/www.webdo.tn\\\/fr\\\/wp-content\\\/uploads\\\/2025\\\/05\\\/d58e4c1a140a3ba947a1b97d2889edb4-2.webp\",\"keywords\":[\"Alg\u00e9rie\",\"Bizerte\",\"froid\",\"gaz domestique\",\"Tunisie\"],\"articleSection\":[\"National\"],\"inLanguage\":\"fr-FR\"},{\"@type\":\"WebPage\",\"@id\":\"https:\\\/\\\/www.webdo.tn\\\/fr\\\/actualite\\\/national\\\/tunisie-une-cargaison-algerienne-de-5-300-tonnes-de-gaz-domestique-accoste-a-bizerte\\\/218808\\\/\",\"url\":\"https:\\\/\\\/www.webdo.tn\\\/fr\\\/actualite\\\/national\\\/tunisie-une-cargaison-algerienne-de-5-300-tonnes-de-gaz-domestique-accoste-a-bizerte\\\/218808\\\/\",\"name\":\"Tunisie : Une cargaison alg\u00e9rienne de 5 300 tonnes de gaz domestique accoste \u00e0 Bizerte\",\"isPartOf\":{\"@id\":\"https:\\\/\\\/www.webdo.tn\\\/fr\\\/#website\"},\"primaryImageOfPage\":{\"@id\":\"https:\\\/\\\/www.webdo.tn\\\/fr\\\/actualite\\\/national\\\/tunisie-une-cargaison-algerienne-de-5-300-tonnes-de-gaz-domestique-accoste-a-bizerte\\\/218808\\\/#primaryimage\"},\"image\":{\"@id\":\"https:\\\/\\\/www.webdo.tn\\\/fr\\\/actualite\\\/national\\\/tunisie-une-cargaison-algerienne-de-5-300-tonnes-de-gaz-domestique-accoste-a-bizerte\\\/218808\\\/#primaryimage\"},\"thumbnailUrl\":\"https:\\\/\\\/www.webdo.tn\\\/fr\\\/wp-content\\\/uploads\\\/2025\\\/05\\\/d58e4c1a140a3ba947a1b97d2889edb4-2.webp\",\"datePublished\":\"2025-01-03T13:00:00+00:00\",\"dateModified\":\"2025-05-20T21:44:30+00:00\",\"description\":\"Ce vendredi 3 janvier 2025, un navire en provenance d'Alg\u00e9rie a accost\u00e9 au quai p\u00e9trolier du port commercial de Bizerte, apportant une cargaison de 5 300 tonnes...\",\"breadcrumb\":{\"@id\":\"https:\\\/\\\/www.webdo.tn\\\/fr\\\/actualite\\\/national\\\/tunisie-une-cargaison-algerienne-de-5-300-tonnes-de-gaz-domestique-accoste-a-bizerte\\\/218808\\\/#breadcrumb\"},\"inLanguage\":\"fr-FR\",\"potentialAction\":[{\"@type\":\"ReadAction\",\"target\":[\"https:\\\/\\\/www.webdo.tn\\\/fr\\\/actualite\\\/national\\\/tunisie-une-cargaison-algerienne-de-5-300-tonnes-de-gaz-domestique-accoste-a-bizerte\\\/218808\\\/\"]}]},{\"@type\":\"ImageObject\",\"inLanguage\":\"fr-FR\",\"@id\":\"https:\\\/\\\/www.webdo.tn\\\/fr\\\/actualite\\\/national\\\/tunisie-une-cargaison-algerienne-de-5-300-tonnes-de-gaz-domestique-accoste-a-bizerte\\\/218808\\\/#primaryimage\",\"url\":\"https:\\\/\\\/www.webdo.tn\\\/fr\\\/wp-content\\\/uploads\\\/2025\\\/05\\\/d58e4c1a140a3ba947a1b97d2889edb4-2.webp\",\"contentUrl\":\"https:\\\/\\\/www.webdo.tn\\\/fr\\\/wp-content\\\/uploads\\\/2025\\\/05\\\/d58e4c1a140a3ba947a1b97d2889edb4-2.webp\",\"width\":750,\"height\":400},{\"@type\":\"BreadcrumbList\",\"@id\":\"https:\\\/\\\/www.webdo.tn\\\/fr\\\/actualite\\\/national\\\/tunisie-une-cargaison-algerienne-de-5-300-tonnes-de-gaz-domestique-accoste-a-bizerte\\\/218808\\\/#breadcrumb\",\"itemListElement\":[{\"@type\":\"ListItem\",\"position\":1,\"name\":\"Accueil\",\"item\":\"https:\\\/\\\/www.webdo.tn\\\/fr\\\/\"},{\"@type\":\"ListItem\",\"position\":2,\"name\":\"Tunisie : Une cargaison alg\u00e9rienne de 5 300 tonnes de gaz domestique accoste \u00e0 Bizerte\"}]},{\"@type\":\"WebSite\",\"@id\":\"https:\\\/\\\/www.webdo.tn\\\/fr\\\/#website\",\"url\":\"https:\\\/\\\/www.webdo.tn\\\/fr\\\/\",\"name\":\"webdo\",\"description\":\"Tunisie - News en Tunisie et \u00e0 l&#039;international sur Webdo.tn\",\"publisher\":{\"@id\":\"https:\\\/\\\/www.webdo.tn\\\/fr\\\/#organization\"},\"potentialAction\":[{\"@type\":\"SearchAction\",\"target\":{\"@type\":\"EntryPoint\",\"urlTemplate\":\"https:\\\/\\\/www.webdo.tn\\\/fr\\\/?s={search_term_string}\"},\"query-input\":{\"@type\":\"PropertyValueSpecification\",\"valueRequired\":true,\"valueName\":\"search_term_string\"}}],\"inLanguage\":\"fr-FR\"},{\"@type\":\"Organization\",\"@id\":\"https:\\\/\\\/www.webdo.tn\\\/fr\\\/#organization\",\"name\":\"Webdo\",\"alternateName\":\"Webdo.tn\",\"url\":\"https:\\\/\\\/www.webdo.tn\\\/fr\\\/\",\"logo\":{\"@type\":\"ImageObject\",\"inLanguage\":\"fr-FR\",\"@id\":\"https:\\\/\\\/www.webdo.tn\\\/fr\\\/#\\\/schema\\\/logo\\\/image\\\/\",\"url\":\"https:\\\/\\\/www.webdo.tn\\\/fr\\\/wp-content\\\/uploads\\\/2025\\\/06\\\/Webdo-Tunisie_168377.jpg\",\"contentUrl\":\"https:\\\/\\\/www.webdo.tn\\\/fr\\\/wp-content\\\/uploads\\\/2025\\\/06\\\/Webdo-Tunisie_168377.jpg\",\"width\":301,\"height\":301,\"caption\":\"Webdo\"},\"image\":{\"@id\":\"https:\\\/\\\/www.webdo.tn\\\/fr\\\/#\\\/schema\\\/logo\\\/image\\\/\"},\"sameAs\":[\"https:\\\/\\\/www.facebook.com\\\/webdotn\",\"https:\\\/\\\/x.com\\\/webdo_tn\"],\"description\":\"Webdo est un m\u00e9dia num\u00e9rique tunisien fond\u00e9 en 2010, sp\u00e9cialis\u00e9 dans l\u2019actualit\u00e9 nationale et internationale, l\u2019\u00e9conomie, la soci\u00e9t\u00e9 et les analyses politiques. Le site s\u2019adresse \u00e0 un large public francophone et couvre l\u2019information tunisienne en temps r\u00e9el.\",\"email\":\"redac@webdo.tn\",\"legalName\":\"YNJ SARL\",\"foundingDate\":\"2010-09-06\",\"numberOfEmployees\":{\"@type\":\"QuantitativeValue\",\"minValue\":\"11\",\"maxValue\":\"50\"}},{\"@type\":\"Person\",\"@id\":\"https:\\\/\\\/www.webdo.tn\\\/fr\\\/#\\\/schema\\\/person\\\/2c4929cbf5a809e3bd38617c6ce150f6\",\"name\":\"MC\",\"image\":{\"@type\":\"ImageObject\",\"inLanguage\":\"fr-FR\",\"@id\":\"https:\\\/\\\/secure.gravatar.com\\\/avatar\\\/a545bbb6f84efdd5553dbbc2895e3ca8f1d12c5215e00a041c9670b54aa9b18a?s=96&d=mm&r=g\",\"url\":\"https:\\\/\\\/secure.gravatar.com\\\/avatar\\\/a545bbb6f84efdd5553dbbc2895e3ca8f1d12c5215e00a041c9670b54aa9b18a?s=96&d=mm&r=g\",\"contentUrl\":\"https:\\\/\\\/secure.gravatar.com\\\/avatar\\\/a545bbb6f84efdd5553dbbc2895e3ca8f1d12c5215e00a041c9670b54aa9b18a?s=96&d=mm&r=g\",\"caption\":\"MC\"},\"url\":\"https:\\\/\\\/www.webdo.tn\\\/fr\\\/actualite\\\/author\\\/mc\\\/\"}]}<\/script>\n<!-- \/ Yoast SEO Premium plugin. -->","yoast_head_json":{"title":"Tunisie : Une cargaison alg\u00e9rienne de 5 300 tonnes de gaz domestique accoste \u00e0 Bizerte","description":"Ce vendredi 3 janvier 2025, un navire en provenance d'Alg\u00e9rie a accost\u00e9 au quai p\u00e9trolier du port commercial de Bizerte, apportant une cargaison de 5 300 tonnes...","canonical":"https:\/\/www.webdo.tn\/fr\/actualite\/national\/tunisie-une-cargaison-algerienne-de-5-300-tonnes-de-gaz-domestique-accoste-a-bizerte\/218808\/","og_locale":"fr_FR","og_type":"article","og_title":"Tunisie : Une cargaison alg\u00e9rienne de 5 300 tonnes de gaz domestique accoste \u00e0 Bizerte","og_description":"Ce vendredi 3 janvier 2025, un navire en provenance d'Alg\u00e9rie a accost\u00e9 au quai p\u00e9trolier du port commercial de Bizerte, apportant une cargaison de 5 300 tonnes...","og_url":"https:\/\/www.webdo.tn\/fr\/actualite\/national\/tunisie-une-cargaison-algerienne-de-5-300-tonnes-de-gaz-domestique-accoste-a-bizerte\/218808\/","og_site_name":"webdo","article_publisher":"https:\/\/www.facebook.com\/webdotn","article_published_time":"2025-01-03T13:00:00+00:00","article_modified_time":"2025-05-20T21:44:30+00:00","og_image":[{"width":750,"height":400,"url":"https:\/\/www.webdo.tn\/fr\/wp-content\/uploads\/2025\/05\/d58e4c1a140a3ba947a1b97d2889edb4-2.webp","type":"image\/webp"}],"author":"MC","twitter_card":"summary_large_image","twitter_creator":"@webdo_tn","twitter_site":"@webdo_tn","twitter_misc":{"\u00c9crit par":"MC","Dur\u00e9e de lecture estim\u00e9e":"1 minute"},"schema":{"@context":"https:\/\/schema.org","@graph":[{"@type":"NewsArticle","@id":"https:\/\/www.webdo.tn\/fr\/actualite\/national\/tunisie-une-cargaison-algerienne-de-5-300-tonnes-de-gaz-domestique-accoste-a-bizerte\/218808\/#article","isPartOf":{"@id":"https:\/\/www.webdo.tn\/fr\/actualite\/national\/tunisie-une-cargaison-algerienne-de-5-300-tonnes-de-gaz-domestique-accoste-a-bizerte\/218808\/"},"author":{"name":"MC","@id":"https:\/\/www.webdo.tn\/fr\/#\/schema\/person\/2c4929cbf5a809e3bd38617c6ce150f6"},"headline":"Tunisie : Une cargaison alg\u00e9rienne de 5 300 tonnes de gaz domestique accoste \u00e0 Bizerte","datePublished":"2025-01-03T13:00:00+00:00","dateModified":"2025-05-20T21:44:30+00:00","mainEntityOfPage":{"@id":"https:\/\/www.webdo.tn\/fr\/actualite\/national\/tunisie-une-cargaison-algerienne-de-5-300-tonnes-de-gaz-domestique-accoste-a-bizerte\/218808\/"},"wordCount":204,"commentCount":0,"publisher":{"@id":"https:\/\/www.webdo.tn\/fr\/#organization"},"image":{"@id":"https:\/\/www.webdo.tn\/fr\/actualite\/national\/tunisie-une-cargaison-algerienne-de-5-300-tonnes-de-gaz-domestique-accoste-a-bizerte\/218808\/#primaryimage"},"thumbnailUrl":"https:\/\/www.webdo.tn\/fr\/wp-content\/uploads\/2025\/05\/d58e4c1a140a3ba947a1b97d2889edb4-2.webp","keywords":["Alg\u00e9rie","Bizerte","froid","gaz domestique","Tunisie"],"articleSection":["National"],"inLanguage":"fr-FR"},{"@type":"WebPage","@id":"https:\/\/www.webdo.tn\/fr\/actualite\/national\/tunisie-une-cargaison-algerienne-de-5-300-tonnes-de-gaz-domestique-accoste-a-bizerte\/218808\/","url":"https:\/\/www.webdo.tn\/fr\/actualite\/national\/tunisie-une-cargaison-algerienne-de-5-300-tonnes-de-gaz-domestique-accoste-a-bizerte\/218808\/","name":"Tunisie : Une cargaison alg\u00e9rienne de 5 300 tonnes de gaz domestique accoste \u00e0 Bizerte","isPartOf":{"@id":"https:\/\/www.webdo.tn\/fr\/#website"},"primaryImageOfPage":{"@id":"https:\/\/www.webdo.tn\/fr\/actualite\/national\/tunisie-une-cargaison-algerienne-de-5-300-tonnes-de-gaz-domestique-accoste-a-bizerte\/218808\/#primaryimage"},"image":{"@id":"https:\/\/www.webdo.tn\/fr\/actualite\/national\/tunisie-une-cargaison-algerienne-de-5-300-tonnes-de-gaz-domestique-accoste-a-bizerte\/218808\/#primaryimage"},"thumbnailUrl":"https:\/\/www.webdo.tn\/fr\/wp-content\/uploads\/2025\/05\/d58e4c1a140a3ba947a1b97d2889edb4-2.webp","datePublished":"2025-01-03T13:00:00+00:00","dateModified":"2025-05-20T21:44:30+00:00","description":"Ce vendredi 3 janvier 2025, un navire en provenance d'Alg\u00e9rie a accost\u00e9 au quai p\u00e9trolier du port commercial de Bizerte, apportant une cargaison de 5 300 tonnes...","breadcrumb":{"@id":"https:\/\/www.webdo.tn\/fr\/actualite\/national\/tunisie-une-cargaison-algerienne-de-5-300-tonnes-de-gaz-domestique-accoste-a-bizerte\/218808\/#breadcrumb"},"inLanguage":"fr-FR","potentialAction":[{"@type":"ReadAction","target":["https:\/\/www.webdo.tn\/fr\/actualite\/national\/tunisie-une-cargaison-algerienne-de-5-300-tonnes-de-gaz-domestique-accoste-a-bizerte\/218808\/"]}]},{"@type":"ImageObject","inLanguage":"fr-FR","@id":"https:\/\/www.webdo.tn\/fr\/actualite\/national\/tunisie-une-cargaison-algerienne-de-5-300-tonnes-de-gaz-domestique-accoste-a-bizerte\/218808\/#primaryimage","url":"https:\/\/www.webdo.tn\/fr\/wp-content\/uploads\/2025\/05\/d58e4c1a140a3ba947a1b97d2889edb4-2.webp","contentUrl":"https:\/\/www.webdo.tn\/fr\/wp-content\/uploads\/2025\/05\/d58e4c1a140a3ba947a1b97d2889edb4-2.webp","width":750,"height":400},{"@type":"BreadcrumbList","@id":"https:\/\/www.webdo.tn\/fr\/actualite\/national\/tunisie-une-cargaison-algerienne-de-5-300-tonnes-de-gaz-domestique-accoste-a-bizerte\/218808\/#breadcrumb","itemListElement":[{"@type":"ListItem","position":1,"name":"Accueil","item":"https:\/\/www.webdo.tn\/fr\/"},{"@type":"ListItem","position":2,"name":"Tunisie : Une cargaison alg\u00e9rienne de 5 300 tonnes de gaz domestique accoste \u00e0 Bizerte"}]},{"@type":"WebSite","@id":"https:\/\/www.webdo.tn\/fr\/#website","url":"https:\/\/www.webdo.tn\/fr\/","name":"webdo","description":"Tunisie - News en Tunisie et \u00e0 l&#039;international sur Webdo.tn","publisher":{"@id":"https:\/\/www.webdo.tn\/fr\/#organization"},"potentialAction":[{"@type":"SearchAction","target":{"@type":"EntryPoint","urlTemplate":"https:\/\/www.webdo.tn\/fr\/?s={search_term_string}"},"query-input":{"@type":"PropertyValueSpecification","valueRequired":true,"valueName":"search_term_string"}}],"inLanguage":"fr-FR"},{"@type":"Organization","@id":"https:\/\/www.webdo.tn\/fr\/#organization","name":"Webdo","alternateName":"Webdo.tn","url":"https:\/\/www.webdo.tn\/fr\/","logo":{"@type":"ImageObject","inLanguage":"fr-FR","@id":"https:\/\/www.webdo.tn\/fr\/#\/schema\/logo\/image\/","url":"https:\/\/www.webdo.tn\/fr\/wp-content\/uploads\/2025\/06\/Webdo-Tunisie_168377.jpg","contentUrl":"https:\/\/www.webdo.tn\/fr\/wp-content\/uploads\/2025\/06\/Webdo-Tunisie_168377.jpg","width":301,"height":301,"caption":"Webdo"},"image":{"@id":"https:\/\/www.webdo.tn\/fr\/#\/schema\/logo\/image\/"},"sameAs":["https:\/\/www.facebook.com\/webdotn","https:\/\/x.com\/webdo_tn"],"description":"Webdo est un m\u00e9dia num\u00e9rique tunisien fond\u00e9 en 2010, sp\u00e9cialis\u00e9 dans l\u2019actualit\u00e9 nationale et internationale, l\u2019\u00e9conomie, la soci\u00e9t\u00e9 et les analyses politiques. Le site s\u2019adresse \u00e0 un large public francophone et couvre l\u2019information tunisienne en temps r\u00e9el.","email":"redac@webdo.tn","legalName":"YNJ SARL","foundingDate":"2010-09-06","numberOfEmployees":{"@type":"QuantitativeValue","minValue":"11","maxValue":"50"}},{"@type":"Person","@id":"https:\/\/www.webdo.tn\/fr\/#\/schema\/person\/2c4929cbf5a809e3bd38617c6ce150f6","name":"MC","image":{"@type":"ImageObject","inLanguage":"fr-FR","@id":"https:\/\/secure.gravatar.com\/avatar\/a545bbb6f84efdd5553dbbc2895e3ca8f1d12c5215e00a041c9670b54aa9b18a?s=96&d=mm&r=g","url":"https:\/\/secure.gravatar.com\/avatar\/a545bbb6f84efdd5553dbbc2895e3ca8f1d12c5215e00a041c9670b54aa9b18a?s=96&d=mm&r=g","contentUrl":"https:\/\/secure.gravatar.com\/avatar\/a545bbb6f84efdd5553dbbc2895e3ca8f1d12c5215e00a041c9670b54aa9b18a?s=96&d=mm&r=g","caption":"MC"},"url":"https:\/\/www.webdo.tn\/fr\/actualite\/author\/mc\/"}]}},"_links":{"self":[{"href":"https:\/\/www.webdo.tn\/fr\/wp-json\/wp\/v2\/posts\/218808","targetHints":{"allow":["GET"]}}],"collection":[{"href":"https:\/\/www.webdo.tn\/fr\/wp-json\/wp\/v2\/posts"}],"about":[{"href":"https:\/\/www.webdo.tn\/fr\/wp-json\/wp\/v2\/types\/post"}],"author":[{"embeddable":true,"href":"https:\/\/www.webdo.tn\/fr\/wp-json\/wp\/v2\/users\/3162"}],"replies":[{"embeddable":true,"href":"https:\/\/www.webdo.tn\/fr\/wp-json\/wp\/v2\/comments?post=218808"}],"version-history":[{"count":0,"href":"https:\/\/www.webdo.tn\/fr\/wp-json\/wp\/v2\/posts\/218808\/revisions"}],"wp:featuredmedia":[{"embeddable":true,"href":"https:\/\/www.webdo.tn\/fr\/wp-json\/wp\/v2\/media\/243080"}],"wp:attachment":[{"href":"https:\/\/www.webdo.tn\/fr\/wp-json\/wp\/v2\/media?parent=218808"}],"wp:term":[{"taxonomy":"category","embeddable":true,"href":"https:\/\/www.webdo.tn\/fr\/wp-json\/wp\/v2\/categories?post=218808"},{"taxonomy":"post_tag","embeddable":true,"href":"https:\/\/www.webdo.tn\/fr\/wp-json\/wp\/v2\/tags?post=218808"}],"curies":[{"name":"wp","href":"https:\/\/api.w.org\/{rel}","templated":true}]}}