{"id":218793,"date":"2025-01-03T08:32:00","date_gmt":"2025-01-03T08:32:00","guid":{"rendered":"https:\/\/www.webdo.tn\/fr\/blog\/2025\/01\/03\/une-touche-tunisienne-pour-le-nouveau-generique-des-jt-d-al-wattania\/"},"modified":"2025-05-20T22:20:47","modified_gmt":"2025-05-20T22:20:47","slug":"une-touche-tunisienne-pour-le-nouveau-generique-des-jt-d-al-wattania","status":"publish","type":"post","link":"https:\/\/www.webdo.tn\/fr\/actualite\/culture\/une-touche-tunisienne-pour-le-nouveau-generique-des-jt-d-al-wattania\/218793\/","title":{"rendered":"Une touche tunisienne pour le nouveau g\u00e9n\u00e9rique des JT d\u2019Al-Wattania"},"content":{"rendered":"<p>La T\u00e9l\u00e9vision Tunisienne a r\u00e9cemment entam\u00e9 une initiative in\u00e9dite pour r\u00e9inventer l&rsquo;identit\u00e9 sonore de ses journaux t\u00e9l\u00e9vis\u00e9s.\u00a0<\/p>\n<p>\t\t\t\t\t\t\t\t\tDans le Studio 8 de la Radio Tunisienne, un nouveau \u00ab\u00a0g\u00e9n\u00e9rique\u00a0\u00bb musical a \u00e9t\u00e9 enregistr\u00e9 sous la direction du maestro Zied Zouari.<\/p>\n<p>Ce projet, qui met en avant une orchestration aux sonorit\u00e9s typiquement tunisiennes, vise \u00e0 offrir une exp\u00e9rience sonore unique et \u00e0 renforcer le lien entre le public et l&rsquo;identit\u00e9 nationale.\u00a0<\/p>\n<p>En effet, le Studio 8, a accueilli les musiciens et techniciens impliqu\u00e9s dans cette production. Le processus d&rsquo;enregistrement a \u00e9t\u00e9 minutieux, avec une attention particuli\u00e8re port\u00e9e \u00e0 chaque d\u00e9tail pour traduire fid\u00e8lement l&rsquo;essence culturelle du pays \u00e0 travers la musique, selon l\u2019\u00e9tablissement de la t\u00e9l\u00e9vision nationale.\u00a0<\/p>\n<p>Ce nouveau g\u00e9n\u00e9rique a d\u00e9j\u00e0 diffus\u00e9 marquant ainsi une nouvelle \u00e9tape dans la modernisation des contenus de la t\u00e9l\u00e9vision nationale.<\/p>\n","protected":false},"excerpt":{"rendered":"<p>Dans le Studio 8 de la Radio Tunisienne, un nouveau  g\u00e9n\u00e9rique  musical a \u00e9t\u00e9 enregistr\u00e9 sous la direction du maestro Zied Zouari.<\/p>\n","protected":false},"author":3163,"featured_media":243058,"comment_status":"open","ping_status":"open","sticky":false,"template":"","format":"standard","meta":{"footnotes":""},"categories":[2594],"tags":[4517,4516,4515,2608],"class_list":["post-218793","post","type-post","status-publish","format-standard","has-post-thumbnail","hentry","category-culture","tag-generique","tag-jt","tag-television-nationale","tag-tunisie"],"yoast_head":"<!-- This site is optimized with the Yoast SEO Premium plugin v27.5 (Yoast SEO v27.5) - https:\/\/yoast.com\/product\/yoast-seo-premium-wordpress\/ -->\n<title>Une touche tunisienne pour le nouveau g\u00e9n\u00e9rique des JT d\u2019Al-Wattania<\/title>\n<meta name=\"description\" content=\"Dans le Studio 8 de la Radio Tunisienne, un nouveau g\u00e9n\u00e9rique musical a \u00e9t\u00e9 enregistr\u00e9 sous la direction du maestro Zied Zouari.\" \/>\n<link rel=\"canonical\" href=\"https:\/\/www.webdo.tn\/fr\/actualite\/culture\/une-touche-tunisienne-pour-le-nouveau-generique-des-jt-d-al-wattania\/218793\/\" \/>\n<meta property=\"og:locale\" content=\"fr_FR\" \/>\n<meta property=\"og:type\" content=\"article\" \/>\n<meta property=\"og:title\" content=\"Une touche tunisienne pour le nouveau g\u00e9n\u00e9rique des JT d\u2019Al-Wattania\" \/>\n<meta property=\"og:description\" content=\"Dans le Studio 8 de la Radio Tunisienne, un nouveau g\u00e9n\u00e9rique musical a \u00e9t\u00e9 enregistr\u00e9 sous la direction du maestro Zied Zouari.\" \/>\n<meta property=\"og:url\" content=\"https:\/\/www.webdo.tn\/fr\/actualite\/culture\/une-touche-tunisienne-pour-le-nouveau-generique-des-jt-d-al-wattania\/218793\/\" \/>\n<meta property=\"og:site_name\" content=\"webdo\" \/>\n<meta property=\"article:publisher\" content=\"https:\/\/www.facebook.com\/webdotn\" \/>\n<meta property=\"article:published_time\" content=\"2025-01-03T08:32:00+00:00\" \/>\n<meta property=\"article:modified_time\" content=\"2025-05-20T22:20:47+00:00\" \/>\n<meta property=\"og:image\" content=\"https:\/\/www.webdo.tn\/fr\/wp-content\/uploads\/2025\/05\/98fde04046d4ec0ff1a8c1cdd7d09dee-2.webp\" \/>\n\t<meta property=\"og:image:width\" content=\"750\" \/>\n\t<meta property=\"og:image:height\" content=\"400\" \/>\n\t<meta property=\"og:image:type\" content=\"image\/webp\" \/>\n<meta name=\"author\" content=\"KJ\" \/>\n<meta name=\"twitter:card\" content=\"summary_large_image\" \/>\n<meta name=\"twitter:creator\" content=\"@webdo_tn\" \/>\n<meta name=\"twitter:site\" content=\"@webdo_tn\" \/>\n<meta name=\"twitter:label1\" content=\"\u00c9crit par\" \/>\n\t<meta name=\"twitter:data1\" content=\"KJ\" \/>\n\t<meta name=\"twitter:label2\" content=\"Dur\u00e9e de lecture estim\u00e9e\" \/>\n\t<meta name=\"twitter:data2\" content=\"1 minute\" \/>\n<script type=\"application\/ld+json\" class=\"yoast-schema-graph\">{\"@context\":\"https:\\\/\\\/schema.org\",\"@graph\":[{\"@type\":\"NewsArticle\",\"@id\":\"https:\\\/\\\/www.webdo.tn\\\/fr\\\/actualite\\\/culture\\\/une-touche-tunisienne-pour-le-nouveau-generique-des-jt-d-al-wattania\\\/218793\\\/#article\",\"isPartOf\":{\"@id\":\"https:\\\/\\\/www.webdo.tn\\\/fr\\\/actualite\\\/culture\\\/une-touche-tunisienne-pour-le-nouveau-generique-des-jt-d-al-wattania\\\/218793\\\/\"},\"author\":{\"name\":\"KJ\",\"@id\":\"https:\\\/\\\/www.webdo.tn\\\/fr\\\/#\\\/schema\\\/person\\\/82ca085b22037d285e1a3c4b65ba5f71\"},\"headline\":\"Une touche tunisienne pour le nouveau g\u00e9n\u00e9rique des JT d\u2019Al-Wattania\",\"datePublished\":\"2025-01-03T08:32:00+00:00\",\"dateModified\":\"2025-05-20T22:20:47+00:00\",\"mainEntityOfPage\":{\"@id\":\"https:\\\/\\\/www.webdo.tn\\\/fr\\\/actualite\\\/culture\\\/une-touche-tunisienne-pour-le-nouveau-generique-des-jt-d-al-wattania\\\/218793\\\/\"},\"wordCount\":171,\"commentCount\":0,\"publisher\":{\"@id\":\"https:\\\/\\\/www.webdo.tn\\\/fr\\\/#organization\"},\"image\":{\"@id\":\"https:\\\/\\\/www.webdo.tn\\\/fr\\\/actualite\\\/culture\\\/une-touche-tunisienne-pour-le-nouveau-generique-des-jt-d-al-wattania\\\/218793\\\/#primaryimage\"},\"thumbnailUrl\":\"https:\\\/\\\/www.webdo.tn\\\/fr\\\/wp-content\\\/uploads\\\/2025\\\/05\\\/98fde04046d4ec0ff1a8c1cdd7d09dee-2.webp\",\"keywords\":[\"g\u00e9n\u00e9rique\",\"JT\",\"t\u00e9l\u00e9vision nationale\",\"Tunisie\"],\"articleSection\":[\"Culture\"],\"inLanguage\":\"fr-FR\"},{\"@type\":\"WebPage\",\"@id\":\"https:\\\/\\\/www.webdo.tn\\\/fr\\\/actualite\\\/culture\\\/une-touche-tunisienne-pour-le-nouveau-generique-des-jt-d-al-wattania\\\/218793\\\/\",\"url\":\"https:\\\/\\\/www.webdo.tn\\\/fr\\\/actualite\\\/culture\\\/une-touche-tunisienne-pour-le-nouveau-generique-des-jt-d-al-wattania\\\/218793\\\/\",\"name\":\"Une touche tunisienne pour le nouveau g\u00e9n\u00e9rique des JT d\u2019Al-Wattania\",\"isPartOf\":{\"@id\":\"https:\\\/\\\/www.webdo.tn\\\/fr\\\/#website\"},\"primaryImageOfPage\":{\"@id\":\"https:\\\/\\\/www.webdo.tn\\\/fr\\\/actualite\\\/culture\\\/une-touche-tunisienne-pour-le-nouveau-generique-des-jt-d-al-wattania\\\/218793\\\/#primaryimage\"},\"image\":{\"@id\":\"https:\\\/\\\/www.webdo.tn\\\/fr\\\/actualite\\\/culture\\\/une-touche-tunisienne-pour-le-nouveau-generique-des-jt-d-al-wattania\\\/218793\\\/#primaryimage\"},\"thumbnailUrl\":\"https:\\\/\\\/www.webdo.tn\\\/fr\\\/wp-content\\\/uploads\\\/2025\\\/05\\\/98fde04046d4ec0ff1a8c1cdd7d09dee-2.webp\",\"datePublished\":\"2025-01-03T08:32:00+00:00\",\"dateModified\":\"2025-05-20T22:20:47+00:00\",\"description\":\"Dans le Studio 8 de la Radio Tunisienne, un nouveau g\u00e9n\u00e9rique musical a \u00e9t\u00e9 enregistr\u00e9 sous la direction du maestro Zied Zouari.\",\"breadcrumb\":{\"@id\":\"https:\\\/\\\/www.webdo.tn\\\/fr\\\/actualite\\\/culture\\\/une-touche-tunisienne-pour-le-nouveau-generique-des-jt-d-al-wattania\\\/218793\\\/#breadcrumb\"},\"inLanguage\":\"fr-FR\",\"potentialAction\":[{\"@type\":\"ReadAction\",\"target\":[\"https:\\\/\\\/www.webdo.tn\\\/fr\\\/actualite\\\/culture\\\/une-touche-tunisienne-pour-le-nouveau-generique-des-jt-d-al-wattania\\\/218793\\\/\"]}]},{\"@type\":\"ImageObject\",\"inLanguage\":\"fr-FR\",\"@id\":\"https:\\\/\\\/www.webdo.tn\\\/fr\\\/actualite\\\/culture\\\/une-touche-tunisienne-pour-le-nouveau-generique-des-jt-d-al-wattania\\\/218793\\\/#primaryimage\",\"url\":\"https:\\\/\\\/www.webdo.tn\\\/fr\\\/wp-content\\\/uploads\\\/2025\\\/05\\\/98fde04046d4ec0ff1a8c1cdd7d09dee-2.webp\",\"contentUrl\":\"https:\\\/\\\/www.webdo.tn\\\/fr\\\/wp-content\\\/uploads\\\/2025\\\/05\\\/98fde04046d4ec0ff1a8c1cdd7d09dee-2.webp\",\"width\":750,\"height\":400},{\"@type\":\"BreadcrumbList\",\"@id\":\"https:\\\/\\\/www.webdo.tn\\\/fr\\\/actualite\\\/culture\\\/une-touche-tunisienne-pour-le-nouveau-generique-des-jt-d-al-wattania\\\/218793\\\/#breadcrumb\",\"itemListElement\":[{\"@type\":\"ListItem\",\"position\":1,\"name\":\"Accueil\",\"item\":\"https:\\\/\\\/www.webdo.tn\\\/fr\\\/\"},{\"@type\":\"ListItem\",\"position\":2,\"name\":\"Une touche tunisienne pour le nouveau g\u00e9n\u00e9rique des JT d\u2019Al-Wattania\"}]},{\"@type\":\"WebSite\",\"@id\":\"https:\\\/\\\/www.webdo.tn\\\/fr\\\/#website\",\"url\":\"https:\\\/\\\/www.webdo.tn\\\/fr\\\/\",\"name\":\"webdo\",\"description\":\"Tunisie - News en Tunisie et \u00e0 l&#039;international sur Webdo.tn\",\"publisher\":{\"@id\":\"https:\\\/\\\/www.webdo.tn\\\/fr\\\/#organization\"},\"potentialAction\":[{\"@type\":\"SearchAction\",\"target\":{\"@type\":\"EntryPoint\",\"urlTemplate\":\"https:\\\/\\\/www.webdo.tn\\\/fr\\\/?s={search_term_string}\"},\"query-input\":{\"@type\":\"PropertyValueSpecification\",\"valueRequired\":true,\"valueName\":\"search_term_string\"}}],\"inLanguage\":\"fr-FR\"},{\"@type\":\"Organization\",\"@id\":\"https:\\\/\\\/www.webdo.tn\\\/fr\\\/#organization\",\"name\":\"Webdo\",\"alternateName\":\"Webdo.tn\",\"url\":\"https:\\\/\\\/www.webdo.tn\\\/fr\\\/\",\"logo\":{\"@type\":\"ImageObject\",\"inLanguage\":\"fr-FR\",\"@id\":\"https:\\\/\\\/www.webdo.tn\\\/fr\\\/#\\\/schema\\\/logo\\\/image\\\/\",\"url\":\"https:\\\/\\\/www.webdo.tn\\\/fr\\\/wp-content\\\/uploads\\\/2025\\\/06\\\/Webdo-Tunisie_168377.jpg\",\"contentUrl\":\"https:\\\/\\\/www.webdo.tn\\\/fr\\\/wp-content\\\/uploads\\\/2025\\\/06\\\/Webdo-Tunisie_168377.jpg\",\"width\":301,\"height\":301,\"caption\":\"Webdo\"},\"image\":{\"@id\":\"https:\\\/\\\/www.webdo.tn\\\/fr\\\/#\\\/schema\\\/logo\\\/image\\\/\"},\"sameAs\":[\"https:\\\/\\\/www.facebook.com\\\/webdotn\",\"https:\\\/\\\/x.com\\\/webdo_tn\"],\"description\":\"Webdo est un m\u00e9dia num\u00e9rique tunisien fond\u00e9 en 2010, sp\u00e9cialis\u00e9 dans l\u2019actualit\u00e9 nationale et internationale, l\u2019\u00e9conomie, la soci\u00e9t\u00e9 et les analyses politiques. Le site s\u2019adresse \u00e0 un large public francophone et couvre l\u2019information tunisienne en temps r\u00e9el.\",\"email\":\"redac@webdo.tn\",\"legalName\":\"YNJ SARL\",\"foundingDate\":\"2010-09-06\",\"numberOfEmployees\":{\"@type\":\"QuantitativeValue\",\"minValue\":\"11\",\"maxValue\":\"50\"}},{\"@type\":\"Person\",\"@id\":\"https:\\\/\\\/www.webdo.tn\\\/fr\\\/#\\\/schema\\\/person\\\/82ca085b22037d285e1a3c4b65ba5f71\",\"name\":\"KJ\",\"image\":{\"@type\":\"ImageObject\",\"inLanguage\":\"fr-FR\",\"@id\":\"https:\\\/\\\/secure.gravatar.com\\\/avatar\\\/1a1320de1c1971c893f00068f760b4113d69504aa21273da17ee95650c5944fd?s=96&d=mm&r=g\",\"url\":\"https:\\\/\\\/secure.gravatar.com\\\/avatar\\\/1a1320de1c1971c893f00068f760b4113d69504aa21273da17ee95650c5944fd?s=96&d=mm&r=g\",\"contentUrl\":\"https:\\\/\\\/secure.gravatar.com\\\/avatar\\\/1a1320de1c1971c893f00068f760b4113d69504aa21273da17ee95650c5944fd?s=96&d=mm&r=g\",\"caption\":\"KJ\"},\"url\":\"https:\\\/\\\/www.webdo.tn\\\/fr\\\/actualite\\\/author\\\/kj\\\/\"}]}<\/script>\n<!-- \/ Yoast SEO Premium plugin. -->","yoast_head_json":{"title":"Une touche tunisienne pour le nouveau g\u00e9n\u00e9rique des JT d\u2019Al-Wattania","description":"Dans le Studio 8 de la Radio Tunisienne, un nouveau g\u00e9n\u00e9rique musical a \u00e9t\u00e9 enregistr\u00e9 sous la direction du maestro Zied Zouari.","canonical":"https:\/\/www.webdo.tn\/fr\/actualite\/culture\/une-touche-tunisienne-pour-le-nouveau-generique-des-jt-d-al-wattania\/218793\/","og_locale":"fr_FR","og_type":"article","og_title":"Une touche tunisienne pour le nouveau g\u00e9n\u00e9rique des JT d\u2019Al-Wattania","og_description":"Dans le Studio 8 de la Radio Tunisienne, un nouveau g\u00e9n\u00e9rique musical a \u00e9t\u00e9 enregistr\u00e9 sous la direction du maestro Zied Zouari.","og_url":"https:\/\/www.webdo.tn\/fr\/actualite\/culture\/une-touche-tunisienne-pour-le-nouveau-generique-des-jt-d-al-wattania\/218793\/","og_site_name":"webdo","article_publisher":"https:\/\/www.facebook.com\/webdotn","article_published_time":"2025-01-03T08:32:00+00:00","article_modified_time":"2025-05-20T22:20:47+00:00","og_image":[{"width":750,"height":400,"url":"https:\/\/www.webdo.tn\/fr\/wp-content\/uploads\/2025\/05\/98fde04046d4ec0ff1a8c1cdd7d09dee-2.webp","type":"image\/webp"}],"author":"KJ","twitter_card":"summary_large_image","twitter_creator":"@webdo_tn","twitter_site":"@webdo_tn","twitter_misc":{"\u00c9crit par":"KJ","Dur\u00e9e de lecture estim\u00e9e":"1 minute"},"schema":{"@context":"https:\/\/schema.org","@graph":[{"@type":"NewsArticle","@id":"https:\/\/www.webdo.tn\/fr\/actualite\/culture\/une-touche-tunisienne-pour-le-nouveau-generique-des-jt-d-al-wattania\/218793\/#article","isPartOf":{"@id":"https:\/\/www.webdo.tn\/fr\/actualite\/culture\/une-touche-tunisienne-pour-le-nouveau-generique-des-jt-d-al-wattania\/218793\/"},"author":{"name":"KJ","@id":"https:\/\/www.webdo.tn\/fr\/#\/schema\/person\/82ca085b22037d285e1a3c4b65ba5f71"},"headline":"Une touche tunisienne pour le nouveau g\u00e9n\u00e9rique des JT d\u2019Al-Wattania","datePublished":"2025-01-03T08:32:00+00:00","dateModified":"2025-05-20T22:20:47+00:00","mainEntityOfPage":{"@id":"https:\/\/www.webdo.tn\/fr\/actualite\/culture\/une-touche-tunisienne-pour-le-nouveau-generique-des-jt-d-al-wattania\/218793\/"},"wordCount":171,"commentCount":0,"publisher":{"@id":"https:\/\/www.webdo.tn\/fr\/#organization"},"image":{"@id":"https:\/\/www.webdo.tn\/fr\/actualite\/culture\/une-touche-tunisienne-pour-le-nouveau-generique-des-jt-d-al-wattania\/218793\/#primaryimage"},"thumbnailUrl":"https:\/\/www.webdo.tn\/fr\/wp-content\/uploads\/2025\/05\/98fde04046d4ec0ff1a8c1cdd7d09dee-2.webp","keywords":["g\u00e9n\u00e9rique","JT","t\u00e9l\u00e9vision nationale","Tunisie"],"articleSection":["Culture"],"inLanguage":"fr-FR"},{"@type":"WebPage","@id":"https:\/\/www.webdo.tn\/fr\/actualite\/culture\/une-touche-tunisienne-pour-le-nouveau-generique-des-jt-d-al-wattania\/218793\/","url":"https:\/\/www.webdo.tn\/fr\/actualite\/culture\/une-touche-tunisienne-pour-le-nouveau-generique-des-jt-d-al-wattania\/218793\/","name":"Une touche tunisienne pour le nouveau g\u00e9n\u00e9rique des JT d\u2019Al-Wattania","isPartOf":{"@id":"https:\/\/www.webdo.tn\/fr\/#website"},"primaryImageOfPage":{"@id":"https:\/\/www.webdo.tn\/fr\/actualite\/culture\/une-touche-tunisienne-pour-le-nouveau-generique-des-jt-d-al-wattania\/218793\/#primaryimage"},"image":{"@id":"https:\/\/www.webdo.tn\/fr\/actualite\/culture\/une-touche-tunisienne-pour-le-nouveau-generique-des-jt-d-al-wattania\/218793\/#primaryimage"},"thumbnailUrl":"https:\/\/www.webdo.tn\/fr\/wp-content\/uploads\/2025\/05\/98fde04046d4ec0ff1a8c1cdd7d09dee-2.webp","datePublished":"2025-01-03T08:32:00+00:00","dateModified":"2025-05-20T22:20:47+00:00","description":"Dans le Studio 8 de la Radio Tunisienne, un nouveau g\u00e9n\u00e9rique musical a \u00e9t\u00e9 enregistr\u00e9 sous la direction du maestro Zied Zouari.","breadcrumb":{"@id":"https:\/\/www.webdo.tn\/fr\/actualite\/culture\/une-touche-tunisienne-pour-le-nouveau-generique-des-jt-d-al-wattania\/218793\/#breadcrumb"},"inLanguage":"fr-FR","potentialAction":[{"@type":"ReadAction","target":["https:\/\/www.webdo.tn\/fr\/actualite\/culture\/une-touche-tunisienne-pour-le-nouveau-generique-des-jt-d-al-wattania\/218793\/"]}]},{"@type":"ImageObject","inLanguage":"fr-FR","@id":"https:\/\/www.webdo.tn\/fr\/actualite\/culture\/une-touche-tunisienne-pour-le-nouveau-generique-des-jt-d-al-wattania\/218793\/#primaryimage","url":"https:\/\/www.webdo.tn\/fr\/wp-content\/uploads\/2025\/05\/98fde04046d4ec0ff1a8c1cdd7d09dee-2.webp","contentUrl":"https:\/\/www.webdo.tn\/fr\/wp-content\/uploads\/2025\/05\/98fde04046d4ec0ff1a8c1cdd7d09dee-2.webp","width":750,"height":400},{"@type":"BreadcrumbList","@id":"https:\/\/www.webdo.tn\/fr\/actualite\/culture\/une-touche-tunisienne-pour-le-nouveau-generique-des-jt-d-al-wattania\/218793\/#breadcrumb","itemListElement":[{"@type":"ListItem","position":1,"name":"Accueil","item":"https:\/\/www.webdo.tn\/fr\/"},{"@type":"ListItem","position":2,"name":"Une touche tunisienne pour le nouveau g\u00e9n\u00e9rique des JT d\u2019Al-Wattania"}]},{"@type":"WebSite","@id":"https:\/\/www.webdo.tn\/fr\/#website","url":"https:\/\/www.webdo.tn\/fr\/","name":"webdo","description":"Tunisie - News en Tunisie et \u00e0 l&#039;international sur Webdo.tn","publisher":{"@id":"https:\/\/www.webdo.tn\/fr\/#organization"},"potentialAction":[{"@type":"SearchAction","target":{"@type":"EntryPoint","urlTemplate":"https:\/\/www.webdo.tn\/fr\/?s={search_term_string}"},"query-input":{"@type":"PropertyValueSpecification","valueRequired":true,"valueName":"search_term_string"}}],"inLanguage":"fr-FR"},{"@type":"Organization","@id":"https:\/\/www.webdo.tn\/fr\/#organization","name":"Webdo","alternateName":"Webdo.tn","url":"https:\/\/www.webdo.tn\/fr\/","logo":{"@type":"ImageObject","inLanguage":"fr-FR","@id":"https:\/\/www.webdo.tn\/fr\/#\/schema\/logo\/image\/","url":"https:\/\/www.webdo.tn\/fr\/wp-content\/uploads\/2025\/06\/Webdo-Tunisie_168377.jpg","contentUrl":"https:\/\/www.webdo.tn\/fr\/wp-content\/uploads\/2025\/06\/Webdo-Tunisie_168377.jpg","width":301,"height":301,"caption":"Webdo"},"image":{"@id":"https:\/\/www.webdo.tn\/fr\/#\/schema\/logo\/image\/"},"sameAs":["https:\/\/www.facebook.com\/webdotn","https:\/\/x.com\/webdo_tn"],"description":"Webdo est un m\u00e9dia num\u00e9rique tunisien fond\u00e9 en 2010, sp\u00e9cialis\u00e9 dans l\u2019actualit\u00e9 nationale et internationale, l\u2019\u00e9conomie, la soci\u00e9t\u00e9 et les analyses politiques. Le site s\u2019adresse \u00e0 un large public francophone et couvre l\u2019information tunisienne en temps r\u00e9el.","email":"redac@webdo.tn","legalName":"YNJ SARL","foundingDate":"2010-09-06","numberOfEmployees":{"@type":"QuantitativeValue","minValue":"11","maxValue":"50"}},{"@type":"Person","@id":"https:\/\/www.webdo.tn\/fr\/#\/schema\/person\/82ca085b22037d285e1a3c4b65ba5f71","name":"KJ","image":{"@type":"ImageObject","inLanguage":"fr-FR","@id":"https:\/\/secure.gravatar.com\/avatar\/1a1320de1c1971c893f00068f760b4113d69504aa21273da17ee95650c5944fd?s=96&d=mm&r=g","url":"https:\/\/secure.gravatar.com\/avatar\/1a1320de1c1971c893f00068f760b4113d69504aa21273da17ee95650c5944fd?s=96&d=mm&r=g","contentUrl":"https:\/\/secure.gravatar.com\/avatar\/1a1320de1c1971c893f00068f760b4113d69504aa21273da17ee95650c5944fd?s=96&d=mm&r=g","caption":"KJ"},"url":"https:\/\/www.webdo.tn\/fr\/actualite\/author\/kj\/"}]}},"_links":{"self":[{"href":"https:\/\/www.webdo.tn\/fr\/wp-json\/wp\/v2\/posts\/218793","targetHints":{"allow":["GET"]}}],"collection":[{"href":"https:\/\/www.webdo.tn\/fr\/wp-json\/wp\/v2\/posts"}],"about":[{"href":"https:\/\/www.webdo.tn\/fr\/wp-json\/wp\/v2\/types\/post"}],"author":[{"embeddable":true,"href":"https:\/\/www.webdo.tn\/fr\/wp-json\/wp\/v2\/users\/3163"}],"replies":[{"embeddable":true,"href":"https:\/\/www.webdo.tn\/fr\/wp-json\/wp\/v2\/comments?post=218793"}],"version-history":[{"count":0,"href":"https:\/\/www.webdo.tn\/fr\/wp-json\/wp\/v2\/posts\/218793\/revisions"}],"wp:featuredmedia":[{"embeddable":true,"href":"https:\/\/www.webdo.tn\/fr\/wp-json\/wp\/v2\/media\/243058"}],"wp:attachment":[{"href":"https:\/\/www.webdo.tn\/fr\/wp-json\/wp\/v2\/media?parent=218793"}],"wp:term":[{"taxonomy":"category","embeddable":true,"href":"https:\/\/www.webdo.tn\/fr\/wp-json\/wp\/v2\/categories?post=218793"},{"taxonomy":"post_tag","embeddable":true,"href":"https:\/\/www.webdo.tn\/fr\/wp-json\/wp\/v2\/tags?post=218793"}],"curies":[{"name":"wp","href":"https:\/\/api.w.org\/{rel}","templated":true}]}}