{"id":218760,"date":"2025-01-02T10:38:00","date_gmt":"2025-01-02T10:38:00","guid":{"rendered":"https:\/\/www.webdo.tn\/fr\/blog\/2025\/01\/02\/tunisie-83-migrants-secourus-et-27-corps-repeches-a-kerkennah\/"},"modified":"2025-05-20T21:44:33","modified_gmt":"2025-05-20T21:44:33","slug":"tunisie-83-migrants-secourus-et-27-corps-repeches-a-kerkennah","status":"publish","type":"post","link":"https:\/\/www.webdo.tn\/fr\/actualite\/national\/tunisie-83-migrants-secourus-et-27-corps-repeches-a-kerkennah\/218760\/","title":{"rendered":"Tunisie : 83 migrants secourus et 27 corps rep\u00each\u00e9s \u00e0 Kerkennah"},"content":{"rendered":"<p>Un nouveau drame de la migration a endeuill\u00e9 les c\u00f4tes tunisiennes. Les unit\u00e9s maritimes de la Garde nationale et de la Protection civile ont secouru 83 migrants irr\u00e9guliers originaires de diff\u00e9rentes nationalit\u00e9s subsahariennes, mercredi 1er janvier. Ces derniers tentaient de rejoindre clandestinement les c\u00f4tes italiennes. \u00a0<\/p>\n<p>Malheureusement, 27 corps ont \u00e9t\u00e9 rep\u00each\u00e9s par les \u00e9quipes de secours, selon Zied Sdiri, directeur r\u00e9gional de la Protection civile de Sfax, dans une d\u00e9claration accord\u00e9e \u00e0 Mosa\u00efque FM. Parmi les survivants, cinq personnes ont \u00e9t\u00e9 transport\u00e9es \u00e0 l\u2019h\u00f4pital r\u00e9gional. \u00a0<\/p>\n<p>L\u2019intervention a eu lieu \u00e0 environ trois miles nautiques au large des \u00eeles de Kerkennah, apr\u00e8s le naufrage de deux embarcations. La premi\u00e8re aurait chavir\u00e9, tandis que la seconde aurait sombr\u00e9 peu apr\u00e8s. Au total, 110 migrants se trouvaient \u00e0 bord des deux bateaux. \u00a0<\/p>\n<p>Cette trag\u00e9die met une nouvelle fois en lumi\u00e8re les dangers des travers\u00e9es clandestines en M\u00e9diterran\u00e9e, o\u00f9 des milliers de migrants tentent chaque ann\u00e9e de fuir la pr\u00e9carit\u00e9 en esp\u00e9rant rejoindre l\u2019Europe.<\/p>\n","protected":false},"excerpt":{"rendered":"<p>Un nouveau drame de la migration a endeuill\u00e9 les c\u00f4tes tunisiennes. Les unit\u00e9s maritimes de la Garde nationale et de la Protection civile ont secouru 83 migrant&#8230;<\/p>\n","protected":false},"author":3162,"featured_media":243094,"comment_status":"open","ping_status":"open","sticky":false,"template":"","format":"standard","meta":{"footnotes":""},"categories":[44],"tags":[3947,2894,3594,2608],"class_list":["post-218760","post","type-post","status-publish","format-standard","has-post-thumbnail","hentry","category-national","tag-kerkennah","tag-migrants","tag-naufrage","tag-tunisie"],"yoast_head":"<!-- This site is optimized with the Yoast SEO Premium plugin v27.4 (Yoast SEO v27.5) - https:\/\/yoast.com\/product\/yoast-seo-premium-wordpress\/ -->\n<title>Tunisie : 83 migrants secourus et 27 corps rep\u00each\u00e9s \u00e0 Kerkennah<\/title>\n<meta name=\"description\" content=\"Un nouveau drame de la migration a endeuill\u00e9 les c\u00f4tes tunisiennes. Les unit\u00e9s maritimes de la Garde nationale et de la Protection civile ont secouru 83 migrant...\" \/>\n<link rel=\"canonical\" href=\"https:\/\/www.webdo.tn\/fr\/actualite\/national\/tunisie-83-migrants-secourus-et-27-corps-repeches-a-kerkennah\/218760\/\" \/>\n<meta property=\"og:locale\" content=\"fr_FR\" \/>\n<meta property=\"og:type\" content=\"article\" \/>\n<meta property=\"og:title\" content=\"Tunisie : 83 migrants secourus et 27 corps rep\u00each\u00e9s \u00e0 Kerkennah\" \/>\n<meta property=\"og:description\" content=\"Un nouveau drame de la migration a endeuill\u00e9 les c\u00f4tes tunisiennes. Les unit\u00e9s maritimes de la Garde nationale et de la Protection civile ont secouru 83 migrant...\" \/>\n<meta property=\"og:url\" content=\"https:\/\/www.webdo.tn\/fr\/actualite\/national\/tunisie-83-migrants-secourus-et-27-corps-repeches-a-kerkennah\/218760\/\" \/>\n<meta property=\"og:site_name\" content=\"webdo\" \/>\n<meta property=\"article:publisher\" content=\"https:\/\/www.facebook.com\/webdotn\" \/>\n<meta property=\"article:published_time\" content=\"2025-01-02T10:38:00+00:00\" \/>\n<meta property=\"article:modified_time\" content=\"2025-05-20T21:44:33+00:00\" \/>\n<meta property=\"og:image\" content=\"https:\/\/www.webdo.tn\/fr\/wp-content\/uploads\/2025\/05\/0fa0768a4e49d3e78e41877af838ab3a-2.webp\" \/>\n\t<meta property=\"og:image:width\" content=\"750\" \/>\n\t<meta property=\"og:image:height\" content=\"400\" \/>\n\t<meta property=\"og:image:type\" content=\"image\/webp\" \/>\n<meta name=\"author\" content=\"MC\" \/>\n<meta name=\"twitter:card\" content=\"summary_large_image\" \/>\n<meta name=\"twitter:creator\" content=\"@webdo_tn\" \/>\n<meta name=\"twitter:site\" content=\"@webdo_tn\" \/>\n<meta name=\"twitter:label1\" content=\"\u00c9crit par\" \/>\n\t<meta name=\"twitter:data1\" content=\"MC\" \/>\n\t<meta name=\"twitter:label2\" content=\"Dur\u00e9e de lecture estim\u00e9e\" \/>\n\t<meta name=\"twitter:data2\" content=\"1 minute\" \/>\n<script type=\"application\/ld+json\" class=\"yoast-schema-graph\">{\"@context\":\"https:\\\/\\\/schema.org\",\"@graph\":[{\"@type\":\"NewsArticle\",\"@id\":\"https:\\\/\\\/www.webdo.tn\\\/fr\\\/actualite\\\/national\\\/tunisie-83-migrants-secourus-et-27-corps-repeches-a-kerkennah\\\/218760\\\/#article\",\"isPartOf\":{\"@id\":\"https:\\\/\\\/www.webdo.tn\\\/fr\\\/actualite\\\/national\\\/tunisie-83-migrants-secourus-et-27-corps-repeches-a-kerkennah\\\/218760\\\/\"},\"author\":{\"name\":\"MC\",\"@id\":\"https:\\\/\\\/www.webdo.tn\\\/fr\\\/#\\\/schema\\\/person\\\/2c4929cbf5a809e3bd38617c6ce150f6\"},\"headline\":\"Tunisie : 83 migrants secourus et 27 corps rep\u00each\u00e9s \u00e0 Kerkennah\",\"datePublished\":\"2025-01-02T10:38:00+00:00\",\"dateModified\":\"2025-05-20T21:44:33+00:00\",\"mainEntityOfPage\":{\"@id\":\"https:\\\/\\\/www.webdo.tn\\\/fr\\\/actualite\\\/national\\\/tunisie-83-migrants-secourus-et-27-corps-repeches-a-kerkennah\\\/218760\\\/\"},\"wordCount\":191,\"commentCount\":0,\"publisher\":{\"@id\":\"https:\\\/\\\/www.webdo.tn\\\/fr\\\/#organization\"},\"image\":{\"@id\":\"https:\\\/\\\/www.webdo.tn\\\/fr\\\/actualite\\\/national\\\/tunisie-83-migrants-secourus-et-27-corps-repeches-a-kerkennah\\\/218760\\\/#primaryimage\"},\"thumbnailUrl\":\"https:\\\/\\\/www.webdo.tn\\\/fr\\\/wp-content\\\/uploads\\\/2025\\\/05\\\/0fa0768a4e49d3e78e41877af838ab3a-2.webp\",\"keywords\":[\"kerkennah\",\"migrants\",\"naufrage\",\"Tunisie\"],\"articleSection\":[\"National\"],\"inLanguage\":\"fr-FR\"},{\"@type\":\"WebPage\",\"@id\":\"https:\\\/\\\/www.webdo.tn\\\/fr\\\/actualite\\\/national\\\/tunisie-83-migrants-secourus-et-27-corps-repeches-a-kerkennah\\\/218760\\\/\",\"url\":\"https:\\\/\\\/www.webdo.tn\\\/fr\\\/actualite\\\/national\\\/tunisie-83-migrants-secourus-et-27-corps-repeches-a-kerkennah\\\/218760\\\/\",\"name\":\"Tunisie : 83 migrants secourus et 27 corps rep\u00each\u00e9s \u00e0 Kerkennah\",\"isPartOf\":{\"@id\":\"https:\\\/\\\/www.webdo.tn\\\/fr\\\/#website\"},\"primaryImageOfPage\":{\"@id\":\"https:\\\/\\\/www.webdo.tn\\\/fr\\\/actualite\\\/national\\\/tunisie-83-migrants-secourus-et-27-corps-repeches-a-kerkennah\\\/218760\\\/#primaryimage\"},\"image\":{\"@id\":\"https:\\\/\\\/www.webdo.tn\\\/fr\\\/actualite\\\/national\\\/tunisie-83-migrants-secourus-et-27-corps-repeches-a-kerkennah\\\/218760\\\/#primaryimage\"},\"thumbnailUrl\":\"https:\\\/\\\/www.webdo.tn\\\/fr\\\/wp-content\\\/uploads\\\/2025\\\/05\\\/0fa0768a4e49d3e78e41877af838ab3a-2.webp\",\"datePublished\":\"2025-01-02T10:38:00+00:00\",\"dateModified\":\"2025-05-20T21:44:33+00:00\",\"description\":\"Un nouveau drame de la migration a endeuill\u00e9 les c\u00f4tes tunisiennes. Les unit\u00e9s maritimes de la Garde nationale et de la Protection civile ont secouru 83 migrant...\",\"breadcrumb\":{\"@id\":\"https:\\\/\\\/www.webdo.tn\\\/fr\\\/actualite\\\/national\\\/tunisie-83-migrants-secourus-et-27-corps-repeches-a-kerkennah\\\/218760\\\/#breadcrumb\"},\"inLanguage\":\"fr-FR\",\"potentialAction\":[{\"@type\":\"ReadAction\",\"target\":[\"https:\\\/\\\/www.webdo.tn\\\/fr\\\/actualite\\\/national\\\/tunisie-83-migrants-secourus-et-27-corps-repeches-a-kerkennah\\\/218760\\\/\"]}]},{\"@type\":\"ImageObject\",\"inLanguage\":\"fr-FR\",\"@id\":\"https:\\\/\\\/www.webdo.tn\\\/fr\\\/actualite\\\/national\\\/tunisie-83-migrants-secourus-et-27-corps-repeches-a-kerkennah\\\/218760\\\/#primaryimage\",\"url\":\"https:\\\/\\\/www.webdo.tn\\\/fr\\\/wp-content\\\/uploads\\\/2025\\\/05\\\/0fa0768a4e49d3e78e41877af838ab3a-2.webp\",\"contentUrl\":\"https:\\\/\\\/www.webdo.tn\\\/fr\\\/wp-content\\\/uploads\\\/2025\\\/05\\\/0fa0768a4e49d3e78e41877af838ab3a-2.webp\",\"width\":750,\"height\":400},{\"@type\":\"BreadcrumbList\",\"@id\":\"https:\\\/\\\/www.webdo.tn\\\/fr\\\/actualite\\\/national\\\/tunisie-83-migrants-secourus-et-27-corps-repeches-a-kerkennah\\\/218760\\\/#breadcrumb\",\"itemListElement\":[{\"@type\":\"ListItem\",\"position\":1,\"name\":\"Accueil\",\"item\":\"https:\\\/\\\/www.webdo.tn\\\/fr\\\/\"},{\"@type\":\"ListItem\",\"position\":2,\"name\":\"Tunisie : 83 migrants secourus et 27 corps rep\u00each\u00e9s \u00e0 Kerkennah\"}]},{\"@type\":\"WebSite\",\"@id\":\"https:\\\/\\\/www.webdo.tn\\\/fr\\\/#website\",\"url\":\"https:\\\/\\\/www.webdo.tn\\\/fr\\\/\",\"name\":\"webdo\",\"description\":\"Tunisie - News en Tunisie et \u00e0 l&#039;international sur Webdo.tn\",\"publisher\":{\"@id\":\"https:\\\/\\\/www.webdo.tn\\\/fr\\\/#organization\"},\"potentialAction\":[{\"@type\":\"SearchAction\",\"target\":{\"@type\":\"EntryPoint\",\"urlTemplate\":\"https:\\\/\\\/www.webdo.tn\\\/fr\\\/?s={search_term_string}\"},\"query-input\":{\"@type\":\"PropertyValueSpecification\",\"valueRequired\":true,\"valueName\":\"search_term_string\"}}],\"inLanguage\":\"fr-FR\"},{\"@type\":\"Organization\",\"@id\":\"https:\\\/\\\/www.webdo.tn\\\/fr\\\/#organization\",\"name\":\"Webdo\",\"alternateName\":\"Webdo.tn\",\"url\":\"https:\\\/\\\/www.webdo.tn\\\/fr\\\/\",\"logo\":{\"@type\":\"ImageObject\",\"inLanguage\":\"fr-FR\",\"@id\":\"https:\\\/\\\/www.webdo.tn\\\/fr\\\/#\\\/schema\\\/logo\\\/image\\\/\",\"url\":\"https:\\\/\\\/www.webdo.tn\\\/fr\\\/wp-content\\\/uploads\\\/2025\\\/06\\\/Webdo-Tunisie_168377.jpg\",\"contentUrl\":\"https:\\\/\\\/www.webdo.tn\\\/fr\\\/wp-content\\\/uploads\\\/2025\\\/06\\\/Webdo-Tunisie_168377.jpg\",\"width\":301,\"height\":301,\"caption\":\"Webdo\"},\"image\":{\"@id\":\"https:\\\/\\\/www.webdo.tn\\\/fr\\\/#\\\/schema\\\/logo\\\/image\\\/\"},\"sameAs\":[\"https:\\\/\\\/www.facebook.com\\\/webdotn\",\"https:\\\/\\\/x.com\\\/webdo_tn\"],\"description\":\"Webdo est un m\u00e9dia num\u00e9rique tunisien fond\u00e9 en 2010, sp\u00e9cialis\u00e9 dans l\u2019actualit\u00e9 nationale et internationale, l\u2019\u00e9conomie, la soci\u00e9t\u00e9 et les analyses politiques. Le site s\u2019adresse \u00e0 un large public francophone et couvre l\u2019information tunisienne en temps r\u00e9el.\",\"email\":\"redac@webdo.tn\",\"legalName\":\"YNJ SARL\",\"foundingDate\":\"2010-09-06\",\"numberOfEmployees\":{\"@type\":\"QuantitativeValue\",\"minValue\":\"11\",\"maxValue\":\"50\"}},{\"@type\":\"Person\",\"@id\":\"https:\\\/\\\/www.webdo.tn\\\/fr\\\/#\\\/schema\\\/person\\\/2c4929cbf5a809e3bd38617c6ce150f6\",\"name\":\"MC\",\"image\":{\"@type\":\"ImageObject\",\"inLanguage\":\"fr-FR\",\"@id\":\"https:\\\/\\\/secure.gravatar.com\\\/avatar\\\/a545bbb6f84efdd5553dbbc2895e3ca8f1d12c5215e00a041c9670b54aa9b18a?s=96&d=mm&r=g\",\"url\":\"https:\\\/\\\/secure.gravatar.com\\\/avatar\\\/a545bbb6f84efdd5553dbbc2895e3ca8f1d12c5215e00a041c9670b54aa9b18a?s=96&d=mm&r=g\",\"contentUrl\":\"https:\\\/\\\/secure.gravatar.com\\\/avatar\\\/a545bbb6f84efdd5553dbbc2895e3ca8f1d12c5215e00a041c9670b54aa9b18a?s=96&d=mm&r=g\",\"caption\":\"MC\"},\"url\":\"https:\\\/\\\/www.webdo.tn\\\/fr\\\/actualite\\\/author\\\/mc\\\/\"}]}<\/script>\n<!-- \/ Yoast SEO Premium plugin. -->","yoast_head_json":{"title":"Tunisie : 83 migrants secourus et 27 corps rep\u00each\u00e9s \u00e0 Kerkennah","description":"Un nouveau drame de la migration a endeuill\u00e9 les c\u00f4tes tunisiennes. Les unit\u00e9s maritimes de la Garde nationale et de la Protection civile ont secouru 83 migrant...","canonical":"https:\/\/www.webdo.tn\/fr\/actualite\/national\/tunisie-83-migrants-secourus-et-27-corps-repeches-a-kerkennah\/218760\/","og_locale":"fr_FR","og_type":"article","og_title":"Tunisie : 83 migrants secourus et 27 corps rep\u00each\u00e9s \u00e0 Kerkennah","og_description":"Un nouveau drame de la migration a endeuill\u00e9 les c\u00f4tes tunisiennes. Les unit\u00e9s maritimes de la Garde nationale et de la Protection civile ont secouru 83 migrant...","og_url":"https:\/\/www.webdo.tn\/fr\/actualite\/national\/tunisie-83-migrants-secourus-et-27-corps-repeches-a-kerkennah\/218760\/","og_site_name":"webdo","article_publisher":"https:\/\/www.facebook.com\/webdotn","article_published_time":"2025-01-02T10:38:00+00:00","article_modified_time":"2025-05-20T21:44:33+00:00","og_image":[{"width":750,"height":400,"url":"https:\/\/www.webdo.tn\/fr\/wp-content\/uploads\/2025\/05\/0fa0768a4e49d3e78e41877af838ab3a-2.webp","type":"image\/webp"}],"author":"MC","twitter_card":"summary_large_image","twitter_creator":"@webdo_tn","twitter_site":"@webdo_tn","twitter_misc":{"\u00c9crit par":"MC","Dur\u00e9e de lecture estim\u00e9e":"1 minute"},"schema":{"@context":"https:\/\/schema.org","@graph":[{"@type":"NewsArticle","@id":"https:\/\/www.webdo.tn\/fr\/actualite\/national\/tunisie-83-migrants-secourus-et-27-corps-repeches-a-kerkennah\/218760\/#article","isPartOf":{"@id":"https:\/\/www.webdo.tn\/fr\/actualite\/national\/tunisie-83-migrants-secourus-et-27-corps-repeches-a-kerkennah\/218760\/"},"author":{"name":"MC","@id":"https:\/\/www.webdo.tn\/fr\/#\/schema\/person\/2c4929cbf5a809e3bd38617c6ce150f6"},"headline":"Tunisie : 83 migrants secourus et 27 corps rep\u00each\u00e9s \u00e0 Kerkennah","datePublished":"2025-01-02T10:38:00+00:00","dateModified":"2025-05-20T21:44:33+00:00","mainEntityOfPage":{"@id":"https:\/\/www.webdo.tn\/fr\/actualite\/national\/tunisie-83-migrants-secourus-et-27-corps-repeches-a-kerkennah\/218760\/"},"wordCount":191,"commentCount":0,"publisher":{"@id":"https:\/\/www.webdo.tn\/fr\/#organization"},"image":{"@id":"https:\/\/www.webdo.tn\/fr\/actualite\/national\/tunisie-83-migrants-secourus-et-27-corps-repeches-a-kerkennah\/218760\/#primaryimage"},"thumbnailUrl":"https:\/\/www.webdo.tn\/fr\/wp-content\/uploads\/2025\/05\/0fa0768a4e49d3e78e41877af838ab3a-2.webp","keywords":["kerkennah","migrants","naufrage","Tunisie"],"articleSection":["National"],"inLanguage":"fr-FR"},{"@type":"WebPage","@id":"https:\/\/www.webdo.tn\/fr\/actualite\/national\/tunisie-83-migrants-secourus-et-27-corps-repeches-a-kerkennah\/218760\/","url":"https:\/\/www.webdo.tn\/fr\/actualite\/national\/tunisie-83-migrants-secourus-et-27-corps-repeches-a-kerkennah\/218760\/","name":"Tunisie : 83 migrants secourus et 27 corps rep\u00each\u00e9s \u00e0 Kerkennah","isPartOf":{"@id":"https:\/\/www.webdo.tn\/fr\/#website"},"primaryImageOfPage":{"@id":"https:\/\/www.webdo.tn\/fr\/actualite\/national\/tunisie-83-migrants-secourus-et-27-corps-repeches-a-kerkennah\/218760\/#primaryimage"},"image":{"@id":"https:\/\/www.webdo.tn\/fr\/actualite\/national\/tunisie-83-migrants-secourus-et-27-corps-repeches-a-kerkennah\/218760\/#primaryimage"},"thumbnailUrl":"https:\/\/www.webdo.tn\/fr\/wp-content\/uploads\/2025\/05\/0fa0768a4e49d3e78e41877af838ab3a-2.webp","datePublished":"2025-01-02T10:38:00+00:00","dateModified":"2025-05-20T21:44:33+00:00","description":"Un nouveau drame de la migration a endeuill\u00e9 les c\u00f4tes tunisiennes. Les unit\u00e9s maritimes de la Garde nationale et de la Protection civile ont secouru 83 migrant...","breadcrumb":{"@id":"https:\/\/www.webdo.tn\/fr\/actualite\/national\/tunisie-83-migrants-secourus-et-27-corps-repeches-a-kerkennah\/218760\/#breadcrumb"},"inLanguage":"fr-FR","potentialAction":[{"@type":"ReadAction","target":["https:\/\/www.webdo.tn\/fr\/actualite\/national\/tunisie-83-migrants-secourus-et-27-corps-repeches-a-kerkennah\/218760\/"]}]},{"@type":"ImageObject","inLanguage":"fr-FR","@id":"https:\/\/www.webdo.tn\/fr\/actualite\/national\/tunisie-83-migrants-secourus-et-27-corps-repeches-a-kerkennah\/218760\/#primaryimage","url":"https:\/\/www.webdo.tn\/fr\/wp-content\/uploads\/2025\/05\/0fa0768a4e49d3e78e41877af838ab3a-2.webp","contentUrl":"https:\/\/www.webdo.tn\/fr\/wp-content\/uploads\/2025\/05\/0fa0768a4e49d3e78e41877af838ab3a-2.webp","width":750,"height":400},{"@type":"BreadcrumbList","@id":"https:\/\/www.webdo.tn\/fr\/actualite\/national\/tunisie-83-migrants-secourus-et-27-corps-repeches-a-kerkennah\/218760\/#breadcrumb","itemListElement":[{"@type":"ListItem","position":1,"name":"Accueil","item":"https:\/\/www.webdo.tn\/fr\/"},{"@type":"ListItem","position":2,"name":"Tunisie : 83 migrants secourus et 27 corps rep\u00each\u00e9s \u00e0 Kerkennah"}]},{"@type":"WebSite","@id":"https:\/\/www.webdo.tn\/fr\/#website","url":"https:\/\/www.webdo.tn\/fr\/","name":"webdo","description":"Tunisie - News en Tunisie et \u00e0 l&#039;international sur Webdo.tn","publisher":{"@id":"https:\/\/www.webdo.tn\/fr\/#organization"},"potentialAction":[{"@type":"SearchAction","target":{"@type":"EntryPoint","urlTemplate":"https:\/\/www.webdo.tn\/fr\/?s={search_term_string}"},"query-input":{"@type":"PropertyValueSpecification","valueRequired":true,"valueName":"search_term_string"}}],"inLanguage":"fr-FR"},{"@type":"Organization","@id":"https:\/\/www.webdo.tn\/fr\/#organization","name":"Webdo","alternateName":"Webdo.tn","url":"https:\/\/www.webdo.tn\/fr\/","logo":{"@type":"ImageObject","inLanguage":"fr-FR","@id":"https:\/\/www.webdo.tn\/fr\/#\/schema\/logo\/image\/","url":"https:\/\/www.webdo.tn\/fr\/wp-content\/uploads\/2025\/06\/Webdo-Tunisie_168377.jpg","contentUrl":"https:\/\/www.webdo.tn\/fr\/wp-content\/uploads\/2025\/06\/Webdo-Tunisie_168377.jpg","width":301,"height":301,"caption":"Webdo"},"image":{"@id":"https:\/\/www.webdo.tn\/fr\/#\/schema\/logo\/image\/"},"sameAs":["https:\/\/www.facebook.com\/webdotn","https:\/\/x.com\/webdo_tn"],"description":"Webdo est un m\u00e9dia num\u00e9rique tunisien fond\u00e9 en 2010, sp\u00e9cialis\u00e9 dans l\u2019actualit\u00e9 nationale et internationale, l\u2019\u00e9conomie, la soci\u00e9t\u00e9 et les analyses politiques. Le site s\u2019adresse \u00e0 un large public francophone et couvre l\u2019information tunisienne en temps r\u00e9el.","email":"redac@webdo.tn","legalName":"YNJ SARL","foundingDate":"2010-09-06","numberOfEmployees":{"@type":"QuantitativeValue","minValue":"11","maxValue":"50"}},{"@type":"Person","@id":"https:\/\/www.webdo.tn\/fr\/#\/schema\/person\/2c4929cbf5a809e3bd38617c6ce150f6","name":"MC","image":{"@type":"ImageObject","inLanguage":"fr-FR","@id":"https:\/\/secure.gravatar.com\/avatar\/a545bbb6f84efdd5553dbbc2895e3ca8f1d12c5215e00a041c9670b54aa9b18a?s=96&d=mm&r=g","url":"https:\/\/secure.gravatar.com\/avatar\/a545bbb6f84efdd5553dbbc2895e3ca8f1d12c5215e00a041c9670b54aa9b18a?s=96&d=mm&r=g","contentUrl":"https:\/\/secure.gravatar.com\/avatar\/a545bbb6f84efdd5553dbbc2895e3ca8f1d12c5215e00a041c9670b54aa9b18a?s=96&d=mm&r=g","caption":"MC"},"url":"https:\/\/www.webdo.tn\/fr\/actualite\/author\/mc\/"}]}},"_links":{"self":[{"href":"https:\/\/www.webdo.tn\/fr\/wp-json\/wp\/v2\/posts\/218760","targetHints":{"allow":["GET"]}}],"collection":[{"href":"https:\/\/www.webdo.tn\/fr\/wp-json\/wp\/v2\/posts"}],"about":[{"href":"https:\/\/www.webdo.tn\/fr\/wp-json\/wp\/v2\/types\/post"}],"author":[{"embeddable":true,"href":"https:\/\/www.webdo.tn\/fr\/wp-json\/wp\/v2\/users\/3162"}],"replies":[{"embeddable":true,"href":"https:\/\/www.webdo.tn\/fr\/wp-json\/wp\/v2\/comments?post=218760"}],"version-history":[{"count":0,"href":"https:\/\/www.webdo.tn\/fr\/wp-json\/wp\/v2\/posts\/218760\/revisions"}],"wp:featuredmedia":[{"embeddable":true,"href":"https:\/\/www.webdo.tn\/fr\/wp-json\/wp\/v2\/media\/243094"}],"wp:attachment":[{"href":"https:\/\/www.webdo.tn\/fr\/wp-json\/wp\/v2\/media?parent=218760"}],"wp:term":[{"taxonomy":"category","embeddable":true,"href":"https:\/\/www.webdo.tn\/fr\/wp-json\/wp\/v2\/categories?post=218760"},{"taxonomy":"post_tag","embeddable":true,"href":"https:\/\/www.webdo.tn\/fr\/wp-json\/wp\/v2\/tags?post=218760"}],"curies":[{"name":"wp","href":"https:\/\/api.w.org\/{rel}","templated":true}]}}