{"id":218736,"date":"2024-12-31T15:24:00","date_gmt":"2024-12-31T15:24:00","guid":{"rendered":"https:\/\/www.webdo.tn\/fr\/blog\/2024\/12\/31\/tunisie-reveillon-le-ministere-de-l-interieur-sur-le-qui-vive\/"},"modified":"2025-05-20T21:44:42","modified_gmt":"2025-05-20T21:44:42","slug":"tunisie-reveillon-le-ministere-de-l-interieur-sur-le-qui-vive","status":"publish","type":"post","link":"https:\/\/www.webdo.tn\/fr\/actualite\/national\/tunisie-reveillon-le-ministere-de-l-interieur-sur-le-qui-vive\/218736\/","title":{"rendered":"Tunisie &#8211; R\u00e9veillon : Le minist\u00e8re de l\u2019Int\u00e9rieur sur le qui-vive"},"content":{"rendered":"<p>Le minist\u00e8re de l\u2019Int\u00e9rieur a lanc\u00e9, ce mardi 31 d\u00e9cembre, un appel \u00e0 tous les usagers de la route pour qu\u2019ils redoublent de vigilance et respectent scrupuleusement le code de la route en cette soir\u00e9e de r\u00e9veillon.<\/p>\n<p>Dans un communiqu\u00e9, le minist\u00e8re rappelle l\u2019importance du port de la ceinture de s\u00e9curit\u00e9, de l\u2019adoption d\u2019une conduite prudente, du respect des limitations de vitesse et de la distance de s\u00e9curit\u00e9. Il insiste \u00e9galement sur l\u2019interdiction stricte de l\u2019utilisation du t\u00e9l\u00e9phone portable au volant.<\/p>\n<p>Les autorit\u00e9s mettent en garde contre des infractions graves telles que la circulation \u00e0 contre-sens et le stationnement dans des zones non autoris\u00e9es, qui repr\u00e9sentent un danger pour tous les usagers.<\/p>\n<p>Le minist\u00e8re de l\u2019Int\u00e9rieur assure avoir mobilis\u00e9 les ressources humaines et mat\u00e9rielles n\u00e9cessaires pour garantir la s\u00e9curit\u00e9 sur les routes. En cas de besoin, les citoyens peuvent contacter les num\u00e9ros suivants : 71342787 &#8211; 71343201.<\/p>\n","protected":false},"excerpt":{"rendered":"<p>Le minist\u00e8re de l\u2019Int\u00e9rieur a lanc\u00e9, ce mardi 31 d\u00e9cembre, un appel \u00e0 tous les usagers de la route pour qu\u2019ils redoublent de vigilance et respectent scrupuleuse&#8230;<\/p>\n","protected":false},"author":3162,"featured_media":243136,"comment_status":"open","ping_status":"open","sticky":false,"template":"","format":"standard","meta":{"footnotes":""},"categories":[44],"tags":[3076,4557,2840,2608],"class_list":["post-218736","post","type-post","status-publish","format-standard","has-post-thumbnail","hentry","category-national","tag-ministere-de-linterieur","tag-reveillon","tag-securite","tag-tunisie"],"yoast_head":"<!-- This site is optimized with the Yoast SEO Premium plugin v27.4 (Yoast SEO v27.4) - https:\/\/yoast.com\/product\/yoast-seo-premium-wordpress\/ -->\n<title>Tunisie - R\u00e9veillon : Le minist\u00e8re de l\u2019Int\u00e9rieur sur le qui-vive<\/title>\n<meta name=\"description\" content=\"Le minist\u00e8re de l\u2019Int\u00e9rieur a lanc\u00e9, ce mardi 31 d\u00e9cembre, un appel \u00e0 tous les usagers de la route pour qu\u2019ils redoublent de vigilance et respectent scrupuleuse...\" \/>\n<link rel=\"canonical\" href=\"https:\/\/www.webdo.tn\/fr\/actualite\/national\/tunisie-reveillon-le-ministere-de-l-interieur-sur-le-qui-vive\/218736\/\" \/>\n<meta property=\"og:locale\" content=\"fr_FR\" \/>\n<meta property=\"og:type\" content=\"article\" \/>\n<meta property=\"og:title\" content=\"Tunisie - R\u00e9veillon : Le minist\u00e8re de l\u2019Int\u00e9rieur sur le qui-vive\" \/>\n<meta property=\"og:description\" content=\"Le minist\u00e8re de l\u2019Int\u00e9rieur a lanc\u00e9, ce mardi 31 d\u00e9cembre, un appel \u00e0 tous les usagers de la route pour qu\u2019ils redoublent de vigilance et respectent scrupuleuse...\" \/>\n<meta property=\"og:url\" content=\"https:\/\/www.webdo.tn\/fr\/actualite\/national\/tunisie-reveillon-le-ministere-de-l-interieur-sur-le-qui-vive\/218736\/\" \/>\n<meta property=\"og:site_name\" content=\"webdo\" \/>\n<meta property=\"article:publisher\" content=\"https:\/\/www.facebook.com\/webdotn\" \/>\n<meta property=\"article:published_time\" content=\"2024-12-31T15:24:00+00:00\" \/>\n<meta property=\"article:modified_time\" content=\"2025-05-20T21:44:42+00:00\" \/>\n<meta property=\"og:image\" content=\"https:\/\/www.webdo.tn\/fr\/wp-content\/uploads\/2025\/05\/6b23c55e9a87a41223f8211d3ded7a8f-2.webp\" \/>\n\t<meta property=\"og:image:width\" content=\"600\" \/>\n\t<meta property=\"og:image:height\" content=\"320\" \/>\n\t<meta property=\"og:image:type\" content=\"image\/webp\" \/>\n<meta name=\"author\" content=\"MC\" \/>\n<meta name=\"twitter:card\" content=\"summary_large_image\" \/>\n<meta name=\"twitter:creator\" content=\"@webdo_tn\" \/>\n<meta name=\"twitter:site\" content=\"@webdo_tn\" \/>\n<meta name=\"twitter:label1\" content=\"\u00c9crit par\" \/>\n\t<meta name=\"twitter:data1\" content=\"MC\" \/>\n\t<meta name=\"twitter:label2\" content=\"Dur\u00e9e de lecture estim\u00e9e\" \/>\n\t<meta name=\"twitter:data2\" content=\"1 minute\" \/>\n<script type=\"application\/ld+json\" class=\"yoast-schema-graph\">{\"@context\":\"https:\\\/\\\/schema.org\",\"@graph\":[{\"@type\":\"NewsArticle\",\"@id\":\"https:\\\/\\\/www.webdo.tn\\\/fr\\\/actualite\\\/national\\\/tunisie-reveillon-le-ministere-de-l-interieur-sur-le-qui-vive\\\/218736\\\/#article\",\"isPartOf\":{\"@id\":\"https:\\\/\\\/www.webdo.tn\\\/fr\\\/actualite\\\/national\\\/tunisie-reveillon-le-ministere-de-l-interieur-sur-le-qui-vive\\\/218736\\\/\"},\"author\":{\"name\":\"MC\",\"@id\":\"https:\\\/\\\/www.webdo.tn\\\/fr\\\/#\\\/schema\\\/person\\\/2c4929cbf5a809e3bd38617c6ce150f6\"},\"headline\":\"Tunisie &#8211; R\u00e9veillon : Le minist\u00e8re de l\u2019Int\u00e9rieur sur le qui-vive\",\"datePublished\":\"2024-12-31T15:24:00+00:00\",\"dateModified\":\"2025-05-20T21:44:42+00:00\",\"mainEntityOfPage\":{\"@id\":\"https:\\\/\\\/www.webdo.tn\\\/fr\\\/actualite\\\/national\\\/tunisie-reveillon-le-ministere-de-l-interieur-sur-le-qui-vive\\\/218736\\\/\"},\"wordCount\":182,\"commentCount\":0,\"publisher\":{\"@id\":\"https:\\\/\\\/www.webdo.tn\\\/fr\\\/#organization\"},\"image\":{\"@id\":\"https:\\\/\\\/www.webdo.tn\\\/fr\\\/actualite\\\/national\\\/tunisie-reveillon-le-ministere-de-l-interieur-sur-le-qui-vive\\\/218736\\\/#primaryimage\"},\"thumbnailUrl\":\"https:\\\/\\\/www.webdo.tn\\\/fr\\\/wp-content\\\/uploads\\\/2025\\\/05\\\/6b23c55e9a87a41223f8211d3ded7a8f-2.webp\",\"keywords\":[\"minist\u00e8re de l'int\u00e9rieur\",\"r\u00e9veillon\",\"s\u00e9curit\u00e9\",\"Tunisie\"],\"articleSection\":[\"National\"],\"inLanguage\":\"fr-FR\"},{\"@type\":\"WebPage\",\"@id\":\"https:\\\/\\\/www.webdo.tn\\\/fr\\\/actualite\\\/national\\\/tunisie-reveillon-le-ministere-de-l-interieur-sur-le-qui-vive\\\/218736\\\/\",\"url\":\"https:\\\/\\\/www.webdo.tn\\\/fr\\\/actualite\\\/national\\\/tunisie-reveillon-le-ministere-de-l-interieur-sur-le-qui-vive\\\/218736\\\/\",\"name\":\"Tunisie - R\u00e9veillon : Le minist\u00e8re de l\u2019Int\u00e9rieur sur le qui-vive\",\"isPartOf\":{\"@id\":\"https:\\\/\\\/www.webdo.tn\\\/fr\\\/#website\"},\"primaryImageOfPage\":{\"@id\":\"https:\\\/\\\/www.webdo.tn\\\/fr\\\/actualite\\\/national\\\/tunisie-reveillon-le-ministere-de-l-interieur-sur-le-qui-vive\\\/218736\\\/#primaryimage\"},\"image\":{\"@id\":\"https:\\\/\\\/www.webdo.tn\\\/fr\\\/actualite\\\/national\\\/tunisie-reveillon-le-ministere-de-l-interieur-sur-le-qui-vive\\\/218736\\\/#primaryimage\"},\"thumbnailUrl\":\"https:\\\/\\\/www.webdo.tn\\\/fr\\\/wp-content\\\/uploads\\\/2025\\\/05\\\/6b23c55e9a87a41223f8211d3ded7a8f-2.webp\",\"datePublished\":\"2024-12-31T15:24:00+00:00\",\"dateModified\":\"2025-05-20T21:44:42+00:00\",\"description\":\"Le minist\u00e8re de l\u2019Int\u00e9rieur a lanc\u00e9, ce mardi 31 d\u00e9cembre, un appel \u00e0 tous les usagers de la route pour qu\u2019ils redoublent de vigilance et respectent scrupuleuse...\",\"breadcrumb\":{\"@id\":\"https:\\\/\\\/www.webdo.tn\\\/fr\\\/actualite\\\/national\\\/tunisie-reveillon-le-ministere-de-l-interieur-sur-le-qui-vive\\\/218736\\\/#breadcrumb\"},\"inLanguage\":\"fr-FR\",\"potentialAction\":[{\"@type\":\"ReadAction\",\"target\":[\"https:\\\/\\\/www.webdo.tn\\\/fr\\\/actualite\\\/national\\\/tunisie-reveillon-le-ministere-de-l-interieur-sur-le-qui-vive\\\/218736\\\/\"]}]},{\"@type\":\"ImageObject\",\"inLanguage\":\"fr-FR\",\"@id\":\"https:\\\/\\\/www.webdo.tn\\\/fr\\\/actualite\\\/national\\\/tunisie-reveillon-le-ministere-de-l-interieur-sur-le-qui-vive\\\/218736\\\/#primaryimage\",\"url\":\"https:\\\/\\\/www.webdo.tn\\\/fr\\\/wp-content\\\/uploads\\\/2025\\\/05\\\/6b23c55e9a87a41223f8211d3ded7a8f-2.webp\",\"contentUrl\":\"https:\\\/\\\/www.webdo.tn\\\/fr\\\/wp-content\\\/uploads\\\/2025\\\/05\\\/6b23c55e9a87a41223f8211d3ded7a8f-2.webp\",\"width\":600,\"height\":320},{\"@type\":\"BreadcrumbList\",\"@id\":\"https:\\\/\\\/www.webdo.tn\\\/fr\\\/actualite\\\/national\\\/tunisie-reveillon-le-ministere-de-l-interieur-sur-le-qui-vive\\\/218736\\\/#breadcrumb\",\"itemListElement\":[{\"@type\":\"ListItem\",\"position\":1,\"name\":\"Accueil\",\"item\":\"https:\\\/\\\/www.webdo.tn\\\/fr\\\/\"},{\"@type\":\"ListItem\",\"position\":2,\"name\":\"Tunisie &#8211; R\u00e9veillon : Le minist\u00e8re de l\u2019Int\u00e9rieur sur le qui-vive\"}]},{\"@type\":\"WebSite\",\"@id\":\"https:\\\/\\\/www.webdo.tn\\\/fr\\\/#website\",\"url\":\"https:\\\/\\\/www.webdo.tn\\\/fr\\\/\",\"name\":\"webdo\",\"description\":\"Tunisie - News en Tunisie et \u00e0 l&#039;international sur Webdo.tn\",\"publisher\":{\"@id\":\"https:\\\/\\\/www.webdo.tn\\\/fr\\\/#organization\"},\"potentialAction\":[{\"@type\":\"SearchAction\",\"target\":{\"@type\":\"EntryPoint\",\"urlTemplate\":\"https:\\\/\\\/www.webdo.tn\\\/fr\\\/?s={search_term_string}\"},\"query-input\":{\"@type\":\"PropertyValueSpecification\",\"valueRequired\":true,\"valueName\":\"search_term_string\"}}],\"inLanguage\":\"fr-FR\"},{\"@type\":\"Organization\",\"@id\":\"https:\\\/\\\/www.webdo.tn\\\/fr\\\/#organization\",\"name\":\"Webdo\",\"alternateName\":\"Webdo.tn\",\"url\":\"https:\\\/\\\/www.webdo.tn\\\/fr\\\/\",\"logo\":{\"@type\":\"ImageObject\",\"inLanguage\":\"fr-FR\",\"@id\":\"https:\\\/\\\/www.webdo.tn\\\/fr\\\/#\\\/schema\\\/logo\\\/image\\\/\",\"url\":\"https:\\\/\\\/www.webdo.tn\\\/fr\\\/wp-content\\\/uploads\\\/2025\\\/06\\\/Webdo-Tunisie_168377.jpg\",\"contentUrl\":\"https:\\\/\\\/www.webdo.tn\\\/fr\\\/wp-content\\\/uploads\\\/2025\\\/06\\\/Webdo-Tunisie_168377.jpg\",\"width\":301,\"height\":301,\"caption\":\"Webdo\"},\"image\":{\"@id\":\"https:\\\/\\\/www.webdo.tn\\\/fr\\\/#\\\/schema\\\/logo\\\/image\\\/\"},\"sameAs\":[\"https:\\\/\\\/www.facebook.com\\\/webdotn\",\"https:\\\/\\\/x.com\\\/webdo_tn\"],\"description\":\"Webdo est un m\u00e9dia num\u00e9rique tunisien fond\u00e9 en 2010, sp\u00e9cialis\u00e9 dans l\u2019actualit\u00e9 nationale et internationale, l\u2019\u00e9conomie, la soci\u00e9t\u00e9 et les analyses politiques. Le site s\u2019adresse \u00e0 un large public francophone et couvre l\u2019information tunisienne en temps r\u00e9el.\",\"email\":\"redac@webdo.tn\",\"legalName\":\"YNJ SARL\",\"foundingDate\":\"2010-09-06\",\"numberOfEmployees\":{\"@type\":\"QuantitativeValue\",\"minValue\":\"11\",\"maxValue\":\"50\"}},{\"@type\":\"Person\",\"@id\":\"https:\\\/\\\/www.webdo.tn\\\/fr\\\/#\\\/schema\\\/person\\\/2c4929cbf5a809e3bd38617c6ce150f6\",\"name\":\"MC\",\"image\":{\"@type\":\"ImageObject\",\"inLanguage\":\"fr-FR\",\"@id\":\"https:\\\/\\\/secure.gravatar.com\\\/avatar\\\/a545bbb6f84efdd5553dbbc2895e3ca8f1d12c5215e00a041c9670b54aa9b18a?s=96&d=mm&r=g\",\"url\":\"https:\\\/\\\/secure.gravatar.com\\\/avatar\\\/a545bbb6f84efdd5553dbbc2895e3ca8f1d12c5215e00a041c9670b54aa9b18a?s=96&d=mm&r=g\",\"contentUrl\":\"https:\\\/\\\/secure.gravatar.com\\\/avatar\\\/a545bbb6f84efdd5553dbbc2895e3ca8f1d12c5215e00a041c9670b54aa9b18a?s=96&d=mm&r=g\",\"caption\":\"MC\"},\"url\":\"https:\\\/\\\/www.webdo.tn\\\/fr\\\/actualite\\\/author\\\/mc\\\/\"}]}<\/script>\n<!-- \/ Yoast SEO Premium plugin. -->","yoast_head_json":{"title":"Tunisie - R\u00e9veillon : Le minist\u00e8re de l\u2019Int\u00e9rieur sur le qui-vive","description":"Le minist\u00e8re de l\u2019Int\u00e9rieur a lanc\u00e9, ce mardi 31 d\u00e9cembre, un appel \u00e0 tous les usagers de la route pour qu\u2019ils redoublent de vigilance et respectent scrupuleuse...","canonical":"https:\/\/www.webdo.tn\/fr\/actualite\/national\/tunisie-reveillon-le-ministere-de-l-interieur-sur-le-qui-vive\/218736\/","og_locale":"fr_FR","og_type":"article","og_title":"Tunisie - R\u00e9veillon : Le minist\u00e8re de l\u2019Int\u00e9rieur sur le qui-vive","og_description":"Le minist\u00e8re de l\u2019Int\u00e9rieur a lanc\u00e9, ce mardi 31 d\u00e9cembre, un appel \u00e0 tous les usagers de la route pour qu\u2019ils redoublent de vigilance et respectent scrupuleuse...","og_url":"https:\/\/www.webdo.tn\/fr\/actualite\/national\/tunisie-reveillon-le-ministere-de-l-interieur-sur-le-qui-vive\/218736\/","og_site_name":"webdo","article_publisher":"https:\/\/www.facebook.com\/webdotn","article_published_time":"2024-12-31T15:24:00+00:00","article_modified_time":"2025-05-20T21:44:42+00:00","og_image":[{"width":600,"height":320,"url":"https:\/\/www.webdo.tn\/fr\/wp-content\/uploads\/2025\/05\/6b23c55e9a87a41223f8211d3ded7a8f-2.webp","type":"image\/webp"}],"author":"MC","twitter_card":"summary_large_image","twitter_creator":"@webdo_tn","twitter_site":"@webdo_tn","twitter_misc":{"\u00c9crit par":"MC","Dur\u00e9e de lecture estim\u00e9e":"1 minute"},"schema":{"@context":"https:\/\/schema.org","@graph":[{"@type":"NewsArticle","@id":"https:\/\/www.webdo.tn\/fr\/actualite\/national\/tunisie-reveillon-le-ministere-de-l-interieur-sur-le-qui-vive\/218736\/#article","isPartOf":{"@id":"https:\/\/www.webdo.tn\/fr\/actualite\/national\/tunisie-reveillon-le-ministere-de-l-interieur-sur-le-qui-vive\/218736\/"},"author":{"name":"MC","@id":"https:\/\/www.webdo.tn\/fr\/#\/schema\/person\/2c4929cbf5a809e3bd38617c6ce150f6"},"headline":"Tunisie &#8211; R\u00e9veillon : Le minist\u00e8re de l\u2019Int\u00e9rieur sur le qui-vive","datePublished":"2024-12-31T15:24:00+00:00","dateModified":"2025-05-20T21:44:42+00:00","mainEntityOfPage":{"@id":"https:\/\/www.webdo.tn\/fr\/actualite\/national\/tunisie-reveillon-le-ministere-de-l-interieur-sur-le-qui-vive\/218736\/"},"wordCount":182,"commentCount":0,"publisher":{"@id":"https:\/\/www.webdo.tn\/fr\/#organization"},"image":{"@id":"https:\/\/www.webdo.tn\/fr\/actualite\/national\/tunisie-reveillon-le-ministere-de-l-interieur-sur-le-qui-vive\/218736\/#primaryimage"},"thumbnailUrl":"https:\/\/www.webdo.tn\/fr\/wp-content\/uploads\/2025\/05\/6b23c55e9a87a41223f8211d3ded7a8f-2.webp","keywords":["minist\u00e8re de l'int\u00e9rieur","r\u00e9veillon","s\u00e9curit\u00e9","Tunisie"],"articleSection":["National"],"inLanguage":"fr-FR"},{"@type":"WebPage","@id":"https:\/\/www.webdo.tn\/fr\/actualite\/national\/tunisie-reveillon-le-ministere-de-l-interieur-sur-le-qui-vive\/218736\/","url":"https:\/\/www.webdo.tn\/fr\/actualite\/national\/tunisie-reveillon-le-ministere-de-l-interieur-sur-le-qui-vive\/218736\/","name":"Tunisie - R\u00e9veillon : Le minist\u00e8re de l\u2019Int\u00e9rieur sur le qui-vive","isPartOf":{"@id":"https:\/\/www.webdo.tn\/fr\/#website"},"primaryImageOfPage":{"@id":"https:\/\/www.webdo.tn\/fr\/actualite\/national\/tunisie-reveillon-le-ministere-de-l-interieur-sur-le-qui-vive\/218736\/#primaryimage"},"image":{"@id":"https:\/\/www.webdo.tn\/fr\/actualite\/national\/tunisie-reveillon-le-ministere-de-l-interieur-sur-le-qui-vive\/218736\/#primaryimage"},"thumbnailUrl":"https:\/\/www.webdo.tn\/fr\/wp-content\/uploads\/2025\/05\/6b23c55e9a87a41223f8211d3ded7a8f-2.webp","datePublished":"2024-12-31T15:24:00+00:00","dateModified":"2025-05-20T21:44:42+00:00","description":"Le minist\u00e8re de l\u2019Int\u00e9rieur a lanc\u00e9, ce mardi 31 d\u00e9cembre, un appel \u00e0 tous les usagers de la route pour qu\u2019ils redoublent de vigilance et respectent scrupuleuse...","breadcrumb":{"@id":"https:\/\/www.webdo.tn\/fr\/actualite\/national\/tunisie-reveillon-le-ministere-de-l-interieur-sur-le-qui-vive\/218736\/#breadcrumb"},"inLanguage":"fr-FR","potentialAction":[{"@type":"ReadAction","target":["https:\/\/www.webdo.tn\/fr\/actualite\/national\/tunisie-reveillon-le-ministere-de-l-interieur-sur-le-qui-vive\/218736\/"]}]},{"@type":"ImageObject","inLanguage":"fr-FR","@id":"https:\/\/www.webdo.tn\/fr\/actualite\/national\/tunisie-reveillon-le-ministere-de-l-interieur-sur-le-qui-vive\/218736\/#primaryimage","url":"https:\/\/www.webdo.tn\/fr\/wp-content\/uploads\/2025\/05\/6b23c55e9a87a41223f8211d3ded7a8f-2.webp","contentUrl":"https:\/\/www.webdo.tn\/fr\/wp-content\/uploads\/2025\/05\/6b23c55e9a87a41223f8211d3ded7a8f-2.webp","width":600,"height":320},{"@type":"BreadcrumbList","@id":"https:\/\/www.webdo.tn\/fr\/actualite\/national\/tunisie-reveillon-le-ministere-de-l-interieur-sur-le-qui-vive\/218736\/#breadcrumb","itemListElement":[{"@type":"ListItem","position":1,"name":"Accueil","item":"https:\/\/www.webdo.tn\/fr\/"},{"@type":"ListItem","position":2,"name":"Tunisie &#8211; R\u00e9veillon : Le minist\u00e8re de l\u2019Int\u00e9rieur sur le qui-vive"}]},{"@type":"WebSite","@id":"https:\/\/www.webdo.tn\/fr\/#website","url":"https:\/\/www.webdo.tn\/fr\/","name":"webdo","description":"Tunisie - News en Tunisie et \u00e0 l&#039;international sur Webdo.tn","publisher":{"@id":"https:\/\/www.webdo.tn\/fr\/#organization"},"potentialAction":[{"@type":"SearchAction","target":{"@type":"EntryPoint","urlTemplate":"https:\/\/www.webdo.tn\/fr\/?s={search_term_string}"},"query-input":{"@type":"PropertyValueSpecification","valueRequired":true,"valueName":"search_term_string"}}],"inLanguage":"fr-FR"},{"@type":"Organization","@id":"https:\/\/www.webdo.tn\/fr\/#organization","name":"Webdo","alternateName":"Webdo.tn","url":"https:\/\/www.webdo.tn\/fr\/","logo":{"@type":"ImageObject","inLanguage":"fr-FR","@id":"https:\/\/www.webdo.tn\/fr\/#\/schema\/logo\/image\/","url":"https:\/\/www.webdo.tn\/fr\/wp-content\/uploads\/2025\/06\/Webdo-Tunisie_168377.jpg","contentUrl":"https:\/\/www.webdo.tn\/fr\/wp-content\/uploads\/2025\/06\/Webdo-Tunisie_168377.jpg","width":301,"height":301,"caption":"Webdo"},"image":{"@id":"https:\/\/www.webdo.tn\/fr\/#\/schema\/logo\/image\/"},"sameAs":["https:\/\/www.facebook.com\/webdotn","https:\/\/x.com\/webdo_tn"],"description":"Webdo est un m\u00e9dia num\u00e9rique tunisien fond\u00e9 en 2010, sp\u00e9cialis\u00e9 dans l\u2019actualit\u00e9 nationale et internationale, l\u2019\u00e9conomie, la soci\u00e9t\u00e9 et les analyses politiques. Le site s\u2019adresse \u00e0 un large public francophone et couvre l\u2019information tunisienne en temps r\u00e9el.","email":"redac@webdo.tn","legalName":"YNJ SARL","foundingDate":"2010-09-06","numberOfEmployees":{"@type":"QuantitativeValue","minValue":"11","maxValue":"50"}},{"@type":"Person","@id":"https:\/\/www.webdo.tn\/fr\/#\/schema\/person\/2c4929cbf5a809e3bd38617c6ce150f6","name":"MC","image":{"@type":"ImageObject","inLanguage":"fr-FR","@id":"https:\/\/secure.gravatar.com\/avatar\/a545bbb6f84efdd5553dbbc2895e3ca8f1d12c5215e00a041c9670b54aa9b18a?s=96&d=mm&r=g","url":"https:\/\/secure.gravatar.com\/avatar\/a545bbb6f84efdd5553dbbc2895e3ca8f1d12c5215e00a041c9670b54aa9b18a?s=96&d=mm&r=g","contentUrl":"https:\/\/secure.gravatar.com\/avatar\/a545bbb6f84efdd5553dbbc2895e3ca8f1d12c5215e00a041c9670b54aa9b18a?s=96&d=mm&r=g","caption":"MC"},"url":"https:\/\/www.webdo.tn\/fr\/actualite\/author\/mc\/"}]}},"_links":{"self":[{"href":"https:\/\/www.webdo.tn\/fr\/wp-json\/wp\/v2\/posts\/218736","targetHints":{"allow":["GET"]}}],"collection":[{"href":"https:\/\/www.webdo.tn\/fr\/wp-json\/wp\/v2\/posts"}],"about":[{"href":"https:\/\/www.webdo.tn\/fr\/wp-json\/wp\/v2\/types\/post"}],"author":[{"embeddable":true,"href":"https:\/\/www.webdo.tn\/fr\/wp-json\/wp\/v2\/users\/3162"}],"replies":[{"embeddable":true,"href":"https:\/\/www.webdo.tn\/fr\/wp-json\/wp\/v2\/comments?post=218736"}],"version-history":[{"count":0,"href":"https:\/\/www.webdo.tn\/fr\/wp-json\/wp\/v2\/posts\/218736\/revisions"}],"wp:featuredmedia":[{"embeddable":true,"href":"https:\/\/www.webdo.tn\/fr\/wp-json\/wp\/v2\/media\/243136"}],"wp:attachment":[{"href":"https:\/\/www.webdo.tn\/fr\/wp-json\/wp\/v2\/media?parent=218736"}],"wp:term":[{"taxonomy":"category","embeddable":true,"href":"https:\/\/www.webdo.tn\/fr\/wp-json\/wp\/v2\/categories?post=218736"},{"taxonomy":"post_tag","embeddable":true,"href":"https:\/\/www.webdo.tn\/fr\/wp-json\/wp\/v2\/tags?post=218736"}],"curies":[{"name":"wp","href":"https:\/\/api.w.org\/{rel}","templated":true}]}}