{"id":218721,"date":"2024-12-31T09:03:00","date_gmt":"2024-12-31T09:03:00","guid":{"rendered":"https:\/\/www.webdo.tn\/fr\/blog\/2024\/12\/31\/de-guantanamo-a-la-tunisie-l-impossible-redemption\/"},"modified":"2025-05-17T20:16:01","modified_gmt":"2025-05-17T20:16:01","slug":"de-guantanamo-a-la-tunisie-l-impossible-redemption","status":"publish","type":"post","link":"https:\/\/www.webdo.tn\/fr\/actualite\/national\/de-guantanamo-a-la-tunisie-l-impossible-redemption\/218721\/","title":{"rendered":"De Guantanamo \u00e0 la Tunisie : L&rsquo;impossible r\u00e9demption"},"content":{"rendered":"<p>Vingt-deux ans apr\u00e8s son ouverture, Guantanamo reste un \u00e9cho persistant des drames humains et des secrets de l&rsquo;apr\u00e8s 11-Septembre. Le rapatriement r\u00e9cent de Ridha Ben Saleh Ben Mabrouk al-Yazidi vers la Tunisie ajoute un chapitre de plus \u00e0 cette sombre histoire, tout en soulevant des questions profondes sur le v\u00e9ritable prix de la libert\u00e9 retrouv\u00e9e.<\/p>\n<p>\t\t\t\t\t\t\t\t\tUne libert\u00e9 en trompe-l&rsquo;\u0153il<\/p>\n<p>Derri\u00e8re l\u2019annonce apparemment positive de ce transfert se cache une r\u00e9alit\u00e9 beaucoup plus complexe. Ce \u00ab rigoureux processus d\u2019examen interagences \u00bb, qui pr\u00e9c\u00e8de chaque rapatriement, r\u00e9v\u00e8le surtout la permanence d\u2019une bureaucratie ayant d\u00e9tenu pendant des d\u00e9cennies des hommes sans inculpation. Le sort d\u2019al-Yazidi, comme celui de H\u00e9di Hammami avant lui, est le reflet tragique des stigmates laiss\u00e9s par cette justice d&rsquo;exception.<\/p>\n<p>En 2014, deux autres Tunisiens, Lotfi Ben Ali et Adel Hakimi, ont \u00e9t\u00e9 transf\u00e9r\u00e9s au Kazakhstan aux c\u00f4t\u00e9s de trois Y\u00e9m\u00e9nites, apr\u00e8s avoir pass\u00e9 plus de onze ans sans inculpation. Quelques jours plus t\u00f4t, Ridha Najjar, ancien garde pr\u00e9sum\u00e9 d\u2019Oussama Ben Laden, \u00e9tait lib\u00e9r\u00e9 apr\u00e8s treize ann\u00e9es de d\u00e9tention marqu\u00e9es par des tortures inflig\u00e9es par la CIA.<\/p>\n<p>Des stigmates transg\u00e9n\u00e9rationnels<\/p>\n<p>Rim Ben Ismail, psychologue \u00e0 l&rsquo;Organisation mondiale contre la torture, a men\u00e9 une \u00e9tude en 2017 sur l&rsquo;impact psychologique de la d\u00e9tention chez douze prisonniers tunisiens. Ses conclusions mettent en lumi\u00e8re un sch\u00e9ma r\u00e9current : la lib\u00e9ration n\u2019est que le d\u00e9but d\u2019un nouveau cycle de pers\u00e9cution. L\u2019histoire d\u2019H\u00e9di Hammami, lib\u00e9r\u00e9 en 2011 et qui, six ans plus tard, demandait \u00e0 retourner \u00e0 Guantanamo pour fuir une pression sociale et institutionnelle insupportable en Tunisie, est une illustration gla\u00e7ante de cette r\u00e9alit\u00e9.<\/p>\n<p>Les familles des ex-d\u00e9tenus, d\u00e9j\u00e0 \u00e9prouv\u00e9es par des ann\u00e9es de s\u00e9paration, deviennent elles aussi des cibles de la stigmatisation. \u00ab Ces hommes passent du statut de victimes de torture \u00e0 celui de suspects perp\u00e9tuels \u00bb, souligne Ben Ismail. Pire encore, certains cas t\u00e9moignent de d\u00e9nouements tragiques : un ancien d\u00e9tenu lib\u00e9r\u00e9 en 2014 a \u00e9t\u00e9 accul\u00e9 au suicide sous l&rsquo;effet d&rsquo;un harc\u00e8lement incessant, avant de fuir vers la Syrie, o\u00f9 il a p\u00e9ri.<\/p>\n<p>Le traumatisme ne s\u2019arr\u00eate pas l\u00e0. Il se transmet \u00e0 la g\u00e9n\u00e9ration suivante : les enfants des anciens d\u00e9tenus grandissent dans une m\u00e9fiance profonde envers les institutions. Cette h\u00e9ritage psychologique repr\u00e9sente peut-\u00eatre la s\u00e9quelle la plus insidieuse de Guantanamo.<\/p>\n<p>Une justice incompl\u00e8te<\/p>\n<p>En 2024, alors que 26 d\u00e9tenus demeurent encore dans cette prison, dont 14 sont \u00e9ligibles au transfert, le travail de Ben Ismail nous rappelle une v\u00e9rit\u00e9 essentielle : la r\u00e9habilitation v\u00e9ritable exige bien plus qu\u2019un simple rapatriement. Si un jour Guantanamo ferme ses portes, ses cons\u00e9quences continueront de r\u00e9sonner sur des g\u00e9n\u00e9rations, preuve qu&rsquo;une justice sans r\u00e9habilitation ne fait que perp\u00e9tuer la punition.<\/p>\n","protected":false},"excerpt":{"rendered":"<p>D\u00e9couvrez l&rsquo;impact psychologique de Guantanamo \u00e0 travers le regard de la psychologue Rim Ben Ismail. De 2002 \u00e0 2024, le traumatisme des d\u00e9tenus tunisiens et leu&#8230;<\/p>\n","protected":false},"author":3203,"featured_media":243124,"comment_status":"open","ping_status":"open","sticky":false,"template":"","format":"standard","meta":{"footnotes":""},"categories":[44],"tags":[4547,4550,4548,4549],"class_list":["post-218721","post","type-post","status-publish","format-standard","has-post-thumbnail","hentry","category-national","tag-guantanamo-detenus-tunisiens","tag-hedi-hammami-guantanamo","tag-rim-ben-ismail-psychologue","tag-traumatisme-guantanamo"],"yoast_head":"<!-- This site is optimized with the Yoast SEO Premium plugin v27.5 (Yoast SEO v27.5) - https:\/\/yoast.com\/product\/yoast-seo-premium-wordpress\/ -->\n<title>De Guantanamo \u00e0 la Tunisie : L&#039;impossible r\u00e9demption<\/title>\n<meta name=\"description\" content=\"D\u00e9couvrez l&#039;impact psychologique de Guantanamo \u00e0 travers le regard de la psychologue Rim Ben Ismail. De 2002 \u00e0 2024, le traumatisme des d\u00e9tenus tunisiens et leu...\" \/>\n<link rel=\"canonical\" href=\"https:\/\/www.webdo.tn\/fr\/actualite\/national\/de-guantanamo-a-la-tunisie-l-impossible-redemption\/218721\/\" \/>\n<meta property=\"og:locale\" content=\"fr_FR\" \/>\n<meta property=\"og:type\" content=\"article\" \/>\n<meta property=\"og:title\" content=\"De Guantanamo \u00e0 la Tunisie : L&#039;impossible r\u00e9demption\" \/>\n<meta property=\"og:description\" content=\"D\u00e9couvrez l&#039;impact psychologique de Guantanamo \u00e0 travers le regard de la psychologue Rim Ben Ismail. De 2002 \u00e0 2024, le traumatisme des d\u00e9tenus tunisiens et leu...\" \/>\n<meta property=\"og:url\" content=\"https:\/\/www.webdo.tn\/fr\/actualite\/national\/de-guantanamo-a-la-tunisie-l-impossible-redemption\/218721\/\" \/>\n<meta property=\"og:site_name\" content=\"webdo\" \/>\n<meta property=\"article:publisher\" content=\"https:\/\/www.facebook.com\/webdotn\" \/>\n<meta property=\"article:published_time\" content=\"2024-12-31T09:03:00+00:00\" \/>\n<meta property=\"article:modified_time\" content=\"2025-05-17T20:16:01+00:00\" \/>\n<meta property=\"og:image\" content=\"https:\/\/www.webdo.tn\/fr\/wp-content\/uploads\/2025\/05\/8a050246ac730dfd3c248349dadcbcb6-2.webp\" \/>\n\t<meta property=\"og:image:width\" content=\"750\" \/>\n\t<meta property=\"og:image:height\" content=\"400\" \/>\n\t<meta property=\"og:image:type\" content=\"image\/webp\" \/>\n<meta name=\"author\" content=\"Ramzi Haddad\" \/>\n<meta name=\"twitter:card\" content=\"summary_large_image\" \/>\n<meta name=\"twitter:creator\" content=\"@webdo_tn\" \/>\n<meta name=\"twitter:site\" content=\"@webdo_tn\" \/>\n<meta name=\"twitter:label1\" content=\"\u00c9crit par\" \/>\n\t<meta name=\"twitter:data1\" content=\"Ramzi Haddad\" \/>\n\t<meta name=\"twitter:label2\" content=\"Dur\u00e9e de lecture estim\u00e9e\" \/>\n\t<meta name=\"twitter:data2\" content=\"3 minutes\" \/>\n<script type=\"application\/ld+json\" class=\"yoast-schema-graph\">{\"@context\":\"https:\\\/\\\/schema.org\",\"@graph\":[{\"@type\":\"NewsArticle\",\"@id\":\"https:\\\/\\\/www.webdo.tn\\\/fr\\\/actualite\\\/national\\\/de-guantanamo-a-la-tunisie-l-impossible-redemption\\\/218721\\\/#article\",\"isPartOf\":{\"@id\":\"https:\\\/\\\/www.webdo.tn\\\/fr\\\/actualite\\\/national\\\/de-guantanamo-a-la-tunisie-l-impossible-redemption\\\/218721\\\/\"},\"author\":{\"name\":\"Ramzi Haddad\",\"@id\":\"https:\\\/\\\/www.webdo.tn\\\/fr\\\/#\\\/schema\\\/person\\\/5663044c25eb36d8f88ba5b653f12f8c\"},\"headline\":\"De Guantanamo \u00e0 la Tunisie : L&rsquo;impossible r\u00e9demption\",\"datePublished\":\"2024-12-31T09:03:00+00:00\",\"dateModified\":\"2025-05-17T20:16:01+00:00\",\"mainEntityOfPage\":{\"@id\":\"https:\\\/\\\/www.webdo.tn\\\/fr\\\/actualite\\\/national\\\/de-guantanamo-a-la-tunisie-l-impossible-redemption\\\/218721\\\/\"},\"wordCount\":519,\"commentCount\":0,\"publisher\":{\"@id\":\"https:\\\/\\\/www.webdo.tn\\\/fr\\\/#organization\"},\"image\":{\"@id\":\"https:\\\/\\\/www.webdo.tn\\\/fr\\\/actualite\\\/national\\\/de-guantanamo-a-la-tunisie-l-impossible-redemption\\\/218721\\\/#primaryimage\"},\"thumbnailUrl\":\"https:\\\/\\\/www.webdo.tn\\\/fr\\\/wp-content\\\/uploads\\\/2025\\\/05\\\/8a050246ac730dfd3c248349dadcbcb6-2.webp\",\"keywords\":[\"Guantanamo d\u00e9tenus tunisiens\",\"H\u00e9di Hammami Guantanamo\",\"Rim Ben Ismail psychologue\",\"Traumatisme Guantanamo\"],\"articleSection\":[\"National\"],\"inLanguage\":\"fr-FR\"},{\"@type\":\"WebPage\",\"@id\":\"https:\\\/\\\/www.webdo.tn\\\/fr\\\/actualite\\\/national\\\/de-guantanamo-a-la-tunisie-l-impossible-redemption\\\/218721\\\/\",\"url\":\"https:\\\/\\\/www.webdo.tn\\\/fr\\\/actualite\\\/national\\\/de-guantanamo-a-la-tunisie-l-impossible-redemption\\\/218721\\\/\",\"name\":\"De Guantanamo \u00e0 la Tunisie : L'impossible r\u00e9demption\",\"isPartOf\":{\"@id\":\"https:\\\/\\\/www.webdo.tn\\\/fr\\\/#website\"},\"primaryImageOfPage\":{\"@id\":\"https:\\\/\\\/www.webdo.tn\\\/fr\\\/actualite\\\/national\\\/de-guantanamo-a-la-tunisie-l-impossible-redemption\\\/218721\\\/#primaryimage\"},\"image\":{\"@id\":\"https:\\\/\\\/www.webdo.tn\\\/fr\\\/actualite\\\/national\\\/de-guantanamo-a-la-tunisie-l-impossible-redemption\\\/218721\\\/#primaryimage\"},\"thumbnailUrl\":\"https:\\\/\\\/www.webdo.tn\\\/fr\\\/wp-content\\\/uploads\\\/2025\\\/05\\\/8a050246ac730dfd3c248349dadcbcb6-2.webp\",\"datePublished\":\"2024-12-31T09:03:00+00:00\",\"dateModified\":\"2025-05-17T20:16:01+00:00\",\"description\":\"D\u00e9couvrez l'impact psychologique de Guantanamo \u00e0 travers le regard de la psychologue Rim Ben Ismail. De 2002 \u00e0 2024, le traumatisme des d\u00e9tenus tunisiens et leu...\",\"breadcrumb\":{\"@id\":\"https:\\\/\\\/www.webdo.tn\\\/fr\\\/actualite\\\/national\\\/de-guantanamo-a-la-tunisie-l-impossible-redemption\\\/218721\\\/#breadcrumb\"},\"inLanguage\":\"fr-FR\",\"potentialAction\":[{\"@type\":\"ReadAction\",\"target\":[\"https:\\\/\\\/www.webdo.tn\\\/fr\\\/actualite\\\/national\\\/de-guantanamo-a-la-tunisie-l-impossible-redemption\\\/218721\\\/\"]}]},{\"@type\":\"ImageObject\",\"inLanguage\":\"fr-FR\",\"@id\":\"https:\\\/\\\/www.webdo.tn\\\/fr\\\/actualite\\\/national\\\/de-guantanamo-a-la-tunisie-l-impossible-redemption\\\/218721\\\/#primaryimage\",\"url\":\"https:\\\/\\\/www.webdo.tn\\\/fr\\\/wp-content\\\/uploads\\\/2025\\\/05\\\/8a050246ac730dfd3c248349dadcbcb6-2.webp\",\"contentUrl\":\"https:\\\/\\\/www.webdo.tn\\\/fr\\\/wp-content\\\/uploads\\\/2025\\\/05\\\/8a050246ac730dfd3c248349dadcbcb6-2.webp\",\"width\":750,\"height\":400},{\"@type\":\"BreadcrumbList\",\"@id\":\"https:\\\/\\\/www.webdo.tn\\\/fr\\\/actualite\\\/national\\\/de-guantanamo-a-la-tunisie-l-impossible-redemption\\\/218721\\\/#breadcrumb\",\"itemListElement\":[{\"@type\":\"ListItem\",\"position\":1,\"name\":\"Accueil\",\"item\":\"https:\\\/\\\/www.webdo.tn\\\/fr\\\/\"},{\"@type\":\"ListItem\",\"position\":2,\"name\":\"De Guantanamo \u00e0 la Tunisie : L&#8217;impossible r\u00e9demption\"}]},{\"@type\":\"WebSite\",\"@id\":\"https:\\\/\\\/www.webdo.tn\\\/fr\\\/#website\",\"url\":\"https:\\\/\\\/www.webdo.tn\\\/fr\\\/\",\"name\":\"webdo\",\"description\":\"Tunisie - News en Tunisie et \u00e0 l&#039;international sur Webdo.tn\",\"publisher\":{\"@id\":\"https:\\\/\\\/www.webdo.tn\\\/fr\\\/#organization\"},\"potentialAction\":[{\"@type\":\"SearchAction\",\"target\":{\"@type\":\"EntryPoint\",\"urlTemplate\":\"https:\\\/\\\/www.webdo.tn\\\/fr\\\/?s={search_term_string}\"},\"query-input\":{\"@type\":\"PropertyValueSpecification\",\"valueRequired\":true,\"valueName\":\"search_term_string\"}}],\"inLanguage\":\"fr-FR\"},{\"@type\":\"Organization\",\"@id\":\"https:\\\/\\\/www.webdo.tn\\\/fr\\\/#organization\",\"name\":\"Webdo\",\"alternateName\":\"Webdo.tn\",\"url\":\"https:\\\/\\\/www.webdo.tn\\\/fr\\\/\",\"logo\":{\"@type\":\"ImageObject\",\"inLanguage\":\"fr-FR\",\"@id\":\"https:\\\/\\\/www.webdo.tn\\\/fr\\\/#\\\/schema\\\/logo\\\/image\\\/\",\"url\":\"https:\\\/\\\/www.webdo.tn\\\/fr\\\/wp-content\\\/uploads\\\/2025\\\/06\\\/Webdo-Tunisie_168377.jpg\",\"contentUrl\":\"https:\\\/\\\/www.webdo.tn\\\/fr\\\/wp-content\\\/uploads\\\/2025\\\/06\\\/Webdo-Tunisie_168377.jpg\",\"width\":301,\"height\":301,\"caption\":\"Webdo\"},\"image\":{\"@id\":\"https:\\\/\\\/www.webdo.tn\\\/fr\\\/#\\\/schema\\\/logo\\\/image\\\/\"},\"sameAs\":[\"https:\\\/\\\/www.facebook.com\\\/webdotn\",\"https:\\\/\\\/x.com\\\/webdo_tn\"],\"description\":\"Webdo est un m\u00e9dia num\u00e9rique tunisien fond\u00e9 en 2010, sp\u00e9cialis\u00e9 dans l\u2019actualit\u00e9 nationale et internationale, l\u2019\u00e9conomie, la soci\u00e9t\u00e9 et les analyses politiques. Le site s\u2019adresse \u00e0 un large public francophone et couvre l\u2019information tunisienne en temps r\u00e9el.\",\"email\":\"redac@webdo.tn\",\"legalName\":\"YNJ SARL\",\"foundingDate\":\"2010-09-06\",\"numberOfEmployees\":{\"@type\":\"QuantitativeValue\",\"minValue\":\"11\",\"maxValue\":\"50\"}},{\"@type\":\"Person\",\"@id\":\"https:\\\/\\\/www.webdo.tn\\\/fr\\\/#\\\/schema\\\/person\\\/5663044c25eb36d8f88ba5b653f12f8c\",\"name\":\"Ramzi Haddad\",\"image\":{\"@type\":\"ImageObject\",\"inLanguage\":\"fr-FR\",\"@id\":\"https:\\\/\\\/www.webdo.tn\\\/fr\\\/wp-content\\\/uploads\\\/2026\\\/04\\\/ramzi-haddad_avatar-96x96.jpg\",\"url\":\"https:\\\/\\\/www.webdo.tn\\\/fr\\\/wp-content\\\/uploads\\\/2026\\\/04\\\/ramzi-haddad_avatar-96x96.jpg\",\"contentUrl\":\"https:\\\/\\\/www.webdo.tn\\\/fr\\\/wp-content\\\/uploads\\\/2026\\\/04\\\/ramzi-haddad_avatar-96x96.jpg\",\"caption\":\"Ramzi Haddad\"},\"description\":\"Signature \u00e9ditoriale de Walid Ben Youssef Ramzi Haddad est le pseudonyme \u00e9ditorial de Walid Ben Youssef, fondateur et g\u00e9rant de Webdo.tn. Cette signature est d\u00e9di\u00e9e \u00e0 la couverture de l'actualit\u00e9 nationale et internationale, ainsi qu'aux analyses des dynamiques num\u00e9riques. Ce profil b\u00e9n\u00e9ficie de l'expertise de Walid Ben Youssef, pionnier du web en Tunisie depuis 2000 et dipl\u00f4m\u00e9 en Math\u00e9matiques pures de l'Universit\u00e9 d'Oregon. \u00c0 travers cette signature, la r\u00e9daction de Webdo garantit une information structur\u00e9e et v\u00e9rifi\u00e9e, fid\u00e8le aux standards journalistiques du m\u00e9dia.\",\"url\":\"https:\\\/\\\/www.webdo.tn\\\/fr\\\/actualite\\\/author\\\/ramzi-haddad\\\/\"}]}<\/script>\n<!-- \/ Yoast SEO Premium plugin. -->","yoast_head_json":{"title":"De Guantanamo \u00e0 la Tunisie : L'impossible r\u00e9demption","description":"D\u00e9couvrez l'impact psychologique de Guantanamo \u00e0 travers le regard de la psychologue Rim Ben Ismail. De 2002 \u00e0 2024, le traumatisme des d\u00e9tenus tunisiens et leu...","canonical":"https:\/\/www.webdo.tn\/fr\/actualite\/national\/de-guantanamo-a-la-tunisie-l-impossible-redemption\/218721\/","og_locale":"fr_FR","og_type":"article","og_title":"De Guantanamo \u00e0 la Tunisie : L'impossible r\u00e9demption","og_description":"D\u00e9couvrez l'impact psychologique de Guantanamo \u00e0 travers le regard de la psychologue Rim Ben Ismail. De 2002 \u00e0 2024, le traumatisme des d\u00e9tenus tunisiens et leu...","og_url":"https:\/\/www.webdo.tn\/fr\/actualite\/national\/de-guantanamo-a-la-tunisie-l-impossible-redemption\/218721\/","og_site_name":"webdo","article_publisher":"https:\/\/www.facebook.com\/webdotn","article_published_time":"2024-12-31T09:03:00+00:00","article_modified_time":"2025-05-17T20:16:01+00:00","og_image":[{"width":750,"height":400,"url":"https:\/\/www.webdo.tn\/fr\/wp-content\/uploads\/2025\/05\/8a050246ac730dfd3c248349dadcbcb6-2.webp","type":"image\/webp"}],"author":"Ramzi Haddad","twitter_card":"summary_large_image","twitter_creator":"@webdo_tn","twitter_site":"@webdo_tn","twitter_misc":{"\u00c9crit par":"Ramzi Haddad","Dur\u00e9e de lecture estim\u00e9e":"3 minutes"},"schema":{"@context":"https:\/\/schema.org","@graph":[{"@type":"NewsArticle","@id":"https:\/\/www.webdo.tn\/fr\/actualite\/national\/de-guantanamo-a-la-tunisie-l-impossible-redemption\/218721\/#article","isPartOf":{"@id":"https:\/\/www.webdo.tn\/fr\/actualite\/national\/de-guantanamo-a-la-tunisie-l-impossible-redemption\/218721\/"},"author":{"name":"Ramzi Haddad","@id":"https:\/\/www.webdo.tn\/fr\/#\/schema\/person\/5663044c25eb36d8f88ba5b653f12f8c"},"headline":"De Guantanamo \u00e0 la Tunisie : L&rsquo;impossible r\u00e9demption","datePublished":"2024-12-31T09:03:00+00:00","dateModified":"2025-05-17T20:16:01+00:00","mainEntityOfPage":{"@id":"https:\/\/www.webdo.tn\/fr\/actualite\/national\/de-guantanamo-a-la-tunisie-l-impossible-redemption\/218721\/"},"wordCount":519,"commentCount":0,"publisher":{"@id":"https:\/\/www.webdo.tn\/fr\/#organization"},"image":{"@id":"https:\/\/www.webdo.tn\/fr\/actualite\/national\/de-guantanamo-a-la-tunisie-l-impossible-redemption\/218721\/#primaryimage"},"thumbnailUrl":"https:\/\/www.webdo.tn\/fr\/wp-content\/uploads\/2025\/05\/8a050246ac730dfd3c248349dadcbcb6-2.webp","keywords":["Guantanamo d\u00e9tenus tunisiens","H\u00e9di Hammami Guantanamo","Rim Ben Ismail psychologue","Traumatisme Guantanamo"],"articleSection":["National"],"inLanguage":"fr-FR"},{"@type":"WebPage","@id":"https:\/\/www.webdo.tn\/fr\/actualite\/national\/de-guantanamo-a-la-tunisie-l-impossible-redemption\/218721\/","url":"https:\/\/www.webdo.tn\/fr\/actualite\/national\/de-guantanamo-a-la-tunisie-l-impossible-redemption\/218721\/","name":"De Guantanamo \u00e0 la Tunisie : L'impossible r\u00e9demption","isPartOf":{"@id":"https:\/\/www.webdo.tn\/fr\/#website"},"primaryImageOfPage":{"@id":"https:\/\/www.webdo.tn\/fr\/actualite\/national\/de-guantanamo-a-la-tunisie-l-impossible-redemption\/218721\/#primaryimage"},"image":{"@id":"https:\/\/www.webdo.tn\/fr\/actualite\/national\/de-guantanamo-a-la-tunisie-l-impossible-redemption\/218721\/#primaryimage"},"thumbnailUrl":"https:\/\/www.webdo.tn\/fr\/wp-content\/uploads\/2025\/05\/8a050246ac730dfd3c248349dadcbcb6-2.webp","datePublished":"2024-12-31T09:03:00+00:00","dateModified":"2025-05-17T20:16:01+00:00","description":"D\u00e9couvrez l'impact psychologique de Guantanamo \u00e0 travers le regard de la psychologue Rim Ben Ismail. De 2002 \u00e0 2024, le traumatisme des d\u00e9tenus tunisiens et leu...","breadcrumb":{"@id":"https:\/\/www.webdo.tn\/fr\/actualite\/national\/de-guantanamo-a-la-tunisie-l-impossible-redemption\/218721\/#breadcrumb"},"inLanguage":"fr-FR","potentialAction":[{"@type":"ReadAction","target":["https:\/\/www.webdo.tn\/fr\/actualite\/national\/de-guantanamo-a-la-tunisie-l-impossible-redemption\/218721\/"]}]},{"@type":"ImageObject","inLanguage":"fr-FR","@id":"https:\/\/www.webdo.tn\/fr\/actualite\/national\/de-guantanamo-a-la-tunisie-l-impossible-redemption\/218721\/#primaryimage","url":"https:\/\/www.webdo.tn\/fr\/wp-content\/uploads\/2025\/05\/8a050246ac730dfd3c248349dadcbcb6-2.webp","contentUrl":"https:\/\/www.webdo.tn\/fr\/wp-content\/uploads\/2025\/05\/8a050246ac730dfd3c248349dadcbcb6-2.webp","width":750,"height":400},{"@type":"BreadcrumbList","@id":"https:\/\/www.webdo.tn\/fr\/actualite\/national\/de-guantanamo-a-la-tunisie-l-impossible-redemption\/218721\/#breadcrumb","itemListElement":[{"@type":"ListItem","position":1,"name":"Accueil","item":"https:\/\/www.webdo.tn\/fr\/"},{"@type":"ListItem","position":2,"name":"De Guantanamo \u00e0 la Tunisie : L&#8217;impossible r\u00e9demption"}]},{"@type":"WebSite","@id":"https:\/\/www.webdo.tn\/fr\/#website","url":"https:\/\/www.webdo.tn\/fr\/","name":"webdo","description":"Tunisie - News en Tunisie et \u00e0 l&#039;international sur Webdo.tn","publisher":{"@id":"https:\/\/www.webdo.tn\/fr\/#organization"},"potentialAction":[{"@type":"SearchAction","target":{"@type":"EntryPoint","urlTemplate":"https:\/\/www.webdo.tn\/fr\/?s={search_term_string}"},"query-input":{"@type":"PropertyValueSpecification","valueRequired":true,"valueName":"search_term_string"}}],"inLanguage":"fr-FR"},{"@type":"Organization","@id":"https:\/\/www.webdo.tn\/fr\/#organization","name":"Webdo","alternateName":"Webdo.tn","url":"https:\/\/www.webdo.tn\/fr\/","logo":{"@type":"ImageObject","inLanguage":"fr-FR","@id":"https:\/\/www.webdo.tn\/fr\/#\/schema\/logo\/image\/","url":"https:\/\/www.webdo.tn\/fr\/wp-content\/uploads\/2025\/06\/Webdo-Tunisie_168377.jpg","contentUrl":"https:\/\/www.webdo.tn\/fr\/wp-content\/uploads\/2025\/06\/Webdo-Tunisie_168377.jpg","width":301,"height":301,"caption":"Webdo"},"image":{"@id":"https:\/\/www.webdo.tn\/fr\/#\/schema\/logo\/image\/"},"sameAs":["https:\/\/www.facebook.com\/webdotn","https:\/\/x.com\/webdo_tn"],"description":"Webdo est un m\u00e9dia num\u00e9rique tunisien fond\u00e9 en 2010, sp\u00e9cialis\u00e9 dans l\u2019actualit\u00e9 nationale et internationale, l\u2019\u00e9conomie, la soci\u00e9t\u00e9 et les analyses politiques. Le site s\u2019adresse \u00e0 un large public francophone et couvre l\u2019information tunisienne en temps r\u00e9el.","email":"redac@webdo.tn","legalName":"YNJ SARL","foundingDate":"2010-09-06","numberOfEmployees":{"@type":"QuantitativeValue","minValue":"11","maxValue":"50"}},{"@type":"Person","@id":"https:\/\/www.webdo.tn\/fr\/#\/schema\/person\/5663044c25eb36d8f88ba5b653f12f8c","name":"Ramzi Haddad","image":{"@type":"ImageObject","inLanguage":"fr-FR","@id":"https:\/\/www.webdo.tn\/fr\/wp-content\/uploads\/2026\/04\/ramzi-haddad_avatar-96x96.jpg","url":"https:\/\/www.webdo.tn\/fr\/wp-content\/uploads\/2026\/04\/ramzi-haddad_avatar-96x96.jpg","contentUrl":"https:\/\/www.webdo.tn\/fr\/wp-content\/uploads\/2026\/04\/ramzi-haddad_avatar-96x96.jpg","caption":"Ramzi Haddad"},"description":"Signature \u00e9ditoriale de Walid Ben Youssef Ramzi Haddad est le pseudonyme \u00e9ditorial de Walid Ben Youssef, fondateur et g\u00e9rant de Webdo.tn. Cette signature est d\u00e9di\u00e9e \u00e0 la couverture de l'actualit\u00e9 nationale et internationale, ainsi qu'aux analyses des dynamiques num\u00e9riques. Ce profil b\u00e9n\u00e9ficie de l'expertise de Walid Ben Youssef, pionnier du web en Tunisie depuis 2000 et dipl\u00f4m\u00e9 en Math\u00e9matiques pures de l'Universit\u00e9 d'Oregon. \u00c0 travers cette signature, la r\u00e9daction de Webdo garantit une information structur\u00e9e et v\u00e9rifi\u00e9e, fid\u00e8le aux standards journalistiques du m\u00e9dia.","url":"https:\/\/www.webdo.tn\/fr\/actualite\/author\/ramzi-haddad\/"}]}},"_links":{"self":[{"href":"https:\/\/www.webdo.tn\/fr\/wp-json\/wp\/v2\/posts\/218721","targetHints":{"allow":["GET"]}}],"collection":[{"href":"https:\/\/www.webdo.tn\/fr\/wp-json\/wp\/v2\/posts"}],"about":[{"href":"https:\/\/www.webdo.tn\/fr\/wp-json\/wp\/v2\/types\/post"}],"author":[{"embeddable":true,"href":"https:\/\/www.webdo.tn\/fr\/wp-json\/wp\/v2\/users\/3203"}],"replies":[{"embeddable":true,"href":"https:\/\/www.webdo.tn\/fr\/wp-json\/wp\/v2\/comments?post=218721"}],"version-history":[{"count":0,"href":"https:\/\/www.webdo.tn\/fr\/wp-json\/wp\/v2\/posts\/218721\/revisions"}],"wp:featuredmedia":[{"embeddable":true,"href":"https:\/\/www.webdo.tn\/fr\/wp-json\/wp\/v2\/media\/243124"}],"wp:attachment":[{"href":"https:\/\/www.webdo.tn\/fr\/wp-json\/wp\/v2\/media?parent=218721"}],"wp:term":[{"taxonomy":"category","embeddable":true,"href":"https:\/\/www.webdo.tn\/fr\/wp-json\/wp\/v2\/categories?post=218721"},{"taxonomy":"post_tag","embeddable":true,"href":"https:\/\/www.webdo.tn\/fr\/wp-json\/wp\/v2\/tags?post=218721"}],"curies":[{"name":"wp","href":"https:\/\/api.w.org\/{rel}","templated":true}]}}