{"id":218694,"date":"2024-12-30T09:33:00","date_gmt":"2024-12-30T09:33:00","guid":{"rendered":"https:\/\/www.webdo.tn\/fr\/blog\/2024\/12\/30\/cite-medicale-des-aghlabides-les-travaux-lances-entre-2026-et-2027\/"},"modified":"2025-05-20T22:20:51","modified_gmt":"2025-05-20T22:20:51","slug":"cite-medicale-des-aghlabides-les-travaux-lances-entre-2026-et-2027","status":"publish","type":"post","link":"https:\/\/www.webdo.tn\/fr\/actualite\/national\/cite-medicale-des-aghlabides-les-travaux-lances-entre-2026-et-2027\/218694\/","title":{"rendered":"Cit\u00e9 m\u00e9dicale des Aghlabides : Les travaux lanc\u00e9s entre 2026 et 2027"},"content":{"rendered":"<p>Le pr\u00e9sident-directeur g\u00e9n\u00e9ral de la Cit\u00e9 m\u00e9dicale des Aghlabides, Riadh Hentati, a annonc\u00e9 que le lancement des travaux du projet de la ville m\u00e9dicale \u00e0 Kairouan est pr\u00e9vu entre 2026 et 2027, indiquant que le projet est actuellement en phase de mise en place des fondations centrales.<\/p>\n<p>\t\t\t\t\t\t\t\t\tLors d&rsquo;une interview ce lundi 30 d\u00e9cembre 2024 sur les ondes de la Radio Nationale, Riadh Hentati a pr\u00e9cis\u00e9 que l&rsquo;\u00e9tude de faisabilit\u00e9 du projet d\u00e9butera au d\u00e9but de l&rsquo;ann\u00e9e 2025, ce qui permettra d&rsquo;obtenir des financements.<\/p>\n<p>Il a \u00e9galement soulign\u00e9 que des d\u00e9marches sont en cours pour changer la vocation du terrain destin\u00e9 \u00e0 accueillir l&rsquo;\u00e9tablissement des Aghlabides, passant d&rsquo;une zone agricole \u00e0 une zone urbaine, avec une finalisation attendue d&rsquo;ici mars prochain.<\/p>\n<p>Hentati a indiqu\u00e9 que des efforts soutenus sont d\u00e9ploy\u00e9s pour assurer le succ\u00e8s de ce projet, qui devrait cr\u00e9er entre 40 000 et 50 000 emplois, offrant des opportunit\u00e9s aux comp\u00e9tences et talents tunisiens. Il a insist\u00e9 sur le fait que ce projet, s&rsquo;\u00e9tendant sur une superficie de 552 hectares, repr\u00e9sente une avanc\u00e9e significative pour la Tunisie.<\/p>\n<p>L&rsquo;invit\u00e9 de la radio nationale a mentionn\u00e9 que le projet repose sur neuf composantes principales, dont l&rsquo;h\u00f4pital universitaire, ainsi que la cr\u00e9ation d&rsquo;\u00e9coles sp\u00e9cialis\u00e9es dans les domaines de l&rsquo;ing\u00e9nierie biom\u00e9dicale, des sciences m\u00e9dicales et param\u00e9dicales.<\/p>\n","protected":false},"excerpt":{"rendered":"<p>Lors d&rsquo;une interview ce lundi 30 d\u00e9cembre 2024 sur les ondes de la Radio Nationale, Riadh Hentati a pr\u00e9cis\u00e9 que l&rsquo;\u00e9tude de faisabilit\u00e9 du projet d\u00e9butera au d\u00e9b&#8230;<\/p>\n","protected":false},"author":3163,"featured_media":243154,"comment_status":"open","ping_status":"open","sticky":false,"template":"","format":"standard","meta":{"footnotes":""},"categories":[44],"tags":[3912,3090,3406,2608],"class_list":["post-218694","post","type-post","status-publish","format-standard","has-post-thumbnail","hentry","category-national","tag-cite-medicale","tag-kairouan","tag-projet","tag-tunisie"],"yoast_head":"<!-- This site is optimized with the Yoast SEO Premium plugin v27.5 (Yoast SEO v27.5) - https:\/\/yoast.com\/product\/yoast-seo-premium-wordpress\/ -->\n<title>Cit\u00e9 m\u00e9dicale des Aghlabides : Les travaux lanc\u00e9s entre 2026 et 2027<\/title>\n<meta name=\"description\" content=\"Lors d&#039;une interview ce lundi 30 d\u00e9cembre 2024 sur les ondes de la Radio Nationale, Riadh Hentati a pr\u00e9cis\u00e9 que l&#039;\u00e9tude de faisabilit\u00e9 du projet d\u00e9butera au d\u00e9b...\" \/>\n<link rel=\"canonical\" href=\"https:\/\/www.webdo.tn\/fr\/actualite\/national\/cite-medicale-des-aghlabides-les-travaux-lances-entre-2026-et-2027\/218694\/\" \/>\n<meta property=\"og:locale\" content=\"fr_FR\" \/>\n<meta property=\"og:type\" content=\"article\" \/>\n<meta property=\"og:title\" content=\"Cit\u00e9 m\u00e9dicale des Aghlabides : Les travaux lanc\u00e9s entre 2026 et 2027\" \/>\n<meta property=\"og:description\" content=\"Lors d&#039;une interview ce lundi 30 d\u00e9cembre 2024 sur les ondes de la Radio Nationale, Riadh Hentati a pr\u00e9cis\u00e9 que l&#039;\u00e9tude de faisabilit\u00e9 du projet d\u00e9butera au d\u00e9b...\" \/>\n<meta property=\"og:url\" content=\"https:\/\/www.webdo.tn\/fr\/actualite\/national\/cite-medicale-des-aghlabides-les-travaux-lances-entre-2026-et-2027\/218694\/\" \/>\n<meta property=\"og:site_name\" content=\"webdo\" \/>\n<meta property=\"article:publisher\" content=\"https:\/\/www.facebook.com\/webdotn\" \/>\n<meta property=\"article:published_time\" content=\"2024-12-30T09:33:00+00:00\" \/>\n<meta property=\"article:modified_time\" content=\"2025-05-20T22:20:51+00:00\" \/>\n<meta property=\"og:image\" content=\"https:\/\/www.webdo.tn\/fr\/wp-content\/uploads\/2025\/05\/b8fb36ed1ce272e781d789879bf0dca9-2.webp\" \/>\n\t<meta property=\"og:image:width\" content=\"630\" \/>\n\t<meta property=\"og:image:height\" content=\"336\" \/>\n\t<meta property=\"og:image:type\" content=\"image\/webp\" \/>\n<meta name=\"author\" content=\"KJ\" \/>\n<meta name=\"twitter:card\" content=\"summary_large_image\" \/>\n<meta name=\"twitter:creator\" content=\"@webdo_tn\" \/>\n<meta name=\"twitter:site\" content=\"@webdo_tn\" \/>\n<meta name=\"twitter:label1\" content=\"\u00c9crit par\" \/>\n\t<meta name=\"twitter:data1\" content=\"KJ\" \/>\n\t<meta name=\"twitter:label2\" content=\"Dur\u00e9e de lecture estim\u00e9e\" \/>\n\t<meta name=\"twitter:data2\" content=\"1 minute\" \/>\n<script type=\"application\/ld+json\" class=\"yoast-schema-graph\">{\"@context\":\"https:\\\/\\\/schema.org\",\"@graph\":[{\"@type\":\"NewsArticle\",\"@id\":\"https:\\\/\\\/www.webdo.tn\\\/fr\\\/actualite\\\/national\\\/cite-medicale-des-aghlabides-les-travaux-lances-entre-2026-et-2027\\\/218694\\\/#article\",\"isPartOf\":{\"@id\":\"https:\\\/\\\/www.webdo.tn\\\/fr\\\/actualite\\\/national\\\/cite-medicale-des-aghlabides-les-travaux-lances-entre-2026-et-2027\\\/218694\\\/\"},\"author\":{\"name\":\"KJ\",\"@id\":\"https:\\\/\\\/www.webdo.tn\\\/fr\\\/#\\\/schema\\\/person\\\/82ca085b22037d285e1a3c4b65ba5f71\"},\"headline\":\"Cit\u00e9 m\u00e9dicale des Aghlabides : Les travaux lanc\u00e9s entre 2026 et 2027\",\"datePublished\":\"2024-12-30T09:33:00+00:00\",\"dateModified\":\"2025-05-20T22:20:51+00:00\",\"mainEntityOfPage\":{\"@id\":\"https:\\\/\\\/www.webdo.tn\\\/fr\\\/actualite\\\/national\\\/cite-medicale-des-aghlabides-les-travaux-lances-entre-2026-et-2027\\\/218694\\\/\"},\"wordCount\":251,\"commentCount\":0,\"publisher\":{\"@id\":\"https:\\\/\\\/www.webdo.tn\\\/fr\\\/#organization\"},\"image\":{\"@id\":\"https:\\\/\\\/www.webdo.tn\\\/fr\\\/actualite\\\/national\\\/cite-medicale-des-aghlabides-les-travaux-lances-entre-2026-et-2027\\\/218694\\\/#primaryimage\"},\"thumbnailUrl\":\"https:\\\/\\\/www.webdo.tn\\\/fr\\\/wp-content\\\/uploads\\\/2025\\\/05\\\/b8fb36ed1ce272e781d789879bf0dca9-2.webp\",\"keywords\":[\"Cit\u00e9 m\u00e9dicale\",\"Kairouan\",\"projet\",\"Tunisie\"],\"articleSection\":[\"National\"],\"inLanguage\":\"fr-FR\"},{\"@type\":\"WebPage\",\"@id\":\"https:\\\/\\\/www.webdo.tn\\\/fr\\\/actualite\\\/national\\\/cite-medicale-des-aghlabides-les-travaux-lances-entre-2026-et-2027\\\/218694\\\/\",\"url\":\"https:\\\/\\\/www.webdo.tn\\\/fr\\\/actualite\\\/national\\\/cite-medicale-des-aghlabides-les-travaux-lances-entre-2026-et-2027\\\/218694\\\/\",\"name\":\"Cit\u00e9 m\u00e9dicale des Aghlabides : Les travaux lanc\u00e9s entre 2026 et 2027\",\"isPartOf\":{\"@id\":\"https:\\\/\\\/www.webdo.tn\\\/fr\\\/#website\"},\"primaryImageOfPage\":{\"@id\":\"https:\\\/\\\/www.webdo.tn\\\/fr\\\/actualite\\\/national\\\/cite-medicale-des-aghlabides-les-travaux-lances-entre-2026-et-2027\\\/218694\\\/#primaryimage\"},\"image\":{\"@id\":\"https:\\\/\\\/www.webdo.tn\\\/fr\\\/actualite\\\/national\\\/cite-medicale-des-aghlabides-les-travaux-lances-entre-2026-et-2027\\\/218694\\\/#primaryimage\"},\"thumbnailUrl\":\"https:\\\/\\\/www.webdo.tn\\\/fr\\\/wp-content\\\/uploads\\\/2025\\\/05\\\/b8fb36ed1ce272e781d789879bf0dca9-2.webp\",\"datePublished\":\"2024-12-30T09:33:00+00:00\",\"dateModified\":\"2025-05-20T22:20:51+00:00\",\"description\":\"Lors d'une interview ce lundi 30 d\u00e9cembre 2024 sur les ondes de la Radio Nationale, Riadh Hentati a pr\u00e9cis\u00e9 que l'\u00e9tude de faisabilit\u00e9 du projet d\u00e9butera au d\u00e9b...\",\"breadcrumb\":{\"@id\":\"https:\\\/\\\/www.webdo.tn\\\/fr\\\/actualite\\\/national\\\/cite-medicale-des-aghlabides-les-travaux-lances-entre-2026-et-2027\\\/218694\\\/#breadcrumb\"},\"inLanguage\":\"fr-FR\",\"potentialAction\":[{\"@type\":\"ReadAction\",\"target\":[\"https:\\\/\\\/www.webdo.tn\\\/fr\\\/actualite\\\/national\\\/cite-medicale-des-aghlabides-les-travaux-lances-entre-2026-et-2027\\\/218694\\\/\"]}]},{\"@type\":\"ImageObject\",\"inLanguage\":\"fr-FR\",\"@id\":\"https:\\\/\\\/www.webdo.tn\\\/fr\\\/actualite\\\/national\\\/cite-medicale-des-aghlabides-les-travaux-lances-entre-2026-et-2027\\\/218694\\\/#primaryimage\",\"url\":\"https:\\\/\\\/www.webdo.tn\\\/fr\\\/wp-content\\\/uploads\\\/2025\\\/05\\\/b8fb36ed1ce272e781d789879bf0dca9-2.webp\",\"contentUrl\":\"https:\\\/\\\/www.webdo.tn\\\/fr\\\/wp-content\\\/uploads\\\/2025\\\/05\\\/b8fb36ed1ce272e781d789879bf0dca9-2.webp\",\"width\":630,\"height\":336},{\"@type\":\"BreadcrumbList\",\"@id\":\"https:\\\/\\\/www.webdo.tn\\\/fr\\\/actualite\\\/national\\\/cite-medicale-des-aghlabides-les-travaux-lances-entre-2026-et-2027\\\/218694\\\/#breadcrumb\",\"itemListElement\":[{\"@type\":\"ListItem\",\"position\":1,\"name\":\"Accueil\",\"item\":\"https:\\\/\\\/www.webdo.tn\\\/fr\\\/\"},{\"@type\":\"ListItem\",\"position\":2,\"name\":\"Cit\u00e9 m\u00e9dicale des Aghlabides : Les travaux lanc\u00e9s entre 2026 et 2027\"}]},{\"@type\":\"WebSite\",\"@id\":\"https:\\\/\\\/www.webdo.tn\\\/fr\\\/#website\",\"url\":\"https:\\\/\\\/www.webdo.tn\\\/fr\\\/\",\"name\":\"webdo\",\"description\":\"Tunisie - News en Tunisie et \u00e0 l&#039;international sur Webdo.tn\",\"publisher\":{\"@id\":\"https:\\\/\\\/www.webdo.tn\\\/fr\\\/#organization\"},\"potentialAction\":[{\"@type\":\"SearchAction\",\"target\":{\"@type\":\"EntryPoint\",\"urlTemplate\":\"https:\\\/\\\/www.webdo.tn\\\/fr\\\/?s={search_term_string}\"},\"query-input\":{\"@type\":\"PropertyValueSpecification\",\"valueRequired\":true,\"valueName\":\"search_term_string\"}}],\"inLanguage\":\"fr-FR\"},{\"@type\":\"Organization\",\"@id\":\"https:\\\/\\\/www.webdo.tn\\\/fr\\\/#organization\",\"name\":\"Webdo\",\"alternateName\":\"Webdo.tn\",\"url\":\"https:\\\/\\\/www.webdo.tn\\\/fr\\\/\",\"logo\":{\"@type\":\"ImageObject\",\"inLanguage\":\"fr-FR\",\"@id\":\"https:\\\/\\\/www.webdo.tn\\\/fr\\\/#\\\/schema\\\/logo\\\/image\\\/\",\"url\":\"https:\\\/\\\/www.webdo.tn\\\/fr\\\/wp-content\\\/uploads\\\/2025\\\/06\\\/Webdo-Tunisie_168377.jpg\",\"contentUrl\":\"https:\\\/\\\/www.webdo.tn\\\/fr\\\/wp-content\\\/uploads\\\/2025\\\/06\\\/Webdo-Tunisie_168377.jpg\",\"width\":301,\"height\":301,\"caption\":\"Webdo\"},\"image\":{\"@id\":\"https:\\\/\\\/www.webdo.tn\\\/fr\\\/#\\\/schema\\\/logo\\\/image\\\/\"},\"sameAs\":[\"https:\\\/\\\/www.facebook.com\\\/webdotn\",\"https:\\\/\\\/x.com\\\/webdo_tn\"],\"description\":\"Webdo est un m\u00e9dia num\u00e9rique tunisien fond\u00e9 en 2010, sp\u00e9cialis\u00e9 dans l\u2019actualit\u00e9 nationale et internationale, l\u2019\u00e9conomie, la soci\u00e9t\u00e9 et les analyses politiques. Le site s\u2019adresse \u00e0 un large public francophone et couvre l\u2019information tunisienne en temps r\u00e9el.\",\"email\":\"redac@webdo.tn\",\"legalName\":\"YNJ SARL\",\"foundingDate\":\"2010-09-06\",\"numberOfEmployees\":{\"@type\":\"QuantitativeValue\",\"minValue\":\"11\",\"maxValue\":\"50\"}},{\"@type\":\"Person\",\"@id\":\"https:\\\/\\\/www.webdo.tn\\\/fr\\\/#\\\/schema\\\/person\\\/82ca085b22037d285e1a3c4b65ba5f71\",\"name\":\"KJ\",\"image\":{\"@type\":\"ImageObject\",\"inLanguage\":\"fr-FR\",\"@id\":\"https:\\\/\\\/secure.gravatar.com\\\/avatar\\\/1a1320de1c1971c893f00068f760b4113d69504aa21273da17ee95650c5944fd?s=96&d=mm&r=g\",\"url\":\"https:\\\/\\\/secure.gravatar.com\\\/avatar\\\/1a1320de1c1971c893f00068f760b4113d69504aa21273da17ee95650c5944fd?s=96&d=mm&r=g\",\"contentUrl\":\"https:\\\/\\\/secure.gravatar.com\\\/avatar\\\/1a1320de1c1971c893f00068f760b4113d69504aa21273da17ee95650c5944fd?s=96&d=mm&r=g\",\"caption\":\"KJ\"},\"url\":\"https:\\\/\\\/www.webdo.tn\\\/fr\\\/actualite\\\/author\\\/kj\\\/\"}]}<\/script>\n<!-- \/ Yoast SEO Premium plugin. -->","yoast_head_json":{"title":"Cit\u00e9 m\u00e9dicale des Aghlabides : Les travaux lanc\u00e9s entre 2026 et 2027","description":"Lors d'une interview ce lundi 30 d\u00e9cembre 2024 sur les ondes de la Radio Nationale, Riadh Hentati a pr\u00e9cis\u00e9 que l'\u00e9tude de faisabilit\u00e9 du projet d\u00e9butera au d\u00e9b...","canonical":"https:\/\/www.webdo.tn\/fr\/actualite\/national\/cite-medicale-des-aghlabides-les-travaux-lances-entre-2026-et-2027\/218694\/","og_locale":"fr_FR","og_type":"article","og_title":"Cit\u00e9 m\u00e9dicale des Aghlabides : Les travaux lanc\u00e9s entre 2026 et 2027","og_description":"Lors d'une interview ce lundi 30 d\u00e9cembre 2024 sur les ondes de la Radio Nationale, Riadh Hentati a pr\u00e9cis\u00e9 que l'\u00e9tude de faisabilit\u00e9 du projet d\u00e9butera au d\u00e9b...","og_url":"https:\/\/www.webdo.tn\/fr\/actualite\/national\/cite-medicale-des-aghlabides-les-travaux-lances-entre-2026-et-2027\/218694\/","og_site_name":"webdo","article_publisher":"https:\/\/www.facebook.com\/webdotn","article_published_time":"2024-12-30T09:33:00+00:00","article_modified_time":"2025-05-20T22:20:51+00:00","og_image":[{"width":630,"height":336,"url":"https:\/\/www.webdo.tn\/fr\/wp-content\/uploads\/2025\/05\/b8fb36ed1ce272e781d789879bf0dca9-2.webp","type":"image\/webp"}],"author":"KJ","twitter_card":"summary_large_image","twitter_creator":"@webdo_tn","twitter_site":"@webdo_tn","twitter_misc":{"\u00c9crit par":"KJ","Dur\u00e9e de lecture estim\u00e9e":"1 minute"},"schema":{"@context":"https:\/\/schema.org","@graph":[{"@type":"NewsArticle","@id":"https:\/\/www.webdo.tn\/fr\/actualite\/national\/cite-medicale-des-aghlabides-les-travaux-lances-entre-2026-et-2027\/218694\/#article","isPartOf":{"@id":"https:\/\/www.webdo.tn\/fr\/actualite\/national\/cite-medicale-des-aghlabides-les-travaux-lances-entre-2026-et-2027\/218694\/"},"author":{"name":"KJ","@id":"https:\/\/www.webdo.tn\/fr\/#\/schema\/person\/82ca085b22037d285e1a3c4b65ba5f71"},"headline":"Cit\u00e9 m\u00e9dicale des Aghlabides : Les travaux lanc\u00e9s entre 2026 et 2027","datePublished":"2024-12-30T09:33:00+00:00","dateModified":"2025-05-20T22:20:51+00:00","mainEntityOfPage":{"@id":"https:\/\/www.webdo.tn\/fr\/actualite\/national\/cite-medicale-des-aghlabides-les-travaux-lances-entre-2026-et-2027\/218694\/"},"wordCount":251,"commentCount":0,"publisher":{"@id":"https:\/\/www.webdo.tn\/fr\/#organization"},"image":{"@id":"https:\/\/www.webdo.tn\/fr\/actualite\/national\/cite-medicale-des-aghlabides-les-travaux-lances-entre-2026-et-2027\/218694\/#primaryimage"},"thumbnailUrl":"https:\/\/www.webdo.tn\/fr\/wp-content\/uploads\/2025\/05\/b8fb36ed1ce272e781d789879bf0dca9-2.webp","keywords":["Cit\u00e9 m\u00e9dicale","Kairouan","projet","Tunisie"],"articleSection":["National"],"inLanguage":"fr-FR"},{"@type":"WebPage","@id":"https:\/\/www.webdo.tn\/fr\/actualite\/national\/cite-medicale-des-aghlabides-les-travaux-lances-entre-2026-et-2027\/218694\/","url":"https:\/\/www.webdo.tn\/fr\/actualite\/national\/cite-medicale-des-aghlabides-les-travaux-lances-entre-2026-et-2027\/218694\/","name":"Cit\u00e9 m\u00e9dicale des Aghlabides : Les travaux lanc\u00e9s entre 2026 et 2027","isPartOf":{"@id":"https:\/\/www.webdo.tn\/fr\/#website"},"primaryImageOfPage":{"@id":"https:\/\/www.webdo.tn\/fr\/actualite\/national\/cite-medicale-des-aghlabides-les-travaux-lances-entre-2026-et-2027\/218694\/#primaryimage"},"image":{"@id":"https:\/\/www.webdo.tn\/fr\/actualite\/national\/cite-medicale-des-aghlabides-les-travaux-lances-entre-2026-et-2027\/218694\/#primaryimage"},"thumbnailUrl":"https:\/\/www.webdo.tn\/fr\/wp-content\/uploads\/2025\/05\/b8fb36ed1ce272e781d789879bf0dca9-2.webp","datePublished":"2024-12-30T09:33:00+00:00","dateModified":"2025-05-20T22:20:51+00:00","description":"Lors d'une interview ce lundi 30 d\u00e9cembre 2024 sur les ondes de la Radio Nationale, Riadh Hentati a pr\u00e9cis\u00e9 que l'\u00e9tude de faisabilit\u00e9 du projet d\u00e9butera au d\u00e9b...","breadcrumb":{"@id":"https:\/\/www.webdo.tn\/fr\/actualite\/national\/cite-medicale-des-aghlabides-les-travaux-lances-entre-2026-et-2027\/218694\/#breadcrumb"},"inLanguage":"fr-FR","potentialAction":[{"@type":"ReadAction","target":["https:\/\/www.webdo.tn\/fr\/actualite\/national\/cite-medicale-des-aghlabides-les-travaux-lances-entre-2026-et-2027\/218694\/"]}]},{"@type":"ImageObject","inLanguage":"fr-FR","@id":"https:\/\/www.webdo.tn\/fr\/actualite\/national\/cite-medicale-des-aghlabides-les-travaux-lances-entre-2026-et-2027\/218694\/#primaryimage","url":"https:\/\/www.webdo.tn\/fr\/wp-content\/uploads\/2025\/05\/b8fb36ed1ce272e781d789879bf0dca9-2.webp","contentUrl":"https:\/\/www.webdo.tn\/fr\/wp-content\/uploads\/2025\/05\/b8fb36ed1ce272e781d789879bf0dca9-2.webp","width":630,"height":336},{"@type":"BreadcrumbList","@id":"https:\/\/www.webdo.tn\/fr\/actualite\/national\/cite-medicale-des-aghlabides-les-travaux-lances-entre-2026-et-2027\/218694\/#breadcrumb","itemListElement":[{"@type":"ListItem","position":1,"name":"Accueil","item":"https:\/\/www.webdo.tn\/fr\/"},{"@type":"ListItem","position":2,"name":"Cit\u00e9 m\u00e9dicale des Aghlabides : Les travaux lanc\u00e9s entre 2026 et 2027"}]},{"@type":"WebSite","@id":"https:\/\/www.webdo.tn\/fr\/#website","url":"https:\/\/www.webdo.tn\/fr\/","name":"webdo","description":"Tunisie - News en Tunisie et \u00e0 l&#039;international sur Webdo.tn","publisher":{"@id":"https:\/\/www.webdo.tn\/fr\/#organization"},"potentialAction":[{"@type":"SearchAction","target":{"@type":"EntryPoint","urlTemplate":"https:\/\/www.webdo.tn\/fr\/?s={search_term_string}"},"query-input":{"@type":"PropertyValueSpecification","valueRequired":true,"valueName":"search_term_string"}}],"inLanguage":"fr-FR"},{"@type":"Organization","@id":"https:\/\/www.webdo.tn\/fr\/#organization","name":"Webdo","alternateName":"Webdo.tn","url":"https:\/\/www.webdo.tn\/fr\/","logo":{"@type":"ImageObject","inLanguage":"fr-FR","@id":"https:\/\/www.webdo.tn\/fr\/#\/schema\/logo\/image\/","url":"https:\/\/www.webdo.tn\/fr\/wp-content\/uploads\/2025\/06\/Webdo-Tunisie_168377.jpg","contentUrl":"https:\/\/www.webdo.tn\/fr\/wp-content\/uploads\/2025\/06\/Webdo-Tunisie_168377.jpg","width":301,"height":301,"caption":"Webdo"},"image":{"@id":"https:\/\/www.webdo.tn\/fr\/#\/schema\/logo\/image\/"},"sameAs":["https:\/\/www.facebook.com\/webdotn","https:\/\/x.com\/webdo_tn"],"description":"Webdo est un m\u00e9dia num\u00e9rique tunisien fond\u00e9 en 2010, sp\u00e9cialis\u00e9 dans l\u2019actualit\u00e9 nationale et internationale, l\u2019\u00e9conomie, la soci\u00e9t\u00e9 et les analyses politiques. Le site s\u2019adresse \u00e0 un large public francophone et couvre l\u2019information tunisienne en temps r\u00e9el.","email":"redac@webdo.tn","legalName":"YNJ SARL","foundingDate":"2010-09-06","numberOfEmployees":{"@type":"QuantitativeValue","minValue":"11","maxValue":"50"}},{"@type":"Person","@id":"https:\/\/www.webdo.tn\/fr\/#\/schema\/person\/82ca085b22037d285e1a3c4b65ba5f71","name":"KJ","image":{"@type":"ImageObject","inLanguage":"fr-FR","@id":"https:\/\/secure.gravatar.com\/avatar\/1a1320de1c1971c893f00068f760b4113d69504aa21273da17ee95650c5944fd?s=96&d=mm&r=g","url":"https:\/\/secure.gravatar.com\/avatar\/1a1320de1c1971c893f00068f760b4113d69504aa21273da17ee95650c5944fd?s=96&d=mm&r=g","contentUrl":"https:\/\/secure.gravatar.com\/avatar\/1a1320de1c1971c893f00068f760b4113d69504aa21273da17ee95650c5944fd?s=96&d=mm&r=g","caption":"KJ"},"url":"https:\/\/www.webdo.tn\/fr\/actualite\/author\/kj\/"}]}},"_links":{"self":[{"href":"https:\/\/www.webdo.tn\/fr\/wp-json\/wp\/v2\/posts\/218694","targetHints":{"allow":["GET"]}}],"collection":[{"href":"https:\/\/www.webdo.tn\/fr\/wp-json\/wp\/v2\/posts"}],"about":[{"href":"https:\/\/www.webdo.tn\/fr\/wp-json\/wp\/v2\/types\/post"}],"author":[{"embeddable":true,"href":"https:\/\/www.webdo.tn\/fr\/wp-json\/wp\/v2\/users\/3163"}],"replies":[{"embeddable":true,"href":"https:\/\/www.webdo.tn\/fr\/wp-json\/wp\/v2\/comments?post=218694"}],"version-history":[{"count":0,"href":"https:\/\/www.webdo.tn\/fr\/wp-json\/wp\/v2\/posts\/218694\/revisions"}],"wp:featuredmedia":[{"embeddable":true,"href":"https:\/\/www.webdo.tn\/fr\/wp-json\/wp\/v2\/media\/243154"}],"wp:attachment":[{"href":"https:\/\/www.webdo.tn\/fr\/wp-json\/wp\/v2\/media?parent=218694"}],"wp:term":[{"taxonomy":"category","embeddable":true,"href":"https:\/\/www.webdo.tn\/fr\/wp-json\/wp\/v2\/categories?post=218694"},{"taxonomy":"post_tag","embeddable":true,"href":"https:\/\/www.webdo.tn\/fr\/wp-json\/wp\/v2\/tags?post=218694"}],"curies":[{"name":"wp","href":"https:\/\/api.w.org\/{rel}","templated":true}]}}