{"id":218693,"date":"2024-12-30T08:59:00","date_gmt":"2024-12-30T08:59:00","guid":{"rendered":"https:\/\/www.webdo.tn\/fr\/blog\/2024\/12\/30\/tunis-la-belle-centenaire-de-la-rue-ibn-khaldoun\/"},"modified":"2025-05-17T20:16:11","modified_gmt":"2025-05-17T20:16:11","slug":"tunis-la-belle-centenaire-de-la-rue-ibn-khaldoun","status":"publish","type":"post","link":"https:\/\/www.webdo.tn\/fr\/actualite\/chroniques\/tunis-la-belle-centenaire-de-la-rue-ibn-khaldoun\/218693\/","title":{"rendered":"Tunis : La belle centenaire de la rue Ibn Khaldoun"},"content":{"rendered":"<p>Les travaux de restauration vont bon train pour rendre sa splendeur \u00e0 la maison Ibn Khaldoun qui il y a un si\u00e8cle fut le si\u00e8ge de la Dante Alighieri avant d&rsquo;h\u00e9berger l&rsquo;Alliance fran\u00e7aise.<\/p>\n<p>\t\t\t\t\t\t\t\t\tLes travaux de restauration de la maison de la culture Ibn Khaldoun continuent et sont d\u00e9sormais dans leur derni\u00e8re ligne droite.<\/p>\n<p>Lanc\u00e9e \u00e0 l&rsquo;initiative du pr\u00e9sident de la R\u00e9publique, cette r\u00e9habilitation est en train de r\u00e9v\u00e9ler un monument historique centenaire.<\/p>\n<p>En effet, cet \u00e9difice peut se pr\u00e9valoir d&rsquo;une longue histoire qui a d\u00e9but\u00e9 en 1924 lorsqu&rsquo;avaient commenc\u00e9 le chantier de la construction du si\u00e8ge de la soci\u00e9t\u00e9 culturelle italienne Dante Alighieri.<\/p>\n<p>Cette soci\u00e9t\u00e9 Dante Alighieri a une longue histoire en Tunisie. Fond\u00e9e en 1889 \u00e0 Rome, cette association culturelle a vu le jour en Tunisie en 1893 et \u00e9tait alors install\u00e9e dans de modestes locaux \u00e0 la m\u00e9dina de Tunis.<\/p>\n<p>Devant le succ\u00e8s de son projet et l&rsquo;engouement du public, la Dante s&rsquo;est rapidement transform\u00e9e et connu plusieurs \u00e9volutions.<\/p>\n<p>Le changement majeur est intervenu lorsque cette soci\u00e9t\u00e9 culturelle s&rsquo;est install\u00e9e dans ses nouveaux locaux, alors \u00e0 la rue Thiers.<\/p>\n<p>Pour l&rsquo;anecdote, cette rue changera de nom \u00e0 plusieurs reprises, portant d&rsquo;abord le nom de Larbi Zarrouk, avant d&rsquo;\u00eatre d\u00e9di\u00e9e \u00e0 l&rsquo;historien Ibn Khaldoun.<\/p>\n<p>C&rsquo;est le 19 f\u00e9vrier 1924 que le feu vert fut donn\u00e9 pour la construction du nouveau si\u00e8ge de la Dante. Deux ann\u00e9es plus tard, le 21 avril 1926, l&rsquo;inauguration de la Casa della Dante avait lieu en pr\u00e9sence de Lucien Saint, r\u00e9sident g\u00e9n\u00e9ral fran\u00e7ais, du consul d&rsquo;Italie et du docteur Brignone, doyen des Italiens de Tunisie.<\/p>\n<p>Sur trois niveaux, de style florentin, l&rsquo;\u00e9difice cr\u00e9\u00e9 par l&rsquo;architecte Giglio allait abriter une salle de concerts, une grande biblioth\u00e8que et un conservatoire des plus r\u00e9put\u00e9s.<\/p>\n<p>Toutefois, en 1943, le b\u00e2timent sera r\u00e9quisitionn\u00e9 par les autorit\u00e9s fran\u00e7aises qui y installeront les locaux de l&rsquo;Alliance fran\u00e7aise.<\/p>\n<p>Jusqu&rsquo;\u00e0 l&rsquo;ind\u00e9pendance de la Tunisie, l&rsquo;ancien si\u00e8ge de la Dante sera sous tutelle fran\u00e7aise puis reviendra en 1956 \u00e0 la Tunisie qui y installera l&rsquo;actuelle maison de la culture Ibn Khaldoun.<\/p>\n<p>Quant \u00e0 la Dante, elle retrouvera un nouveau si\u00e8ge en 1963 et s&rsquo;installera avenue de la Libert\u00e9 dans les locaux qu&rsquo;elle continue \u00e0 occuper de nos jours encore.<\/p>\n<p>Enfin, comme le soulignent nos photos, la restauration de la maison Ibn Khaldoun est quasiment achev\u00e9e. Avec, selon nos sources, l&rsquo;appui de la Banque internationale arabe de Tunisie qui vient de r\u00e9aliser une restauration similaire du c\u00f4t\u00e9 de l&rsquo;ancien h\u00f4tel particulier de la famille Disegni, rue Radhia Haddad.<\/p>\n","protected":false},"excerpt":{"rendered":"<p>Les travaux de restauration de la maison de la culture Ibn Khaldoun continuent et sont d\u00e9sormais dans leur derni\u00e8re ligne droite.<\/p>\n","protected":false},"author":3229,"featured_media":243146,"comment_status":"open","ping_status":"open","sticky":false,"template":"","format":"standard","meta":{"footnotes":""},"categories":[2596],"tags":[4565,4564,2640,2608],"class_list":["post-218693","post","type-post","status-publish","format-standard","has-post-thumbnail","hentry","category-chroniques","tag-maison-de-la-culture-ibn-khaldoun","tag-rehabilitation","tag-tunis","tag-tunisie"],"yoast_head":"<!-- This site is optimized with the Yoast SEO Premium plugin v27.5 (Yoast SEO v27.5) - https:\/\/yoast.com\/product\/yoast-seo-premium-wordpress\/ -->\n<title>Tunis : La belle centenaire de la rue Ibn Khaldoun<\/title>\n<meta name=\"description\" content=\"Les travaux de restauration de la maison de la culture Ibn Khaldoun continuent et sont d\u00e9sormais dans leur derni\u00e8re ligne droite.\" \/>\n<link rel=\"canonical\" href=\"https:\/\/www.webdo.tn\/fr\/actualite\/chroniques\/tunis-la-belle-centenaire-de-la-rue-ibn-khaldoun\/218693\/\" \/>\n<meta property=\"og:locale\" content=\"fr_FR\" \/>\n<meta property=\"og:type\" content=\"article\" \/>\n<meta property=\"og:title\" content=\"Tunis : La belle centenaire de la rue Ibn Khaldoun\" \/>\n<meta property=\"og:description\" content=\"Les travaux de restauration de la maison de la culture Ibn Khaldoun continuent et sont d\u00e9sormais dans leur derni\u00e8re ligne droite.\" \/>\n<meta property=\"og:url\" content=\"https:\/\/www.webdo.tn\/fr\/actualite\/chroniques\/tunis-la-belle-centenaire-de-la-rue-ibn-khaldoun\/218693\/\" \/>\n<meta property=\"og:site_name\" content=\"webdo\" \/>\n<meta property=\"article:publisher\" content=\"https:\/\/www.facebook.com\/webdotn\" \/>\n<meta property=\"article:author\" content=\"https:\/\/www.facebook.com\/hatem.bourial.2025\" \/>\n<meta property=\"article:published_time\" content=\"2024-12-30T08:59:00+00:00\" \/>\n<meta property=\"article:modified_time\" content=\"2025-05-17T20:16:11+00:00\" \/>\n<meta property=\"og:image\" content=\"https:\/\/www.webdo.tn\/fr\/wp-content\/uploads\/2025\/05\/f9e76725b114629f442aeded6ef37b80-2.webp\" \/>\n\t<meta property=\"og:image:width\" content=\"750\" \/>\n\t<meta property=\"og:image:height\" content=\"400\" \/>\n\t<meta property=\"og:image:type\" content=\"image\/webp\" \/>\n<meta name=\"author\" content=\"Hatem Bourial\" \/>\n<meta name=\"twitter:card\" content=\"summary_large_image\" \/>\n<meta name=\"twitter:creator\" content=\"@webdo_tn\" \/>\n<meta name=\"twitter:site\" content=\"@webdo_tn\" \/>\n<meta name=\"twitter:label1\" content=\"\u00c9crit par\" \/>\n\t<meta name=\"twitter:data1\" content=\"Hatem Bourial\" \/>\n\t<meta name=\"twitter:label2\" content=\"Dur\u00e9e de lecture estim\u00e9e\" \/>\n\t<meta name=\"twitter:data2\" content=\"2 minutes\" \/>\n<script type=\"application\/ld+json\" class=\"yoast-schema-graph\">{\"@context\":\"https:\\\/\\\/schema.org\",\"@graph\":[{\"@type\":\"NewsArticle\",\"@id\":\"https:\\\/\\\/www.webdo.tn\\\/fr\\\/actualite\\\/chroniques\\\/tunis-la-belle-centenaire-de-la-rue-ibn-khaldoun\\\/218693\\\/#article\",\"isPartOf\":{\"@id\":\"https:\\\/\\\/www.webdo.tn\\\/fr\\\/actualite\\\/chroniques\\\/tunis-la-belle-centenaire-de-la-rue-ibn-khaldoun\\\/218693\\\/\"},\"author\":{\"name\":\"Hatem Bourial\",\"@id\":\"https:\\\/\\\/www.webdo.tn\\\/fr\\\/#\\\/schema\\\/person\\\/6bc0beba2cd23aec27cb5df85ca2554f\"},\"headline\":\"Tunis : La belle centenaire de la rue Ibn Khaldoun\",\"datePublished\":\"2024-12-30T08:59:00+00:00\",\"dateModified\":\"2025-05-17T20:16:11+00:00\",\"mainEntityOfPage\":{\"@id\":\"https:\\\/\\\/www.webdo.tn\\\/fr\\\/actualite\\\/chroniques\\\/tunis-la-belle-centenaire-de-la-rue-ibn-khaldoun\\\/218693\\\/\"},\"wordCount\":478,\"commentCount\":0,\"publisher\":{\"@id\":\"https:\\\/\\\/www.webdo.tn\\\/fr\\\/#organization\"},\"image\":{\"@id\":\"https:\\\/\\\/www.webdo.tn\\\/fr\\\/actualite\\\/chroniques\\\/tunis-la-belle-centenaire-de-la-rue-ibn-khaldoun\\\/218693\\\/#primaryimage\"},\"thumbnailUrl\":\"https:\\\/\\\/www.webdo.tn\\\/fr\\\/wp-content\\\/uploads\\\/2025\\\/05\\\/f9e76725b114629f442aeded6ef37b80-2.webp\",\"keywords\":[\"maison de la culture Ibn Khaldoun\",\"r\u00e9habilitation\",\"Tunis\",\"Tunisie\"],\"articleSection\":[\"Chroniques\"],\"inLanguage\":\"fr-FR\"},{\"@type\":\"WebPage\",\"@id\":\"https:\\\/\\\/www.webdo.tn\\\/fr\\\/actualite\\\/chroniques\\\/tunis-la-belle-centenaire-de-la-rue-ibn-khaldoun\\\/218693\\\/\",\"url\":\"https:\\\/\\\/www.webdo.tn\\\/fr\\\/actualite\\\/chroniques\\\/tunis-la-belle-centenaire-de-la-rue-ibn-khaldoun\\\/218693\\\/\",\"name\":\"Tunis : La belle centenaire de la rue Ibn Khaldoun\",\"isPartOf\":{\"@id\":\"https:\\\/\\\/www.webdo.tn\\\/fr\\\/#website\"},\"primaryImageOfPage\":{\"@id\":\"https:\\\/\\\/www.webdo.tn\\\/fr\\\/actualite\\\/chroniques\\\/tunis-la-belle-centenaire-de-la-rue-ibn-khaldoun\\\/218693\\\/#primaryimage\"},\"image\":{\"@id\":\"https:\\\/\\\/www.webdo.tn\\\/fr\\\/actualite\\\/chroniques\\\/tunis-la-belle-centenaire-de-la-rue-ibn-khaldoun\\\/218693\\\/#primaryimage\"},\"thumbnailUrl\":\"https:\\\/\\\/www.webdo.tn\\\/fr\\\/wp-content\\\/uploads\\\/2025\\\/05\\\/f9e76725b114629f442aeded6ef37b80-2.webp\",\"datePublished\":\"2024-12-30T08:59:00+00:00\",\"dateModified\":\"2025-05-17T20:16:11+00:00\",\"description\":\"Les travaux de restauration de la maison de la culture Ibn Khaldoun continuent et sont d\u00e9sormais dans leur derni\u00e8re ligne droite.\",\"breadcrumb\":{\"@id\":\"https:\\\/\\\/www.webdo.tn\\\/fr\\\/actualite\\\/chroniques\\\/tunis-la-belle-centenaire-de-la-rue-ibn-khaldoun\\\/218693\\\/#breadcrumb\"},\"inLanguage\":\"fr-FR\",\"potentialAction\":[{\"@type\":\"ReadAction\",\"target\":[\"https:\\\/\\\/www.webdo.tn\\\/fr\\\/actualite\\\/chroniques\\\/tunis-la-belle-centenaire-de-la-rue-ibn-khaldoun\\\/218693\\\/\"]}]},{\"@type\":\"ImageObject\",\"inLanguage\":\"fr-FR\",\"@id\":\"https:\\\/\\\/www.webdo.tn\\\/fr\\\/actualite\\\/chroniques\\\/tunis-la-belle-centenaire-de-la-rue-ibn-khaldoun\\\/218693\\\/#primaryimage\",\"url\":\"https:\\\/\\\/www.webdo.tn\\\/fr\\\/wp-content\\\/uploads\\\/2025\\\/05\\\/f9e76725b114629f442aeded6ef37b80-2.webp\",\"contentUrl\":\"https:\\\/\\\/www.webdo.tn\\\/fr\\\/wp-content\\\/uploads\\\/2025\\\/05\\\/f9e76725b114629f442aeded6ef37b80-2.webp\",\"width\":750,\"height\":400},{\"@type\":\"BreadcrumbList\",\"@id\":\"https:\\\/\\\/www.webdo.tn\\\/fr\\\/actualite\\\/chroniques\\\/tunis-la-belle-centenaire-de-la-rue-ibn-khaldoun\\\/218693\\\/#breadcrumb\",\"itemListElement\":[{\"@type\":\"ListItem\",\"position\":1,\"name\":\"Accueil\",\"item\":\"https:\\\/\\\/www.webdo.tn\\\/fr\\\/\"},{\"@type\":\"ListItem\",\"position\":2,\"name\":\"Tunis : La belle centenaire de la rue Ibn Khaldoun\"}]},{\"@type\":\"WebSite\",\"@id\":\"https:\\\/\\\/www.webdo.tn\\\/fr\\\/#website\",\"url\":\"https:\\\/\\\/www.webdo.tn\\\/fr\\\/\",\"name\":\"webdo\",\"description\":\"Tunisie - News en Tunisie et \u00e0 l&#039;international sur Webdo.tn\",\"publisher\":{\"@id\":\"https:\\\/\\\/www.webdo.tn\\\/fr\\\/#organization\"},\"potentialAction\":[{\"@type\":\"SearchAction\",\"target\":{\"@type\":\"EntryPoint\",\"urlTemplate\":\"https:\\\/\\\/www.webdo.tn\\\/fr\\\/?s={search_term_string}\"},\"query-input\":{\"@type\":\"PropertyValueSpecification\",\"valueRequired\":true,\"valueName\":\"search_term_string\"}}],\"inLanguage\":\"fr-FR\"},{\"@type\":\"Organization\",\"@id\":\"https:\\\/\\\/www.webdo.tn\\\/fr\\\/#organization\",\"name\":\"Webdo\",\"alternateName\":\"Webdo.tn\",\"url\":\"https:\\\/\\\/www.webdo.tn\\\/fr\\\/\",\"logo\":{\"@type\":\"ImageObject\",\"inLanguage\":\"fr-FR\",\"@id\":\"https:\\\/\\\/www.webdo.tn\\\/fr\\\/#\\\/schema\\\/logo\\\/image\\\/\",\"url\":\"https:\\\/\\\/www.webdo.tn\\\/fr\\\/wp-content\\\/uploads\\\/2025\\\/06\\\/Webdo-Tunisie_168377.jpg\",\"contentUrl\":\"https:\\\/\\\/www.webdo.tn\\\/fr\\\/wp-content\\\/uploads\\\/2025\\\/06\\\/Webdo-Tunisie_168377.jpg\",\"width\":301,\"height\":301,\"caption\":\"Webdo\"},\"image\":{\"@id\":\"https:\\\/\\\/www.webdo.tn\\\/fr\\\/#\\\/schema\\\/logo\\\/image\\\/\"},\"sameAs\":[\"https:\\\/\\\/www.facebook.com\\\/webdotn\",\"https:\\\/\\\/x.com\\\/webdo_tn\"],\"description\":\"Webdo est un m\u00e9dia num\u00e9rique tunisien fond\u00e9 en 2010, sp\u00e9cialis\u00e9 dans l\u2019actualit\u00e9 nationale et internationale, l\u2019\u00e9conomie, la soci\u00e9t\u00e9 et les analyses politiques. Le site s\u2019adresse \u00e0 un large public francophone et couvre l\u2019information tunisienne en temps r\u00e9el.\",\"email\":\"redac@webdo.tn\",\"legalName\":\"YNJ SARL\",\"foundingDate\":\"2010-09-06\",\"numberOfEmployees\":{\"@type\":\"QuantitativeValue\",\"minValue\":\"11\",\"maxValue\":\"50\"}},{\"@type\":\"Person\",\"@id\":\"https:\\\/\\\/www.webdo.tn\\\/fr\\\/#\\\/schema\\\/person\\\/6bc0beba2cd23aec27cb5df85ca2554f\",\"name\":\"Hatem Bourial\",\"image\":{\"@type\":\"ImageObject\",\"inLanguage\":\"fr-FR\",\"@id\":\"https:\\\/\\\/www.webdo.tn\\\/fr\\\/wp-content\\\/uploads\\\/2026\\\/04\\\/hatem-bourial_avatar-96x96.jpg\",\"url\":\"https:\\\/\\\/www.webdo.tn\\\/fr\\\/wp-content\\\/uploads\\\/2026\\\/04\\\/hatem-bourial_avatar-96x96.jpg\",\"contentUrl\":\"https:\\\/\\\/www.webdo.tn\\\/fr\\\/wp-content\\\/uploads\\\/2026\\\/04\\\/hatem-bourial_avatar-96x96.jpg\",\"caption\":\"Hatem Bourial\"},\"description\":\"Hatem Bourial est journaliste, \u00e9crivain et chroniqueur tunisien. Actif depuis plusieurs d\u00e9cennies, il s\u2019est impos\u00e9 comme un observateur attentif de la soci\u00e9t\u00e9 tunisienne, m\u00ealant dans ses \u00e9crits m\u00e9moire, culture et analyse du quotidien. Auteur de nombreux ouvrages, il d\u00e9veloppe une \u0153uvre \u00e0 la crois\u00e9e du r\u00e9cit, de la po\u00e9sie et de l\u2019observation sociologique. Parall\u00e8lement \u00e0 ses contributions dans la presse, il intervient r\u00e9guli\u00e8rement \u00e0 la radio et dans des espaces culturels, o\u00f9 il explore les enjeux li\u00e9s au patrimoine, \u00e0 l\u2019identit\u00e9 et aux transformations du monde contemporain. \u00c0 travers ses chroniques, Hatem Bourial propose une lecture sensible et approfondie de l\u2019actualit\u00e9, nourrie par une exp\u00e9rience journalistique et litt\u00e9raire reconnue. \ud83d\udd17 Facebook : https:\\\/\\\/www.facebook.com\\\/hatem.bourial.2025\",\"sameAs\":[\"https:\\\/\\\/www.facebook.com\\\/hatem.bourial.2025\",\"https:\\\/\\\/fr.wikipedia.org\\\/wiki\\\/Fichier:Hatem_Bourial.jpg\"],\"knowsAbout\":[\"Culture & patrimoine tunisien\",\"Chronique soci\u00e9tale\",\"Litt\u00e9rature & m\u00e9moire\",\"Cin\u00e9ma & critique culturelle\",\"Identit\u00e9 & mutations sociales\"],\"knowsLanguage\":[\"Arabe\",\"Fran\u00e7ais\",\"Anglais\",\"Italien\",\"Polonais\"],\"jobTitle\":\"Journaliste, \u00e9crivain et chroniqueur culturel\",\"worksFor\":\"Webdo\",\"url\":\"https:\\\/\\\/www.webdo.tn\\\/fr\\\/actualite\\\/author\\\/hatem-bourial-2\\\/\"}]}<\/script>\n<!-- \/ Yoast SEO Premium plugin. -->","yoast_head_json":{"title":"Tunis : La belle centenaire de la rue Ibn Khaldoun","description":"Les travaux de restauration de la maison de la culture Ibn Khaldoun continuent et sont d\u00e9sormais dans leur derni\u00e8re ligne droite.","canonical":"https:\/\/www.webdo.tn\/fr\/actualite\/chroniques\/tunis-la-belle-centenaire-de-la-rue-ibn-khaldoun\/218693\/","og_locale":"fr_FR","og_type":"article","og_title":"Tunis : La belle centenaire de la rue Ibn Khaldoun","og_description":"Les travaux de restauration de la maison de la culture Ibn Khaldoun continuent et sont d\u00e9sormais dans leur derni\u00e8re ligne droite.","og_url":"https:\/\/www.webdo.tn\/fr\/actualite\/chroniques\/tunis-la-belle-centenaire-de-la-rue-ibn-khaldoun\/218693\/","og_site_name":"webdo","article_publisher":"https:\/\/www.facebook.com\/webdotn","article_author":"https:\/\/www.facebook.com\/hatem.bourial.2025","article_published_time":"2024-12-30T08:59:00+00:00","article_modified_time":"2025-05-17T20:16:11+00:00","og_image":[{"width":750,"height":400,"url":"https:\/\/www.webdo.tn\/fr\/wp-content\/uploads\/2025\/05\/f9e76725b114629f442aeded6ef37b80-2.webp","type":"image\/webp"}],"author":"Hatem Bourial","twitter_card":"summary_large_image","twitter_creator":"@webdo_tn","twitter_site":"@webdo_tn","twitter_misc":{"\u00c9crit par":"Hatem Bourial","Dur\u00e9e de lecture estim\u00e9e":"2 minutes"},"schema":{"@context":"https:\/\/schema.org","@graph":[{"@type":"NewsArticle","@id":"https:\/\/www.webdo.tn\/fr\/actualite\/chroniques\/tunis-la-belle-centenaire-de-la-rue-ibn-khaldoun\/218693\/#article","isPartOf":{"@id":"https:\/\/www.webdo.tn\/fr\/actualite\/chroniques\/tunis-la-belle-centenaire-de-la-rue-ibn-khaldoun\/218693\/"},"author":{"name":"Hatem Bourial","@id":"https:\/\/www.webdo.tn\/fr\/#\/schema\/person\/6bc0beba2cd23aec27cb5df85ca2554f"},"headline":"Tunis : La belle centenaire de la rue Ibn Khaldoun","datePublished":"2024-12-30T08:59:00+00:00","dateModified":"2025-05-17T20:16:11+00:00","mainEntityOfPage":{"@id":"https:\/\/www.webdo.tn\/fr\/actualite\/chroniques\/tunis-la-belle-centenaire-de-la-rue-ibn-khaldoun\/218693\/"},"wordCount":478,"commentCount":0,"publisher":{"@id":"https:\/\/www.webdo.tn\/fr\/#organization"},"image":{"@id":"https:\/\/www.webdo.tn\/fr\/actualite\/chroniques\/tunis-la-belle-centenaire-de-la-rue-ibn-khaldoun\/218693\/#primaryimage"},"thumbnailUrl":"https:\/\/www.webdo.tn\/fr\/wp-content\/uploads\/2025\/05\/f9e76725b114629f442aeded6ef37b80-2.webp","keywords":["maison de la culture Ibn Khaldoun","r\u00e9habilitation","Tunis","Tunisie"],"articleSection":["Chroniques"],"inLanguage":"fr-FR"},{"@type":"WebPage","@id":"https:\/\/www.webdo.tn\/fr\/actualite\/chroniques\/tunis-la-belle-centenaire-de-la-rue-ibn-khaldoun\/218693\/","url":"https:\/\/www.webdo.tn\/fr\/actualite\/chroniques\/tunis-la-belle-centenaire-de-la-rue-ibn-khaldoun\/218693\/","name":"Tunis : La belle centenaire de la rue Ibn Khaldoun","isPartOf":{"@id":"https:\/\/www.webdo.tn\/fr\/#website"},"primaryImageOfPage":{"@id":"https:\/\/www.webdo.tn\/fr\/actualite\/chroniques\/tunis-la-belle-centenaire-de-la-rue-ibn-khaldoun\/218693\/#primaryimage"},"image":{"@id":"https:\/\/www.webdo.tn\/fr\/actualite\/chroniques\/tunis-la-belle-centenaire-de-la-rue-ibn-khaldoun\/218693\/#primaryimage"},"thumbnailUrl":"https:\/\/www.webdo.tn\/fr\/wp-content\/uploads\/2025\/05\/f9e76725b114629f442aeded6ef37b80-2.webp","datePublished":"2024-12-30T08:59:00+00:00","dateModified":"2025-05-17T20:16:11+00:00","description":"Les travaux de restauration de la maison de la culture Ibn Khaldoun continuent et sont d\u00e9sormais dans leur derni\u00e8re ligne droite.","breadcrumb":{"@id":"https:\/\/www.webdo.tn\/fr\/actualite\/chroniques\/tunis-la-belle-centenaire-de-la-rue-ibn-khaldoun\/218693\/#breadcrumb"},"inLanguage":"fr-FR","potentialAction":[{"@type":"ReadAction","target":["https:\/\/www.webdo.tn\/fr\/actualite\/chroniques\/tunis-la-belle-centenaire-de-la-rue-ibn-khaldoun\/218693\/"]}]},{"@type":"ImageObject","inLanguage":"fr-FR","@id":"https:\/\/www.webdo.tn\/fr\/actualite\/chroniques\/tunis-la-belle-centenaire-de-la-rue-ibn-khaldoun\/218693\/#primaryimage","url":"https:\/\/www.webdo.tn\/fr\/wp-content\/uploads\/2025\/05\/f9e76725b114629f442aeded6ef37b80-2.webp","contentUrl":"https:\/\/www.webdo.tn\/fr\/wp-content\/uploads\/2025\/05\/f9e76725b114629f442aeded6ef37b80-2.webp","width":750,"height":400},{"@type":"BreadcrumbList","@id":"https:\/\/www.webdo.tn\/fr\/actualite\/chroniques\/tunis-la-belle-centenaire-de-la-rue-ibn-khaldoun\/218693\/#breadcrumb","itemListElement":[{"@type":"ListItem","position":1,"name":"Accueil","item":"https:\/\/www.webdo.tn\/fr\/"},{"@type":"ListItem","position":2,"name":"Tunis : La belle centenaire de la rue Ibn Khaldoun"}]},{"@type":"WebSite","@id":"https:\/\/www.webdo.tn\/fr\/#website","url":"https:\/\/www.webdo.tn\/fr\/","name":"webdo","description":"Tunisie - News en Tunisie et \u00e0 l&#039;international sur Webdo.tn","publisher":{"@id":"https:\/\/www.webdo.tn\/fr\/#organization"},"potentialAction":[{"@type":"SearchAction","target":{"@type":"EntryPoint","urlTemplate":"https:\/\/www.webdo.tn\/fr\/?s={search_term_string}"},"query-input":{"@type":"PropertyValueSpecification","valueRequired":true,"valueName":"search_term_string"}}],"inLanguage":"fr-FR"},{"@type":"Organization","@id":"https:\/\/www.webdo.tn\/fr\/#organization","name":"Webdo","alternateName":"Webdo.tn","url":"https:\/\/www.webdo.tn\/fr\/","logo":{"@type":"ImageObject","inLanguage":"fr-FR","@id":"https:\/\/www.webdo.tn\/fr\/#\/schema\/logo\/image\/","url":"https:\/\/www.webdo.tn\/fr\/wp-content\/uploads\/2025\/06\/Webdo-Tunisie_168377.jpg","contentUrl":"https:\/\/www.webdo.tn\/fr\/wp-content\/uploads\/2025\/06\/Webdo-Tunisie_168377.jpg","width":301,"height":301,"caption":"Webdo"},"image":{"@id":"https:\/\/www.webdo.tn\/fr\/#\/schema\/logo\/image\/"},"sameAs":["https:\/\/www.facebook.com\/webdotn","https:\/\/x.com\/webdo_tn"],"description":"Webdo est un m\u00e9dia num\u00e9rique tunisien fond\u00e9 en 2010, sp\u00e9cialis\u00e9 dans l\u2019actualit\u00e9 nationale et internationale, l\u2019\u00e9conomie, la soci\u00e9t\u00e9 et les analyses politiques. Le site s\u2019adresse \u00e0 un large public francophone et couvre l\u2019information tunisienne en temps r\u00e9el.","email":"redac@webdo.tn","legalName":"YNJ SARL","foundingDate":"2010-09-06","numberOfEmployees":{"@type":"QuantitativeValue","minValue":"11","maxValue":"50"}},{"@type":"Person","@id":"https:\/\/www.webdo.tn\/fr\/#\/schema\/person\/6bc0beba2cd23aec27cb5df85ca2554f","name":"Hatem Bourial","image":{"@type":"ImageObject","inLanguage":"fr-FR","@id":"https:\/\/www.webdo.tn\/fr\/wp-content\/uploads\/2026\/04\/hatem-bourial_avatar-96x96.jpg","url":"https:\/\/www.webdo.tn\/fr\/wp-content\/uploads\/2026\/04\/hatem-bourial_avatar-96x96.jpg","contentUrl":"https:\/\/www.webdo.tn\/fr\/wp-content\/uploads\/2026\/04\/hatem-bourial_avatar-96x96.jpg","caption":"Hatem Bourial"},"description":"Hatem Bourial est journaliste, \u00e9crivain et chroniqueur tunisien. Actif depuis plusieurs d\u00e9cennies, il s\u2019est impos\u00e9 comme un observateur attentif de la soci\u00e9t\u00e9 tunisienne, m\u00ealant dans ses \u00e9crits m\u00e9moire, culture et analyse du quotidien. Auteur de nombreux ouvrages, il d\u00e9veloppe une \u0153uvre \u00e0 la crois\u00e9e du r\u00e9cit, de la po\u00e9sie et de l\u2019observation sociologique. Parall\u00e8lement \u00e0 ses contributions dans la presse, il intervient r\u00e9guli\u00e8rement \u00e0 la radio et dans des espaces culturels, o\u00f9 il explore les enjeux li\u00e9s au patrimoine, \u00e0 l\u2019identit\u00e9 et aux transformations du monde contemporain. \u00c0 travers ses chroniques, Hatem Bourial propose une lecture sensible et approfondie de l\u2019actualit\u00e9, nourrie par une exp\u00e9rience journalistique et litt\u00e9raire reconnue. \ud83d\udd17 Facebook : https:\/\/www.facebook.com\/hatem.bourial.2025","sameAs":["https:\/\/www.facebook.com\/hatem.bourial.2025","https:\/\/fr.wikipedia.org\/wiki\/Fichier:Hatem_Bourial.jpg"],"knowsAbout":["Culture & patrimoine tunisien","Chronique soci\u00e9tale","Litt\u00e9rature & m\u00e9moire","Cin\u00e9ma & critique culturelle","Identit\u00e9 & mutations sociales"],"knowsLanguage":["Arabe","Fran\u00e7ais","Anglais","Italien","Polonais"],"jobTitle":"Journaliste, \u00e9crivain et chroniqueur culturel","worksFor":"Webdo","url":"https:\/\/www.webdo.tn\/fr\/actualite\/author\/hatem-bourial-2\/"}]}},"_links":{"self":[{"href":"https:\/\/www.webdo.tn\/fr\/wp-json\/wp\/v2\/posts\/218693","targetHints":{"allow":["GET"]}}],"collection":[{"href":"https:\/\/www.webdo.tn\/fr\/wp-json\/wp\/v2\/posts"}],"about":[{"href":"https:\/\/www.webdo.tn\/fr\/wp-json\/wp\/v2\/types\/post"}],"author":[{"embeddable":true,"href":"https:\/\/www.webdo.tn\/fr\/wp-json\/wp\/v2\/users\/3229"}],"replies":[{"embeddable":true,"href":"https:\/\/www.webdo.tn\/fr\/wp-json\/wp\/v2\/comments?post=218693"}],"version-history":[{"count":0,"href":"https:\/\/www.webdo.tn\/fr\/wp-json\/wp\/v2\/posts\/218693\/revisions"}],"wp:featuredmedia":[{"embeddable":true,"href":"https:\/\/www.webdo.tn\/fr\/wp-json\/wp\/v2\/media\/243146"}],"wp:attachment":[{"href":"https:\/\/www.webdo.tn\/fr\/wp-json\/wp\/v2\/media?parent=218693"}],"wp:term":[{"taxonomy":"category","embeddable":true,"href":"https:\/\/www.webdo.tn\/fr\/wp-json\/wp\/v2\/categories?post=218693"},{"taxonomy":"post_tag","embeddable":true,"href":"https:\/\/www.webdo.tn\/fr\/wp-json\/wp\/v2\/tags?post=218693"}],"curies":[{"name":"wp","href":"https:\/\/api.w.org\/{rel}","templated":true}]}}