{"id":218689,"date":"2024-12-30T08:12:00","date_gmt":"2024-12-30T08:12:00","guid":{"rendered":"https:\/\/www.webdo.tn\/fr\/blog\/tunisie-reveillon-campagne-contre-l-alcool-au-volant\/218689\/"},"modified":"2025-05-20T22:22:21","modified_gmt":"2025-05-20T22:22:21","slug":"tunisie-reveillon-campagne-contre-l-alcool-au-volant","status":"publish","type":"post","link":"https:\/\/www.webdo.tn\/fr\/actualite\/national\/tunisie-reveillon-campagne-contre-l-alcool-au-volant\/218689\/","title":{"rendered":"Tunisie \u2013 R\u00e9veillon : Campagne contre l\u2019alcool au volant"},"content":{"rendered":"<p>L\u2019Observatoire National de la S\u00e9curit\u00e9 Routi\u00e8re et ses partenaires ont lanc\u00e9 une campagne intitul\u00e9e \u00ab Teste ton \u00e9tat le soir du 31 d\u00e9cembre \u00bb \u00e0 l\u2019occasion des f\u00eates du Nouvel An administratif.<\/p>\n<p>Mourad Jouini, porte-parole de la campagne, a fait savoir ce lundi 30 d\u00e9cembre 2024, que cette initiative prolonge celle de l\u2019ann\u00e9e pr\u00e9c\u00e9dente, qui a rencontr\u00e9 un grand succ\u00e8s.\u00a0<\/p>\n<p>Il a soulign\u00e9 que les partenaires de l\u2019Observatoire ont mis \u00e0 disposition des d\u00e9panneuses avec chauffeur pour venir en aide aux personnes incapables de conduire en raison d\u2019une consommation excessive d\u2019alcool.<\/p>\n<p>Il a ajout\u00e9 que les citoyens peuvent acc\u00e9der \u00e0 une application d\u00e9di\u00e9e \u00e0 cet effet. Il a \u00e9galement pr\u00e9cis\u00e9 qu\u2019en cas de sortie en groupe d\u2019amis, il est propos\u00e9, dans les restaurants, de distribuer un bracelet \u00e0 une personne d\u00e9sign\u00e9e du groupe qui ne consomme pas d\u2019alcool et peut ainsi conduire. Ce bracelet atteste de l\u2019aptitude du conducteur \u00e0 prendre le volant si celui-ci est arr\u00eat\u00e9 par une patrouille de police.<\/p>\n","protected":false},"excerpt":{"rendered":"<p>Mourad Jouini, porte-parole de la campagne, a fait savoir ce lundi 30 d\u00e9cembre 2024, que cette initiative prolonge celle de l\u2019ann\u00e9e pr\u00e9c\u00e9dente, qui a rencontr\u00e9&#8230;<\/p>\n","protected":false},"author":3163,"featured_media":291614,"comment_status":"open","ping_status":"closed","sticky":false,"template":"","format":"standard","meta":{"footnotes":""},"categories":[44],"tags":[10814,7211,2608],"class_list":["post-218689","post","type-post","status-publish","format-standard","has-post-thumbnail","hentry","category-national","tag-conduite","tag-alcool","tag-tunisie"],"yoast_head":"<!-- This site is optimized with the Yoast SEO Premium plugin v27.4 (Yoast SEO v27.5) - https:\/\/yoast.com\/product\/yoast-seo-premium-wordpress\/ -->\n<title>Tunisie \u2013 R\u00e9veillon : Campagne contre l\u2019alcool au volant<\/title>\n<meta name=\"description\" content=\"Mourad Jouini, porte-parole de la campagne, a fait savoir ce lundi 30 d\u00e9cembre 2024, que cette initiative prolonge celle de l\u2019ann\u00e9e pr\u00e9c\u00e9dente, qui a rencontr\u00e9...\" \/>\n<link rel=\"canonical\" href=\"https:\/\/www.webdo.tn\/fr\/actualite\/national\/tunisie-reveillon-campagne-contre-l-alcool-au-volant\/218689\/\" \/>\n<meta property=\"og:locale\" content=\"fr_FR\" \/>\n<meta property=\"og:type\" content=\"article\" \/>\n<meta property=\"og:title\" content=\"Tunisie \u2013 R\u00e9veillon : Campagne contre l\u2019alcool au volant\" \/>\n<meta property=\"og:description\" content=\"Mourad Jouini, porte-parole de la campagne, a fait savoir ce lundi 30 d\u00e9cembre 2024, que cette initiative prolonge celle de l\u2019ann\u00e9e pr\u00e9c\u00e9dente, qui a rencontr\u00e9...\" \/>\n<meta property=\"og:url\" content=\"https:\/\/www.webdo.tn\/fr\/actualite\/national\/tunisie-reveillon-campagne-contre-l-alcool-au-volant\/218689\/\" \/>\n<meta property=\"og:site_name\" content=\"webdo\" \/>\n<meta property=\"article:publisher\" content=\"https:\/\/www.facebook.com\/webdotn\" \/>\n<meta property=\"article:published_time\" content=\"2024-12-30T08:12:00+00:00\" \/>\n<meta property=\"article:modified_time\" content=\"2025-05-20T22:22:21+00:00\" \/>\n<meta property=\"og:image\" content=\"https:\/\/www.webdo.tn\/fr\/wp-content\/uploads\/2024\/12\/c555a70418dd3044bb88032d6a459665.webp\" \/>\n\t<meta property=\"og:image:width\" content=\"750\" \/>\n\t<meta property=\"og:image:height\" content=\"400\" \/>\n\t<meta property=\"og:image:type\" content=\"image\/webp\" \/>\n<meta name=\"author\" content=\"KJ\" \/>\n<meta name=\"twitter:card\" content=\"summary_large_image\" \/>\n<meta name=\"twitter:creator\" content=\"@webdo_tn\" \/>\n<meta name=\"twitter:site\" content=\"@webdo_tn\" \/>\n<meta name=\"twitter:label1\" content=\"\u00c9crit par\" \/>\n\t<meta name=\"twitter:data1\" content=\"KJ\" \/>\n\t<meta name=\"twitter:label2\" content=\"Dur\u00e9e de lecture estim\u00e9e\" \/>\n\t<meta name=\"twitter:data2\" content=\"1 minute\" \/>\n<script type=\"application\/ld+json\" class=\"yoast-schema-graph\">{\"@context\":\"https:\\\/\\\/schema.org\",\"@graph\":[{\"@type\":\"NewsArticle\",\"@id\":\"https:\\\/\\\/www.webdo.tn\\\/fr\\\/actualite\\\/national\\\/tunisie-reveillon-campagne-contre-l-alcool-au-volant\\\/218689\\\/#article\",\"isPartOf\":{\"@id\":\"https:\\\/\\\/www.webdo.tn\\\/fr\\\/actualite\\\/national\\\/tunisie-reveillon-campagne-contre-l-alcool-au-volant\\\/218689\\\/\"},\"author\":{\"name\":\"KJ\",\"@id\":\"https:\\\/\\\/www.webdo.tn\\\/fr\\\/#\\\/schema\\\/person\\\/82ca085b22037d285e1a3c4b65ba5f71\"},\"headline\":\"Tunisie \u2013 R\u00e9veillon : Campagne contre l\u2019alcool au volant\",\"datePublished\":\"2024-12-30T08:12:00+00:00\",\"dateModified\":\"2025-05-20T22:22:21+00:00\",\"mainEntityOfPage\":{\"@id\":\"https:\\\/\\\/www.webdo.tn\\\/fr\\\/actualite\\\/national\\\/tunisie-reveillon-campagne-contre-l-alcool-au-volant\\\/218689\\\/\"},\"wordCount\":188,\"commentCount\":0,\"publisher\":{\"@id\":\"https:\\\/\\\/www.webdo.tn\\\/fr\\\/#organization\"},\"image\":{\"@id\":\"https:\\\/\\\/www.webdo.tn\\\/fr\\\/actualite\\\/national\\\/tunisie-reveillon-campagne-contre-l-alcool-au-volant\\\/218689\\\/#primaryimage\"},\"thumbnailUrl\":\"https:\\\/\\\/www.webdo.tn\\\/fr\\\/wp-content\\\/uploads\\\/2024\\\/12\\\/c555a70418dd3044bb88032d6a459665.webp\",\"keywords\":[\"'Conduite']\",\"alcool\",\"Tunisie\"],\"articleSection\":[\"National\"],\"inLanguage\":\"fr-FR\"},{\"@type\":\"WebPage\",\"@id\":\"https:\\\/\\\/www.webdo.tn\\\/fr\\\/actualite\\\/national\\\/tunisie-reveillon-campagne-contre-l-alcool-au-volant\\\/218689\\\/\",\"url\":\"https:\\\/\\\/www.webdo.tn\\\/fr\\\/actualite\\\/national\\\/tunisie-reveillon-campagne-contre-l-alcool-au-volant\\\/218689\\\/\",\"name\":\"Tunisie \u2013 R\u00e9veillon : Campagne contre l\u2019alcool au volant\",\"isPartOf\":{\"@id\":\"https:\\\/\\\/www.webdo.tn\\\/fr\\\/#website\"},\"primaryImageOfPage\":{\"@id\":\"https:\\\/\\\/www.webdo.tn\\\/fr\\\/actualite\\\/national\\\/tunisie-reveillon-campagne-contre-l-alcool-au-volant\\\/218689\\\/#primaryimage\"},\"image\":{\"@id\":\"https:\\\/\\\/www.webdo.tn\\\/fr\\\/actualite\\\/national\\\/tunisie-reveillon-campagne-contre-l-alcool-au-volant\\\/218689\\\/#primaryimage\"},\"thumbnailUrl\":\"https:\\\/\\\/www.webdo.tn\\\/fr\\\/wp-content\\\/uploads\\\/2024\\\/12\\\/c555a70418dd3044bb88032d6a459665.webp\",\"datePublished\":\"2024-12-30T08:12:00+00:00\",\"dateModified\":\"2025-05-20T22:22:21+00:00\",\"description\":\"Mourad Jouini, porte-parole de la campagne, a fait savoir ce lundi 30 d\u00e9cembre 2024, que cette initiative prolonge celle de l\u2019ann\u00e9e pr\u00e9c\u00e9dente, qui a rencontr\u00e9...\",\"breadcrumb\":{\"@id\":\"https:\\\/\\\/www.webdo.tn\\\/fr\\\/actualite\\\/national\\\/tunisie-reveillon-campagne-contre-l-alcool-au-volant\\\/218689\\\/#breadcrumb\"},\"inLanguage\":\"fr-FR\",\"potentialAction\":[{\"@type\":\"ReadAction\",\"target\":[\"https:\\\/\\\/www.webdo.tn\\\/fr\\\/actualite\\\/national\\\/tunisie-reveillon-campagne-contre-l-alcool-au-volant\\\/218689\\\/\"]}]},{\"@type\":\"ImageObject\",\"inLanguage\":\"fr-FR\",\"@id\":\"https:\\\/\\\/www.webdo.tn\\\/fr\\\/actualite\\\/national\\\/tunisie-reveillon-campagne-contre-l-alcool-au-volant\\\/218689\\\/#primaryimage\",\"url\":\"https:\\\/\\\/www.webdo.tn\\\/fr\\\/wp-content\\\/uploads\\\/2024\\\/12\\\/c555a70418dd3044bb88032d6a459665.webp\",\"contentUrl\":\"https:\\\/\\\/www.webdo.tn\\\/fr\\\/wp-content\\\/uploads\\\/2024\\\/12\\\/c555a70418dd3044bb88032d6a459665.webp\",\"width\":750,\"height\":400,\"caption\":\"Tunisie \u2013 R\u00e9veillon : Campagne contre l\u2019alcool au volant\"},{\"@type\":\"BreadcrumbList\",\"@id\":\"https:\\\/\\\/www.webdo.tn\\\/fr\\\/actualite\\\/national\\\/tunisie-reveillon-campagne-contre-l-alcool-au-volant\\\/218689\\\/#breadcrumb\",\"itemListElement\":[{\"@type\":\"ListItem\",\"position\":1,\"name\":\"Accueil\",\"item\":\"https:\\\/\\\/www.webdo.tn\\\/fr\\\/\"},{\"@type\":\"ListItem\",\"position\":2,\"name\":\"Tunisie \u2013 R\u00e9veillon : Campagne contre l\u2019alcool au volant\"}]},{\"@type\":\"WebSite\",\"@id\":\"https:\\\/\\\/www.webdo.tn\\\/fr\\\/#website\",\"url\":\"https:\\\/\\\/www.webdo.tn\\\/fr\\\/\",\"name\":\"webdo\",\"description\":\"Tunisie - News en Tunisie et \u00e0 l&#039;international sur Webdo.tn\",\"publisher\":{\"@id\":\"https:\\\/\\\/www.webdo.tn\\\/fr\\\/#organization\"},\"potentialAction\":[{\"@type\":\"SearchAction\",\"target\":{\"@type\":\"EntryPoint\",\"urlTemplate\":\"https:\\\/\\\/www.webdo.tn\\\/fr\\\/?s={search_term_string}\"},\"query-input\":{\"@type\":\"PropertyValueSpecification\",\"valueRequired\":true,\"valueName\":\"search_term_string\"}}],\"inLanguage\":\"fr-FR\"},{\"@type\":\"Organization\",\"@id\":\"https:\\\/\\\/www.webdo.tn\\\/fr\\\/#organization\",\"name\":\"Webdo\",\"alternateName\":\"Webdo.tn\",\"url\":\"https:\\\/\\\/www.webdo.tn\\\/fr\\\/\",\"logo\":{\"@type\":\"ImageObject\",\"inLanguage\":\"fr-FR\",\"@id\":\"https:\\\/\\\/www.webdo.tn\\\/fr\\\/#\\\/schema\\\/logo\\\/image\\\/\",\"url\":\"https:\\\/\\\/www.webdo.tn\\\/fr\\\/wp-content\\\/uploads\\\/2025\\\/06\\\/Webdo-Tunisie_168377.jpg\",\"contentUrl\":\"https:\\\/\\\/www.webdo.tn\\\/fr\\\/wp-content\\\/uploads\\\/2025\\\/06\\\/Webdo-Tunisie_168377.jpg\",\"width\":301,\"height\":301,\"caption\":\"Webdo\"},\"image\":{\"@id\":\"https:\\\/\\\/www.webdo.tn\\\/fr\\\/#\\\/schema\\\/logo\\\/image\\\/\"},\"sameAs\":[\"https:\\\/\\\/www.facebook.com\\\/webdotn\",\"https:\\\/\\\/x.com\\\/webdo_tn\"],\"description\":\"Webdo est un m\u00e9dia num\u00e9rique tunisien fond\u00e9 en 2010, sp\u00e9cialis\u00e9 dans l\u2019actualit\u00e9 nationale et internationale, l\u2019\u00e9conomie, la soci\u00e9t\u00e9 et les analyses politiques. Le site s\u2019adresse \u00e0 un large public francophone et couvre l\u2019information tunisienne en temps r\u00e9el.\",\"email\":\"redac@webdo.tn\",\"legalName\":\"YNJ SARL\",\"foundingDate\":\"2010-09-06\",\"numberOfEmployees\":{\"@type\":\"QuantitativeValue\",\"minValue\":\"11\",\"maxValue\":\"50\"}},{\"@type\":\"Person\",\"@id\":\"https:\\\/\\\/www.webdo.tn\\\/fr\\\/#\\\/schema\\\/person\\\/82ca085b22037d285e1a3c4b65ba5f71\",\"name\":\"KJ\",\"image\":{\"@type\":\"ImageObject\",\"inLanguage\":\"fr-FR\",\"@id\":\"https:\\\/\\\/secure.gravatar.com\\\/avatar\\\/1a1320de1c1971c893f00068f760b4113d69504aa21273da17ee95650c5944fd?s=96&d=mm&r=g\",\"url\":\"https:\\\/\\\/secure.gravatar.com\\\/avatar\\\/1a1320de1c1971c893f00068f760b4113d69504aa21273da17ee95650c5944fd?s=96&d=mm&r=g\",\"contentUrl\":\"https:\\\/\\\/secure.gravatar.com\\\/avatar\\\/1a1320de1c1971c893f00068f760b4113d69504aa21273da17ee95650c5944fd?s=96&d=mm&r=g\",\"caption\":\"KJ\"},\"url\":\"https:\\\/\\\/www.webdo.tn\\\/fr\\\/actualite\\\/author\\\/kj\\\/\"}]}<\/script>\n<!-- \/ Yoast SEO Premium plugin. -->","yoast_head_json":{"title":"Tunisie \u2013 R\u00e9veillon : Campagne contre l\u2019alcool au volant","description":"Mourad Jouini, porte-parole de la campagne, a fait savoir ce lundi 30 d\u00e9cembre 2024, que cette initiative prolonge celle de l\u2019ann\u00e9e pr\u00e9c\u00e9dente, qui a rencontr\u00e9...","canonical":"https:\/\/www.webdo.tn\/fr\/actualite\/national\/tunisie-reveillon-campagne-contre-l-alcool-au-volant\/218689\/","og_locale":"fr_FR","og_type":"article","og_title":"Tunisie \u2013 R\u00e9veillon : Campagne contre l\u2019alcool au volant","og_description":"Mourad Jouini, porte-parole de la campagne, a fait savoir ce lundi 30 d\u00e9cembre 2024, que cette initiative prolonge celle de l\u2019ann\u00e9e pr\u00e9c\u00e9dente, qui a rencontr\u00e9...","og_url":"https:\/\/www.webdo.tn\/fr\/actualite\/national\/tunisie-reveillon-campagne-contre-l-alcool-au-volant\/218689\/","og_site_name":"webdo","article_publisher":"https:\/\/www.facebook.com\/webdotn","article_published_time":"2024-12-30T08:12:00+00:00","article_modified_time":"2025-05-20T22:22:21+00:00","og_image":[{"width":750,"height":400,"url":"https:\/\/www.webdo.tn\/fr\/wp-content\/uploads\/2024\/12\/c555a70418dd3044bb88032d6a459665.webp","type":"image\/webp"}],"author":"KJ","twitter_card":"summary_large_image","twitter_creator":"@webdo_tn","twitter_site":"@webdo_tn","twitter_misc":{"\u00c9crit par":"KJ","Dur\u00e9e de lecture estim\u00e9e":"1 minute"},"schema":{"@context":"https:\/\/schema.org","@graph":[{"@type":"NewsArticle","@id":"https:\/\/www.webdo.tn\/fr\/actualite\/national\/tunisie-reveillon-campagne-contre-l-alcool-au-volant\/218689\/#article","isPartOf":{"@id":"https:\/\/www.webdo.tn\/fr\/actualite\/national\/tunisie-reveillon-campagne-contre-l-alcool-au-volant\/218689\/"},"author":{"name":"KJ","@id":"https:\/\/www.webdo.tn\/fr\/#\/schema\/person\/82ca085b22037d285e1a3c4b65ba5f71"},"headline":"Tunisie \u2013 R\u00e9veillon : Campagne contre l\u2019alcool au volant","datePublished":"2024-12-30T08:12:00+00:00","dateModified":"2025-05-20T22:22:21+00:00","mainEntityOfPage":{"@id":"https:\/\/www.webdo.tn\/fr\/actualite\/national\/tunisie-reveillon-campagne-contre-l-alcool-au-volant\/218689\/"},"wordCount":188,"commentCount":0,"publisher":{"@id":"https:\/\/www.webdo.tn\/fr\/#organization"},"image":{"@id":"https:\/\/www.webdo.tn\/fr\/actualite\/national\/tunisie-reveillon-campagne-contre-l-alcool-au-volant\/218689\/#primaryimage"},"thumbnailUrl":"https:\/\/www.webdo.tn\/fr\/wp-content\/uploads\/2024\/12\/c555a70418dd3044bb88032d6a459665.webp","keywords":["'Conduite']","alcool","Tunisie"],"articleSection":["National"],"inLanguage":"fr-FR"},{"@type":"WebPage","@id":"https:\/\/www.webdo.tn\/fr\/actualite\/national\/tunisie-reveillon-campagne-contre-l-alcool-au-volant\/218689\/","url":"https:\/\/www.webdo.tn\/fr\/actualite\/national\/tunisie-reveillon-campagne-contre-l-alcool-au-volant\/218689\/","name":"Tunisie \u2013 R\u00e9veillon : Campagne contre l\u2019alcool au volant","isPartOf":{"@id":"https:\/\/www.webdo.tn\/fr\/#website"},"primaryImageOfPage":{"@id":"https:\/\/www.webdo.tn\/fr\/actualite\/national\/tunisie-reveillon-campagne-contre-l-alcool-au-volant\/218689\/#primaryimage"},"image":{"@id":"https:\/\/www.webdo.tn\/fr\/actualite\/national\/tunisie-reveillon-campagne-contre-l-alcool-au-volant\/218689\/#primaryimage"},"thumbnailUrl":"https:\/\/www.webdo.tn\/fr\/wp-content\/uploads\/2024\/12\/c555a70418dd3044bb88032d6a459665.webp","datePublished":"2024-12-30T08:12:00+00:00","dateModified":"2025-05-20T22:22:21+00:00","description":"Mourad Jouini, porte-parole de la campagne, a fait savoir ce lundi 30 d\u00e9cembre 2024, que cette initiative prolonge celle de l\u2019ann\u00e9e pr\u00e9c\u00e9dente, qui a rencontr\u00e9...","breadcrumb":{"@id":"https:\/\/www.webdo.tn\/fr\/actualite\/national\/tunisie-reveillon-campagne-contre-l-alcool-au-volant\/218689\/#breadcrumb"},"inLanguage":"fr-FR","potentialAction":[{"@type":"ReadAction","target":["https:\/\/www.webdo.tn\/fr\/actualite\/national\/tunisie-reveillon-campagne-contre-l-alcool-au-volant\/218689\/"]}]},{"@type":"ImageObject","inLanguage":"fr-FR","@id":"https:\/\/www.webdo.tn\/fr\/actualite\/national\/tunisie-reveillon-campagne-contre-l-alcool-au-volant\/218689\/#primaryimage","url":"https:\/\/www.webdo.tn\/fr\/wp-content\/uploads\/2024\/12\/c555a70418dd3044bb88032d6a459665.webp","contentUrl":"https:\/\/www.webdo.tn\/fr\/wp-content\/uploads\/2024\/12\/c555a70418dd3044bb88032d6a459665.webp","width":750,"height":400,"caption":"Tunisie \u2013 R\u00e9veillon : Campagne contre l\u2019alcool au volant"},{"@type":"BreadcrumbList","@id":"https:\/\/www.webdo.tn\/fr\/actualite\/national\/tunisie-reveillon-campagne-contre-l-alcool-au-volant\/218689\/#breadcrumb","itemListElement":[{"@type":"ListItem","position":1,"name":"Accueil","item":"https:\/\/www.webdo.tn\/fr\/"},{"@type":"ListItem","position":2,"name":"Tunisie \u2013 R\u00e9veillon : Campagne contre l\u2019alcool au volant"}]},{"@type":"WebSite","@id":"https:\/\/www.webdo.tn\/fr\/#website","url":"https:\/\/www.webdo.tn\/fr\/","name":"webdo","description":"Tunisie - News en Tunisie et \u00e0 l&#039;international sur Webdo.tn","publisher":{"@id":"https:\/\/www.webdo.tn\/fr\/#organization"},"potentialAction":[{"@type":"SearchAction","target":{"@type":"EntryPoint","urlTemplate":"https:\/\/www.webdo.tn\/fr\/?s={search_term_string}"},"query-input":{"@type":"PropertyValueSpecification","valueRequired":true,"valueName":"search_term_string"}}],"inLanguage":"fr-FR"},{"@type":"Organization","@id":"https:\/\/www.webdo.tn\/fr\/#organization","name":"Webdo","alternateName":"Webdo.tn","url":"https:\/\/www.webdo.tn\/fr\/","logo":{"@type":"ImageObject","inLanguage":"fr-FR","@id":"https:\/\/www.webdo.tn\/fr\/#\/schema\/logo\/image\/","url":"https:\/\/www.webdo.tn\/fr\/wp-content\/uploads\/2025\/06\/Webdo-Tunisie_168377.jpg","contentUrl":"https:\/\/www.webdo.tn\/fr\/wp-content\/uploads\/2025\/06\/Webdo-Tunisie_168377.jpg","width":301,"height":301,"caption":"Webdo"},"image":{"@id":"https:\/\/www.webdo.tn\/fr\/#\/schema\/logo\/image\/"},"sameAs":["https:\/\/www.facebook.com\/webdotn","https:\/\/x.com\/webdo_tn"],"description":"Webdo est un m\u00e9dia num\u00e9rique tunisien fond\u00e9 en 2010, sp\u00e9cialis\u00e9 dans l\u2019actualit\u00e9 nationale et internationale, l\u2019\u00e9conomie, la soci\u00e9t\u00e9 et les analyses politiques. Le site s\u2019adresse \u00e0 un large public francophone et couvre l\u2019information tunisienne en temps r\u00e9el.","email":"redac@webdo.tn","legalName":"YNJ SARL","foundingDate":"2010-09-06","numberOfEmployees":{"@type":"QuantitativeValue","minValue":"11","maxValue":"50"}},{"@type":"Person","@id":"https:\/\/www.webdo.tn\/fr\/#\/schema\/person\/82ca085b22037d285e1a3c4b65ba5f71","name":"KJ","image":{"@type":"ImageObject","inLanguage":"fr-FR","@id":"https:\/\/secure.gravatar.com\/avatar\/1a1320de1c1971c893f00068f760b4113d69504aa21273da17ee95650c5944fd?s=96&d=mm&r=g","url":"https:\/\/secure.gravatar.com\/avatar\/1a1320de1c1971c893f00068f760b4113d69504aa21273da17ee95650c5944fd?s=96&d=mm&r=g","contentUrl":"https:\/\/secure.gravatar.com\/avatar\/1a1320de1c1971c893f00068f760b4113d69504aa21273da17ee95650c5944fd?s=96&d=mm&r=g","caption":"KJ"},"url":"https:\/\/www.webdo.tn\/fr\/actualite\/author\/kj\/"}]}},"_links":{"self":[{"href":"https:\/\/www.webdo.tn\/fr\/wp-json\/wp\/v2\/posts\/218689","targetHints":{"allow":["GET"]}}],"collection":[{"href":"https:\/\/www.webdo.tn\/fr\/wp-json\/wp\/v2\/posts"}],"about":[{"href":"https:\/\/www.webdo.tn\/fr\/wp-json\/wp\/v2\/types\/post"}],"author":[{"embeddable":true,"href":"https:\/\/www.webdo.tn\/fr\/wp-json\/wp\/v2\/users\/3163"}],"replies":[{"embeddable":true,"href":"https:\/\/www.webdo.tn\/fr\/wp-json\/wp\/v2\/comments?post=218689"}],"version-history":[{"count":0,"href":"https:\/\/www.webdo.tn\/fr\/wp-json\/wp\/v2\/posts\/218689\/revisions"}],"wp:featuredmedia":[{"embeddable":true,"href":"https:\/\/www.webdo.tn\/fr\/wp-json\/wp\/v2\/media\/291614"}],"wp:attachment":[{"href":"https:\/\/www.webdo.tn\/fr\/wp-json\/wp\/v2\/media?parent=218689"}],"wp:term":[{"taxonomy":"category","embeddable":true,"href":"https:\/\/www.webdo.tn\/fr\/wp-json\/wp\/v2\/categories?post=218689"},{"taxonomy":"post_tag","embeddable":true,"href":"https:\/\/www.webdo.tn\/fr\/wp-json\/wp\/v2\/tags?post=218689"}],"curies":[{"name":"wp","href":"https:\/\/api.w.org\/{rel}","templated":true}]}}