{"id":218683,"date":"2024-12-29T11:02:00","date_gmt":"2024-12-29T11:02:00","guid":{"rendered":"https:\/\/www.webdo.tn\/fr\/blog\/tunisie-la-bct-maintient-son-taux-directeur-a-8\/218683\/"},"modified":"2025-05-21T09:08:19","modified_gmt":"2025-05-21T09:08:19","slug":"tunisie-la-bct-maintient-son-taux-directeur-a-8","status":"publish","type":"post","link":"https:\/\/www.webdo.tn\/fr\/actualite\/national\/tunisie-la-bct-maintient-son-taux-directeur-a-8\/218683\/","title":{"rendered":"Tunisie : La BCT maintient son taux directeur \u00e0 8 %"},"content":{"rendered":"<p>La Banque centrale de Tunisie (BCT) a d\u00e9cid\u00e9 de maintenir son taux directeur \u00e0 8 %, une mesure visant \u00e0 garantir la stabilit\u00e9 \u00e9conomique face \u00e0 des incertitudes \u00e9conomiques et inflationnistes persistantes.<\/p>\n<p>\t\t\t\t\t\t\t\t\tCette d\u00e9cision, prise lors de la r\u00e9union de son conseil d\u2019administration le samedi 28 d\u00e9cembre, s\u2019inscrit dans un contexte de gestion prudente des finances publiques et de l\u2019inflation.<\/p>\n<p>Les r\u00e9serves de change se sont stabilis\u00e9es \u00e0 25,6 milliards de dinars (environ 115 jours d\u2019importations) au 26 d\u00e9cembre 2024, bien que l\u00e9g\u00e8rement inf\u00e9rieures aux 26,4 milliards de dinars de l&rsquo;ann\u00e9e pr\u00e9c\u00e9dente. Cette reconstitution des r\u00e9serves a \u00e9t\u00e9 soutenue par une hausse des revenus du travail et des recettes touristiques, malgr\u00e9 un d\u00e9ficit commercial et des d\u00e9penses \u00e9lev\u00e9es li\u00e9es \u00e0 la dette ext\u00e9rieure.<\/p>\n<p>L\u2019inflation a montr\u00e9 des signes de ralentissement, passant de 6,7 % \u00e0 6,6 % en novembre 2024, principalement en raison d\u2019une baisse de l\u2019inflation sous-jacente, en particulier pour l\u2019huile d\u2019olive. Toutefois, la hausse anticip\u00e9e des salaires dans les secteurs public et priv\u00e9 pourrait freiner cette tendance \u00e0 la baisse \u00e0 court terme. Les pr\u00e9visions indiquent que l\u2019inflation devrait diminuer progressivement \u00e0 6,2 % en 2025, mais \u00e0 un rythme plus lent que pr\u00e9vu.<\/p>\n<p>Au niveau international, de nombreuses banques centrales, confront\u00e9es \u00e0 des d\u00e9fis similaires, adoptent une approche prudente vis-\u00e0-vis des ajustements mon\u00e9taires. Cette strat\u00e9gie de maintien des taux directeurs vise \u00e0 \u00e9viter des tensions inflationnistes suppl\u00e9mentaires tout en soutenant une croissance \u00e9conomique mod\u00e9r\u00e9e. En Tunisie, cette politique mon\u00e9taire est essentielle pour assurer un environnement favorable \u00e0 la stabilit\u00e9 financi\u00e8re et \u00e0 la consolidation \u00e9conomique, malgr\u00e9 un contexte global incertain.<\/p>\n","protected":false},"excerpt":{"rendered":"<p>La Banque centrale de Tunisie maintient son taux directeur \u00e0 8 % face \u00e0 des incertitudes \u00e9conomiques et inflationnistes. Les r\u00e9serves de change se stabilisent e&#8230;<\/p>\n","protected":false},"author":3166,"featured_media":291609,"comment_status":"open","ping_status":"closed","sticky":false,"template":"","format":"standard","meta":{"footnotes":""},"categories":[44],"tags":[2807,3154,3492,2608],"class_list":["post-218683","post","type-post","status-publish","format-standard","has-post-thumbnail","hentry","category-national","tag-bct","tag-economie","tag-taux-directeur","tag-tunisie"],"yoast_head":"<!-- This site is optimized with the Yoast SEO Premium plugin v27.4 (Yoast SEO v27.5) - https:\/\/yoast.com\/product\/yoast-seo-premium-wordpress\/ -->\n<title>Tunisie : La BCT maintient son taux directeur \u00e0 8 %<\/title>\n<meta name=\"description\" content=\"La Banque centrale de Tunisie maintient son taux directeur \u00e0 8 % face \u00e0 des incertitudes \u00e9conomiques et inflationnistes. Les r\u00e9serves de change se stabilisent e...\" \/>\n<link rel=\"canonical\" href=\"https:\/\/www.webdo.tn\/fr\/actualite\/national\/tunisie-la-bct-maintient-son-taux-directeur-a-8\/218683\/\" \/>\n<meta property=\"og:locale\" content=\"fr_FR\" \/>\n<meta property=\"og:type\" content=\"article\" \/>\n<meta property=\"og:title\" content=\"Tunisie : La BCT maintient son taux directeur \u00e0 8 %\" \/>\n<meta property=\"og:description\" content=\"La Banque centrale de Tunisie maintient son taux directeur \u00e0 8 % face \u00e0 des incertitudes \u00e9conomiques et inflationnistes. Les r\u00e9serves de change se stabilisent e...\" \/>\n<meta property=\"og:url\" content=\"https:\/\/www.webdo.tn\/fr\/actualite\/national\/tunisie-la-bct-maintient-son-taux-directeur-a-8\/218683\/\" \/>\n<meta property=\"og:site_name\" content=\"webdo\" \/>\n<meta property=\"article:publisher\" content=\"https:\/\/www.facebook.com\/webdotn\" \/>\n<meta property=\"article:published_time\" content=\"2024-12-29T11:02:00+00:00\" \/>\n<meta property=\"article:modified_time\" content=\"2025-05-21T09:08:19+00:00\" \/>\n<meta property=\"og:image\" content=\"https:\/\/www.webdo.tn\/fr\/wp-content\/uploads\/2024\/12\/4806164f17e21c5bfc22243874b2c080.webp\" \/>\n\t<meta property=\"og:image:width\" content=\"648\" \/>\n\t<meta property=\"og:image:height\" content=\"346\" \/>\n\t<meta property=\"og:image:type\" content=\"image\/webp\" \/>\n<meta name=\"author\" content=\"AZ\" \/>\n<meta name=\"twitter:card\" content=\"summary_large_image\" \/>\n<meta name=\"twitter:creator\" content=\"@webdo_tn\" \/>\n<meta name=\"twitter:site\" content=\"@webdo_tn\" \/>\n<meta name=\"twitter:label1\" content=\"\u00c9crit par\" \/>\n\t<meta name=\"twitter:data1\" content=\"AZ\" \/>\n\t<meta name=\"twitter:label2\" content=\"Dur\u00e9e de lecture estim\u00e9e\" \/>\n\t<meta name=\"twitter:data2\" content=\"1 minute\" \/>\n<script type=\"application\/ld+json\" class=\"yoast-schema-graph\">{\"@context\":\"https:\\\/\\\/schema.org\",\"@graph\":[{\"@type\":\"NewsArticle\",\"@id\":\"https:\\\/\\\/www.webdo.tn\\\/fr\\\/actualite\\\/national\\\/tunisie-la-bct-maintient-son-taux-directeur-a-8\\\/218683\\\/#article\",\"isPartOf\":{\"@id\":\"https:\\\/\\\/www.webdo.tn\\\/fr\\\/actualite\\\/national\\\/tunisie-la-bct-maintient-son-taux-directeur-a-8\\\/218683\\\/\"},\"author\":{\"name\":\"AZ\",\"@id\":\"https:\\\/\\\/www.webdo.tn\\\/fr\\\/#\\\/schema\\\/person\\\/b8a41c04d93287d375510db360906b34\"},\"headline\":\"Tunisie : La BCT maintient son taux directeur \u00e0 8 %\",\"datePublished\":\"2024-12-29T11:02:00+00:00\",\"dateModified\":\"2025-05-21T09:08:19+00:00\",\"mainEntityOfPage\":{\"@id\":\"https:\\\/\\\/www.webdo.tn\\\/fr\\\/actualite\\\/national\\\/tunisie-la-bct-maintient-son-taux-directeur-a-8\\\/218683\\\/\"},\"wordCount\":283,\"commentCount\":0,\"publisher\":{\"@id\":\"https:\\\/\\\/www.webdo.tn\\\/fr\\\/#organization\"},\"image\":{\"@id\":\"https:\\\/\\\/www.webdo.tn\\\/fr\\\/actualite\\\/national\\\/tunisie-la-bct-maintient-son-taux-directeur-a-8\\\/218683\\\/#primaryimage\"},\"thumbnailUrl\":\"https:\\\/\\\/www.webdo.tn\\\/fr\\\/wp-content\\\/uploads\\\/2024\\\/12\\\/4806164f17e21c5bfc22243874b2c080.webp\",\"keywords\":[\"BCT\",\"\u00e9conomie\",\"taux directeur\",\"Tunisie\"],\"articleSection\":[\"National\"],\"inLanguage\":\"fr-FR\"},{\"@type\":\"WebPage\",\"@id\":\"https:\\\/\\\/www.webdo.tn\\\/fr\\\/actualite\\\/national\\\/tunisie-la-bct-maintient-son-taux-directeur-a-8\\\/218683\\\/\",\"url\":\"https:\\\/\\\/www.webdo.tn\\\/fr\\\/actualite\\\/national\\\/tunisie-la-bct-maintient-son-taux-directeur-a-8\\\/218683\\\/\",\"name\":\"Tunisie : La BCT maintient son taux directeur \u00e0 8 %\",\"isPartOf\":{\"@id\":\"https:\\\/\\\/www.webdo.tn\\\/fr\\\/#website\"},\"primaryImageOfPage\":{\"@id\":\"https:\\\/\\\/www.webdo.tn\\\/fr\\\/actualite\\\/national\\\/tunisie-la-bct-maintient-son-taux-directeur-a-8\\\/218683\\\/#primaryimage\"},\"image\":{\"@id\":\"https:\\\/\\\/www.webdo.tn\\\/fr\\\/actualite\\\/national\\\/tunisie-la-bct-maintient-son-taux-directeur-a-8\\\/218683\\\/#primaryimage\"},\"thumbnailUrl\":\"https:\\\/\\\/www.webdo.tn\\\/fr\\\/wp-content\\\/uploads\\\/2024\\\/12\\\/4806164f17e21c5bfc22243874b2c080.webp\",\"datePublished\":\"2024-12-29T11:02:00+00:00\",\"dateModified\":\"2025-05-21T09:08:19+00:00\",\"description\":\"La Banque centrale de Tunisie maintient son taux directeur \u00e0 8 % face \u00e0 des incertitudes \u00e9conomiques et inflationnistes. Les r\u00e9serves de change se stabilisent e...\",\"breadcrumb\":{\"@id\":\"https:\\\/\\\/www.webdo.tn\\\/fr\\\/actualite\\\/national\\\/tunisie-la-bct-maintient-son-taux-directeur-a-8\\\/218683\\\/#breadcrumb\"},\"inLanguage\":\"fr-FR\",\"potentialAction\":[{\"@type\":\"ReadAction\",\"target\":[\"https:\\\/\\\/www.webdo.tn\\\/fr\\\/actualite\\\/national\\\/tunisie-la-bct-maintient-son-taux-directeur-a-8\\\/218683\\\/\"]}]},{\"@type\":\"ImageObject\",\"inLanguage\":\"fr-FR\",\"@id\":\"https:\\\/\\\/www.webdo.tn\\\/fr\\\/actualite\\\/national\\\/tunisie-la-bct-maintient-son-taux-directeur-a-8\\\/218683\\\/#primaryimage\",\"url\":\"https:\\\/\\\/www.webdo.tn\\\/fr\\\/wp-content\\\/uploads\\\/2024\\\/12\\\/4806164f17e21c5bfc22243874b2c080.webp\",\"contentUrl\":\"https:\\\/\\\/www.webdo.tn\\\/fr\\\/wp-content\\\/uploads\\\/2024\\\/12\\\/4806164f17e21c5bfc22243874b2c080.webp\",\"width\":648,\"height\":346,\"caption\":\"Tunisie : La BCT maintient son taux directeur \u00e0 8 %\"},{\"@type\":\"BreadcrumbList\",\"@id\":\"https:\\\/\\\/www.webdo.tn\\\/fr\\\/actualite\\\/national\\\/tunisie-la-bct-maintient-son-taux-directeur-a-8\\\/218683\\\/#breadcrumb\",\"itemListElement\":[{\"@type\":\"ListItem\",\"position\":1,\"name\":\"Accueil\",\"item\":\"https:\\\/\\\/www.webdo.tn\\\/fr\\\/\"},{\"@type\":\"ListItem\",\"position\":2,\"name\":\"Tunisie : La BCT maintient son taux directeur \u00e0 8 %\"}]},{\"@type\":\"WebSite\",\"@id\":\"https:\\\/\\\/www.webdo.tn\\\/fr\\\/#website\",\"url\":\"https:\\\/\\\/www.webdo.tn\\\/fr\\\/\",\"name\":\"webdo\",\"description\":\"Tunisie - News en Tunisie et \u00e0 l&#039;international sur Webdo.tn\",\"publisher\":{\"@id\":\"https:\\\/\\\/www.webdo.tn\\\/fr\\\/#organization\"},\"potentialAction\":[{\"@type\":\"SearchAction\",\"target\":{\"@type\":\"EntryPoint\",\"urlTemplate\":\"https:\\\/\\\/www.webdo.tn\\\/fr\\\/?s={search_term_string}\"},\"query-input\":{\"@type\":\"PropertyValueSpecification\",\"valueRequired\":true,\"valueName\":\"search_term_string\"}}],\"inLanguage\":\"fr-FR\"},{\"@type\":\"Organization\",\"@id\":\"https:\\\/\\\/www.webdo.tn\\\/fr\\\/#organization\",\"name\":\"Webdo\",\"alternateName\":\"Webdo.tn\",\"url\":\"https:\\\/\\\/www.webdo.tn\\\/fr\\\/\",\"logo\":{\"@type\":\"ImageObject\",\"inLanguage\":\"fr-FR\",\"@id\":\"https:\\\/\\\/www.webdo.tn\\\/fr\\\/#\\\/schema\\\/logo\\\/image\\\/\",\"url\":\"https:\\\/\\\/www.webdo.tn\\\/fr\\\/wp-content\\\/uploads\\\/2025\\\/06\\\/Webdo-Tunisie_168377.jpg\",\"contentUrl\":\"https:\\\/\\\/www.webdo.tn\\\/fr\\\/wp-content\\\/uploads\\\/2025\\\/06\\\/Webdo-Tunisie_168377.jpg\",\"width\":301,\"height\":301,\"caption\":\"Webdo\"},\"image\":{\"@id\":\"https:\\\/\\\/www.webdo.tn\\\/fr\\\/#\\\/schema\\\/logo\\\/image\\\/\"},\"sameAs\":[\"https:\\\/\\\/www.facebook.com\\\/webdotn\",\"https:\\\/\\\/x.com\\\/webdo_tn\"],\"description\":\"Webdo est un m\u00e9dia num\u00e9rique tunisien fond\u00e9 en 2010, sp\u00e9cialis\u00e9 dans l\u2019actualit\u00e9 nationale et internationale, l\u2019\u00e9conomie, la soci\u00e9t\u00e9 et les analyses politiques. Le site s\u2019adresse \u00e0 un large public francophone et couvre l\u2019information tunisienne en temps r\u00e9el.\",\"email\":\"redac@webdo.tn\",\"legalName\":\"YNJ SARL\",\"foundingDate\":\"2010-09-06\",\"numberOfEmployees\":{\"@type\":\"QuantitativeValue\",\"minValue\":\"11\",\"maxValue\":\"50\"}},{\"@type\":\"Person\",\"@id\":\"https:\\\/\\\/www.webdo.tn\\\/fr\\\/#\\\/schema\\\/person\\\/b8a41c04d93287d375510db360906b34\",\"name\":\"AZ\",\"image\":{\"@type\":\"ImageObject\",\"inLanguage\":\"fr-FR\",\"@id\":\"https:\\\/\\\/secure.gravatar.com\\\/avatar\\\/492b80bada79439de4201dce15cd41eece6c277cfdf1b53382073c79105c1f89?s=96&d=mm&r=g\",\"url\":\"https:\\\/\\\/secure.gravatar.com\\\/avatar\\\/492b80bada79439de4201dce15cd41eece6c277cfdf1b53382073c79105c1f89?s=96&d=mm&r=g\",\"contentUrl\":\"https:\\\/\\\/secure.gravatar.com\\\/avatar\\\/492b80bada79439de4201dce15cd41eece6c277cfdf1b53382073c79105c1f89?s=96&d=mm&r=g\",\"caption\":\"AZ\"},\"url\":\"https:\\\/\\\/www.webdo.tn\\\/fr\\\/actualite\\\/author\\\/az\\\/\"}]}<\/script>\n<!-- \/ Yoast SEO Premium plugin. -->","yoast_head_json":{"title":"Tunisie : La BCT maintient son taux directeur \u00e0 8 %","description":"La Banque centrale de Tunisie maintient son taux directeur \u00e0 8 % face \u00e0 des incertitudes \u00e9conomiques et inflationnistes. Les r\u00e9serves de change se stabilisent e...","canonical":"https:\/\/www.webdo.tn\/fr\/actualite\/national\/tunisie-la-bct-maintient-son-taux-directeur-a-8\/218683\/","og_locale":"fr_FR","og_type":"article","og_title":"Tunisie : La BCT maintient son taux directeur \u00e0 8 %","og_description":"La Banque centrale de Tunisie maintient son taux directeur \u00e0 8 % face \u00e0 des incertitudes \u00e9conomiques et inflationnistes. Les r\u00e9serves de change se stabilisent e...","og_url":"https:\/\/www.webdo.tn\/fr\/actualite\/national\/tunisie-la-bct-maintient-son-taux-directeur-a-8\/218683\/","og_site_name":"webdo","article_publisher":"https:\/\/www.facebook.com\/webdotn","article_published_time":"2024-12-29T11:02:00+00:00","article_modified_time":"2025-05-21T09:08:19+00:00","og_image":[{"width":648,"height":346,"url":"https:\/\/www.webdo.tn\/fr\/wp-content\/uploads\/2024\/12\/4806164f17e21c5bfc22243874b2c080.webp","type":"image\/webp"}],"author":"AZ","twitter_card":"summary_large_image","twitter_creator":"@webdo_tn","twitter_site":"@webdo_tn","twitter_misc":{"\u00c9crit par":"AZ","Dur\u00e9e de lecture estim\u00e9e":"1 minute"},"schema":{"@context":"https:\/\/schema.org","@graph":[{"@type":"NewsArticle","@id":"https:\/\/www.webdo.tn\/fr\/actualite\/national\/tunisie-la-bct-maintient-son-taux-directeur-a-8\/218683\/#article","isPartOf":{"@id":"https:\/\/www.webdo.tn\/fr\/actualite\/national\/tunisie-la-bct-maintient-son-taux-directeur-a-8\/218683\/"},"author":{"name":"AZ","@id":"https:\/\/www.webdo.tn\/fr\/#\/schema\/person\/b8a41c04d93287d375510db360906b34"},"headline":"Tunisie : La BCT maintient son taux directeur \u00e0 8 %","datePublished":"2024-12-29T11:02:00+00:00","dateModified":"2025-05-21T09:08:19+00:00","mainEntityOfPage":{"@id":"https:\/\/www.webdo.tn\/fr\/actualite\/national\/tunisie-la-bct-maintient-son-taux-directeur-a-8\/218683\/"},"wordCount":283,"commentCount":0,"publisher":{"@id":"https:\/\/www.webdo.tn\/fr\/#organization"},"image":{"@id":"https:\/\/www.webdo.tn\/fr\/actualite\/national\/tunisie-la-bct-maintient-son-taux-directeur-a-8\/218683\/#primaryimage"},"thumbnailUrl":"https:\/\/www.webdo.tn\/fr\/wp-content\/uploads\/2024\/12\/4806164f17e21c5bfc22243874b2c080.webp","keywords":["BCT","\u00e9conomie","taux directeur","Tunisie"],"articleSection":["National"],"inLanguage":"fr-FR"},{"@type":"WebPage","@id":"https:\/\/www.webdo.tn\/fr\/actualite\/national\/tunisie-la-bct-maintient-son-taux-directeur-a-8\/218683\/","url":"https:\/\/www.webdo.tn\/fr\/actualite\/national\/tunisie-la-bct-maintient-son-taux-directeur-a-8\/218683\/","name":"Tunisie : La BCT maintient son taux directeur \u00e0 8 %","isPartOf":{"@id":"https:\/\/www.webdo.tn\/fr\/#website"},"primaryImageOfPage":{"@id":"https:\/\/www.webdo.tn\/fr\/actualite\/national\/tunisie-la-bct-maintient-son-taux-directeur-a-8\/218683\/#primaryimage"},"image":{"@id":"https:\/\/www.webdo.tn\/fr\/actualite\/national\/tunisie-la-bct-maintient-son-taux-directeur-a-8\/218683\/#primaryimage"},"thumbnailUrl":"https:\/\/www.webdo.tn\/fr\/wp-content\/uploads\/2024\/12\/4806164f17e21c5bfc22243874b2c080.webp","datePublished":"2024-12-29T11:02:00+00:00","dateModified":"2025-05-21T09:08:19+00:00","description":"La Banque centrale de Tunisie maintient son taux directeur \u00e0 8 % face \u00e0 des incertitudes \u00e9conomiques et inflationnistes. Les r\u00e9serves de change se stabilisent e...","breadcrumb":{"@id":"https:\/\/www.webdo.tn\/fr\/actualite\/national\/tunisie-la-bct-maintient-son-taux-directeur-a-8\/218683\/#breadcrumb"},"inLanguage":"fr-FR","potentialAction":[{"@type":"ReadAction","target":["https:\/\/www.webdo.tn\/fr\/actualite\/national\/tunisie-la-bct-maintient-son-taux-directeur-a-8\/218683\/"]}]},{"@type":"ImageObject","inLanguage":"fr-FR","@id":"https:\/\/www.webdo.tn\/fr\/actualite\/national\/tunisie-la-bct-maintient-son-taux-directeur-a-8\/218683\/#primaryimage","url":"https:\/\/www.webdo.tn\/fr\/wp-content\/uploads\/2024\/12\/4806164f17e21c5bfc22243874b2c080.webp","contentUrl":"https:\/\/www.webdo.tn\/fr\/wp-content\/uploads\/2024\/12\/4806164f17e21c5bfc22243874b2c080.webp","width":648,"height":346,"caption":"Tunisie : La BCT maintient son taux directeur \u00e0 8 %"},{"@type":"BreadcrumbList","@id":"https:\/\/www.webdo.tn\/fr\/actualite\/national\/tunisie-la-bct-maintient-son-taux-directeur-a-8\/218683\/#breadcrumb","itemListElement":[{"@type":"ListItem","position":1,"name":"Accueil","item":"https:\/\/www.webdo.tn\/fr\/"},{"@type":"ListItem","position":2,"name":"Tunisie : La BCT maintient son taux directeur \u00e0 8 %"}]},{"@type":"WebSite","@id":"https:\/\/www.webdo.tn\/fr\/#website","url":"https:\/\/www.webdo.tn\/fr\/","name":"webdo","description":"Tunisie - News en Tunisie et \u00e0 l&#039;international sur Webdo.tn","publisher":{"@id":"https:\/\/www.webdo.tn\/fr\/#organization"},"potentialAction":[{"@type":"SearchAction","target":{"@type":"EntryPoint","urlTemplate":"https:\/\/www.webdo.tn\/fr\/?s={search_term_string}"},"query-input":{"@type":"PropertyValueSpecification","valueRequired":true,"valueName":"search_term_string"}}],"inLanguage":"fr-FR"},{"@type":"Organization","@id":"https:\/\/www.webdo.tn\/fr\/#organization","name":"Webdo","alternateName":"Webdo.tn","url":"https:\/\/www.webdo.tn\/fr\/","logo":{"@type":"ImageObject","inLanguage":"fr-FR","@id":"https:\/\/www.webdo.tn\/fr\/#\/schema\/logo\/image\/","url":"https:\/\/www.webdo.tn\/fr\/wp-content\/uploads\/2025\/06\/Webdo-Tunisie_168377.jpg","contentUrl":"https:\/\/www.webdo.tn\/fr\/wp-content\/uploads\/2025\/06\/Webdo-Tunisie_168377.jpg","width":301,"height":301,"caption":"Webdo"},"image":{"@id":"https:\/\/www.webdo.tn\/fr\/#\/schema\/logo\/image\/"},"sameAs":["https:\/\/www.facebook.com\/webdotn","https:\/\/x.com\/webdo_tn"],"description":"Webdo est un m\u00e9dia num\u00e9rique tunisien fond\u00e9 en 2010, sp\u00e9cialis\u00e9 dans l\u2019actualit\u00e9 nationale et internationale, l\u2019\u00e9conomie, la soci\u00e9t\u00e9 et les analyses politiques. Le site s\u2019adresse \u00e0 un large public francophone et couvre l\u2019information tunisienne en temps r\u00e9el.","email":"redac@webdo.tn","legalName":"YNJ SARL","foundingDate":"2010-09-06","numberOfEmployees":{"@type":"QuantitativeValue","minValue":"11","maxValue":"50"}},{"@type":"Person","@id":"https:\/\/www.webdo.tn\/fr\/#\/schema\/person\/b8a41c04d93287d375510db360906b34","name":"AZ","image":{"@type":"ImageObject","inLanguage":"fr-FR","@id":"https:\/\/secure.gravatar.com\/avatar\/492b80bada79439de4201dce15cd41eece6c277cfdf1b53382073c79105c1f89?s=96&d=mm&r=g","url":"https:\/\/secure.gravatar.com\/avatar\/492b80bada79439de4201dce15cd41eece6c277cfdf1b53382073c79105c1f89?s=96&d=mm&r=g","contentUrl":"https:\/\/secure.gravatar.com\/avatar\/492b80bada79439de4201dce15cd41eece6c277cfdf1b53382073c79105c1f89?s=96&d=mm&r=g","caption":"AZ"},"url":"https:\/\/www.webdo.tn\/fr\/actualite\/author\/az\/"}]}},"_links":{"self":[{"href":"https:\/\/www.webdo.tn\/fr\/wp-json\/wp\/v2\/posts\/218683","targetHints":{"allow":["GET"]}}],"collection":[{"href":"https:\/\/www.webdo.tn\/fr\/wp-json\/wp\/v2\/posts"}],"about":[{"href":"https:\/\/www.webdo.tn\/fr\/wp-json\/wp\/v2\/types\/post"}],"author":[{"embeddable":true,"href":"https:\/\/www.webdo.tn\/fr\/wp-json\/wp\/v2\/users\/3166"}],"replies":[{"embeddable":true,"href":"https:\/\/www.webdo.tn\/fr\/wp-json\/wp\/v2\/comments?post=218683"}],"version-history":[{"count":0,"href":"https:\/\/www.webdo.tn\/fr\/wp-json\/wp\/v2\/posts\/218683\/revisions"}],"wp:featuredmedia":[{"embeddable":true,"href":"https:\/\/www.webdo.tn\/fr\/wp-json\/wp\/v2\/media\/291609"}],"wp:attachment":[{"href":"https:\/\/www.webdo.tn\/fr\/wp-json\/wp\/v2\/media?parent=218683"}],"wp:term":[{"taxonomy":"category","embeddable":true,"href":"https:\/\/www.webdo.tn\/fr\/wp-json\/wp\/v2\/categories?post=218683"},{"taxonomy":"post_tag","embeddable":true,"href":"https:\/\/www.webdo.tn\/fr\/wp-json\/wp\/v2\/tags?post=218683"}],"curies":[{"name":"wp","href":"https:\/\/api.w.org\/{rel}","templated":true}]}}