{"id":218681,"date":"2024-12-29T10:21:00","date_gmt":"2024-12-29T10:21:00","guid":{"rendered":"https:\/\/www.webdo.tn\/fr\/blog\/2024\/12\/29\/crash-meurtrier-d-un-avion-en-coree-du-sud-167-morts-confirmes\/"},"modified":"2025-05-21T09:01:09","modified_gmt":"2025-05-21T09:01:09","slug":"crash-meurtrier-d-un-avion-en-coree-du-sud-167-morts-confirmes","status":"publish","type":"post","link":"https:\/\/www.webdo.tn\/fr\/actualite\/international\/crash-meurtrier-d-un-avion-en-coree-du-sud-167-morts-confirmes\/218681\/","title":{"rendered":"Crash meurtrier en Cor\u00e9e du Sud : 174 morts confirm\u00e9s"},"content":{"rendered":"<p>Dimanche matin, un avion de la compagnie Jeju Air en provenance de Bangkok s\u2019est \u00e9cras\u00e9 \u00e0 l\u2019a\u00e9roport de Muan, causant un incendie d\u00e9vastateur. Parmi les 181 occupants, 174 ont perdu la vie, tandis que deux membres d\u2019\u00e9quipage ont surv\u00e9cu.<\/p>\n<p>\t\t\t\t\t\t\t\t\tLe Boeing 737-8AS aurait percut\u00e9 un mur en b\u00e9ton en bout de piste apr\u00e8s avoir tent\u00e9 un atterrissage d\u2019urgence sans son train d\u2019atterrissage, vraisemblablement \u00e0 cause d\u2019une collision avec des oiseaux. Les autorit\u00e9s locales \u00e9voquent \u00e9galement des conditions m\u00e9t\u00e9orologiques d\u00e9favorables qui auraient pu aggraver la situation. Une enqu\u00eate conjointe a \u00e9t\u00e9 ouverte pour d\u00e9terminer avec pr\u00e9cision les causes de l\u2019accident.<\/p>\n<p>Des images partag\u00e9es sur les r\u00e9seaux sociaux montrent l\u2019appareil en flammes, entour\u00e9 de v\u00e9hicules de secours. La carcasse de l\u2019avion, presque enti\u00e8rement calcin\u00e9e, rend difficile l\u2019identification des victimes. \u00ab\u00a0Les passagers ont \u00e9t\u00e9 \u00e9ject\u00e9s lors de la collision, ce qui a r\u00e9duit leurs chances de survie\u00a0\u00bb, a expliqu\u00e9 un responsable des pompiers.<\/p>\n<p>Une gestion de crise imm\u00e9diate<\/p>\n<p>Le pr\u00e9sident sud-cor\u00e9en par int\u00e9rim, Choi Sang-mok, a convoqu\u00e9 une r\u00e9union d\u2019urgence et mobilis\u00e9 toutes les ressources disponibles pour les op\u00e9rations de secours. Par ailleurs, les vols \u00e0 destination et en provenance de l\u2019a\u00e9roport de Muan ont \u00e9t\u00e9 suspendus jusqu\u2019\u00e0 nouvel ordre.<\/p>\n<p>Une compagnie a\u00e9rienne sous pression<\/p>\n<p>La compagnie Jeju Air a exprim\u00e9 ses condol\u00e9ances dans un communiqu\u00e9, affirmant sa volont\u00e9 de collaborer pleinement aux investigations. Cet accident intervient alors que l\u2019entreprise, connue pour ses vols \u00e0 bas co\u00fbt, avait r\u00e9cemment fait l\u2019objet de critiques sur la maintenance de ses appareils.<\/p>\n<p>Un contexte politique tendu<\/p>\n<p>Cette catastrophe survient dans un climat politique d\u00e9j\u00e0 fragilis\u00e9 en Cor\u00e9e du Sud, marqu\u00e9 par des tensions au sein du gouvernement. Les r\u00e9actions publiques pourraient influencer la gestion de cette crise par les autorit\u00e9s.<\/p>\n<p>Alors que les op\u00e9rations de secours se poursuivent, les familles des victimes attendent des r\u00e9ponses sur les circonstances exactes de cet accident tragique.<\/p>\n","protected":false},"excerpt":{"rendered":"<p>Un avion s\u2019\u00e9crase \u00e0 Muan en Cor\u00e9e du Sud, causant la mort de 174 personnes. Les autorit\u00e9s enqu\u00eatent sur les circonstances de cette trag\u00e9die a\u00e9rienne.<\/p>\n","protected":false},"author":3166,"featured_media":243184,"comment_status":"open","ping_status":"open","sticky":false,"template":"","format":"standard","meta":{"footnotes":""},"categories":[2598],"tags":[4593,3869,4592,4594],"class_list":["post-218681","post","type-post","status-publish","format-standard","has-post-thumbnail","hentry","category-international","tag-boeing-737","tag-coree-du-sud","tag-crash","tag-muan"],"yoast_head":"<!-- This site is optimized with the Yoast SEO Premium plugin v27.4 (Yoast SEO v27.5) - https:\/\/yoast.com\/product\/yoast-seo-premium-wordpress\/ -->\n<title>Crash meurtrier en Cor\u00e9e du Sud : 174 morts confirm\u00e9s<\/title>\n<meta name=\"description\" content=\"Un avion s\u2019\u00e9crase \u00e0 Muan en Cor\u00e9e du Sud, causant la mort de 174 personnes. Les autorit\u00e9s enqu\u00eatent sur les circonstances de cette trag\u00e9die a\u00e9rienne.\" \/>\n<link rel=\"canonical\" href=\"https:\/\/www.webdo.tn\/fr\/actualite\/international\/crash-meurtrier-d-un-avion-en-coree-du-sud-167-morts-confirmes\/218681\/\" \/>\n<meta property=\"og:locale\" content=\"fr_FR\" \/>\n<meta property=\"og:type\" content=\"article\" \/>\n<meta property=\"og:title\" content=\"Crash meurtrier en Cor\u00e9e du Sud : 174 morts confirm\u00e9s\" \/>\n<meta property=\"og:description\" content=\"Un avion s\u2019\u00e9crase \u00e0 Muan en Cor\u00e9e du Sud, causant la mort de 174 personnes. Les autorit\u00e9s enqu\u00eatent sur les circonstances de cette trag\u00e9die a\u00e9rienne.\" \/>\n<meta property=\"og:url\" content=\"https:\/\/www.webdo.tn\/fr\/actualite\/international\/crash-meurtrier-d-un-avion-en-coree-du-sud-167-morts-confirmes\/218681\/\" \/>\n<meta property=\"og:site_name\" content=\"webdo\" \/>\n<meta property=\"article:publisher\" content=\"https:\/\/www.facebook.com\/webdotn\" \/>\n<meta property=\"article:published_time\" content=\"2024-12-29T10:21:00+00:00\" \/>\n<meta property=\"article:modified_time\" content=\"2025-05-21T09:01:09+00:00\" \/>\n<meta property=\"og:image\" content=\"https:\/\/www.webdo.tn\/fr\/wp-content\/uploads\/2025\/05\/36e4ab94a4fe39c9d732fe24d1db648f-2.webp\" \/>\n\t<meta property=\"og:image:width\" content=\"750\" \/>\n\t<meta property=\"og:image:height\" content=\"400\" \/>\n\t<meta property=\"og:image:type\" content=\"image\/webp\" \/>\n<meta name=\"author\" content=\"AZ\" \/>\n<meta name=\"twitter:card\" content=\"summary_large_image\" \/>\n<meta name=\"twitter:creator\" content=\"@webdo_tn\" \/>\n<meta name=\"twitter:site\" content=\"@webdo_tn\" \/>\n<meta name=\"twitter:label1\" content=\"\u00c9crit par\" \/>\n\t<meta name=\"twitter:data1\" content=\"AZ\" \/>\n\t<meta name=\"twitter:label2\" content=\"Dur\u00e9e de lecture estim\u00e9e\" \/>\n\t<meta name=\"twitter:data2\" content=\"2 minutes\" \/>\n<script type=\"application\/ld+json\" class=\"yoast-schema-graph\">{\"@context\":\"https:\\\/\\\/schema.org\",\"@graph\":[{\"@type\":\"NewsArticle\",\"@id\":\"https:\\\/\\\/www.webdo.tn\\\/fr\\\/actualite\\\/international\\\/crash-meurtrier-d-un-avion-en-coree-du-sud-167-morts-confirmes\\\/218681\\\/#article\",\"isPartOf\":{\"@id\":\"https:\\\/\\\/www.webdo.tn\\\/fr\\\/actualite\\\/international\\\/crash-meurtrier-d-un-avion-en-coree-du-sud-167-morts-confirmes\\\/218681\\\/\"},\"author\":{\"name\":\"AZ\",\"@id\":\"https:\\\/\\\/www.webdo.tn\\\/fr\\\/#\\\/schema\\\/person\\\/b8a41c04d93287d375510db360906b34\"},\"headline\":\"Crash meurtrier en Cor\u00e9e du Sud : 174 morts confirm\u00e9s\",\"datePublished\":\"2024-12-29T10:21:00+00:00\",\"dateModified\":\"2025-05-21T09:01:09+00:00\",\"mainEntityOfPage\":{\"@id\":\"https:\\\/\\\/www.webdo.tn\\\/fr\\\/actualite\\\/international\\\/crash-meurtrier-d-un-avion-en-coree-du-sud-167-morts-confirmes\\\/218681\\\/\"},\"wordCount\":362,\"commentCount\":0,\"publisher\":{\"@id\":\"https:\\\/\\\/www.webdo.tn\\\/fr\\\/#organization\"},\"image\":{\"@id\":\"https:\\\/\\\/www.webdo.tn\\\/fr\\\/actualite\\\/international\\\/crash-meurtrier-d-un-avion-en-coree-du-sud-167-morts-confirmes\\\/218681\\\/#primaryimage\"},\"thumbnailUrl\":\"https:\\\/\\\/www.webdo.tn\\\/fr\\\/wp-content\\\/uploads\\\/2025\\\/05\\\/36e4ab94a4fe39c9d732fe24d1db648f-2.webp\",\"keywords\":[\"Boeing 737\",\"Cor\u00e9e du Sud\",\"crash\",\"Muan\"],\"articleSection\":[\"International\"],\"inLanguage\":\"fr-FR\"},{\"@type\":\"WebPage\",\"@id\":\"https:\\\/\\\/www.webdo.tn\\\/fr\\\/actualite\\\/international\\\/crash-meurtrier-d-un-avion-en-coree-du-sud-167-morts-confirmes\\\/218681\\\/\",\"url\":\"https:\\\/\\\/www.webdo.tn\\\/fr\\\/actualite\\\/international\\\/crash-meurtrier-d-un-avion-en-coree-du-sud-167-morts-confirmes\\\/218681\\\/\",\"name\":\"Crash meurtrier en Cor\u00e9e du Sud : 174 morts confirm\u00e9s\",\"isPartOf\":{\"@id\":\"https:\\\/\\\/www.webdo.tn\\\/fr\\\/#website\"},\"primaryImageOfPage\":{\"@id\":\"https:\\\/\\\/www.webdo.tn\\\/fr\\\/actualite\\\/international\\\/crash-meurtrier-d-un-avion-en-coree-du-sud-167-morts-confirmes\\\/218681\\\/#primaryimage\"},\"image\":{\"@id\":\"https:\\\/\\\/www.webdo.tn\\\/fr\\\/actualite\\\/international\\\/crash-meurtrier-d-un-avion-en-coree-du-sud-167-morts-confirmes\\\/218681\\\/#primaryimage\"},\"thumbnailUrl\":\"https:\\\/\\\/www.webdo.tn\\\/fr\\\/wp-content\\\/uploads\\\/2025\\\/05\\\/36e4ab94a4fe39c9d732fe24d1db648f-2.webp\",\"datePublished\":\"2024-12-29T10:21:00+00:00\",\"dateModified\":\"2025-05-21T09:01:09+00:00\",\"description\":\"Un avion s\u2019\u00e9crase \u00e0 Muan en Cor\u00e9e du Sud, causant la mort de 174 personnes. Les autorit\u00e9s enqu\u00eatent sur les circonstances de cette trag\u00e9die a\u00e9rienne.\",\"breadcrumb\":{\"@id\":\"https:\\\/\\\/www.webdo.tn\\\/fr\\\/actualite\\\/international\\\/crash-meurtrier-d-un-avion-en-coree-du-sud-167-morts-confirmes\\\/218681\\\/#breadcrumb\"},\"inLanguage\":\"fr-FR\",\"potentialAction\":[{\"@type\":\"ReadAction\",\"target\":[\"https:\\\/\\\/www.webdo.tn\\\/fr\\\/actualite\\\/international\\\/crash-meurtrier-d-un-avion-en-coree-du-sud-167-morts-confirmes\\\/218681\\\/\"]}]},{\"@type\":\"ImageObject\",\"inLanguage\":\"fr-FR\",\"@id\":\"https:\\\/\\\/www.webdo.tn\\\/fr\\\/actualite\\\/international\\\/crash-meurtrier-d-un-avion-en-coree-du-sud-167-morts-confirmes\\\/218681\\\/#primaryimage\",\"url\":\"https:\\\/\\\/www.webdo.tn\\\/fr\\\/wp-content\\\/uploads\\\/2025\\\/05\\\/36e4ab94a4fe39c9d732fe24d1db648f-2.webp\",\"contentUrl\":\"https:\\\/\\\/www.webdo.tn\\\/fr\\\/wp-content\\\/uploads\\\/2025\\\/05\\\/36e4ab94a4fe39c9d732fe24d1db648f-2.webp\",\"width\":750,\"height\":400},{\"@type\":\"BreadcrumbList\",\"@id\":\"https:\\\/\\\/www.webdo.tn\\\/fr\\\/actualite\\\/international\\\/crash-meurtrier-d-un-avion-en-coree-du-sud-167-morts-confirmes\\\/218681\\\/#breadcrumb\",\"itemListElement\":[{\"@type\":\"ListItem\",\"position\":1,\"name\":\"Accueil\",\"item\":\"https:\\\/\\\/www.webdo.tn\\\/fr\\\/\"},{\"@type\":\"ListItem\",\"position\":2,\"name\":\"Crash meurtrier en Cor\u00e9e du Sud : 174 morts confirm\u00e9s\"}]},{\"@type\":\"WebSite\",\"@id\":\"https:\\\/\\\/www.webdo.tn\\\/fr\\\/#website\",\"url\":\"https:\\\/\\\/www.webdo.tn\\\/fr\\\/\",\"name\":\"webdo\",\"description\":\"Tunisie - News en Tunisie et \u00e0 l&#039;international sur Webdo.tn\",\"publisher\":{\"@id\":\"https:\\\/\\\/www.webdo.tn\\\/fr\\\/#organization\"},\"potentialAction\":[{\"@type\":\"SearchAction\",\"target\":{\"@type\":\"EntryPoint\",\"urlTemplate\":\"https:\\\/\\\/www.webdo.tn\\\/fr\\\/?s={search_term_string}\"},\"query-input\":{\"@type\":\"PropertyValueSpecification\",\"valueRequired\":true,\"valueName\":\"search_term_string\"}}],\"inLanguage\":\"fr-FR\"},{\"@type\":\"Organization\",\"@id\":\"https:\\\/\\\/www.webdo.tn\\\/fr\\\/#organization\",\"name\":\"Webdo\",\"alternateName\":\"Webdo.tn\",\"url\":\"https:\\\/\\\/www.webdo.tn\\\/fr\\\/\",\"logo\":{\"@type\":\"ImageObject\",\"inLanguage\":\"fr-FR\",\"@id\":\"https:\\\/\\\/www.webdo.tn\\\/fr\\\/#\\\/schema\\\/logo\\\/image\\\/\",\"url\":\"https:\\\/\\\/www.webdo.tn\\\/fr\\\/wp-content\\\/uploads\\\/2025\\\/06\\\/Webdo-Tunisie_168377.jpg\",\"contentUrl\":\"https:\\\/\\\/www.webdo.tn\\\/fr\\\/wp-content\\\/uploads\\\/2025\\\/06\\\/Webdo-Tunisie_168377.jpg\",\"width\":301,\"height\":301,\"caption\":\"Webdo\"},\"image\":{\"@id\":\"https:\\\/\\\/www.webdo.tn\\\/fr\\\/#\\\/schema\\\/logo\\\/image\\\/\"},\"sameAs\":[\"https:\\\/\\\/www.facebook.com\\\/webdotn\",\"https:\\\/\\\/x.com\\\/webdo_tn\"],\"description\":\"Webdo est un m\u00e9dia num\u00e9rique tunisien fond\u00e9 en 2010, sp\u00e9cialis\u00e9 dans l\u2019actualit\u00e9 nationale et internationale, l\u2019\u00e9conomie, la soci\u00e9t\u00e9 et les analyses politiques. Le site s\u2019adresse \u00e0 un large public francophone et couvre l\u2019information tunisienne en temps r\u00e9el.\",\"email\":\"redac@webdo.tn\",\"legalName\":\"YNJ SARL\",\"foundingDate\":\"2010-09-06\",\"numberOfEmployees\":{\"@type\":\"QuantitativeValue\",\"minValue\":\"11\",\"maxValue\":\"50\"}},{\"@type\":\"Person\",\"@id\":\"https:\\\/\\\/www.webdo.tn\\\/fr\\\/#\\\/schema\\\/person\\\/b8a41c04d93287d375510db360906b34\",\"name\":\"AZ\",\"image\":{\"@type\":\"ImageObject\",\"inLanguage\":\"fr-FR\",\"@id\":\"https:\\\/\\\/secure.gravatar.com\\\/avatar\\\/492b80bada79439de4201dce15cd41eece6c277cfdf1b53382073c79105c1f89?s=96&d=mm&r=g\",\"url\":\"https:\\\/\\\/secure.gravatar.com\\\/avatar\\\/492b80bada79439de4201dce15cd41eece6c277cfdf1b53382073c79105c1f89?s=96&d=mm&r=g\",\"contentUrl\":\"https:\\\/\\\/secure.gravatar.com\\\/avatar\\\/492b80bada79439de4201dce15cd41eece6c277cfdf1b53382073c79105c1f89?s=96&d=mm&r=g\",\"caption\":\"AZ\"},\"url\":\"https:\\\/\\\/www.webdo.tn\\\/fr\\\/actualite\\\/author\\\/az\\\/\"}]}<\/script>\n<!-- \/ Yoast SEO Premium plugin. -->","yoast_head_json":{"title":"Crash meurtrier en Cor\u00e9e du Sud : 174 morts confirm\u00e9s","description":"Un avion s\u2019\u00e9crase \u00e0 Muan en Cor\u00e9e du Sud, causant la mort de 174 personnes. Les autorit\u00e9s enqu\u00eatent sur les circonstances de cette trag\u00e9die a\u00e9rienne.","canonical":"https:\/\/www.webdo.tn\/fr\/actualite\/international\/crash-meurtrier-d-un-avion-en-coree-du-sud-167-morts-confirmes\/218681\/","og_locale":"fr_FR","og_type":"article","og_title":"Crash meurtrier en Cor\u00e9e du Sud : 174 morts confirm\u00e9s","og_description":"Un avion s\u2019\u00e9crase \u00e0 Muan en Cor\u00e9e du Sud, causant la mort de 174 personnes. Les autorit\u00e9s enqu\u00eatent sur les circonstances de cette trag\u00e9die a\u00e9rienne.","og_url":"https:\/\/www.webdo.tn\/fr\/actualite\/international\/crash-meurtrier-d-un-avion-en-coree-du-sud-167-morts-confirmes\/218681\/","og_site_name":"webdo","article_publisher":"https:\/\/www.facebook.com\/webdotn","article_published_time":"2024-12-29T10:21:00+00:00","article_modified_time":"2025-05-21T09:01:09+00:00","og_image":[{"width":750,"height":400,"url":"https:\/\/www.webdo.tn\/fr\/wp-content\/uploads\/2025\/05\/36e4ab94a4fe39c9d732fe24d1db648f-2.webp","type":"image\/webp"}],"author":"AZ","twitter_card":"summary_large_image","twitter_creator":"@webdo_tn","twitter_site":"@webdo_tn","twitter_misc":{"\u00c9crit par":"AZ","Dur\u00e9e de lecture estim\u00e9e":"2 minutes"},"schema":{"@context":"https:\/\/schema.org","@graph":[{"@type":"NewsArticle","@id":"https:\/\/www.webdo.tn\/fr\/actualite\/international\/crash-meurtrier-d-un-avion-en-coree-du-sud-167-morts-confirmes\/218681\/#article","isPartOf":{"@id":"https:\/\/www.webdo.tn\/fr\/actualite\/international\/crash-meurtrier-d-un-avion-en-coree-du-sud-167-morts-confirmes\/218681\/"},"author":{"name":"AZ","@id":"https:\/\/www.webdo.tn\/fr\/#\/schema\/person\/b8a41c04d93287d375510db360906b34"},"headline":"Crash meurtrier en Cor\u00e9e du Sud : 174 morts confirm\u00e9s","datePublished":"2024-12-29T10:21:00+00:00","dateModified":"2025-05-21T09:01:09+00:00","mainEntityOfPage":{"@id":"https:\/\/www.webdo.tn\/fr\/actualite\/international\/crash-meurtrier-d-un-avion-en-coree-du-sud-167-morts-confirmes\/218681\/"},"wordCount":362,"commentCount":0,"publisher":{"@id":"https:\/\/www.webdo.tn\/fr\/#organization"},"image":{"@id":"https:\/\/www.webdo.tn\/fr\/actualite\/international\/crash-meurtrier-d-un-avion-en-coree-du-sud-167-morts-confirmes\/218681\/#primaryimage"},"thumbnailUrl":"https:\/\/www.webdo.tn\/fr\/wp-content\/uploads\/2025\/05\/36e4ab94a4fe39c9d732fe24d1db648f-2.webp","keywords":["Boeing 737","Cor\u00e9e du Sud","crash","Muan"],"articleSection":["International"],"inLanguage":"fr-FR"},{"@type":"WebPage","@id":"https:\/\/www.webdo.tn\/fr\/actualite\/international\/crash-meurtrier-d-un-avion-en-coree-du-sud-167-morts-confirmes\/218681\/","url":"https:\/\/www.webdo.tn\/fr\/actualite\/international\/crash-meurtrier-d-un-avion-en-coree-du-sud-167-morts-confirmes\/218681\/","name":"Crash meurtrier en Cor\u00e9e du Sud : 174 morts confirm\u00e9s","isPartOf":{"@id":"https:\/\/www.webdo.tn\/fr\/#website"},"primaryImageOfPage":{"@id":"https:\/\/www.webdo.tn\/fr\/actualite\/international\/crash-meurtrier-d-un-avion-en-coree-du-sud-167-morts-confirmes\/218681\/#primaryimage"},"image":{"@id":"https:\/\/www.webdo.tn\/fr\/actualite\/international\/crash-meurtrier-d-un-avion-en-coree-du-sud-167-morts-confirmes\/218681\/#primaryimage"},"thumbnailUrl":"https:\/\/www.webdo.tn\/fr\/wp-content\/uploads\/2025\/05\/36e4ab94a4fe39c9d732fe24d1db648f-2.webp","datePublished":"2024-12-29T10:21:00+00:00","dateModified":"2025-05-21T09:01:09+00:00","description":"Un avion s\u2019\u00e9crase \u00e0 Muan en Cor\u00e9e du Sud, causant la mort de 174 personnes. Les autorit\u00e9s enqu\u00eatent sur les circonstances de cette trag\u00e9die a\u00e9rienne.","breadcrumb":{"@id":"https:\/\/www.webdo.tn\/fr\/actualite\/international\/crash-meurtrier-d-un-avion-en-coree-du-sud-167-morts-confirmes\/218681\/#breadcrumb"},"inLanguage":"fr-FR","potentialAction":[{"@type":"ReadAction","target":["https:\/\/www.webdo.tn\/fr\/actualite\/international\/crash-meurtrier-d-un-avion-en-coree-du-sud-167-morts-confirmes\/218681\/"]}]},{"@type":"ImageObject","inLanguage":"fr-FR","@id":"https:\/\/www.webdo.tn\/fr\/actualite\/international\/crash-meurtrier-d-un-avion-en-coree-du-sud-167-morts-confirmes\/218681\/#primaryimage","url":"https:\/\/www.webdo.tn\/fr\/wp-content\/uploads\/2025\/05\/36e4ab94a4fe39c9d732fe24d1db648f-2.webp","contentUrl":"https:\/\/www.webdo.tn\/fr\/wp-content\/uploads\/2025\/05\/36e4ab94a4fe39c9d732fe24d1db648f-2.webp","width":750,"height":400},{"@type":"BreadcrumbList","@id":"https:\/\/www.webdo.tn\/fr\/actualite\/international\/crash-meurtrier-d-un-avion-en-coree-du-sud-167-morts-confirmes\/218681\/#breadcrumb","itemListElement":[{"@type":"ListItem","position":1,"name":"Accueil","item":"https:\/\/www.webdo.tn\/fr\/"},{"@type":"ListItem","position":2,"name":"Crash meurtrier en Cor\u00e9e du Sud : 174 morts confirm\u00e9s"}]},{"@type":"WebSite","@id":"https:\/\/www.webdo.tn\/fr\/#website","url":"https:\/\/www.webdo.tn\/fr\/","name":"webdo","description":"Tunisie - News en Tunisie et \u00e0 l&#039;international sur Webdo.tn","publisher":{"@id":"https:\/\/www.webdo.tn\/fr\/#organization"},"potentialAction":[{"@type":"SearchAction","target":{"@type":"EntryPoint","urlTemplate":"https:\/\/www.webdo.tn\/fr\/?s={search_term_string}"},"query-input":{"@type":"PropertyValueSpecification","valueRequired":true,"valueName":"search_term_string"}}],"inLanguage":"fr-FR"},{"@type":"Organization","@id":"https:\/\/www.webdo.tn\/fr\/#organization","name":"Webdo","alternateName":"Webdo.tn","url":"https:\/\/www.webdo.tn\/fr\/","logo":{"@type":"ImageObject","inLanguage":"fr-FR","@id":"https:\/\/www.webdo.tn\/fr\/#\/schema\/logo\/image\/","url":"https:\/\/www.webdo.tn\/fr\/wp-content\/uploads\/2025\/06\/Webdo-Tunisie_168377.jpg","contentUrl":"https:\/\/www.webdo.tn\/fr\/wp-content\/uploads\/2025\/06\/Webdo-Tunisie_168377.jpg","width":301,"height":301,"caption":"Webdo"},"image":{"@id":"https:\/\/www.webdo.tn\/fr\/#\/schema\/logo\/image\/"},"sameAs":["https:\/\/www.facebook.com\/webdotn","https:\/\/x.com\/webdo_tn"],"description":"Webdo est un m\u00e9dia num\u00e9rique tunisien fond\u00e9 en 2010, sp\u00e9cialis\u00e9 dans l\u2019actualit\u00e9 nationale et internationale, l\u2019\u00e9conomie, la soci\u00e9t\u00e9 et les analyses politiques. Le site s\u2019adresse \u00e0 un large public francophone et couvre l\u2019information tunisienne en temps r\u00e9el.","email":"redac@webdo.tn","legalName":"YNJ SARL","foundingDate":"2010-09-06","numberOfEmployees":{"@type":"QuantitativeValue","minValue":"11","maxValue":"50"}},{"@type":"Person","@id":"https:\/\/www.webdo.tn\/fr\/#\/schema\/person\/b8a41c04d93287d375510db360906b34","name":"AZ","image":{"@type":"ImageObject","inLanguage":"fr-FR","@id":"https:\/\/secure.gravatar.com\/avatar\/492b80bada79439de4201dce15cd41eece6c277cfdf1b53382073c79105c1f89?s=96&d=mm&r=g","url":"https:\/\/secure.gravatar.com\/avatar\/492b80bada79439de4201dce15cd41eece6c277cfdf1b53382073c79105c1f89?s=96&d=mm&r=g","contentUrl":"https:\/\/secure.gravatar.com\/avatar\/492b80bada79439de4201dce15cd41eece6c277cfdf1b53382073c79105c1f89?s=96&d=mm&r=g","caption":"AZ"},"url":"https:\/\/www.webdo.tn\/fr\/actualite\/author\/az\/"}]}},"_links":{"self":[{"href":"https:\/\/www.webdo.tn\/fr\/wp-json\/wp\/v2\/posts\/218681","targetHints":{"allow":["GET"]}}],"collection":[{"href":"https:\/\/www.webdo.tn\/fr\/wp-json\/wp\/v2\/posts"}],"about":[{"href":"https:\/\/www.webdo.tn\/fr\/wp-json\/wp\/v2\/types\/post"}],"author":[{"embeddable":true,"href":"https:\/\/www.webdo.tn\/fr\/wp-json\/wp\/v2\/users\/3166"}],"replies":[{"embeddable":true,"href":"https:\/\/www.webdo.tn\/fr\/wp-json\/wp\/v2\/comments?post=218681"}],"version-history":[{"count":0,"href":"https:\/\/www.webdo.tn\/fr\/wp-json\/wp\/v2\/posts\/218681\/revisions"}],"wp:featuredmedia":[{"embeddable":true,"href":"https:\/\/www.webdo.tn\/fr\/wp-json\/wp\/v2\/media\/243184"}],"wp:attachment":[{"href":"https:\/\/www.webdo.tn\/fr\/wp-json\/wp\/v2\/media?parent=218681"}],"wp:term":[{"taxonomy":"category","embeddable":true,"href":"https:\/\/www.webdo.tn\/fr\/wp-json\/wp\/v2\/categories?post=218681"},{"taxonomy":"post_tag","embeddable":true,"href":"https:\/\/www.webdo.tn\/fr\/wp-json\/wp\/v2\/tags?post=218681"}],"curies":[{"name":"wp","href":"https:\/\/api.w.org\/{rel}","templated":true}]}}