{"id":218671,"date":"2024-12-28T11:14:00","date_gmt":"2024-12-28T11:14:00","guid":{"rendered":"https:\/\/www.webdo.tn\/fr\/blog\/2024\/12\/28\/tunisie-la-peche-a-l-espadon-interdite-jusqu-au-31-mars-2025\/"},"modified":"2025-05-20T21:44:47","modified_gmt":"2025-05-20T21:44:47","slug":"tunisie-la-peche-a-l-espadon-interdite-jusqu-au-31-mars-2025","status":"publish","type":"post","link":"https:\/\/www.webdo.tn\/fr\/actualite\/national\/tunisie-la-peche-a-l-espadon-interdite-jusqu-au-31-mars-2025\/218671\/","title":{"rendered":"Tunisie : La p\u00eache \u00e0 l\u2019espadon interdite jusqu\u2019au 31 mars 2025"},"content":{"rendered":"<p>La p\u00eache de l\u2019espadon sera formellement interdite pour toutes les unit\u00e9s de p\u00eache en Tunisie du 1er janvier au 31 mars 2025, conform\u00e9ment \u00e0 un arr\u00eat\u00e9 publi\u00e9 ce vendredi 27 d\u00e9cembre 2024 au Journal Officiel de la R\u00e9publique Tunisienne (JORT).<\/p>\n<p>Cette d\u00e9cision a \u00e9t\u00e9 annonc\u00e9e par le ministre de l\u2019Agriculture, des Ressources hydrauliques et de la P\u00eache maritime pr\u00e9cisant que la capture de sp\u00e9cimens mesurant moins de 100 cm (longueur maxillaire inf\u00e9rieur-fourche, LJFL) ou pesant moins de 11,4 kg de poids vif ou 10,2 kg une fois \u00e9visc\u00e9r\u00e9s et sans branchies, est \u00e9galement interdite.<\/p>\n<p>Toutefois, \u00e0 titre exceptionnel, le d\u00e9barquement de ces sp\u00e9cimens sera tol\u00e9r\u00e9 dans la limite de 5 *% du poids ou du nombre total de prises d\u2019espadon.<\/p>\n<p>Les unit\u00e9s de p\u00eache utilisant la palangre et ciblant l\u2019espadon devront respecter des r\u00e8gles strictes, notamment :<\/p>\n<p>&#8211; Un maximum de 2500 hame\u00e7ons par navire de p\u00eache.<br \/>\n&#8211; Une taille minimale des hame\u00e7ons de 7 cm de hauteur.<br \/>\n&#8211; L\u2019utilisation exclusive de poissons \u00e0 nageoires comme app\u00e2ts.<\/p>\n<p>En cas de capture accidentelle, il est essentiel de ne pas d\u00e9passer 20% en poids ou en nombre de sp\u00e9cimens de grands p\u00e9lagiques hors p\u00e9riode d\u2019interdiction.<\/p>\n<p>Class\u00e9 \u00ab\u00a0quasi-menac\u00e9\u00a0\u00bb dans la M\u00e9diterran\u00e9e par l\u2019Union internationale pour la conservation de la nature (UICN), l\u2019espadon est une esp\u00e8ce victime de la surp\u00eache. Ces mesures visent \u00e0 prot\u00e9ger cette esp\u00e8ce et \u00e0 assurer la durabilit\u00e9 de la ressource halieutique.<\/p>\n","protected":false},"excerpt":{"rendered":"<p>La p\u00eache de l\u2019espadon sera formellement interdite pour toutes les unit\u00e9s de p\u00eache en Tunisie du 1er janvier au 31 mars 2025, conform\u00e9ment \u00e0 un arr\u00eat\u00e9 publi\u00e9 ce&#8230;<\/p>\n","protected":false},"author":3162,"featured_media":243180,"comment_status":"open","ping_status":"open","sticky":false,"template":"","format":"standard","meta":{"footnotes":""},"categories":[44],"tags":[4591,4338,3477,2608],"class_list":["post-218671","post","type-post","status-publish","format-standard","has-post-thumbnail","hentry","category-national","tag-espadon","tag-interdiction","tag-peche","tag-tunisie"],"yoast_head":"<!-- This site is optimized with the Yoast SEO Premium plugin v27.4 (Yoast SEO v27.5) - https:\/\/yoast.com\/product\/yoast-seo-premium-wordpress\/ -->\n<title>Tunisie : La p\u00eache \u00e0 l\u2019espadon interdite jusqu\u2019au 31 mars 2025<\/title>\n<meta name=\"description\" content=\"La p\u00eache de l\u2019espadon sera formellement interdite pour toutes les unit\u00e9s de p\u00eache en Tunisie du 1er janvier au 31 mars 2025, conform\u00e9ment \u00e0 un arr\u00eat\u00e9 publi\u00e9 ce...\" \/>\n<link rel=\"canonical\" href=\"https:\/\/www.webdo.tn\/fr\/actualite\/national\/tunisie-la-peche-a-l-espadon-interdite-jusqu-au-31-mars-2025\/218671\/\" \/>\n<meta property=\"og:locale\" content=\"fr_FR\" \/>\n<meta property=\"og:type\" content=\"article\" \/>\n<meta property=\"og:title\" content=\"Tunisie : La p\u00eache \u00e0 l\u2019espadon interdite jusqu\u2019au 31 mars 2025\" \/>\n<meta property=\"og:description\" content=\"La p\u00eache de l\u2019espadon sera formellement interdite pour toutes les unit\u00e9s de p\u00eache en Tunisie du 1er janvier au 31 mars 2025, conform\u00e9ment \u00e0 un arr\u00eat\u00e9 publi\u00e9 ce...\" \/>\n<meta property=\"og:url\" content=\"https:\/\/www.webdo.tn\/fr\/actualite\/national\/tunisie-la-peche-a-l-espadon-interdite-jusqu-au-31-mars-2025\/218671\/\" \/>\n<meta property=\"og:site_name\" content=\"webdo\" \/>\n<meta property=\"article:publisher\" content=\"https:\/\/www.facebook.com\/webdotn\" \/>\n<meta property=\"article:published_time\" content=\"2024-12-28T11:14:00+00:00\" \/>\n<meta property=\"article:modified_time\" content=\"2025-05-20T21:44:47+00:00\" \/>\n<meta property=\"og:image\" content=\"https:\/\/www.webdo.tn\/fr\/wp-content\/uploads\/2025\/05\/e10bc42176c9014b5d47484cb7c17f98-2.webp\" \/>\n\t<meta property=\"og:image:width\" content=\"750\" \/>\n\t<meta property=\"og:image:height\" content=\"400\" \/>\n\t<meta property=\"og:image:type\" content=\"image\/webp\" \/>\n<meta name=\"author\" content=\"MC\" \/>\n<meta name=\"twitter:card\" content=\"summary_large_image\" \/>\n<meta name=\"twitter:creator\" content=\"@webdo_tn\" \/>\n<meta name=\"twitter:site\" content=\"@webdo_tn\" \/>\n<meta name=\"twitter:label1\" content=\"\u00c9crit par\" \/>\n\t<meta name=\"twitter:data1\" content=\"MC\" \/>\n\t<meta name=\"twitter:label2\" content=\"Dur\u00e9e de lecture estim\u00e9e\" \/>\n\t<meta name=\"twitter:data2\" content=\"1 minute\" \/>\n<script type=\"application\/ld+json\" class=\"yoast-schema-graph\">{\"@context\":\"https:\\\/\\\/schema.org\",\"@graph\":[{\"@type\":\"NewsArticle\",\"@id\":\"https:\\\/\\\/www.webdo.tn\\\/fr\\\/actualite\\\/national\\\/tunisie-la-peche-a-l-espadon-interdite-jusqu-au-31-mars-2025\\\/218671\\\/#article\",\"isPartOf\":{\"@id\":\"https:\\\/\\\/www.webdo.tn\\\/fr\\\/actualite\\\/national\\\/tunisie-la-peche-a-l-espadon-interdite-jusqu-au-31-mars-2025\\\/218671\\\/\"},\"author\":{\"name\":\"MC\",\"@id\":\"https:\\\/\\\/www.webdo.tn\\\/fr\\\/#\\\/schema\\\/person\\\/2c4929cbf5a809e3bd38617c6ce150f6\"},\"headline\":\"Tunisie : La p\u00eache \u00e0 l\u2019espadon interdite jusqu\u2019au 31 mars 2025\",\"datePublished\":\"2024-12-28T11:14:00+00:00\",\"dateModified\":\"2025-05-20T21:44:47+00:00\",\"mainEntityOfPage\":{\"@id\":\"https:\\\/\\\/www.webdo.tn\\\/fr\\\/actualite\\\/national\\\/tunisie-la-peche-a-l-espadon-interdite-jusqu-au-31-mars-2025\\\/218671\\\/\"},\"wordCount\":267,\"commentCount\":0,\"publisher\":{\"@id\":\"https:\\\/\\\/www.webdo.tn\\\/fr\\\/#organization\"},\"image\":{\"@id\":\"https:\\\/\\\/www.webdo.tn\\\/fr\\\/actualite\\\/national\\\/tunisie-la-peche-a-l-espadon-interdite-jusqu-au-31-mars-2025\\\/218671\\\/#primaryimage\"},\"thumbnailUrl\":\"https:\\\/\\\/www.webdo.tn\\\/fr\\\/wp-content\\\/uploads\\\/2025\\\/05\\\/e10bc42176c9014b5d47484cb7c17f98-2.webp\",\"keywords\":[\"espadon\",\"interdiction\",\"p\u00eache\",\"Tunisie\"],\"articleSection\":[\"National\"],\"inLanguage\":\"fr-FR\"},{\"@type\":\"WebPage\",\"@id\":\"https:\\\/\\\/www.webdo.tn\\\/fr\\\/actualite\\\/national\\\/tunisie-la-peche-a-l-espadon-interdite-jusqu-au-31-mars-2025\\\/218671\\\/\",\"url\":\"https:\\\/\\\/www.webdo.tn\\\/fr\\\/actualite\\\/national\\\/tunisie-la-peche-a-l-espadon-interdite-jusqu-au-31-mars-2025\\\/218671\\\/\",\"name\":\"Tunisie : La p\u00eache \u00e0 l\u2019espadon interdite jusqu\u2019au 31 mars 2025\",\"isPartOf\":{\"@id\":\"https:\\\/\\\/www.webdo.tn\\\/fr\\\/#website\"},\"primaryImageOfPage\":{\"@id\":\"https:\\\/\\\/www.webdo.tn\\\/fr\\\/actualite\\\/national\\\/tunisie-la-peche-a-l-espadon-interdite-jusqu-au-31-mars-2025\\\/218671\\\/#primaryimage\"},\"image\":{\"@id\":\"https:\\\/\\\/www.webdo.tn\\\/fr\\\/actualite\\\/national\\\/tunisie-la-peche-a-l-espadon-interdite-jusqu-au-31-mars-2025\\\/218671\\\/#primaryimage\"},\"thumbnailUrl\":\"https:\\\/\\\/www.webdo.tn\\\/fr\\\/wp-content\\\/uploads\\\/2025\\\/05\\\/e10bc42176c9014b5d47484cb7c17f98-2.webp\",\"datePublished\":\"2024-12-28T11:14:00+00:00\",\"dateModified\":\"2025-05-20T21:44:47+00:00\",\"description\":\"La p\u00eache de l\u2019espadon sera formellement interdite pour toutes les unit\u00e9s de p\u00eache en Tunisie du 1er janvier au 31 mars 2025, conform\u00e9ment \u00e0 un arr\u00eat\u00e9 publi\u00e9 ce...\",\"breadcrumb\":{\"@id\":\"https:\\\/\\\/www.webdo.tn\\\/fr\\\/actualite\\\/national\\\/tunisie-la-peche-a-l-espadon-interdite-jusqu-au-31-mars-2025\\\/218671\\\/#breadcrumb\"},\"inLanguage\":\"fr-FR\",\"potentialAction\":[{\"@type\":\"ReadAction\",\"target\":[\"https:\\\/\\\/www.webdo.tn\\\/fr\\\/actualite\\\/national\\\/tunisie-la-peche-a-l-espadon-interdite-jusqu-au-31-mars-2025\\\/218671\\\/\"]}]},{\"@type\":\"ImageObject\",\"inLanguage\":\"fr-FR\",\"@id\":\"https:\\\/\\\/www.webdo.tn\\\/fr\\\/actualite\\\/national\\\/tunisie-la-peche-a-l-espadon-interdite-jusqu-au-31-mars-2025\\\/218671\\\/#primaryimage\",\"url\":\"https:\\\/\\\/www.webdo.tn\\\/fr\\\/wp-content\\\/uploads\\\/2025\\\/05\\\/e10bc42176c9014b5d47484cb7c17f98-2.webp\",\"contentUrl\":\"https:\\\/\\\/www.webdo.tn\\\/fr\\\/wp-content\\\/uploads\\\/2025\\\/05\\\/e10bc42176c9014b5d47484cb7c17f98-2.webp\",\"width\":750,\"height\":400},{\"@type\":\"BreadcrumbList\",\"@id\":\"https:\\\/\\\/www.webdo.tn\\\/fr\\\/actualite\\\/national\\\/tunisie-la-peche-a-l-espadon-interdite-jusqu-au-31-mars-2025\\\/218671\\\/#breadcrumb\",\"itemListElement\":[{\"@type\":\"ListItem\",\"position\":1,\"name\":\"Accueil\",\"item\":\"https:\\\/\\\/www.webdo.tn\\\/fr\\\/\"},{\"@type\":\"ListItem\",\"position\":2,\"name\":\"Tunisie : La p\u00eache \u00e0 l\u2019espadon interdite jusqu\u2019au 31 mars 2025\"}]},{\"@type\":\"WebSite\",\"@id\":\"https:\\\/\\\/www.webdo.tn\\\/fr\\\/#website\",\"url\":\"https:\\\/\\\/www.webdo.tn\\\/fr\\\/\",\"name\":\"webdo\",\"description\":\"Tunisie - News en Tunisie et \u00e0 l&#039;international sur Webdo.tn\",\"publisher\":{\"@id\":\"https:\\\/\\\/www.webdo.tn\\\/fr\\\/#organization\"},\"potentialAction\":[{\"@type\":\"SearchAction\",\"target\":{\"@type\":\"EntryPoint\",\"urlTemplate\":\"https:\\\/\\\/www.webdo.tn\\\/fr\\\/?s={search_term_string}\"},\"query-input\":{\"@type\":\"PropertyValueSpecification\",\"valueRequired\":true,\"valueName\":\"search_term_string\"}}],\"inLanguage\":\"fr-FR\"},{\"@type\":\"Organization\",\"@id\":\"https:\\\/\\\/www.webdo.tn\\\/fr\\\/#organization\",\"name\":\"Webdo\",\"alternateName\":\"Webdo.tn\",\"url\":\"https:\\\/\\\/www.webdo.tn\\\/fr\\\/\",\"logo\":{\"@type\":\"ImageObject\",\"inLanguage\":\"fr-FR\",\"@id\":\"https:\\\/\\\/www.webdo.tn\\\/fr\\\/#\\\/schema\\\/logo\\\/image\\\/\",\"url\":\"https:\\\/\\\/www.webdo.tn\\\/fr\\\/wp-content\\\/uploads\\\/2025\\\/06\\\/Webdo-Tunisie_168377.jpg\",\"contentUrl\":\"https:\\\/\\\/www.webdo.tn\\\/fr\\\/wp-content\\\/uploads\\\/2025\\\/06\\\/Webdo-Tunisie_168377.jpg\",\"width\":301,\"height\":301,\"caption\":\"Webdo\"},\"image\":{\"@id\":\"https:\\\/\\\/www.webdo.tn\\\/fr\\\/#\\\/schema\\\/logo\\\/image\\\/\"},\"sameAs\":[\"https:\\\/\\\/www.facebook.com\\\/webdotn\",\"https:\\\/\\\/x.com\\\/webdo_tn\"],\"description\":\"Webdo est un m\u00e9dia num\u00e9rique tunisien fond\u00e9 en 2010, sp\u00e9cialis\u00e9 dans l\u2019actualit\u00e9 nationale et internationale, l\u2019\u00e9conomie, la soci\u00e9t\u00e9 et les analyses politiques. Le site s\u2019adresse \u00e0 un large public francophone et couvre l\u2019information tunisienne en temps r\u00e9el.\",\"email\":\"redac@webdo.tn\",\"legalName\":\"YNJ SARL\",\"foundingDate\":\"2010-09-06\",\"numberOfEmployees\":{\"@type\":\"QuantitativeValue\",\"minValue\":\"11\",\"maxValue\":\"50\"}},{\"@type\":\"Person\",\"@id\":\"https:\\\/\\\/www.webdo.tn\\\/fr\\\/#\\\/schema\\\/person\\\/2c4929cbf5a809e3bd38617c6ce150f6\",\"name\":\"MC\",\"image\":{\"@type\":\"ImageObject\",\"inLanguage\":\"fr-FR\",\"@id\":\"https:\\\/\\\/secure.gravatar.com\\\/avatar\\\/a545bbb6f84efdd5553dbbc2895e3ca8f1d12c5215e00a041c9670b54aa9b18a?s=96&d=mm&r=g\",\"url\":\"https:\\\/\\\/secure.gravatar.com\\\/avatar\\\/a545bbb6f84efdd5553dbbc2895e3ca8f1d12c5215e00a041c9670b54aa9b18a?s=96&d=mm&r=g\",\"contentUrl\":\"https:\\\/\\\/secure.gravatar.com\\\/avatar\\\/a545bbb6f84efdd5553dbbc2895e3ca8f1d12c5215e00a041c9670b54aa9b18a?s=96&d=mm&r=g\",\"caption\":\"MC\"},\"url\":\"https:\\\/\\\/www.webdo.tn\\\/fr\\\/actualite\\\/author\\\/mc\\\/\"}]}<\/script>\n<!-- \/ Yoast SEO Premium plugin. -->","yoast_head_json":{"title":"Tunisie : La p\u00eache \u00e0 l\u2019espadon interdite jusqu\u2019au 31 mars 2025","description":"La p\u00eache de l\u2019espadon sera formellement interdite pour toutes les unit\u00e9s de p\u00eache en Tunisie du 1er janvier au 31 mars 2025, conform\u00e9ment \u00e0 un arr\u00eat\u00e9 publi\u00e9 ce...","canonical":"https:\/\/www.webdo.tn\/fr\/actualite\/national\/tunisie-la-peche-a-l-espadon-interdite-jusqu-au-31-mars-2025\/218671\/","og_locale":"fr_FR","og_type":"article","og_title":"Tunisie : La p\u00eache \u00e0 l\u2019espadon interdite jusqu\u2019au 31 mars 2025","og_description":"La p\u00eache de l\u2019espadon sera formellement interdite pour toutes les unit\u00e9s de p\u00eache en Tunisie du 1er janvier au 31 mars 2025, conform\u00e9ment \u00e0 un arr\u00eat\u00e9 publi\u00e9 ce...","og_url":"https:\/\/www.webdo.tn\/fr\/actualite\/national\/tunisie-la-peche-a-l-espadon-interdite-jusqu-au-31-mars-2025\/218671\/","og_site_name":"webdo","article_publisher":"https:\/\/www.facebook.com\/webdotn","article_published_time":"2024-12-28T11:14:00+00:00","article_modified_time":"2025-05-20T21:44:47+00:00","og_image":[{"width":750,"height":400,"url":"https:\/\/www.webdo.tn\/fr\/wp-content\/uploads\/2025\/05\/e10bc42176c9014b5d47484cb7c17f98-2.webp","type":"image\/webp"}],"author":"MC","twitter_card":"summary_large_image","twitter_creator":"@webdo_tn","twitter_site":"@webdo_tn","twitter_misc":{"\u00c9crit par":"MC","Dur\u00e9e de lecture estim\u00e9e":"1 minute"},"schema":{"@context":"https:\/\/schema.org","@graph":[{"@type":"NewsArticle","@id":"https:\/\/www.webdo.tn\/fr\/actualite\/national\/tunisie-la-peche-a-l-espadon-interdite-jusqu-au-31-mars-2025\/218671\/#article","isPartOf":{"@id":"https:\/\/www.webdo.tn\/fr\/actualite\/national\/tunisie-la-peche-a-l-espadon-interdite-jusqu-au-31-mars-2025\/218671\/"},"author":{"name":"MC","@id":"https:\/\/www.webdo.tn\/fr\/#\/schema\/person\/2c4929cbf5a809e3bd38617c6ce150f6"},"headline":"Tunisie : La p\u00eache \u00e0 l\u2019espadon interdite jusqu\u2019au 31 mars 2025","datePublished":"2024-12-28T11:14:00+00:00","dateModified":"2025-05-20T21:44:47+00:00","mainEntityOfPage":{"@id":"https:\/\/www.webdo.tn\/fr\/actualite\/national\/tunisie-la-peche-a-l-espadon-interdite-jusqu-au-31-mars-2025\/218671\/"},"wordCount":267,"commentCount":0,"publisher":{"@id":"https:\/\/www.webdo.tn\/fr\/#organization"},"image":{"@id":"https:\/\/www.webdo.tn\/fr\/actualite\/national\/tunisie-la-peche-a-l-espadon-interdite-jusqu-au-31-mars-2025\/218671\/#primaryimage"},"thumbnailUrl":"https:\/\/www.webdo.tn\/fr\/wp-content\/uploads\/2025\/05\/e10bc42176c9014b5d47484cb7c17f98-2.webp","keywords":["espadon","interdiction","p\u00eache","Tunisie"],"articleSection":["National"],"inLanguage":"fr-FR"},{"@type":"WebPage","@id":"https:\/\/www.webdo.tn\/fr\/actualite\/national\/tunisie-la-peche-a-l-espadon-interdite-jusqu-au-31-mars-2025\/218671\/","url":"https:\/\/www.webdo.tn\/fr\/actualite\/national\/tunisie-la-peche-a-l-espadon-interdite-jusqu-au-31-mars-2025\/218671\/","name":"Tunisie : La p\u00eache \u00e0 l\u2019espadon interdite jusqu\u2019au 31 mars 2025","isPartOf":{"@id":"https:\/\/www.webdo.tn\/fr\/#website"},"primaryImageOfPage":{"@id":"https:\/\/www.webdo.tn\/fr\/actualite\/national\/tunisie-la-peche-a-l-espadon-interdite-jusqu-au-31-mars-2025\/218671\/#primaryimage"},"image":{"@id":"https:\/\/www.webdo.tn\/fr\/actualite\/national\/tunisie-la-peche-a-l-espadon-interdite-jusqu-au-31-mars-2025\/218671\/#primaryimage"},"thumbnailUrl":"https:\/\/www.webdo.tn\/fr\/wp-content\/uploads\/2025\/05\/e10bc42176c9014b5d47484cb7c17f98-2.webp","datePublished":"2024-12-28T11:14:00+00:00","dateModified":"2025-05-20T21:44:47+00:00","description":"La p\u00eache de l\u2019espadon sera formellement interdite pour toutes les unit\u00e9s de p\u00eache en Tunisie du 1er janvier au 31 mars 2025, conform\u00e9ment \u00e0 un arr\u00eat\u00e9 publi\u00e9 ce...","breadcrumb":{"@id":"https:\/\/www.webdo.tn\/fr\/actualite\/national\/tunisie-la-peche-a-l-espadon-interdite-jusqu-au-31-mars-2025\/218671\/#breadcrumb"},"inLanguage":"fr-FR","potentialAction":[{"@type":"ReadAction","target":["https:\/\/www.webdo.tn\/fr\/actualite\/national\/tunisie-la-peche-a-l-espadon-interdite-jusqu-au-31-mars-2025\/218671\/"]}]},{"@type":"ImageObject","inLanguage":"fr-FR","@id":"https:\/\/www.webdo.tn\/fr\/actualite\/national\/tunisie-la-peche-a-l-espadon-interdite-jusqu-au-31-mars-2025\/218671\/#primaryimage","url":"https:\/\/www.webdo.tn\/fr\/wp-content\/uploads\/2025\/05\/e10bc42176c9014b5d47484cb7c17f98-2.webp","contentUrl":"https:\/\/www.webdo.tn\/fr\/wp-content\/uploads\/2025\/05\/e10bc42176c9014b5d47484cb7c17f98-2.webp","width":750,"height":400},{"@type":"BreadcrumbList","@id":"https:\/\/www.webdo.tn\/fr\/actualite\/national\/tunisie-la-peche-a-l-espadon-interdite-jusqu-au-31-mars-2025\/218671\/#breadcrumb","itemListElement":[{"@type":"ListItem","position":1,"name":"Accueil","item":"https:\/\/www.webdo.tn\/fr\/"},{"@type":"ListItem","position":2,"name":"Tunisie : La p\u00eache \u00e0 l\u2019espadon interdite jusqu\u2019au 31 mars 2025"}]},{"@type":"WebSite","@id":"https:\/\/www.webdo.tn\/fr\/#website","url":"https:\/\/www.webdo.tn\/fr\/","name":"webdo","description":"Tunisie - News en Tunisie et \u00e0 l&#039;international sur Webdo.tn","publisher":{"@id":"https:\/\/www.webdo.tn\/fr\/#organization"},"potentialAction":[{"@type":"SearchAction","target":{"@type":"EntryPoint","urlTemplate":"https:\/\/www.webdo.tn\/fr\/?s={search_term_string}"},"query-input":{"@type":"PropertyValueSpecification","valueRequired":true,"valueName":"search_term_string"}}],"inLanguage":"fr-FR"},{"@type":"Organization","@id":"https:\/\/www.webdo.tn\/fr\/#organization","name":"Webdo","alternateName":"Webdo.tn","url":"https:\/\/www.webdo.tn\/fr\/","logo":{"@type":"ImageObject","inLanguage":"fr-FR","@id":"https:\/\/www.webdo.tn\/fr\/#\/schema\/logo\/image\/","url":"https:\/\/www.webdo.tn\/fr\/wp-content\/uploads\/2025\/06\/Webdo-Tunisie_168377.jpg","contentUrl":"https:\/\/www.webdo.tn\/fr\/wp-content\/uploads\/2025\/06\/Webdo-Tunisie_168377.jpg","width":301,"height":301,"caption":"Webdo"},"image":{"@id":"https:\/\/www.webdo.tn\/fr\/#\/schema\/logo\/image\/"},"sameAs":["https:\/\/www.facebook.com\/webdotn","https:\/\/x.com\/webdo_tn"],"description":"Webdo est un m\u00e9dia num\u00e9rique tunisien fond\u00e9 en 2010, sp\u00e9cialis\u00e9 dans l\u2019actualit\u00e9 nationale et internationale, l\u2019\u00e9conomie, la soci\u00e9t\u00e9 et les analyses politiques. Le site s\u2019adresse \u00e0 un large public francophone et couvre l\u2019information tunisienne en temps r\u00e9el.","email":"redac@webdo.tn","legalName":"YNJ SARL","foundingDate":"2010-09-06","numberOfEmployees":{"@type":"QuantitativeValue","minValue":"11","maxValue":"50"}},{"@type":"Person","@id":"https:\/\/www.webdo.tn\/fr\/#\/schema\/person\/2c4929cbf5a809e3bd38617c6ce150f6","name":"MC","image":{"@type":"ImageObject","inLanguage":"fr-FR","@id":"https:\/\/secure.gravatar.com\/avatar\/a545bbb6f84efdd5553dbbc2895e3ca8f1d12c5215e00a041c9670b54aa9b18a?s=96&d=mm&r=g","url":"https:\/\/secure.gravatar.com\/avatar\/a545bbb6f84efdd5553dbbc2895e3ca8f1d12c5215e00a041c9670b54aa9b18a?s=96&d=mm&r=g","contentUrl":"https:\/\/secure.gravatar.com\/avatar\/a545bbb6f84efdd5553dbbc2895e3ca8f1d12c5215e00a041c9670b54aa9b18a?s=96&d=mm&r=g","caption":"MC"},"url":"https:\/\/www.webdo.tn\/fr\/actualite\/author\/mc\/"}]}},"_links":{"self":[{"href":"https:\/\/www.webdo.tn\/fr\/wp-json\/wp\/v2\/posts\/218671","targetHints":{"allow":["GET"]}}],"collection":[{"href":"https:\/\/www.webdo.tn\/fr\/wp-json\/wp\/v2\/posts"}],"about":[{"href":"https:\/\/www.webdo.tn\/fr\/wp-json\/wp\/v2\/types\/post"}],"author":[{"embeddable":true,"href":"https:\/\/www.webdo.tn\/fr\/wp-json\/wp\/v2\/users\/3162"}],"replies":[{"embeddable":true,"href":"https:\/\/www.webdo.tn\/fr\/wp-json\/wp\/v2\/comments?post=218671"}],"version-history":[{"count":0,"href":"https:\/\/www.webdo.tn\/fr\/wp-json\/wp\/v2\/posts\/218671\/revisions"}],"wp:featuredmedia":[{"embeddable":true,"href":"https:\/\/www.webdo.tn\/fr\/wp-json\/wp\/v2\/media\/243180"}],"wp:attachment":[{"href":"https:\/\/www.webdo.tn\/fr\/wp-json\/wp\/v2\/media?parent=218671"}],"wp:term":[{"taxonomy":"category","embeddable":true,"href":"https:\/\/www.webdo.tn\/fr\/wp-json\/wp\/v2\/categories?post=218671"},{"taxonomy":"post_tag","embeddable":true,"href":"https:\/\/www.webdo.tn\/fr\/wp-json\/wp\/v2\/tags?post=218671"}],"curies":[{"name":"wp","href":"https:\/\/api.w.org\/{rel}","templated":true}]}}