{"id":218667,"date":"2024-12-28T09:38:00","date_gmt":"2024-12-28T09:38:00","guid":{"rendered":"https:\/\/www.webdo.tn\/fr\/blog\/2024\/12\/28\/tunisie-la-convention-cnam-pharmaciens-renouvelee\/"},"modified":"2025-06-20T16:31:31","modified_gmt":"2025-06-20T15:31:31","slug":"tunisie-la-convention-cnam-pharmaciens-renouvelee","status":"publish","type":"post","link":"https:\/\/www.webdo.tn\/fr\/actualite\/national\/tunisie-la-convention-cnam-pharmaciens-renouvelee\/218667\/","title":{"rendered":"Tunisie : La convention CNAM-pharmaciens renouvel\u00e9e"},"content":{"rendered":"<p>Un accord important a \u00e9t\u00e9 conclu ce vendredi 27 d\u00e9cembre 2024, lors d\u2019une s\u00e9ance de travail pr\u00e9sid\u00e9e par le ministre des Affaires sociales, Issam Lahmar. Cet accord marque le renouvellement de la convention sectorielle entre la Caisse nationale d\u2019assurance maladie (CNAM) et la Chambre syndicale des pharmaciens.<\/p>\n<p>Selon un communiqu\u00e9 publi\u00e9 par le minist\u00e8re des Affaires sociales, cette prorogation prendra effet \u00e0 compter du 1er janvier 2025. Elle vise \u00e0 consolider l\u2019acc\u00e8s des assur\u00e9s sociaux aux services de sant\u00e9, tout en am\u00e9liorant la qualit\u00e9 des soins et la couverture m\u00e9dicale \u00e0 travers le territoire national.<\/p>\n<p>La s\u00e9ance de travail, tenue au si\u00e8ge du minist\u00e8re, a r\u00e9uni des cadres du minist\u00e8re, des repr\u00e9sentants de la CNAM, ainsi que des membres de la Chambre syndicale des pharmaciens, \u00e0 l\u2019exclusion des <a href=\"https:\/\/tunisiepara.com\/\">parapharmacies,<\/a> dirig\u00e9s par le Dr Mohamed Zoubeir Kikaa. Les discussions ont permis de trouver un consensus, renfor\u00e7ant ainsi la collaboration entre les diff\u00e9rentes parties prenantes au service de la sant\u00e9 publique.<\/p>\n<p>Cette convention sectorielle renouvel\u00e9e annuellement, fait \u00e0 chaque fois l\u2019objet de n\u00e9gociations tendues. Cette ann\u00e9e, les pharmaciens priv\u00e9s exigent un engagement de la CNAM \u00e0 appliquer les clauses de la convention, \u00e0 r\u00e9gler les cr\u00e9ances des pharmacies et \u00e0 adopter la num\u00e9risation des transactions.<\/p>\n","protected":false},"excerpt":{"rendered":"<p>Un accord important a \u00e9t\u00e9 conclu ce vendredi 27 d\u00e9cembre 2024, lors d\u2019une s\u00e9ance de travail pr\u00e9sid\u00e9e par le ministre des Affaires sociales, Issam Lahmar. Cet ac&#8230;<\/p>\n","protected":false},"author":3162,"featured_media":243176,"comment_status":"open","ping_status":"open","sticky":false,"template":"","format":"standard","meta":{"footnotes":""},"categories":[44],"tags":[4588,4590,4589,2608],"class_list":["post-218667","post","type-post","status-publish","format-standard","has-post-thumbnail","hentry","category-national","tag-cnam","tag-convention","tag-pharmacies","tag-tunisie"],"yoast_head":"<!-- This site is optimized with the Yoast SEO Premium plugin v27.4 (Yoast SEO v27.5) - https:\/\/yoast.com\/product\/yoast-seo-premium-wordpress\/ -->\n<title>Tunisie : La convention CNAM-pharmaciens renouvel\u00e9e<\/title>\n<meta name=\"description\" content=\"Un accord important a \u00e9t\u00e9 conclu ce vendredi 27 d\u00e9cembre 2024, lors d\u2019une s\u00e9ance de travail pr\u00e9sid\u00e9e par le ministre des Affaires sociales, Issam Lahmar. Cet ac...\" \/>\n<link rel=\"canonical\" href=\"https:\/\/www.webdo.tn\/fr\/actualite\/national\/tunisie-la-convention-cnam-pharmaciens-renouvelee\/218667\/\" \/>\n<meta property=\"og:locale\" content=\"fr_FR\" \/>\n<meta property=\"og:type\" content=\"article\" \/>\n<meta property=\"og:title\" content=\"Tunisie : La convention CNAM-pharmaciens renouvel\u00e9e\" \/>\n<meta property=\"og:description\" content=\"Un accord important a \u00e9t\u00e9 conclu ce vendredi 27 d\u00e9cembre 2024, lors d\u2019une s\u00e9ance de travail pr\u00e9sid\u00e9e par le ministre des Affaires sociales, Issam Lahmar. Cet ac...\" \/>\n<meta property=\"og:url\" content=\"https:\/\/www.webdo.tn\/fr\/actualite\/national\/tunisie-la-convention-cnam-pharmaciens-renouvelee\/218667\/\" \/>\n<meta property=\"og:site_name\" content=\"webdo\" \/>\n<meta property=\"article:publisher\" content=\"https:\/\/www.facebook.com\/webdotn\" \/>\n<meta property=\"article:published_time\" content=\"2024-12-28T09:38:00+00:00\" \/>\n<meta property=\"article:modified_time\" content=\"2025-06-20T15:31:31+00:00\" \/>\n<meta property=\"og:image\" content=\"https:\/\/www.webdo.tn\/fr\/wp-content\/uploads\/2025\/05\/60404e51620c3dc6df8b5a0d13286e30-2.webp\" \/>\n\t<meta property=\"og:image:width\" content=\"750\" \/>\n\t<meta property=\"og:image:height\" content=\"400\" \/>\n\t<meta property=\"og:image:type\" content=\"image\/webp\" \/>\n<meta name=\"author\" content=\"MC\" \/>\n<meta name=\"twitter:card\" content=\"summary_large_image\" \/>\n<meta name=\"twitter:creator\" content=\"@webdo_tn\" \/>\n<meta name=\"twitter:site\" content=\"@webdo_tn\" \/>\n<meta name=\"twitter:label1\" content=\"\u00c9crit par\" \/>\n\t<meta name=\"twitter:data1\" content=\"MC\" \/>\n\t<meta name=\"twitter:label2\" content=\"Dur\u00e9e de lecture estim\u00e9e\" \/>\n\t<meta name=\"twitter:data2\" content=\"2 minutes\" \/>\n<script type=\"application\/ld+json\" class=\"yoast-schema-graph\">{\"@context\":\"https:\\\/\\\/schema.org\",\"@graph\":[{\"@type\":\"NewsArticle\",\"@id\":\"https:\\\/\\\/www.webdo.tn\\\/fr\\\/actualite\\\/national\\\/tunisie-la-convention-cnam-pharmaciens-renouvelee\\\/218667\\\/#article\",\"isPartOf\":{\"@id\":\"https:\\\/\\\/www.webdo.tn\\\/fr\\\/actualite\\\/national\\\/tunisie-la-convention-cnam-pharmaciens-renouvelee\\\/218667\\\/\"},\"author\":{\"name\":\"MC\",\"@id\":\"https:\\\/\\\/www.webdo.tn\\\/fr\\\/#\\\/schema\\\/person\\\/2c4929cbf5a809e3bd38617c6ce150f6\"},\"headline\":\"Tunisie : La convention CNAM-pharmaciens renouvel\u00e9e\",\"datePublished\":\"2024-12-28T09:38:00+00:00\",\"dateModified\":\"2025-06-20T15:31:31+00:00\",\"mainEntityOfPage\":{\"@id\":\"https:\\\/\\\/www.webdo.tn\\\/fr\\\/actualite\\\/national\\\/tunisie-la-convention-cnam-pharmaciens-renouvelee\\\/218667\\\/\"},\"wordCount\":228,\"commentCount\":0,\"publisher\":{\"@id\":\"https:\\\/\\\/www.webdo.tn\\\/fr\\\/#organization\"},\"image\":{\"@id\":\"https:\\\/\\\/www.webdo.tn\\\/fr\\\/actualite\\\/national\\\/tunisie-la-convention-cnam-pharmaciens-renouvelee\\\/218667\\\/#primaryimage\"},\"thumbnailUrl\":\"https:\\\/\\\/www.webdo.tn\\\/fr\\\/wp-content\\\/uploads\\\/2025\\\/05\\\/60404e51620c3dc6df8b5a0d13286e30-2.webp\",\"keywords\":[\"CNAM\",\"convention\",\"pharmacies\",\"Tunisie\"],\"articleSection\":[\"National\"],\"inLanguage\":\"fr-FR\"},{\"@type\":\"WebPage\",\"@id\":\"https:\\\/\\\/www.webdo.tn\\\/fr\\\/actualite\\\/national\\\/tunisie-la-convention-cnam-pharmaciens-renouvelee\\\/218667\\\/\",\"url\":\"https:\\\/\\\/www.webdo.tn\\\/fr\\\/actualite\\\/national\\\/tunisie-la-convention-cnam-pharmaciens-renouvelee\\\/218667\\\/\",\"name\":\"Tunisie : La convention CNAM-pharmaciens renouvel\u00e9e\",\"isPartOf\":{\"@id\":\"https:\\\/\\\/www.webdo.tn\\\/fr\\\/#website\"},\"primaryImageOfPage\":{\"@id\":\"https:\\\/\\\/www.webdo.tn\\\/fr\\\/actualite\\\/national\\\/tunisie-la-convention-cnam-pharmaciens-renouvelee\\\/218667\\\/#primaryimage\"},\"image\":{\"@id\":\"https:\\\/\\\/www.webdo.tn\\\/fr\\\/actualite\\\/national\\\/tunisie-la-convention-cnam-pharmaciens-renouvelee\\\/218667\\\/#primaryimage\"},\"thumbnailUrl\":\"https:\\\/\\\/www.webdo.tn\\\/fr\\\/wp-content\\\/uploads\\\/2025\\\/05\\\/60404e51620c3dc6df8b5a0d13286e30-2.webp\",\"datePublished\":\"2024-12-28T09:38:00+00:00\",\"dateModified\":\"2025-06-20T15:31:31+00:00\",\"description\":\"Un accord important a \u00e9t\u00e9 conclu ce vendredi 27 d\u00e9cembre 2024, lors d\u2019une s\u00e9ance de travail pr\u00e9sid\u00e9e par le ministre des Affaires sociales, Issam Lahmar. Cet ac...\",\"breadcrumb\":{\"@id\":\"https:\\\/\\\/www.webdo.tn\\\/fr\\\/actualite\\\/national\\\/tunisie-la-convention-cnam-pharmaciens-renouvelee\\\/218667\\\/#breadcrumb\"},\"inLanguage\":\"fr-FR\",\"potentialAction\":[{\"@type\":\"ReadAction\",\"target\":[\"https:\\\/\\\/www.webdo.tn\\\/fr\\\/actualite\\\/national\\\/tunisie-la-convention-cnam-pharmaciens-renouvelee\\\/218667\\\/\"]}]},{\"@type\":\"ImageObject\",\"inLanguage\":\"fr-FR\",\"@id\":\"https:\\\/\\\/www.webdo.tn\\\/fr\\\/actualite\\\/national\\\/tunisie-la-convention-cnam-pharmaciens-renouvelee\\\/218667\\\/#primaryimage\",\"url\":\"https:\\\/\\\/www.webdo.tn\\\/fr\\\/wp-content\\\/uploads\\\/2025\\\/05\\\/60404e51620c3dc6df8b5a0d13286e30-2.webp\",\"contentUrl\":\"https:\\\/\\\/www.webdo.tn\\\/fr\\\/wp-content\\\/uploads\\\/2025\\\/05\\\/60404e51620c3dc6df8b5a0d13286e30-2.webp\",\"width\":750,\"height\":400},{\"@type\":\"BreadcrumbList\",\"@id\":\"https:\\\/\\\/www.webdo.tn\\\/fr\\\/actualite\\\/national\\\/tunisie-la-convention-cnam-pharmaciens-renouvelee\\\/218667\\\/#breadcrumb\",\"itemListElement\":[{\"@type\":\"ListItem\",\"position\":1,\"name\":\"Accueil\",\"item\":\"https:\\\/\\\/www.webdo.tn\\\/fr\\\/\"},{\"@type\":\"ListItem\",\"position\":2,\"name\":\"Tunisie : La convention CNAM-pharmaciens renouvel\u00e9e\"}]},{\"@type\":\"WebSite\",\"@id\":\"https:\\\/\\\/www.webdo.tn\\\/fr\\\/#website\",\"url\":\"https:\\\/\\\/www.webdo.tn\\\/fr\\\/\",\"name\":\"webdo\",\"description\":\"Tunisie - News en Tunisie et \u00e0 l&#039;international sur Webdo.tn\",\"publisher\":{\"@id\":\"https:\\\/\\\/www.webdo.tn\\\/fr\\\/#organization\"},\"potentialAction\":[{\"@type\":\"SearchAction\",\"target\":{\"@type\":\"EntryPoint\",\"urlTemplate\":\"https:\\\/\\\/www.webdo.tn\\\/fr\\\/?s={search_term_string}\"},\"query-input\":{\"@type\":\"PropertyValueSpecification\",\"valueRequired\":true,\"valueName\":\"search_term_string\"}}],\"inLanguage\":\"fr-FR\"},{\"@type\":\"Organization\",\"@id\":\"https:\\\/\\\/www.webdo.tn\\\/fr\\\/#organization\",\"name\":\"Webdo\",\"alternateName\":\"Webdo.tn\",\"url\":\"https:\\\/\\\/www.webdo.tn\\\/fr\\\/\",\"logo\":{\"@type\":\"ImageObject\",\"inLanguage\":\"fr-FR\",\"@id\":\"https:\\\/\\\/www.webdo.tn\\\/fr\\\/#\\\/schema\\\/logo\\\/image\\\/\",\"url\":\"https:\\\/\\\/www.webdo.tn\\\/fr\\\/wp-content\\\/uploads\\\/2025\\\/06\\\/Webdo-Tunisie_168377.jpg\",\"contentUrl\":\"https:\\\/\\\/www.webdo.tn\\\/fr\\\/wp-content\\\/uploads\\\/2025\\\/06\\\/Webdo-Tunisie_168377.jpg\",\"width\":301,\"height\":301,\"caption\":\"Webdo\"},\"image\":{\"@id\":\"https:\\\/\\\/www.webdo.tn\\\/fr\\\/#\\\/schema\\\/logo\\\/image\\\/\"},\"sameAs\":[\"https:\\\/\\\/www.facebook.com\\\/webdotn\",\"https:\\\/\\\/x.com\\\/webdo_tn\"],\"description\":\"Webdo est un m\u00e9dia num\u00e9rique tunisien fond\u00e9 en 2010, sp\u00e9cialis\u00e9 dans l\u2019actualit\u00e9 nationale et internationale, l\u2019\u00e9conomie, la soci\u00e9t\u00e9 et les analyses politiques. Le site s\u2019adresse \u00e0 un large public francophone et couvre l\u2019information tunisienne en temps r\u00e9el.\",\"email\":\"redac@webdo.tn\",\"legalName\":\"YNJ SARL\",\"foundingDate\":\"2010-09-06\",\"numberOfEmployees\":{\"@type\":\"QuantitativeValue\",\"minValue\":\"11\",\"maxValue\":\"50\"}},{\"@type\":\"Person\",\"@id\":\"https:\\\/\\\/www.webdo.tn\\\/fr\\\/#\\\/schema\\\/person\\\/2c4929cbf5a809e3bd38617c6ce150f6\",\"name\":\"MC\",\"image\":{\"@type\":\"ImageObject\",\"inLanguage\":\"fr-FR\",\"@id\":\"https:\\\/\\\/secure.gravatar.com\\\/avatar\\\/a545bbb6f84efdd5553dbbc2895e3ca8f1d12c5215e00a041c9670b54aa9b18a?s=96&d=mm&r=g\",\"url\":\"https:\\\/\\\/secure.gravatar.com\\\/avatar\\\/a545bbb6f84efdd5553dbbc2895e3ca8f1d12c5215e00a041c9670b54aa9b18a?s=96&d=mm&r=g\",\"contentUrl\":\"https:\\\/\\\/secure.gravatar.com\\\/avatar\\\/a545bbb6f84efdd5553dbbc2895e3ca8f1d12c5215e00a041c9670b54aa9b18a?s=96&d=mm&r=g\",\"caption\":\"MC\"},\"url\":\"https:\\\/\\\/www.webdo.tn\\\/fr\\\/actualite\\\/author\\\/mc\\\/\"}]}<\/script>\n<!-- \/ Yoast SEO Premium plugin. -->","yoast_head_json":{"title":"Tunisie : La convention CNAM-pharmaciens renouvel\u00e9e","description":"Un accord important a \u00e9t\u00e9 conclu ce vendredi 27 d\u00e9cembre 2024, lors d\u2019une s\u00e9ance de travail pr\u00e9sid\u00e9e par le ministre des Affaires sociales, Issam Lahmar. Cet ac...","canonical":"https:\/\/www.webdo.tn\/fr\/actualite\/national\/tunisie-la-convention-cnam-pharmaciens-renouvelee\/218667\/","og_locale":"fr_FR","og_type":"article","og_title":"Tunisie : La convention CNAM-pharmaciens renouvel\u00e9e","og_description":"Un accord important a \u00e9t\u00e9 conclu ce vendredi 27 d\u00e9cembre 2024, lors d\u2019une s\u00e9ance de travail pr\u00e9sid\u00e9e par le ministre des Affaires sociales, Issam Lahmar. Cet ac...","og_url":"https:\/\/www.webdo.tn\/fr\/actualite\/national\/tunisie-la-convention-cnam-pharmaciens-renouvelee\/218667\/","og_site_name":"webdo","article_publisher":"https:\/\/www.facebook.com\/webdotn","article_published_time":"2024-12-28T09:38:00+00:00","article_modified_time":"2025-06-20T15:31:31+00:00","og_image":[{"width":750,"height":400,"url":"https:\/\/www.webdo.tn\/fr\/wp-content\/uploads\/2025\/05\/60404e51620c3dc6df8b5a0d13286e30-2.webp","type":"image\/webp"}],"author":"MC","twitter_card":"summary_large_image","twitter_creator":"@webdo_tn","twitter_site":"@webdo_tn","twitter_misc":{"\u00c9crit par":"MC","Dur\u00e9e de lecture estim\u00e9e":"2 minutes"},"schema":{"@context":"https:\/\/schema.org","@graph":[{"@type":"NewsArticle","@id":"https:\/\/www.webdo.tn\/fr\/actualite\/national\/tunisie-la-convention-cnam-pharmaciens-renouvelee\/218667\/#article","isPartOf":{"@id":"https:\/\/www.webdo.tn\/fr\/actualite\/national\/tunisie-la-convention-cnam-pharmaciens-renouvelee\/218667\/"},"author":{"name":"MC","@id":"https:\/\/www.webdo.tn\/fr\/#\/schema\/person\/2c4929cbf5a809e3bd38617c6ce150f6"},"headline":"Tunisie : La convention CNAM-pharmaciens renouvel\u00e9e","datePublished":"2024-12-28T09:38:00+00:00","dateModified":"2025-06-20T15:31:31+00:00","mainEntityOfPage":{"@id":"https:\/\/www.webdo.tn\/fr\/actualite\/national\/tunisie-la-convention-cnam-pharmaciens-renouvelee\/218667\/"},"wordCount":228,"commentCount":0,"publisher":{"@id":"https:\/\/www.webdo.tn\/fr\/#organization"},"image":{"@id":"https:\/\/www.webdo.tn\/fr\/actualite\/national\/tunisie-la-convention-cnam-pharmaciens-renouvelee\/218667\/#primaryimage"},"thumbnailUrl":"https:\/\/www.webdo.tn\/fr\/wp-content\/uploads\/2025\/05\/60404e51620c3dc6df8b5a0d13286e30-2.webp","keywords":["CNAM","convention","pharmacies","Tunisie"],"articleSection":["National"],"inLanguage":"fr-FR"},{"@type":"WebPage","@id":"https:\/\/www.webdo.tn\/fr\/actualite\/national\/tunisie-la-convention-cnam-pharmaciens-renouvelee\/218667\/","url":"https:\/\/www.webdo.tn\/fr\/actualite\/national\/tunisie-la-convention-cnam-pharmaciens-renouvelee\/218667\/","name":"Tunisie : La convention CNAM-pharmaciens renouvel\u00e9e","isPartOf":{"@id":"https:\/\/www.webdo.tn\/fr\/#website"},"primaryImageOfPage":{"@id":"https:\/\/www.webdo.tn\/fr\/actualite\/national\/tunisie-la-convention-cnam-pharmaciens-renouvelee\/218667\/#primaryimage"},"image":{"@id":"https:\/\/www.webdo.tn\/fr\/actualite\/national\/tunisie-la-convention-cnam-pharmaciens-renouvelee\/218667\/#primaryimage"},"thumbnailUrl":"https:\/\/www.webdo.tn\/fr\/wp-content\/uploads\/2025\/05\/60404e51620c3dc6df8b5a0d13286e30-2.webp","datePublished":"2024-12-28T09:38:00+00:00","dateModified":"2025-06-20T15:31:31+00:00","description":"Un accord important a \u00e9t\u00e9 conclu ce vendredi 27 d\u00e9cembre 2024, lors d\u2019une s\u00e9ance de travail pr\u00e9sid\u00e9e par le ministre des Affaires sociales, Issam Lahmar. Cet ac...","breadcrumb":{"@id":"https:\/\/www.webdo.tn\/fr\/actualite\/national\/tunisie-la-convention-cnam-pharmaciens-renouvelee\/218667\/#breadcrumb"},"inLanguage":"fr-FR","potentialAction":[{"@type":"ReadAction","target":["https:\/\/www.webdo.tn\/fr\/actualite\/national\/tunisie-la-convention-cnam-pharmaciens-renouvelee\/218667\/"]}]},{"@type":"ImageObject","inLanguage":"fr-FR","@id":"https:\/\/www.webdo.tn\/fr\/actualite\/national\/tunisie-la-convention-cnam-pharmaciens-renouvelee\/218667\/#primaryimage","url":"https:\/\/www.webdo.tn\/fr\/wp-content\/uploads\/2025\/05\/60404e51620c3dc6df8b5a0d13286e30-2.webp","contentUrl":"https:\/\/www.webdo.tn\/fr\/wp-content\/uploads\/2025\/05\/60404e51620c3dc6df8b5a0d13286e30-2.webp","width":750,"height":400},{"@type":"BreadcrumbList","@id":"https:\/\/www.webdo.tn\/fr\/actualite\/national\/tunisie-la-convention-cnam-pharmaciens-renouvelee\/218667\/#breadcrumb","itemListElement":[{"@type":"ListItem","position":1,"name":"Accueil","item":"https:\/\/www.webdo.tn\/fr\/"},{"@type":"ListItem","position":2,"name":"Tunisie : La convention CNAM-pharmaciens renouvel\u00e9e"}]},{"@type":"WebSite","@id":"https:\/\/www.webdo.tn\/fr\/#website","url":"https:\/\/www.webdo.tn\/fr\/","name":"webdo","description":"Tunisie - News en Tunisie et \u00e0 l&#039;international sur Webdo.tn","publisher":{"@id":"https:\/\/www.webdo.tn\/fr\/#organization"},"potentialAction":[{"@type":"SearchAction","target":{"@type":"EntryPoint","urlTemplate":"https:\/\/www.webdo.tn\/fr\/?s={search_term_string}"},"query-input":{"@type":"PropertyValueSpecification","valueRequired":true,"valueName":"search_term_string"}}],"inLanguage":"fr-FR"},{"@type":"Organization","@id":"https:\/\/www.webdo.tn\/fr\/#organization","name":"Webdo","alternateName":"Webdo.tn","url":"https:\/\/www.webdo.tn\/fr\/","logo":{"@type":"ImageObject","inLanguage":"fr-FR","@id":"https:\/\/www.webdo.tn\/fr\/#\/schema\/logo\/image\/","url":"https:\/\/www.webdo.tn\/fr\/wp-content\/uploads\/2025\/06\/Webdo-Tunisie_168377.jpg","contentUrl":"https:\/\/www.webdo.tn\/fr\/wp-content\/uploads\/2025\/06\/Webdo-Tunisie_168377.jpg","width":301,"height":301,"caption":"Webdo"},"image":{"@id":"https:\/\/www.webdo.tn\/fr\/#\/schema\/logo\/image\/"},"sameAs":["https:\/\/www.facebook.com\/webdotn","https:\/\/x.com\/webdo_tn"],"description":"Webdo est un m\u00e9dia num\u00e9rique tunisien fond\u00e9 en 2010, sp\u00e9cialis\u00e9 dans l\u2019actualit\u00e9 nationale et internationale, l\u2019\u00e9conomie, la soci\u00e9t\u00e9 et les analyses politiques. Le site s\u2019adresse \u00e0 un large public francophone et couvre l\u2019information tunisienne en temps r\u00e9el.","email":"redac@webdo.tn","legalName":"YNJ SARL","foundingDate":"2010-09-06","numberOfEmployees":{"@type":"QuantitativeValue","minValue":"11","maxValue":"50"}},{"@type":"Person","@id":"https:\/\/www.webdo.tn\/fr\/#\/schema\/person\/2c4929cbf5a809e3bd38617c6ce150f6","name":"MC","image":{"@type":"ImageObject","inLanguage":"fr-FR","@id":"https:\/\/secure.gravatar.com\/avatar\/a545bbb6f84efdd5553dbbc2895e3ca8f1d12c5215e00a041c9670b54aa9b18a?s=96&d=mm&r=g","url":"https:\/\/secure.gravatar.com\/avatar\/a545bbb6f84efdd5553dbbc2895e3ca8f1d12c5215e00a041c9670b54aa9b18a?s=96&d=mm&r=g","contentUrl":"https:\/\/secure.gravatar.com\/avatar\/a545bbb6f84efdd5553dbbc2895e3ca8f1d12c5215e00a041c9670b54aa9b18a?s=96&d=mm&r=g","caption":"MC"},"url":"https:\/\/www.webdo.tn\/fr\/actualite\/author\/mc\/"}]}},"_links":{"self":[{"href":"https:\/\/www.webdo.tn\/fr\/wp-json\/wp\/v2\/posts\/218667","targetHints":{"allow":["GET"]}}],"collection":[{"href":"https:\/\/www.webdo.tn\/fr\/wp-json\/wp\/v2\/posts"}],"about":[{"href":"https:\/\/www.webdo.tn\/fr\/wp-json\/wp\/v2\/types\/post"}],"author":[{"embeddable":true,"href":"https:\/\/www.webdo.tn\/fr\/wp-json\/wp\/v2\/users\/3162"}],"replies":[{"embeddable":true,"href":"https:\/\/www.webdo.tn\/fr\/wp-json\/wp\/v2\/comments?post=218667"}],"version-history":[{"count":0,"href":"https:\/\/www.webdo.tn\/fr\/wp-json\/wp\/v2\/posts\/218667\/revisions"}],"wp:featuredmedia":[{"embeddable":true,"href":"https:\/\/www.webdo.tn\/fr\/wp-json\/wp\/v2\/media\/243176"}],"wp:attachment":[{"href":"https:\/\/www.webdo.tn\/fr\/wp-json\/wp\/v2\/media?parent=218667"}],"wp:term":[{"taxonomy":"category","embeddable":true,"href":"https:\/\/www.webdo.tn\/fr\/wp-json\/wp\/v2\/categories?post=218667"},{"taxonomy":"post_tag","embeddable":true,"href":"https:\/\/www.webdo.tn\/fr\/wp-json\/wp\/v2\/tags?post=218667"}],"curies":[{"name":"wp","href":"https:\/\/api.w.org\/{rel}","templated":true}]}}