{"id":218665,"date":"2024-12-28T09:03:00","date_gmt":"2024-12-28T09:03:00","guid":{"rendered":"https:\/\/www.webdo.tn\/fr\/blog\/2024\/12\/28\/tunisie-ceremonie-d-hommage-au-champion-du-monde-de-natation-ahmed-jaouadi\/"},"modified":"2025-05-20T21:44:46","modified_gmt":"2025-05-20T21:44:46","slug":"tunisie-ceremonie-d-hommage-au-champion-du-monde-de-natation-ahmed-jaouadi","status":"publish","type":"post","link":"https:\/\/www.webdo.tn\/fr\/actualite\/sport\/tunisie-ceremonie-d-hommage-au-champion-du-monde-de-natation-ahmed-jaouadi\/218665\/","title":{"rendered":"Tunisie : C\u00e9r\u00e9monie d\u2019hommage au champion du monde de natation Ahmed Jaouadi"},"content":{"rendered":"<p>Le ministre de la Jeunesse et des Sports, Sadok Mourali, a pr\u00e9sid\u00e9, vendredi 27 d\u00e9cembre 2024, au si\u00e8ge du minist\u00e8re, une c\u00e9r\u00e9monie d&rsquo;hommage au champion Ahmed Jaouadi, suite \u00e0 son sacre \u00e0 Budapest.<\/p>\n<p>\t\t\t\t\t\t\t\t\tIl a r\u00e9alis\u00e9 un exploit mondial et historique lors des Championnats du monde de natation Budapest 2024, offrant \u00e0 la Tunisie une m\u00e9daille d&rsquo;or dans l&rsquo;\u00e9preuve de 1500 m nage libre (bassin de 25 m\u00e8tres) avec un temps de 14 minutes, 16 secondes et 0,40 centi\u00e8mes. \u00a0<\/p>\n<p>A cette occasion, le ministre a f\u00e9licit\u00e9 le champion tunisien pour cette performance internationale exceptionnelle et remarquable, soulignant que les r\u00e9sultats impressionnants obtenus lors des Championnats du monde de natation en Hongrie repr\u00e9sentent un honneur pour le drapeau national et pour le sport tunisien.<\/p>\n<p>Il a \u00e9galement salu\u00e9 le r\u00f4le de toutes les parties prenantes ayant contribu\u00e9 \u00e0 ce succ\u00e8s, notamment les cadres accompagnateurs, le bureau f\u00e9d\u00e9ral, le minist\u00e8re, ainsi que l&rsquo;\u00e9quipe technique et l&rsquo;entra\u00eeneur.<\/p>\n<p>Lors de la c\u00e9r\u00e9monie d&rsquo;hommage, les discussions ont port\u00e9 sur les prochaines \u00e9ch\u00e9ances sportives du champion, comme les Championnats du monde des sports aquatiques qui se tiendront \u00e0 Singapour. Il a \u00e9galement \u00e9t\u00e9 question de ses droits financiers ainsi que de ses principales pr\u00e9occupations sur les plans logistique et technique.<\/p>\n<p>Ahmed Jaouadi, nouveau prodige de la natation tunisienne<\/p>\n<p>A 19 ans, Ahmed Jaouadi est l\u2019\u00e9toile montante de la natation tunisienne. Celui qui a domin\u00e9 \u00e0 tous les niveaux les championnats de France junior, a particip\u00e9 aux derniers Jeux Olympiques de Paris 2024. Mais auparavant, il avait fait ses grands d\u00e9buts au niveau mondial lors des Championnats du monde de natation.<\/p>\n<p>Le nouveau prodige de la natation tunisienne a d\u00e9croch\u00e9, le 10 d\u00e9cembre la m\u00e9daille d&rsquo;or aux Championnats du monde de natation en petit bassin \u00e0 Budapest lors d&rsquo;une finale palpitante du 1500 m\u00e8tres nage libre, dominant ses adversaires. Avec un chrono impressionnant de 14&rsquo;16\u00a0\u00bb40, Jaouadi a pris le dessus sur l\u2019Allemand Florian Wellbrock (14&rsquo;17\u00a0\u00bb27) et le Turc Kuzey Tuncelli (14&rsquo;20\u00a0\u00bb64).<\/p>\n<p>Apr\u00e8s avoir rat\u00e9 sa course au 400 m\u00e8tres nage libre, il a brillamment remport\u00e9 la m\u00e9daille de bronze dans l\u2019\u00e9preuve du 800 m\u00e8tres nage libre avec un temps impressionnant de 7\u201931\u00a0\u00bb93, se classant 3\u00e8me derri\u00e8re le Hongrois Zalan Sarkany (7\u201930\u00a0\u00bb56) et l\u2019Allemand Florian Wellbrock (7\u201931\u00a0\u00bb90).<\/p>\n","protected":false},"excerpt":{"rendered":"<p>Le ministre de la Jeunesse et des Sports, Sadok Mourali, a pr\u00e9sid\u00e9, vendredi 27 d\u00e9cembre 2024, au si\u00e8ge du minist\u00e8re, une c\u00e9r\u00e9monie d&rsquo;hommage au champion Ahmed&#8230;<\/p>\n","protected":false},"author":3162,"featured_media":243174,"comment_status":"open","ping_status":"open","sticky":false,"template":"","format":"standard","meta":{"footnotes":""},"categories":[2593],"tags":[3253,4587,3252,2608],"class_list":["post-218665","post","type-post","status-publish","format-standard","has-post-thumbnail","hentry","category-sport","tag-ahmed-jaouadi","tag-champion-du-monde","tag-natation","tag-tunisie"],"yoast_head":"<!-- This site is optimized with the Yoast SEO Premium plugin v27.5 (Yoast SEO v27.5) - https:\/\/yoast.com\/product\/yoast-seo-premium-wordpress\/ -->\n<title>Tunisie : C\u00e9r\u00e9monie d\u2019hommage au champion du monde de natation Ahmed Jaouadi<\/title>\n<meta name=\"description\" content=\"Le ministre de la Jeunesse et des Sports, Sadok Mourali, a pr\u00e9sid\u00e9, vendredi 27 d\u00e9cembre 2024, au si\u00e8ge du minist\u00e8re, une c\u00e9r\u00e9monie d&#039;hommage au champion Ahmed...\" \/>\n<link rel=\"canonical\" href=\"https:\/\/www.webdo.tn\/fr\/actualite\/sport\/tunisie-ceremonie-d-hommage-au-champion-du-monde-de-natation-ahmed-jaouadi\/218665\/\" \/>\n<meta property=\"og:locale\" content=\"fr_FR\" \/>\n<meta property=\"og:type\" content=\"article\" \/>\n<meta property=\"og:title\" content=\"Tunisie : C\u00e9r\u00e9monie d\u2019hommage au champion du monde de natation Ahmed Jaouadi\" \/>\n<meta property=\"og:description\" content=\"Le ministre de la Jeunesse et des Sports, Sadok Mourali, a pr\u00e9sid\u00e9, vendredi 27 d\u00e9cembre 2024, au si\u00e8ge du minist\u00e8re, une c\u00e9r\u00e9monie d&#039;hommage au champion Ahmed...\" \/>\n<meta property=\"og:url\" content=\"https:\/\/www.webdo.tn\/fr\/actualite\/sport\/tunisie-ceremonie-d-hommage-au-champion-du-monde-de-natation-ahmed-jaouadi\/218665\/\" \/>\n<meta property=\"og:site_name\" content=\"webdo\" \/>\n<meta property=\"article:publisher\" content=\"https:\/\/www.facebook.com\/webdotn\" \/>\n<meta property=\"article:published_time\" content=\"2024-12-28T09:03:00+00:00\" \/>\n<meta property=\"article:modified_time\" content=\"2025-05-20T21:44:46+00:00\" \/>\n<meta property=\"og:image\" content=\"https:\/\/www.webdo.tn\/fr\/wp-content\/uploads\/2025\/05\/a234bfaf3c3a5e845e63f9c1fe30aadf-2.webp\" \/>\n\t<meta property=\"og:image:width\" content=\"750\" \/>\n\t<meta property=\"og:image:height\" content=\"400\" \/>\n\t<meta property=\"og:image:type\" content=\"image\/webp\" \/>\n<meta name=\"author\" content=\"MC\" \/>\n<meta name=\"twitter:card\" content=\"summary_large_image\" \/>\n<meta name=\"twitter:creator\" content=\"@webdo_tn\" \/>\n<meta name=\"twitter:site\" content=\"@webdo_tn\" \/>\n<meta name=\"twitter:label1\" content=\"\u00c9crit par\" \/>\n\t<meta name=\"twitter:data1\" content=\"MC\" \/>\n\t<meta name=\"twitter:label2\" content=\"Dur\u00e9e de lecture estim\u00e9e\" \/>\n\t<meta name=\"twitter:data2\" content=\"2 minutes\" \/>\n<script type=\"application\/ld+json\" class=\"yoast-schema-graph\">{\"@context\":\"https:\\\/\\\/schema.org\",\"@graph\":[{\"@type\":\"NewsArticle\",\"@id\":\"https:\\\/\\\/www.webdo.tn\\\/fr\\\/actualite\\\/sport\\\/tunisie-ceremonie-d-hommage-au-champion-du-monde-de-natation-ahmed-jaouadi\\\/218665\\\/#article\",\"isPartOf\":{\"@id\":\"https:\\\/\\\/www.webdo.tn\\\/fr\\\/actualite\\\/sport\\\/tunisie-ceremonie-d-hommage-au-champion-du-monde-de-natation-ahmed-jaouadi\\\/218665\\\/\"},\"author\":{\"name\":\"MC\",\"@id\":\"https:\\\/\\\/www.webdo.tn\\\/fr\\\/#\\\/schema\\\/person\\\/2c4929cbf5a809e3bd38617c6ce150f6\"},\"headline\":\"Tunisie : C\u00e9r\u00e9monie d\u2019hommage au champion du monde de natation Ahmed Jaouadi\",\"datePublished\":\"2024-12-28T09:03:00+00:00\",\"dateModified\":\"2025-05-20T21:44:46+00:00\",\"mainEntityOfPage\":{\"@id\":\"https:\\\/\\\/www.webdo.tn\\\/fr\\\/actualite\\\/sport\\\/tunisie-ceremonie-d-hommage-au-champion-du-monde-de-natation-ahmed-jaouadi\\\/218665\\\/\"},\"wordCount\":401,\"commentCount\":0,\"publisher\":{\"@id\":\"https:\\\/\\\/www.webdo.tn\\\/fr\\\/#organization\"},\"image\":{\"@id\":\"https:\\\/\\\/www.webdo.tn\\\/fr\\\/actualite\\\/sport\\\/tunisie-ceremonie-d-hommage-au-champion-du-monde-de-natation-ahmed-jaouadi\\\/218665\\\/#primaryimage\"},\"thumbnailUrl\":\"https:\\\/\\\/www.webdo.tn\\\/fr\\\/wp-content\\\/uploads\\\/2025\\\/05\\\/a234bfaf3c3a5e845e63f9c1fe30aadf-2.webp\",\"keywords\":[\"Ahmed Jaouadi\",\"champion du monde\",\"natation\",\"Tunisie\"],\"articleSection\":[\"Sport\"],\"inLanguage\":\"fr-FR\"},{\"@type\":\"WebPage\",\"@id\":\"https:\\\/\\\/www.webdo.tn\\\/fr\\\/actualite\\\/sport\\\/tunisie-ceremonie-d-hommage-au-champion-du-monde-de-natation-ahmed-jaouadi\\\/218665\\\/\",\"url\":\"https:\\\/\\\/www.webdo.tn\\\/fr\\\/actualite\\\/sport\\\/tunisie-ceremonie-d-hommage-au-champion-du-monde-de-natation-ahmed-jaouadi\\\/218665\\\/\",\"name\":\"Tunisie : C\u00e9r\u00e9monie d\u2019hommage au champion du monde de natation Ahmed Jaouadi\",\"isPartOf\":{\"@id\":\"https:\\\/\\\/www.webdo.tn\\\/fr\\\/#website\"},\"primaryImageOfPage\":{\"@id\":\"https:\\\/\\\/www.webdo.tn\\\/fr\\\/actualite\\\/sport\\\/tunisie-ceremonie-d-hommage-au-champion-du-monde-de-natation-ahmed-jaouadi\\\/218665\\\/#primaryimage\"},\"image\":{\"@id\":\"https:\\\/\\\/www.webdo.tn\\\/fr\\\/actualite\\\/sport\\\/tunisie-ceremonie-d-hommage-au-champion-du-monde-de-natation-ahmed-jaouadi\\\/218665\\\/#primaryimage\"},\"thumbnailUrl\":\"https:\\\/\\\/www.webdo.tn\\\/fr\\\/wp-content\\\/uploads\\\/2025\\\/05\\\/a234bfaf3c3a5e845e63f9c1fe30aadf-2.webp\",\"datePublished\":\"2024-12-28T09:03:00+00:00\",\"dateModified\":\"2025-05-20T21:44:46+00:00\",\"description\":\"Le ministre de la Jeunesse et des Sports, Sadok Mourali, a pr\u00e9sid\u00e9, vendredi 27 d\u00e9cembre 2024, au si\u00e8ge du minist\u00e8re, une c\u00e9r\u00e9monie d'hommage au champion Ahmed...\",\"breadcrumb\":{\"@id\":\"https:\\\/\\\/www.webdo.tn\\\/fr\\\/actualite\\\/sport\\\/tunisie-ceremonie-d-hommage-au-champion-du-monde-de-natation-ahmed-jaouadi\\\/218665\\\/#breadcrumb\"},\"inLanguage\":\"fr-FR\",\"potentialAction\":[{\"@type\":\"ReadAction\",\"target\":[\"https:\\\/\\\/www.webdo.tn\\\/fr\\\/actualite\\\/sport\\\/tunisie-ceremonie-d-hommage-au-champion-du-monde-de-natation-ahmed-jaouadi\\\/218665\\\/\"]}]},{\"@type\":\"ImageObject\",\"inLanguage\":\"fr-FR\",\"@id\":\"https:\\\/\\\/www.webdo.tn\\\/fr\\\/actualite\\\/sport\\\/tunisie-ceremonie-d-hommage-au-champion-du-monde-de-natation-ahmed-jaouadi\\\/218665\\\/#primaryimage\",\"url\":\"https:\\\/\\\/www.webdo.tn\\\/fr\\\/wp-content\\\/uploads\\\/2025\\\/05\\\/a234bfaf3c3a5e845e63f9c1fe30aadf-2.webp\",\"contentUrl\":\"https:\\\/\\\/www.webdo.tn\\\/fr\\\/wp-content\\\/uploads\\\/2025\\\/05\\\/a234bfaf3c3a5e845e63f9c1fe30aadf-2.webp\",\"width\":750,\"height\":400},{\"@type\":\"BreadcrumbList\",\"@id\":\"https:\\\/\\\/www.webdo.tn\\\/fr\\\/actualite\\\/sport\\\/tunisie-ceremonie-d-hommage-au-champion-du-monde-de-natation-ahmed-jaouadi\\\/218665\\\/#breadcrumb\",\"itemListElement\":[{\"@type\":\"ListItem\",\"position\":1,\"name\":\"Accueil\",\"item\":\"https:\\\/\\\/www.webdo.tn\\\/fr\\\/\"},{\"@type\":\"ListItem\",\"position\":2,\"name\":\"Tunisie : C\u00e9r\u00e9monie d\u2019hommage au champion du monde de natation Ahmed Jaouadi\"}]},{\"@type\":\"WebSite\",\"@id\":\"https:\\\/\\\/www.webdo.tn\\\/fr\\\/#website\",\"url\":\"https:\\\/\\\/www.webdo.tn\\\/fr\\\/\",\"name\":\"webdo\",\"description\":\"Tunisie - News en Tunisie et \u00e0 l&#039;international sur Webdo.tn\",\"publisher\":{\"@id\":\"https:\\\/\\\/www.webdo.tn\\\/fr\\\/#organization\"},\"potentialAction\":[{\"@type\":\"SearchAction\",\"target\":{\"@type\":\"EntryPoint\",\"urlTemplate\":\"https:\\\/\\\/www.webdo.tn\\\/fr\\\/?s={search_term_string}\"},\"query-input\":{\"@type\":\"PropertyValueSpecification\",\"valueRequired\":true,\"valueName\":\"search_term_string\"}}],\"inLanguage\":\"fr-FR\"},{\"@type\":\"Organization\",\"@id\":\"https:\\\/\\\/www.webdo.tn\\\/fr\\\/#organization\",\"name\":\"Webdo\",\"alternateName\":\"Webdo.tn\",\"url\":\"https:\\\/\\\/www.webdo.tn\\\/fr\\\/\",\"logo\":{\"@type\":\"ImageObject\",\"inLanguage\":\"fr-FR\",\"@id\":\"https:\\\/\\\/www.webdo.tn\\\/fr\\\/#\\\/schema\\\/logo\\\/image\\\/\",\"url\":\"https:\\\/\\\/www.webdo.tn\\\/fr\\\/wp-content\\\/uploads\\\/2025\\\/06\\\/Webdo-Tunisie_168377.jpg\",\"contentUrl\":\"https:\\\/\\\/www.webdo.tn\\\/fr\\\/wp-content\\\/uploads\\\/2025\\\/06\\\/Webdo-Tunisie_168377.jpg\",\"width\":301,\"height\":301,\"caption\":\"Webdo\"},\"image\":{\"@id\":\"https:\\\/\\\/www.webdo.tn\\\/fr\\\/#\\\/schema\\\/logo\\\/image\\\/\"},\"sameAs\":[\"https:\\\/\\\/www.facebook.com\\\/webdotn\",\"https:\\\/\\\/x.com\\\/webdo_tn\"],\"description\":\"Webdo est un m\u00e9dia num\u00e9rique tunisien fond\u00e9 en 2010, sp\u00e9cialis\u00e9 dans l\u2019actualit\u00e9 nationale et internationale, l\u2019\u00e9conomie, la soci\u00e9t\u00e9 et les analyses politiques. Le site s\u2019adresse \u00e0 un large public francophone et couvre l\u2019information tunisienne en temps r\u00e9el.\",\"email\":\"redac@webdo.tn\",\"legalName\":\"YNJ SARL\",\"foundingDate\":\"2010-09-06\",\"numberOfEmployees\":{\"@type\":\"QuantitativeValue\",\"minValue\":\"11\",\"maxValue\":\"50\"}},{\"@type\":\"Person\",\"@id\":\"https:\\\/\\\/www.webdo.tn\\\/fr\\\/#\\\/schema\\\/person\\\/2c4929cbf5a809e3bd38617c6ce150f6\",\"name\":\"MC\",\"image\":{\"@type\":\"ImageObject\",\"inLanguage\":\"fr-FR\",\"@id\":\"https:\\\/\\\/secure.gravatar.com\\\/avatar\\\/a545bbb6f84efdd5553dbbc2895e3ca8f1d12c5215e00a041c9670b54aa9b18a?s=96&d=mm&r=g\",\"url\":\"https:\\\/\\\/secure.gravatar.com\\\/avatar\\\/a545bbb6f84efdd5553dbbc2895e3ca8f1d12c5215e00a041c9670b54aa9b18a?s=96&d=mm&r=g\",\"contentUrl\":\"https:\\\/\\\/secure.gravatar.com\\\/avatar\\\/a545bbb6f84efdd5553dbbc2895e3ca8f1d12c5215e00a041c9670b54aa9b18a?s=96&d=mm&r=g\",\"caption\":\"MC\"},\"url\":\"https:\\\/\\\/www.webdo.tn\\\/fr\\\/actualite\\\/author\\\/mc\\\/\"}]}<\/script>\n<!-- \/ Yoast SEO Premium plugin. -->","yoast_head_json":{"title":"Tunisie : C\u00e9r\u00e9monie d\u2019hommage au champion du monde de natation Ahmed Jaouadi","description":"Le ministre de la Jeunesse et des Sports, Sadok Mourali, a pr\u00e9sid\u00e9, vendredi 27 d\u00e9cembre 2024, au si\u00e8ge du minist\u00e8re, une c\u00e9r\u00e9monie d'hommage au champion Ahmed...","canonical":"https:\/\/www.webdo.tn\/fr\/actualite\/sport\/tunisie-ceremonie-d-hommage-au-champion-du-monde-de-natation-ahmed-jaouadi\/218665\/","og_locale":"fr_FR","og_type":"article","og_title":"Tunisie : C\u00e9r\u00e9monie d\u2019hommage au champion du monde de natation Ahmed Jaouadi","og_description":"Le ministre de la Jeunesse et des Sports, Sadok Mourali, a pr\u00e9sid\u00e9, vendredi 27 d\u00e9cembre 2024, au si\u00e8ge du minist\u00e8re, une c\u00e9r\u00e9monie d'hommage au champion Ahmed...","og_url":"https:\/\/www.webdo.tn\/fr\/actualite\/sport\/tunisie-ceremonie-d-hommage-au-champion-du-monde-de-natation-ahmed-jaouadi\/218665\/","og_site_name":"webdo","article_publisher":"https:\/\/www.facebook.com\/webdotn","article_published_time":"2024-12-28T09:03:00+00:00","article_modified_time":"2025-05-20T21:44:46+00:00","og_image":[{"width":750,"height":400,"url":"https:\/\/www.webdo.tn\/fr\/wp-content\/uploads\/2025\/05\/a234bfaf3c3a5e845e63f9c1fe30aadf-2.webp","type":"image\/webp"}],"author":"MC","twitter_card":"summary_large_image","twitter_creator":"@webdo_tn","twitter_site":"@webdo_tn","twitter_misc":{"\u00c9crit par":"MC","Dur\u00e9e de lecture estim\u00e9e":"2 minutes"},"schema":{"@context":"https:\/\/schema.org","@graph":[{"@type":"NewsArticle","@id":"https:\/\/www.webdo.tn\/fr\/actualite\/sport\/tunisie-ceremonie-d-hommage-au-champion-du-monde-de-natation-ahmed-jaouadi\/218665\/#article","isPartOf":{"@id":"https:\/\/www.webdo.tn\/fr\/actualite\/sport\/tunisie-ceremonie-d-hommage-au-champion-du-monde-de-natation-ahmed-jaouadi\/218665\/"},"author":{"name":"MC","@id":"https:\/\/www.webdo.tn\/fr\/#\/schema\/person\/2c4929cbf5a809e3bd38617c6ce150f6"},"headline":"Tunisie : C\u00e9r\u00e9monie d\u2019hommage au champion du monde de natation Ahmed Jaouadi","datePublished":"2024-12-28T09:03:00+00:00","dateModified":"2025-05-20T21:44:46+00:00","mainEntityOfPage":{"@id":"https:\/\/www.webdo.tn\/fr\/actualite\/sport\/tunisie-ceremonie-d-hommage-au-champion-du-monde-de-natation-ahmed-jaouadi\/218665\/"},"wordCount":401,"commentCount":0,"publisher":{"@id":"https:\/\/www.webdo.tn\/fr\/#organization"},"image":{"@id":"https:\/\/www.webdo.tn\/fr\/actualite\/sport\/tunisie-ceremonie-d-hommage-au-champion-du-monde-de-natation-ahmed-jaouadi\/218665\/#primaryimage"},"thumbnailUrl":"https:\/\/www.webdo.tn\/fr\/wp-content\/uploads\/2025\/05\/a234bfaf3c3a5e845e63f9c1fe30aadf-2.webp","keywords":["Ahmed Jaouadi","champion du monde","natation","Tunisie"],"articleSection":["Sport"],"inLanguage":"fr-FR"},{"@type":"WebPage","@id":"https:\/\/www.webdo.tn\/fr\/actualite\/sport\/tunisie-ceremonie-d-hommage-au-champion-du-monde-de-natation-ahmed-jaouadi\/218665\/","url":"https:\/\/www.webdo.tn\/fr\/actualite\/sport\/tunisie-ceremonie-d-hommage-au-champion-du-monde-de-natation-ahmed-jaouadi\/218665\/","name":"Tunisie : C\u00e9r\u00e9monie d\u2019hommage au champion du monde de natation Ahmed Jaouadi","isPartOf":{"@id":"https:\/\/www.webdo.tn\/fr\/#website"},"primaryImageOfPage":{"@id":"https:\/\/www.webdo.tn\/fr\/actualite\/sport\/tunisie-ceremonie-d-hommage-au-champion-du-monde-de-natation-ahmed-jaouadi\/218665\/#primaryimage"},"image":{"@id":"https:\/\/www.webdo.tn\/fr\/actualite\/sport\/tunisie-ceremonie-d-hommage-au-champion-du-monde-de-natation-ahmed-jaouadi\/218665\/#primaryimage"},"thumbnailUrl":"https:\/\/www.webdo.tn\/fr\/wp-content\/uploads\/2025\/05\/a234bfaf3c3a5e845e63f9c1fe30aadf-2.webp","datePublished":"2024-12-28T09:03:00+00:00","dateModified":"2025-05-20T21:44:46+00:00","description":"Le ministre de la Jeunesse et des Sports, Sadok Mourali, a pr\u00e9sid\u00e9, vendredi 27 d\u00e9cembre 2024, au si\u00e8ge du minist\u00e8re, une c\u00e9r\u00e9monie d'hommage au champion Ahmed...","breadcrumb":{"@id":"https:\/\/www.webdo.tn\/fr\/actualite\/sport\/tunisie-ceremonie-d-hommage-au-champion-du-monde-de-natation-ahmed-jaouadi\/218665\/#breadcrumb"},"inLanguage":"fr-FR","potentialAction":[{"@type":"ReadAction","target":["https:\/\/www.webdo.tn\/fr\/actualite\/sport\/tunisie-ceremonie-d-hommage-au-champion-du-monde-de-natation-ahmed-jaouadi\/218665\/"]}]},{"@type":"ImageObject","inLanguage":"fr-FR","@id":"https:\/\/www.webdo.tn\/fr\/actualite\/sport\/tunisie-ceremonie-d-hommage-au-champion-du-monde-de-natation-ahmed-jaouadi\/218665\/#primaryimage","url":"https:\/\/www.webdo.tn\/fr\/wp-content\/uploads\/2025\/05\/a234bfaf3c3a5e845e63f9c1fe30aadf-2.webp","contentUrl":"https:\/\/www.webdo.tn\/fr\/wp-content\/uploads\/2025\/05\/a234bfaf3c3a5e845e63f9c1fe30aadf-2.webp","width":750,"height":400},{"@type":"BreadcrumbList","@id":"https:\/\/www.webdo.tn\/fr\/actualite\/sport\/tunisie-ceremonie-d-hommage-au-champion-du-monde-de-natation-ahmed-jaouadi\/218665\/#breadcrumb","itemListElement":[{"@type":"ListItem","position":1,"name":"Accueil","item":"https:\/\/www.webdo.tn\/fr\/"},{"@type":"ListItem","position":2,"name":"Tunisie : C\u00e9r\u00e9monie d\u2019hommage au champion du monde de natation Ahmed Jaouadi"}]},{"@type":"WebSite","@id":"https:\/\/www.webdo.tn\/fr\/#website","url":"https:\/\/www.webdo.tn\/fr\/","name":"webdo","description":"Tunisie - News en Tunisie et \u00e0 l&#039;international sur Webdo.tn","publisher":{"@id":"https:\/\/www.webdo.tn\/fr\/#organization"},"potentialAction":[{"@type":"SearchAction","target":{"@type":"EntryPoint","urlTemplate":"https:\/\/www.webdo.tn\/fr\/?s={search_term_string}"},"query-input":{"@type":"PropertyValueSpecification","valueRequired":true,"valueName":"search_term_string"}}],"inLanguage":"fr-FR"},{"@type":"Organization","@id":"https:\/\/www.webdo.tn\/fr\/#organization","name":"Webdo","alternateName":"Webdo.tn","url":"https:\/\/www.webdo.tn\/fr\/","logo":{"@type":"ImageObject","inLanguage":"fr-FR","@id":"https:\/\/www.webdo.tn\/fr\/#\/schema\/logo\/image\/","url":"https:\/\/www.webdo.tn\/fr\/wp-content\/uploads\/2025\/06\/Webdo-Tunisie_168377.jpg","contentUrl":"https:\/\/www.webdo.tn\/fr\/wp-content\/uploads\/2025\/06\/Webdo-Tunisie_168377.jpg","width":301,"height":301,"caption":"Webdo"},"image":{"@id":"https:\/\/www.webdo.tn\/fr\/#\/schema\/logo\/image\/"},"sameAs":["https:\/\/www.facebook.com\/webdotn","https:\/\/x.com\/webdo_tn"],"description":"Webdo est un m\u00e9dia num\u00e9rique tunisien fond\u00e9 en 2010, sp\u00e9cialis\u00e9 dans l\u2019actualit\u00e9 nationale et internationale, l\u2019\u00e9conomie, la soci\u00e9t\u00e9 et les analyses politiques. Le site s\u2019adresse \u00e0 un large public francophone et couvre l\u2019information tunisienne en temps r\u00e9el.","email":"redac@webdo.tn","legalName":"YNJ SARL","foundingDate":"2010-09-06","numberOfEmployees":{"@type":"QuantitativeValue","minValue":"11","maxValue":"50"}},{"@type":"Person","@id":"https:\/\/www.webdo.tn\/fr\/#\/schema\/person\/2c4929cbf5a809e3bd38617c6ce150f6","name":"MC","image":{"@type":"ImageObject","inLanguage":"fr-FR","@id":"https:\/\/secure.gravatar.com\/avatar\/a545bbb6f84efdd5553dbbc2895e3ca8f1d12c5215e00a041c9670b54aa9b18a?s=96&d=mm&r=g","url":"https:\/\/secure.gravatar.com\/avatar\/a545bbb6f84efdd5553dbbc2895e3ca8f1d12c5215e00a041c9670b54aa9b18a?s=96&d=mm&r=g","contentUrl":"https:\/\/secure.gravatar.com\/avatar\/a545bbb6f84efdd5553dbbc2895e3ca8f1d12c5215e00a041c9670b54aa9b18a?s=96&d=mm&r=g","caption":"MC"},"url":"https:\/\/www.webdo.tn\/fr\/actualite\/author\/mc\/"}]}},"_links":{"self":[{"href":"https:\/\/www.webdo.tn\/fr\/wp-json\/wp\/v2\/posts\/218665","targetHints":{"allow":["GET"]}}],"collection":[{"href":"https:\/\/www.webdo.tn\/fr\/wp-json\/wp\/v2\/posts"}],"about":[{"href":"https:\/\/www.webdo.tn\/fr\/wp-json\/wp\/v2\/types\/post"}],"author":[{"embeddable":true,"href":"https:\/\/www.webdo.tn\/fr\/wp-json\/wp\/v2\/users\/3162"}],"replies":[{"embeddable":true,"href":"https:\/\/www.webdo.tn\/fr\/wp-json\/wp\/v2\/comments?post=218665"}],"version-history":[{"count":0,"href":"https:\/\/www.webdo.tn\/fr\/wp-json\/wp\/v2\/posts\/218665\/revisions"}],"wp:featuredmedia":[{"embeddable":true,"href":"https:\/\/www.webdo.tn\/fr\/wp-json\/wp\/v2\/media\/243174"}],"wp:attachment":[{"href":"https:\/\/www.webdo.tn\/fr\/wp-json\/wp\/v2\/media?parent=218665"}],"wp:term":[{"taxonomy":"category","embeddable":true,"href":"https:\/\/www.webdo.tn\/fr\/wp-json\/wp\/v2\/categories?post=218665"},{"taxonomy":"post_tag","embeddable":true,"href":"https:\/\/www.webdo.tn\/fr\/wp-json\/wp\/v2\/tags?post=218665"}],"curies":[{"name":"wp","href":"https:\/\/api.w.org\/{rel}","templated":true}]}}