{"id":218662,"date":"2024-12-27T20:24:00","date_gmt":"2024-12-27T20:24:00","guid":{"rendered":"https:\/\/www.webdo.tn\/fr\/blog\/2024\/12\/27\/tunisie-condamne-a-3-mois-avec-sursis-ahmed-laamari-de-nouveau-libere\/"},"modified":"2025-05-21T09:01:07","modified_gmt":"2025-05-21T09:01:07","slug":"tunisie-condamne-a-3-mois-avec-sursis-ahmed-laamari-de-nouveau-libere","status":"publish","type":"post","link":"https:\/\/www.webdo.tn\/fr\/actualite\/national\/tunisie-condamne-a-3-mois-avec-sursis-ahmed-laamari-de-nouveau-libere\/218662\/","title":{"rendered":"Tunisie : Condamn\u00e9 \u00e0 3 mois avec sursis, Ahmed La\u00e2mari de nouveau lib\u00e9r\u00e9"},"content":{"rendered":"<p>Le Front du Salut National a annonc\u00e9, vendredi 27 d\u00e9cembre, la lib\u00e9ration d&rsquo;Ahmed La\u00e2mari, dirigeant du mouvement Ennahdha et ancien d\u00e9put\u00e9, apr\u00e8s sa condamnation \u00e0 trois mois et demi de prison avec sursis \u00e0 Gab\u00e8s pour avoir enfreint les r\u00e8gles de r\u00e9sidence.<\/p>\n<p>\t\t\t\t\t\t\t\t\tIl convient de rappeler que, le mardi 24 d\u00e9cembre, la chambre criminelle sp\u00e9cialis\u00e9e dans les affaires de terrorisme du tribunal de premi\u00e8re instance de Tunis avait ordonn\u00e9 sa lib\u00e9ration. Toutefois, seulement 48 heures apr\u00e8s sa sortie de prison, jeudi 26 d\u00e9cembre 2024, il a \u00e9t\u00e9 de nouveau arr\u00eat\u00e9.<\/p>\n<p>En mai dernier, la chambre d&rsquo;accusation sp\u00e9cialis\u00e9e dans les affaires de terrorisme de la Cour d&rsquo;appel de Tunis avait d\u00e9cid\u00e9 de renvoyer Ahmed La\u00e2mari et Mehdi Ben Gharbia devant la chambre criminelle sp\u00e9cialis\u00e9e pour \u00eatre jug\u00e9s dans une affaire li\u00e9e \u00e0 un incident survenu dans l&rsquo;une des prisons.<\/p>\n","protected":false},"excerpt":{"rendered":"<p>Lib\u00e9ration d&rsquo;Ahmed La\u00e2mari, dirigeant d&rsquo;Ennahdha, apr\u00e8s sa condamnation \u00e0 Gab\u00e8s. Retour sur ses r\u00e9centes arrestations et l&rsquo;affaire judiciaire en cours.<\/p>\n","protected":false},"author":3166,"featured_media":243170,"comment_status":"open","ping_status":"open","sticky":false,"template":"","format":"standard","meta":{"footnotes":""},"categories":[44],"tags":[3668,2835,3938,4585,2608],"class_list":["post-218662","post","type-post","status-publish","format-standard","has-post-thumbnail","hentry","category-national","tag-ahmed-laamari","tag-condamnation","tag-liberation","tag-sursis","tag-tunisie"],"yoast_head":"<!-- This site is optimized with the Yoast SEO Premium plugin v27.5 (Yoast SEO v27.5) - https:\/\/yoast.com\/product\/yoast-seo-premium-wordpress\/ -->\n<title>Tunisie : Condamn\u00e9 \u00e0 3 mois avec sursis, Ahmed La\u00e2mari de nouveau lib\u00e9r\u00e9<\/title>\n<meta name=\"description\" content=\"Lib\u00e9ration d&#039;Ahmed La\u00e2mari, dirigeant d&#039;Ennahdha, apr\u00e8s sa condamnation \u00e0 Gab\u00e8s. Retour sur ses r\u00e9centes arrestations et l&#039;affaire judiciaire en cours.\" \/>\n<link rel=\"canonical\" href=\"https:\/\/www.webdo.tn\/fr\/actualite\/national\/tunisie-condamne-a-3-mois-avec-sursis-ahmed-laamari-de-nouveau-libere\/218662\/\" \/>\n<meta property=\"og:locale\" content=\"fr_FR\" \/>\n<meta property=\"og:type\" content=\"article\" \/>\n<meta property=\"og:title\" content=\"Tunisie : Condamn\u00e9 \u00e0 3 mois avec sursis, Ahmed La\u00e2mari de nouveau lib\u00e9r\u00e9\" \/>\n<meta property=\"og:description\" content=\"Lib\u00e9ration d&#039;Ahmed La\u00e2mari, dirigeant d&#039;Ennahdha, apr\u00e8s sa condamnation \u00e0 Gab\u00e8s. Retour sur ses r\u00e9centes arrestations et l&#039;affaire judiciaire en cours.\" \/>\n<meta property=\"og:url\" content=\"https:\/\/www.webdo.tn\/fr\/actualite\/national\/tunisie-condamne-a-3-mois-avec-sursis-ahmed-laamari-de-nouveau-libere\/218662\/\" \/>\n<meta property=\"og:site_name\" content=\"webdo\" \/>\n<meta property=\"article:publisher\" content=\"https:\/\/www.facebook.com\/webdotn\" \/>\n<meta property=\"article:published_time\" content=\"2024-12-27T20:24:00+00:00\" \/>\n<meta property=\"article:modified_time\" content=\"2025-05-21T09:01:07+00:00\" \/>\n<meta property=\"og:image\" content=\"https:\/\/www.webdo.tn\/fr\/wp-content\/uploads\/2025\/05\/b67d7063d44f51dc057e51f15fb14e85-2.webp\" \/>\n\t<meta property=\"og:image:width\" content=\"750\" \/>\n\t<meta property=\"og:image:height\" content=\"400\" \/>\n\t<meta property=\"og:image:type\" content=\"image\/webp\" \/>\n<meta name=\"author\" content=\"AZ\" \/>\n<meta name=\"twitter:card\" content=\"summary_large_image\" \/>\n<meta name=\"twitter:creator\" content=\"@webdo_tn\" \/>\n<meta name=\"twitter:site\" content=\"@webdo_tn\" \/>\n<meta name=\"twitter:label1\" content=\"\u00c9crit par\" \/>\n\t<meta name=\"twitter:data1\" content=\"AZ\" \/>\n\t<meta name=\"twitter:label2\" content=\"Dur\u00e9e de lecture estim\u00e9e\" \/>\n\t<meta name=\"twitter:data2\" content=\"1 minute\" \/>\n<script type=\"application\/ld+json\" class=\"yoast-schema-graph\">{\"@context\":\"https:\\\/\\\/schema.org\",\"@graph\":[{\"@type\":\"NewsArticle\",\"@id\":\"https:\\\/\\\/www.webdo.tn\\\/fr\\\/actualite\\\/national\\\/tunisie-condamne-a-3-mois-avec-sursis-ahmed-laamari-de-nouveau-libere\\\/218662\\\/#article\",\"isPartOf\":{\"@id\":\"https:\\\/\\\/www.webdo.tn\\\/fr\\\/actualite\\\/national\\\/tunisie-condamne-a-3-mois-avec-sursis-ahmed-laamari-de-nouveau-libere\\\/218662\\\/\"},\"author\":{\"name\":\"AZ\",\"@id\":\"https:\\\/\\\/www.webdo.tn\\\/fr\\\/#\\\/schema\\\/person\\\/b8a41c04d93287d375510db360906b34\"},\"headline\":\"Tunisie : Condamn\u00e9 \u00e0 3 mois avec sursis, Ahmed La\u00e2mari de nouveau lib\u00e9r\u00e9\",\"datePublished\":\"2024-12-27T20:24:00+00:00\",\"dateModified\":\"2025-05-21T09:01:07+00:00\",\"mainEntityOfPage\":{\"@id\":\"https:\\\/\\\/www.webdo.tn\\\/fr\\\/actualite\\\/national\\\/tunisie-condamne-a-3-mois-avec-sursis-ahmed-laamari-de-nouveau-libere\\\/218662\\\/\"},\"wordCount\":170,\"commentCount\":0,\"publisher\":{\"@id\":\"https:\\\/\\\/www.webdo.tn\\\/fr\\\/#organization\"},\"image\":{\"@id\":\"https:\\\/\\\/www.webdo.tn\\\/fr\\\/actualite\\\/national\\\/tunisie-condamne-a-3-mois-avec-sursis-ahmed-laamari-de-nouveau-libere\\\/218662\\\/#primaryimage\"},\"thumbnailUrl\":\"https:\\\/\\\/www.webdo.tn\\\/fr\\\/wp-content\\\/uploads\\\/2025\\\/05\\\/b67d7063d44f51dc057e51f15fb14e85-2.webp\",\"keywords\":[\"ahmed la\u00e2mari\",\"condamnation\",\"lib\u00e9ration\",\"sursis\",\"Tunisie\"],\"articleSection\":[\"National\"],\"inLanguage\":\"fr-FR\"},{\"@type\":\"WebPage\",\"@id\":\"https:\\\/\\\/www.webdo.tn\\\/fr\\\/actualite\\\/national\\\/tunisie-condamne-a-3-mois-avec-sursis-ahmed-laamari-de-nouveau-libere\\\/218662\\\/\",\"url\":\"https:\\\/\\\/www.webdo.tn\\\/fr\\\/actualite\\\/national\\\/tunisie-condamne-a-3-mois-avec-sursis-ahmed-laamari-de-nouveau-libere\\\/218662\\\/\",\"name\":\"Tunisie : Condamn\u00e9 \u00e0 3 mois avec sursis, Ahmed La\u00e2mari de nouveau lib\u00e9r\u00e9\",\"isPartOf\":{\"@id\":\"https:\\\/\\\/www.webdo.tn\\\/fr\\\/#website\"},\"primaryImageOfPage\":{\"@id\":\"https:\\\/\\\/www.webdo.tn\\\/fr\\\/actualite\\\/national\\\/tunisie-condamne-a-3-mois-avec-sursis-ahmed-laamari-de-nouveau-libere\\\/218662\\\/#primaryimage\"},\"image\":{\"@id\":\"https:\\\/\\\/www.webdo.tn\\\/fr\\\/actualite\\\/national\\\/tunisie-condamne-a-3-mois-avec-sursis-ahmed-laamari-de-nouveau-libere\\\/218662\\\/#primaryimage\"},\"thumbnailUrl\":\"https:\\\/\\\/www.webdo.tn\\\/fr\\\/wp-content\\\/uploads\\\/2025\\\/05\\\/b67d7063d44f51dc057e51f15fb14e85-2.webp\",\"datePublished\":\"2024-12-27T20:24:00+00:00\",\"dateModified\":\"2025-05-21T09:01:07+00:00\",\"description\":\"Lib\u00e9ration d'Ahmed La\u00e2mari, dirigeant d'Ennahdha, apr\u00e8s sa condamnation \u00e0 Gab\u00e8s. Retour sur ses r\u00e9centes arrestations et l'affaire judiciaire en cours.\",\"breadcrumb\":{\"@id\":\"https:\\\/\\\/www.webdo.tn\\\/fr\\\/actualite\\\/national\\\/tunisie-condamne-a-3-mois-avec-sursis-ahmed-laamari-de-nouveau-libere\\\/218662\\\/#breadcrumb\"},\"inLanguage\":\"fr-FR\",\"potentialAction\":[{\"@type\":\"ReadAction\",\"target\":[\"https:\\\/\\\/www.webdo.tn\\\/fr\\\/actualite\\\/national\\\/tunisie-condamne-a-3-mois-avec-sursis-ahmed-laamari-de-nouveau-libere\\\/218662\\\/\"]}]},{\"@type\":\"ImageObject\",\"inLanguage\":\"fr-FR\",\"@id\":\"https:\\\/\\\/www.webdo.tn\\\/fr\\\/actualite\\\/national\\\/tunisie-condamne-a-3-mois-avec-sursis-ahmed-laamari-de-nouveau-libere\\\/218662\\\/#primaryimage\",\"url\":\"https:\\\/\\\/www.webdo.tn\\\/fr\\\/wp-content\\\/uploads\\\/2025\\\/05\\\/b67d7063d44f51dc057e51f15fb14e85-2.webp\",\"contentUrl\":\"https:\\\/\\\/www.webdo.tn\\\/fr\\\/wp-content\\\/uploads\\\/2025\\\/05\\\/b67d7063d44f51dc057e51f15fb14e85-2.webp\",\"width\":750,\"height\":400},{\"@type\":\"BreadcrumbList\",\"@id\":\"https:\\\/\\\/www.webdo.tn\\\/fr\\\/actualite\\\/national\\\/tunisie-condamne-a-3-mois-avec-sursis-ahmed-laamari-de-nouveau-libere\\\/218662\\\/#breadcrumb\",\"itemListElement\":[{\"@type\":\"ListItem\",\"position\":1,\"name\":\"Accueil\",\"item\":\"https:\\\/\\\/www.webdo.tn\\\/fr\\\/\"},{\"@type\":\"ListItem\",\"position\":2,\"name\":\"Tunisie : Condamn\u00e9 \u00e0 3 mois avec sursis, Ahmed La\u00e2mari de nouveau lib\u00e9r\u00e9\"}]},{\"@type\":\"WebSite\",\"@id\":\"https:\\\/\\\/www.webdo.tn\\\/fr\\\/#website\",\"url\":\"https:\\\/\\\/www.webdo.tn\\\/fr\\\/\",\"name\":\"webdo\",\"description\":\"Tunisie - News en Tunisie et \u00e0 l&#039;international sur Webdo.tn\",\"publisher\":{\"@id\":\"https:\\\/\\\/www.webdo.tn\\\/fr\\\/#organization\"},\"potentialAction\":[{\"@type\":\"SearchAction\",\"target\":{\"@type\":\"EntryPoint\",\"urlTemplate\":\"https:\\\/\\\/www.webdo.tn\\\/fr\\\/?s={search_term_string}\"},\"query-input\":{\"@type\":\"PropertyValueSpecification\",\"valueRequired\":true,\"valueName\":\"search_term_string\"}}],\"inLanguage\":\"fr-FR\"},{\"@type\":\"Organization\",\"@id\":\"https:\\\/\\\/www.webdo.tn\\\/fr\\\/#organization\",\"name\":\"Webdo\",\"alternateName\":\"Webdo.tn\",\"url\":\"https:\\\/\\\/www.webdo.tn\\\/fr\\\/\",\"logo\":{\"@type\":\"ImageObject\",\"inLanguage\":\"fr-FR\",\"@id\":\"https:\\\/\\\/www.webdo.tn\\\/fr\\\/#\\\/schema\\\/logo\\\/image\\\/\",\"url\":\"https:\\\/\\\/www.webdo.tn\\\/fr\\\/wp-content\\\/uploads\\\/2025\\\/06\\\/Webdo-Tunisie_168377.jpg\",\"contentUrl\":\"https:\\\/\\\/www.webdo.tn\\\/fr\\\/wp-content\\\/uploads\\\/2025\\\/06\\\/Webdo-Tunisie_168377.jpg\",\"width\":301,\"height\":301,\"caption\":\"Webdo\"},\"image\":{\"@id\":\"https:\\\/\\\/www.webdo.tn\\\/fr\\\/#\\\/schema\\\/logo\\\/image\\\/\"},\"sameAs\":[\"https:\\\/\\\/www.facebook.com\\\/webdotn\",\"https:\\\/\\\/x.com\\\/webdo_tn\"],\"description\":\"Webdo est un m\u00e9dia num\u00e9rique tunisien fond\u00e9 en 2010, sp\u00e9cialis\u00e9 dans l\u2019actualit\u00e9 nationale et internationale, l\u2019\u00e9conomie, la soci\u00e9t\u00e9 et les analyses politiques. Le site s\u2019adresse \u00e0 un large public francophone et couvre l\u2019information tunisienne en temps r\u00e9el.\",\"email\":\"redac@webdo.tn\",\"legalName\":\"YNJ SARL\",\"foundingDate\":\"2010-09-06\",\"numberOfEmployees\":{\"@type\":\"QuantitativeValue\",\"minValue\":\"11\",\"maxValue\":\"50\"}},{\"@type\":\"Person\",\"@id\":\"https:\\\/\\\/www.webdo.tn\\\/fr\\\/#\\\/schema\\\/person\\\/b8a41c04d93287d375510db360906b34\",\"name\":\"AZ\",\"image\":{\"@type\":\"ImageObject\",\"inLanguage\":\"fr-FR\",\"@id\":\"https:\\\/\\\/secure.gravatar.com\\\/avatar\\\/492b80bada79439de4201dce15cd41eece6c277cfdf1b53382073c79105c1f89?s=96&d=mm&r=g\",\"url\":\"https:\\\/\\\/secure.gravatar.com\\\/avatar\\\/492b80bada79439de4201dce15cd41eece6c277cfdf1b53382073c79105c1f89?s=96&d=mm&r=g\",\"contentUrl\":\"https:\\\/\\\/secure.gravatar.com\\\/avatar\\\/492b80bada79439de4201dce15cd41eece6c277cfdf1b53382073c79105c1f89?s=96&d=mm&r=g\",\"caption\":\"AZ\"},\"url\":\"https:\\\/\\\/www.webdo.tn\\\/fr\\\/actualite\\\/author\\\/az\\\/\"}]}<\/script>\n<!-- \/ Yoast SEO Premium plugin. -->","yoast_head_json":{"title":"Tunisie : Condamn\u00e9 \u00e0 3 mois avec sursis, Ahmed La\u00e2mari de nouveau lib\u00e9r\u00e9","description":"Lib\u00e9ration d'Ahmed La\u00e2mari, dirigeant d'Ennahdha, apr\u00e8s sa condamnation \u00e0 Gab\u00e8s. Retour sur ses r\u00e9centes arrestations et l'affaire judiciaire en cours.","canonical":"https:\/\/www.webdo.tn\/fr\/actualite\/national\/tunisie-condamne-a-3-mois-avec-sursis-ahmed-laamari-de-nouveau-libere\/218662\/","og_locale":"fr_FR","og_type":"article","og_title":"Tunisie : Condamn\u00e9 \u00e0 3 mois avec sursis, Ahmed La\u00e2mari de nouveau lib\u00e9r\u00e9","og_description":"Lib\u00e9ration d'Ahmed La\u00e2mari, dirigeant d'Ennahdha, apr\u00e8s sa condamnation \u00e0 Gab\u00e8s. Retour sur ses r\u00e9centes arrestations et l'affaire judiciaire en cours.","og_url":"https:\/\/www.webdo.tn\/fr\/actualite\/national\/tunisie-condamne-a-3-mois-avec-sursis-ahmed-laamari-de-nouveau-libere\/218662\/","og_site_name":"webdo","article_publisher":"https:\/\/www.facebook.com\/webdotn","article_published_time":"2024-12-27T20:24:00+00:00","article_modified_time":"2025-05-21T09:01:07+00:00","og_image":[{"width":750,"height":400,"url":"https:\/\/www.webdo.tn\/fr\/wp-content\/uploads\/2025\/05\/b67d7063d44f51dc057e51f15fb14e85-2.webp","type":"image\/webp"}],"author":"AZ","twitter_card":"summary_large_image","twitter_creator":"@webdo_tn","twitter_site":"@webdo_tn","twitter_misc":{"\u00c9crit par":"AZ","Dur\u00e9e de lecture estim\u00e9e":"1 minute"},"schema":{"@context":"https:\/\/schema.org","@graph":[{"@type":"NewsArticle","@id":"https:\/\/www.webdo.tn\/fr\/actualite\/national\/tunisie-condamne-a-3-mois-avec-sursis-ahmed-laamari-de-nouveau-libere\/218662\/#article","isPartOf":{"@id":"https:\/\/www.webdo.tn\/fr\/actualite\/national\/tunisie-condamne-a-3-mois-avec-sursis-ahmed-laamari-de-nouveau-libere\/218662\/"},"author":{"name":"AZ","@id":"https:\/\/www.webdo.tn\/fr\/#\/schema\/person\/b8a41c04d93287d375510db360906b34"},"headline":"Tunisie : Condamn\u00e9 \u00e0 3 mois avec sursis, Ahmed La\u00e2mari de nouveau lib\u00e9r\u00e9","datePublished":"2024-12-27T20:24:00+00:00","dateModified":"2025-05-21T09:01:07+00:00","mainEntityOfPage":{"@id":"https:\/\/www.webdo.tn\/fr\/actualite\/national\/tunisie-condamne-a-3-mois-avec-sursis-ahmed-laamari-de-nouveau-libere\/218662\/"},"wordCount":170,"commentCount":0,"publisher":{"@id":"https:\/\/www.webdo.tn\/fr\/#organization"},"image":{"@id":"https:\/\/www.webdo.tn\/fr\/actualite\/national\/tunisie-condamne-a-3-mois-avec-sursis-ahmed-laamari-de-nouveau-libere\/218662\/#primaryimage"},"thumbnailUrl":"https:\/\/www.webdo.tn\/fr\/wp-content\/uploads\/2025\/05\/b67d7063d44f51dc057e51f15fb14e85-2.webp","keywords":["ahmed la\u00e2mari","condamnation","lib\u00e9ration","sursis","Tunisie"],"articleSection":["National"],"inLanguage":"fr-FR"},{"@type":"WebPage","@id":"https:\/\/www.webdo.tn\/fr\/actualite\/national\/tunisie-condamne-a-3-mois-avec-sursis-ahmed-laamari-de-nouveau-libere\/218662\/","url":"https:\/\/www.webdo.tn\/fr\/actualite\/national\/tunisie-condamne-a-3-mois-avec-sursis-ahmed-laamari-de-nouveau-libere\/218662\/","name":"Tunisie : Condamn\u00e9 \u00e0 3 mois avec sursis, Ahmed La\u00e2mari de nouveau lib\u00e9r\u00e9","isPartOf":{"@id":"https:\/\/www.webdo.tn\/fr\/#website"},"primaryImageOfPage":{"@id":"https:\/\/www.webdo.tn\/fr\/actualite\/national\/tunisie-condamne-a-3-mois-avec-sursis-ahmed-laamari-de-nouveau-libere\/218662\/#primaryimage"},"image":{"@id":"https:\/\/www.webdo.tn\/fr\/actualite\/national\/tunisie-condamne-a-3-mois-avec-sursis-ahmed-laamari-de-nouveau-libere\/218662\/#primaryimage"},"thumbnailUrl":"https:\/\/www.webdo.tn\/fr\/wp-content\/uploads\/2025\/05\/b67d7063d44f51dc057e51f15fb14e85-2.webp","datePublished":"2024-12-27T20:24:00+00:00","dateModified":"2025-05-21T09:01:07+00:00","description":"Lib\u00e9ration d'Ahmed La\u00e2mari, dirigeant d'Ennahdha, apr\u00e8s sa condamnation \u00e0 Gab\u00e8s. Retour sur ses r\u00e9centes arrestations et l'affaire judiciaire en cours.","breadcrumb":{"@id":"https:\/\/www.webdo.tn\/fr\/actualite\/national\/tunisie-condamne-a-3-mois-avec-sursis-ahmed-laamari-de-nouveau-libere\/218662\/#breadcrumb"},"inLanguage":"fr-FR","potentialAction":[{"@type":"ReadAction","target":["https:\/\/www.webdo.tn\/fr\/actualite\/national\/tunisie-condamne-a-3-mois-avec-sursis-ahmed-laamari-de-nouveau-libere\/218662\/"]}]},{"@type":"ImageObject","inLanguage":"fr-FR","@id":"https:\/\/www.webdo.tn\/fr\/actualite\/national\/tunisie-condamne-a-3-mois-avec-sursis-ahmed-laamari-de-nouveau-libere\/218662\/#primaryimage","url":"https:\/\/www.webdo.tn\/fr\/wp-content\/uploads\/2025\/05\/b67d7063d44f51dc057e51f15fb14e85-2.webp","contentUrl":"https:\/\/www.webdo.tn\/fr\/wp-content\/uploads\/2025\/05\/b67d7063d44f51dc057e51f15fb14e85-2.webp","width":750,"height":400},{"@type":"BreadcrumbList","@id":"https:\/\/www.webdo.tn\/fr\/actualite\/national\/tunisie-condamne-a-3-mois-avec-sursis-ahmed-laamari-de-nouveau-libere\/218662\/#breadcrumb","itemListElement":[{"@type":"ListItem","position":1,"name":"Accueil","item":"https:\/\/www.webdo.tn\/fr\/"},{"@type":"ListItem","position":2,"name":"Tunisie : Condamn\u00e9 \u00e0 3 mois avec sursis, Ahmed La\u00e2mari de nouveau lib\u00e9r\u00e9"}]},{"@type":"WebSite","@id":"https:\/\/www.webdo.tn\/fr\/#website","url":"https:\/\/www.webdo.tn\/fr\/","name":"webdo","description":"Tunisie - News en Tunisie et \u00e0 l&#039;international sur Webdo.tn","publisher":{"@id":"https:\/\/www.webdo.tn\/fr\/#organization"},"potentialAction":[{"@type":"SearchAction","target":{"@type":"EntryPoint","urlTemplate":"https:\/\/www.webdo.tn\/fr\/?s={search_term_string}"},"query-input":{"@type":"PropertyValueSpecification","valueRequired":true,"valueName":"search_term_string"}}],"inLanguage":"fr-FR"},{"@type":"Organization","@id":"https:\/\/www.webdo.tn\/fr\/#organization","name":"Webdo","alternateName":"Webdo.tn","url":"https:\/\/www.webdo.tn\/fr\/","logo":{"@type":"ImageObject","inLanguage":"fr-FR","@id":"https:\/\/www.webdo.tn\/fr\/#\/schema\/logo\/image\/","url":"https:\/\/www.webdo.tn\/fr\/wp-content\/uploads\/2025\/06\/Webdo-Tunisie_168377.jpg","contentUrl":"https:\/\/www.webdo.tn\/fr\/wp-content\/uploads\/2025\/06\/Webdo-Tunisie_168377.jpg","width":301,"height":301,"caption":"Webdo"},"image":{"@id":"https:\/\/www.webdo.tn\/fr\/#\/schema\/logo\/image\/"},"sameAs":["https:\/\/www.facebook.com\/webdotn","https:\/\/x.com\/webdo_tn"],"description":"Webdo est un m\u00e9dia num\u00e9rique tunisien fond\u00e9 en 2010, sp\u00e9cialis\u00e9 dans l\u2019actualit\u00e9 nationale et internationale, l\u2019\u00e9conomie, la soci\u00e9t\u00e9 et les analyses politiques. Le site s\u2019adresse \u00e0 un large public francophone et couvre l\u2019information tunisienne en temps r\u00e9el.","email":"redac@webdo.tn","legalName":"YNJ SARL","foundingDate":"2010-09-06","numberOfEmployees":{"@type":"QuantitativeValue","minValue":"11","maxValue":"50"}},{"@type":"Person","@id":"https:\/\/www.webdo.tn\/fr\/#\/schema\/person\/b8a41c04d93287d375510db360906b34","name":"AZ","image":{"@type":"ImageObject","inLanguage":"fr-FR","@id":"https:\/\/secure.gravatar.com\/avatar\/492b80bada79439de4201dce15cd41eece6c277cfdf1b53382073c79105c1f89?s=96&d=mm&r=g","url":"https:\/\/secure.gravatar.com\/avatar\/492b80bada79439de4201dce15cd41eece6c277cfdf1b53382073c79105c1f89?s=96&d=mm&r=g","contentUrl":"https:\/\/secure.gravatar.com\/avatar\/492b80bada79439de4201dce15cd41eece6c277cfdf1b53382073c79105c1f89?s=96&d=mm&r=g","caption":"AZ"},"url":"https:\/\/www.webdo.tn\/fr\/actualite\/author\/az\/"}]}},"_links":{"self":[{"href":"https:\/\/www.webdo.tn\/fr\/wp-json\/wp\/v2\/posts\/218662","targetHints":{"allow":["GET"]}}],"collection":[{"href":"https:\/\/www.webdo.tn\/fr\/wp-json\/wp\/v2\/posts"}],"about":[{"href":"https:\/\/www.webdo.tn\/fr\/wp-json\/wp\/v2\/types\/post"}],"author":[{"embeddable":true,"href":"https:\/\/www.webdo.tn\/fr\/wp-json\/wp\/v2\/users\/3166"}],"replies":[{"embeddable":true,"href":"https:\/\/www.webdo.tn\/fr\/wp-json\/wp\/v2\/comments?post=218662"}],"version-history":[{"count":0,"href":"https:\/\/www.webdo.tn\/fr\/wp-json\/wp\/v2\/posts\/218662\/revisions"}],"wp:featuredmedia":[{"embeddable":true,"href":"https:\/\/www.webdo.tn\/fr\/wp-json\/wp\/v2\/media\/243170"}],"wp:attachment":[{"href":"https:\/\/www.webdo.tn\/fr\/wp-json\/wp\/v2\/media?parent=218662"}],"wp:term":[{"taxonomy":"category","embeddable":true,"href":"https:\/\/www.webdo.tn\/fr\/wp-json\/wp\/v2\/categories?post=218662"},{"taxonomy":"post_tag","embeddable":true,"href":"https:\/\/www.webdo.tn\/fr\/wp-json\/wp\/v2\/tags?post=218662"}],"curies":[{"name":"wp","href":"https:\/\/api.w.org\/{rel}","templated":true}]}}