{"id":218659,"date":"2024-12-27T19:37:00","date_gmt":"2024-12-27T19:37:00","guid":{"rendered":"https:\/\/www.webdo.tn\/fr\/blog\/2024\/12\/27\/tunisie-arrestation-de-trois-individus-recherches-pour-terrorisme\/"},"modified":"2025-05-21T09:01:06","modified_gmt":"2025-05-21T09:01:06","slug":"tunisie-arrestation-de-trois-individus-recherches-pour-terrorisme","status":"publish","type":"post","link":"https:\/\/www.webdo.tn\/fr\/actualite\/national\/tunisie-arrestation-de-trois-individus-recherches-pour-terrorisme\/218659\/","title":{"rendered":"Tunisie : Arrestation de trois individus recherch\u00e9s pour terrorisme"},"content":{"rendered":"<p>Trois individus, soup\u00e7onn\u00e9es d&rsquo;appartenir \u00e0 une organisation terroriste, ont \u00e9t\u00e9 arr\u00eat\u00e9es par les unit\u00e9s de la Garde nationale de Tunis, Sousse et Bizerte, en collaboration avec les services sp\u00e9cialis\u00e9s dans la lutte contre le terrorisme.<\/p>\n<p>\t\t\t\t\t\t\t\t\tCes arrestations font suite \u00e0 des mandats de recherche \u00e9mis par plusieurs autorit\u00e9s judiciaires et s\u00e9curitaires, et concernent des individus condamn\u00e9s \u00e0 deux ans de prison.<\/p>\n<p>Dans un communiqu\u00e9 publi\u00e9 ce vendredi 27 d\u00e9cembre 2024, la direction g\u00e9n\u00e9rale de la Garde nationale a indiqu\u00e9 que toutes les proc\u00e9dures l\u00e9gales n\u00e9cessaires ont \u00e9t\u00e9 mises en place \u00e0 l&rsquo;encontre des suspects, apr\u00e8s concertation avec le parquet.<\/p>\n","protected":false},"excerpt":{"rendered":"<p>Trois individus li\u00e9s \u00e0 un groupe terroriste ont \u00e9t\u00e9 arr\u00eat\u00e9s en Tunisie. Les autorit\u00e9s appellent \u00e0 la vigilance et \u00e0 la coop\u00e9ration citoyenne pour renforcer la s&#8230;<\/p>\n","protected":false},"author":3166,"featured_media":243162,"comment_status":"open","ping_status":"open","sticky":false,"template":"","format":"standard","meta":{"footnotes":""},"categories":[44],"tags":[2966,2767,2845,2608],"class_list":["post-218659","post","type-post","status-publish","format-standard","has-post-thumbnail","hentry","category-national","tag-arrestation","tag-garde-nationale","tag-terrorisme","tag-tunisie"],"yoast_head":"<!-- This site is optimized with the Yoast SEO Premium plugin v27.4 (Yoast SEO v27.5) - https:\/\/yoast.com\/product\/yoast-seo-premium-wordpress\/ -->\n<title>Tunisie : Arrestation de trois individus recherch\u00e9s pour terrorisme<\/title>\n<meta name=\"description\" content=\"Trois individus li\u00e9s \u00e0 un groupe terroriste ont \u00e9t\u00e9 arr\u00eat\u00e9s en Tunisie. Les autorit\u00e9s appellent \u00e0 la vigilance et \u00e0 la coop\u00e9ration citoyenne pour renforcer la s...\" \/>\n<link rel=\"canonical\" href=\"https:\/\/www.webdo.tn\/fr\/actualite\/national\/tunisie-arrestation-de-trois-individus-recherches-pour-terrorisme\/218659\/\" \/>\n<meta property=\"og:locale\" content=\"fr_FR\" \/>\n<meta property=\"og:type\" content=\"article\" \/>\n<meta property=\"og:title\" content=\"Tunisie : Arrestation de trois individus recherch\u00e9s pour terrorisme\" \/>\n<meta property=\"og:description\" content=\"Trois individus li\u00e9s \u00e0 un groupe terroriste ont \u00e9t\u00e9 arr\u00eat\u00e9s en Tunisie. Les autorit\u00e9s appellent \u00e0 la vigilance et \u00e0 la coop\u00e9ration citoyenne pour renforcer la s...\" \/>\n<meta property=\"og:url\" content=\"https:\/\/www.webdo.tn\/fr\/actualite\/national\/tunisie-arrestation-de-trois-individus-recherches-pour-terrorisme\/218659\/\" \/>\n<meta property=\"og:site_name\" content=\"webdo\" \/>\n<meta property=\"article:publisher\" content=\"https:\/\/www.facebook.com\/webdotn\" \/>\n<meta property=\"article:published_time\" content=\"2024-12-27T19:37:00+00:00\" \/>\n<meta property=\"article:modified_time\" content=\"2025-05-21T09:01:06+00:00\" \/>\n<meta property=\"og:image\" content=\"https:\/\/www.webdo.tn\/fr\/wp-content\/uploads\/2025\/05\/da3972f9cc20bc7d0ff4dda3c7b6c80e-2.webp\" \/>\n\t<meta property=\"og:image:width\" content=\"640\" \/>\n\t<meta property=\"og:image:height\" content=\"341\" \/>\n\t<meta property=\"og:image:type\" content=\"image\/webp\" \/>\n<meta name=\"author\" content=\"AZ\" \/>\n<meta name=\"twitter:card\" content=\"summary_large_image\" \/>\n<meta name=\"twitter:creator\" content=\"@webdo_tn\" \/>\n<meta name=\"twitter:site\" content=\"@webdo_tn\" \/>\n<meta name=\"twitter:label1\" content=\"\u00c9crit par\" \/>\n\t<meta name=\"twitter:data1\" content=\"AZ\" \/>\n\t<meta name=\"twitter:label2\" content=\"Dur\u00e9e de lecture estim\u00e9e\" \/>\n\t<meta name=\"twitter:data2\" content=\"1 minute\" \/>\n<script type=\"application\/ld+json\" class=\"yoast-schema-graph\">{\"@context\":\"https:\\\/\\\/schema.org\",\"@graph\":[{\"@type\":\"NewsArticle\",\"@id\":\"https:\\\/\\\/www.webdo.tn\\\/fr\\\/actualite\\\/national\\\/tunisie-arrestation-de-trois-individus-recherches-pour-terrorisme\\\/218659\\\/#article\",\"isPartOf\":{\"@id\":\"https:\\\/\\\/www.webdo.tn\\\/fr\\\/actualite\\\/national\\\/tunisie-arrestation-de-trois-individus-recherches-pour-terrorisme\\\/218659\\\/\"},\"author\":{\"name\":\"AZ\",\"@id\":\"https:\\\/\\\/www.webdo.tn\\\/fr\\\/#\\\/schema\\\/person\\\/b8a41c04d93287d375510db360906b34\"},\"headline\":\"Tunisie : Arrestation de trois individus recherch\u00e9s pour terrorisme\",\"datePublished\":\"2024-12-27T19:37:00+00:00\",\"dateModified\":\"2025-05-21T09:01:06+00:00\",\"mainEntityOfPage\":{\"@id\":\"https:\\\/\\\/www.webdo.tn\\\/fr\\\/actualite\\\/national\\\/tunisie-arrestation-de-trois-individus-recherches-pour-terrorisme\\\/218659\\\/\"},\"wordCount\":121,\"commentCount\":0,\"publisher\":{\"@id\":\"https:\\\/\\\/www.webdo.tn\\\/fr\\\/#organization\"},\"image\":{\"@id\":\"https:\\\/\\\/www.webdo.tn\\\/fr\\\/actualite\\\/national\\\/tunisie-arrestation-de-trois-individus-recherches-pour-terrorisme\\\/218659\\\/#primaryimage\"},\"thumbnailUrl\":\"https:\\\/\\\/www.webdo.tn\\\/fr\\\/wp-content\\\/uploads\\\/2025\\\/05\\\/da3972f9cc20bc7d0ff4dda3c7b6c80e-2.webp\",\"keywords\":[\"arrestation\",\"Garde nationale\",\"Terrorisme\",\"Tunisie\"],\"articleSection\":[\"National\"],\"inLanguage\":\"fr-FR\"},{\"@type\":\"WebPage\",\"@id\":\"https:\\\/\\\/www.webdo.tn\\\/fr\\\/actualite\\\/national\\\/tunisie-arrestation-de-trois-individus-recherches-pour-terrorisme\\\/218659\\\/\",\"url\":\"https:\\\/\\\/www.webdo.tn\\\/fr\\\/actualite\\\/national\\\/tunisie-arrestation-de-trois-individus-recherches-pour-terrorisme\\\/218659\\\/\",\"name\":\"Tunisie : Arrestation de trois individus recherch\u00e9s pour terrorisme\",\"isPartOf\":{\"@id\":\"https:\\\/\\\/www.webdo.tn\\\/fr\\\/#website\"},\"primaryImageOfPage\":{\"@id\":\"https:\\\/\\\/www.webdo.tn\\\/fr\\\/actualite\\\/national\\\/tunisie-arrestation-de-trois-individus-recherches-pour-terrorisme\\\/218659\\\/#primaryimage\"},\"image\":{\"@id\":\"https:\\\/\\\/www.webdo.tn\\\/fr\\\/actualite\\\/national\\\/tunisie-arrestation-de-trois-individus-recherches-pour-terrorisme\\\/218659\\\/#primaryimage\"},\"thumbnailUrl\":\"https:\\\/\\\/www.webdo.tn\\\/fr\\\/wp-content\\\/uploads\\\/2025\\\/05\\\/da3972f9cc20bc7d0ff4dda3c7b6c80e-2.webp\",\"datePublished\":\"2024-12-27T19:37:00+00:00\",\"dateModified\":\"2025-05-21T09:01:06+00:00\",\"description\":\"Trois individus li\u00e9s \u00e0 un groupe terroriste ont \u00e9t\u00e9 arr\u00eat\u00e9s en Tunisie. Les autorit\u00e9s appellent \u00e0 la vigilance et \u00e0 la coop\u00e9ration citoyenne pour renforcer la s...\",\"breadcrumb\":{\"@id\":\"https:\\\/\\\/www.webdo.tn\\\/fr\\\/actualite\\\/national\\\/tunisie-arrestation-de-trois-individus-recherches-pour-terrorisme\\\/218659\\\/#breadcrumb\"},\"inLanguage\":\"fr-FR\",\"potentialAction\":[{\"@type\":\"ReadAction\",\"target\":[\"https:\\\/\\\/www.webdo.tn\\\/fr\\\/actualite\\\/national\\\/tunisie-arrestation-de-trois-individus-recherches-pour-terrorisme\\\/218659\\\/\"]}]},{\"@type\":\"ImageObject\",\"inLanguage\":\"fr-FR\",\"@id\":\"https:\\\/\\\/www.webdo.tn\\\/fr\\\/actualite\\\/national\\\/tunisie-arrestation-de-trois-individus-recherches-pour-terrorisme\\\/218659\\\/#primaryimage\",\"url\":\"https:\\\/\\\/www.webdo.tn\\\/fr\\\/wp-content\\\/uploads\\\/2025\\\/05\\\/da3972f9cc20bc7d0ff4dda3c7b6c80e-2.webp\",\"contentUrl\":\"https:\\\/\\\/www.webdo.tn\\\/fr\\\/wp-content\\\/uploads\\\/2025\\\/05\\\/da3972f9cc20bc7d0ff4dda3c7b6c80e-2.webp\",\"width\":640,\"height\":341},{\"@type\":\"BreadcrumbList\",\"@id\":\"https:\\\/\\\/www.webdo.tn\\\/fr\\\/actualite\\\/national\\\/tunisie-arrestation-de-trois-individus-recherches-pour-terrorisme\\\/218659\\\/#breadcrumb\",\"itemListElement\":[{\"@type\":\"ListItem\",\"position\":1,\"name\":\"Accueil\",\"item\":\"https:\\\/\\\/www.webdo.tn\\\/fr\\\/\"},{\"@type\":\"ListItem\",\"position\":2,\"name\":\"Tunisie : Arrestation de trois individus recherch\u00e9s pour terrorisme\"}]},{\"@type\":\"WebSite\",\"@id\":\"https:\\\/\\\/www.webdo.tn\\\/fr\\\/#website\",\"url\":\"https:\\\/\\\/www.webdo.tn\\\/fr\\\/\",\"name\":\"webdo\",\"description\":\"Tunisie - News en Tunisie et \u00e0 l&#039;international sur Webdo.tn\",\"publisher\":{\"@id\":\"https:\\\/\\\/www.webdo.tn\\\/fr\\\/#organization\"},\"potentialAction\":[{\"@type\":\"SearchAction\",\"target\":{\"@type\":\"EntryPoint\",\"urlTemplate\":\"https:\\\/\\\/www.webdo.tn\\\/fr\\\/?s={search_term_string}\"},\"query-input\":{\"@type\":\"PropertyValueSpecification\",\"valueRequired\":true,\"valueName\":\"search_term_string\"}}],\"inLanguage\":\"fr-FR\"},{\"@type\":\"Organization\",\"@id\":\"https:\\\/\\\/www.webdo.tn\\\/fr\\\/#organization\",\"name\":\"Webdo\",\"alternateName\":\"Webdo.tn\",\"url\":\"https:\\\/\\\/www.webdo.tn\\\/fr\\\/\",\"logo\":{\"@type\":\"ImageObject\",\"inLanguage\":\"fr-FR\",\"@id\":\"https:\\\/\\\/www.webdo.tn\\\/fr\\\/#\\\/schema\\\/logo\\\/image\\\/\",\"url\":\"https:\\\/\\\/www.webdo.tn\\\/fr\\\/wp-content\\\/uploads\\\/2025\\\/06\\\/Webdo-Tunisie_168377.jpg\",\"contentUrl\":\"https:\\\/\\\/www.webdo.tn\\\/fr\\\/wp-content\\\/uploads\\\/2025\\\/06\\\/Webdo-Tunisie_168377.jpg\",\"width\":301,\"height\":301,\"caption\":\"Webdo\"},\"image\":{\"@id\":\"https:\\\/\\\/www.webdo.tn\\\/fr\\\/#\\\/schema\\\/logo\\\/image\\\/\"},\"sameAs\":[\"https:\\\/\\\/www.facebook.com\\\/webdotn\",\"https:\\\/\\\/x.com\\\/webdo_tn\"],\"description\":\"Webdo est un m\u00e9dia num\u00e9rique tunisien fond\u00e9 en 2010, sp\u00e9cialis\u00e9 dans l\u2019actualit\u00e9 nationale et internationale, l\u2019\u00e9conomie, la soci\u00e9t\u00e9 et les analyses politiques. Le site s\u2019adresse \u00e0 un large public francophone et couvre l\u2019information tunisienne en temps r\u00e9el.\",\"email\":\"redac@webdo.tn\",\"legalName\":\"YNJ SARL\",\"foundingDate\":\"2010-09-06\",\"numberOfEmployees\":{\"@type\":\"QuantitativeValue\",\"minValue\":\"11\",\"maxValue\":\"50\"}},{\"@type\":\"Person\",\"@id\":\"https:\\\/\\\/www.webdo.tn\\\/fr\\\/#\\\/schema\\\/person\\\/b8a41c04d93287d375510db360906b34\",\"name\":\"AZ\",\"image\":{\"@type\":\"ImageObject\",\"inLanguage\":\"fr-FR\",\"@id\":\"https:\\\/\\\/secure.gravatar.com\\\/avatar\\\/492b80bada79439de4201dce15cd41eece6c277cfdf1b53382073c79105c1f89?s=96&d=mm&r=g\",\"url\":\"https:\\\/\\\/secure.gravatar.com\\\/avatar\\\/492b80bada79439de4201dce15cd41eece6c277cfdf1b53382073c79105c1f89?s=96&d=mm&r=g\",\"contentUrl\":\"https:\\\/\\\/secure.gravatar.com\\\/avatar\\\/492b80bada79439de4201dce15cd41eece6c277cfdf1b53382073c79105c1f89?s=96&d=mm&r=g\",\"caption\":\"AZ\"},\"url\":\"https:\\\/\\\/www.webdo.tn\\\/fr\\\/actualite\\\/author\\\/az\\\/\"}]}<\/script>\n<!-- \/ Yoast SEO Premium plugin. -->","yoast_head_json":{"title":"Tunisie : Arrestation de trois individus recherch\u00e9s pour terrorisme","description":"Trois individus li\u00e9s \u00e0 un groupe terroriste ont \u00e9t\u00e9 arr\u00eat\u00e9s en Tunisie. Les autorit\u00e9s appellent \u00e0 la vigilance et \u00e0 la coop\u00e9ration citoyenne pour renforcer la s...","canonical":"https:\/\/www.webdo.tn\/fr\/actualite\/national\/tunisie-arrestation-de-trois-individus-recherches-pour-terrorisme\/218659\/","og_locale":"fr_FR","og_type":"article","og_title":"Tunisie : Arrestation de trois individus recherch\u00e9s pour terrorisme","og_description":"Trois individus li\u00e9s \u00e0 un groupe terroriste ont \u00e9t\u00e9 arr\u00eat\u00e9s en Tunisie. Les autorit\u00e9s appellent \u00e0 la vigilance et \u00e0 la coop\u00e9ration citoyenne pour renforcer la s...","og_url":"https:\/\/www.webdo.tn\/fr\/actualite\/national\/tunisie-arrestation-de-trois-individus-recherches-pour-terrorisme\/218659\/","og_site_name":"webdo","article_publisher":"https:\/\/www.facebook.com\/webdotn","article_published_time":"2024-12-27T19:37:00+00:00","article_modified_time":"2025-05-21T09:01:06+00:00","og_image":[{"width":640,"height":341,"url":"https:\/\/www.webdo.tn\/fr\/wp-content\/uploads\/2025\/05\/da3972f9cc20bc7d0ff4dda3c7b6c80e-2.webp","type":"image\/webp"}],"author":"AZ","twitter_card":"summary_large_image","twitter_creator":"@webdo_tn","twitter_site":"@webdo_tn","twitter_misc":{"\u00c9crit par":"AZ","Dur\u00e9e de lecture estim\u00e9e":"1 minute"},"schema":{"@context":"https:\/\/schema.org","@graph":[{"@type":"NewsArticle","@id":"https:\/\/www.webdo.tn\/fr\/actualite\/national\/tunisie-arrestation-de-trois-individus-recherches-pour-terrorisme\/218659\/#article","isPartOf":{"@id":"https:\/\/www.webdo.tn\/fr\/actualite\/national\/tunisie-arrestation-de-trois-individus-recherches-pour-terrorisme\/218659\/"},"author":{"name":"AZ","@id":"https:\/\/www.webdo.tn\/fr\/#\/schema\/person\/b8a41c04d93287d375510db360906b34"},"headline":"Tunisie : Arrestation de trois individus recherch\u00e9s pour terrorisme","datePublished":"2024-12-27T19:37:00+00:00","dateModified":"2025-05-21T09:01:06+00:00","mainEntityOfPage":{"@id":"https:\/\/www.webdo.tn\/fr\/actualite\/national\/tunisie-arrestation-de-trois-individus-recherches-pour-terrorisme\/218659\/"},"wordCount":121,"commentCount":0,"publisher":{"@id":"https:\/\/www.webdo.tn\/fr\/#organization"},"image":{"@id":"https:\/\/www.webdo.tn\/fr\/actualite\/national\/tunisie-arrestation-de-trois-individus-recherches-pour-terrorisme\/218659\/#primaryimage"},"thumbnailUrl":"https:\/\/www.webdo.tn\/fr\/wp-content\/uploads\/2025\/05\/da3972f9cc20bc7d0ff4dda3c7b6c80e-2.webp","keywords":["arrestation","Garde nationale","Terrorisme","Tunisie"],"articleSection":["National"],"inLanguage":"fr-FR"},{"@type":"WebPage","@id":"https:\/\/www.webdo.tn\/fr\/actualite\/national\/tunisie-arrestation-de-trois-individus-recherches-pour-terrorisme\/218659\/","url":"https:\/\/www.webdo.tn\/fr\/actualite\/national\/tunisie-arrestation-de-trois-individus-recherches-pour-terrorisme\/218659\/","name":"Tunisie : Arrestation de trois individus recherch\u00e9s pour terrorisme","isPartOf":{"@id":"https:\/\/www.webdo.tn\/fr\/#website"},"primaryImageOfPage":{"@id":"https:\/\/www.webdo.tn\/fr\/actualite\/national\/tunisie-arrestation-de-trois-individus-recherches-pour-terrorisme\/218659\/#primaryimage"},"image":{"@id":"https:\/\/www.webdo.tn\/fr\/actualite\/national\/tunisie-arrestation-de-trois-individus-recherches-pour-terrorisme\/218659\/#primaryimage"},"thumbnailUrl":"https:\/\/www.webdo.tn\/fr\/wp-content\/uploads\/2025\/05\/da3972f9cc20bc7d0ff4dda3c7b6c80e-2.webp","datePublished":"2024-12-27T19:37:00+00:00","dateModified":"2025-05-21T09:01:06+00:00","description":"Trois individus li\u00e9s \u00e0 un groupe terroriste ont \u00e9t\u00e9 arr\u00eat\u00e9s en Tunisie. Les autorit\u00e9s appellent \u00e0 la vigilance et \u00e0 la coop\u00e9ration citoyenne pour renforcer la s...","breadcrumb":{"@id":"https:\/\/www.webdo.tn\/fr\/actualite\/national\/tunisie-arrestation-de-trois-individus-recherches-pour-terrorisme\/218659\/#breadcrumb"},"inLanguage":"fr-FR","potentialAction":[{"@type":"ReadAction","target":["https:\/\/www.webdo.tn\/fr\/actualite\/national\/tunisie-arrestation-de-trois-individus-recherches-pour-terrorisme\/218659\/"]}]},{"@type":"ImageObject","inLanguage":"fr-FR","@id":"https:\/\/www.webdo.tn\/fr\/actualite\/national\/tunisie-arrestation-de-trois-individus-recherches-pour-terrorisme\/218659\/#primaryimage","url":"https:\/\/www.webdo.tn\/fr\/wp-content\/uploads\/2025\/05\/da3972f9cc20bc7d0ff4dda3c7b6c80e-2.webp","contentUrl":"https:\/\/www.webdo.tn\/fr\/wp-content\/uploads\/2025\/05\/da3972f9cc20bc7d0ff4dda3c7b6c80e-2.webp","width":640,"height":341},{"@type":"BreadcrumbList","@id":"https:\/\/www.webdo.tn\/fr\/actualite\/national\/tunisie-arrestation-de-trois-individus-recherches-pour-terrorisme\/218659\/#breadcrumb","itemListElement":[{"@type":"ListItem","position":1,"name":"Accueil","item":"https:\/\/www.webdo.tn\/fr\/"},{"@type":"ListItem","position":2,"name":"Tunisie : Arrestation de trois individus recherch\u00e9s pour terrorisme"}]},{"@type":"WebSite","@id":"https:\/\/www.webdo.tn\/fr\/#website","url":"https:\/\/www.webdo.tn\/fr\/","name":"webdo","description":"Tunisie - News en Tunisie et \u00e0 l&#039;international sur Webdo.tn","publisher":{"@id":"https:\/\/www.webdo.tn\/fr\/#organization"},"potentialAction":[{"@type":"SearchAction","target":{"@type":"EntryPoint","urlTemplate":"https:\/\/www.webdo.tn\/fr\/?s={search_term_string}"},"query-input":{"@type":"PropertyValueSpecification","valueRequired":true,"valueName":"search_term_string"}}],"inLanguage":"fr-FR"},{"@type":"Organization","@id":"https:\/\/www.webdo.tn\/fr\/#organization","name":"Webdo","alternateName":"Webdo.tn","url":"https:\/\/www.webdo.tn\/fr\/","logo":{"@type":"ImageObject","inLanguage":"fr-FR","@id":"https:\/\/www.webdo.tn\/fr\/#\/schema\/logo\/image\/","url":"https:\/\/www.webdo.tn\/fr\/wp-content\/uploads\/2025\/06\/Webdo-Tunisie_168377.jpg","contentUrl":"https:\/\/www.webdo.tn\/fr\/wp-content\/uploads\/2025\/06\/Webdo-Tunisie_168377.jpg","width":301,"height":301,"caption":"Webdo"},"image":{"@id":"https:\/\/www.webdo.tn\/fr\/#\/schema\/logo\/image\/"},"sameAs":["https:\/\/www.facebook.com\/webdotn","https:\/\/x.com\/webdo_tn"],"description":"Webdo est un m\u00e9dia num\u00e9rique tunisien fond\u00e9 en 2010, sp\u00e9cialis\u00e9 dans l\u2019actualit\u00e9 nationale et internationale, l\u2019\u00e9conomie, la soci\u00e9t\u00e9 et les analyses politiques. Le site s\u2019adresse \u00e0 un large public francophone et couvre l\u2019information tunisienne en temps r\u00e9el.","email":"redac@webdo.tn","legalName":"YNJ SARL","foundingDate":"2010-09-06","numberOfEmployees":{"@type":"QuantitativeValue","minValue":"11","maxValue":"50"}},{"@type":"Person","@id":"https:\/\/www.webdo.tn\/fr\/#\/schema\/person\/b8a41c04d93287d375510db360906b34","name":"AZ","image":{"@type":"ImageObject","inLanguage":"fr-FR","@id":"https:\/\/secure.gravatar.com\/avatar\/492b80bada79439de4201dce15cd41eece6c277cfdf1b53382073c79105c1f89?s=96&d=mm&r=g","url":"https:\/\/secure.gravatar.com\/avatar\/492b80bada79439de4201dce15cd41eece6c277cfdf1b53382073c79105c1f89?s=96&d=mm&r=g","contentUrl":"https:\/\/secure.gravatar.com\/avatar\/492b80bada79439de4201dce15cd41eece6c277cfdf1b53382073c79105c1f89?s=96&d=mm&r=g","caption":"AZ"},"url":"https:\/\/www.webdo.tn\/fr\/actualite\/author\/az\/"}]}},"_links":{"self":[{"href":"https:\/\/www.webdo.tn\/fr\/wp-json\/wp\/v2\/posts\/218659","targetHints":{"allow":["GET"]}}],"collection":[{"href":"https:\/\/www.webdo.tn\/fr\/wp-json\/wp\/v2\/posts"}],"about":[{"href":"https:\/\/www.webdo.tn\/fr\/wp-json\/wp\/v2\/types\/post"}],"author":[{"embeddable":true,"href":"https:\/\/www.webdo.tn\/fr\/wp-json\/wp\/v2\/users\/3166"}],"replies":[{"embeddable":true,"href":"https:\/\/www.webdo.tn\/fr\/wp-json\/wp\/v2\/comments?post=218659"}],"version-history":[{"count":0,"href":"https:\/\/www.webdo.tn\/fr\/wp-json\/wp\/v2\/posts\/218659\/revisions"}],"wp:featuredmedia":[{"embeddable":true,"href":"https:\/\/www.webdo.tn\/fr\/wp-json\/wp\/v2\/media\/243162"}],"wp:attachment":[{"href":"https:\/\/www.webdo.tn\/fr\/wp-json\/wp\/v2\/media?parent=218659"}],"wp:term":[{"taxonomy":"category","embeddable":true,"href":"https:\/\/www.webdo.tn\/fr\/wp-json\/wp\/v2\/categories?post=218659"},{"taxonomy":"post_tag","embeddable":true,"href":"https:\/\/www.webdo.tn\/fr\/wp-json\/wp\/v2\/tags?post=218659"}],"curies":[{"name":"wp","href":"https:\/\/api.w.org\/{rel}","templated":true}]}}