{"id":218632,"date":"2024-12-26T18:14:00","date_gmt":"2024-12-26T18:14:00","guid":{"rendered":"https:\/\/www.webdo.tn\/fr\/blog\/2024\/12\/26\/manar-2-la-municipalite-frappe-fort-contre-les-infractions-au-domaine-public\/"},"modified":"2025-05-20T22:20:52","modified_gmt":"2025-05-20T22:20:52","slug":"manar-2-la-municipalite-frappe-fort-contre-les-infractions-au-domaine-public","status":"publish","type":"post","link":"https:\/\/www.webdo.tn\/fr\/actualite\/national\/manar-2-la-municipalite-frappe-fort-contre-les-infractions-au-domaine-public\/218632\/","title":{"rendered":"Manar 2 : La municipalit\u00e9 frappe fort contre les infractions au domaine public"},"content":{"rendered":"<p>Dans le cadre de la lutte contre les infractions au domaine public municipal, la municipalit\u00e9 de Tunis a men\u00e9 une op\u00e9ration importante dans la matin\u00e9e du jeudi 26 d\u00e9cembre 2024.<\/p>\n<p>\t\t\t\t\t\t\t\t\tSous la supervision du chef de la brigade r\u00e9gionale de la police municipale, une d\u00e9cision de d\u00e9molition et deux d\u00e9cisions de suppression ont \u00e9t\u00e9 mises en \u0153uvre sur l\u2019avenue King Abdulaziz Al Saud, \u00e0 El Manar 2, d\u00e9pendant de la circonscription municipale d\u2019El Menzah.<\/p>\n<p>Ces actions ont cibl\u00e9 des constructions et am\u00e9nagements ill\u00e9galement \u00e9rig\u00e9s sur le domaine public municipal sans aucune autorisation pr\u00e9alable. Cette initiative s\u2019inscrit dans les efforts continus des autorit\u00e9s locales pour r\u00e9tablir l\u2019ordre et pr\u00e9server les espaces publics destin\u00e9s \u00e0 la communaut\u00e9.<\/p>\n<p>La municipalit\u00e9 a r\u00e9it\u00e9r\u00e9 son engagement \u00e0 appliquer rigoureusement la loi contre toute atteinte au domaine public, en appelant les citoyens \u00e0 respecter les r\u00e9glementations en vigueur pour \u00e9viter toute sanction.<\/p>\n","protected":false},"excerpt":{"rendered":"<p>Sous la supervision du chef de la brigade r\u00e9gionale de la police municipale, une d\u00e9cision de d\u00e9molition et deux d\u00e9cisions de suppression ont \u00e9t\u00e9 mises en \u0153uvre&#8230;<\/p>\n","protected":false},"author":3163,"featured_media":243198,"comment_status":"open","ping_status":"open","sticky":false,"template":"","format":"standard","meta":{"footnotes":""},"categories":[44],"tags":[3084,4601,2608],"class_list":["post-218632","post","type-post","status-publish","format-standard","has-post-thumbnail","hentry","category-national","tag-demolition","tag-manar","tag-tunisie"],"yoast_head":"<!-- This site is optimized with the Yoast SEO Premium plugin v27.5 (Yoast SEO v27.5) - https:\/\/yoast.com\/product\/yoast-seo-premium-wordpress\/ -->\n<title>Manar 2 : La municipalit\u00e9 frappe fort contre les infractions au domaine public<\/title>\n<meta name=\"description\" content=\"Sous la supervision du chef de la brigade r\u00e9gionale de la police municipale, une d\u00e9cision de d\u00e9molition et deux d\u00e9cisions de suppression ont \u00e9t\u00e9 mises en \u0153uvre...\" \/>\n<link rel=\"canonical\" href=\"https:\/\/www.webdo.tn\/fr\/actualite\/national\/manar-2-la-municipalite-frappe-fort-contre-les-infractions-au-domaine-public\/218632\/\" \/>\n<meta property=\"og:locale\" content=\"fr_FR\" \/>\n<meta property=\"og:type\" content=\"article\" \/>\n<meta property=\"og:title\" content=\"Manar 2 : La municipalit\u00e9 frappe fort contre les infractions au domaine public\" \/>\n<meta property=\"og:description\" content=\"Sous la supervision du chef de la brigade r\u00e9gionale de la police municipale, une d\u00e9cision de d\u00e9molition et deux d\u00e9cisions de suppression ont \u00e9t\u00e9 mises en \u0153uvre...\" \/>\n<meta property=\"og:url\" content=\"https:\/\/www.webdo.tn\/fr\/actualite\/national\/manar-2-la-municipalite-frappe-fort-contre-les-infractions-au-domaine-public\/218632\/\" \/>\n<meta property=\"og:site_name\" content=\"webdo\" \/>\n<meta property=\"article:publisher\" content=\"https:\/\/www.facebook.com\/webdotn\" \/>\n<meta property=\"article:published_time\" content=\"2024-12-26T18:14:00+00:00\" \/>\n<meta property=\"article:modified_time\" content=\"2025-05-20T22:20:52+00:00\" \/>\n<meta property=\"og:image\" content=\"https:\/\/www.webdo.tn\/fr\/wp-content\/uploads\/2025\/05\/2ba90a37dc6957f01f43bf1046de567d-2.webp\" \/>\n\t<meta property=\"og:image:width\" content=\"750\" \/>\n\t<meta property=\"og:image:height\" content=\"400\" \/>\n\t<meta property=\"og:image:type\" content=\"image\/webp\" \/>\n<meta name=\"author\" content=\"KJ\" \/>\n<meta name=\"twitter:card\" content=\"summary_large_image\" \/>\n<meta name=\"twitter:creator\" content=\"@webdo_tn\" \/>\n<meta name=\"twitter:site\" content=\"@webdo_tn\" \/>\n<meta name=\"twitter:label1\" content=\"\u00c9crit par\" \/>\n\t<meta name=\"twitter:data1\" content=\"KJ\" \/>\n\t<meta name=\"twitter:label2\" content=\"Dur\u00e9e de lecture estim\u00e9e\" \/>\n\t<meta name=\"twitter:data2\" content=\"1 minute\" \/>\n<script type=\"application\/ld+json\" class=\"yoast-schema-graph\">{\"@context\":\"https:\\\/\\\/schema.org\",\"@graph\":[{\"@type\":\"NewsArticle\",\"@id\":\"https:\\\/\\\/www.webdo.tn\\\/fr\\\/actualite\\\/national\\\/manar-2-la-municipalite-frappe-fort-contre-les-infractions-au-domaine-public\\\/218632\\\/#article\",\"isPartOf\":{\"@id\":\"https:\\\/\\\/www.webdo.tn\\\/fr\\\/actualite\\\/national\\\/manar-2-la-municipalite-frappe-fort-contre-les-infractions-au-domaine-public\\\/218632\\\/\"},\"author\":{\"name\":\"KJ\",\"@id\":\"https:\\\/\\\/www.webdo.tn\\\/fr\\\/#\\\/schema\\\/person\\\/82ca085b22037d285e1a3c4b65ba5f71\"},\"headline\":\"Manar 2 : La municipalit\u00e9 frappe fort contre les infractions au domaine public\",\"datePublished\":\"2024-12-26T18:14:00+00:00\",\"dateModified\":\"2025-05-20T22:20:52+00:00\",\"mainEntityOfPage\":{\"@id\":\"https:\\\/\\\/www.webdo.tn\\\/fr\\\/actualite\\\/national\\\/manar-2-la-municipalite-frappe-fort-contre-les-infractions-au-domaine-public\\\/218632\\\/\"},\"wordCount\":173,\"commentCount\":0,\"publisher\":{\"@id\":\"https:\\\/\\\/www.webdo.tn\\\/fr\\\/#organization\"},\"image\":{\"@id\":\"https:\\\/\\\/www.webdo.tn\\\/fr\\\/actualite\\\/national\\\/manar-2-la-municipalite-frappe-fort-contre-les-infractions-au-domaine-public\\\/218632\\\/#primaryimage\"},\"thumbnailUrl\":\"https:\\\/\\\/www.webdo.tn\\\/fr\\\/wp-content\\\/uploads\\\/2025\\\/05\\\/2ba90a37dc6957f01f43bf1046de567d-2.webp\",\"keywords\":[\"d\u00e9molition\",\"manar\",\"Tunisie\"],\"articleSection\":[\"National\"],\"inLanguage\":\"fr-FR\"},{\"@type\":\"WebPage\",\"@id\":\"https:\\\/\\\/www.webdo.tn\\\/fr\\\/actualite\\\/national\\\/manar-2-la-municipalite-frappe-fort-contre-les-infractions-au-domaine-public\\\/218632\\\/\",\"url\":\"https:\\\/\\\/www.webdo.tn\\\/fr\\\/actualite\\\/national\\\/manar-2-la-municipalite-frappe-fort-contre-les-infractions-au-domaine-public\\\/218632\\\/\",\"name\":\"Manar 2 : La municipalit\u00e9 frappe fort contre les infractions au domaine public\",\"isPartOf\":{\"@id\":\"https:\\\/\\\/www.webdo.tn\\\/fr\\\/#website\"},\"primaryImageOfPage\":{\"@id\":\"https:\\\/\\\/www.webdo.tn\\\/fr\\\/actualite\\\/national\\\/manar-2-la-municipalite-frappe-fort-contre-les-infractions-au-domaine-public\\\/218632\\\/#primaryimage\"},\"image\":{\"@id\":\"https:\\\/\\\/www.webdo.tn\\\/fr\\\/actualite\\\/national\\\/manar-2-la-municipalite-frappe-fort-contre-les-infractions-au-domaine-public\\\/218632\\\/#primaryimage\"},\"thumbnailUrl\":\"https:\\\/\\\/www.webdo.tn\\\/fr\\\/wp-content\\\/uploads\\\/2025\\\/05\\\/2ba90a37dc6957f01f43bf1046de567d-2.webp\",\"datePublished\":\"2024-12-26T18:14:00+00:00\",\"dateModified\":\"2025-05-20T22:20:52+00:00\",\"description\":\"Sous la supervision du chef de la brigade r\u00e9gionale de la police municipale, une d\u00e9cision de d\u00e9molition et deux d\u00e9cisions de suppression ont \u00e9t\u00e9 mises en \u0153uvre...\",\"breadcrumb\":{\"@id\":\"https:\\\/\\\/www.webdo.tn\\\/fr\\\/actualite\\\/national\\\/manar-2-la-municipalite-frappe-fort-contre-les-infractions-au-domaine-public\\\/218632\\\/#breadcrumb\"},\"inLanguage\":\"fr-FR\",\"potentialAction\":[{\"@type\":\"ReadAction\",\"target\":[\"https:\\\/\\\/www.webdo.tn\\\/fr\\\/actualite\\\/national\\\/manar-2-la-municipalite-frappe-fort-contre-les-infractions-au-domaine-public\\\/218632\\\/\"]}]},{\"@type\":\"ImageObject\",\"inLanguage\":\"fr-FR\",\"@id\":\"https:\\\/\\\/www.webdo.tn\\\/fr\\\/actualite\\\/national\\\/manar-2-la-municipalite-frappe-fort-contre-les-infractions-au-domaine-public\\\/218632\\\/#primaryimage\",\"url\":\"https:\\\/\\\/www.webdo.tn\\\/fr\\\/wp-content\\\/uploads\\\/2025\\\/05\\\/2ba90a37dc6957f01f43bf1046de567d-2.webp\",\"contentUrl\":\"https:\\\/\\\/www.webdo.tn\\\/fr\\\/wp-content\\\/uploads\\\/2025\\\/05\\\/2ba90a37dc6957f01f43bf1046de567d-2.webp\",\"width\":750,\"height\":400},{\"@type\":\"BreadcrumbList\",\"@id\":\"https:\\\/\\\/www.webdo.tn\\\/fr\\\/actualite\\\/national\\\/manar-2-la-municipalite-frappe-fort-contre-les-infractions-au-domaine-public\\\/218632\\\/#breadcrumb\",\"itemListElement\":[{\"@type\":\"ListItem\",\"position\":1,\"name\":\"Accueil\",\"item\":\"https:\\\/\\\/www.webdo.tn\\\/fr\\\/\"},{\"@type\":\"ListItem\",\"position\":2,\"name\":\"Manar 2 : La municipalit\u00e9 frappe fort contre les infractions au domaine public\"}]},{\"@type\":\"WebSite\",\"@id\":\"https:\\\/\\\/www.webdo.tn\\\/fr\\\/#website\",\"url\":\"https:\\\/\\\/www.webdo.tn\\\/fr\\\/\",\"name\":\"webdo\",\"description\":\"Tunisie - News en Tunisie et \u00e0 l&#039;international sur Webdo.tn\",\"publisher\":{\"@id\":\"https:\\\/\\\/www.webdo.tn\\\/fr\\\/#organization\"},\"potentialAction\":[{\"@type\":\"SearchAction\",\"target\":{\"@type\":\"EntryPoint\",\"urlTemplate\":\"https:\\\/\\\/www.webdo.tn\\\/fr\\\/?s={search_term_string}\"},\"query-input\":{\"@type\":\"PropertyValueSpecification\",\"valueRequired\":true,\"valueName\":\"search_term_string\"}}],\"inLanguage\":\"fr-FR\"},{\"@type\":\"Organization\",\"@id\":\"https:\\\/\\\/www.webdo.tn\\\/fr\\\/#organization\",\"name\":\"Webdo\",\"alternateName\":\"Webdo.tn\",\"url\":\"https:\\\/\\\/www.webdo.tn\\\/fr\\\/\",\"logo\":{\"@type\":\"ImageObject\",\"inLanguage\":\"fr-FR\",\"@id\":\"https:\\\/\\\/www.webdo.tn\\\/fr\\\/#\\\/schema\\\/logo\\\/image\\\/\",\"url\":\"https:\\\/\\\/www.webdo.tn\\\/fr\\\/wp-content\\\/uploads\\\/2025\\\/06\\\/Webdo-Tunisie_168377.jpg\",\"contentUrl\":\"https:\\\/\\\/www.webdo.tn\\\/fr\\\/wp-content\\\/uploads\\\/2025\\\/06\\\/Webdo-Tunisie_168377.jpg\",\"width\":301,\"height\":301,\"caption\":\"Webdo\"},\"image\":{\"@id\":\"https:\\\/\\\/www.webdo.tn\\\/fr\\\/#\\\/schema\\\/logo\\\/image\\\/\"},\"sameAs\":[\"https:\\\/\\\/www.facebook.com\\\/webdotn\",\"https:\\\/\\\/x.com\\\/webdo_tn\"],\"description\":\"Webdo est un m\u00e9dia num\u00e9rique tunisien fond\u00e9 en 2010, sp\u00e9cialis\u00e9 dans l\u2019actualit\u00e9 nationale et internationale, l\u2019\u00e9conomie, la soci\u00e9t\u00e9 et les analyses politiques. Le site s\u2019adresse \u00e0 un large public francophone et couvre l\u2019information tunisienne en temps r\u00e9el.\",\"email\":\"redac@webdo.tn\",\"legalName\":\"YNJ SARL\",\"foundingDate\":\"2010-09-06\",\"numberOfEmployees\":{\"@type\":\"QuantitativeValue\",\"minValue\":\"11\",\"maxValue\":\"50\"}},{\"@type\":\"Person\",\"@id\":\"https:\\\/\\\/www.webdo.tn\\\/fr\\\/#\\\/schema\\\/person\\\/82ca085b22037d285e1a3c4b65ba5f71\",\"name\":\"KJ\",\"image\":{\"@type\":\"ImageObject\",\"inLanguage\":\"fr-FR\",\"@id\":\"https:\\\/\\\/secure.gravatar.com\\\/avatar\\\/1a1320de1c1971c893f00068f760b4113d69504aa21273da17ee95650c5944fd?s=96&d=mm&r=g\",\"url\":\"https:\\\/\\\/secure.gravatar.com\\\/avatar\\\/1a1320de1c1971c893f00068f760b4113d69504aa21273da17ee95650c5944fd?s=96&d=mm&r=g\",\"contentUrl\":\"https:\\\/\\\/secure.gravatar.com\\\/avatar\\\/1a1320de1c1971c893f00068f760b4113d69504aa21273da17ee95650c5944fd?s=96&d=mm&r=g\",\"caption\":\"KJ\"},\"url\":\"https:\\\/\\\/www.webdo.tn\\\/fr\\\/actualite\\\/author\\\/kj\\\/\"}]}<\/script>\n<!-- \/ Yoast SEO Premium plugin. -->","yoast_head_json":{"title":"Manar 2 : La municipalit\u00e9 frappe fort contre les infractions au domaine public","description":"Sous la supervision du chef de la brigade r\u00e9gionale de la police municipale, une d\u00e9cision de d\u00e9molition et deux d\u00e9cisions de suppression ont \u00e9t\u00e9 mises en \u0153uvre...","canonical":"https:\/\/www.webdo.tn\/fr\/actualite\/national\/manar-2-la-municipalite-frappe-fort-contre-les-infractions-au-domaine-public\/218632\/","og_locale":"fr_FR","og_type":"article","og_title":"Manar 2 : La municipalit\u00e9 frappe fort contre les infractions au domaine public","og_description":"Sous la supervision du chef de la brigade r\u00e9gionale de la police municipale, une d\u00e9cision de d\u00e9molition et deux d\u00e9cisions de suppression ont \u00e9t\u00e9 mises en \u0153uvre...","og_url":"https:\/\/www.webdo.tn\/fr\/actualite\/national\/manar-2-la-municipalite-frappe-fort-contre-les-infractions-au-domaine-public\/218632\/","og_site_name":"webdo","article_publisher":"https:\/\/www.facebook.com\/webdotn","article_published_time":"2024-12-26T18:14:00+00:00","article_modified_time":"2025-05-20T22:20:52+00:00","og_image":[{"width":750,"height":400,"url":"https:\/\/www.webdo.tn\/fr\/wp-content\/uploads\/2025\/05\/2ba90a37dc6957f01f43bf1046de567d-2.webp","type":"image\/webp"}],"author":"KJ","twitter_card":"summary_large_image","twitter_creator":"@webdo_tn","twitter_site":"@webdo_tn","twitter_misc":{"\u00c9crit par":"KJ","Dur\u00e9e de lecture estim\u00e9e":"1 minute"},"schema":{"@context":"https:\/\/schema.org","@graph":[{"@type":"NewsArticle","@id":"https:\/\/www.webdo.tn\/fr\/actualite\/national\/manar-2-la-municipalite-frappe-fort-contre-les-infractions-au-domaine-public\/218632\/#article","isPartOf":{"@id":"https:\/\/www.webdo.tn\/fr\/actualite\/national\/manar-2-la-municipalite-frappe-fort-contre-les-infractions-au-domaine-public\/218632\/"},"author":{"name":"KJ","@id":"https:\/\/www.webdo.tn\/fr\/#\/schema\/person\/82ca085b22037d285e1a3c4b65ba5f71"},"headline":"Manar 2 : La municipalit\u00e9 frappe fort contre les infractions au domaine public","datePublished":"2024-12-26T18:14:00+00:00","dateModified":"2025-05-20T22:20:52+00:00","mainEntityOfPage":{"@id":"https:\/\/www.webdo.tn\/fr\/actualite\/national\/manar-2-la-municipalite-frappe-fort-contre-les-infractions-au-domaine-public\/218632\/"},"wordCount":173,"commentCount":0,"publisher":{"@id":"https:\/\/www.webdo.tn\/fr\/#organization"},"image":{"@id":"https:\/\/www.webdo.tn\/fr\/actualite\/national\/manar-2-la-municipalite-frappe-fort-contre-les-infractions-au-domaine-public\/218632\/#primaryimage"},"thumbnailUrl":"https:\/\/www.webdo.tn\/fr\/wp-content\/uploads\/2025\/05\/2ba90a37dc6957f01f43bf1046de567d-2.webp","keywords":["d\u00e9molition","manar","Tunisie"],"articleSection":["National"],"inLanguage":"fr-FR"},{"@type":"WebPage","@id":"https:\/\/www.webdo.tn\/fr\/actualite\/national\/manar-2-la-municipalite-frappe-fort-contre-les-infractions-au-domaine-public\/218632\/","url":"https:\/\/www.webdo.tn\/fr\/actualite\/national\/manar-2-la-municipalite-frappe-fort-contre-les-infractions-au-domaine-public\/218632\/","name":"Manar 2 : La municipalit\u00e9 frappe fort contre les infractions au domaine public","isPartOf":{"@id":"https:\/\/www.webdo.tn\/fr\/#website"},"primaryImageOfPage":{"@id":"https:\/\/www.webdo.tn\/fr\/actualite\/national\/manar-2-la-municipalite-frappe-fort-contre-les-infractions-au-domaine-public\/218632\/#primaryimage"},"image":{"@id":"https:\/\/www.webdo.tn\/fr\/actualite\/national\/manar-2-la-municipalite-frappe-fort-contre-les-infractions-au-domaine-public\/218632\/#primaryimage"},"thumbnailUrl":"https:\/\/www.webdo.tn\/fr\/wp-content\/uploads\/2025\/05\/2ba90a37dc6957f01f43bf1046de567d-2.webp","datePublished":"2024-12-26T18:14:00+00:00","dateModified":"2025-05-20T22:20:52+00:00","description":"Sous la supervision du chef de la brigade r\u00e9gionale de la police municipale, une d\u00e9cision de d\u00e9molition et deux d\u00e9cisions de suppression ont \u00e9t\u00e9 mises en \u0153uvre...","breadcrumb":{"@id":"https:\/\/www.webdo.tn\/fr\/actualite\/national\/manar-2-la-municipalite-frappe-fort-contre-les-infractions-au-domaine-public\/218632\/#breadcrumb"},"inLanguage":"fr-FR","potentialAction":[{"@type":"ReadAction","target":["https:\/\/www.webdo.tn\/fr\/actualite\/national\/manar-2-la-municipalite-frappe-fort-contre-les-infractions-au-domaine-public\/218632\/"]}]},{"@type":"ImageObject","inLanguage":"fr-FR","@id":"https:\/\/www.webdo.tn\/fr\/actualite\/national\/manar-2-la-municipalite-frappe-fort-contre-les-infractions-au-domaine-public\/218632\/#primaryimage","url":"https:\/\/www.webdo.tn\/fr\/wp-content\/uploads\/2025\/05\/2ba90a37dc6957f01f43bf1046de567d-2.webp","contentUrl":"https:\/\/www.webdo.tn\/fr\/wp-content\/uploads\/2025\/05\/2ba90a37dc6957f01f43bf1046de567d-2.webp","width":750,"height":400},{"@type":"BreadcrumbList","@id":"https:\/\/www.webdo.tn\/fr\/actualite\/national\/manar-2-la-municipalite-frappe-fort-contre-les-infractions-au-domaine-public\/218632\/#breadcrumb","itemListElement":[{"@type":"ListItem","position":1,"name":"Accueil","item":"https:\/\/www.webdo.tn\/fr\/"},{"@type":"ListItem","position":2,"name":"Manar 2 : La municipalit\u00e9 frappe fort contre les infractions au domaine public"}]},{"@type":"WebSite","@id":"https:\/\/www.webdo.tn\/fr\/#website","url":"https:\/\/www.webdo.tn\/fr\/","name":"webdo","description":"Tunisie - News en Tunisie et \u00e0 l&#039;international sur Webdo.tn","publisher":{"@id":"https:\/\/www.webdo.tn\/fr\/#organization"},"potentialAction":[{"@type":"SearchAction","target":{"@type":"EntryPoint","urlTemplate":"https:\/\/www.webdo.tn\/fr\/?s={search_term_string}"},"query-input":{"@type":"PropertyValueSpecification","valueRequired":true,"valueName":"search_term_string"}}],"inLanguage":"fr-FR"},{"@type":"Organization","@id":"https:\/\/www.webdo.tn\/fr\/#organization","name":"Webdo","alternateName":"Webdo.tn","url":"https:\/\/www.webdo.tn\/fr\/","logo":{"@type":"ImageObject","inLanguage":"fr-FR","@id":"https:\/\/www.webdo.tn\/fr\/#\/schema\/logo\/image\/","url":"https:\/\/www.webdo.tn\/fr\/wp-content\/uploads\/2025\/06\/Webdo-Tunisie_168377.jpg","contentUrl":"https:\/\/www.webdo.tn\/fr\/wp-content\/uploads\/2025\/06\/Webdo-Tunisie_168377.jpg","width":301,"height":301,"caption":"Webdo"},"image":{"@id":"https:\/\/www.webdo.tn\/fr\/#\/schema\/logo\/image\/"},"sameAs":["https:\/\/www.facebook.com\/webdotn","https:\/\/x.com\/webdo_tn"],"description":"Webdo est un m\u00e9dia num\u00e9rique tunisien fond\u00e9 en 2010, sp\u00e9cialis\u00e9 dans l\u2019actualit\u00e9 nationale et internationale, l\u2019\u00e9conomie, la soci\u00e9t\u00e9 et les analyses politiques. Le site s\u2019adresse \u00e0 un large public francophone et couvre l\u2019information tunisienne en temps r\u00e9el.","email":"redac@webdo.tn","legalName":"YNJ SARL","foundingDate":"2010-09-06","numberOfEmployees":{"@type":"QuantitativeValue","minValue":"11","maxValue":"50"}},{"@type":"Person","@id":"https:\/\/www.webdo.tn\/fr\/#\/schema\/person\/82ca085b22037d285e1a3c4b65ba5f71","name":"KJ","image":{"@type":"ImageObject","inLanguage":"fr-FR","@id":"https:\/\/secure.gravatar.com\/avatar\/1a1320de1c1971c893f00068f760b4113d69504aa21273da17ee95650c5944fd?s=96&d=mm&r=g","url":"https:\/\/secure.gravatar.com\/avatar\/1a1320de1c1971c893f00068f760b4113d69504aa21273da17ee95650c5944fd?s=96&d=mm&r=g","contentUrl":"https:\/\/secure.gravatar.com\/avatar\/1a1320de1c1971c893f00068f760b4113d69504aa21273da17ee95650c5944fd?s=96&d=mm&r=g","caption":"KJ"},"url":"https:\/\/www.webdo.tn\/fr\/actualite\/author\/kj\/"}]}},"_links":{"self":[{"href":"https:\/\/www.webdo.tn\/fr\/wp-json\/wp\/v2\/posts\/218632","targetHints":{"allow":["GET"]}}],"collection":[{"href":"https:\/\/www.webdo.tn\/fr\/wp-json\/wp\/v2\/posts"}],"about":[{"href":"https:\/\/www.webdo.tn\/fr\/wp-json\/wp\/v2\/types\/post"}],"author":[{"embeddable":true,"href":"https:\/\/www.webdo.tn\/fr\/wp-json\/wp\/v2\/users\/3163"}],"replies":[{"embeddable":true,"href":"https:\/\/www.webdo.tn\/fr\/wp-json\/wp\/v2\/comments?post=218632"}],"version-history":[{"count":0,"href":"https:\/\/www.webdo.tn\/fr\/wp-json\/wp\/v2\/posts\/218632\/revisions"}],"wp:featuredmedia":[{"embeddable":true,"href":"https:\/\/www.webdo.tn\/fr\/wp-json\/wp\/v2\/media\/243198"}],"wp:attachment":[{"href":"https:\/\/www.webdo.tn\/fr\/wp-json\/wp\/v2\/media?parent=218632"}],"wp:term":[{"taxonomy":"category","embeddable":true,"href":"https:\/\/www.webdo.tn\/fr\/wp-json\/wp\/v2\/categories?post=218632"},{"taxonomy":"post_tag","embeddable":true,"href":"https:\/\/www.webdo.tn\/fr\/wp-json\/wp\/v2\/tags?post=218632"}],"curies":[{"name":"wp","href":"https:\/\/api.w.org\/{rel}","templated":true}]}}