{"id":218623,"date":"2024-12-26T14:42:00","date_gmt":"2024-12-26T14:42:00","guid":{"rendered":"https:\/\/www.webdo.tn\/fr\/blog\/tunisie-focus-sur-les-indicateurs-economiques-de-fin-d-annee\/218623\/"},"modified":"2025-05-20T22:15:46","modified_gmt":"2025-05-20T22:15:46","slug":"tunisie-focus-sur-les-indicateurs-economiques-de-fin-d-annee","status":"publish","type":"post","link":"https:\/\/www.webdo.tn\/fr\/actualite\/national\/tunisie-focus-sur-les-indicateurs-economiques-de-fin-d-annee\/218623\/","title":{"rendered":"Tunisie : Focus sur les indicateurs \u00e9conomiques de fin d\u2019ann\u00e9e"},"content":{"rendered":"<p>Les derniers indicateurs mon\u00e9taires et financiers, ont \u00e9t\u00e9 publi\u00e9s ce jeudi 26 d\u00e9cembre par la Banque centrale de Tunisie (BCT).<\/p>\n<p>Progression notable des recettes du tourisme<\/p>\n<p>Les recettes du tourisme ont atteint, \u00e0 la date du 20 d\u00e9cembre 2024, un total de 7,2 milliards de dinars, marquant une hausse de 7,8% par rapport \u00e0 la m\u00eame p\u00e9riode de l\u2019ann\u00e9e pr\u00e9c\u00e9dente.<\/p>\n<p>Ce r\u00e9sultat positif refl\u00e8te la r\u00e9silience du secteur touristique, qui demeure un pilier essentiel de l\u2019\u00e9conomie tunisienne. Apr\u00e8s des ann\u00e9es marqu\u00e9es par les incertitudes li\u00e9es \u00e0 la pand\u00e9mie de Covid-19 et aux conditions \u00e9conomiques mondiales, cette progression offre un souffle d\u2019optimisme, notamment pour les acteurs locaux du tourisme.<\/p>\n<p>Evolution des revenus du travail<\/p>\n<p>Parall\u00e8lement, les revenus du travail cumul\u00e9s ont augment\u00e9 de 5,5%, passant de 7,4 milliards de dinars en d\u00e9cembre 2023 \u00e0 7,8 milliards de dinars actuellement.<\/p>\n<p>Cette \u00e9volution traduit une meilleure contribution des Tunisiens \u00e0 l\u2019\u00e9tranger \u00e0 l\u2019\u00e9conomie nationale. Ces envois de fonds repr\u00e9sentent une source importante de devises pour le pays et un soutien direct pour de nombreuses familles tunisiennes.<\/p>\n<p>Avoirs nets en devises stabilis\u00e9s<\/p>\n<p>Les avoirs nets en devises se maintiennent \u00e0 un niveau stable, \u00e0 hauteur de 25 milliards de dinars, soit l\u2019\u00e9quivalent de 115 jours d\u2019importation, \u00e0 la date du 25 d\u00e9cembre 2024.<\/p>\n<p>Cette stabilit\u00e9 reste cruciale pour rassurer les partenaires \u00e9trangers et maintenir un \u00e9quilibre minimal dans le financement des importations essentielles. Toutefois, cette situation souligne aussi la n\u00e9cessit\u00e9 de diversifier davantage les sources de devises pour r\u00e9duire la d\u00e9pendance aux flux ext\u00e9rieurs.<\/p>\n<p>Hausse des services de la dette ext\u00e9rieure<\/p>\n<p>La BCT fait \u00e9tat de l\u2019accroissement des services de la dette ext\u00e9rieure, qui ont augment\u00e9 de 20,3% pour d\u00e9passer les 13,7 milliards de dinars au 20 d\u00e9cembre 2024.<\/p>\n","protected":false},"excerpt":{"rendered":"<p>Les derniers indicateurs mon\u00e9taires et financiers, ont \u00e9t\u00e9 publi\u00e9s ce jeudi 26 d\u00e9cembre par la Banque centrale de Tunisie (BCT).<\/p>\n","protected":false},"author":3162,"featured_media":291599,"comment_status":"open","ping_status":"closed","sticky":false,"template":"","format":"standard","meta":{"footnotes":""},"categories":[44],"tags":[8007,3672,2972,2974,2608],"class_list":["post-218623","post","type-post","status-publish","format-standard","has-post-thumbnail","hentry","category-national","tag-avoirs-en-devises","tag-dette-exterieure","tag-recettes-touristiques","tag-revenus-du-travail","tag-tunisie"],"yoast_head":"<!-- This site is optimized with the Yoast SEO Premium plugin v27.5 (Yoast SEO v27.5) - https:\/\/yoast.com\/product\/yoast-seo-premium-wordpress\/ -->\n<title>Tunisie : Focus sur les indicateurs \u00e9conomiques de fin d\u2019ann\u00e9e<\/title>\n<meta name=\"description\" content=\"Les derniers indicateurs mon\u00e9taires et financiers, ont \u00e9t\u00e9 publi\u00e9s ce jeudi 26 d\u00e9cembre par la Banque centrale de Tunisie (BCT).\" \/>\n<link rel=\"canonical\" href=\"https:\/\/www.webdo.tn\/fr\/actualite\/national\/tunisie-focus-sur-les-indicateurs-economiques-de-fin-d-annee\/218623\/\" \/>\n<meta property=\"og:locale\" content=\"fr_FR\" \/>\n<meta property=\"og:type\" content=\"article\" \/>\n<meta property=\"og:title\" content=\"Tunisie : Focus sur les indicateurs \u00e9conomiques de fin d\u2019ann\u00e9e\" \/>\n<meta property=\"og:description\" content=\"Les derniers indicateurs mon\u00e9taires et financiers, ont \u00e9t\u00e9 publi\u00e9s ce jeudi 26 d\u00e9cembre par la Banque centrale de Tunisie (BCT).\" \/>\n<meta property=\"og:url\" content=\"https:\/\/www.webdo.tn\/fr\/actualite\/national\/tunisie-focus-sur-les-indicateurs-economiques-de-fin-d-annee\/218623\/\" \/>\n<meta property=\"og:site_name\" content=\"webdo\" \/>\n<meta property=\"article:publisher\" content=\"https:\/\/www.facebook.com\/webdotn\" \/>\n<meta property=\"article:published_time\" content=\"2024-12-26T14:42:00+00:00\" \/>\n<meta property=\"article:modified_time\" content=\"2025-05-20T22:15:46+00:00\" \/>\n<meta property=\"og:image\" content=\"https:\/\/www.webdo.tn\/fr\/wp-content\/uploads\/2024\/12\/5cb092617db4fb53ab8fd8e80401ff32.webp\" \/>\n\t<meta property=\"og:image:width\" content=\"750\" \/>\n\t<meta property=\"og:image:height\" content=\"400\" \/>\n\t<meta property=\"og:image:type\" content=\"image\/webp\" \/>\n<meta name=\"author\" content=\"MC\" \/>\n<meta name=\"twitter:card\" content=\"summary_large_image\" \/>\n<meta name=\"twitter:creator\" content=\"@webdo_tn\" \/>\n<meta name=\"twitter:site\" content=\"@webdo_tn\" \/>\n<meta name=\"twitter:label1\" content=\"\u00c9crit par\" \/>\n\t<meta name=\"twitter:data1\" content=\"MC\" \/>\n\t<meta name=\"twitter:label2\" content=\"Dur\u00e9e de lecture estim\u00e9e\" \/>\n\t<meta name=\"twitter:data2\" content=\"1 minute\" \/>\n<script type=\"application\/ld+json\" class=\"yoast-schema-graph\">{\"@context\":\"https:\\\/\\\/schema.org\",\"@graph\":[{\"@type\":\"NewsArticle\",\"@id\":\"https:\\\/\\\/www.webdo.tn\\\/fr\\\/actualite\\\/national\\\/tunisie-focus-sur-les-indicateurs-economiques-de-fin-d-annee\\\/218623\\\/#article\",\"isPartOf\":{\"@id\":\"https:\\\/\\\/www.webdo.tn\\\/fr\\\/actualite\\\/national\\\/tunisie-focus-sur-les-indicateurs-economiques-de-fin-d-annee\\\/218623\\\/\"},\"author\":{\"name\":\"MC\",\"@id\":\"https:\\\/\\\/www.webdo.tn\\\/fr\\\/#\\\/schema\\\/person\\\/2c4929cbf5a809e3bd38617c6ce150f6\"},\"headline\":\"Tunisie : Focus sur les indicateurs \u00e9conomiques de fin d\u2019ann\u00e9e\",\"datePublished\":\"2024-12-26T14:42:00+00:00\",\"dateModified\":\"2025-05-20T22:15:46+00:00\",\"mainEntityOfPage\":{\"@id\":\"https:\\\/\\\/www.webdo.tn\\\/fr\\\/actualite\\\/national\\\/tunisie-focus-sur-les-indicateurs-economiques-de-fin-d-annee\\\/218623\\\/\"},\"wordCount\":309,\"commentCount\":0,\"publisher\":{\"@id\":\"https:\\\/\\\/www.webdo.tn\\\/fr\\\/#organization\"},\"image\":{\"@id\":\"https:\\\/\\\/www.webdo.tn\\\/fr\\\/actualite\\\/national\\\/tunisie-focus-sur-les-indicateurs-economiques-de-fin-d-annee\\\/218623\\\/#primaryimage\"},\"thumbnailUrl\":\"https:\\\/\\\/www.webdo.tn\\\/fr\\\/wp-content\\\/uploads\\\/2024\\\/12\\\/5cb092617db4fb53ab8fd8e80401ff32.webp\",\"keywords\":[\"avoirs en devises\",\"Dette ext\u00e9rieure\",\"Recettes touristiques\",\"revenus du travail\",\"Tunisie\"],\"articleSection\":[\"National\"],\"inLanguage\":\"fr-FR\"},{\"@type\":\"WebPage\",\"@id\":\"https:\\\/\\\/www.webdo.tn\\\/fr\\\/actualite\\\/national\\\/tunisie-focus-sur-les-indicateurs-economiques-de-fin-d-annee\\\/218623\\\/\",\"url\":\"https:\\\/\\\/www.webdo.tn\\\/fr\\\/actualite\\\/national\\\/tunisie-focus-sur-les-indicateurs-economiques-de-fin-d-annee\\\/218623\\\/\",\"name\":\"Tunisie : Focus sur les indicateurs \u00e9conomiques de fin d\u2019ann\u00e9e\",\"isPartOf\":{\"@id\":\"https:\\\/\\\/www.webdo.tn\\\/fr\\\/#website\"},\"primaryImageOfPage\":{\"@id\":\"https:\\\/\\\/www.webdo.tn\\\/fr\\\/actualite\\\/national\\\/tunisie-focus-sur-les-indicateurs-economiques-de-fin-d-annee\\\/218623\\\/#primaryimage\"},\"image\":{\"@id\":\"https:\\\/\\\/www.webdo.tn\\\/fr\\\/actualite\\\/national\\\/tunisie-focus-sur-les-indicateurs-economiques-de-fin-d-annee\\\/218623\\\/#primaryimage\"},\"thumbnailUrl\":\"https:\\\/\\\/www.webdo.tn\\\/fr\\\/wp-content\\\/uploads\\\/2024\\\/12\\\/5cb092617db4fb53ab8fd8e80401ff32.webp\",\"datePublished\":\"2024-12-26T14:42:00+00:00\",\"dateModified\":\"2025-05-20T22:15:46+00:00\",\"description\":\"Les derniers indicateurs mon\u00e9taires et financiers, ont \u00e9t\u00e9 publi\u00e9s ce jeudi 26 d\u00e9cembre par la Banque centrale de Tunisie (BCT).\",\"breadcrumb\":{\"@id\":\"https:\\\/\\\/www.webdo.tn\\\/fr\\\/actualite\\\/national\\\/tunisie-focus-sur-les-indicateurs-economiques-de-fin-d-annee\\\/218623\\\/#breadcrumb\"},\"inLanguage\":\"fr-FR\",\"potentialAction\":[{\"@type\":\"ReadAction\",\"target\":[\"https:\\\/\\\/www.webdo.tn\\\/fr\\\/actualite\\\/national\\\/tunisie-focus-sur-les-indicateurs-economiques-de-fin-d-annee\\\/218623\\\/\"]}]},{\"@type\":\"ImageObject\",\"inLanguage\":\"fr-FR\",\"@id\":\"https:\\\/\\\/www.webdo.tn\\\/fr\\\/actualite\\\/national\\\/tunisie-focus-sur-les-indicateurs-economiques-de-fin-d-annee\\\/218623\\\/#primaryimage\",\"url\":\"https:\\\/\\\/www.webdo.tn\\\/fr\\\/wp-content\\\/uploads\\\/2024\\\/12\\\/5cb092617db4fb53ab8fd8e80401ff32.webp\",\"contentUrl\":\"https:\\\/\\\/www.webdo.tn\\\/fr\\\/wp-content\\\/uploads\\\/2024\\\/12\\\/5cb092617db4fb53ab8fd8e80401ff32.webp\",\"width\":750,\"height\":400,\"caption\":\"Tunisie : Focus sur les indicateurs \u00e9conomiques de fin d\u2019ann\u00e9e\"},{\"@type\":\"BreadcrumbList\",\"@id\":\"https:\\\/\\\/www.webdo.tn\\\/fr\\\/actualite\\\/national\\\/tunisie-focus-sur-les-indicateurs-economiques-de-fin-d-annee\\\/218623\\\/#breadcrumb\",\"itemListElement\":[{\"@type\":\"ListItem\",\"position\":1,\"name\":\"Accueil\",\"item\":\"https:\\\/\\\/www.webdo.tn\\\/fr\\\/\"},{\"@type\":\"ListItem\",\"position\":2,\"name\":\"Tunisie : Focus sur les indicateurs \u00e9conomiques de fin d\u2019ann\u00e9e\"}]},{\"@type\":\"WebSite\",\"@id\":\"https:\\\/\\\/www.webdo.tn\\\/fr\\\/#website\",\"url\":\"https:\\\/\\\/www.webdo.tn\\\/fr\\\/\",\"name\":\"webdo\",\"description\":\"Tunisie - News en Tunisie et \u00e0 l&#039;international sur Webdo.tn\",\"publisher\":{\"@id\":\"https:\\\/\\\/www.webdo.tn\\\/fr\\\/#organization\"},\"potentialAction\":[{\"@type\":\"SearchAction\",\"target\":{\"@type\":\"EntryPoint\",\"urlTemplate\":\"https:\\\/\\\/www.webdo.tn\\\/fr\\\/?s={search_term_string}\"},\"query-input\":{\"@type\":\"PropertyValueSpecification\",\"valueRequired\":true,\"valueName\":\"search_term_string\"}}],\"inLanguage\":\"fr-FR\"},{\"@type\":\"Organization\",\"@id\":\"https:\\\/\\\/www.webdo.tn\\\/fr\\\/#organization\",\"name\":\"Webdo\",\"alternateName\":\"Webdo.tn\",\"url\":\"https:\\\/\\\/www.webdo.tn\\\/fr\\\/\",\"logo\":{\"@type\":\"ImageObject\",\"inLanguage\":\"fr-FR\",\"@id\":\"https:\\\/\\\/www.webdo.tn\\\/fr\\\/#\\\/schema\\\/logo\\\/image\\\/\",\"url\":\"https:\\\/\\\/www.webdo.tn\\\/fr\\\/wp-content\\\/uploads\\\/2025\\\/06\\\/Webdo-Tunisie_168377.jpg\",\"contentUrl\":\"https:\\\/\\\/www.webdo.tn\\\/fr\\\/wp-content\\\/uploads\\\/2025\\\/06\\\/Webdo-Tunisie_168377.jpg\",\"width\":301,\"height\":301,\"caption\":\"Webdo\"},\"image\":{\"@id\":\"https:\\\/\\\/www.webdo.tn\\\/fr\\\/#\\\/schema\\\/logo\\\/image\\\/\"},\"sameAs\":[\"https:\\\/\\\/www.facebook.com\\\/webdotn\",\"https:\\\/\\\/x.com\\\/webdo_tn\"],\"description\":\"Webdo est un m\u00e9dia num\u00e9rique tunisien fond\u00e9 en 2010, sp\u00e9cialis\u00e9 dans l\u2019actualit\u00e9 nationale et internationale, l\u2019\u00e9conomie, la soci\u00e9t\u00e9 et les analyses politiques. Le site s\u2019adresse \u00e0 un large public francophone et couvre l\u2019information tunisienne en temps r\u00e9el.\",\"email\":\"redac@webdo.tn\",\"legalName\":\"YNJ SARL\",\"foundingDate\":\"2010-09-06\",\"numberOfEmployees\":{\"@type\":\"QuantitativeValue\",\"minValue\":\"11\",\"maxValue\":\"50\"}},{\"@type\":\"Person\",\"@id\":\"https:\\\/\\\/www.webdo.tn\\\/fr\\\/#\\\/schema\\\/person\\\/2c4929cbf5a809e3bd38617c6ce150f6\",\"name\":\"MC\",\"image\":{\"@type\":\"ImageObject\",\"inLanguage\":\"fr-FR\",\"@id\":\"https:\\\/\\\/secure.gravatar.com\\\/avatar\\\/a545bbb6f84efdd5553dbbc2895e3ca8f1d12c5215e00a041c9670b54aa9b18a?s=96&d=mm&r=g\",\"url\":\"https:\\\/\\\/secure.gravatar.com\\\/avatar\\\/a545bbb6f84efdd5553dbbc2895e3ca8f1d12c5215e00a041c9670b54aa9b18a?s=96&d=mm&r=g\",\"contentUrl\":\"https:\\\/\\\/secure.gravatar.com\\\/avatar\\\/a545bbb6f84efdd5553dbbc2895e3ca8f1d12c5215e00a041c9670b54aa9b18a?s=96&d=mm&r=g\",\"caption\":\"MC\"},\"url\":\"https:\\\/\\\/www.webdo.tn\\\/fr\\\/actualite\\\/author\\\/mc\\\/\"}]}<\/script>\n<!-- \/ Yoast SEO Premium plugin. -->","yoast_head_json":{"title":"Tunisie : Focus sur les indicateurs \u00e9conomiques de fin d\u2019ann\u00e9e","description":"Les derniers indicateurs mon\u00e9taires et financiers, ont \u00e9t\u00e9 publi\u00e9s ce jeudi 26 d\u00e9cembre par la Banque centrale de Tunisie (BCT).","canonical":"https:\/\/www.webdo.tn\/fr\/actualite\/national\/tunisie-focus-sur-les-indicateurs-economiques-de-fin-d-annee\/218623\/","og_locale":"fr_FR","og_type":"article","og_title":"Tunisie : Focus sur les indicateurs \u00e9conomiques de fin d\u2019ann\u00e9e","og_description":"Les derniers indicateurs mon\u00e9taires et financiers, ont \u00e9t\u00e9 publi\u00e9s ce jeudi 26 d\u00e9cembre par la Banque centrale de Tunisie (BCT).","og_url":"https:\/\/www.webdo.tn\/fr\/actualite\/national\/tunisie-focus-sur-les-indicateurs-economiques-de-fin-d-annee\/218623\/","og_site_name":"webdo","article_publisher":"https:\/\/www.facebook.com\/webdotn","article_published_time":"2024-12-26T14:42:00+00:00","article_modified_time":"2025-05-20T22:15:46+00:00","og_image":[{"width":750,"height":400,"url":"https:\/\/www.webdo.tn\/fr\/wp-content\/uploads\/2024\/12\/5cb092617db4fb53ab8fd8e80401ff32.webp","type":"image\/webp"}],"author":"MC","twitter_card":"summary_large_image","twitter_creator":"@webdo_tn","twitter_site":"@webdo_tn","twitter_misc":{"\u00c9crit par":"MC","Dur\u00e9e de lecture estim\u00e9e":"1 minute"},"schema":{"@context":"https:\/\/schema.org","@graph":[{"@type":"NewsArticle","@id":"https:\/\/www.webdo.tn\/fr\/actualite\/national\/tunisie-focus-sur-les-indicateurs-economiques-de-fin-d-annee\/218623\/#article","isPartOf":{"@id":"https:\/\/www.webdo.tn\/fr\/actualite\/national\/tunisie-focus-sur-les-indicateurs-economiques-de-fin-d-annee\/218623\/"},"author":{"name":"MC","@id":"https:\/\/www.webdo.tn\/fr\/#\/schema\/person\/2c4929cbf5a809e3bd38617c6ce150f6"},"headline":"Tunisie : Focus sur les indicateurs \u00e9conomiques de fin d\u2019ann\u00e9e","datePublished":"2024-12-26T14:42:00+00:00","dateModified":"2025-05-20T22:15:46+00:00","mainEntityOfPage":{"@id":"https:\/\/www.webdo.tn\/fr\/actualite\/national\/tunisie-focus-sur-les-indicateurs-economiques-de-fin-d-annee\/218623\/"},"wordCount":309,"commentCount":0,"publisher":{"@id":"https:\/\/www.webdo.tn\/fr\/#organization"},"image":{"@id":"https:\/\/www.webdo.tn\/fr\/actualite\/national\/tunisie-focus-sur-les-indicateurs-economiques-de-fin-d-annee\/218623\/#primaryimage"},"thumbnailUrl":"https:\/\/www.webdo.tn\/fr\/wp-content\/uploads\/2024\/12\/5cb092617db4fb53ab8fd8e80401ff32.webp","keywords":["avoirs en devises","Dette ext\u00e9rieure","Recettes touristiques","revenus du travail","Tunisie"],"articleSection":["National"],"inLanguage":"fr-FR"},{"@type":"WebPage","@id":"https:\/\/www.webdo.tn\/fr\/actualite\/national\/tunisie-focus-sur-les-indicateurs-economiques-de-fin-d-annee\/218623\/","url":"https:\/\/www.webdo.tn\/fr\/actualite\/national\/tunisie-focus-sur-les-indicateurs-economiques-de-fin-d-annee\/218623\/","name":"Tunisie : Focus sur les indicateurs \u00e9conomiques de fin d\u2019ann\u00e9e","isPartOf":{"@id":"https:\/\/www.webdo.tn\/fr\/#website"},"primaryImageOfPage":{"@id":"https:\/\/www.webdo.tn\/fr\/actualite\/national\/tunisie-focus-sur-les-indicateurs-economiques-de-fin-d-annee\/218623\/#primaryimage"},"image":{"@id":"https:\/\/www.webdo.tn\/fr\/actualite\/national\/tunisie-focus-sur-les-indicateurs-economiques-de-fin-d-annee\/218623\/#primaryimage"},"thumbnailUrl":"https:\/\/www.webdo.tn\/fr\/wp-content\/uploads\/2024\/12\/5cb092617db4fb53ab8fd8e80401ff32.webp","datePublished":"2024-12-26T14:42:00+00:00","dateModified":"2025-05-20T22:15:46+00:00","description":"Les derniers indicateurs mon\u00e9taires et financiers, ont \u00e9t\u00e9 publi\u00e9s ce jeudi 26 d\u00e9cembre par la Banque centrale de Tunisie (BCT).","breadcrumb":{"@id":"https:\/\/www.webdo.tn\/fr\/actualite\/national\/tunisie-focus-sur-les-indicateurs-economiques-de-fin-d-annee\/218623\/#breadcrumb"},"inLanguage":"fr-FR","potentialAction":[{"@type":"ReadAction","target":["https:\/\/www.webdo.tn\/fr\/actualite\/national\/tunisie-focus-sur-les-indicateurs-economiques-de-fin-d-annee\/218623\/"]}]},{"@type":"ImageObject","inLanguage":"fr-FR","@id":"https:\/\/www.webdo.tn\/fr\/actualite\/national\/tunisie-focus-sur-les-indicateurs-economiques-de-fin-d-annee\/218623\/#primaryimage","url":"https:\/\/www.webdo.tn\/fr\/wp-content\/uploads\/2024\/12\/5cb092617db4fb53ab8fd8e80401ff32.webp","contentUrl":"https:\/\/www.webdo.tn\/fr\/wp-content\/uploads\/2024\/12\/5cb092617db4fb53ab8fd8e80401ff32.webp","width":750,"height":400,"caption":"Tunisie : Focus sur les indicateurs \u00e9conomiques de fin d\u2019ann\u00e9e"},{"@type":"BreadcrumbList","@id":"https:\/\/www.webdo.tn\/fr\/actualite\/national\/tunisie-focus-sur-les-indicateurs-economiques-de-fin-d-annee\/218623\/#breadcrumb","itemListElement":[{"@type":"ListItem","position":1,"name":"Accueil","item":"https:\/\/www.webdo.tn\/fr\/"},{"@type":"ListItem","position":2,"name":"Tunisie : Focus sur les indicateurs \u00e9conomiques de fin d\u2019ann\u00e9e"}]},{"@type":"WebSite","@id":"https:\/\/www.webdo.tn\/fr\/#website","url":"https:\/\/www.webdo.tn\/fr\/","name":"webdo","description":"Tunisie - News en Tunisie et \u00e0 l&#039;international sur Webdo.tn","publisher":{"@id":"https:\/\/www.webdo.tn\/fr\/#organization"},"potentialAction":[{"@type":"SearchAction","target":{"@type":"EntryPoint","urlTemplate":"https:\/\/www.webdo.tn\/fr\/?s={search_term_string}"},"query-input":{"@type":"PropertyValueSpecification","valueRequired":true,"valueName":"search_term_string"}}],"inLanguage":"fr-FR"},{"@type":"Organization","@id":"https:\/\/www.webdo.tn\/fr\/#organization","name":"Webdo","alternateName":"Webdo.tn","url":"https:\/\/www.webdo.tn\/fr\/","logo":{"@type":"ImageObject","inLanguage":"fr-FR","@id":"https:\/\/www.webdo.tn\/fr\/#\/schema\/logo\/image\/","url":"https:\/\/www.webdo.tn\/fr\/wp-content\/uploads\/2025\/06\/Webdo-Tunisie_168377.jpg","contentUrl":"https:\/\/www.webdo.tn\/fr\/wp-content\/uploads\/2025\/06\/Webdo-Tunisie_168377.jpg","width":301,"height":301,"caption":"Webdo"},"image":{"@id":"https:\/\/www.webdo.tn\/fr\/#\/schema\/logo\/image\/"},"sameAs":["https:\/\/www.facebook.com\/webdotn","https:\/\/x.com\/webdo_tn"],"description":"Webdo est un m\u00e9dia num\u00e9rique tunisien fond\u00e9 en 2010, sp\u00e9cialis\u00e9 dans l\u2019actualit\u00e9 nationale et internationale, l\u2019\u00e9conomie, la soci\u00e9t\u00e9 et les analyses politiques. Le site s\u2019adresse \u00e0 un large public francophone et couvre l\u2019information tunisienne en temps r\u00e9el.","email":"redac@webdo.tn","legalName":"YNJ SARL","foundingDate":"2010-09-06","numberOfEmployees":{"@type":"QuantitativeValue","minValue":"11","maxValue":"50"}},{"@type":"Person","@id":"https:\/\/www.webdo.tn\/fr\/#\/schema\/person\/2c4929cbf5a809e3bd38617c6ce150f6","name":"MC","image":{"@type":"ImageObject","inLanguage":"fr-FR","@id":"https:\/\/secure.gravatar.com\/avatar\/a545bbb6f84efdd5553dbbc2895e3ca8f1d12c5215e00a041c9670b54aa9b18a?s=96&d=mm&r=g","url":"https:\/\/secure.gravatar.com\/avatar\/a545bbb6f84efdd5553dbbc2895e3ca8f1d12c5215e00a041c9670b54aa9b18a?s=96&d=mm&r=g","contentUrl":"https:\/\/secure.gravatar.com\/avatar\/a545bbb6f84efdd5553dbbc2895e3ca8f1d12c5215e00a041c9670b54aa9b18a?s=96&d=mm&r=g","caption":"MC"},"url":"https:\/\/www.webdo.tn\/fr\/actualite\/author\/mc\/"}]}},"_links":{"self":[{"href":"https:\/\/www.webdo.tn\/fr\/wp-json\/wp\/v2\/posts\/218623","targetHints":{"allow":["GET"]}}],"collection":[{"href":"https:\/\/www.webdo.tn\/fr\/wp-json\/wp\/v2\/posts"}],"about":[{"href":"https:\/\/www.webdo.tn\/fr\/wp-json\/wp\/v2\/types\/post"}],"author":[{"embeddable":true,"href":"https:\/\/www.webdo.tn\/fr\/wp-json\/wp\/v2\/users\/3162"}],"replies":[{"embeddable":true,"href":"https:\/\/www.webdo.tn\/fr\/wp-json\/wp\/v2\/comments?post=218623"}],"version-history":[{"count":0,"href":"https:\/\/www.webdo.tn\/fr\/wp-json\/wp\/v2\/posts\/218623\/revisions"}],"wp:featuredmedia":[{"embeddable":true,"href":"https:\/\/www.webdo.tn\/fr\/wp-json\/wp\/v2\/media\/291599"}],"wp:attachment":[{"href":"https:\/\/www.webdo.tn\/fr\/wp-json\/wp\/v2\/media?parent=218623"}],"wp:term":[{"taxonomy":"category","embeddable":true,"href":"https:\/\/www.webdo.tn\/fr\/wp-json\/wp\/v2\/categories?post=218623"},{"taxonomy":"post_tag","embeddable":true,"href":"https:\/\/www.webdo.tn\/fr\/wp-json\/wp\/v2\/tags?post=218623"}],"curies":[{"name":"wp","href":"https:\/\/api.w.org\/{rel}","templated":true}]}}