{"id":218598,"date":"2024-12-25T14:48:00","date_gmt":"2024-12-25T14:48:00","guid":{"rendered":"https:\/\/www.webdo.tn\/fr\/blog\/2024\/12\/25\/tunisie-detention-prolongee-pour-lotfi-mraihi\/"},"modified":"2025-05-20T21:44:52","modified_gmt":"2025-05-20T21:44:52","slug":"tunisie-detention-prolongee-pour-lotfi-mraihi","status":"publish","type":"post","link":"https:\/\/www.webdo.tn\/fr\/actualite\/national\/tunisie-detention-prolongee-pour-lotfi-mraihi\/218598\/","title":{"rendered":"Tunisie : D\u00e9tention prolong\u00e9e pour Lotfi Mraihi"},"content":{"rendered":"<p>Le juge d&rsquo;instruction au Tribunal de premi\u00e8re instance de Tunis a d\u00e9cid\u00e9 de prolonger la d\u00e9tention pr\u00e9ventive de Lotfi Mraihi, pr\u00e9sident du Parti de l&rsquo;Union populaire r\u00e9publicaine (UPR), de quatre mois.<\/p>\n<p>Lotfi Mraihi, poursuivi dans une affaire li\u00e9e \u00e0 des transactions financi\u00e8res \u00e0 l&rsquo;\u00e9tranger et l&rsquo;ouverture d&rsquo;un compte bancaire, sans l&rsquo;autorisation de la Banque centrale de Tunisie a fait l\u2019objet d\u2019un mandat de d\u00e9p\u00f4t.<\/p>\n<p>Le mois dernier, la 14e Chambre correctionnelle aupr\u00e8s de la Cour d&rsquo;appel de Tunis l\u2019a condamn\u00e9 \u00e0 six mois de prison ferme pour \u00ab\u00a0usage des moyens de t\u00e9l\u00e9communication dans le but de diffuser de fausses informations\u00a0\u00bb.<\/p>\n<p>En juillet dernier, Lotfi Mraihi a \u00e9t\u00e9 condamn\u00e9 \u00e0 huit mois de prison et \u00e0 une interdiction \u00e0 vie de se pr\u00e9senter aux \u00e9lections. Une peine confirm\u00e9e en septembre par la Chambre judiciaire de la Cour d&rsquo;appel de Tunis avec all\u00e8gement de la peine de prison de huit \u00e0 six mois.<\/p>\n<p>Lotfi Mraihi avait \u00e9t\u00e9 reconnu coupable suite \u00e0 une enqu\u00eate ouverte le 1er juillet 2024 pour des soup\u00e7ons de blanchiment d&rsquo;argent, de transfert ill\u00e9gal de fonds \u00e0 l&rsquo;\u00e9tranger et d&rsquo;ouverture de comptes bancaires \u00e0 l&rsquo;\u00e9tranger sans autorisation de la Banque centrale.<\/p>\n<p>Lotfi Mraihi a \u00e9t\u00e9 arr\u00eat\u00e9 \u00e0 Nabeul le 3 juillet dernier suite \u00e0 un avis de recherche. L&rsquo;enqu\u00eate a r\u00e9v\u00e9l\u00e9 son implication pr\u00e9sum\u00e9e, ainsi que celle de la secr\u00e9taire g\u00e9n\u00e9rale du parti, dans l&rsquo;achat de parrainages contre des compensations financi\u00e8res.<\/p>\n","protected":false},"excerpt":{"rendered":"<p>Le juge d&rsquo;instruction au Tribunal de premi\u00e8re instance de Tunis a d\u00e9cid\u00e9 de prolonger la d\u00e9tention pr\u00e9ventive de Lotfi Mraihi, pr\u00e9sident du Parti de l&rsquo;Union pop&#8230;<\/p>\n","protected":false},"author":3162,"featured_media":243216,"comment_status":"open","ping_status":"open","sticky":false,"template":"","format":"standard","meta":{"footnotes":""},"categories":[44],"tags":[3286,2619,4607,2608],"class_list":["post-218598","post","type-post","status-publish","format-standard","has-post-thumbnail","hentry","category-national","tag-detention","tag-justice","tag-lotfi-mraihi","tag-tunisie"],"yoast_head":"<!-- This site is optimized with the Yoast SEO Premium plugin v27.4 (Yoast SEO v27.5) - https:\/\/yoast.com\/product\/yoast-seo-premium-wordpress\/ -->\n<title>Tunisie : D\u00e9tention prolong\u00e9e pour Lotfi Mraihi<\/title>\n<meta name=\"description\" content=\"Le juge d&#039;instruction au Tribunal de premi\u00e8re instance de Tunis a d\u00e9cid\u00e9 de prolonger la d\u00e9tention pr\u00e9ventive de Lotfi Mraihi, pr\u00e9sident du Parti de l&#039;Union pop...\" \/>\n<link rel=\"canonical\" href=\"https:\/\/www.webdo.tn\/fr\/actualite\/national\/tunisie-detention-prolongee-pour-lotfi-mraihi\/218598\/\" \/>\n<meta property=\"og:locale\" content=\"fr_FR\" \/>\n<meta property=\"og:type\" content=\"article\" \/>\n<meta property=\"og:title\" content=\"Tunisie : D\u00e9tention prolong\u00e9e pour Lotfi Mraihi\" \/>\n<meta property=\"og:description\" content=\"Le juge d&#039;instruction au Tribunal de premi\u00e8re instance de Tunis a d\u00e9cid\u00e9 de prolonger la d\u00e9tention pr\u00e9ventive de Lotfi Mraihi, pr\u00e9sident du Parti de l&#039;Union pop...\" \/>\n<meta property=\"og:url\" content=\"https:\/\/www.webdo.tn\/fr\/actualite\/national\/tunisie-detention-prolongee-pour-lotfi-mraihi\/218598\/\" \/>\n<meta property=\"og:site_name\" content=\"webdo\" \/>\n<meta property=\"article:publisher\" content=\"https:\/\/www.facebook.com\/webdotn\" \/>\n<meta property=\"article:published_time\" content=\"2024-12-25T14:48:00+00:00\" \/>\n<meta property=\"article:modified_time\" content=\"2025-05-20T21:44:52+00:00\" \/>\n<meta property=\"og:image\" content=\"https:\/\/www.webdo.tn\/fr\/wp-content\/uploads\/2025\/05\/f98ff8197b3c036f391bc148c5e8dcd6-2.webp\" \/>\n\t<meta property=\"og:image:width\" content=\"750\" \/>\n\t<meta property=\"og:image:height\" content=\"400\" \/>\n\t<meta property=\"og:image:type\" content=\"image\/webp\" \/>\n<meta name=\"author\" content=\"MC\" \/>\n<meta name=\"twitter:card\" content=\"summary_large_image\" \/>\n<meta name=\"twitter:creator\" content=\"@webdo_tn\" \/>\n<meta name=\"twitter:site\" content=\"@webdo_tn\" \/>\n<meta name=\"twitter:label1\" content=\"\u00c9crit par\" \/>\n\t<meta name=\"twitter:data1\" content=\"MC\" \/>\n\t<meta name=\"twitter:label2\" content=\"Dur\u00e9e de lecture estim\u00e9e\" \/>\n\t<meta name=\"twitter:data2\" content=\"1 minute\" \/>\n<script type=\"application\/ld+json\" class=\"yoast-schema-graph\">{\"@context\":\"https:\\\/\\\/schema.org\",\"@graph\":[{\"@type\":\"NewsArticle\",\"@id\":\"https:\\\/\\\/www.webdo.tn\\\/fr\\\/actualite\\\/national\\\/tunisie-detention-prolongee-pour-lotfi-mraihi\\\/218598\\\/#article\",\"isPartOf\":{\"@id\":\"https:\\\/\\\/www.webdo.tn\\\/fr\\\/actualite\\\/national\\\/tunisie-detention-prolongee-pour-lotfi-mraihi\\\/218598\\\/\"},\"author\":{\"name\":\"MC\",\"@id\":\"https:\\\/\\\/www.webdo.tn\\\/fr\\\/#\\\/schema\\\/person\\\/2c4929cbf5a809e3bd38617c6ce150f6\"},\"headline\":\"Tunisie : D\u00e9tention prolong\u00e9e pour Lotfi Mraihi\",\"datePublished\":\"2024-12-25T14:48:00+00:00\",\"dateModified\":\"2025-05-20T21:44:52+00:00\",\"mainEntityOfPage\":{\"@id\":\"https:\\\/\\\/www.webdo.tn\\\/fr\\\/actualite\\\/national\\\/tunisie-detention-prolongee-pour-lotfi-mraihi\\\/218598\\\/\"},\"wordCount\":272,\"commentCount\":0,\"publisher\":{\"@id\":\"https:\\\/\\\/www.webdo.tn\\\/fr\\\/#organization\"},\"image\":{\"@id\":\"https:\\\/\\\/www.webdo.tn\\\/fr\\\/actualite\\\/national\\\/tunisie-detention-prolongee-pour-lotfi-mraihi\\\/218598\\\/#primaryimage\"},\"thumbnailUrl\":\"https:\\\/\\\/www.webdo.tn\\\/fr\\\/wp-content\\\/uploads\\\/2025\\\/05\\\/f98ff8197b3c036f391bc148c5e8dcd6-2.webp\",\"keywords\":[\"d\u00e9tention\",\"justice\",\"lotfi mraihi\",\"Tunisie\"],\"articleSection\":[\"National\"],\"inLanguage\":\"fr-FR\"},{\"@type\":\"WebPage\",\"@id\":\"https:\\\/\\\/www.webdo.tn\\\/fr\\\/actualite\\\/national\\\/tunisie-detention-prolongee-pour-lotfi-mraihi\\\/218598\\\/\",\"url\":\"https:\\\/\\\/www.webdo.tn\\\/fr\\\/actualite\\\/national\\\/tunisie-detention-prolongee-pour-lotfi-mraihi\\\/218598\\\/\",\"name\":\"Tunisie : D\u00e9tention prolong\u00e9e pour Lotfi Mraihi\",\"isPartOf\":{\"@id\":\"https:\\\/\\\/www.webdo.tn\\\/fr\\\/#website\"},\"primaryImageOfPage\":{\"@id\":\"https:\\\/\\\/www.webdo.tn\\\/fr\\\/actualite\\\/national\\\/tunisie-detention-prolongee-pour-lotfi-mraihi\\\/218598\\\/#primaryimage\"},\"image\":{\"@id\":\"https:\\\/\\\/www.webdo.tn\\\/fr\\\/actualite\\\/national\\\/tunisie-detention-prolongee-pour-lotfi-mraihi\\\/218598\\\/#primaryimage\"},\"thumbnailUrl\":\"https:\\\/\\\/www.webdo.tn\\\/fr\\\/wp-content\\\/uploads\\\/2025\\\/05\\\/f98ff8197b3c036f391bc148c5e8dcd6-2.webp\",\"datePublished\":\"2024-12-25T14:48:00+00:00\",\"dateModified\":\"2025-05-20T21:44:52+00:00\",\"description\":\"Le juge d'instruction au Tribunal de premi\u00e8re instance de Tunis a d\u00e9cid\u00e9 de prolonger la d\u00e9tention pr\u00e9ventive de Lotfi Mraihi, pr\u00e9sident du Parti de l'Union pop...\",\"breadcrumb\":{\"@id\":\"https:\\\/\\\/www.webdo.tn\\\/fr\\\/actualite\\\/national\\\/tunisie-detention-prolongee-pour-lotfi-mraihi\\\/218598\\\/#breadcrumb\"},\"inLanguage\":\"fr-FR\",\"potentialAction\":[{\"@type\":\"ReadAction\",\"target\":[\"https:\\\/\\\/www.webdo.tn\\\/fr\\\/actualite\\\/national\\\/tunisie-detention-prolongee-pour-lotfi-mraihi\\\/218598\\\/\"]}]},{\"@type\":\"ImageObject\",\"inLanguage\":\"fr-FR\",\"@id\":\"https:\\\/\\\/www.webdo.tn\\\/fr\\\/actualite\\\/national\\\/tunisie-detention-prolongee-pour-lotfi-mraihi\\\/218598\\\/#primaryimage\",\"url\":\"https:\\\/\\\/www.webdo.tn\\\/fr\\\/wp-content\\\/uploads\\\/2025\\\/05\\\/f98ff8197b3c036f391bc148c5e8dcd6-2.webp\",\"contentUrl\":\"https:\\\/\\\/www.webdo.tn\\\/fr\\\/wp-content\\\/uploads\\\/2025\\\/05\\\/f98ff8197b3c036f391bc148c5e8dcd6-2.webp\",\"width\":750,\"height\":400},{\"@type\":\"BreadcrumbList\",\"@id\":\"https:\\\/\\\/www.webdo.tn\\\/fr\\\/actualite\\\/national\\\/tunisie-detention-prolongee-pour-lotfi-mraihi\\\/218598\\\/#breadcrumb\",\"itemListElement\":[{\"@type\":\"ListItem\",\"position\":1,\"name\":\"Accueil\",\"item\":\"https:\\\/\\\/www.webdo.tn\\\/fr\\\/\"},{\"@type\":\"ListItem\",\"position\":2,\"name\":\"Tunisie : D\u00e9tention prolong\u00e9e pour Lotfi Mraihi\"}]},{\"@type\":\"WebSite\",\"@id\":\"https:\\\/\\\/www.webdo.tn\\\/fr\\\/#website\",\"url\":\"https:\\\/\\\/www.webdo.tn\\\/fr\\\/\",\"name\":\"webdo\",\"description\":\"Tunisie - News en Tunisie et \u00e0 l&#039;international sur Webdo.tn\",\"publisher\":{\"@id\":\"https:\\\/\\\/www.webdo.tn\\\/fr\\\/#organization\"},\"potentialAction\":[{\"@type\":\"SearchAction\",\"target\":{\"@type\":\"EntryPoint\",\"urlTemplate\":\"https:\\\/\\\/www.webdo.tn\\\/fr\\\/?s={search_term_string}\"},\"query-input\":{\"@type\":\"PropertyValueSpecification\",\"valueRequired\":true,\"valueName\":\"search_term_string\"}}],\"inLanguage\":\"fr-FR\"},{\"@type\":\"Organization\",\"@id\":\"https:\\\/\\\/www.webdo.tn\\\/fr\\\/#organization\",\"name\":\"Webdo\",\"alternateName\":\"Webdo.tn\",\"url\":\"https:\\\/\\\/www.webdo.tn\\\/fr\\\/\",\"logo\":{\"@type\":\"ImageObject\",\"inLanguage\":\"fr-FR\",\"@id\":\"https:\\\/\\\/www.webdo.tn\\\/fr\\\/#\\\/schema\\\/logo\\\/image\\\/\",\"url\":\"https:\\\/\\\/www.webdo.tn\\\/fr\\\/wp-content\\\/uploads\\\/2025\\\/06\\\/Webdo-Tunisie_168377.jpg\",\"contentUrl\":\"https:\\\/\\\/www.webdo.tn\\\/fr\\\/wp-content\\\/uploads\\\/2025\\\/06\\\/Webdo-Tunisie_168377.jpg\",\"width\":301,\"height\":301,\"caption\":\"Webdo\"},\"image\":{\"@id\":\"https:\\\/\\\/www.webdo.tn\\\/fr\\\/#\\\/schema\\\/logo\\\/image\\\/\"},\"sameAs\":[\"https:\\\/\\\/www.facebook.com\\\/webdotn\",\"https:\\\/\\\/x.com\\\/webdo_tn\"],\"description\":\"Webdo est un m\u00e9dia num\u00e9rique tunisien fond\u00e9 en 2010, sp\u00e9cialis\u00e9 dans l\u2019actualit\u00e9 nationale et internationale, l\u2019\u00e9conomie, la soci\u00e9t\u00e9 et les analyses politiques. Le site s\u2019adresse \u00e0 un large public francophone et couvre l\u2019information tunisienne en temps r\u00e9el.\",\"email\":\"redac@webdo.tn\",\"legalName\":\"YNJ SARL\",\"foundingDate\":\"2010-09-06\",\"numberOfEmployees\":{\"@type\":\"QuantitativeValue\",\"minValue\":\"11\",\"maxValue\":\"50\"}},{\"@type\":\"Person\",\"@id\":\"https:\\\/\\\/www.webdo.tn\\\/fr\\\/#\\\/schema\\\/person\\\/2c4929cbf5a809e3bd38617c6ce150f6\",\"name\":\"MC\",\"image\":{\"@type\":\"ImageObject\",\"inLanguage\":\"fr-FR\",\"@id\":\"https:\\\/\\\/secure.gravatar.com\\\/avatar\\\/a545bbb6f84efdd5553dbbc2895e3ca8f1d12c5215e00a041c9670b54aa9b18a?s=96&d=mm&r=g\",\"url\":\"https:\\\/\\\/secure.gravatar.com\\\/avatar\\\/a545bbb6f84efdd5553dbbc2895e3ca8f1d12c5215e00a041c9670b54aa9b18a?s=96&d=mm&r=g\",\"contentUrl\":\"https:\\\/\\\/secure.gravatar.com\\\/avatar\\\/a545bbb6f84efdd5553dbbc2895e3ca8f1d12c5215e00a041c9670b54aa9b18a?s=96&d=mm&r=g\",\"caption\":\"MC\"},\"url\":\"https:\\\/\\\/www.webdo.tn\\\/fr\\\/actualite\\\/author\\\/mc\\\/\"}]}<\/script>\n<!-- \/ Yoast SEO Premium plugin. -->","yoast_head_json":{"title":"Tunisie : D\u00e9tention prolong\u00e9e pour Lotfi Mraihi","description":"Le juge d'instruction au Tribunal de premi\u00e8re instance de Tunis a d\u00e9cid\u00e9 de prolonger la d\u00e9tention pr\u00e9ventive de Lotfi Mraihi, pr\u00e9sident du Parti de l'Union pop...","canonical":"https:\/\/www.webdo.tn\/fr\/actualite\/national\/tunisie-detention-prolongee-pour-lotfi-mraihi\/218598\/","og_locale":"fr_FR","og_type":"article","og_title":"Tunisie : D\u00e9tention prolong\u00e9e pour Lotfi Mraihi","og_description":"Le juge d'instruction au Tribunal de premi\u00e8re instance de Tunis a d\u00e9cid\u00e9 de prolonger la d\u00e9tention pr\u00e9ventive de Lotfi Mraihi, pr\u00e9sident du Parti de l'Union pop...","og_url":"https:\/\/www.webdo.tn\/fr\/actualite\/national\/tunisie-detention-prolongee-pour-lotfi-mraihi\/218598\/","og_site_name":"webdo","article_publisher":"https:\/\/www.facebook.com\/webdotn","article_published_time":"2024-12-25T14:48:00+00:00","article_modified_time":"2025-05-20T21:44:52+00:00","og_image":[{"width":750,"height":400,"url":"https:\/\/www.webdo.tn\/fr\/wp-content\/uploads\/2025\/05\/f98ff8197b3c036f391bc148c5e8dcd6-2.webp","type":"image\/webp"}],"author":"MC","twitter_card":"summary_large_image","twitter_creator":"@webdo_tn","twitter_site":"@webdo_tn","twitter_misc":{"\u00c9crit par":"MC","Dur\u00e9e de lecture estim\u00e9e":"1 minute"},"schema":{"@context":"https:\/\/schema.org","@graph":[{"@type":"NewsArticle","@id":"https:\/\/www.webdo.tn\/fr\/actualite\/national\/tunisie-detention-prolongee-pour-lotfi-mraihi\/218598\/#article","isPartOf":{"@id":"https:\/\/www.webdo.tn\/fr\/actualite\/national\/tunisie-detention-prolongee-pour-lotfi-mraihi\/218598\/"},"author":{"name":"MC","@id":"https:\/\/www.webdo.tn\/fr\/#\/schema\/person\/2c4929cbf5a809e3bd38617c6ce150f6"},"headline":"Tunisie : D\u00e9tention prolong\u00e9e pour Lotfi Mraihi","datePublished":"2024-12-25T14:48:00+00:00","dateModified":"2025-05-20T21:44:52+00:00","mainEntityOfPage":{"@id":"https:\/\/www.webdo.tn\/fr\/actualite\/national\/tunisie-detention-prolongee-pour-lotfi-mraihi\/218598\/"},"wordCount":272,"commentCount":0,"publisher":{"@id":"https:\/\/www.webdo.tn\/fr\/#organization"},"image":{"@id":"https:\/\/www.webdo.tn\/fr\/actualite\/national\/tunisie-detention-prolongee-pour-lotfi-mraihi\/218598\/#primaryimage"},"thumbnailUrl":"https:\/\/www.webdo.tn\/fr\/wp-content\/uploads\/2025\/05\/f98ff8197b3c036f391bc148c5e8dcd6-2.webp","keywords":["d\u00e9tention","justice","lotfi mraihi","Tunisie"],"articleSection":["National"],"inLanguage":"fr-FR"},{"@type":"WebPage","@id":"https:\/\/www.webdo.tn\/fr\/actualite\/national\/tunisie-detention-prolongee-pour-lotfi-mraihi\/218598\/","url":"https:\/\/www.webdo.tn\/fr\/actualite\/national\/tunisie-detention-prolongee-pour-lotfi-mraihi\/218598\/","name":"Tunisie : D\u00e9tention prolong\u00e9e pour Lotfi Mraihi","isPartOf":{"@id":"https:\/\/www.webdo.tn\/fr\/#website"},"primaryImageOfPage":{"@id":"https:\/\/www.webdo.tn\/fr\/actualite\/national\/tunisie-detention-prolongee-pour-lotfi-mraihi\/218598\/#primaryimage"},"image":{"@id":"https:\/\/www.webdo.tn\/fr\/actualite\/national\/tunisie-detention-prolongee-pour-lotfi-mraihi\/218598\/#primaryimage"},"thumbnailUrl":"https:\/\/www.webdo.tn\/fr\/wp-content\/uploads\/2025\/05\/f98ff8197b3c036f391bc148c5e8dcd6-2.webp","datePublished":"2024-12-25T14:48:00+00:00","dateModified":"2025-05-20T21:44:52+00:00","description":"Le juge d'instruction au Tribunal de premi\u00e8re instance de Tunis a d\u00e9cid\u00e9 de prolonger la d\u00e9tention pr\u00e9ventive de Lotfi Mraihi, pr\u00e9sident du Parti de l'Union pop...","breadcrumb":{"@id":"https:\/\/www.webdo.tn\/fr\/actualite\/national\/tunisie-detention-prolongee-pour-lotfi-mraihi\/218598\/#breadcrumb"},"inLanguage":"fr-FR","potentialAction":[{"@type":"ReadAction","target":["https:\/\/www.webdo.tn\/fr\/actualite\/national\/tunisie-detention-prolongee-pour-lotfi-mraihi\/218598\/"]}]},{"@type":"ImageObject","inLanguage":"fr-FR","@id":"https:\/\/www.webdo.tn\/fr\/actualite\/national\/tunisie-detention-prolongee-pour-lotfi-mraihi\/218598\/#primaryimage","url":"https:\/\/www.webdo.tn\/fr\/wp-content\/uploads\/2025\/05\/f98ff8197b3c036f391bc148c5e8dcd6-2.webp","contentUrl":"https:\/\/www.webdo.tn\/fr\/wp-content\/uploads\/2025\/05\/f98ff8197b3c036f391bc148c5e8dcd6-2.webp","width":750,"height":400},{"@type":"BreadcrumbList","@id":"https:\/\/www.webdo.tn\/fr\/actualite\/national\/tunisie-detention-prolongee-pour-lotfi-mraihi\/218598\/#breadcrumb","itemListElement":[{"@type":"ListItem","position":1,"name":"Accueil","item":"https:\/\/www.webdo.tn\/fr\/"},{"@type":"ListItem","position":2,"name":"Tunisie : D\u00e9tention prolong\u00e9e pour Lotfi Mraihi"}]},{"@type":"WebSite","@id":"https:\/\/www.webdo.tn\/fr\/#website","url":"https:\/\/www.webdo.tn\/fr\/","name":"webdo","description":"Tunisie - News en Tunisie et \u00e0 l&#039;international sur Webdo.tn","publisher":{"@id":"https:\/\/www.webdo.tn\/fr\/#organization"},"potentialAction":[{"@type":"SearchAction","target":{"@type":"EntryPoint","urlTemplate":"https:\/\/www.webdo.tn\/fr\/?s={search_term_string}"},"query-input":{"@type":"PropertyValueSpecification","valueRequired":true,"valueName":"search_term_string"}}],"inLanguage":"fr-FR"},{"@type":"Organization","@id":"https:\/\/www.webdo.tn\/fr\/#organization","name":"Webdo","alternateName":"Webdo.tn","url":"https:\/\/www.webdo.tn\/fr\/","logo":{"@type":"ImageObject","inLanguage":"fr-FR","@id":"https:\/\/www.webdo.tn\/fr\/#\/schema\/logo\/image\/","url":"https:\/\/www.webdo.tn\/fr\/wp-content\/uploads\/2025\/06\/Webdo-Tunisie_168377.jpg","contentUrl":"https:\/\/www.webdo.tn\/fr\/wp-content\/uploads\/2025\/06\/Webdo-Tunisie_168377.jpg","width":301,"height":301,"caption":"Webdo"},"image":{"@id":"https:\/\/www.webdo.tn\/fr\/#\/schema\/logo\/image\/"},"sameAs":["https:\/\/www.facebook.com\/webdotn","https:\/\/x.com\/webdo_tn"],"description":"Webdo est un m\u00e9dia num\u00e9rique tunisien fond\u00e9 en 2010, sp\u00e9cialis\u00e9 dans l\u2019actualit\u00e9 nationale et internationale, l\u2019\u00e9conomie, la soci\u00e9t\u00e9 et les analyses politiques. Le site s\u2019adresse \u00e0 un large public francophone et couvre l\u2019information tunisienne en temps r\u00e9el.","email":"redac@webdo.tn","legalName":"YNJ SARL","foundingDate":"2010-09-06","numberOfEmployees":{"@type":"QuantitativeValue","minValue":"11","maxValue":"50"}},{"@type":"Person","@id":"https:\/\/www.webdo.tn\/fr\/#\/schema\/person\/2c4929cbf5a809e3bd38617c6ce150f6","name":"MC","image":{"@type":"ImageObject","inLanguage":"fr-FR","@id":"https:\/\/secure.gravatar.com\/avatar\/a545bbb6f84efdd5553dbbc2895e3ca8f1d12c5215e00a041c9670b54aa9b18a?s=96&d=mm&r=g","url":"https:\/\/secure.gravatar.com\/avatar\/a545bbb6f84efdd5553dbbc2895e3ca8f1d12c5215e00a041c9670b54aa9b18a?s=96&d=mm&r=g","contentUrl":"https:\/\/secure.gravatar.com\/avatar\/a545bbb6f84efdd5553dbbc2895e3ca8f1d12c5215e00a041c9670b54aa9b18a?s=96&d=mm&r=g","caption":"MC"},"url":"https:\/\/www.webdo.tn\/fr\/actualite\/author\/mc\/"}]}},"_links":{"self":[{"href":"https:\/\/www.webdo.tn\/fr\/wp-json\/wp\/v2\/posts\/218598","targetHints":{"allow":["GET"]}}],"collection":[{"href":"https:\/\/www.webdo.tn\/fr\/wp-json\/wp\/v2\/posts"}],"about":[{"href":"https:\/\/www.webdo.tn\/fr\/wp-json\/wp\/v2\/types\/post"}],"author":[{"embeddable":true,"href":"https:\/\/www.webdo.tn\/fr\/wp-json\/wp\/v2\/users\/3162"}],"replies":[{"embeddable":true,"href":"https:\/\/www.webdo.tn\/fr\/wp-json\/wp\/v2\/comments?post=218598"}],"version-history":[{"count":0,"href":"https:\/\/www.webdo.tn\/fr\/wp-json\/wp\/v2\/posts\/218598\/revisions"}],"wp:featuredmedia":[{"embeddable":true,"href":"https:\/\/www.webdo.tn\/fr\/wp-json\/wp\/v2\/media\/243216"}],"wp:attachment":[{"href":"https:\/\/www.webdo.tn\/fr\/wp-json\/wp\/v2\/media?parent=218598"}],"wp:term":[{"taxonomy":"category","embeddable":true,"href":"https:\/\/www.webdo.tn\/fr\/wp-json\/wp\/v2\/categories?post=218598"},{"taxonomy":"post_tag","embeddable":true,"href":"https:\/\/www.webdo.tn\/fr\/wp-json\/wp\/v2\/tags?post=218598"}],"curies":[{"name":"wp","href":"https:\/\/api.w.org\/{rel}","templated":true}]}}