{"id":218578,"date":"2024-12-24T19:11:00","date_gmt":"2024-12-24T19:11:00","guid":{"rendered":"https:\/\/www.webdo.tn\/fr\/blog\/2024\/12\/24\/tunisie-maintient-de-la-greve-a-la-compagnie-des-phosphates-de-gafsa-les-25-et-26-decembre\/"},"modified":"2025-05-21T09:01:14","modified_gmt":"2025-05-21T09:01:14","slug":"tunisie-maintient-de-la-greve-a-la-compagnie-des-phosphates-de-gafsa-les-25-et-26-decembre","status":"publish","type":"post","link":"https:\/\/www.webdo.tn\/fr\/actualite\/national\/tunisie-maintient-de-la-greve-a-la-compagnie-des-phosphates-de-gafsa-les-25-et-26-decembre\/218578\/","title":{"rendered":"Tunisie : Maintien de la gr\u00e8ve \u00e0 la CPG"},"content":{"rendered":"<p>La F\u00e9d\u00e9ration g\u00e9n\u00e9rale des mines, affili\u00e9e \u00e0 l&rsquo;Union g\u00e9n\u00e9rale tunisienne du travail (UGTT), a confirm\u00e9 la tenue d\u2019une gr\u00e8ve des agents de la Compagnie des Phosphates de Gafsa (CPG) les 25 et 26 d\u00e9cembre 2024.<\/p>\n<p>\t\t\t\t\t\t\t\t\tCette d\u00e9cision fait suite \u00e0 l\u2019\u00e9chec des n\u00e9gociations engag\u00e9es entre les repr\u00e9sentants des travailleurs et la direction g\u00e9n\u00e9rale de la CPG.<\/p>\n<p>Dans un communiqu\u00e9 publi\u00e9 le 24 d\u00e9cembre 2024 par Echaab News, la F\u00e9d\u00e9ration a indiqu\u00e9 que les r\u00e9unions organis\u00e9es les 20 et 23 d\u00e9cembre, en pr\u00e9sence de repr\u00e9sentants de la CPG, de la pr\u00e9sidence du gouvernement et du minist\u00e8re de l\u2019Industrie, de l&rsquo;\u00c9nergie et des Mines, n\u2019avaient pas permis de r\u00e9soudre les diff\u00e9rends.<\/p>\n<p>Les revendications des agents portent sur plusieurs points essentiels :<\/p>\n<p>\tLe versement de la prime de production pour l\u2019ann\u00e9e 2023,<br \/>\n\tL\u2019application des accords conclus lors de pr\u00e9c\u00e9dentes r\u00e9unions,<br \/>\n\tL\u2019attribution des quotas de pr\u00eats sociaux pour les ann\u00e9es 2023, 2024, et 2025.<\/p>\n<p>Le communiqu\u00e9 souligne \u00e9galement la n\u00e9cessit\u00e9 de r\u00e9gulariser les arri\u00e9r\u00e9s financiers dus par la compagnie, conform\u00e9ment au pr\u00e9avis de gr\u00e8ve publi\u00e9 le 13 d\u00e9cembre par le Conseil sectoriel des mines de l\u2019UGTT.<\/p>\n<p>Ce mouvement social, qui concerne tous les sites de production de la compagnie, intervient dans un contexte de tensions persistantes dans un secteur crucial pour l\u2019\u00e9conomie tunisienne. Les r\u00e9percussions de cette gr\u00e8ve sur la production nationale de phosphate restent \u00e0 surveiller.<\/p>\n","protected":false},"excerpt":{"rendered":"<p>Les agents de la Compagnie des Phosphates de Gafsa observeront une gr\u00e8ve les 25 et 26 d\u00e9cembre 2024, suite \u00e0 l\u2019\u00e9chec des n\u00e9gociations sur leurs revendications f&#8230;<\/p>\n","protected":false},"author":3166,"featured_media":243268,"comment_status":"open","ping_status":"open","sticky":false,"template":"","format":"standard","meta":{"footnotes":""},"categories":[44],"tags":[2977,4001,2647,2979,2608],"class_list":["post-218578","post","type-post","status-publish","format-standard","has-post-thumbnail","hentry","category-national","tag-cpg","tag-gafsa","tag-greve","tag-phosphate","tag-tunisie"],"yoast_head":"<!-- This site is optimized with the Yoast SEO Premium plugin v27.5 (Yoast SEO v27.5) - https:\/\/yoast.com\/product\/yoast-seo-premium-wordpress\/ -->\n<title>Tunisie : Maintien de la gr\u00e8ve \u00e0 la CPG<\/title>\n<meta name=\"description\" content=\"Les agents de la Compagnie des Phosphates de Gafsa observeront une gr\u00e8ve les 25 et 26 d\u00e9cembre 2024, suite \u00e0 l\u2019\u00e9chec des n\u00e9gociations sur leurs revendications f...\" \/>\n<link rel=\"canonical\" href=\"https:\/\/www.webdo.tn\/fr\/actualite\/national\/tunisie-maintient-de-la-greve-a-la-compagnie-des-phosphates-de-gafsa-les-25-et-26-decembre\/218578\/\" \/>\n<meta property=\"og:locale\" content=\"fr_FR\" \/>\n<meta property=\"og:type\" content=\"article\" \/>\n<meta property=\"og:title\" content=\"Tunisie : Maintien de la gr\u00e8ve \u00e0 la CPG\" \/>\n<meta property=\"og:description\" content=\"Les agents de la Compagnie des Phosphates de Gafsa observeront une gr\u00e8ve les 25 et 26 d\u00e9cembre 2024, suite \u00e0 l\u2019\u00e9chec des n\u00e9gociations sur leurs revendications f...\" \/>\n<meta property=\"og:url\" content=\"https:\/\/www.webdo.tn\/fr\/actualite\/national\/tunisie-maintient-de-la-greve-a-la-compagnie-des-phosphates-de-gafsa-les-25-et-26-decembre\/218578\/\" \/>\n<meta property=\"og:site_name\" content=\"webdo\" \/>\n<meta property=\"article:publisher\" content=\"https:\/\/www.facebook.com\/webdotn\" \/>\n<meta property=\"article:published_time\" content=\"2024-12-24T19:11:00+00:00\" \/>\n<meta property=\"article:modified_time\" content=\"2025-05-21T09:01:14+00:00\" \/>\n<meta property=\"og:image\" content=\"https:\/\/www.webdo.tn\/fr\/wp-content\/uploads\/2025\/05\/6cb0bae46c1ed5c7b5801238331e4b0c-2.webp\" \/>\n\t<meta property=\"og:image:width\" content=\"750\" \/>\n\t<meta property=\"og:image:height\" content=\"400\" \/>\n\t<meta property=\"og:image:type\" content=\"image\/webp\" \/>\n<meta name=\"author\" content=\"AZ\" \/>\n<meta name=\"twitter:card\" content=\"summary_large_image\" \/>\n<meta name=\"twitter:creator\" content=\"@webdo_tn\" \/>\n<meta name=\"twitter:site\" content=\"@webdo_tn\" \/>\n<meta name=\"twitter:label1\" content=\"\u00c9crit par\" \/>\n\t<meta name=\"twitter:data1\" content=\"AZ\" \/>\n\t<meta name=\"twitter:label2\" content=\"Dur\u00e9e de lecture estim\u00e9e\" \/>\n\t<meta name=\"twitter:data2\" content=\"1 minute\" \/>\n<script type=\"application\/ld+json\" class=\"yoast-schema-graph\">{\"@context\":\"https:\\\/\\\/schema.org\",\"@graph\":[{\"@type\":\"NewsArticle\",\"@id\":\"https:\\\/\\\/www.webdo.tn\\\/fr\\\/actualite\\\/national\\\/tunisie-maintient-de-la-greve-a-la-compagnie-des-phosphates-de-gafsa-les-25-et-26-decembre\\\/218578\\\/#article\",\"isPartOf\":{\"@id\":\"https:\\\/\\\/www.webdo.tn\\\/fr\\\/actualite\\\/national\\\/tunisie-maintient-de-la-greve-a-la-compagnie-des-phosphates-de-gafsa-les-25-et-26-decembre\\\/218578\\\/\"},\"author\":{\"name\":\"AZ\",\"@id\":\"https:\\\/\\\/www.webdo.tn\\\/fr\\\/#\\\/schema\\\/person\\\/b8a41c04d93287d375510db360906b34\"},\"headline\":\"Tunisie : Maintien de la gr\u00e8ve \u00e0 la CPG\",\"datePublished\":\"2024-12-24T19:11:00+00:00\",\"dateModified\":\"2025-05-21T09:01:14+00:00\",\"mainEntityOfPage\":{\"@id\":\"https:\\\/\\\/www.webdo.tn\\\/fr\\\/actualite\\\/national\\\/tunisie-maintient-de-la-greve-a-la-compagnie-des-phosphates-de-gafsa-les-25-et-26-decembre\\\/218578\\\/\"},\"wordCount\":269,\"commentCount\":0,\"publisher\":{\"@id\":\"https:\\\/\\\/www.webdo.tn\\\/fr\\\/#organization\"},\"image\":{\"@id\":\"https:\\\/\\\/www.webdo.tn\\\/fr\\\/actualite\\\/national\\\/tunisie-maintient-de-la-greve-a-la-compagnie-des-phosphates-de-gafsa-les-25-et-26-decembre\\\/218578\\\/#primaryimage\"},\"thumbnailUrl\":\"https:\\\/\\\/www.webdo.tn\\\/fr\\\/wp-content\\\/uploads\\\/2025\\\/05\\\/6cb0bae46c1ed5c7b5801238331e4b0c-2.webp\",\"keywords\":[\"CPG\",\"Gafsa\",\"Gr\u00e8ve\",\"phosphate\",\"Tunisie\"],\"articleSection\":[\"National\"],\"inLanguage\":\"fr-FR\"},{\"@type\":\"WebPage\",\"@id\":\"https:\\\/\\\/www.webdo.tn\\\/fr\\\/actualite\\\/national\\\/tunisie-maintient-de-la-greve-a-la-compagnie-des-phosphates-de-gafsa-les-25-et-26-decembre\\\/218578\\\/\",\"url\":\"https:\\\/\\\/www.webdo.tn\\\/fr\\\/actualite\\\/national\\\/tunisie-maintient-de-la-greve-a-la-compagnie-des-phosphates-de-gafsa-les-25-et-26-decembre\\\/218578\\\/\",\"name\":\"Tunisie : Maintien de la gr\u00e8ve \u00e0 la CPG\",\"isPartOf\":{\"@id\":\"https:\\\/\\\/www.webdo.tn\\\/fr\\\/#website\"},\"primaryImageOfPage\":{\"@id\":\"https:\\\/\\\/www.webdo.tn\\\/fr\\\/actualite\\\/national\\\/tunisie-maintient-de-la-greve-a-la-compagnie-des-phosphates-de-gafsa-les-25-et-26-decembre\\\/218578\\\/#primaryimage\"},\"image\":{\"@id\":\"https:\\\/\\\/www.webdo.tn\\\/fr\\\/actualite\\\/national\\\/tunisie-maintient-de-la-greve-a-la-compagnie-des-phosphates-de-gafsa-les-25-et-26-decembre\\\/218578\\\/#primaryimage\"},\"thumbnailUrl\":\"https:\\\/\\\/www.webdo.tn\\\/fr\\\/wp-content\\\/uploads\\\/2025\\\/05\\\/6cb0bae46c1ed5c7b5801238331e4b0c-2.webp\",\"datePublished\":\"2024-12-24T19:11:00+00:00\",\"dateModified\":\"2025-05-21T09:01:14+00:00\",\"description\":\"Les agents de la Compagnie des Phosphates de Gafsa observeront une gr\u00e8ve les 25 et 26 d\u00e9cembre 2024, suite \u00e0 l\u2019\u00e9chec des n\u00e9gociations sur leurs revendications f...\",\"breadcrumb\":{\"@id\":\"https:\\\/\\\/www.webdo.tn\\\/fr\\\/actualite\\\/national\\\/tunisie-maintient-de-la-greve-a-la-compagnie-des-phosphates-de-gafsa-les-25-et-26-decembre\\\/218578\\\/#breadcrumb\"},\"inLanguage\":\"fr-FR\",\"potentialAction\":[{\"@type\":\"ReadAction\",\"target\":[\"https:\\\/\\\/www.webdo.tn\\\/fr\\\/actualite\\\/national\\\/tunisie-maintient-de-la-greve-a-la-compagnie-des-phosphates-de-gafsa-les-25-et-26-decembre\\\/218578\\\/\"]}]},{\"@type\":\"ImageObject\",\"inLanguage\":\"fr-FR\",\"@id\":\"https:\\\/\\\/www.webdo.tn\\\/fr\\\/actualite\\\/national\\\/tunisie-maintient-de-la-greve-a-la-compagnie-des-phosphates-de-gafsa-les-25-et-26-decembre\\\/218578\\\/#primaryimage\",\"url\":\"https:\\\/\\\/www.webdo.tn\\\/fr\\\/wp-content\\\/uploads\\\/2025\\\/05\\\/6cb0bae46c1ed5c7b5801238331e4b0c-2.webp\",\"contentUrl\":\"https:\\\/\\\/www.webdo.tn\\\/fr\\\/wp-content\\\/uploads\\\/2025\\\/05\\\/6cb0bae46c1ed5c7b5801238331e4b0c-2.webp\",\"width\":750,\"height\":400},{\"@type\":\"BreadcrumbList\",\"@id\":\"https:\\\/\\\/www.webdo.tn\\\/fr\\\/actualite\\\/national\\\/tunisie-maintient-de-la-greve-a-la-compagnie-des-phosphates-de-gafsa-les-25-et-26-decembre\\\/218578\\\/#breadcrumb\",\"itemListElement\":[{\"@type\":\"ListItem\",\"position\":1,\"name\":\"Accueil\",\"item\":\"https:\\\/\\\/www.webdo.tn\\\/fr\\\/\"},{\"@type\":\"ListItem\",\"position\":2,\"name\":\"Tunisie : Maintien de la gr\u00e8ve \u00e0 la CPG\"}]},{\"@type\":\"WebSite\",\"@id\":\"https:\\\/\\\/www.webdo.tn\\\/fr\\\/#website\",\"url\":\"https:\\\/\\\/www.webdo.tn\\\/fr\\\/\",\"name\":\"webdo\",\"description\":\"Tunisie - News en Tunisie et \u00e0 l&#039;international sur Webdo.tn\",\"publisher\":{\"@id\":\"https:\\\/\\\/www.webdo.tn\\\/fr\\\/#organization\"},\"potentialAction\":[{\"@type\":\"SearchAction\",\"target\":{\"@type\":\"EntryPoint\",\"urlTemplate\":\"https:\\\/\\\/www.webdo.tn\\\/fr\\\/?s={search_term_string}\"},\"query-input\":{\"@type\":\"PropertyValueSpecification\",\"valueRequired\":true,\"valueName\":\"search_term_string\"}}],\"inLanguage\":\"fr-FR\"},{\"@type\":\"Organization\",\"@id\":\"https:\\\/\\\/www.webdo.tn\\\/fr\\\/#organization\",\"name\":\"Webdo\",\"alternateName\":\"Webdo.tn\",\"url\":\"https:\\\/\\\/www.webdo.tn\\\/fr\\\/\",\"logo\":{\"@type\":\"ImageObject\",\"inLanguage\":\"fr-FR\",\"@id\":\"https:\\\/\\\/www.webdo.tn\\\/fr\\\/#\\\/schema\\\/logo\\\/image\\\/\",\"url\":\"https:\\\/\\\/www.webdo.tn\\\/fr\\\/wp-content\\\/uploads\\\/2025\\\/06\\\/Webdo-Tunisie_168377.jpg\",\"contentUrl\":\"https:\\\/\\\/www.webdo.tn\\\/fr\\\/wp-content\\\/uploads\\\/2025\\\/06\\\/Webdo-Tunisie_168377.jpg\",\"width\":301,\"height\":301,\"caption\":\"Webdo\"},\"image\":{\"@id\":\"https:\\\/\\\/www.webdo.tn\\\/fr\\\/#\\\/schema\\\/logo\\\/image\\\/\"},\"sameAs\":[\"https:\\\/\\\/www.facebook.com\\\/webdotn\",\"https:\\\/\\\/x.com\\\/webdo_tn\"],\"description\":\"Webdo est un m\u00e9dia num\u00e9rique tunisien fond\u00e9 en 2010, sp\u00e9cialis\u00e9 dans l\u2019actualit\u00e9 nationale et internationale, l\u2019\u00e9conomie, la soci\u00e9t\u00e9 et les analyses politiques. Le site s\u2019adresse \u00e0 un large public francophone et couvre l\u2019information tunisienne en temps r\u00e9el.\",\"email\":\"redac@webdo.tn\",\"legalName\":\"YNJ SARL\",\"foundingDate\":\"2010-09-06\",\"numberOfEmployees\":{\"@type\":\"QuantitativeValue\",\"minValue\":\"11\",\"maxValue\":\"50\"}},{\"@type\":\"Person\",\"@id\":\"https:\\\/\\\/www.webdo.tn\\\/fr\\\/#\\\/schema\\\/person\\\/b8a41c04d93287d375510db360906b34\",\"name\":\"AZ\",\"image\":{\"@type\":\"ImageObject\",\"inLanguage\":\"fr-FR\",\"@id\":\"https:\\\/\\\/secure.gravatar.com\\\/avatar\\\/492b80bada79439de4201dce15cd41eece6c277cfdf1b53382073c79105c1f89?s=96&d=mm&r=g\",\"url\":\"https:\\\/\\\/secure.gravatar.com\\\/avatar\\\/492b80bada79439de4201dce15cd41eece6c277cfdf1b53382073c79105c1f89?s=96&d=mm&r=g\",\"contentUrl\":\"https:\\\/\\\/secure.gravatar.com\\\/avatar\\\/492b80bada79439de4201dce15cd41eece6c277cfdf1b53382073c79105c1f89?s=96&d=mm&r=g\",\"caption\":\"AZ\"},\"url\":\"https:\\\/\\\/www.webdo.tn\\\/fr\\\/actualite\\\/author\\\/az\\\/\"}]}<\/script>\n<!-- \/ Yoast SEO Premium plugin. -->","yoast_head_json":{"title":"Tunisie : Maintien de la gr\u00e8ve \u00e0 la CPG","description":"Les agents de la Compagnie des Phosphates de Gafsa observeront une gr\u00e8ve les 25 et 26 d\u00e9cembre 2024, suite \u00e0 l\u2019\u00e9chec des n\u00e9gociations sur leurs revendications f...","canonical":"https:\/\/www.webdo.tn\/fr\/actualite\/national\/tunisie-maintient-de-la-greve-a-la-compagnie-des-phosphates-de-gafsa-les-25-et-26-decembre\/218578\/","og_locale":"fr_FR","og_type":"article","og_title":"Tunisie : Maintien de la gr\u00e8ve \u00e0 la CPG","og_description":"Les agents de la Compagnie des Phosphates de Gafsa observeront une gr\u00e8ve les 25 et 26 d\u00e9cembre 2024, suite \u00e0 l\u2019\u00e9chec des n\u00e9gociations sur leurs revendications f...","og_url":"https:\/\/www.webdo.tn\/fr\/actualite\/national\/tunisie-maintient-de-la-greve-a-la-compagnie-des-phosphates-de-gafsa-les-25-et-26-decembre\/218578\/","og_site_name":"webdo","article_publisher":"https:\/\/www.facebook.com\/webdotn","article_published_time":"2024-12-24T19:11:00+00:00","article_modified_time":"2025-05-21T09:01:14+00:00","og_image":[{"width":750,"height":400,"url":"https:\/\/www.webdo.tn\/fr\/wp-content\/uploads\/2025\/05\/6cb0bae46c1ed5c7b5801238331e4b0c-2.webp","type":"image\/webp"}],"author":"AZ","twitter_card":"summary_large_image","twitter_creator":"@webdo_tn","twitter_site":"@webdo_tn","twitter_misc":{"\u00c9crit par":"AZ","Dur\u00e9e de lecture estim\u00e9e":"1 minute"},"schema":{"@context":"https:\/\/schema.org","@graph":[{"@type":"NewsArticle","@id":"https:\/\/www.webdo.tn\/fr\/actualite\/national\/tunisie-maintient-de-la-greve-a-la-compagnie-des-phosphates-de-gafsa-les-25-et-26-decembre\/218578\/#article","isPartOf":{"@id":"https:\/\/www.webdo.tn\/fr\/actualite\/national\/tunisie-maintient-de-la-greve-a-la-compagnie-des-phosphates-de-gafsa-les-25-et-26-decembre\/218578\/"},"author":{"name":"AZ","@id":"https:\/\/www.webdo.tn\/fr\/#\/schema\/person\/b8a41c04d93287d375510db360906b34"},"headline":"Tunisie : Maintien de la gr\u00e8ve \u00e0 la CPG","datePublished":"2024-12-24T19:11:00+00:00","dateModified":"2025-05-21T09:01:14+00:00","mainEntityOfPage":{"@id":"https:\/\/www.webdo.tn\/fr\/actualite\/national\/tunisie-maintient-de-la-greve-a-la-compagnie-des-phosphates-de-gafsa-les-25-et-26-decembre\/218578\/"},"wordCount":269,"commentCount":0,"publisher":{"@id":"https:\/\/www.webdo.tn\/fr\/#organization"},"image":{"@id":"https:\/\/www.webdo.tn\/fr\/actualite\/national\/tunisie-maintient-de-la-greve-a-la-compagnie-des-phosphates-de-gafsa-les-25-et-26-decembre\/218578\/#primaryimage"},"thumbnailUrl":"https:\/\/www.webdo.tn\/fr\/wp-content\/uploads\/2025\/05\/6cb0bae46c1ed5c7b5801238331e4b0c-2.webp","keywords":["CPG","Gafsa","Gr\u00e8ve","phosphate","Tunisie"],"articleSection":["National"],"inLanguage":"fr-FR"},{"@type":"WebPage","@id":"https:\/\/www.webdo.tn\/fr\/actualite\/national\/tunisie-maintient-de-la-greve-a-la-compagnie-des-phosphates-de-gafsa-les-25-et-26-decembre\/218578\/","url":"https:\/\/www.webdo.tn\/fr\/actualite\/national\/tunisie-maintient-de-la-greve-a-la-compagnie-des-phosphates-de-gafsa-les-25-et-26-decembre\/218578\/","name":"Tunisie : Maintien de la gr\u00e8ve \u00e0 la CPG","isPartOf":{"@id":"https:\/\/www.webdo.tn\/fr\/#website"},"primaryImageOfPage":{"@id":"https:\/\/www.webdo.tn\/fr\/actualite\/national\/tunisie-maintient-de-la-greve-a-la-compagnie-des-phosphates-de-gafsa-les-25-et-26-decembre\/218578\/#primaryimage"},"image":{"@id":"https:\/\/www.webdo.tn\/fr\/actualite\/national\/tunisie-maintient-de-la-greve-a-la-compagnie-des-phosphates-de-gafsa-les-25-et-26-decembre\/218578\/#primaryimage"},"thumbnailUrl":"https:\/\/www.webdo.tn\/fr\/wp-content\/uploads\/2025\/05\/6cb0bae46c1ed5c7b5801238331e4b0c-2.webp","datePublished":"2024-12-24T19:11:00+00:00","dateModified":"2025-05-21T09:01:14+00:00","description":"Les agents de la Compagnie des Phosphates de Gafsa observeront une gr\u00e8ve les 25 et 26 d\u00e9cembre 2024, suite \u00e0 l\u2019\u00e9chec des n\u00e9gociations sur leurs revendications f...","breadcrumb":{"@id":"https:\/\/www.webdo.tn\/fr\/actualite\/national\/tunisie-maintient-de-la-greve-a-la-compagnie-des-phosphates-de-gafsa-les-25-et-26-decembre\/218578\/#breadcrumb"},"inLanguage":"fr-FR","potentialAction":[{"@type":"ReadAction","target":["https:\/\/www.webdo.tn\/fr\/actualite\/national\/tunisie-maintient-de-la-greve-a-la-compagnie-des-phosphates-de-gafsa-les-25-et-26-decembre\/218578\/"]}]},{"@type":"ImageObject","inLanguage":"fr-FR","@id":"https:\/\/www.webdo.tn\/fr\/actualite\/national\/tunisie-maintient-de-la-greve-a-la-compagnie-des-phosphates-de-gafsa-les-25-et-26-decembre\/218578\/#primaryimage","url":"https:\/\/www.webdo.tn\/fr\/wp-content\/uploads\/2025\/05\/6cb0bae46c1ed5c7b5801238331e4b0c-2.webp","contentUrl":"https:\/\/www.webdo.tn\/fr\/wp-content\/uploads\/2025\/05\/6cb0bae46c1ed5c7b5801238331e4b0c-2.webp","width":750,"height":400},{"@type":"BreadcrumbList","@id":"https:\/\/www.webdo.tn\/fr\/actualite\/national\/tunisie-maintient-de-la-greve-a-la-compagnie-des-phosphates-de-gafsa-les-25-et-26-decembre\/218578\/#breadcrumb","itemListElement":[{"@type":"ListItem","position":1,"name":"Accueil","item":"https:\/\/www.webdo.tn\/fr\/"},{"@type":"ListItem","position":2,"name":"Tunisie : Maintien de la gr\u00e8ve \u00e0 la CPG"}]},{"@type":"WebSite","@id":"https:\/\/www.webdo.tn\/fr\/#website","url":"https:\/\/www.webdo.tn\/fr\/","name":"webdo","description":"Tunisie - News en Tunisie et \u00e0 l&#039;international sur Webdo.tn","publisher":{"@id":"https:\/\/www.webdo.tn\/fr\/#organization"},"potentialAction":[{"@type":"SearchAction","target":{"@type":"EntryPoint","urlTemplate":"https:\/\/www.webdo.tn\/fr\/?s={search_term_string}"},"query-input":{"@type":"PropertyValueSpecification","valueRequired":true,"valueName":"search_term_string"}}],"inLanguage":"fr-FR"},{"@type":"Organization","@id":"https:\/\/www.webdo.tn\/fr\/#organization","name":"Webdo","alternateName":"Webdo.tn","url":"https:\/\/www.webdo.tn\/fr\/","logo":{"@type":"ImageObject","inLanguage":"fr-FR","@id":"https:\/\/www.webdo.tn\/fr\/#\/schema\/logo\/image\/","url":"https:\/\/www.webdo.tn\/fr\/wp-content\/uploads\/2025\/06\/Webdo-Tunisie_168377.jpg","contentUrl":"https:\/\/www.webdo.tn\/fr\/wp-content\/uploads\/2025\/06\/Webdo-Tunisie_168377.jpg","width":301,"height":301,"caption":"Webdo"},"image":{"@id":"https:\/\/www.webdo.tn\/fr\/#\/schema\/logo\/image\/"},"sameAs":["https:\/\/www.facebook.com\/webdotn","https:\/\/x.com\/webdo_tn"],"description":"Webdo est un m\u00e9dia num\u00e9rique tunisien fond\u00e9 en 2010, sp\u00e9cialis\u00e9 dans l\u2019actualit\u00e9 nationale et internationale, l\u2019\u00e9conomie, la soci\u00e9t\u00e9 et les analyses politiques. Le site s\u2019adresse \u00e0 un large public francophone et couvre l\u2019information tunisienne en temps r\u00e9el.","email":"redac@webdo.tn","legalName":"YNJ SARL","foundingDate":"2010-09-06","numberOfEmployees":{"@type":"QuantitativeValue","minValue":"11","maxValue":"50"}},{"@type":"Person","@id":"https:\/\/www.webdo.tn\/fr\/#\/schema\/person\/b8a41c04d93287d375510db360906b34","name":"AZ","image":{"@type":"ImageObject","inLanguage":"fr-FR","@id":"https:\/\/secure.gravatar.com\/avatar\/492b80bada79439de4201dce15cd41eece6c277cfdf1b53382073c79105c1f89?s=96&d=mm&r=g","url":"https:\/\/secure.gravatar.com\/avatar\/492b80bada79439de4201dce15cd41eece6c277cfdf1b53382073c79105c1f89?s=96&d=mm&r=g","contentUrl":"https:\/\/secure.gravatar.com\/avatar\/492b80bada79439de4201dce15cd41eece6c277cfdf1b53382073c79105c1f89?s=96&d=mm&r=g","caption":"AZ"},"url":"https:\/\/www.webdo.tn\/fr\/actualite\/author\/az\/"}]}},"_links":{"self":[{"href":"https:\/\/www.webdo.tn\/fr\/wp-json\/wp\/v2\/posts\/218578","targetHints":{"allow":["GET"]}}],"collection":[{"href":"https:\/\/www.webdo.tn\/fr\/wp-json\/wp\/v2\/posts"}],"about":[{"href":"https:\/\/www.webdo.tn\/fr\/wp-json\/wp\/v2\/types\/post"}],"author":[{"embeddable":true,"href":"https:\/\/www.webdo.tn\/fr\/wp-json\/wp\/v2\/users\/3166"}],"replies":[{"embeddable":true,"href":"https:\/\/www.webdo.tn\/fr\/wp-json\/wp\/v2\/comments?post=218578"}],"version-history":[{"count":0,"href":"https:\/\/www.webdo.tn\/fr\/wp-json\/wp\/v2\/posts\/218578\/revisions"}],"wp:featuredmedia":[{"embeddable":true,"href":"https:\/\/www.webdo.tn\/fr\/wp-json\/wp\/v2\/media\/243268"}],"wp:attachment":[{"href":"https:\/\/www.webdo.tn\/fr\/wp-json\/wp\/v2\/media?parent=218578"}],"wp:term":[{"taxonomy":"category","embeddable":true,"href":"https:\/\/www.webdo.tn\/fr\/wp-json\/wp\/v2\/categories?post=218578"},{"taxonomy":"post_tag","embeddable":true,"href":"https:\/\/www.webdo.tn\/fr\/wp-json\/wp\/v2\/tags?post=218578"}],"curies":[{"name":"wp","href":"https:\/\/api.w.org\/{rel}","templated":true}]}}