{"id":218576,"date":"2024-12-07T17:34:00","date_gmt":"2024-12-07T17:34:00","guid":{"rendered":"https:\/\/www.webdo.tn\/fr\/blog\/rsiff-2024-aamir-khan-une-vie-de-cinema-d-histoires-et-de-defis\/218576\/"},"modified":"2025-05-21T08:57:43","modified_gmt":"2025-05-21T08:57:43","slug":"rsiff-2024-aamir-khan-une-vie-de-cinema-d-histoires-et-de-defis","status":"publish","type":"post","link":"https:\/\/www.webdo.tn\/fr\/actualite\/culture\/rsiff-2024-aamir-khan-une-vie-de-cinema-d-histoires-et-de-defis\/218576\/","title":{"rendered":"RSIFF 2024 &#8211; Aamir Khan : Une vie de cin\u00e9ma, d\u2019histoires et de d\u00e9fis"},"content":{"rendered":"<div class=\"single-body entry-content typography-copy\" itemprop=\"articleBody\">\n<p style=\"font-weight: bold; text-align: justify\">\n\t\t\t\t\t\t\t\t\tInvit\u00e9 d\u2019honneur de la troisi\u00e8me \u00e9dition du Red Sea International Film Festival \u00e0 Jeddah, Aamir Khan a \u00e9t\u00e9 c\u00e9l\u00e9br\u00e9 lors de la c\u00e9r\u00e9monie d\u2019ouverture pour sa contribution exceptionnelle au cin\u00e9ma mondial. Avant cet hommage officiel, il a particip\u00e9 \u00e0 une conversation publique o\u00f9 il a partag\u00e9 des anecdotes \u00e9mouvantes et des r\u00e9flexions profondes sur sa carri\u00e8re et sa philosophie artistique.\n\t\t\t\t\t\t\t\t<\/p>\n<div class=\"coprs\" style=\"text-align: center\"><\/div>\n<div class=\"coprs\" style=\"text-align: justify\">\n<div>\n<p><span><span>Aamir Khan, l\u2019un des visages les plus embl\u00e9matiques du cin\u00e9ma indien, est bien plus qu\u2019un simple acteur : il est une force cr\u00e9atrice, un innovateur, et un perfectionniste passionn\u00e9. N\u00e9 le 14 mars 1965 \u00e0 Mumbai, dans une famille profond\u00e9ment enracin\u00e9e dans l\u2019industrie cin\u00e9matographique, Aamir a grandi dans un univers o\u00f9 le cin\u00e9ma n\u2019\u00e9tait pas seulement une profession, mais une culture. Son p\u00e8re, Tahir Hussain, \u00e9tait un producteur respect\u00e9, et son oncle, Nasir Hussain, un r\u00e9alisateur prolifique.<\/span><\/span><\/p>\n<p><span><span>D\u00e8s son plus jeune \u00e2ge, Aamir a montr\u00e9 un int\u00e9r\u00eat marqu\u00e9 pour les histoires et la narration. Enfant, il \u00e9tait fascin\u00e9 par les r\u00e9cits de sa m\u00e8re et par les discussions professionnelles autour des sc\u00e9narios dans le cercle de son p\u00e8re. \u00c0 l\u2019adolescence, il a r\u00e9alis\u00e9 son premier court-m\u00e9trage avec un camarade, une exp\u00e9rience qui a confirm\u00e9 sa vocation.<\/span><\/span><\/p>\n<p><span><span>Apr\u00e8s quelques r\u00f4les, y compris en tant qu&rsquo;enfant, Aamir a fait ses vrais d\u00e9buts au cin\u00e9ma en tant qu\u2019acteur principal dans <em>Qayamat Se Qayamat Tak<\/em> (1988), qui l\u2019a propuls\u00e9 instantan\u00e9ment au rang de superstar. Depuis, il a encha\u00een\u00e9 des succ\u00e8s critiques et commerciaux comme <em>Lagaan<\/em> (2001), nomm\u00e9 aux Oscars, <a href=\"https:\/\/www.facebook.com\/massir.destiniii\/posts\/pfbid02uJnwA78fZLr5XGg8yfcRsRL8AbQ8AhhYJkXgzGhG2g9Fxn8bgYYFVBnfLHGA7hp6l\"><em>Taare Zameen Par<\/em> (2007)<\/a>, <em>3 Idiots<\/em> (2009), <a href=\"https:\/\/www.facebook.com\/massir.destiniii\/posts\/pfbid0qT8aeGLPgwmMaLGdqEdqwbHbRMdmpZW3ZnyboYnWv7MWVt8nh9n9mvMdZBBomNkXl\"><em>PK<\/em> (2014)<\/a>, <em>Dangal<\/em> (2016), qui inspir\u00e9 d\u2019une histoire vraie, a marqu\u00e9 les esprits par sa profondeur et son r\u00e9alisme et tout derni\u00e8rement <em>Laal Singh Chaddha<\/em> (2022), une adaptation indienne du film am\u00e9ricain\u00a0<em>Forrest Gump<\/em>. <\/span><\/span><\/p>\n<p><span><span><strong>Un Acteur et un cr\u00e9ateur unique<\/strong><\/span><\/span><\/p>\n<p><span><span>La particularit\u00e9 d\u2019Aamir Khan r\u00e9side dans son approche minutieuse de chaque r\u00f4le. Il s\u2019immerge compl\u00e8tement dans ses personnages, explorant leur psychologie, leurs motivations et m\u00eame leurs gestes les plus infimes. Pour <em>Dangal<\/em>, il a pris 28 kilos pour incarner un p\u00e8re vieillissant. Dans <em>PK<\/em>, il a interpr\u00e9t\u00e9 un extraterrestre avec une innocence subtile, tout en \u00e9vitant les clich\u00e9s.<\/span><\/span><\/p>\n<p><span><span>Aamir est \u00e9galement connu pour son audace \u00e0 choisir des histoires qui sortent des sentiers battus, abordant des th\u00e8mes soci\u00e9taux avec sensibilit\u00e9 et nuance. En tant que producteur, il a permis \u00e0 des projets audacieux comme <em>Taare Zameen Par<\/em> de voir le jour, d\u00e9montrant son engagement envers un cin\u00e9ma de qualit\u00e9.<\/span><\/span><\/p>\n<p><span><span><strong>Aamir Khan au Red Sea International Film Festival<\/strong><\/span><\/span><\/p>\n<p><span><span><a href=\"https:\/\/www.webdo.tn\/fr\/actualite\/culture\/rsiff-2024-une-ceremonie-d-ouverture-entre-glamour-et-hommages\/218148\">Invit\u00e9 d\u2019honneur de la troisi\u00e8me \u00e9dition du Red Sea International Film Festival \u00e0 Jeddah, Aamir Khan a \u00e9t\u00e9 c\u00e9l\u00e9br\u00e9 lors de la c\u00e9r\u00e9monie d\u2019ouverture pour sa contribution exceptionnelle au cin\u00e9ma mondial<\/a>. Avant cet hommage officiel, il a particip\u00e9 \u00e0 une conversation publique o\u00f9 il a partag\u00e9 des anecdotes \u00e9mouvantes et des r\u00e9flexions profondes sur sa carri\u00e8re et sa philosophie artistique.<\/span><\/span><\/p>\n<p>\u00a0<\/p>\n<p><img decoding=\"async\" alt=\"\" height=\"1200\" src=\"\/assets\/uploads\/images\/\/Neila\/RSIFF%202024%20Aamir%20Khan%20-%20Grande.jpeg\" width=\"801\"><\/p>\n<p>\u00a0<\/p>\n<p><span><span><strong>Les racines d\u2019une passion : une enfance berc\u00e9e par les histoires\u00a0 <\/strong><\/span><\/span><\/p>\n<p><span><span>Aamir Khan commence par remercier chaleureusement les spectateurs pr\u00e9sents, pour le plus grand plaisir de ses fans, notamment indiens, dans la salle. Puis, il se plonge dans ses souvenirs d\u2019enfance, o\u00f9 sa passion pour les r\u00e9cits a pris racine.\u00a0 <\/span><\/span><\/p>\n<p><span><span>\u00ab <em>J\u2019ai grandi avec les films. Ma famille \u00e9tait dans le business du cin\u00e9ma, et depuis tout petit, j\u2019adorais les histoires. Chaque soir, ma m\u00e8re nous racontait des contes, et j\u2019attendais ce moment avec impatience. Il y avait aussi une \u00e9mission radio d\u00e9di\u00e9e aux histoires, que je ne manquais jamais. Mon p\u00e8re, qui \u00e9tait producteur, avait aussi un talent particulier pour raconter des histoires. Je me souviens m\u2019asseoir \u00e0 ses c\u00f4t\u00e9s, juste pour \u00e9couter ses r\u00e9cits ou les conversations li\u00e9es aux sc\u00e9narios qu\u2019il recevait<\/em>. \u00bb\u00a0 <\/span><\/span><\/p>\n<p><span><span>Il confie \u00e9galement qu\u2019\u00e0 l\u2019adolescence, il se cachait souvent dans un coin pour \u00e9couter les discussions de son p\u00e8re avec des sc\u00e9naristes ou des r\u00e9alisateurs. \u00ab <em>Petit \u00e0 petit, il a commenc\u00e9 \u00e0 me demander mon avis. Vers 15 ou 16 ans, j\u2019avais d\u00e9j\u00e0 une id\u00e9e assez pr\u00e9cise de la fa\u00e7on dont un film se pr\u00e9pare tellement j\u2019avais assist\u00e9 \u00e0 des s\u00e9ances de pr\u00e9paration de films. En classe j\u2019avais un camarade qui \u00e9tait aussi le fils d\u2019un professionnel du cin\u00e9ma et il \u00e9tait \u00e9tonn\u00e9 que j\u2019en savais autant. Un jour, il a voulu tourner un court m\u00e9trage et m\u2019a demand\u00e9 de l\u2019aider. Je pense que la lutte pour faire ce film m\u2019a permis de r\u00e9aliser que c\u2019\u00e9tait ce que je voulais faire et que c\u2019\u00e9tait ma vie. Je n\u2019ai jamais voulu faire autre chose<\/em>\u00a0\u00bb.<\/span><\/span><\/p>\n<p><span><span>Il souligne l\u2019importance des erreurs commises dans ses d\u00e9buts : \u00ab <em>J\u2019ai fait beaucoup d\u2019erreurs, mais elles m\u2019ont appris. Certaines m\u2019ont co\u00fbt\u00e9 cher, mais ce sont ces exp\u00e9riences qui m\u2019ont forg\u00e9.<\/em> \u00bb<\/span><\/span><\/p>\n<p>\u00a0<\/p>\n<p><img decoding=\"async\" alt=\"\" height=\"1200\" src=\"\/assets\/uploads\/images\/\/Neila\/RSIFF%202024%20Conversation%20Aamir%20Khan%201.jpg\" width=\"1200\"><\/p>\n<p>\u00a0<\/p>\n<p><span><span><strong>Le choc de la c\u00e9l\u00e9brit\u00e9 : un moment inoubliable\u00a0 <\/strong><\/span><\/span><\/p>\n<p><span><span>Revenant sur ses d\u00e9buts, Aamir Khan se rappelle de la sortie de son premier film. \u00ab <em>Quelques jours apr\u00e8s sa sortie, j\u2019\u00e9tais en voiture et j\u2019ai vu des gens me sourire, puis me pointer du doigt. <\/em>Ils disaient <em>: \u2018C\u2019est lui !\u2019 J\u2019ai r\u00e9alis\u00e9 qu\u2019ils m\u2019avaient reconnu gr\u00e2ce au film. C\u2019\u00e9tait \u00e9trange, mais cela m\u2019a confirm\u00e9 que j\u2019avais pris les bonnes d\u00e9cisions en poursuivant cette carri\u00e8re.<\/em> \u00bb\u00a0 <\/span><\/span><\/p>\n<p><span><span><strong>Une approche m\u00e9ticuleuse de l\u2019art d\u2019interpr\u00e9ter<\/strong><\/span><\/span><\/p>\n<p><span><span>Quand il parle de son travail d\u2019acteur, Aamir Khan est pr\u00e9cis et passionn\u00e9 : \u00ab <em>J\u2019incarne un personnage en \u00e9tudiant son \u00e9nergie, sa fa\u00e7on de r\u00e9fl\u00e9chir, de parler. Pendant le tournage, j\u2019essaie de \u2018perdre mon moi-m\u00eame\u2019 pour devenir ce personnage, mais sans pour autant m\u2019oublier compl\u00e8tement. Je pense que tous mes personnages sont importants pour moi, l\u2019essentiel est que je les ai approch\u00e9s avec de l\u2019excitation et de la prudence<\/em>\u00bb.\u00a0 <\/span><\/span><\/p>\n<p><span><span>Pourtant, certains r\u00f4les restent marquants, tant pour le public que pour l\u2019acteur lui-m\u00eame. <em>Dangal<\/em>, par exemple, a \u00e9t\u00e9 particuli\u00e8rement exigeant sur le plan physique. Jouer un p\u00e8re vieillissant et en surpoids, avec une mentalit\u00e9 diff\u00e9rente de la sienne, l\u2019a pouss\u00e9 dans ses retranchements. Il se souvient : <em>\u00ab J\u2019avais 35 ans, mais je devais incarner un homme bien plus \u00e2g\u00e9. Ce r\u00f4le allait \u00e0 l\u2019encontre de tous les st\u00e9r\u00e9otypes : pas de romance, pas d\u2019\u00e9l\u00e9ments habituels pour s\u00e9duire le public<\/em>. \u00bb<\/span><\/span><\/p>\n<p><span><span>Un autre r\u00f4le singulier est celui <a href=\"https:\/\/www.facebook.com\/massir.destiniii\/posts\/pfbid0qT8aeGLPgwmMaLGdqEdqwbHbRMdmpZW3ZnyboYnWv7MWVt8nh9n9mvMdZBBomNkXl\">de l\u2019extraterrestre dans <em>PK<\/em><\/a>. Incarner une innocence totale tout en restant cr\u00e9dible, a \u00e9t\u00e9 un des d\u00e9fis les plus d\u00e9licats de sa carri\u00e8re. <em>\u00ab PK est<\/em> <em>un personnage qui ne savait rien de la vie humaine. Ce r\u00f4le \u00e9tait particuli\u00e8rement difficile, parce que je devais faire en sorte de faire croire que je ne connaissais rien, ne reconnaissais aucun objet qui m\u2019entourait, ni rien. Comme un idiot en fait, or PK n\u2019est pas un idiot, au contraire c\u2019est un savant venu \u00e9tudier les humains. Le r\u00e9alisateur m\u2019a dit : \u2018Attention, PK n\u2019est pas un idiot. C\u2019est un \u00eatre intelligent, mais qui d\u00e9couvre le monde humain.\u2019 Jouer ce r\u00f4le \u00e9tait un v\u00e9ritable d\u00e9fi, parce que je devais tout d\u00e9couvrir, sans paraitre idiot. <\/em>\u00bb<\/span><\/span><\/p>\n<p><span><span><strong><span>L\u2019acteur qui devient producteur<\/span><\/strong><\/span><\/span><\/p>\n<p><span><span>Aamir Khan n\u2019a pas toujours r\u00eav\u00e9 de produire des films. \u00ab <em>Quand j\u2019ai commenc\u00e9, je voyais mon p\u00e8re, producteur lui-m\u00eame, et je me disais que je ne voulais pas de cette vie.<\/em> \u00bb Cependant, le besoin de prot\u00e9ger et de concr\u00e9tiser des histoires qui lui tenaient \u00e0 c\u0153ur l\u2019a pouss\u00e9 dans cette direction. \u00ab <em>Parfois, je tombais amoureux d\u2019un sc\u00e9nario, mais je ne trouvais personne pour lui rendre justice. Je suis devenu producteur par n\u00e9cessit\u00e9, et j\u2019ai fini par adorer \u00e7a. Cela me permet de garder un contr\u00f4le total sur le film, de le fa\u00e7onner exactement comme je l\u2019imagine<\/em>.\u00bb<\/span><\/span><\/p>\n<p><span><span><strong><span>Un public international et inattendu<\/span><\/strong><\/span><\/span><\/p>\n<p><span><span>L\u2019un des tournants de sa carri\u00e8re de producteur a \u00e9t\u00e9 <em>Lagaan<\/em>. En 2001, ce film, qui raconte l\u2019histoire d\u2019un village indien d\u00e9fiant des colons britanniques \u00e0 un match de cricket, a remport\u00e9 le prix du public au Festival de Locarno et a \u00e9t\u00e9 s\u00e9lectionn\u00e9 pour repr\u00e9senter l\u2019Inde aux Oscars. Aamir se rappelle avoir \u00e9t\u00e9 \u00e9tonn\u00e9 par ce succ\u00e8s international : \u00ab <em>Je ne m\u2019attendais pas \u00e0 ce que nos histoires r\u00e9sonnent autant au-del\u00e0 de nos fronti\u00e8res<\/em>. \u00bb<\/span><\/span><\/p>\n<p><span><span>Aamir Khan est particuli\u00e8rement fascin\u00e9 par la r\u00e9ception de ses films \u00e0 l\u2019\u00e9tranger. Il se souvient de sa premi\u00e8re exp\u00e9rience \u00e0 Toronto : \u00ab <em>Voir autant de \u2018blancs\u2019 regarder mon film \u00e9tait \u00e9trange et in\u00e9dit. Mais ce qui m\u2019a le plus surpris, c\u2019est le succ\u00e8s de mes films en Chine<\/em>. \u00bb<\/span><\/span><\/p>\n<p><span><span>Aamir avait emport\u00e9 quelques copies du film<em> Lagaan<\/em> en Chine, o\u00f9 elles ont rencontr\u00e9 un accueil enthousiaste. Ce public curieux a ensuite d\u00e9couvert ses autres films sur des plateformes en ligne, devenant des fans d\u00e9vou\u00e9s. \u00ab <em>Ce succ\u00e8s en Chine est d\u00fb au travail des fans eux-m\u00eames. Ils ont propag\u00e9 mes films. Cela m\u2019a fait comprendre l\u2019universalit\u00e9 de nos histoires. Nous, humains, partageons les m\u00eames \u00e9motions, avec quelques diff\u00e9rences linguistiques. <\/em>\u00bb<\/span><\/span><\/p>\n<p>\u00a0<\/p>\n<p><img decoding=\"async\" alt=\"\" height=\"1080\" src=\"\/assets\/uploads\/images\/\/Neila\/RSIFF%202024%20Conversations%20Aamir%20Khan(1).jpg\" width=\"1080\"><\/p>\n<p>\u00a0<\/p>\n<p><span><span><strong><span>Prendre des risques : une philosophie<\/span><\/strong><\/span><\/span><\/p>\n<p><span><span>Pour Aamir Khan, chaque film est un d\u00e9fi. \u00ab <em>Je pr\u00e9f\u00e8re les projets difficiles, qui n\u2019ont pas \u00e9t\u00e9 faits auparavant. \u00c0 chaque fois, je me demande si cela va marcher.<\/em> \u00bb Il cite l\u2019exemple de <em>Dangal<\/em>, o\u00f9 il s\u2019est demand\u00e9 si le public accepterait de voir un film si \u00e9loign\u00e9 des codes habituels de Bollywood. Malgr\u00e9 ses doutes, il a suivi son c\u0153ur et a d\u00e9cid\u00e9 de faire le film imm\u00e9diatement, sans attendre plusieurs ann\u00e9es comme il l\u2019avait pens\u00e9 au d\u00e9but. <\/span><\/span><\/p>\n<p><span><span>Cette volont\u00e9 de prendre des risques se refl\u00e8te aussi dans sa mani\u00e8re de s\u00e9lectionner les sc\u00e9narios. \u00ab <em>Si un sc\u00e9nario me pla\u00eet, s\u2019il me touche \u00e9motionnellement, c\u2019est un oui. Peu importe qu\u2019il soit \u00e0 petit ou grand budget, ce qui compte, c\u2019est que le budget corresponde \u00e0 l\u2019histoire<\/em>.\u00bb Il cite l\u2019exemple de<em> <a href=\"https:\/\/www.facebook.com\/massir.destiniii\/posts\/pfbid02uJnwA78fZLr5XGg8yfcRsRL8AbQ8AhhYJkXgzGhG2g9Fxn8bgYYFVBnfLHGA7hp6l\">Taare Zameen Par<\/a><\/em> un film abordant la dyslexie, produit avec un budget modeste mais parfaitement adapt\u00e9 au sujet.<\/span><\/span><\/p>\n<p><span><span><strong><span>Divertir, mais aussi \u00e9lever<\/span><\/strong><\/span><\/span><\/p>\n<p><span><span>Aamir Khan ne se contente pas de divertir. \u00ab <em>Ma premi\u00e8re responsabilit\u00e9 est d\u2019amuser le public, mais j\u2019estime aussi avoir le devoir de raconter des histoires qui permettent de r\u00e9fl\u00e9chir, d\u2019\u00e9voluer. C\u2019est une mani\u00e8re d\u2019avoir un impact sur la soci\u00e9t\u00e9.<\/em> \u00bb<\/span><\/span><\/p>\n<p><span><span><strong><span>Un avenir tourn\u00e9 vers les jeunes talents<\/span><\/strong><\/span><\/span><\/p>\n<p><span><span>Pour les dix prochaines ann\u00e9es, Aamir Khan aspire \u00e0 cr\u00e9er une plateforme pour aider les jeunes cr\u00e9ateurs. \u00ab <em>Je veux leur donner les moyens de s\u2019exprimer, de concr\u00e9tiser leurs id\u00e9es<\/em>. \u00bb Bien qu\u2019il ait la possibilit\u00e9 de se limiter \u00e0 quelques films par an et de se reposer, cela ne l\u2019int\u00e9resse pas. \u00ab <em>Je veux faire bien plus<\/em>. \u00bb<\/span><\/span><\/p>\n<p><span><span><strong><span>Une sensibilit\u00e9 h\u00e9rit\u00e9e<\/span><\/strong><\/span><\/span><\/p>\n<p><span><span>Enfin, Aamir Khan revient sur l\u2019importance de l\u2019empathie dans son travail. Il raconte une anecdote marquante de son enfance, o\u00f9 sa m\u00e8re, d\u2019une grande sensibilit\u00e9, l\u2019avait pouss\u00e9 \u00e0 r\u00e9fl\u00e9chir aux \u00e9motions des autres. \u00ab <em>Un jour, apr\u00e8s un match de tennis que j\u2019avais gagn\u00e9, au lieu de me f\u00e9liciter, elle m\u2019a parl\u00e9 de mon adversaire et de la tristesse de sa m\u00e8re. Cela m\u2019a appris \u00e0 ressentir ce que les autres vivent. C\u2019est essentiel dans mon m\u00e9tier, car pour faire des films, il faut toucher le c\u0153ur des gens.<\/em>\u00a0\u00bb <\/span><\/span><\/p>\n<p><span><span><strong><span>Un h\u00e9ritage en construction<\/span><\/strong><\/span><\/span><\/p>\n<p><span><span>Aamir Khan conclut en \u00e9voquant son admiration pour des artistes comme Amitabh Bachchan, qui ont toujours pris des risques et port\u00e9 des messages importants. Ces figures l\u2019ont inspir\u00e9 \u00e0 suivre leur exemple, \u00e0 raconter des histoires qui comptent et \u00e0 prendre des risques pour faire avancer le cin\u00e9ma et la soci\u00e9t\u00e9.<\/span><\/span><\/p>\n<p><span><span>Aujourd\u2019hui, plus qu\u2019un acteur ou un producteur, Aamir Khan est un b\u00e2tisseur, un visionnaire qui continue d\u2019\u00e9lever son art et de laisser une empreinte ind\u00e9l\u00e9bile dans le c\u0153ur de ses spectateurs.<\/span><\/span><\/p>\n<p><strong><span><span>Ne\u00efla Driss<\/span><\/span><\/strong><\/p>\n<\/div><\/div>\n<div class=\"coprs\" style=\"text-align: center\"><\/div><\/div>\n","protected":false},"excerpt":{"rendered":"<p>Invit\u00e9 d\u2019honneur de la troisi\u00e8me \u00e9dition du Red Sea International Film Festival \u00e0 Jeddah, Aamir Khan a \u00e9t\u00e9 c\u00e9l\u00e9br\u00e9 lors de la c\u00e9r\u00e9monie d\u2019ouverture pour sa cont&#8230;<\/p>\n","protected":false},"author":3164,"featured_media":291493,"comment_status":"open","ping_status":"closed","sticky":false,"template":"","format":"standard","meta":{"footnotes":""},"categories":[2594],"tags":[4409,2626,6286,4725,2628,4709,4762,3985,3986,4708],"class_list":["post-218576","post","type-post","status-publish","format-standard","has-post-thumbnail","hentry","category-culture","tag-acteur","tag-cinema","tag-cinema-indien","tag-conversation","tag-festival","tag-festival-international-du-film-de-la-mer-rouge","tag-realisateur","tag-red-sea-international-film-festival","tag-rsiff","tag-rsiff-2024"],"yoast_head":"<!-- This site is optimized with the Yoast SEO Premium plugin v27.5 (Yoast SEO v27.5) - https:\/\/yoast.com\/product\/yoast-seo-premium-wordpress\/ -->\n<title>RSIFF 2024 - Aamir Khan : Une vie de cin\u00e9ma, d\u2019histoires et de d\u00e9fis<\/title>\n<meta name=\"description\" content=\"Invit\u00e9 d\u2019honneur de la troisi\u00e8me \u00e9dition du Red Sea International Film Festival \u00e0 Jeddah, Aamir Khan a \u00e9t\u00e9 c\u00e9l\u00e9br\u00e9 lors de la c\u00e9r\u00e9monie d\u2019ouverture pour sa cont...\" \/>\n<link rel=\"canonical\" href=\"https:\/\/www.webdo.tn\/fr\/actualite\/culture\/rsiff-2024-aamir-khan-une-vie-de-cinema-d-histoires-et-de-defis\/218576\/\" \/>\n<meta property=\"og:locale\" content=\"fr_FR\" \/>\n<meta property=\"og:type\" content=\"article\" \/>\n<meta property=\"og:title\" content=\"RSIFF 2024 - Aamir Khan : Une vie de cin\u00e9ma, d\u2019histoires et de d\u00e9fis\" \/>\n<meta property=\"og:description\" content=\"Invit\u00e9 d\u2019honneur de la troisi\u00e8me \u00e9dition du Red Sea International Film Festival \u00e0 Jeddah, Aamir Khan a \u00e9t\u00e9 c\u00e9l\u00e9br\u00e9 lors de la c\u00e9r\u00e9monie d\u2019ouverture pour sa cont...\" \/>\n<meta property=\"og:url\" content=\"https:\/\/www.webdo.tn\/fr\/actualite\/culture\/rsiff-2024-aamir-khan-une-vie-de-cinema-d-histoires-et-de-defis\/218576\/\" \/>\n<meta property=\"og:site_name\" content=\"webdo\" \/>\n<meta property=\"article:publisher\" content=\"https:\/\/www.facebook.com\/webdotn\" \/>\n<meta property=\"article:author\" content=\"https:\/\/www.facebook.com\/massir.destiniii\/\" \/>\n<meta property=\"article:published_time\" content=\"2024-12-07T17:34:00+00:00\" \/>\n<meta property=\"article:modified_time\" content=\"2025-05-21T08:57:43+00:00\" \/>\n<meta property=\"og:image\" content=\"https:\/\/www.webdo.tn\/fr\/wp-content\/uploads\/2024\/12\/9cce79ae2ba0afce50d97cbb448129ae.webp\" \/>\n\t<meta property=\"og:image:width\" content=\"750\" \/>\n\t<meta property=\"og:image:height\" content=\"400\" \/>\n\t<meta property=\"og:image:type\" content=\"image\/webp\" \/>\n<meta name=\"author\" content=\"Ne\u00efla DRISS\" \/>\n<meta name=\"twitter:card\" content=\"summary_large_image\" \/>\n<meta name=\"twitter:creator\" content=\"@https:\/\/x.com\/MassirDestin\" \/>\n<meta name=\"twitter:site\" content=\"@webdo_tn\" \/>\n<meta name=\"twitter:label1\" content=\"\u00c9crit par\" \/>\n\t<meta name=\"twitter:data1\" content=\"Ne\u00efla DRISS\" \/>\n\t<meta name=\"twitter:label2\" content=\"Dur\u00e9e de lecture estim\u00e9e\" \/>\n\t<meta name=\"twitter:data2\" content=\"11 minutes\" \/>\n<script type=\"application\/ld+json\" class=\"yoast-schema-graph\">{\"@context\":\"https:\\\/\\\/schema.org\",\"@graph\":[{\"@type\":\"NewsArticle\",\"@id\":\"https:\\\/\\\/www.webdo.tn\\\/fr\\\/actualite\\\/culture\\\/rsiff-2024-aamir-khan-une-vie-de-cinema-d-histoires-et-de-defis\\\/218576\\\/#article\",\"isPartOf\":{\"@id\":\"https:\\\/\\\/www.webdo.tn\\\/fr\\\/actualite\\\/culture\\\/rsiff-2024-aamir-khan-une-vie-de-cinema-d-histoires-et-de-defis\\\/218576\\\/\"},\"author\":{\"name\":\"Ne\u00efla DRISS\",\"@id\":\"https:\\\/\\\/www.webdo.tn\\\/fr\\\/#\\\/schema\\\/person\\\/60d5ba619ed3f58783b0dc82b7dada80\"},\"headline\":\"RSIFF 2024 &#8211; Aamir Khan : Une vie de cin\u00e9ma, d\u2019histoires et de d\u00e9fis\",\"datePublished\":\"2024-12-07T17:34:00+00:00\",\"dateModified\":\"2025-05-21T08:57:43+00:00\",\"mainEntityOfPage\":{\"@id\":\"https:\\\/\\\/www.webdo.tn\\\/fr\\\/actualite\\\/culture\\\/rsiff-2024-aamir-khan-une-vie-de-cinema-d-histoires-et-de-defis\\\/218576\\\/\"},\"wordCount\":2129,\"commentCount\":0,\"publisher\":{\"@id\":\"https:\\\/\\\/www.webdo.tn\\\/fr\\\/#organization\"},\"image\":{\"@id\":\"https:\\\/\\\/www.webdo.tn\\\/fr\\\/actualite\\\/culture\\\/rsiff-2024-aamir-khan-une-vie-de-cinema-d-histoires-et-de-defis\\\/218576\\\/#primaryimage\"},\"thumbnailUrl\":\"https:\\\/\\\/www.webdo.tn\\\/fr\\\/wp-content\\\/uploads\\\/2024\\\/12\\\/9cce79ae2ba0afce50d97cbb448129ae.webp\",\"keywords\":[\"Acteur\",\"Cin\u00e9ma\",\"Cin\u00e9ma Indien\",\"Conversation\",\"Festival\",\"Festival International du Film de la Mer Rouge\",\"R\u00e9alisateur\",\"Red Sea International Film Festival\",\"RSIFF\",\"RSIFF 2024\"],\"articleSection\":[\"Culture\"],\"inLanguage\":\"fr-FR\"},{\"@type\":\"WebPage\",\"@id\":\"https:\\\/\\\/www.webdo.tn\\\/fr\\\/actualite\\\/culture\\\/rsiff-2024-aamir-khan-une-vie-de-cinema-d-histoires-et-de-defis\\\/218576\\\/\",\"url\":\"https:\\\/\\\/www.webdo.tn\\\/fr\\\/actualite\\\/culture\\\/rsiff-2024-aamir-khan-une-vie-de-cinema-d-histoires-et-de-defis\\\/218576\\\/\",\"name\":\"RSIFF 2024 - Aamir Khan : Une vie de cin\u00e9ma, d\u2019histoires et de d\u00e9fis\",\"isPartOf\":{\"@id\":\"https:\\\/\\\/www.webdo.tn\\\/fr\\\/#website\"},\"primaryImageOfPage\":{\"@id\":\"https:\\\/\\\/www.webdo.tn\\\/fr\\\/actualite\\\/culture\\\/rsiff-2024-aamir-khan-une-vie-de-cinema-d-histoires-et-de-defis\\\/218576\\\/#primaryimage\"},\"image\":{\"@id\":\"https:\\\/\\\/www.webdo.tn\\\/fr\\\/actualite\\\/culture\\\/rsiff-2024-aamir-khan-une-vie-de-cinema-d-histoires-et-de-defis\\\/218576\\\/#primaryimage\"},\"thumbnailUrl\":\"https:\\\/\\\/www.webdo.tn\\\/fr\\\/wp-content\\\/uploads\\\/2024\\\/12\\\/9cce79ae2ba0afce50d97cbb448129ae.webp\",\"datePublished\":\"2024-12-07T17:34:00+00:00\",\"dateModified\":\"2025-05-21T08:57:43+00:00\",\"description\":\"Invit\u00e9 d\u2019honneur de la troisi\u00e8me \u00e9dition du Red Sea International Film Festival \u00e0 Jeddah, Aamir Khan a \u00e9t\u00e9 c\u00e9l\u00e9br\u00e9 lors de la c\u00e9r\u00e9monie d\u2019ouverture pour sa cont...\",\"breadcrumb\":{\"@id\":\"https:\\\/\\\/www.webdo.tn\\\/fr\\\/actualite\\\/culture\\\/rsiff-2024-aamir-khan-une-vie-de-cinema-d-histoires-et-de-defis\\\/218576\\\/#breadcrumb\"},\"inLanguage\":\"fr-FR\",\"potentialAction\":[{\"@type\":\"ReadAction\",\"target\":[\"https:\\\/\\\/www.webdo.tn\\\/fr\\\/actualite\\\/culture\\\/rsiff-2024-aamir-khan-une-vie-de-cinema-d-histoires-et-de-defis\\\/218576\\\/\"]}]},{\"@type\":\"ImageObject\",\"inLanguage\":\"fr-FR\",\"@id\":\"https:\\\/\\\/www.webdo.tn\\\/fr\\\/actualite\\\/culture\\\/rsiff-2024-aamir-khan-une-vie-de-cinema-d-histoires-et-de-defis\\\/218576\\\/#primaryimage\",\"url\":\"https:\\\/\\\/www.webdo.tn\\\/fr\\\/wp-content\\\/uploads\\\/2024\\\/12\\\/9cce79ae2ba0afce50d97cbb448129ae.webp\",\"contentUrl\":\"https:\\\/\\\/www.webdo.tn\\\/fr\\\/wp-content\\\/uploads\\\/2024\\\/12\\\/9cce79ae2ba0afce50d97cbb448129ae.webp\",\"width\":750,\"height\":400,\"caption\":\"RSIFF 2024 - Aamir Khan : Une vie de cin\u00e9ma, d\u2019histoires et de d\u00e9fis\"},{\"@type\":\"BreadcrumbList\",\"@id\":\"https:\\\/\\\/www.webdo.tn\\\/fr\\\/actualite\\\/culture\\\/rsiff-2024-aamir-khan-une-vie-de-cinema-d-histoires-et-de-defis\\\/218576\\\/#breadcrumb\",\"itemListElement\":[{\"@type\":\"ListItem\",\"position\":1,\"name\":\"Accueil\",\"item\":\"https:\\\/\\\/www.webdo.tn\\\/fr\\\/\"},{\"@type\":\"ListItem\",\"position\":2,\"name\":\"RSIFF 2024 &#8211; Aamir Khan : Une vie de cin\u00e9ma, d\u2019histoires et de d\u00e9fis\"}]},{\"@type\":\"WebSite\",\"@id\":\"https:\\\/\\\/www.webdo.tn\\\/fr\\\/#website\",\"url\":\"https:\\\/\\\/www.webdo.tn\\\/fr\\\/\",\"name\":\"webdo\",\"description\":\"Tunisie - News en Tunisie et \u00e0 l&#039;international sur Webdo.tn\",\"publisher\":{\"@id\":\"https:\\\/\\\/www.webdo.tn\\\/fr\\\/#organization\"},\"potentialAction\":[{\"@type\":\"SearchAction\",\"target\":{\"@type\":\"EntryPoint\",\"urlTemplate\":\"https:\\\/\\\/www.webdo.tn\\\/fr\\\/?s={search_term_string}\"},\"query-input\":{\"@type\":\"PropertyValueSpecification\",\"valueRequired\":true,\"valueName\":\"search_term_string\"}}],\"inLanguage\":\"fr-FR\"},{\"@type\":\"Organization\",\"@id\":\"https:\\\/\\\/www.webdo.tn\\\/fr\\\/#organization\",\"name\":\"Webdo\",\"alternateName\":\"Webdo.tn\",\"url\":\"https:\\\/\\\/www.webdo.tn\\\/fr\\\/\",\"logo\":{\"@type\":\"ImageObject\",\"inLanguage\":\"fr-FR\",\"@id\":\"https:\\\/\\\/www.webdo.tn\\\/fr\\\/#\\\/schema\\\/logo\\\/image\\\/\",\"url\":\"https:\\\/\\\/www.webdo.tn\\\/fr\\\/wp-content\\\/uploads\\\/2025\\\/06\\\/Webdo-Tunisie_168377.jpg\",\"contentUrl\":\"https:\\\/\\\/www.webdo.tn\\\/fr\\\/wp-content\\\/uploads\\\/2025\\\/06\\\/Webdo-Tunisie_168377.jpg\",\"width\":301,\"height\":301,\"caption\":\"Webdo\"},\"image\":{\"@id\":\"https:\\\/\\\/www.webdo.tn\\\/fr\\\/#\\\/schema\\\/logo\\\/image\\\/\"},\"sameAs\":[\"https:\\\/\\\/www.facebook.com\\\/webdotn\",\"https:\\\/\\\/x.com\\\/webdo_tn\"],\"description\":\"Webdo est un m\u00e9dia num\u00e9rique tunisien fond\u00e9 en 2010, sp\u00e9cialis\u00e9 dans l\u2019actualit\u00e9 nationale et internationale, l\u2019\u00e9conomie, la soci\u00e9t\u00e9 et les analyses politiques. Le site s\u2019adresse \u00e0 un large public francophone et couvre l\u2019information tunisienne en temps r\u00e9el.\",\"email\":\"redac@webdo.tn\",\"legalName\":\"YNJ SARL\",\"foundingDate\":\"2010-09-06\",\"numberOfEmployees\":{\"@type\":\"QuantitativeValue\",\"minValue\":\"11\",\"maxValue\":\"50\"}},{\"@type\":\"Person\",\"@id\":\"https:\\\/\\\/www.webdo.tn\\\/fr\\\/#\\\/schema\\\/person\\\/60d5ba619ed3f58783b0dc82b7dada80\",\"name\":\"Ne\u00efla DRISS\",\"image\":{\"@type\":\"ImageObject\",\"inLanguage\":\"fr-FR\",\"@id\":\"https:\\\/\\\/www.webdo.tn\\\/fr\\\/wp-content\\\/uploads\\\/2026\\\/04\\\/neila-driss_avatar-96x96.jpg\",\"url\":\"https:\\\/\\\/www.webdo.tn\\\/fr\\\/wp-content\\\/uploads\\\/2026\\\/04\\\/neila-driss_avatar-96x96.jpg\",\"contentUrl\":\"https:\\\/\\\/www.webdo.tn\\\/fr\\\/wp-content\\\/uploads\\\/2026\\\/04\\\/neila-driss_avatar-96x96.jpg\",\"caption\":\"Ne\u00efla DRISS\"},\"description\":\"Ne\u00efla Driss est juriste, journaliste culturelle et critique de cin\u00e9ma tunisienne. Titulaire d\u2019un DEA en droit priv\u00e9 de l\u2019Universit\u00e9 Paris II et d\u2019un DESS de l\u2019IHEC Carthage, elle d\u00e9bute sa carri\u00e8re comme juriste sp\u00e9cialis\u00e9e en gestion de patrimoine immobilier. Elle s\u2019oriente ensuite vers l\u2019\u00e9criture en ligne, o\u00f9 elle se distingue d\u00e8s 2006 aux Tunisia Blog Awards, avant de se consacrer au journalisme culturel, avec une sp\u00e9cialisation dans la critique cin\u00e9matographique. Elle couvre r\u00e9guli\u00e8rement les grands festivals internationaux, notamment le Festival de Cannes, les Journ\u00e9es Cin\u00e9matographiques de Carthage et le Festival du film du Caire. Membre de l\u2019ATPCC et de la FIPRESCI, elle participe \u00e0 des jurys et initiatives internationales de critique. Depuis 2024, elle est \u00e9lectrice internationale aux Golden Globes. Facebook : https:\\\/\\\/www.facebook.com\\\/massir.destiniii\\\/ X : https:\\\/\\\/x.com\\\/MassirDestin\",\"sameAs\":[\"https:\\\/\\\/www.facebook.com\\\/massir.destiniii\\\/\",\"https:\\\/\\\/www.instagram.com\\\/neila.driss\\\/?hl=fr\",\"https:\\\/\\\/www.linkedin.com\\\/in\\\/neila-driss-22606a80\\\/\",\"https:\\\/\\\/x.com\\\/https:\\\/\\\/x.com\\\/MassirDestin\"],\"knowsAbout\":[\"Cin\u00e9ma international\",\"critique cin\u00e9matographique\",\"festivals de cin\u00e9ma\",\"journalisme culturel\"],\"knowsLanguage\":[\"Fran\u00e7ais\",\"Arabe\",\"Anglais\"],\"jobTitle\":\"Journaliste culturelle et critique de cin\u00e9ma\",\"worksFor\":\"Webdo\",\"url\":\"https:\\\/\\\/www.webdo.tn\\\/fr\\\/actualite\\\/author\\\/neila-driss\\\/\"}]}<\/script>\n<!-- \/ Yoast SEO Premium plugin. -->","yoast_head_json":{"title":"RSIFF 2024 - Aamir Khan : Une vie de cin\u00e9ma, d\u2019histoires et de d\u00e9fis","description":"Invit\u00e9 d\u2019honneur de la troisi\u00e8me \u00e9dition du Red Sea International Film Festival \u00e0 Jeddah, Aamir Khan a \u00e9t\u00e9 c\u00e9l\u00e9br\u00e9 lors de la c\u00e9r\u00e9monie d\u2019ouverture pour sa cont...","canonical":"https:\/\/www.webdo.tn\/fr\/actualite\/culture\/rsiff-2024-aamir-khan-une-vie-de-cinema-d-histoires-et-de-defis\/218576\/","og_locale":"fr_FR","og_type":"article","og_title":"RSIFF 2024 - Aamir Khan : Une vie de cin\u00e9ma, d\u2019histoires et de d\u00e9fis","og_description":"Invit\u00e9 d\u2019honneur de la troisi\u00e8me \u00e9dition du Red Sea International Film Festival \u00e0 Jeddah, Aamir Khan a \u00e9t\u00e9 c\u00e9l\u00e9br\u00e9 lors de la c\u00e9r\u00e9monie d\u2019ouverture pour sa cont...","og_url":"https:\/\/www.webdo.tn\/fr\/actualite\/culture\/rsiff-2024-aamir-khan-une-vie-de-cinema-d-histoires-et-de-defis\/218576\/","og_site_name":"webdo","article_publisher":"https:\/\/www.facebook.com\/webdotn","article_author":"https:\/\/www.facebook.com\/massir.destiniii\/","article_published_time":"2024-12-07T17:34:00+00:00","article_modified_time":"2025-05-21T08:57:43+00:00","og_image":[{"width":750,"height":400,"url":"https:\/\/www.webdo.tn\/fr\/wp-content\/uploads\/2024\/12\/9cce79ae2ba0afce50d97cbb448129ae.webp","type":"image\/webp"}],"author":"Ne\u00efla DRISS","twitter_card":"summary_large_image","twitter_creator":"@https:\/\/x.com\/MassirDestin","twitter_site":"@webdo_tn","twitter_misc":{"\u00c9crit par":"Ne\u00efla DRISS","Dur\u00e9e de lecture estim\u00e9e":"11 minutes"},"schema":{"@context":"https:\/\/schema.org","@graph":[{"@type":"NewsArticle","@id":"https:\/\/www.webdo.tn\/fr\/actualite\/culture\/rsiff-2024-aamir-khan-une-vie-de-cinema-d-histoires-et-de-defis\/218576\/#article","isPartOf":{"@id":"https:\/\/www.webdo.tn\/fr\/actualite\/culture\/rsiff-2024-aamir-khan-une-vie-de-cinema-d-histoires-et-de-defis\/218576\/"},"author":{"name":"Ne\u00efla DRISS","@id":"https:\/\/www.webdo.tn\/fr\/#\/schema\/person\/60d5ba619ed3f58783b0dc82b7dada80"},"headline":"RSIFF 2024 &#8211; Aamir Khan : Une vie de cin\u00e9ma, d\u2019histoires et de d\u00e9fis","datePublished":"2024-12-07T17:34:00+00:00","dateModified":"2025-05-21T08:57:43+00:00","mainEntityOfPage":{"@id":"https:\/\/www.webdo.tn\/fr\/actualite\/culture\/rsiff-2024-aamir-khan-une-vie-de-cinema-d-histoires-et-de-defis\/218576\/"},"wordCount":2129,"commentCount":0,"publisher":{"@id":"https:\/\/www.webdo.tn\/fr\/#organization"},"image":{"@id":"https:\/\/www.webdo.tn\/fr\/actualite\/culture\/rsiff-2024-aamir-khan-une-vie-de-cinema-d-histoires-et-de-defis\/218576\/#primaryimage"},"thumbnailUrl":"https:\/\/www.webdo.tn\/fr\/wp-content\/uploads\/2024\/12\/9cce79ae2ba0afce50d97cbb448129ae.webp","keywords":["Acteur","Cin\u00e9ma","Cin\u00e9ma Indien","Conversation","Festival","Festival International du Film de la Mer Rouge","R\u00e9alisateur","Red Sea International Film Festival","RSIFF","RSIFF 2024"],"articleSection":["Culture"],"inLanguage":"fr-FR"},{"@type":"WebPage","@id":"https:\/\/www.webdo.tn\/fr\/actualite\/culture\/rsiff-2024-aamir-khan-une-vie-de-cinema-d-histoires-et-de-defis\/218576\/","url":"https:\/\/www.webdo.tn\/fr\/actualite\/culture\/rsiff-2024-aamir-khan-une-vie-de-cinema-d-histoires-et-de-defis\/218576\/","name":"RSIFF 2024 - Aamir Khan : Une vie de cin\u00e9ma, d\u2019histoires et de d\u00e9fis","isPartOf":{"@id":"https:\/\/www.webdo.tn\/fr\/#website"},"primaryImageOfPage":{"@id":"https:\/\/www.webdo.tn\/fr\/actualite\/culture\/rsiff-2024-aamir-khan-une-vie-de-cinema-d-histoires-et-de-defis\/218576\/#primaryimage"},"image":{"@id":"https:\/\/www.webdo.tn\/fr\/actualite\/culture\/rsiff-2024-aamir-khan-une-vie-de-cinema-d-histoires-et-de-defis\/218576\/#primaryimage"},"thumbnailUrl":"https:\/\/www.webdo.tn\/fr\/wp-content\/uploads\/2024\/12\/9cce79ae2ba0afce50d97cbb448129ae.webp","datePublished":"2024-12-07T17:34:00+00:00","dateModified":"2025-05-21T08:57:43+00:00","description":"Invit\u00e9 d\u2019honneur de la troisi\u00e8me \u00e9dition du Red Sea International Film Festival \u00e0 Jeddah, Aamir Khan a \u00e9t\u00e9 c\u00e9l\u00e9br\u00e9 lors de la c\u00e9r\u00e9monie d\u2019ouverture pour sa cont...","breadcrumb":{"@id":"https:\/\/www.webdo.tn\/fr\/actualite\/culture\/rsiff-2024-aamir-khan-une-vie-de-cinema-d-histoires-et-de-defis\/218576\/#breadcrumb"},"inLanguage":"fr-FR","potentialAction":[{"@type":"ReadAction","target":["https:\/\/www.webdo.tn\/fr\/actualite\/culture\/rsiff-2024-aamir-khan-une-vie-de-cinema-d-histoires-et-de-defis\/218576\/"]}]},{"@type":"ImageObject","inLanguage":"fr-FR","@id":"https:\/\/www.webdo.tn\/fr\/actualite\/culture\/rsiff-2024-aamir-khan-une-vie-de-cinema-d-histoires-et-de-defis\/218576\/#primaryimage","url":"https:\/\/www.webdo.tn\/fr\/wp-content\/uploads\/2024\/12\/9cce79ae2ba0afce50d97cbb448129ae.webp","contentUrl":"https:\/\/www.webdo.tn\/fr\/wp-content\/uploads\/2024\/12\/9cce79ae2ba0afce50d97cbb448129ae.webp","width":750,"height":400,"caption":"RSIFF 2024 - Aamir Khan : Une vie de cin\u00e9ma, d\u2019histoires et de d\u00e9fis"},{"@type":"BreadcrumbList","@id":"https:\/\/www.webdo.tn\/fr\/actualite\/culture\/rsiff-2024-aamir-khan-une-vie-de-cinema-d-histoires-et-de-defis\/218576\/#breadcrumb","itemListElement":[{"@type":"ListItem","position":1,"name":"Accueil","item":"https:\/\/www.webdo.tn\/fr\/"},{"@type":"ListItem","position":2,"name":"RSIFF 2024 &#8211; Aamir Khan : Une vie de cin\u00e9ma, d\u2019histoires et de d\u00e9fis"}]},{"@type":"WebSite","@id":"https:\/\/www.webdo.tn\/fr\/#website","url":"https:\/\/www.webdo.tn\/fr\/","name":"webdo","description":"Tunisie - News en Tunisie et \u00e0 l&#039;international sur Webdo.tn","publisher":{"@id":"https:\/\/www.webdo.tn\/fr\/#organization"},"potentialAction":[{"@type":"SearchAction","target":{"@type":"EntryPoint","urlTemplate":"https:\/\/www.webdo.tn\/fr\/?s={search_term_string}"},"query-input":{"@type":"PropertyValueSpecification","valueRequired":true,"valueName":"search_term_string"}}],"inLanguage":"fr-FR"},{"@type":"Organization","@id":"https:\/\/www.webdo.tn\/fr\/#organization","name":"Webdo","alternateName":"Webdo.tn","url":"https:\/\/www.webdo.tn\/fr\/","logo":{"@type":"ImageObject","inLanguage":"fr-FR","@id":"https:\/\/www.webdo.tn\/fr\/#\/schema\/logo\/image\/","url":"https:\/\/www.webdo.tn\/fr\/wp-content\/uploads\/2025\/06\/Webdo-Tunisie_168377.jpg","contentUrl":"https:\/\/www.webdo.tn\/fr\/wp-content\/uploads\/2025\/06\/Webdo-Tunisie_168377.jpg","width":301,"height":301,"caption":"Webdo"},"image":{"@id":"https:\/\/www.webdo.tn\/fr\/#\/schema\/logo\/image\/"},"sameAs":["https:\/\/www.facebook.com\/webdotn","https:\/\/x.com\/webdo_tn"],"description":"Webdo est un m\u00e9dia num\u00e9rique tunisien fond\u00e9 en 2010, sp\u00e9cialis\u00e9 dans l\u2019actualit\u00e9 nationale et internationale, l\u2019\u00e9conomie, la soci\u00e9t\u00e9 et les analyses politiques. Le site s\u2019adresse \u00e0 un large public francophone et couvre l\u2019information tunisienne en temps r\u00e9el.","email":"redac@webdo.tn","legalName":"YNJ SARL","foundingDate":"2010-09-06","numberOfEmployees":{"@type":"QuantitativeValue","minValue":"11","maxValue":"50"}},{"@type":"Person","@id":"https:\/\/www.webdo.tn\/fr\/#\/schema\/person\/60d5ba619ed3f58783b0dc82b7dada80","name":"Ne\u00efla DRISS","image":{"@type":"ImageObject","inLanguage":"fr-FR","@id":"https:\/\/www.webdo.tn\/fr\/wp-content\/uploads\/2026\/04\/neila-driss_avatar-96x96.jpg","url":"https:\/\/www.webdo.tn\/fr\/wp-content\/uploads\/2026\/04\/neila-driss_avatar-96x96.jpg","contentUrl":"https:\/\/www.webdo.tn\/fr\/wp-content\/uploads\/2026\/04\/neila-driss_avatar-96x96.jpg","caption":"Ne\u00efla DRISS"},"description":"Ne\u00efla Driss est juriste, journaliste culturelle et critique de cin\u00e9ma tunisienne. Titulaire d\u2019un DEA en droit priv\u00e9 de l\u2019Universit\u00e9 Paris II et d\u2019un DESS de l\u2019IHEC Carthage, elle d\u00e9bute sa carri\u00e8re comme juriste sp\u00e9cialis\u00e9e en gestion de patrimoine immobilier. Elle s\u2019oriente ensuite vers l\u2019\u00e9criture en ligne, o\u00f9 elle se distingue d\u00e8s 2006 aux Tunisia Blog Awards, avant de se consacrer au journalisme culturel, avec une sp\u00e9cialisation dans la critique cin\u00e9matographique. Elle couvre r\u00e9guli\u00e8rement les grands festivals internationaux, notamment le Festival de Cannes, les Journ\u00e9es Cin\u00e9matographiques de Carthage et le Festival du film du Caire. Membre de l\u2019ATPCC et de la FIPRESCI, elle participe \u00e0 des jurys et initiatives internationales de critique. Depuis 2024, elle est \u00e9lectrice internationale aux Golden Globes. Facebook : https:\/\/www.facebook.com\/massir.destiniii\/ X : https:\/\/x.com\/MassirDestin","sameAs":["https:\/\/www.facebook.com\/massir.destiniii\/","https:\/\/www.instagram.com\/neila.driss\/?hl=fr","https:\/\/www.linkedin.com\/in\/neila-driss-22606a80\/","https:\/\/x.com\/https:\/\/x.com\/MassirDestin"],"knowsAbout":["Cin\u00e9ma international","critique cin\u00e9matographique","festivals de cin\u00e9ma","journalisme culturel"],"knowsLanguage":["Fran\u00e7ais","Arabe","Anglais"],"jobTitle":"Journaliste culturelle et critique de cin\u00e9ma","worksFor":"Webdo","url":"https:\/\/www.webdo.tn\/fr\/actualite\/author\/neila-driss\/"}]}},"_links":{"self":[{"href":"https:\/\/www.webdo.tn\/fr\/wp-json\/wp\/v2\/posts\/218576","targetHints":{"allow":["GET"]}}],"collection":[{"href":"https:\/\/www.webdo.tn\/fr\/wp-json\/wp\/v2\/posts"}],"about":[{"href":"https:\/\/www.webdo.tn\/fr\/wp-json\/wp\/v2\/types\/post"}],"author":[{"embeddable":true,"href":"https:\/\/www.webdo.tn\/fr\/wp-json\/wp\/v2\/users\/3164"}],"replies":[{"embeddable":true,"href":"https:\/\/www.webdo.tn\/fr\/wp-json\/wp\/v2\/comments?post=218576"}],"version-history":[{"count":0,"href":"https:\/\/www.webdo.tn\/fr\/wp-json\/wp\/v2\/posts\/218576\/revisions"}],"wp:featuredmedia":[{"embeddable":true,"href":"https:\/\/www.webdo.tn\/fr\/wp-json\/wp\/v2\/media\/291493"}],"wp:attachment":[{"href":"https:\/\/www.webdo.tn\/fr\/wp-json\/wp\/v2\/media?parent=218576"}],"wp:term":[{"taxonomy":"category","embeddable":true,"href":"https:\/\/www.webdo.tn\/fr\/wp-json\/wp\/v2\/categories?post=218576"},{"taxonomy":"post_tag","embeddable":true,"href":"https:\/\/www.webdo.tn\/fr\/wp-json\/wp\/v2\/tags?post=218576"}],"curies":[{"name":"wp","href":"https:\/\/api.w.org\/{rel}","templated":true}]}}