{"id":218572,"date":"2024-12-24T15:52:00","date_gmt":"2024-12-24T15:52:00","guid":{"rendered":"https:\/\/www.webdo.tn\/fr\/blog\/2024\/12\/24\/tunisie-evacuation-des-eaux-de-pluie-des-habitations-a-ghardimaou\/"},"modified":"2025-05-20T21:44:57","modified_gmt":"2025-05-20T21:44:57","slug":"tunisie-evacuation-des-eaux-de-pluie-des-habitations-a-ghardimaou","status":"publish","type":"post","link":"https:\/\/www.webdo.tn\/fr\/actualite\/regions\/tunisie-evacuation-des-eaux-de-pluie-des-habitations-a-ghardimaou\/218572\/","title":{"rendered":"Tunisie : Evacuation des eaux de pluie des habitations \u00e0 Ghardimaou"},"content":{"rendered":"<p>Les unit\u00e9s de la protection civile de la r\u00e9gion de Ghardimaou, relevant du gouvernorat de Jendouba, sont intervenues ce mardi 24 d\u00e9cembre 2024 pour \u00e9vacuer les eaux de pluie accumul\u00e9es \u00e0 l\u2019int\u00e9rieur de six habitations.<\/p>\n<p>Dans un communiqu\u00e9 publi\u00e9 sur sa page officielle Facebook, la direction r\u00e9gionale de la protection civile de Jendouba a pr\u00e9cis\u00e9 que les pr\u00e9cipitations, qui ont commenc\u00e9 depuis la nuit derni\u00e8re et se sont poursuivies tout au long de la journ\u00e9e, ont entra\u00een\u00e9 des infiltrations importantes d\u2019eau dans plusieurs maisons situ\u00e9es dans la zone de El Bransia, en p\u00e9riph\u00e9rie de Ghardimaou.<\/p>\n<p>Suite aux appels de d\u00e9tresse re\u00e7us par l\u2019unit\u00e9 locale de la protection civile de Ghardimaou, une \u00e9quipe de secours a \u00e9t\u00e9 d\u00e9p\u00each\u00e9e sur les lieux. Apr\u00e8s inspection, l\u2019\u00e9quipe a proc\u00e9d\u00e9 au pompage des eaux dans six habitations.<\/p>\n<p>Il convient de noter que la quantit\u00e9 de pluie enregistr\u00e9e dans la d\u00e9l\u00e9gation de Ghardimaou a \u00e9t\u00e9 significative, atteignant 45 mm.<\/p>\n","protected":false},"excerpt":{"rendered":"<p>Les unit\u00e9s de la protection civile de la r\u00e9gion de Ghardimaou, relevant du gouvernorat de Jendouba, sont intervenues ce mardi 24 d\u00e9cembre 2024 pour \u00e9vacuer les&#8230;<\/p>\n","protected":false},"author":3162,"featured_media":243256,"comment_status":"open","ping_status":"open","sticky":false,"template":"","format":"standard","meta":{"footnotes":""},"categories":[2595],"tags":[4635,2771,2768,2671,2608],"class_list":["post-218572","post","type-post","status-publish","format-standard","has-post-thumbnail","hentry","category-regions","tag-evacuation","tag-ghardimaou","tag-jendouba","tag-pluie","tag-tunisie"],"yoast_head":"<!-- This site is optimized with the Yoast SEO Premium plugin v27.5 (Yoast SEO v27.5) - https:\/\/yoast.com\/product\/yoast-seo-premium-wordpress\/ -->\n<title>Tunisie : Evacuation des eaux de pluie des habitations \u00e0 Ghardimaou<\/title>\n<meta name=\"description\" content=\"Les unit\u00e9s de la protection civile de la r\u00e9gion de Ghardimaou, relevant du gouvernorat de Jendouba, sont intervenues ce mardi 24 d\u00e9cembre 2024 pour \u00e9vacuer les...\" \/>\n<link rel=\"canonical\" href=\"https:\/\/www.webdo.tn\/fr\/actualite\/regions\/tunisie-evacuation-des-eaux-de-pluie-des-habitations-a-ghardimaou\/218572\/\" \/>\n<meta property=\"og:locale\" content=\"fr_FR\" \/>\n<meta property=\"og:type\" content=\"article\" \/>\n<meta property=\"og:title\" content=\"Tunisie : Evacuation des eaux de pluie des habitations \u00e0 Ghardimaou\" \/>\n<meta property=\"og:description\" content=\"Les unit\u00e9s de la protection civile de la r\u00e9gion de Ghardimaou, relevant du gouvernorat de Jendouba, sont intervenues ce mardi 24 d\u00e9cembre 2024 pour \u00e9vacuer les...\" \/>\n<meta property=\"og:url\" content=\"https:\/\/www.webdo.tn\/fr\/actualite\/regions\/tunisie-evacuation-des-eaux-de-pluie-des-habitations-a-ghardimaou\/218572\/\" \/>\n<meta property=\"og:site_name\" content=\"webdo\" \/>\n<meta property=\"article:publisher\" content=\"https:\/\/www.facebook.com\/webdotn\" \/>\n<meta property=\"article:published_time\" content=\"2024-12-24T15:52:00+00:00\" \/>\n<meta property=\"article:modified_time\" content=\"2025-05-20T21:44:57+00:00\" \/>\n<meta property=\"og:image\" content=\"https:\/\/www.webdo.tn\/fr\/wp-content\/uploads\/2025\/05\/5c01e0dd3c76ac16a5c5f4ef38f29b5c-2.webp\" \/>\n\t<meta property=\"og:image:width\" content=\"750\" \/>\n\t<meta property=\"og:image:height\" content=\"400\" \/>\n\t<meta property=\"og:image:type\" content=\"image\/webp\" \/>\n<meta name=\"author\" content=\"MC\" \/>\n<meta name=\"twitter:card\" content=\"summary_large_image\" \/>\n<meta name=\"twitter:creator\" content=\"@webdo_tn\" \/>\n<meta name=\"twitter:site\" content=\"@webdo_tn\" \/>\n<meta name=\"twitter:label1\" content=\"\u00c9crit par\" \/>\n\t<meta name=\"twitter:data1\" content=\"MC\" \/>\n\t<meta name=\"twitter:label2\" content=\"Dur\u00e9e de lecture estim\u00e9e\" \/>\n\t<meta name=\"twitter:data2\" content=\"1 minute\" \/>\n<script type=\"application\/ld+json\" class=\"yoast-schema-graph\">{\"@context\":\"https:\\\/\\\/schema.org\",\"@graph\":[{\"@type\":\"NewsArticle\",\"@id\":\"https:\\\/\\\/www.webdo.tn\\\/fr\\\/actualite\\\/regions\\\/tunisie-evacuation-des-eaux-de-pluie-des-habitations-a-ghardimaou\\\/218572\\\/#article\",\"isPartOf\":{\"@id\":\"https:\\\/\\\/www.webdo.tn\\\/fr\\\/actualite\\\/regions\\\/tunisie-evacuation-des-eaux-de-pluie-des-habitations-a-ghardimaou\\\/218572\\\/\"},\"author\":{\"name\":\"MC\",\"@id\":\"https:\\\/\\\/www.webdo.tn\\\/fr\\\/#\\\/schema\\\/person\\\/2c4929cbf5a809e3bd38617c6ce150f6\"},\"headline\":\"Tunisie : Evacuation des eaux de pluie des habitations \u00e0 Ghardimaou\",\"datePublished\":\"2024-12-24T15:52:00+00:00\",\"dateModified\":\"2025-05-20T21:44:57+00:00\",\"mainEntityOfPage\":{\"@id\":\"https:\\\/\\\/www.webdo.tn\\\/fr\\\/actualite\\\/regions\\\/tunisie-evacuation-des-eaux-de-pluie-des-habitations-a-ghardimaou\\\/218572\\\/\"},\"wordCount\":186,\"commentCount\":0,\"publisher\":{\"@id\":\"https:\\\/\\\/www.webdo.tn\\\/fr\\\/#organization\"},\"image\":{\"@id\":\"https:\\\/\\\/www.webdo.tn\\\/fr\\\/actualite\\\/regions\\\/tunisie-evacuation-des-eaux-de-pluie-des-habitations-a-ghardimaou\\\/218572\\\/#primaryimage\"},\"thumbnailUrl\":\"https:\\\/\\\/www.webdo.tn\\\/fr\\\/wp-content\\\/uploads\\\/2025\\\/05\\\/5c01e0dd3c76ac16a5c5f4ef38f29b5c-2.webp\",\"keywords\":[\"\u00e9vacuation\",\"ghardimaou\",\"jendouba\",\"Pluie\",\"Tunisie\"],\"articleSection\":[\"regions\"],\"inLanguage\":\"fr-FR\"},{\"@type\":\"WebPage\",\"@id\":\"https:\\\/\\\/www.webdo.tn\\\/fr\\\/actualite\\\/regions\\\/tunisie-evacuation-des-eaux-de-pluie-des-habitations-a-ghardimaou\\\/218572\\\/\",\"url\":\"https:\\\/\\\/www.webdo.tn\\\/fr\\\/actualite\\\/regions\\\/tunisie-evacuation-des-eaux-de-pluie-des-habitations-a-ghardimaou\\\/218572\\\/\",\"name\":\"Tunisie : Evacuation des eaux de pluie des habitations \u00e0 Ghardimaou\",\"isPartOf\":{\"@id\":\"https:\\\/\\\/www.webdo.tn\\\/fr\\\/#website\"},\"primaryImageOfPage\":{\"@id\":\"https:\\\/\\\/www.webdo.tn\\\/fr\\\/actualite\\\/regions\\\/tunisie-evacuation-des-eaux-de-pluie-des-habitations-a-ghardimaou\\\/218572\\\/#primaryimage\"},\"image\":{\"@id\":\"https:\\\/\\\/www.webdo.tn\\\/fr\\\/actualite\\\/regions\\\/tunisie-evacuation-des-eaux-de-pluie-des-habitations-a-ghardimaou\\\/218572\\\/#primaryimage\"},\"thumbnailUrl\":\"https:\\\/\\\/www.webdo.tn\\\/fr\\\/wp-content\\\/uploads\\\/2025\\\/05\\\/5c01e0dd3c76ac16a5c5f4ef38f29b5c-2.webp\",\"datePublished\":\"2024-12-24T15:52:00+00:00\",\"dateModified\":\"2025-05-20T21:44:57+00:00\",\"description\":\"Les unit\u00e9s de la protection civile de la r\u00e9gion de Ghardimaou, relevant du gouvernorat de Jendouba, sont intervenues ce mardi 24 d\u00e9cembre 2024 pour \u00e9vacuer les...\",\"breadcrumb\":{\"@id\":\"https:\\\/\\\/www.webdo.tn\\\/fr\\\/actualite\\\/regions\\\/tunisie-evacuation-des-eaux-de-pluie-des-habitations-a-ghardimaou\\\/218572\\\/#breadcrumb\"},\"inLanguage\":\"fr-FR\",\"potentialAction\":[{\"@type\":\"ReadAction\",\"target\":[\"https:\\\/\\\/www.webdo.tn\\\/fr\\\/actualite\\\/regions\\\/tunisie-evacuation-des-eaux-de-pluie-des-habitations-a-ghardimaou\\\/218572\\\/\"]}]},{\"@type\":\"ImageObject\",\"inLanguage\":\"fr-FR\",\"@id\":\"https:\\\/\\\/www.webdo.tn\\\/fr\\\/actualite\\\/regions\\\/tunisie-evacuation-des-eaux-de-pluie-des-habitations-a-ghardimaou\\\/218572\\\/#primaryimage\",\"url\":\"https:\\\/\\\/www.webdo.tn\\\/fr\\\/wp-content\\\/uploads\\\/2025\\\/05\\\/5c01e0dd3c76ac16a5c5f4ef38f29b5c-2.webp\",\"contentUrl\":\"https:\\\/\\\/www.webdo.tn\\\/fr\\\/wp-content\\\/uploads\\\/2025\\\/05\\\/5c01e0dd3c76ac16a5c5f4ef38f29b5c-2.webp\",\"width\":750,\"height\":400},{\"@type\":\"BreadcrumbList\",\"@id\":\"https:\\\/\\\/www.webdo.tn\\\/fr\\\/actualite\\\/regions\\\/tunisie-evacuation-des-eaux-de-pluie-des-habitations-a-ghardimaou\\\/218572\\\/#breadcrumb\",\"itemListElement\":[{\"@type\":\"ListItem\",\"position\":1,\"name\":\"Accueil\",\"item\":\"https:\\\/\\\/www.webdo.tn\\\/fr\\\/\"},{\"@type\":\"ListItem\",\"position\":2,\"name\":\"Tunisie : Evacuation des eaux de pluie des habitations \u00e0 Ghardimaou\"}]},{\"@type\":\"WebSite\",\"@id\":\"https:\\\/\\\/www.webdo.tn\\\/fr\\\/#website\",\"url\":\"https:\\\/\\\/www.webdo.tn\\\/fr\\\/\",\"name\":\"webdo\",\"description\":\"Tunisie - News en Tunisie et \u00e0 l&#039;international sur Webdo.tn\",\"publisher\":{\"@id\":\"https:\\\/\\\/www.webdo.tn\\\/fr\\\/#organization\"},\"potentialAction\":[{\"@type\":\"SearchAction\",\"target\":{\"@type\":\"EntryPoint\",\"urlTemplate\":\"https:\\\/\\\/www.webdo.tn\\\/fr\\\/?s={search_term_string}\"},\"query-input\":{\"@type\":\"PropertyValueSpecification\",\"valueRequired\":true,\"valueName\":\"search_term_string\"}}],\"inLanguage\":\"fr-FR\"},{\"@type\":\"Organization\",\"@id\":\"https:\\\/\\\/www.webdo.tn\\\/fr\\\/#organization\",\"name\":\"Webdo\",\"alternateName\":\"Webdo.tn\",\"url\":\"https:\\\/\\\/www.webdo.tn\\\/fr\\\/\",\"logo\":{\"@type\":\"ImageObject\",\"inLanguage\":\"fr-FR\",\"@id\":\"https:\\\/\\\/www.webdo.tn\\\/fr\\\/#\\\/schema\\\/logo\\\/image\\\/\",\"url\":\"https:\\\/\\\/www.webdo.tn\\\/fr\\\/wp-content\\\/uploads\\\/2025\\\/06\\\/Webdo-Tunisie_168377.jpg\",\"contentUrl\":\"https:\\\/\\\/www.webdo.tn\\\/fr\\\/wp-content\\\/uploads\\\/2025\\\/06\\\/Webdo-Tunisie_168377.jpg\",\"width\":301,\"height\":301,\"caption\":\"Webdo\"},\"image\":{\"@id\":\"https:\\\/\\\/www.webdo.tn\\\/fr\\\/#\\\/schema\\\/logo\\\/image\\\/\"},\"sameAs\":[\"https:\\\/\\\/www.facebook.com\\\/webdotn\",\"https:\\\/\\\/x.com\\\/webdo_tn\"],\"description\":\"Webdo est un m\u00e9dia num\u00e9rique tunisien fond\u00e9 en 2010, sp\u00e9cialis\u00e9 dans l\u2019actualit\u00e9 nationale et internationale, l\u2019\u00e9conomie, la soci\u00e9t\u00e9 et les analyses politiques. Le site s\u2019adresse \u00e0 un large public francophone et couvre l\u2019information tunisienne en temps r\u00e9el.\",\"email\":\"redac@webdo.tn\",\"legalName\":\"YNJ SARL\",\"foundingDate\":\"2010-09-06\",\"numberOfEmployees\":{\"@type\":\"QuantitativeValue\",\"minValue\":\"11\",\"maxValue\":\"50\"}},{\"@type\":\"Person\",\"@id\":\"https:\\\/\\\/www.webdo.tn\\\/fr\\\/#\\\/schema\\\/person\\\/2c4929cbf5a809e3bd38617c6ce150f6\",\"name\":\"MC\",\"image\":{\"@type\":\"ImageObject\",\"inLanguage\":\"fr-FR\",\"@id\":\"https:\\\/\\\/secure.gravatar.com\\\/avatar\\\/a545bbb6f84efdd5553dbbc2895e3ca8f1d12c5215e00a041c9670b54aa9b18a?s=96&d=mm&r=g\",\"url\":\"https:\\\/\\\/secure.gravatar.com\\\/avatar\\\/a545bbb6f84efdd5553dbbc2895e3ca8f1d12c5215e00a041c9670b54aa9b18a?s=96&d=mm&r=g\",\"contentUrl\":\"https:\\\/\\\/secure.gravatar.com\\\/avatar\\\/a545bbb6f84efdd5553dbbc2895e3ca8f1d12c5215e00a041c9670b54aa9b18a?s=96&d=mm&r=g\",\"caption\":\"MC\"},\"url\":\"https:\\\/\\\/www.webdo.tn\\\/fr\\\/actualite\\\/author\\\/mc\\\/\"}]}<\/script>\n<!-- \/ Yoast SEO Premium plugin. -->","yoast_head_json":{"title":"Tunisie : Evacuation des eaux de pluie des habitations \u00e0 Ghardimaou","description":"Les unit\u00e9s de la protection civile de la r\u00e9gion de Ghardimaou, relevant du gouvernorat de Jendouba, sont intervenues ce mardi 24 d\u00e9cembre 2024 pour \u00e9vacuer les...","canonical":"https:\/\/www.webdo.tn\/fr\/actualite\/regions\/tunisie-evacuation-des-eaux-de-pluie-des-habitations-a-ghardimaou\/218572\/","og_locale":"fr_FR","og_type":"article","og_title":"Tunisie : Evacuation des eaux de pluie des habitations \u00e0 Ghardimaou","og_description":"Les unit\u00e9s de la protection civile de la r\u00e9gion de Ghardimaou, relevant du gouvernorat de Jendouba, sont intervenues ce mardi 24 d\u00e9cembre 2024 pour \u00e9vacuer les...","og_url":"https:\/\/www.webdo.tn\/fr\/actualite\/regions\/tunisie-evacuation-des-eaux-de-pluie-des-habitations-a-ghardimaou\/218572\/","og_site_name":"webdo","article_publisher":"https:\/\/www.facebook.com\/webdotn","article_published_time":"2024-12-24T15:52:00+00:00","article_modified_time":"2025-05-20T21:44:57+00:00","og_image":[{"width":750,"height":400,"url":"https:\/\/www.webdo.tn\/fr\/wp-content\/uploads\/2025\/05\/5c01e0dd3c76ac16a5c5f4ef38f29b5c-2.webp","type":"image\/webp"}],"author":"MC","twitter_card":"summary_large_image","twitter_creator":"@webdo_tn","twitter_site":"@webdo_tn","twitter_misc":{"\u00c9crit par":"MC","Dur\u00e9e de lecture estim\u00e9e":"1 minute"},"schema":{"@context":"https:\/\/schema.org","@graph":[{"@type":"NewsArticle","@id":"https:\/\/www.webdo.tn\/fr\/actualite\/regions\/tunisie-evacuation-des-eaux-de-pluie-des-habitations-a-ghardimaou\/218572\/#article","isPartOf":{"@id":"https:\/\/www.webdo.tn\/fr\/actualite\/regions\/tunisie-evacuation-des-eaux-de-pluie-des-habitations-a-ghardimaou\/218572\/"},"author":{"name":"MC","@id":"https:\/\/www.webdo.tn\/fr\/#\/schema\/person\/2c4929cbf5a809e3bd38617c6ce150f6"},"headline":"Tunisie : Evacuation des eaux de pluie des habitations \u00e0 Ghardimaou","datePublished":"2024-12-24T15:52:00+00:00","dateModified":"2025-05-20T21:44:57+00:00","mainEntityOfPage":{"@id":"https:\/\/www.webdo.tn\/fr\/actualite\/regions\/tunisie-evacuation-des-eaux-de-pluie-des-habitations-a-ghardimaou\/218572\/"},"wordCount":186,"commentCount":0,"publisher":{"@id":"https:\/\/www.webdo.tn\/fr\/#organization"},"image":{"@id":"https:\/\/www.webdo.tn\/fr\/actualite\/regions\/tunisie-evacuation-des-eaux-de-pluie-des-habitations-a-ghardimaou\/218572\/#primaryimage"},"thumbnailUrl":"https:\/\/www.webdo.tn\/fr\/wp-content\/uploads\/2025\/05\/5c01e0dd3c76ac16a5c5f4ef38f29b5c-2.webp","keywords":["\u00e9vacuation","ghardimaou","jendouba","Pluie","Tunisie"],"articleSection":["regions"],"inLanguage":"fr-FR"},{"@type":"WebPage","@id":"https:\/\/www.webdo.tn\/fr\/actualite\/regions\/tunisie-evacuation-des-eaux-de-pluie-des-habitations-a-ghardimaou\/218572\/","url":"https:\/\/www.webdo.tn\/fr\/actualite\/regions\/tunisie-evacuation-des-eaux-de-pluie-des-habitations-a-ghardimaou\/218572\/","name":"Tunisie : Evacuation des eaux de pluie des habitations \u00e0 Ghardimaou","isPartOf":{"@id":"https:\/\/www.webdo.tn\/fr\/#website"},"primaryImageOfPage":{"@id":"https:\/\/www.webdo.tn\/fr\/actualite\/regions\/tunisie-evacuation-des-eaux-de-pluie-des-habitations-a-ghardimaou\/218572\/#primaryimage"},"image":{"@id":"https:\/\/www.webdo.tn\/fr\/actualite\/regions\/tunisie-evacuation-des-eaux-de-pluie-des-habitations-a-ghardimaou\/218572\/#primaryimage"},"thumbnailUrl":"https:\/\/www.webdo.tn\/fr\/wp-content\/uploads\/2025\/05\/5c01e0dd3c76ac16a5c5f4ef38f29b5c-2.webp","datePublished":"2024-12-24T15:52:00+00:00","dateModified":"2025-05-20T21:44:57+00:00","description":"Les unit\u00e9s de la protection civile de la r\u00e9gion de Ghardimaou, relevant du gouvernorat de Jendouba, sont intervenues ce mardi 24 d\u00e9cembre 2024 pour \u00e9vacuer les...","breadcrumb":{"@id":"https:\/\/www.webdo.tn\/fr\/actualite\/regions\/tunisie-evacuation-des-eaux-de-pluie-des-habitations-a-ghardimaou\/218572\/#breadcrumb"},"inLanguage":"fr-FR","potentialAction":[{"@type":"ReadAction","target":["https:\/\/www.webdo.tn\/fr\/actualite\/regions\/tunisie-evacuation-des-eaux-de-pluie-des-habitations-a-ghardimaou\/218572\/"]}]},{"@type":"ImageObject","inLanguage":"fr-FR","@id":"https:\/\/www.webdo.tn\/fr\/actualite\/regions\/tunisie-evacuation-des-eaux-de-pluie-des-habitations-a-ghardimaou\/218572\/#primaryimage","url":"https:\/\/www.webdo.tn\/fr\/wp-content\/uploads\/2025\/05\/5c01e0dd3c76ac16a5c5f4ef38f29b5c-2.webp","contentUrl":"https:\/\/www.webdo.tn\/fr\/wp-content\/uploads\/2025\/05\/5c01e0dd3c76ac16a5c5f4ef38f29b5c-2.webp","width":750,"height":400},{"@type":"BreadcrumbList","@id":"https:\/\/www.webdo.tn\/fr\/actualite\/regions\/tunisie-evacuation-des-eaux-de-pluie-des-habitations-a-ghardimaou\/218572\/#breadcrumb","itemListElement":[{"@type":"ListItem","position":1,"name":"Accueil","item":"https:\/\/www.webdo.tn\/fr\/"},{"@type":"ListItem","position":2,"name":"Tunisie : Evacuation des eaux de pluie des habitations \u00e0 Ghardimaou"}]},{"@type":"WebSite","@id":"https:\/\/www.webdo.tn\/fr\/#website","url":"https:\/\/www.webdo.tn\/fr\/","name":"webdo","description":"Tunisie - News en Tunisie et \u00e0 l&#039;international sur Webdo.tn","publisher":{"@id":"https:\/\/www.webdo.tn\/fr\/#organization"},"potentialAction":[{"@type":"SearchAction","target":{"@type":"EntryPoint","urlTemplate":"https:\/\/www.webdo.tn\/fr\/?s={search_term_string}"},"query-input":{"@type":"PropertyValueSpecification","valueRequired":true,"valueName":"search_term_string"}}],"inLanguage":"fr-FR"},{"@type":"Organization","@id":"https:\/\/www.webdo.tn\/fr\/#organization","name":"Webdo","alternateName":"Webdo.tn","url":"https:\/\/www.webdo.tn\/fr\/","logo":{"@type":"ImageObject","inLanguage":"fr-FR","@id":"https:\/\/www.webdo.tn\/fr\/#\/schema\/logo\/image\/","url":"https:\/\/www.webdo.tn\/fr\/wp-content\/uploads\/2025\/06\/Webdo-Tunisie_168377.jpg","contentUrl":"https:\/\/www.webdo.tn\/fr\/wp-content\/uploads\/2025\/06\/Webdo-Tunisie_168377.jpg","width":301,"height":301,"caption":"Webdo"},"image":{"@id":"https:\/\/www.webdo.tn\/fr\/#\/schema\/logo\/image\/"},"sameAs":["https:\/\/www.facebook.com\/webdotn","https:\/\/x.com\/webdo_tn"],"description":"Webdo est un m\u00e9dia num\u00e9rique tunisien fond\u00e9 en 2010, sp\u00e9cialis\u00e9 dans l\u2019actualit\u00e9 nationale et internationale, l\u2019\u00e9conomie, la soci\u00e9t\u00e9 et les analyses politiques. Le site s\u2019adresse \u00e0 un large public francophone et couvre l\u2019information tunisienne en temps r\u00e9el.","email":"redac@webdo.tn","legalName":"YNJ SARL","foundingDate":"2010-09-06","numberOfEmployees":{"@type":"QuantitativeValue","minValue":"11","maxValue":"50"}},{"@type":"Person","@id":"https:\/\/www.webdo.tn\/fr\/#\/schema\/person\/2c4929cbf5a809e3bd38617c6ce150f6","name":"MC","image":{"@type":"ImageObject","inLanguage":"fr-FR","@id":"https:\/\/secure.gravatar.com\/avatar\/a545bbb6f84efdd5553dbbc2895e3ca8f1d12c5215e00a041c9670b54aa9b18a?s=96&d=mm&r=g","url":"https:\/\/secure.gravatar.com\/avatar\/a545bbb6f84efdd5553dbbc2895e3ca8f1d12c5215e00a041c9670b54aa9b18a?s=96&d=mm&r=g","contentUrl":"https:\/\/secure.gravatar.com\/avatar\/a545bbb6f84efdd5553dbbc2895e3ca8f1d12c5215e00a041c9670b54aa9b18a?s=96&d=mm&r=g","caption":"MC"},"url":"https:\/\/www.webdo.tn\/fr\/actualite\/author\/mc\/"}]}},"_links":{"self":[{"href":"https:\/\/www.webdo.tn\/fr\/wp-json\/wp\/v2\/posts\/218572","targetHints":{"allow":["GET"]}}],"collection":[{"href":"https:\/\/www.webdo.tn\/fr\/wp-json\/wp\/v2\/posts"}],"about":[{"href":"https:\/\/www.webdo.tn\/fr\/wp-json\/wp\/v2\/types\/post"}],"author":[{"embeddable":true,"href":"https:\/\/www.webdo.tn\/fr\/wp-json\/wp\/v2\/users\/3162"}],"replies":[{"embeddable":true,"href":"https:\/\/www.webdo.tn\/fr\/wp-json\/wp\/v2\/comments?post=218572"}],"version-history":[{"count":0,"href":"https:\/\/www.webdo.tn\/fr\/wp-json\/wp\/v2\/posts\/218572\/revisions"}],"wp:featuredmedia":[{"embeddable":true,"href":"https:\/\/www.webdo.tn\/fr\/wp-json\/wp\/v2\/media\/243256"}],"wp:attachment":[{"href":"https:\/\/www.webdo.tn\/fr\/wp-json\/wp\/v2\/media?parent=218572"}],"wp:term":[{"taxonomy":"category","embeddable":true,"href":"https:\/\/www.webdo.tn\/fr\/wp-json\/wp\/v2\/categories?post=218572"},{"taxonomy":"post_tag","embeddable":true,"href":"https:\/\/www.webdo.tn\/fr\/wp-json\/wp\/v2\/tags?post=218572"}],"curies":[{"name":"wp","href":"https:\/\/api.w.org\/{rel}","templated":true}]}}