{"id":218567,"date":"2024-12-24T14:30:00","date_gmt":"2024-12-24T14:30:00","guid":{"rendered":"https:\/\/www.webdo.tn\/fr\/blog\/2024\/12\/24\/tunisie-details-sur-les-tarifs-preferentiels-au-profit-du-tourisme-interieur\/"},"modified":"2025-05-20T22:20:56","modified_gmt":"2025-05-20T22:20:56","slug":"tunisie-details-sur-les-tarifs-preferentiels-au-profit-du-tourisme-interieur","status":"publish","type":"post","link":"https:\/\/www.webdo.tn\/fr\/actualite\/national\/tunisie-details-sur-les-tarifs-preferentiels-au-profit-du-tourisme-interieur\/218567\/","title":{"rendered":"Tunisie : D\u00e9tails sur les tarifs pr\u00e9f\u00e9rentiels au profit du tourisme int\u00e9rieur"},"content":{"rendered":"<p>\u00c0 l&rsquo;occasion des vacances d&rsquo;hiver et de la fin de l&rsquo;ann\u00e9e administrative, les structures professionnelles du secteur touristique ont mis en place des tarifs pr\u00e9f\u00e9rentiels et des r\u00e9ductions en faveur des Tunisiens, dans le but de promouvoir le tourisme int\u00e9rieur.<\/p>\n<p>\t\t\t\t\t\t\t\t\tDans une d\u00e9claration faite aujourd&rsquo;hui, mardi 24 d\u00e9cembre 2024, sur les ondes de la Radio Nationale, le pr\u00e9sident de la F\u00e9d\u00e9ration Tunisienne des Agences de Voyages, Ahmed Belta\u00efeb, a indiqu\u00e9 que les r\u00e9ductions varient entre 10 % et 45 % sur les services de restauration, d&rsquo;h\u00e9bergement et de transport.<\/p>\n<p>Ahmed Belta\u00efeb a encourag\u00e9 les clients tunisiens \u00e0 opter pour des produits touristiques tunisiens, pr\u00e9cisant que ces r\u00e9ductions sont temporaires, mais qu&rsquo;une plateforme sera prochainement lanc\u00e9e pour rendre ces tarifs pr\u00e9f\u00e9rentiels disponibles de mani\u00e8re r\u00e9guli\u00e8re tout au long de l&rsquo;ann\u00e9e, au b\u00e9n\u00e9fice des touristes tunisiens.<\/p>\n<p>Il a \u00e9galement appel\u00e9 les clients tunisiens \u00e0 v\u00e9rifier les agences de voyages et \u00e0 traiter exclusivement avec les agences class\u00e9es.<\/p>\n","protected":false},"excerpt":{"rendered":"<p>Dans une d\u00e9claration faite aujourd&rsquo;hui, mardi 24 d\u00e9cembre 2024, sur les ondes de la Radio Nationale, le pr\u00e9sident de la F\u00e9d\u00e9ration Tunisienne des Agences de Voy&#8230;<\/p>\n","protected":false},"author":3163,"featured_media":243258,"comment_status":"open","ping_status":"open","sticky":false,"template":"","format":"standard","meta":{"footnotes":""},"categories":[44],"tags":[4636,4464,2798,2799,2608],"class_list":["post-218567","post","type-post","status-publish","format-standard","has-post-thumbnail","hentry","category-national","tag-interieur","tag-tarifs","tag-tourisme","tag-touristes","tag-tunisie"],"yoast_head":"<!-- This site is optimized with the Yoast SEO Premium plugin v27.4 (Yoast SEO v27.5) - https:\/\/yoast.com\/product\/yoast-seo-premium-wordpress\/ -->\n<title>Tunisie : D\u00e9tails sur les tarifs pr\u00e9f\u00e9rentiels au profit du tourisme int\u00e9rieur<\/title>\n<meta name=\"description\" content=\"Dans une d\u00e9claration faite aujourd&#039;hui, mardi 24 d\u00e9cembre 2024, sur les ondes de la Radio Nationale, le pr\u00e9sident de la F\u00e9d\u00e9ration Tunisienne des Agences de Voy...\" \/>\n<link rel=\"canonical\" href=\"https:\/\/www.webdo.tn\/fr\/actualite\/national\/tunisie-details-sur-les-tarifs-preferentiels-au-profit-du-tourisme-interieur\/218567\/\" \/>\n<meta property=\"og:locale\" content=\"fr_FR\" \/>\n<meta property=\"og:type\" content=\"article\" \/>\n<meta property=\"og:title\" content=\"Tunisie : D\u00e9tails sur les tarifs pr\u00e9f\u00e9rentiels au profit du tourisme int\u00e9rieur\" \/>\n<meta property=\"og:description\" content=\"Dans une d\u00e9claration faite aujourd&#039;hui, mardi 24 d\u00e9cembre 2024, sur les ondes de la Radio Nationale, le pr\u00e9sident de la F\u00e9d\u00e9ration Tunisienne des Agences de Voy...\" \/>\n<meta property=\"og:url\" content=\"https:\/\/www.webdo.tn\/fr\/actualite\/national\/tunisie-details-sur-les-tarifs-preferentiels-au-profit-du-tourisme-interieur\/218567\/\" \/>\n<meta property=\"og:site_name\" content=\"webdo\" \/>\n<meta property=\"article:publisher\" content=\"https:\/\/www.facebook.com\/webdotn\" \/>\n<meta property=\"article:published_time\" content=\"2024-12-24T14:30:00+00:00\" \/>\n<meta property=\"article:modified_time\" content=\"2025-05-20T22:20:56+00:00\" \/>\n<meta property=\"og:image\" content=\"https:\/\/www.webdo.tn\/fr\/wp-content\/uploads\/2025\/05\/26ab0482fb302a43f7d2325015722ec1-2.webp\" \/>\n\t<meta property=\"og:image:width\" content=\"750\" \/>\n\t<meta property=\"og:image:height\" content=\"400\" \/>\n\t<meta property=\"og:image:type\" content=\"image\/webp\" \/>\n<meta name=\"author\" content=\"KJ\" \/>\n<meta name=\"twitter:card\" content=\"summary_large_image\" \/>\n<meta name=\"twitter:creator\" content=\"@webdo_tn\" \/>\n<meta name=\"twitter:site\" content=\"@webdo_tn\" \/>\n<meta name=\"twitter:label1\" content=\"\u00c9crit par\" \/>\n\t<meta name=\"twitter:data1\" content=\"KJ\" \/>\n\t<meta name=\"twitter:label2\" content=\"Dur\u00e9e de lecture estim\u00e9e\" \/>\n\t<meta name=\"twitter:data2\" content=\"1 minute\" \/>\n<script type=\"application\/ld+json\" class=\"yoast-schema-graph\">{\"@context\":\"https:\\\/\\\/schema.org\",\"@graph\":[{\"@type\":\"NewsArticle\",\"@id\":\"https:\\\/\\\/www.webdo.tn\\\/fr\\\/actualite\\\/national\\\/tunisie-details-sur-les-tarifs-preferentiels-au-profit-du-tourisme-interieur\\\/218567\\\/#article\",\"isPartOf\":{\"@id\":\"https:\\\/\\\/www.webdo.tn\\\/fr\\\/actualite\\\/national\\\/tunisie-details-sur-les-tarifs-preferentiels-au-profit-du-tourisme-interieur\\\/218567\\\/\"},\"author\":{\"name\":\"KJ\",\"@id\":\"https:\\\/\\\/www.webdo.tn\\\/fr\\\/#\\\/schema\\\/person\\\/82ca085b22037d285e1a3c4b65ba5f71\"},\"headline\":\"Tunisie : D\u00e9tails sur les tarifs pr\u00e9f\u00e9rentiels au profit du tourisme int\u00e9rieur\",\"datePublished\":\"2024-12-24T14:30:00+00:00\",\"dateModified\":\"2025-05-20T22:20:56+00:00\",\"mainEntityOfPage\":{\"@id\":\"https:\\\/\\\/www.webdo.tn\\\/fr\\\/actualite\\\/national\\\/tunisie-details-sur-les-tarifs-preferentiels-au-profit-du-tourisme-interieur\\\/218567\\\/\"},\"wordCount\":194,\"commentCount\":0,\"publisher\":{\"@id\":\"https:\\\/\\\/www.webdo.tn\\\/fr\\\/#organization\"},\"image\":{\"@id\":\"https:\\\/\\\/www.webdo.tn\\\/fr\\\/actualite\\\/national\\\/tunisie-details-sur-les-tarifs-preferentiels-au-profit-du-tourisme-interieur\\\/218567\\\/#primaryimage\"},\"thumbnailUrl\":\"https:\\\/\\\/www.webdo.tn\\\/fr\\\/wp-content\\\/uploads\\\/2025\\\/05\\\/26ab0482fb302a43f7d2325015722ec1-2.webp\",\"keywords\":[\"int\u00e9rieur\",\"tarifs\",\"Tourisme\",\"touristes\",\"Tunisie\"],\"articleSection\":[\"National\"],\"inLanguage\":\"fr-FR\"},{\"@type\":\"WebPage\",\"@id\":\"https:\\\/\\\/www.webdo.tn\\\/fr\\\/actualite\\\/national\\\/tunisie-details-sur-les-tarifs-preferentiels-au-profit-du-tourisme-interieur\\\/218567\\\/\",\"url\":\"https:\\\/\\\/www.webdo.tn\\\/fr\\\/actualite\\\/national\\\/tunisie-details-sur-les-tarifs-preferentiels-au-profit-du-tourisme-interieur\\\/218567\\\/\",\"name\":\"Tunisie : D\u00e9tails sur les tarifs pr\u00e9f\u00e9rentiels au profit du tourisme int\u00e9rieur\",\"isPartOf\":{\"@id\":\"https:\\\/\\\/www.webdo.tn\\\/fr\\\/#website\"},\"primaryImageOfPage\":{\"@id\":\"https:\\\/\\\/www.webdo.tn\\\/fr\\\/actualite\\\/national\\\/tunisie-details-sur-les-tarifs-preferentiels-au-profit-du-tourisme-interieur\\\/218567\\\/#primaryimage\"},\"image\":{\"@id\":\"https:\\\/\\\/www.webdo.tn\\\/fr\\\/actualite\\\/national\\\/tunisie-details-sur-les-tarifs-preferentiels-au-profit-du-tourisme-interieur\\\/218567\\\/#primaryimage\"},\"thumbnailUrl\":\"https:\\\/\\\/www.webdo.tn\\\/fr\\\/wp-content\\\/uploads\\\/2025\\\/05\\\/26ab0482fb302a43f7d2325015722ec1-2.webp\",\"datePublished\":\"2024-12-24T14:30:00+00:00\",\"dateModified\":\"2025-05-20T22:20:56+00:00\",\"description\":\"Dans une d\u00e9claration faite aujourd'hui, mardi 24 d\u00e9cembre 2024, sur les ondes de la Radio Nationale, le pr\u00e9sident de la F\u00e9d\u00e9ration Tunisienne des Agences de Voy...\",\"breadcrumb\":{\"@id\":\"https:\\\/\\\/www.webdo.tn\\\/fr\\\/actualite\\\/national\\\/tunisie-details-sur-les-tarifs-preferentiels-au-profit-du-tourisme-interieur\\\/218567\\\/#breadcrumb\"},\"inLanguage\":\"fr-FR\",\"potentialAction\":[{\"@type\":\"ReadAction\",\"target\":[\"https:\\\/\\\/www.webdo.tn\\\/fr\\\/actualite\\\/national\\\/tunisie-details-sur-les-tarifs-preferentiels-au-profit-du-tourisme-interieur\\\/218567\\\/\"]}]},{\"@type\":\"ImageObject\",\"inLanguage\":\"fr-FR\",\"@id\":\"https:\\\/\\\/www.webdo.tn\\\/fr\\\/actualite\\\/national\\\/tunisie-details-sur-les-tarifs-preferentiels-au-profit-du-tourisme-interieur\\\/218567\\\/#primaryimage\",\"url\":\"https:\\\/\\\/www.webdo.tn\\\/fr\\\/wp-content\\\/uploads\\\/2025\\\/05\\\/26ab0482fb302a43f7d2325015722ec1-2.webp\",\"contentUrl\":\"https:\\\/\\\/www.webdo.tn\\\/fr\\\/wp-content\\\/uploads\\\/2025\\\/05\\\/26ab0482fb302a43f7d2325015722ec1-2.webp\",\"width\":750,\"height\":400},{\"@type\":\"BreadcrumbList\",\"@id\":\"https:\\\/\\\/www.webdo.tn\\\/fr\\\/actualite\\\/national\\\/tunisie-details-sur-les-tarifs-preferentiels-au-profit-du-tourisme-interieur\\\/218567\\\/#breadcrumb\",\"itemListElement\":[{\"@type\":\"ListItem\",\"position\":1,\"name\":\"Accueil\",\"item\":\"https:\\\/\\\/www.webdo.tn\\\/fr\\\/\"},{\"@type\":\"ListItem\",\"position\":2,\"name\":\"Tunisie : D\u00e9tails sur les tarifs pr\u00e9f\u00e9rentiels au profit du tourisme int\u00e9rieur\"}]},{\"@type\":\"WebSite\",\"@id\":\"https:\\\/\\\/www.webdo.tn\\\/fr\\\/#website\",\"url\":\"https:\\\/\\\/www.webdo.tn\\\/fr\\\/\",\"name\":\"webdo\",\"description\":\"Tunisie - News en Tunisie et \u00e0 l&#039;international sur Webdo.tn\",\"publisher\":{\"@id\":\"https:\\\/\\\/www.webdo.tn\\\/fr\\\/#organization\"},\"potentialAction\":[{\"@type\":\"SearchAction\",\"target\":{\"@type\":\"EntryPoint\",\"urlTemplate\":\"https:\\\/\\\/www.webdo.tn\\\/fr\\\/?s={search_term_string}\"},\"query-input\":{\"@type\":\"PropertyValueSpecification\",\"valueRequired\":true,\"valueName\":\"search_term_string\"}}],\"inLanguage\":\"fr-FR\"},{\"@type\":\"Organization\",\"@id\":\"https:\\\/\\\/www.webdo.tn\\\/fr\\\/#organization\",\"name\":\"Webdo\",\"alternateName\":\"Webdo.tn\",\"url\":\"https:\\\/\\\/www.webdo.tn\\\/fr\\\/\",\"logo\":{\"@type\":\"ImageObject\",\"inLanguage\":\"fr-FR\",\"@id\":\"https:\\\/\\\/www.webdo.tn\\\/fr\\\/#\\\/schema\\\/logo\\\/image\\\/\",\"url\":\"https:\\\/\\\/www.webdo.tn\\\/fr\\\/wp-content\\\/uploads\\\/2025\\\/06\\\/Webdo-Tunisie_168377.jpg\",\"contentUrl\":\"https:\\\/\\\/www.webdo.tn\\\/fr\\\/wp-content\\\/uploads\\\/2025\\\/06\\\/Webdo-Tunisie_168377.jpg\",\"width\":301,\"height\":301,\"caption\":\"Webdo\"},\"image\":{\"@id\":\"https:\\\/\\\/www.webdo.tn\\\/fr\\\/#\\\/schema\\\/logo\\\/image\\\/\"},\"sameAs\":[\"https:\\\/\\\/www.facebook.com\\\/webdotn\",\"https:\\\/\\\/x.com\\\/webdo_tn\"],\"description\":\"Webdo est un m\u00e9dia num\u00e9rique tunisien fond\u00e9 en 2010, sp\u00e9cialis\u00e9 dans l\u2019actualit\u00e9 nationale et internationale, l\u2019\u00e9conomie, la soci\u00e9t\u00e9 et les analyses politiques. Le site s\u2019adresse \u00e0 un large public francophone et couvre l\u2019information tunisienne en temps r\u00e9el.\",\"email\":\"redac@webdo.tn\",\"legalName\":\"YNJ SARL\",\"foundingDate\":\"2010-09-06\",\"numberOfEmployees\":{\"@type\":\"QuantitativeValue\",\"minValue\":\"11\",\"maxValue\":\"50\"}},{\"@type\":\"Person\",\"@id\":\"https:\\\/\\\/www.webdo.tn\\\/fr\\\/#\\\/schema\\\/person\\\/82ca085b22037d285e1a3c4b65ba5f71\",\"name\":\"KJ\",\"image\":{\"@type\":\"ImageObject\",\"inLanguage\":\"fr-FR\",\"@id\":\"https:\\\/\\\/secure.gravatar.com\\\/avatar\\\/1a1320de1c1971c893f00068f760b4113d69504aa21273da17ee95650c5944fd?s=96&d=mm&r=g\",\"url\":\"https:\\\/\\\/secure.gravatar.com\\\/avatar\\\/1a1320de1c1971c893f00068f760b4113d69504aa21273da17ee95650c5944fd?s=96&d=mm&r=g\",\"contentUrl\":\"https:\\\/\\\/secure.gravatar.com\\\/avatar\\\/1a1320de1c1971c893f00068f760b4113d69504aa21273da17ee95650c5944fd?s=96&d=mm&r=g\",\"caption\":\"KJ\"},\"url\":\"https:\\\/\\\/www.webdo.tn\\\/fr\\\/actualite\\\/author\\\/kj\\\/\"}]}<\/script>\n<!-- \/ Yoast SEO Premium plugin. -->","yoast_head_json":{"title":"Tunisie : D\u00e9tails sur les tarifs pr\u00e9f\u00e9rentiels au profit du tourisme int\u00e9rieur","description":"Dans une d\u00e9claration faite aujourd'hui, mardi 24 d\u00e9cembre 2024, sur les ondes de la Radio Nationale, le pr\u00e9sident de la F\u00e9d\u00e9ration Tunisienne des Agences de Voy...","canonical":"https:\/\/www.webdo.tn\/fr\/actualite\/national\/tunisie-details-sur-les-tarifs-preferentiels-au-profit-du-tourisme-interieur\/218567\/","og_locale":"fr_FR","og_type":"article","og_title":"Tunisie : D\u00e9tails sur les tarifs pr\u00e9f\u00e9rentiels au profit du tourisme int\u00e9rieur","og_description":"Dans une d\u00e9claration faite aujourd'hui, mardi 24 d\u00e9cembre 2024, sur les ondes de la Radio Nationale, le pr\u00e9sident de la F\u00e9d\u00e9ration Tunisienne des Agences de Voy...","og_url":"https:\/\/www.webdo.tn\/fr\/actualite\/national\/tunisie-details-sur-les-tarifs-preferentiels-au-profit-du-tourisme-interieur\/218567\/","og_site_name":"webdo","article_publisher":"https:\/\/www.facebook.com\/webdotn","article_published_time":"2024-12-24T14:30:00+00:00","article_modified_time":"2025-05-20T22:20:56+00:00","og_image":[{"width":750,"height":400,"url":"https:\/\/www.webdo.tn\/fr\/wp-content\/uploads\/2025\/05\/26ab0482fb302a43f7d2325015722ec1-2.webp","type":"image\/webp"}],"author":"KJ","twitter_card":"summary_large_image","twitter_creator":"@webdo_tn","twitter_site":"@webdo_tn","twitter_misc":{"\u00c9crit par":"KJ","Dur\u00e9e de lecture estim\u00e9e":"1 minute"},"schema":{"@context":"https:\/\/schema.org","@graph":[{"@type":"NewsArticle","@id":"https:\/\/www.webdo.tn\/fr\/actualite\/national\/tunisie-details-sur-les-tarifs-preferentiels-au-profit-du-tourisme-interieur\/218567\/#article","isPartOf":{"@id":"https:\/\/www.webdo.tn\/fr\/actualite\/national\/tunisie-details-sur-les-tarifs-preferentiels-au-profit-du-tourisme-interieur\/218567\/"},"author":{"name":"KJ","@id":"https:\/\/www.webdo.tn\/fr\/#\/schema\/person\/82ca085b22037d285e1a3c4b65ba5f71"},"headline":"Tunisie : D\u00e9tails sur les tarifs pr\u00e9f\u00e9rentiels au profit du tourisme int\u00e9rieur","datePublished":"2024-12-24T14:30:00+00:00","dateModified":"2025-05-20T22:20:56+00:00","mainEntityOfPage":{"@id":"https:\/\/www.webdo.tn\/fr\/actualite\/national\/tunisie-details-sur-les-tarifs-preferentiels-au-profit-du-tourisme-interieur\/218567\/"},"wordCount":194,"commentCount":0,"publisher":{"@id":"https:\/\/www.webdo.tn\/fr\/#organization"},"image":{"@id":"https:\/\/www.webdo.tn\/fr\/actualite\/national\/tunisie-details-sur-les-tarifs-preferentiels-au-profit-du-tourisme-interieur\/218567\/#primaryimage"},"thumbnailUrl":"https:\/\/www.webdo.tn\/fr\/wp-content\/uploads\/2025\/05\/26ab0482fb302a43f7d2325015722ec1-2.webp","keywords":["int\u00e9rieur","tarifs","Tourisme","touristes","Tunisie"],"articleSection":["National"],"inLanguage":"fr-FR"},{"@type":"WebPage","@id":"https:\/\/www.webdo.tn\/fr\/actualite\/national\/tunisie-details-sur-les-tarifs-preferentiels-au-profit-du-tourisme-interieur\/218567\/","url":"https:\/\/www.webdo.tn\/fr\/actualite\/national\/tunisie-details-sur-les-tarifs-preferentiels-au-profit-du-tourisme-interieur\/218567\/","name":"Tunisie : D\u00e9tails sur les tarifs pr\u00e9f\u00e9rentiels au profit du tourisme int\u00e9rieur","isPartOf":{"@id":"https:\/\/www.webdo.tn\/fr\/#website"},"primaryImageOfPage":{"@id":"https:\/\/www.webdo.tn\/fr\/actualite\/national\/tunisie-details-sur-les-tarifs-preferentiels-au-profit-du-tourisme-interieur\/218567\/#primaryimage"},"image":{"@id":"https:\/\/www.webdo.tn\/fr\/actualite\/national\/tunisie-details-sur-les-tarifs-preferentiels-au-profit-du-tourisme-interieur\/218567\/#primaryimage"},"thumbnailUrl":"https:\/\/www.webdo.tn\/fr\/wp-content\/uploads\/2025\/05\/26ab0482fb302a43f7d2325015722ec1-2.webp","datePublished":"2024-12-24T14:30:00+00:00","dateModified":"2025-05-20T22:20:56+00:00","description":"Dans une d\u00e9claration faite aujourd'hui, mardi 24 d\u00e9cembre 2024, sur les ondes de la Radio Nationale, le pr\u00e9sident de la F\u00e9d\u00e9ration Tunisienne des Agences de Voy...","breadcrumb":{"@id":"https:\/\/www.webdo.tn\/fr\/actualite\/national\/tunisie-details-sur-les-tarifs-preferentiels-au-profit-du-tourisme-interieur\/218567\/#breadcrumb"},"inLanguage":"fr-FR","potentialAction":[{"@type":"ReadAction","target":["https:\/\/www.webdo.tn\/fr\/actualite\/national\/tunisie-details-sur-les-tarifs-preferentiels-au-profit-du-tourisme-interieur\/218567\/"]}]},{"@type":"ImageObject","inLanguage":"fr-FR","@id":"https:\/\/www.webdo.tn\/fr\/actualite\/national\/tunisie-details-sur-les-tarifs-preferentiels-au-profit-du-tourisme-interieur\/218567\/#primaryimage","url":"https:\/\/www.webdo.tn\/fr\/wp-content\/uploads\/2025\/05\/26ab0482fb302a43f7d2325015722ec1-2.webp","contentUrl":"https:\/\/www.webdo.tn\/fr\/wp-content\/uploads\/2025\/05\/26ab0482fb302a43f7d2325015722ec1-2.webp","width":750,"height":400},{"@type":"BreadcrumbList","@id":"https:\/\/www.webdo.tn\/fr\/actualite\/national\/tunisie-details-sur-les-tarifs-preferentiels-au-profit-du-tourisme-interieur\/218567\/#breadcrumb","itemListElement":[{"@type":"ListItem","position":1,"name":"Accueil","item":"https:\/\/www.webdo.tn\/fr\/"},{"@type":"ListItem","position":2,"name":"Tunisie : D\u00e9tails sur les tarifs pr\u00e9f\u00e9rentiels au profit du tourisme int\u00e9rieur"}]},{"@type":"WebSite","@id":"https:\/\/www.webdo.tn\/fr\/#website","url":"https:\/\/www.webdo.tn\/fr\/","name":"webdo","description":"Tunisie - News en Tunisie et \u00e0 l&#039;international sur Webdo.tn","publisher":{"@id":"https:\/\/www.webdo.tn\/fr\/#organization"},"potentialAction":[{"@type":"SearchAction","target":{"@type":"EntryPoint","urlTemplate":"https:\/\/www.webdo.tn\/fr\/?s={search_term_string}"},"query-input":{"@type":"PropertyValueSpecification","valueRequired":true,"valueName":"search_term_string"}}],"inLanguage":"fr-FR"},{"@type":"Organization","@id":"https:\/\/www.webdo.tn\/fr\/#organization","name":"Webdo","alternateName":"Webdo.tn","url":"https:\/\/www.webdo.tn\/fr\/","logo":{"@type":"ImageObject","inLanguage":"fr-FR","@id":"https:\/\/www.webdo.tn\/fr\/#\/schema\/logo\/image\/","url":"https:\/\/www.webdo.tn\/fr\/wp-content\/uploads\/2025\/06\/Webdo-Tunisie_168377.jpg","contentUrl":"https:\/\/www.webdo.tn\/fr\/wp-content\/uploads\/2025\/06\/Webdo-Tunisie_168377.jpg","width":301,"height":301,"caption":"Webdo"},"image":{"@id":"https:\/\/www.webdo.tn\/fr\/#\/schema\/logo\/image\/"},"sameAs":["https:\/\/www.facebook.com\/webdotn","https:\/\/x.com\/webdo_tn"],"description":"Webdo est un m\u00e9dia num\u00e9rique tunisien fond\u00e9 en 2010, sp\u00e9cialis\u00e9 dans l\u2019actualit\u00e9 nationale et internationale, l\u2019\u00e9conomie, la soci\u00e9t\u00e9 et les analyses politiques. Le site s\u2019adresse \u00e0 un large public francophone et couvre l\u2019information tunisienne en temps r\u00e9el.","email":"redac@webdo.tn","legalName":"YNJ SARL","foundingDate":"2010-09-06","numberOfEmployees":{"@type":"QuantitativeValue","minValue":"11","maxValue":"50"}},{"@type":"Person","@id":"https:\/\/www.webdo.tn\/fr\/#\/schema\/person\/82ca085b22037d285e1a3c4b65ba5f71","name":"KJ","image":{"@type":"ImageObject","inLanguage":"fr-FR","@id":"https:\/\/secure.gravatar.com\/avatar\/1a1320de1c1971c893f00068f760b4113d69504aa21273da17ee95650c5944fd?s=96&d=mm&r=g","url":"https:\/\/secure.gravatar.com\/avatar\/1a1320de1c1971c893f00068f760b4113d69504aa21273da17ee95650c5944fd?s=96&d=mm&r=g","contentUrl":"https:\/\/secure.gravatar.com\/avatar\/1a1320de1c1971c893f00068f760b4113d69504aa21273da17ee95650c5944fd?s=96&d=mm&r=g","caption":"KJ"},"url":"https:\/\/www.webdo.tn\/fr\/actualite\/author\/kj\/"}]}},"_links":{"self":[{"href":"https:\/\/www.webdo.tn\/fr\/wp-json\/wp\/v2\/posts\/218567","targetHints":{"allow":["GET"]}}],"collection":[{"href":"https:\/\/www.webdo.tn\/fr\/wp-json\/wp\/v2\/posts"}],"about":[{"href":"https:\/\/www.webdo.tn\/fr\/wp-json\/wp\/v2\/types\/post"}],"author":[{"embeddable":true,"href":"https:\/\/www.webdo.tn\/fr\/wp-json\/wp\/v2\/users\/3163"}],"replies":[{"embeddable":true,"href":"https:\/\/www.webdo.tn\/fr\/wp-json\/wp\/v2\/comments?post=218567"}],"version-history":[{"count":0,"href":"https:\/\/www.webdo.tn\/fr\/wp-json\/wp\/v2\/posts\/218567\/revisions"}],"wp:featuredmedia":[{"embeddable":true,"href":"https:\/\/www.webdo.tn\/fr\/wp-json\/wp\/v2\/media\/243258"}],"wp:attachment":[{"href":"https:\/\/www.webdo.tn\/fr\/wp-json\/wp\/v2\/media?parent=218567"}],"wp:term":[{"taxonomy":"category","embeddable":true,"href":"https:\/\/www.webdo.tn\/fr\/wp-json\/wp\/v2\/categories?post=218567"},{"taxonomy":"post_tag","embeddable":true,"href":"https:\/\/www.webdo.tn\/fr\/wp-json\/wp\/v2\/tags?post=218567"}],"curies":[{"name":"wp","href":"https:\/\/api.w.org\/{rel}","templated":true}]}}