{"id":218561,"date":"2024-12-24T12:04:00","date_gmt":"2024-12-24T12:04:00","guid":{"rendered":"https:\/\/www.webdo.tn\/fr\/blog\/2024\/12\/24\/tunisie-japon-quand-les-calendriers-traditionnels-se-conjuguent\/"},"modified":"2025-05-17T20:16:37","modified_gmt":"2025-05-17T20:16:37","slug":"tunisie-japon-quand-les-calendriers-traditionnels-se-conjuguent","status":"publish","type":"post","link":"https:\/\/www.webdo.tn\/fr\/actualite\/chroniques\/tunisie-japon-quand-les-calendriers-traditionnels-se-conjuguent\/218561\/","title":{"rendered":"Tunisie &#8211; Japon : Quand les calendriers traditionnels se conjuguent"},"content":{"rendered":"<p>Le cycle des Nuits blanches marque l&rsquo;hiver agraire et ne fait que commencer. Entre \u00ab\u00a0Sh\u00f4kan\u00a0\u00bb, \u00ab\u00a0T\u00f4ji\u00a0\u00bb et \u00ab\u00a0Nuits pluvieuses\u00a0\u00bb, la proximit\u00e9 des calendriers traditionnels tunisien et japonais est remarquable.<\/p>\n<p>\t\t\t\t\t\t\t\t\tDans le calendrier traditionnel des saisons au Japon, il existe 24 divisions principales qui vont du \u00abRisshun \u00bb, le d\u00e9but du printemps, au \u00ab Daikan \u00bb, la p\u00e9riode de Grand froid.<\/p>\n<p>Ces vingt-quatre s\u00e9quences saisonni\u00e8res que les Japonais nomment des \u00ab Sekki \u00bb sont elles-m\u00eames divis\u00e9es en 72 micro-saisons, les \u00ab k\u00f4 \u00bb qui durent en moyenne cinq jours. Ce sont ces 72 \u00ab ko \u00bb qui nous invitent \u00e0 un voyage \u00e0 travers l\u2019ann\u00e9e japonaise, au plus pr\u00e8s des rythmes de la terre, de la mont\u00e9e de la s\u00e8ve et des temps cycliques.<\/p>\n<p>Ce qui est formidable, c\u2019est la proximit\u00e9 de ces saisons japonaises de notre calendrier agraire tunisien. En effet, le calendrier que nous nommons \u00ab ajmi \u00bb se d\u00e9ploie au plus pr\u00e8s de la nature et des travaux agricoles. Ce calendrier combine de nombreuses micro-saisons qui composent l\u2019ann\u00e9e et la parent de nombreuses m\u00e9taphores po\u00e9tiques.<\/p>\n<p>Par exemple, l\u2019hiver traditionnel tunisien se subdivise en plusieurs s\u00e9quences. La premi\u00e8re de ces s\u00e9quences porte le nom des Nuits blanches. Elle se poursuit du 25 d\u00e9cembre au 13 janvier et nous y sommes en plein.<\/p>\n<p>En fait, selon notre calendrier traditionnel, l\u2019hiver fait son entr\u00e9e le 29 novembre et se poursuit jusqu\u2019au 28 f\u00e9vrier, date de l\u2019av\u00e8nement du printemps. Apr\u00e8s les Nuits blanches, nous vivrons du 14 janvier au 2 f\u00e9vrier le cycle des Nuits noires. Ces nuits pluvieuses sont une \u00e9tape importante dans l\u2019\u00e9veil de la nature apr\u00e8s le gel des nuits ant\u00e9rieures.<\/p>\n<p>Au cours de ces nuits au c\u0153ur de l\u2019hiver, les travaux agricoles reprennent peu \u00e0 peu, dans l\u2019attente du printemps. Mais avant cela, il faudra passer par les deux p\u00e9riodes les plus froides de l\u2019ann\u00e9e. Ce sont d\u2019abord El Azara qui durent une dizaine de jours du 3 au 13 f\u00e9vrier. Puis arrive Guerret el Anz (le grand froid) qui se d\u00e9clinera du 14 au 21 f\u00e9vrier. Ce n\u2019est qu\u2019\u00e0 partir de cette date que se fera la descente des Trois braises.<\/p>\n<p>Ces braises sont m\u00e9taphoriques et concernent le r\u00e9chauffement cons\u00e9cutif de la terre, de l\u2019air et de l\u2019eau. C\u2019est alors que commence le printemps !<\/p>\n<p>Dans le calendrier japonais, les diff\u00e9rentes s\u00e9quences ob\u00e9issent bien entendu au climat local qui peut beaucoup varier du nord au sud de l\u2019archipel nippon. Selon la tradition, c\u2019est un astronome de la cour qui a th\u00e9oris\u00e9 ces cycles saisonniers en 72 micro-s\u00e9quences.<\/p>\n<p>Pour nous familiariser avec ce calendrier, nous allons essayer d\u2019en d\u00e9couvrir les temps successifs et faire connaissance avec le \u00ab Ritto \u00bb qui correspond au d\u00e9but de l\u2019hiver japonais.<\/p>\n<p>Le \u00ab Ritto \u00bb commence au d\u00e9but du mois de novembre lorsque les cam\u00e9lias et les jonquilles fleurissent et que les terres commencent \u00e0 geler. Arrive alors le \u00ab sh\u00f4setsu \u00bb, ce temps de la petite neige lorsque les arcs-en-ciel se cachent alors que le vent du nord emporte les feuilles des arbres et que les feuilles des mandariniers fleurissent.<\/p>\n<p>C\u2019est alors, au d\u00e9but du mois de d\u00e9cembre, l\u2019arriv\u00e9e de la Grande neige que les Japonais nomment \u00ab Taisetsu \u00bb. A cette \u00e9poque de l\u2019ann\u00e9e, le froid arrive et l\u2019hiver v\u00e9ritable commence. La nature s\u2019engourdit alors que les ours entrent en hibernation et les saumons se regroupent en bancs compacts.<\/p>\n<p>Le \u00ab T\u00f4ji \u00bb fait alors son av\u00e8nement. Il s\u2019agit du solstice d\u2019hiver qui va se d\u00e9ployer du 22 d\u00e9cembre jusqu\u2019au 4 janvier. Durant cette p\u00e9riode, les brunelles poussent, le cerf perd ses bois et le bl\u00e9 commence \u00e0 pousser sous la neige. Le \u00ab Sh\u00f4kan \u00bb peut enfin commencer. C\u2019est le Petit froid qui pr\u00e9c\u00e8de le \u00ab Daikan \u00bb, ce Grand froid qui ira jusqu\u2019au 3 f\u00e9vrier.<\/p>\n<p>Lors du Petit froid, le persil fleurit, les sources se d\u00e9g\u00e8lent et les faisans se remettent \u00e0 chanter. Ensuite, le Grand froid verra les p\u00e9tasites bourgeonner, la glace s\u2019\u00e9paissir sur l\u2019eau et les poules commencer \u00e0 pondre leurs \u0153ufs. C\u2019est la fin de l\u2019hiver et bient\u00f4t le printemps arrivera.<\/p>\n<p>Plein de po\u00e9sie et d\u2019observations de la nature, ce calendrier japonais r\u00e9pond \u00e0 celui qui rythme la vie de nos campagnes ainsi que les travaux et les jours. C\u2019est le m\u00eame esprit agraire qui pr\u00e9side aux deux calendriers et on pourrait quasiment les croiser pour traquer les nombreuses occurrences.<\/p>\n","protected":false},"excerpt":{"rendered":"<p>Dans le calendrier traditionnel des saisons au Japon, il existe 24 divisions principales qui vont du \u00abRisshun \u00bb, le d\u00e9but du printemps, au \u00ab Daikan \u00bb, la p\u00e9riod&#8230;<\/p>\n","protected":false},"author":3229,"featured_media":243246,"comment_status":"open","ping_status":"open","sticky":false,"template":"","format":"standard","meta":{"footnotes":""},"categories":[2596],"tags":[4507,4419,2961,2608],"class_list":["post-218561","post","type-post","status-publish","format-standard","has-post-thumbnail","hentry","category-chroniques","tag-calendrier","tag-hiver","tag-japon","tag-tunisie"],"yoast_head":"<!-- This site is optimized with the Yoast SEO Premium plugin v27.4 (Yoast SEO v27.5) - https:\/\/yoast.com\/product\/yoast-seo-premium-wordpress\/ -->\n<title>Tunisie - Japon : Quand les calendriers traditionnels se conjuguent<\/title>\n<meta name=\"description\" content=\"Dans le calendrier traditionnel des saisons au Japon, il existe 24 divisions principales qui vont du \u00abRisshun \u00bb, le d\u00e9but du printemps, au \u00ab Daikan \u00bb, la p\u00e9riod...\" \/>\n<link rel=\"canonical\" href=\"https:\/\/www.webdo.tn\/fr\/actualite\/chroniques\/tunisie-japon-quand-les-calendriers-traditionnels-se-conjuguent\/218561\/\" \/>\n<meta property=\"og:locale\" content=\"fr_FR\" \/>\n<meta property=\"og:type\" content=\"article\" \/>\n<meta property=\"og:title\" content=\"Tunisie - Japon : Quand les calendriers traditionnels se conjuguent\" \/>\n<meta property=\"og:description\" content=\"Dans le calendrier traditionnel des saisons au Japon, il existe 24 divisions principales qui vont du \u00abRisshun \u00bb, le d\u00e9but du printemps, au \u00ab Daikan \u00bb, la p\u00e9riod...\" \/>\n<meta property=\"og:url\" content=\"https:\/\/www.webdo.tn\/fr\/actualite\/chroniques\/tunisie-japon-quand-les-calendriers-traditionnels-se-conjuguent\/218561\/\" \/>\n<meta property=\"og:site_name\" content=\"webdo\" \/>\n<meta property=\"article:publisher\" content=\"https:\/\/www.facebook.com\/webdotn\" \/>\n<meta property=\"article:author\" content=\"https:\/\/www.facebook.com\/hatem.bourial.2025\" \/>\n<meta property=\"article:published_time\" content=\"2024-12-24T12:04:00+00:00\" \/>\n<meta property=\"article:modified_time\" content=\"2025-05-17T20:16:37+00:00\" \/>\n<meta property=\"og:image\" content=\"https:\/\/www.webdo.tn\/fr\/wp-content\/uploads\/2025\/05\/2639ae8876bf2e699a2e6cca776f5c36-2.webp\" \/>\n\t<meta property=\"og:image:width\" content=\"720\" \/>\n\t<meta property=\"og:image:height\" content=\"384\" \/>\n\t<meta property=\"og:image:type\" content=\"image\/webp\" \/>\n<meta name=\"author\" content=\"Hatem Bourial\" \/>\n<meta name=\"twitter:card\" content=\"summary_large_image\" \/>\n<meta name=\"twitter:creator\" content=\"@webdo_tn\" \/>\n<meta name=\"twitter:site\" content=\"@webdo_tn\" \/>\n<meta name=\"twitter:label1\" content=\"\u00c9crit par\" \/>\n\t<meta name=\"twitter:data1\" content=\"Hatem Bourial\" \/>\n\t<meta name=\"twitter:label2\" content=\"Dur\u00e9e de lecture estim\u00e9e\" \/>\n\t<meta name=\"twitter:data2\" content=\"4 minutes\" \/>\n<script type=\"application\/ld+json\" class=\"yoast-schema-graph\">{\"@context\":\"https:\\\/\\\/schema.org\",\"@graph\":[{\"@type\":\"NewsArticle\",\"@id\":\"https:\\\/\\\/www.webdo.tn\\\/fr\\\/actualite\\\/chroniques\\\/tunisie-japon-quand-les-calendriers-traditionnels-se-conjuguent\\\/218561\\\/#article\",\"isPartOf\":{\"@id\":\"https:\\\/\\\/www.webdo.tn\\\/fr\\\/actualite\\\/chroniques\\\/tunisie-japon-quand-les-calendriers-traditionnels-se-conjuguent\\\/218561\\\/\"},\"author\":{\"name\":\"Hatem Bourial\",\"@id\":\"https:\\\/\\\/www.webdo.tn\\\/fr\\\/#\\\/schema\\\/person\\\/6bc0beba2cd23aec27cb5df85ca2554f\"},\"headline\":\"Tunisie &#8211; Japon : Quand les calendriers traditionnels se conjuguent\",\"datePublished\":\"2024-12-24T12:04:00+00:00\",\"dateModified\":\"2025-05-17T20:16:37+00:00\",\"mainEntityOfPage\":{\"@id\":\"https:\\\/\\\/www.webdo.tn\\\/fr\\\/actualite\\\/chroniques\\\/tunisie-japon-quand-les-calendriers-traditionnels-se-conjuguent\\\/218561\\\/\"},\"wordCount\":789,\"commentCount\":0,\"publisher\":{\"@id\":\"https:\\\/\\\/www.webdo.tn\\\/fr\\\/#organization\"},\"image\":{\"@id\":\"https:\\\/\\\/www.webdo.tn\\\/fr\\\/actualite\\\/chroniques\\\/tunisie-japon-quand-les-calendriers-traditionnels-se-conjuguent\\\/218561\\\/#primaryimage\"},\"thumbnailUrl\":\"https:\\\/\\\/www.webdo.tn\\\/fr\\\/wp-content\\\/uploads\\\/2025\\\/05\\\/2639ae8876bf2e699a2e6cca776f5c36-2.webp\",\"keywords\":[\"calendrier\",\"hiver\",\"Japon\",\"Tunisie\"],\"articleSection\":[\"Chroniques\"],\"inLanguage\":\"fr-FR\"},{\"@type\":\"WebPage\",\"@id\":\"https:\\\/\\\/www.webdo.tn\\\/fr\\\/actualite\\\/chroniques\\\/tunisie-japon-quand-les-calendriers-traditionnels-se-conjuguent\\\/218561\\\/\",\"url\":\"https:\\\/\\\/www.webdo.tn\\\/fr\\\/actualite\\\/chroniques\\\/tunisie-japon-quand-les-calendriers-traditionnels-se-conjuguent\\\/218561\\\/\",\"name\":\"Tunisie - Japon : Quand les calendriers traditionnels se conjuguent\",\"isPartOf\":{\"@id\":\"https:\\\/\\\/www.webdo.tn\\\/fr\\\/#website\"},\"primaryImageOfPage\":{\"@id\":\"https:\\\/\\\/www.webdo.tn\\\/fr\\\/actualite\\\/chroniques\\\/tunisie-japon-quand-les-calendriers-traditionnels-se-conjuguent\\\/218561\\\/#primaryimage\"},\"image\":{\"@id\":\"https:\\\/\\\/www.webdo.tn\\\/fr\\\/actualite\\\/chroniques\\\/tunisie-japon-quand-les-calendriers-traditionnels-se-conjuguent\\\/218561\\\/#primaryimage\"},\"thumbnailUrl\":\"https:\\\/\\\/www.webdo.tn\\\/fr\\\/wp-content\\\/uploads\\\/2025\\\/05\\\/2639ae8876bf2e699a2e6cca776f5c36-2.webp\",\"datePublished\":\"2024-12-24T12:04:00+00:00\",\"dateModified\":\"2025-05-17T20:16:37+00:00\",\"description\":\"Dans le calendrier traditionnel des saisons au Japon, il existe 24 divisions principales qui vont du \u00abRisshun \u00bb, le d\u00e9but du printemps, au \u00ab Daikan \u00bb, la p\u00e9riod...\",\"breadcrumb\":{\"@id\":\"https:\\\/\\\/www.webdo.tn\\\/fr\\\/actualite\\\/chroniques\\\/tunisie-japon-quand-les-calendriers-traditionnels-se-conjuguent\\\/218561\\\/#breadcrumb\"},\"inLanguage\":\"fr-FR\",\"potentialAction\":[{\"@type\":\"ReadAction\",\"target\":[\"https:\\\/\\\/www.webdo.tn\\\/fr\\\/actualite\\\/chroniques\\\/tunisie-japon-quand-les-calendriers-traditionnels-se-conjuguent\\\/218561\\\/\"]}]},{\"@type\":\"ImageObject\",\"inLanguage\":\"fr-FR\",\"@id\":\"https:\\\/\\\/www.webdo.tn\\\/fr\\\/actualite\\\/chroniques\\\/tunisie-japon-quand-les-calendriers-traditionnels-se-conjuguent\\\/218561\\\/#primaryimage\",\"url\":\"https:\\\/\\\/www.webdo.tn\\\/fr\\\/wp-content\\\/uploads\\\/2025\\\/05\\\/2639ae8876bf2e699a2e6cca776f5c36-2.webp\",\"contentUrl\":\"https:\\\/\\\/www.webdo.tn\\\/fr\\\/wp-content\\\/uploads\\\/2025\\\/05\\\/2639ae8876bf2e699a2e6cca776f5c36-2.webp\",\"width\":720,\"height\":384},{\"@type\":\"BreadcrumbList\",\"@id\":\"https:\\\/\\\/www.webdo.tn\\\/fr\\\/actualite\\\/chroniques\\\/tunisie-japon-quand-les-calendriers-traditionnels-se-conjuguent\\\/218561\\\/#breadcrumb\",\"itemListElement\":[{\"@type\":\"ListItem\",\"position\":1,\"name\":\"Accueil\",\"item\":\"https:\\\/\\\/www.webdo.tn\\\/fr\\\/\"},{\"@type\":\"ListItem\",\"position\":2,\"name\":\"Tunisie &#8211; Japon : Quand les calendriers traditionnels se conjuguent\"}]},{\"@type\":\"WebSite\",\"@id\":\"https:\\\/\\\/www.webdo.tn\\\/fr\\\/#website\",\"url\":\"https:\\\/\\\/www.webdo.tn\\\/fr\\\/\",\"name\":\"webdo\",\"description\":\"Tunisie - News en Tunisie et \u00e0 l&#039;international sur Webdo.tn\",\"publisher\":{\"@id\":\"https:\\\/\\\/www.webdo.tn\\\/fr\\\/#organization\"},\"potentialAction\":[{\"@type\":\"SearchAction\",\"target\":{\"@type\":\"EntryPoint\",\"urlTemplate\":\"https:\\\/\\\/www.webdo.tn\\\/fr\\\/?s={search_term_string}\"},\"query-input\":{\"@type\":\"PropertyValueSpecification\",\"valueRequired\":true,\"valueName\":\"search_term_string\"}}],\"inLanguage\":\"fr-FR\"},{\"@type\":\"Organization\",\"@id\":\"https:\\\/\\\/www.webdo.tn\\\/fr\\\/#organization\",\"name\":\"Webdo\",\"alternateName\":\"Webdo.tn\",\"url\":\"https:\\\/\\\/www.webdo.tn\\\/fr\\\/\",\"logo\":{\"@type\":\"ImageObject\",\"inLanguage\":\"fr-FR\",\"@id\":\"https:\\\/\\\/www.webdo.tn\\\/fr\\\/#\\\/schema\\\/logo\\\/image\\\/\",\"url\":\"https:\\\/\\\/www.webdo.tn\\\/fr\\\/wp-content\\\/uploads\\\/2025\\\/06\\\/Webdo-Tunisie_168377.jpg\",\"contentUrl\":\"https:\\\/\\\/www.webdo.tn\\\/fr\\\/wp-content\\\/uploads\\\/2025\\\/06\\\/Webdo-Tunisie_168377.jpg\",\"width\":301,\"height\":301,\"caption\":\"Webdo\"},\"image\":{\"@id\":\"https:\\\/\\\/www.webdo.tn\\\/fr\\\/#\\\/schema\\\/logo\\\/image\\\/\"},\"sameAs\":[\"https:\\\/\\\/www.facebook.com\\\/webdotn\",\"https:\\\/\\\/x.com\\\/webdo_tn\"],\"description\":\"Webdo est un m\u00e9dia num\u00e9rique tunisien fond\u00e9 en 2010, sp\u00e9cialis\u00e9 dans l\u2019actualit\u00e9 nationale et internationale, l\u2019\u00e9conomie, la soci\u00e9t\u00e9 et les analyses politiques. Le site s\u2019adresse \u00e0 un large public francophone et couvre l\u2019information tunisienne en temps r\u00e9el.\",\"email\":\"redac@webdo.tn\",\"legalName\":\"YNJ SARL\",\"foundingDate\":\"2010-09-06\",\"numberOfEmployees\":{\"@type\":\"QuantitativeValue\",\"minValue\":\"11\",\"maxValue\":\"50\"}},{\"@type\":\"Person\",\"@id\":\"https:\\\/\\\/www.webdo.tn\\\/fr\\\/#\\\/schema\\\/person\\\/6bc0beba2cd23aec27cb5df85ca2554f\",\"name\":\"Hatem Bourial\",\"image\":{\"@type\":\"ImageObject\",\"inLanguage\":\"fr-FR\",\"@id\":\"https:\\\/\\\/www.webdo.tn\\\/fr\\\/wp-content\\\/uploads\\\/2026\\\/04\\\/hatem-bourial_avatar-96x96.jpg\",\"url\":\"https:\\\/\\\/www.webdo.tn\\\/fr\\\/wp-content\\\/uploads\\\/2026\\\/04\\\/hatem-bourial_avatar-96x96.jpg\",\"contentUrl\":\"https:\\\/\\\/www.webdo.tn\\\/fr\\\/wp-content\\\/uploads\\\/2026\\\/04\\\/hatem-bourial_avatar-96x96.jpg\",\"caption\":\"Hatem Bourial\"},\"description\":\"Hatem Bourial est journaliste, \u00e9crivain et chroniqueur tunisien. Actif depuis plusieurs d\u00e9cennies, il s\u2019est impos\u00e9 comme un observateur attentif de la soci\u00e9t\u00e9 tunisienne, m\u00ealant dans ses \u00e9crits m\u00e9moire, culture et analyse du quotidien. Auteur de nombreux ouvrages, il d\u00e9veloppe une \u0153uvre \u00e0 la crois\u00e9e du r\u00e9cit, de la po\u00e9sie et de l\u2019observation sociologique. Parall\u00e8lement \u00e0 ses contributions dans la presse, il intervient r\u00e9guli\u00e8rement \u00e0 la radio et dans des espaces culturels, o\u00f9 il explore les enjeux li\u00e9s au patrimoine, \u00e0 l\u2019identit\u00e9 et aux transformations du monde contemporain. \u00c0 travers ses chroniques, Hatem Bourial propose une lecture sensible et approfondie de l\u2019actualit\u00e9, nourrie par une exp\u00e9rience journalistique et litt\u00e9raire reconnue. \ud83d\udd17 Facebook : https:\\\/\\\/www.facebook.com\\\/hatem.bourial.2025\",\"sameAs\":[\"https:\\\/\\\/www.facebook.com\\\/hatem.bourial.2025\",\"https:\\\/\\\/fr.wikipedia.org\\\/wiki\\\/Fichier:Hatem_Bourial.jpg\"],\"knowsAbout\":[\"Culture & patrimoine tunisien\",\"Chronique soci\u00e9tale\",\"Litt\u00e9rature & m\u00e9moire\",\"Cin\u00e9ma & critique culturelle\",\"Identit\u00e9 & mutations sociales\"],\"knowsLanguage\":[\"Arabe\",\"Fran\u00e7ais\",\"Anglais\",\"Italien\",\"Polonais\"],\"jobTitle\":\"Journaliste, \u00e9crivain et chroniqueur culturel\",\"worksFor\":\"Webdo\",\"url\":\"https:\\\/\\\/www.webdo.tn\\\/fr\\\/actualite\\\/author\\\/hatem-bourial-2\\\/\"}]}<\/script>\n<!-- \/ Yoast SEO Premium plugin. -->","yoast_head_json":{"title":"Tunisie - Japon : Quand les calendriers traditionnels se conjuguent","description":"Dans le calendrier traditionnel des saisons au Japon, il existe 24 divisions principales qui vont du \u00abRisshun \u00bb, le d\u00e9but du printemps, au \u00ab Daikan \u00bb, la p\u00e9riod...","canonical":"https:\/\/www.webdo.tn\/fr\/actualite\/chroniques\/tunisie-japon-quand-les-calendriers-traditionnels-se-conjuguent\/218561\/","og_locale":"fr_FR","og_type":"article","og_title":"Tunisie - Japon : Quand les calendriers traditionnels se conjuguent","og_description":"Dans le calendrier traditionnel des saisons au Japon, il existe 24 divisions principales qui vont du \u00abRisshun \u00bb, le d\u00e9but du printemps, au \u00ab Daikan \u00bb, la p\u00e9riod...","og_url":"https:\/\/www.webdo.tn\/fr\/actualite\/chroniques\/tunisie-japon-quand-les-calendriers-traditionnels-se-conjuguent\/218561\/","og_site_name":"webdo","article_publisher":"https:\/\/www.facebook.com\/webdotn","article_author":"https:\/\/www.facebook.com\/hatem.bourial.2025","article_published_time":"2024-12-24T12:04:00+00:00","article_modified_time":"2025-05-17T20:16:37+00:00","og_image":[{"width":720,"height":384,"url":"https:\/\/www.webdo.tn\/fr\/wp-content\/uploads\/2025\/05\/2639ae8876bf2e699a2e6cca776f5c36-2.webp","type":"image\/webp"}],"author":"Hatem Bourial","twitter_card":"summary_large_image","twitter_creator":"@webdo_tn","twitter_site":"@webdo_tn","twitter_misc":{"\u00c9crit par":"Hatem Bourial","Dur\u00e9e de lecture estim\u00e9e":"4 minutes"},"schema":{"@context":"https:\/\/schema.org","@graph":[{"@type":"NewsArticle","@id":"https:\/\/www.webdo.tn\/fr\/actualite\/chroniques\/tunisie-japon-quand-les-calendriers-traditionnels-se-conjuguent\/218561\/#article","isPartOf":{"@id":"https:\/\/www.webdo.tn\/fr\/actualite\/chroniques\/tunisie-japon-quand-les-calendriers-traditionnels-se-conjuguent\/218561\/"},"author":{"name":"Hatem Bourial","@id":"https:\/\/www.webdo.tn\/fr\/#\/schema\/person\/6bc0beba2cd23aec27cb5df85ca2554f"},"headline":"Tunisie &#8211; Japon : Quand les calendriers traditionnels se conjuguent","datePublished":"2024-12-24T12:04:00+00:00","dateModified":"2025-05-17T20:16:37+00:00","mainEntityOfPage":{"@id":"https:\/\/www.webdo.tn\/fr\/actualite\/chroniques\/tunisie-japon-quand-les-calendriers-traditionnels-se-conjuguent\/218561\/"},"wordCount":789,"commentCount":0,"publisher":{"@id":"https:\/\/www.webdo.tn\/fr\/#organization"},"image":{"@id":"https:\/\/www.webdo.tn\/fr\/actualite\/chroniques\/tunisie-japon-quand-les-calendriers-traditionnels-se-conjuguent\/218561\/#primaryimage"},"thumbnailUrl":"https:\/\/www.webdo.tn\/fr\/wp-content\/uploads\/2025\/05\/2639ae8876bf2e699a2e6cca776f5c36-2.webp","keywords":["calendrier","hiver","Japon","Tunisie"],"articleSection":["Chroniques"],"inLanguage":"fr-FR"},{"@type":"WebPage","@id":"https:\/\/www.webdo.tn\/fr\/actualite\/chroniques\/tunisie-japon-quand-les-calendriers-traditionnels-se-conjuguent\/218561\/","url":"https:\/\/www.webdo.tn\/fr\/actualite\/chroniques\/tunisie-japon-quand-les-calendriers-traditionnels-se-conjuguent\/218561\/","name":"Tunisie - Japon : Quand les calendriers traditionnels se conjuguent","isPartOf":{"@id":"https:\/\/www.webdo.tn\/fr\/#website"},"primaryImageOfPage":{"@id":"https:\/\/www.webdo.tn\/fr\/actualite\/chroniques\/tunisie-japon-quand-les-calendriers-traditionnels-se-conjuguent\/218561\/#primaryimage"},"image":{"@id":"https:\/\/www.webdo.tn\/fr\/actualite\/chroniques\/tunisie-japon-quand-les-calendriers-traditionnels-se-conjuguent\/218561\/#primaryimage"},"thumbnailUrl":"https:\/\/www.webdo.tn\/fr\/wp-content\/uploads\/2025\/05\/2639ae8876bf2e699a2e6cca776f5c36-2.webp","datePublished":"2024-12-24T12:04:00+00:00","dateModified":"2025-05-17T20:16:37+00:00","description":"Dans le calendrier traditionnel des saisons au Japon, il existe 24 divisions principales qui vont du \u00abRisshun \u00bb, le d\u00e9but du printemps, au \u00ab Daikan \u00bb, la p\u00e9riod...","breadcrumb":{"@id":"https:\/\/www.webdo.tn\/fr\/actualite\/chroniques\/tunisie-japon-quand-les-calendriers-traditionnels-se-conjuguent\/218561\/#breadcrumb"},"inLanguage":"fr-FR","potentialAction":[{"@type":"ReadAction","target":["https:\/\/www.webdo.tn\/fr\/actualite\/chroniques\/tunisie-japon-quand-les-calendriers-traditionnels-se-conjuguent\/218561\/"]}]},{"@type":"ImageObject","inLanguage":"fr-FR","@id":"https:\/\/www.webdo.tn\/fr\/actualite\/chroniques\/tunisie-japon-quand-les-calendriers-traditionnels-se-conjuguent\/218561\/#primaryimage","url":"https:\/\/www.webdo.tn\/fr\/wp-content\/uploads\/2025\/05\/2639ae8876bf2e699a2e6cca776f5c36-2.webp","contentUrl":"https:\/\/www.webdo.tn\/fr\/wp-content\/uploads\/2025\/05\/2639ae8876bf2e699a2e6cca776f5c36-2.webp","width":720,"height":384},{"@type":"BreadcrumbList","@id":"https:\/\/www.webdo.tn\/fr\/actualite\/chroniques\/tunisie-japon-quand-les-calendriers-traditionnels-se-conjuguent\/218561\/#breadcrumb","itemListElement":[{"@type":"ListItem","position":1,"name":"Accueil","item":"https:\/\/www.webdo.tn\/fr\/"},{"@type":"ListItem","position":2,"name":"Tunisie &#8211; Japon : Quand les calendriers traditionnels se conjuguent"}]},{"@type":"WebSite","@id":"https:\/\/www.webdo.tn\/fr\/#website","url":"https:\/\/www.webdo.tn\/fr\/","name":"webdo","description":"Tunisie - News en Tunisie et \u00e0 l&#039;international sur Webdo.tn","publisher":{"@id":"https:\/\/www.webdo.tn\/fr\/#organization"},"potentialAction":[{"@type":"SearchAction","target":{"@type":"EntryPoint","urlTemplate":"https:\/\/www.webdo.tn\/fr\/?s={search_term_string}"},"query-input":{"@type":"PropertyValueSpecification","valueRequired":true,"valueName":"search_term_string"}}],"inLanguage":"fr-FR"},{"@type":"Organization","@id":"https:\/\/www.webdo.tn\/fr\/#organization","name":"Webdo","alternateName":"Webdo.tn","url":"https:\/\/www.webdo.tn\/fr\/","logo":{"@type":"ImageObject","inLanguage":"fr-FR","@id":"https:\/\/www.webdo.tn\/fr\/#\/schema\/logo\/image\/","url":"https:\/\/www.webdo.tn\/fr\/wp-content\/uploads\/2025\/06\/Webdo-Tunisie_168377.jpg","contentUrl":"https:\/\/www.webdo.tn\/fr\/wp-content\/uploads\/2025\/06\/Webdo-Tunisie_168377.jpg","width":301,"height":301,"caption":"Webdo"},"image":{"@id":"https:\/\/www.webdo.tn\/fr\/#\/schema\/logo\/image\/"},"sameAs":["https:\/\/www.facebook.com\/webdotn","https:\/\/x.com\/webdo_tn"],"description":"Webdo est un m\u00e9dia num\u00e9rique tunisien fond\u00e9 en 2010, sp\u00e9cialis\u00e9 dans l\u2019actualit\u00e9 nationale et internationale, l\u2019\u00e9conomie, la soci\u00e9t\u00e9 et les analyses politiques. Le site s\u2019adresse \u00e0 un large public francophone et couvre l\u2019information tunisienne en temps r\u00e9el.","email":"redac@webdo.tn","legalName":"YNJ SARL","foundingDate":"2010-09-06","numberOfEmployees":{"@type":"QuantitativeValue","minValue":"11","maxValue":"50"}},{"@type":"Person","@id":"https:\/\/www.webdo.tn\/fr\/#\/schema\/person\/6bc0beba2cd23aec27cb5df85ca2554f","name":"Hatem Bourial","image":{"@type":"ImageObject","inLanguage":"fr-FR","@id":"https:\/\/www.webdo.tn\/fr\/wp-content\/uploads\/2026\/04\/hatem-bourial_avatar-96x96.jpg","url":"https:\/\/www.webdo.tn\/fr\/wp-content\/uploads\/2026\/04\/hatem-bourial_avatar-96x96.jpg","contentUrl":"https:\/\/www.webdo.tn\/fr\/wp-content\/uploads\/2026\/04\/hatem-bourial_avatar-96x96.jpg","caption":"Hatem Bourial"},"description":"Hatem Bourial est journaliste, \u00e9crivain et chroniqueur tunisien. Actif depuis plusieurs d\u00e9cennies, il s\u2019est impos\u00e9 comme un observateur attentif de la soci\u00e9t\u00e9 tunisienne, m\u00ealant dans ses \u00e9crits m\u00e9moire, culture et analyse du quotidien. Auteur de nombreux ouvrages, il d\u00e9veloppe une \u0153uvre \u00e0 la crois\u00e9e du r\u00e9cit, de la po\u00e9sie et de l\u2019observation sociologique. Parall\u00e8lement \u00e0 ses contributions dans la presse, il intervient r\u00e9guli\u00e8rement \u00e0 la radio et dans des espaces culturels, o\u00f9 il explore les enjeux li\u00e9s au patrimoine, \u00e0 l\u2019identit\u00e9 et aux transformations du monde contemporain. \u00c0 travers ses chroniques, Hatem Bourial propose une lecture sensible et approfondie de l\u2019actualit\u00e9, nourrie par une exp\u00e9rience journalistique et litt\u00e9raire reconnue. \ud83d\udd17 Facebook : https:\/\/www.facebook.com\/hatem.bourial.2025","sameAs":["https:\/\/www.facebook.com\/hatem.bourial.2025","https:\/\/fr.wikipedia.org\/wiki\/Fichier:Hatem_Bourial.jpg"],"knowsAbout":["Culture & patrimoine tunisien","Chronique soci\u00e9tale","Litt\u00e9rature & m\u00e9moire","Cin\u00e9ma & critique culturelle","Identit\u00e9 & mutations sociales"],"knowsLanguage":["Arabe","Fran\u00e7ais","Anglais","Italien","Polonais"],"jobTitle":"Journaliste, \u00e9crivain et chroniqueur culturel","worksFor":"Webdo","url":"https:\/\/www.webdo.tn\/fr\/actualite\/author\/hatem-bourial-2\/"}]}},"_links":{"self":[{"href":"https:\/\/www.webdo.tn\/fr\/wp-json\/wp\/v2\/posts\/218561","targetHints":{"allow":["GET"]}}],"collection":[{"href":"https:\/\/www.webdo.tn\/fr\/wp-json\/wp\/v2\/posts"}],"about":[{"href":"https:\/\/www.webdo.tn\/fr\/wp-json\/wp\/v2\/types\/post"}],"author":[{"embeddable":true,"href":"https:\/\/www.webdo.tn\/fr\/wp-json\/wp\/v2\/users\/3229"}],"replies":[{"embeddable":true,"href":"https:\/\/www.webdo.tn\/fr\/wp-json\/wp\/v2\/comments?post=218561"}],"version-history":[{"count":0,"href":"https:\/\/www.webdo.tn\/fr\/wp-json\/wp\/v2\/posts\/218561\/revisions"}],"wp:featuredmedia":[{"embeddable":true,"href":"https:\/\/www.webdo.tn\/fr\/wp-json\/wp\/v2\/media\/243246"}],"wp:attachment":[{"href":"https:\/\/www.webdo.tn\/fr\/wp-json\/wp\/v2\/media?parent=218561"}],"wp:term":[{"taxonomy":"category","embeddable":true,"href":"https:\/\/www.webdo.tn\/fr\/wp-json\/wp\/v2\/categories?post=218561"},{"taxonomy":"post_tag","embeddable":true,"href":"https:\/\/www.webdo.tn\/fr\/wp-json\/wp\/v2\/tags?post=218561"}],"curies":[{"name":"wp","href":"https:\/\/api.w.org\/{rel}","templated":true}]}}