{"id":218555,"date":"2024-12-24T10:36:00","date_gmt":"2024-12-24T10:36:00","guid":{"rendered":"https:\/\/www.webdo.tn\/fr\/blog\/tunisie-une-route-principale-bloquee-par-la-grele-a-beja\/218555\/"},"modified":"2025-05-20T22:22:19","modified_gmt":"2025-05-20T22:22:19","slug":"tunisie-une-route-principale-bloquee-par-la-grele-a-beja","status":"publish","type":"post","link":"https:\/\/www.webdo.tn\/fr\/actualite\/regions\/tunisie-une-route-principale-bloquee-par-la-grele-a-beja\/218555\/","title":{"rendered":"Tunisie : Une route principale bloqu\u00e9e par le verglas \u00e0 B\u00e9ja"},"content":{"rendered":"<p>Le colonel Kamel Melliti, directeur r\u00e9gional de la protection civile \u00e0 B\u00e9ja, a confirm\u00e9 dans des d\u00e9clarations m\u00e9diatiques que la circulation \u00e9tait perturb\u00e9e sur la route nationale n\u00b0 11, au niveau du kilom\u00e8tre 136, ce mardi matin 24 d\u00e9cembre 2024, en raison du verglas.<\/p>\n<p>Une \u00e9quipe de la protection civile a \u00e9t\u00e9 d\u00e9p\u00each\u00e9e pour enlever le verglas sur la route depuis 7h30 du matin.<\/p>\n<p>Notons que les hauteurs de Ghardimaou, dans le gouvernorat de Jendouba, ont connu ce mardi matin, 24 d\u00e9cembre 2024, les premi\u00e8res chutes de neige. \u00a0<\/p>\n<p>Le d\u00e9l\u00e9gu\u00e9 de Ghardimaou, qui est \u00e9galement le pr\u00e9sident de la commission locale de gestion des catastrophes, a confirm\u00e9 que l&rsquo;\u00e9paisseur de la neige est d\u2019environ 4 cm et que la circulation sur les routes menant \u00e0 Ain Soltane et Errahim reste normale et sans interruption. \u00a0<\/p>\n<p>Les conditions m\u00e9t\u00e9orologiques restent favorables pour une chute de neiges ce mardi et demain mercredi.<\/p>\n","protected":false},"excerpt":{"rendered":"<p>Une \u00e9quipe de la protection civile a \u00e9t\u00e9 d\u00e9p\u00each\u00e9e pour enlever le verglas sur la route depuis 7h30 du matin.<\/p>\n","protected":false},"author":3163,"featured_media":291588,"comment_status":"open","ping_status":"closed","sticky":false,"template":"","format":"standard","meta":{"footnotes":""},"categories":[2595],"tags":[3170,2674,2670,2608],"class_list":["post-218555","post","type-post","status-publish","format-standard","has-post-thumbnail","hentry","category-regions","tag-beja","tag-grele","tag-meteo","tag-tunisie"],"yoast_head":"<!-- This site is optimized with the Yoast SEO Premium plugin v27.5 (Yoast SEO v27.5) - https:\/\/yoast.com\/product\/yoast-seo-premium-wordpress\/ -->\n<title>Tunisie : Une route principale bloqu\u00e9e par le verglas \u00e0 B\u00e9ja<\/title>\n<meta name=\"description\" content=\"Une \u00e9quipe de la protection civile a \u00e9t\u00e9 d\u00e9p\u00each\u00e9e pour enlever le verglas sur la route depuis 7h30 du matin.\" \/>\n<link rel=\"canonical\" href=\"https:\/\/www.webdo.tn\/fr\/actualite\/regions\/tunisie-une-route-principale-bloquee-par-la-grele-a-beja\/218555\/\" \/>\n<meta property=\"og:locale\" content=\"fr_FR\" \/>\n<meta property=\"og:type\" content=\"article\" \/>\n<meta property=\"og:title\" content=\"Tunisie : Une route principale bloqu\u00e9e par le verglas \u00e0 B\u00e9ja\" \/>\n<meta property=\"og:description\" content=\"Une \u00e9quipe de la protection civile a \u00e9t\u00e9 d\u00e9p\u00each\u00e9e pour enlever le verglas sur la route depuis 7h30 du matin.\" \/>\n<meta property=\"og:url\" content=\"https:\/\/www.webdo.tn\/fr\/actualite\/regions\/tunisie-une-route-principale-bloquee-par-la-grele-a-beja\/218555\/\" \/>\n<meta property=\"og:site_name\" content=\"webdo\" \/>\n<meta property=\"article:publisher\" content=\"https:\/\/www.facebook.com\/webdotn\" \/>\n<meta property=\"article:published_time\" content=\"2024-12-24T10:36:00+00:00\" \/>\n<meta property=\"article:modified_time\" content=\"2025-05-20T22:22:19+00:00\" \/>\n<meta property=\"og:image\" content=\"https:\/\/www.webdo.tn\/fr\/wp-content\/uploads\/2024\/12\/ddb5e82d046f2ae943969e9e55899e93.webp\" \/>\n\t<meta property=\"og:image:width\" content=\"750\" \/>\n\t<meta property=\"og:image:height\" content=\"400\" \/>\n\t<meta property=\"og:image:type\" content=\"image\/webp\" \/>\n<meta name=\"author\" content=\"KJ\" \/>\n<meta name=\"twitter:card\" content=\"summary_large_image\" \/>\n<meta name=\"twitter:creator\" content=\"@webdo_tn\" \/>\n<meta name=\"twitter:site\" content=\"@webdo_tn\" \/>\n<meta name=\"twitter:label1\" content=\"\u00c9crit par\" \/>\n\t<meta name=\"twitter:data1\" content=\"KJ\" \/>\n\t<meta name=\"twitter:label2\" content=\"Dur\u00e9e de lecture estim\u00e9e\" \/>\n\t<meta name=\"twitter:data2\" content=\"1 minute\" \/>\n<script type=\"application\/ld+json\" class=\"yoast-schema-graph\">{\"@context\":\"https:\\\/\\\/schema.org\",\"@graph\":[{\"@type\":\"NewsArticle\",\"@id\":\"https:\\\/\\\/www.webdo.tn\\\/fr\\\/actualite\\\/regions\\\/tunisie-une-route-principale-bloquee-par-la-grele-a-beja\\\/218555\\\/#article\",\"isPartOf\":{\"@id\":\"https:\\\/\\\/www.webdo.tn\\\/fr\\\/actualite\\\/regions\\\/tunisie-une-route-principale-bloquee-par-la-grele-a-beja\\\/218555\\\/\"},\"author\":{\"name\":\"KJ\",\"@id\":\"https:\\\/\\\/www.webdo.tn\\\/fr\\\/#\\\/schema\\\/person\\\/82ca085b22037d285e1a3c4b65ba5f71\"},\"headline\":\"Tunisie : Une route principale bloqu\u00e9e par le verglas \u00e0 B\u00e9ja\",\"datePublished\":\"2024-12-24T10:36:00+00:00\",\"dateModified\":\"2025-05-20T22:22:19+00:00\",\"mainEntityOfPage\":{\"@id\":\"https:\\\/\\\/www.webdo.tn\\\/fr\\\/actualite\\\/regions\\\/tunisie-une-route-principale-bloquee-par-la-grele-a-beja\\\/218555\\\/\"},\"wordCount\":170,\"commentCount\":0,\"publisher\":{\"@id\":\"https:\\\/\\\/www.webdo.tn\\\/fr\\\/#organization\"},\"image\":{\"@id\":\"https:\\\/\\\/www.webdo.tn\\\/fr\\\/actualite\\\/regions\\\/tunisie-une-route-principale-bloquee-par-la-grele-a-beja\\\/218555\\\/#primaryimage\"},\"thumbnailUrl\":\"https:\\\/\\\/www.webdo.tn\\\/fr\\\/wp-content\\\/uploads\\\/2024\\\/12\\\/ddb5e82d046f2ae943969e9e55899e93.webp\",\"keywords\":[\"b\u00e9ja\",\"gr\u00eale\",\"m\u00e9t\u00e9o\",\"Tunisie\"],\"articleSection\":[\"regions\"],\"inLanguage\":\"fr-FR\"},{\"@type\":\"WebPage\",\"@id\":\"https:\\\/\\\/www.webdo.tn\\\/fr\\\/actualite\\\/regions\\\/tunisie-une-route-principale-bloquee-par-la-grele-a-beja\\\/218555\\\/\",\"url\":\"https:\\\/\\\/www.webdo.tn\\\/fr\\\/actualite\\\/regions\\\/tunisie-une-route-principale-bloquee-par-la-grele-a-beja\\\/218555\\\/\",\"name\":\"Tunisie : Une route principale bloqu\u00e9e par le verglas \u00e0 B\u00e9ja\",\"isPartOf\":{\"@id\":\"https:\\\/\\\/www.webdo.tn\\\/fr\\\/#website\"},\"primaryImageOfPage\":{\"@id\":\"https:\\\/\\\/www.webdo.tn\\\/fr\\\/actualite\\\/regions\\\/tunisie-une-route-principale-bloquee-par-la-grele-a-beja\\\/218555\\\/#primaryimage\"},\"image\":{\"@id\":\"https:\\\/\\\/www.webdo.tn\\\/fr\\\/actualite\\\/regions\\\/tunisie-une-route-principale-bloquee-par-la-grele-a-beja\\\/218555\\\/#primaryimage\"},\"thumbnailUrl\":\"https:\\\/\\\/www.webdo.tn\\\/fr\\\/wp-content\\\/uploads\\\/2024\\\/12\\\/ddb5e82d046f2ae943969e9e55899e93.webp\",\"datePublished\":\"2024-12-24T10:36:00+00:00\",\"dateModified\":\"2025-05-20T22:22:19+00:00\",\"description\":\"Une \u00e9quipe de la protection civile a \u00e9t\u00e9 d\u00e9p\u00each\u00e9e pour enlever le verglas sur la route depuis 7h30 du matin.\",\"breadcrumb\":{\"@id\":\"https:\\\/\\\/www.webdo.tn\\\/fr\\\/actualite\\\/regions\\\/tunisie-une-route-principale-bloquee-par-la-grele-a-beja\\\/218555\\\/#breadcrumb\"},\"inLanguage\":\"fr-FR\",\"potentialAction\":[{\"@type\":\"ReadAction\",\"target\":[\"https:\\\/\\\/www.webdo.tn\\\/fr\\\/actualite\\\/regions\\\/tunisie-une-route-principale-bloquee-par-la-grele-a-beja\\\/218555\\\/\"]}]},{\"@type\":\"ImageObject\",\"inLanguage\":\"fr-FR\",\"@id\":\"https:\\\/\\\/www.webdo.tn\\\/fr\\\/actualite\\\/regions\\\/tunisie-une-route-principale-bloquee-par-la-grele-a-beja\\\/218555\\\/#primaryimage\",\"url\":\"https:\\\/\\\/www.webdo.tn\\\/fr\\\/wp-content\\\/uploads\\\/2024\\\/12\\\/ddb5e82d046f2ae943969e9e55899e93.webp\",\"contentUrl\":\"https:\\\/\\\/www.webdo.tn\\\/fr\\\/wp-content\\\/uploads\\\/2024\\\/12\\\/ddb5e82d046f2ae943969e9e55899e93.webp\",\"width\":750,\"height\":400,\"caption\":\"Tunisie : Une route principale bloqu\u00e9e par le verglas \u00e0 B\u00e9ja\"},{\"@type\":\"BreadcrumbList\",\"@id\":\"https:\\\/\\\/www.webdo.tn\\\/fr\\\/actualite\\\/regions\\\/tunisie-une-route-principale-bloquee-par-la-grele-a-beja\\\/218555\\\/#breadcrumb\",\"itemListElement\":[{\"@type\":\"ListItem\",\"position\":1,\"name\":\"Accueil\",\"item\":\"https:\\\/\\\/www.webdo.tn\\\/fr\\\/\"},{\"@type\":\"ListItem\",\"position\":2,\"name\":\"Tunisie : Une route principale bloqu\u00e9e par le verglas \u00e0 B\u00e9ja\"}]},{\"@type\":\"WebSite\",\"@id\":\"https:\\\/\\\/www.webdo.tn\\\/fr\\\/#website\",\"url\":\"https:\\\/\\\/www.webdo.tn\\\/fr\\\/\",\"name\":\"webdo\",\"description\":\"Tunisie - News en Tunisie et \u00e0 l&#039;international sur Webdo.tn\",\"publisher\":{\"@id\":\"https:\\\/\\\/www.webdo.tn\\\/fr\\\/#organization\"},\"potentialAction\":[{\"@type\":\"SearchAction\",\"target\":{\"@type\":\"EntryPoint\",\"urlTemplate\":\"https:\\\/\\\/www.webdo.tn\\\/fr\\\/?s={search_term_string}\"},\"query-input\":{\"@type\":\"PropertyValueSpecification\",\"valueRequired\":true,\"valueName\":\"search_term_string\"}}],\"inLanguage\":\"fr-FR\"},{\"@type\":\"Organization\",\"@id\":\"https:\\\/\\\/www.webdo.tn\\\/fr\\\/#organization\",\"name\":\"Webdo\",\"alternateName\":\"Webdo.tn\",\"url\":\"https:\\\/\\\/www.webdo.tn\\\/fr\\\/\",\"logo\":{\"@type\":\"ImageObject\",\"inLanguage\":\"fr-FR\",\"@id\":\"https:\\\/\\\/www.webdo.tn\\\/fr\\\/#\\\/schema\\\/logo\\\/image\\\/\",\"url\":\"https:\\\/\\\/www.webdo.tn\\\/fr\\\/wp-content\\\/uploads\\\/2025\\\/06\\\/Webdo-Tunisie_168377.jpg\",\"contentUrl\":\"https:\\\/\\\/www.webdo.tn\\\/fr\\\/wp-content\\\/uploads\\\/2025\\\/06\\\/Webdo-Tunisie_168377.jpg\",\"width\":301,\"height\":301,\"caption\":\"Webdo\"},\"image\":{\"@id\":\"https:\\\/\\\/www.webdo.tn\\\/fr\\\/#\\\/schema\\\/logo\\\/image\\\/\"},\"sameAs\":[\"https:\\\/\\\/www.facebook.com\\\/webdotn\",\"https:\\\/\\\/x.com\\\/webdo_tn\"],\"description\":\"Webdo est un m\u00e9dia num\u00e9rique tunisien fond\u00e9 en 2010, sp\u00e9cialis\u00e9 dans l\u2019actualit\u00e9 nationale et internationale, l\u2019\u00e9conomie, la soci\u00e9t\u00e9 et les analyses politiques. Le site s\u2019adresse \u00e0 un large public francophone et couvre l\u2019information tunisienne en temps r\u00e9el.\",\"email\":\"redac@webdo.tn\",\"legalName\":\"YNJ SARL\",\"foundingDate\":\"2010-09-06\",\"numberOfEmployees\":{\"@type\":\"QuantitativeValue\",\"minValue\":\"11\",\"maxValue\":\"50\"}},{\"@type\":\"Person\",\"@id\":\"https:\\\/\\\/www.webdo.tn\\\/fr\\\/#\\\/schema\\\/person\\\/82ca085b22037d285e1a3c4b65ba5f71\",\"name\":\"KJ\",\"image\":{\"@type\":\"ImageObject\",\"inLanguage\":\"fr-FR\",\"@id\":\"https:\\\/\\\/secure.gravatar.com\\\/avatar\\\/1a1320de1c1971c893f00068f760b4113d69504aa21273da17ee95650c5944fd?s=96&d=mm&r=g\",\"url\":\"https:\\\/\\\/secure.gravatar.com\\\/avatar\\\/1a1320de1c1971c893f00068f760b4113d69504aa21273da17ee95650c5944fd?s=96&d=mm&r=g\",\"contentUrl\":\"https:\\\/\\\/secure.gravatar.com\\\/avatar\\\/1a1320de1c1971c893f00068f760b4113d69504aa21273da17ee95650c5944fd?s=96&d=mm&r=g\",\"caption\":\"KJ\"},\"url\":\"https:\\\/\\\/www.webdo.tn\\\/fr\\\/actualite\\\/author\\\/kj\\\/\"}]}<\/script>\n<!-- \/ Yoast SEO Premium plugin. -->","yoast_head_json":{"title":"Tunisie : Une route principale bloqu\u00e9e par le verglas \u00e0 B\u00e9ja","description":"Une \u00e9quipe de la protection civile a \u00e9t\u00e9 d\u00e9p\u00each\u00e9e pour enlever le verglas sur la route depuis 7h30 du matin.","canonical":"https:\/\/www.webdo.tn\/fr\/actualite\/regions\/tunisie-une-route-principale-bloquee-par-la-grele-a-beja\/218555\/","og_locale":"fr_FR","og_type":"article","og_title":"Tunisie : Une route principale bloqu\u00e9e par le verglas \u00e0 B\u00e9ja","og_description":"Une \u00e9quipe de la protection civile a \u00e9t\u00e9 d\u00e9p\u00each\u00e9e pour enlever le verglas sur la route depuis 7h30 du matin.","og_url":"https:\/\/www.webdo.tn\/fr\/actualite\/regions\/tunisie-une-route-principale-bloquee-par-la-grele-a-beja\/218555\/","og_site_name":"webdo","article_publisher":"https:\/\/www.facebook.com\/webdotn","article_published_time":"2024-12-24T10:36:00+00:00","article_modified_time":"2025-05-20T22:22:19+00:00","og_image":[{"width":750,"height":400,"url":"https:\/\/www.webdo.tn\/fr\/wp-content\/uploads\/2024\/12\/ddb5e82d046f2ae943969e9e55899e93.webp","type":"image\/webp"}],"author":"KJ","twitter_card":"summary_large_image","twitter_creator":"@webdo_tn","twitter_site":"@webdo_tn","twitter_misc":{"\u00c9crit par":"KJ","Dur\u00e9e de lecture estim\u00e9e":"1 minute"},"schema":{"@context":"https:\/\/schema.org","@graph":[{"@type":"NewsArticle","@id":"https:\/\/www.webdo.tn\/fr\/actualite\/regions\/tunisie-une-route-principale-bloquee-par-la-grele-a-beja\/218555\/#article","isPartOf":{"@id":"https:\/\/www.webdo.tn\/fr\/actualite\/regions\/tunisie-une-route-principale-bloquee-par-la-grele-a-beja\/218555\/"},"author":{"name":"KJ","@id":"https:\/\/www.webdo.tn\/fr\/#\/schema\/person\/82ca085b22037d285e1a3c4b65ba5f71"},"headline":"Tunisie : Une route principale bloqu\u00e9e par le verglas \u00e0 B\u00e9ja","datePublished":"2024-12-24T10:36:00+00:00","dateModified":"2025-05-20T22:22:19+00:00","mainEntityOfPage":{"@id":"https:\/\/www.webdo.tn\/fr\/actualite\/regions\/tunisie-une-route-principale-bloquee-par-la-grele-a-beja\/218555\/"},"wordCount":170,"commentCount":0,"publisher":{"@id":"https:\/\/www.webdo.tn\/fr\/#organization"},"image":{"@id":"https:\/\/www.webdo.tn\/fr\/actualite\/regions\/tunisie-une-route-principale-bloquee-par-la-grele-a-beja\/218555\/#primaryimage"},"thumbnailUrl":"https:\/\/www.webdo.tn\/fr\/wp-content\/uploads\/2024\/12\/ddb5e82d046f2ae943969e9e55899e93.webp","keywords":["b\u00e9ja","gr\u00eale","m\u00e9t\u00e9o","Tunisie"],"articleSection":["regions"],"inLanguage":"fr-FR"},{"@type":"WebPage","@id":"https:\/\/www.webdo.tn\/fr\/actualite\/regions\/tunisie-une-route-principale-bloquee-par-la-grele-a-beja\/218555\/","url":"https:\/\/www.webdo.tn\/fr\/actualite\/regions\/tunisie-une-route-principale-bloquee-par-la-grele-a-beja\/218555\/","name":"Tunisie : Une route principale bloqu\u00e9e par le verglas \u00e0 B\u00e9ja","isPartOf":{"@id":"https:\/\/www.webdo.tn\/fr\/#website"},"primaryImageOfPage":{"@id":"https:\/\/www.webdo.tn\/fr\/actualite\/regions\/tunisie-une-route-principale-bloquee-par-la-grele-a-beja\/218555\/#primaryimage"},"image":{"@id":"https:\/\/www.webdo.tn\/fr\/actualite\/regions\/tunisie-une-route-principale-bloquee-par-la-grele-a-beja\/218555\/#primaryimage"},"thumbnailUrl":"https:\/\/www.webdo.tn\/fr\/wp-content\/uploads\/2024\/12\/ddb5e82d046f2ae943969e9e55899e93.webp","datePublished":"2024-12-24T10:36:00+00:00","dateModified":"2025-05-20T22:22:19+00:00","description":"Une \u00e9quipe de la protection civile a \u00e9t\u00e9 d\u00e9p\u00each\u00e9e pour enlever le verglas sur la route depuis 7h30 du matin.","breadcrumb":{"@id":"https:\/\/www.webdo.tn\/fr\/actualite\/regions\/tunisie-une-route-principale-bloquee-par-la-grele-a-beja\/218555\/#breadcrumb"},"inLanguage":"fr-FR","potentialAction":[{"@type":"ReadAction","target":["https:\/\/www.webdo.tn\/fr\/actualite\/regions\/tunisie-une-route-principale-bloquee-par-la-grele-a-beja\/218555\/"]}]},{"@type":"ImageObject","inLanguage":"fr-FR","@id":"https:\/\/www.webdo.tn\/fr\/actualite\/regions\/tunisie-une-route-principale-bloquee-par-la-grele-a-beja\/218555\/#primaryimage","url":"https:\/\/www.webdo.tn\/fr\/wp-content\/uploads\/2024\/12\/ddb5e82d046f2ae943969e9e55899e93.webp","contentUrl":"https:\/\/www.webdo.tn\/fr\/wp-content\/uploads\/2024\/12\/ddb5e82d046f2ae943969e9e55899e93.webp","width":750,"height":400,"caption":"Tunisie : Une route principale bloqu\u00e9e par le verglas \u00e0 B\u00e9ja"},{"@type":"BreadcrumbList","@id":"https:\/\/www.webdo.tn\/fr\/actualite\/regions\/tunisie-une-route-principale-bloquee-par-la-grele-a-beja\/218555\/#breadcrumb","itemListElement":[{"@type":"ListItem","position":1,"name":"Accueil","item":"https:\/\/www.webdo.tn\/fr\/"},{"@type":"ListItem","position":2,"name":"Tunisie : Une route principale bloqu\u00e9e par le verglas \u00e0 B\u00e9ja"}]},{"@type":"WebSite","@id":"https:\/\/www.webdo.tn\/fr\/#website","url":"https:\/\/www.webdo.tn\/fr\/","name":"webdo","description":"Tunisie - News en Tunisie et \u00e0 l&#039;international sur Webdo.tn","publisher":{"@id":"https:\/\/www.webdo.tn\/fr\/#organization"},"potentialAction":[{"@type":"SearchAction","target":{"@type":"EntryPoint","urlTemplate":"https:\/\/www.webdo.tn\/fr\/?s={search_term_string}"},"query-input":{"@type":"PropertyValueSpecification","valueRequired":true,"valueName":"search_term_string"}}],"inLanguage":"fr-FR"},{"@type":"Organization","@id":"https:\/\/www.webdo.tn\/fr\/#organization","name":"Webdo","alternateName":"Webdo.tn","url":"https:\/\/www.webdo.tn\/fr\/","logo":{"@type":"ImageObject","inLanguage":"fr-FR","@id":"https:\/\/www.webdo.tn\/fr\/#\/schema\/logo\/image\/","url":"https:\/\/www.webdo.tn\/fr\/wp-content\/uploads\/2025\/06\/Webdo-Tunisie_168377.jpg","contentUrl":"https:\/\/www.webdo.tn\/fr\/wp-content\/uploads\/2025\/06\/Webdo-Tunisie_168377.jpg","width":301,"height":301,"caption":"Webdo"},"image":{"@id":"https:\/\/www.webdo.tn\/fr\/#\/schema\/logo\/image\/"},"sameAs":["https:\/\/www.facebook.com\/webdotn","https:\/\/x.com\/webdo_tn"],"description":"Webdo est un m\u00e9dia num\u00e9rique tunisien fond\u00e9 en 2010, sp\u00e9cialis\u00e9 dans l\u2019actualit\u00e9 nationale et internationale, l\u2019\u00e9conomie, la soci\u00e9t\u00e9 et les analyses politiques. Le site s\u2019adresse \u00e0 un large public francophone et couvre l\u2019information tunisienne en temps r\u00e9el.","email":"redac@webdo.tn","legalName":"YNJ SARL","foundingDate":"2010-09-06","numberOfEmployees":{"@type":"QuantitativeValue","minValue":"11","maxValue":"50"}},{"@type":"Person","@id":"https:\/\/www.webdo.tn\/fr\/#\/schema\/person\/82ca085b22037d285e1a3c4b65ba5f71","name":"KJ","image":{"@type":"ImageObject","inLanguage":"fr-FR","@id":"https:\/\/secure.gravatar.com\/avatar\/1a1320de1c1971c893f00068f760b4113d69504aa21273da17ee95650c5944fd?s=96&d=mm&r=g","url":"https:\/\/secure.gravatar.com\/avatar\/1a1320de1c1971c893f00068f760b4113d69504aa21273da17ee95650c5944fd?s=96&d=mm&r=g","contentUrl":"https:\/\/secure.gravatar.com\/avatar\/1a1320de1c1971c893f00068f760b4113d69504aa21273da17ee95650c5944fd?s=96&d=mm&r=g","caption":"KJ"},"url":"https:\/\/www.webdo.tn\/fr\/actualite\/author\/kj\/"}]}},"_links":{"self":[{"href":"https:\/\/www.webdo.tn\/fr\/wp-json\/wp\/v2\/posts\/218555","targetHints":{"allow":["GET"]}}],"collection":[{"href":"https:\/\/www.webdo.tn\/fr\/wp-json\/wp\/v2\/posts"}],"about":[{"href":"https:\/\/www.webdo.tn\/fr\/wp-json\/wp\/v2\/types\/post"}],"author":[{"embeddable":true,"href":"https:\/\/www.webdo.tn\/fr\/wp-json\/wp\/v2\/users\/3163"}],"replies":[{"embeddable":true,"href":"https:\/\/www.webdo.tn\/fr\/wp-json\/wp\/v2\/comments?post=218555"}],"version-history":[{"count":0,"href":"https:\/\/www.webdo.tn\/fr\/wp-json\/wp\/v2\/posts\/218555\/revisions"}],"wp:featuredmedia":[{"embeddable":true,"href":"https:\/\/www.webdo.tn\/fr\/wp-json\/wp\/v2\/media\/291588"}],"wp:attachment":[{"href":"https:\/\/www.webdo.tn\/fr\/wp-json\/wp\/v2\/media?parent=218555"}],"wp:term":[{"taxonomy":"category","embeddable":true,"href":"https:\/\/www.webdo.tn\/fr\/wp-json\/wp\/v2\/categories?post=218555"},{"taxonomy":"post_tag","embeddable":true,"href":"https:\/\/www.webdo.tn\/fr\/wp-json\/wp\/v2\/tags?post=218555"}],"curies":[{"name":"wp","href":"https:\/\/api.w.org\/{rel}","templated":true}]}}