{"id":218552,"date":"2024-12-24T09:33:00","date_gmt":"2024-12-24T09:33:00","guid":{"rendered":"https:\/\/www.webdo.tn\/fr\/blog\/tunisie-fete-de-fin-d-annee-sept-tonnes-de-produits-alimentaires-saisies\/218552\/"},"modified":"2025-05-20T22:22:18","modified_gmt":"2025-05-20T22:22:18","slug":"tunisie-fete-de-fin-d-annee-sept-tonnes-de-produits-alimentaires-saisies","status":"publish","type":"post","link":"https:\/\/www.webdo.tn\/fr\/actualite\/national\/tunisie-fete-de-fin-d-annee-sept-tonnes-de-produits-alimentaires-saisies\/218552\/","title":{"rendered":"Tunisie \u2013 F\u00eate de fin d\u2019ann\u00e9e : Sept tonnes de produits alimentaires saisies"},"content":{"rendered":"<p>Le directeur g\u00e9n\u00e9ral de l&rsquo;Instance nationale de la s\u00e9curit\u00e9 sanitaire des produits alimentaires, Mohamed Rabhi, a d\u00e9clar\u00e9, mardi 24 d\u00e9cembre 2024, que l&rsquo;Instance a mis en place un programme sp\u00e9cifique \u00e0 l&rsquo;occasion du nouvel an administratif.<\/p>\n<p>\t\t\t\t\t\t\t\t\tCe programme cible les commerces de vente et de fabrication de p\u00e2tisseries ainsi que les points de vente de volailles, gr\u00e2ce aux \u00e9quipes d\u00e9ploy\u00e9es dans les r\u00e9gions et aux \u00e9quipes mobiles au niveau de l&rsquo;administration centrale.<\/p>\n<p>Lors de son intervention sur les ondes de la radio nationale, il a pr\u00e9cis\u00e9 que, dans ce cadre, 7 tonnes de produits alimentaires et de volailles ont \u00e9t\u00e9 saisies, dont 6,5 tonnes de mati\u00e8res premi\u00e8res pour la fabrication de p\u00e2tisseries et de p\u00e2tisseries pr\u00eates \u00e0 consommer.<\/p>\n<p>Il a soulign\u00e9 que la pr\u00e9paration pr\u00e9coce et le stockage dans des conditions insalubres sont parmi les principales causes de la d\u00e9t\u00e9rioration de ces produits. Il a \u00e9galement appel\u00e9, dans ce contexte, \u00e0 \u00e9viter l&rsquo;achat de ces produits aupr\u00e8s de commerces ill\u00e9gaux et de vendeurs ambulants.<\/p>\n<p>Par ailleurs, Rabhi a mentionn\u00e9 la possibilit\u00e9 de contacter l&rsquo;Instance en cas de constatation d&rsquo;abus, afin d&rsquo;intervenir imm\u00e9diatement et de prendre les mesures n\u00e9cessaires.<\/p>\n","protected":false},"excerpt":{"rendered":"<p>Ce programme cible les commerces de vente et de fabrication de p\u00e2tisseries ainsi que les points de vente de volailles, gr\u00e2ce aux \u00e9quipes d\u00e9ploy\u00e9es dans les r\u00e9gi&#8230;<\/p>\n","protected":false},"author":3163,"featured_media":291585,"comment_status":"open","ping_status":"closed","sticky":false,"template":"","format":"standard","meta":{"footnotes":""},"categories":[44],"tags":[10796,2792,2608],"class_list":["post-218552","post","type-post","status-publish","format-standard","has-post-thumbnail","hentry","category-national","tag-fete-de-fin-dannee","tag-produits-alimentaires","tag-tunisie"],"yoast_head":"<!-- This site is optimized with the Yoast SEO Premium plugin v27.4 (Yoast SEO v27.5) - https:\/\/yoast.com\/product\/yoast-seo-premium-wordpress\/ -->\n<title>Tunisie \u2013 F\u00eate de fin d\u2019ann\u00e9e : Sept tonnes de produits alimentaires saisies<\/title>\n<meta name=\"description\" content=\"Ce programme cible les commerces de vente et de fabrication de p\u00e2tisseries ainsi que les points de vente de volailles, gr\u00e2ce aux \u00e9quipes d\u00e9ploy\u00e9es dans les r\u00e9gi...\" \/>\n<link rel=\"canonical\" href=\"https:\/\/www.webdo.tn\/fr\/actualite\/national\/tunisie-fete-de-fin-d-annee-sept-tonnes-de-produits-alimentaires-saisies\/218552\/\" \/>\n<meta property=\"og:locale\" content=\"fr_FR\" \/>\n<meta property=\"og:type\" content=\"article\" \/>\n<meta property=\"og:title\" content=\"Tunisie \u2013 F\u00eate de fin d\u2019ann\u00e9e : Sept tonnes de produits alimentaires saisies\" \/>\n<meta property=\"og:description\" content=\"Ce programme cible les commerces de vente et de fabrication de p\u00e2tisseries ainsi que les points de vente de volailles, gr\u00e2ce aux \u00e9quipes d\u00e9ploy\u00e9es dans les r\u00e9gi...\" \/>\n<meta property=\"og:url\" content=\"https:\/\/www.webdo.tn\/fr\/actualite\/national\/tunisie-fete-de-fin-d-annee-sept-tonnes-de-produits-alimentaires-saisies\/218552\/\" \/>\n<meta property=\"og:site_name\" content=\"webdo\" \/>\n<meta property=\"article:publisher\" content=\"https:\/\/www.facebook.com\/webdotn\" \/>\n<meta property=\"article:published_time\" content=\"2024-12-24T09:33:00+00:00\" \/>\n<meta property=\"article:modified_time\" content=\"2025-05-20T22:22:18+00:00\" \/>\n<meta property=\"og:image\" content=\"https:\/\/www.webdo.tn\/fr\/wp-content\/uploads\/2024\/12\/57ba71921d47b8b28893dd6975ef6d33.webp\" \/>\n\t<meta property=\"og:image:width\" content=\"703\" \/>\n\t<meta property=\"og:image:height\" content=\"375\" \/>\n\t<meta property=\"og:image:type\" content=\"image\/webp\" \/>\n<meta name=\"author\" content=\"KJ\" \/>\n<meta name=\"twitter:card\" content=\"summary_large_image\" \/>\n<meta name=\"twitter:creator\" content=\"@webdo_tn\" \/>\n<meta name=\"twitter:site\" content=\"@webdo_tn\" \/>\n<meta name=\"twitter:label1\" content=\"\u00c9crit par\" \/>\n\t<meta name=\"twitter:data1\" content=\"KJ\" \/>\n\t<meta name=\"twitter:label2\" content=\"Dur\u00e9e de lecture estim\u00e9e\" \/>\n\t<meta name=\"twitter:data2\" content=\"1 minute\" \/>\n<script type=\"application\/ld+json\" class=\"yoast-schema-graph\">{\"@context\":\"https:\\\/\\\/schema.org\",\"@graph\":[{\"@type\":\"NewsArticle\",\"@id\":\"https:\\\/\\\/www.webdo.tn\\\/fr\\\/actualite\\\/national\\\/tunisie-fete-de-fin-d-annee-sept-tonnes-de-produits-alimentaires-saisies\\\/218552\\\/#article\",\"isPartOf\":{\"@id\":\"https:\\\/\\\/www.webdo.tn\\\/fr\\\/actualite\\\/national\\\/tunisie-fete-de-fin-d-annee-sept-tonnes-de-produits-alimentaires-saisies\\\/218552\\\/\"},\"author\":{\"name\":\"KJ\",\"@id\":\"https:\\\/\\\/www.webdo.tn\\\/fr\\\/#\\\/schema\\\/person\\\/82ca085b22037d285e1a3c4b65ba5f71\"},\"headline\":\"Tunisie \u2013 F\u00eate de fin d\u2019ann\u00e9e : Sept tonnes de produits alimentaires saisies\",\"datePublished\":\"2024-12-24T09:33:00+00:00\",\"dateModified\":\"2025-05-20T22:22:18+00:00\",\"mainEntityOfPage\":{\"@id\":\"https:\\\/\\\/www.webdo.tn\\\/fr\\\/actualite\\\/national\\\/tunisie-fete-de-fin-d-annee-sept-tonnes-de-produits-alimentaires-saisies\\\/218552\\\/\"},\"wordCount\":228,\"commentCount\":0,\"publisher\":{\"@id\":\"https:\\\/\\\/www.webdo.tn\\\/fr\\\/#organization\"},\"image\":{\"@id\":\"https:\\\/\\\/www.webdo.tn\\\/fr\\\/actualite\\\/national\\\/tunisie-fete-de-fin-d-annee-sept-tonnes-de-produits-alimentaires-saisies\\\/218552\\\/#primaryimage\"},\"thumbnailUrl\":\"https:\\\/\\\/www.webdo.tn\\\/fr\\\/wp-content\\\/uploads\\\/2024\\\/12\\\/57ba71921d47b8b28893dd6975ef6d33.webp\",\"keywords\":[\"\\\"f\u00eate de fin d'ann\u00e9e\\\"]\",\"produits alimentaires\",\"Tunisie\"],\"articleSection\":[\"National\"],\"inLanguage\":\"fr-FR\"},{\"@type\":\"WebPage\",\"@id\":\"https:\\\/\\\/www.webdo.tn\\\/fr\\\/actualite\\\/national\\\/tunisie-fete-de-fin-d-annee-sept-tonnes-de-produits-alimentaires-saisies\\\/218552\\\/\",\"url\":\"https:\\\/\\\/www.webdo.tn\\\/fr\\\/actualite\\\/national\\\/tunisie-fete-de-fin-d-annee-sept-tonnes-de-produits-alimentaires-saisies\\\/218552\\\/\",\"name\":\"Tunisie \u2013 F\u00eate de fin d\u2019ann\u00e9e : Sept tonnes de produits alimentaires saisies\",\"isPartOf\":{\"@id\":\"https:\\\/\\\/www.webdo.tn\\\/fr\\\/#website\"},\"primaryImageOfPage\":{\"@id\":\"https:\\\/\\\/www.webdo.tn\\\/fr\\\/actualite\\\/national\\\/tunisie-fete-de-fin-d-annee-sept-tonnes-de-produits-alimentaires-saisies\\\/218552\\\/#primaryimage\"},\"image\":{\"@id\":\"https:\\\/\\\/www.webdo.tn\\\/fr\\\/actualite\\\/national\\\/tunisie-fete-de-fin-d-annee-sept-tonnes-de-produits-alimentaires-saisies\\\/218552\\\/#primaryimage\"},\"thumbnailUrl\":\"https:\\\/\\\/www.webdo.tn\\\/fr\\\/wp-content\\\/uploads\\\/2024\\\/12\\\/57ba71921d47b8b28893dd6975ef6d33.webp\",\"datePublished\":\"2024-12-24T09:33:00+00:00\",\"dateModified\":\"2025-05-20T22:22:18+00:00\",\"description\":\"Ce programme cible les commerces de vente et de fabrication de p\u00e2tisseries ainsi que les points de vente de volailles, gr\u00e2ce aux \u00e9quipes d\u00e9ploy\u00e9es dans les r\u00e9gi...\",\"breadcrumb\":{\"@id\":\"https:\\\/\\\/www.webdo.tn\\\/fr\\\/actualite\\\/national\\\/tunisie-fete-de-fin-d-annee-sept-tonnes-de-produits-alimentaires-saisies\\\/218552\\\/#breadcrumb\"},\"inLanguage\":\"fr-FR\",\"potentialAction\":[{\"@type\":\"ReadAction\",\"target\":[\"https:\\\/\\\/www.webdo.tn\\\/fr\\\/actualite\\\/national\\\/tunisie-fete-de-fin-d-annee-sept-tonnes-de-produits-alimentaires-saisies\\\/218552\\\/\"]}]},{\"@type\":\"ImageObject\",\"inLanguage\":\"fr-FR\",\"@id\":\"https:\\\/\\\/www.webdo.tn\\\/fr\\\/actualite\\\/national\\\/tunisie-fete-de-fin-d-annee-sept-tonnes-de-produits-alimentaires-saisies\\\/218552\\\/#primaryimage\",\"url\":\"https:\\\/\\\/www.webdo.tn\\\/fr\\\/wp-content\\\/uploads\\\/2024\\\/12\\\/57ba71921d47b8b28893dd6975ef6d33.webp\",\"contentUrl\":\"https:\\\/\\\/www.webdo.tn\\\/fr\\\/wp-content\\\/uploads\\\/2024\\\/12\\\/57ba71921d47b8b28893dd6975ef6d33.webp\",\"width\":703,\"height\":375,\"caption\":\"Tunisie \u2013 F\u00eate de fin d\u2019ann\u00e9e : Sept tonnes de produits alimentaires saisies\"},{\"@type\":\"BreadcrumbList\",\"@id\":\"https:\\\/\\\/www.webdo.tn\\\/fr\\\/actualite\\\/national\\\/tunisie-fete-de-fin-d-annee-sept-tonnes-de-produits-alimentaires-saisies\\\/218552\\\/#breadcrumb\",\"itemListElement\":[{\"@type\":\"ListItem\",\"position\":1,\"name\":\"Accueil\",\"item\":\"https:\\\/\\\/www.webdo.tn\\\/fr\\\/\"},{\"@type\":\"ListItem\",\"position\":2,\"name\":\"Tunisie \u2013 F\u00eate de fin d\u2019ann\u00e9e : Sept tonnes de produits alimentaires saisies\"}]},{\"@type\":\"WebSite\",\"@id\":\"https:\\\/\\\/www.webdo.tn\\\/fr\\\/#website\",\"url\":\"https:\\\/\\\/www.webdo.tn\\\/fr\\\/\",\"name\":\"webdo\",\"description\":\"Tunisie - News en Tunisie et \u00e0 l&#039;international sur Webdo.tn\",\"publisher\":{\"@id\":\"https:\\\/\\\/www.webdo.tn\\\/fr\\\/#organization\"},\"potentialAction\":[{\"@type\":\"SearchAction\",\"target\":{\"@type\":\"EntryPoint\",\"urlTemplate\":\"https:\\\/\\\/www.webdo.tn\\\/fr\\\/?s={search_term_string}\"},\"query-input\":{\"@type\":\"PropertyValueSpecification\",\"valueRequired\":true,\"valueName\":\"search_term_string\"}}],\"inLanguage\":\"fr-FR\"},{\"@type\":\"Organization\",\"@id\":\"https:\\\/\\\/www.webdo.tn\\\/fr\\\/#organization\",\"name\":\"Webdo\",\"alternateName\":\"Webdo.tn\",\"url\":\"https:\\\/\\\/www.webdo.tn\\\/fr\\\/\",\"logo\":{\"@type\":\"ImageObject\",\"inLanguage\":\"fr-FR\",\"@id\":\"https:\\\/\\\/www.webdo.tn\\\/fr\\\/#\\\/schema\\\/logo\\\/image\\\/\",\"url\":\"https:\\\/\\\/www.webdo.tn\\\/fr\\\/wp-content\\\/uploads\\\/2025\\\/06\\\/Webdo-Tunisie_168377.jpg\",\"contentUrl\":\"https:\\\/\\\/www.webdo.tn\\\/fr\\\/wp-content\\\/uploads\\\/2025\\\/06\\\/Webdo-Tunisie_168377.jpg\",\"width\":301,\"height\":301,\"caption\":\"Webdo\"},\"image\":{\"@id\":\"https:\\\/\\\/www.webdo.tn\\\/fr\\\/#\\\/schema\\\/logo\\\/image\\\/\"},\"sameAs\":[\"https:\\\/\\\/www.facebook.com\\\/webdotn\",\"https:\\\/\\\/x.com\\\/webdo_tn\"],\"description\":\"Webdo est un m\u00e9dia num\u00e9rique tunisien fond\u00e9 en 2010, sp\u00e9cialis\u00e9 dans l\u2019actualit\u00e9 nationale et internationale, l\u2019\u00e9conomie, la soci\u00e9t\u00e9 et les analyses politiques. Le site s\u2019adresse \u00e0 un large public francophone et couvre l\u2019information tunisienne en temps r\u00e9el.\",\"email\":\"redac@webdo.tn\",\"legalName\":\"YNJ SARL\",\"foundingDate\":\"2010-09-06\",\"numberOfEmployees\":{\"@type\":\"QuantitativeValue\",\"minValue\":\"11\",\"maxValue\":\"50\"}},{\"@type\":\"Person\",\"@id\":\"https:\\\/\\\/www.webdo.tn\\\/fr\\\/#\\\/schema\\\/person\\\/82ca085b22037d285e1a3c4b65ba5f71\",\"name\":\"KJ\",\"image\":{\"@type\":\"ImageObject\",\"inLanguage\":\"fr-FR\",\"@id\":\"https:\\\/\\\/secure.gravatar.com\\\/avatar\\\/1a1320de1c1971c893f00068f760b4113d69504aa21273da17ee95650c5944fd?s=96&d=mm&r=g\",\"url\":\"https:\\\/\\\/secure.gravatar.com\\\/avatar\\\/1a1320de1c1971c893f00068f760b4113d69504aa21273da17ee95650c5944fd?s=96&d=mm&r=g\",\"contentUrl\":\"https:\\\/\\\/secure.gravatar.com\\\/avatar\\\/1a1320de1c1971c893f00068f760b4113d69504aa21273da17ee95650c5944fd?s=96&d=mm&r=g\",\"caption\":\"KJ\"},\"url\":\"https:\\\/\\\/www.webdo.tn\\\/fr\\\/actualite\\\/author\\\/kj\\\/\"}]}<\/script>\n<!-- \/ Yoast SEO Premium plugin. -->","yoast_head_json":{"title":"Tunisie \u2013 F\u00eate de fin d\u2019ann\u00e9e : Sept tonnes de produits alimentaires saisies","description":"Ce programme cible les commerces de vente et de fabrication de p\u00e2tisseries ainsi que les points de vente de volailles, gr\u00e2ce aux \u00e9quipes d\u00e9ploy\u00e9es dans les r\u00e9gi...","canonical":"https:\/\/www.webdo.tn\/fr\/actualite\/national\/tunisie-fete-de-fin-d-annee-sept-tonnes-de-produits-alimentaires-saisies\/218552\/","og_locale":"fr_FR","og_type":"article","og_title":"Tunisie \u2013 F\u00eate de fin d\u2019ann\u00e9e : Sept tonnes de produits alimentaires saisies","og_description":"Ce programme cible les commerces de vente et de fabrication de p\u00e2tisseries ainsi que les points de vente de volailles, gr\u00e2ce aux \u00e9quipes d\u00e9ploy\u00e9es dans les r\u00e9gi...","og_url":"https:\/\/www.webdo.tn\/fr\/actualite\/national\/tunisie-fete-de-fin-d-annee-sept-tonnes-de-produits-alimentaires-saisies\/218552\/","og_site_name":"webdo","article_publisher":"https:\/\/www.facebook.com\/webdotn","article_published_time":"2024-12-24T09:33:00+00:00","article_modified_time":"2025-05-20T22:22:18+00:00","og_image":[{"width":703,"height":375,"url":"https:\/\/www.webdo.tn\/fr\/wp-content\/uploads\/2024\/12\/57ba71921d47b8b28893dd6975ef6d33.webp","type":"image\/webp"}],"author":"KJ","twitter_card":"summary_large_image","twitter_creator":"@webdo_tn","twitter_site":"@webdo_tn","twitter_misc":{"\u00c9crit par":"KJ","Dur\u00e9e de lecture estim\u00e9e":"1 minute"},"schema":{"@context":"https:\/\/schema.org","@graph":[{"@type":"NewsArticle","@id":"https:\/\/www.webdo.tn\/fr\/actualite\/national\/tunisie-fete-de-fin-d-annee-sept-tonnes-de-produits-alimentaires-saisies\/218552\/#article","isPartOf":{"@id":"https:\/\/www.webdo.tn\/fr\/actualite\/national\/tunisie-fete-de-fin-d-annee-sept-tonnes-de-produits-alimentaires-saisies\/218552\/"},"author":{"name":"KJ","@id":"https:\/\/www.webdo.tn\/fr\/#\/schema\/person\/82ca085b22037d285e1a3c4b65ba5f71"},"headline":"Tunisie \u2013 F\u00eate de fin d\u2019ann\u00e9e : Sept tonnes de produits alimentaires saisies","datePublished":"2024-12-24T09:33:00+00:00","dateModified":"2025-05-20T22:22:18+00:00","mainEntityOfPage":{"@id":"https:\/\/www.webdo.tn\/fr\/actualite\/national\/tunisie-fete-de-fin-d-annee-sept-tonnes-de-produits-alimentaires-saisies\/218552\/"},"wordCount":228,"commentCount":0,"publisher":{"@id":"https:\/\/www.webdo.tn\/fr\/#organization"},"image":{"@id":"https:\/\/www.webdo.tn\/fr\/actualite\/national\/tunisie-fete-de-fin-d-annee-sept-tonnes-de-produits-alimentaires-saisies\/218552\/#primaryimage"},"thumbnailUrl":"https:\/\/www.webdo.tn\/fr\/wp-content\/uploads\/2024\/12\/57ba71921d47b8b28893dd6975ef6d33.webp","keywords":["\"f\u00eate de fin d'ann\u00e9e\"]","produits alimentaires","Tunisie"],"articleSection":["National"],"inLanguage":"fr-FR"},{"@type":"WebPage","@id":"https:\/\/www.webdo.tn\/fr\/actualite\/national\/tunisie-fete-de-fin-d-annee-sept-tonnes-de-produits-alimentaires-saisies\/218552\/","url":"https:\/\/www.webdo.tn\/fr\/actualite\/national\/tunisie-fete-de-fin-d-annee-sept-tonnes-de-produits-alimentaires-saisies\/218552\/","name":"Tunisie \u2013 F\u00eate de fin d\u2019ann\u00e9e : Sept tonnes de produits alimentaires saisies","isPartOf":{"@id":"https:\/\/www.webdo.tn\/fr\/#website"},"primaryImageOfPage":{"@id":"https:\/\/www.webdo.tn\/fr\/actualite\/national\/tunisie-fete-de-fin-d-annee-sept-tonnes-de-produits-alimentaires-saisies\/218552\/#primaryimage"},"image":{"@id":"https:\/\/www.webdo.tn\/fr\/actualite\/national\/tunisie-fete-de-fin-d-annee-sept-tonnes-de-produits-alimentaires-saisies\/218552\/#primaryimage"},"thumbnailUrl":"https:\/\/www.webdo.tn\/fr\/wp-content\/uploads\/2024\/12\/57ba71921d47b8b28893dd6975ef6d33.webp","datePublished":"2024-12-24T09:33:00+00:00","dateModified":"2025-05-20T22:22:18+00:00","description":"Ce programme cible les commerces de vente et de fabrication de p\u00e2tisseries ainsi que les points de vente de volailles, gr\u00e2ce aux \u00e9quipes d\u00e9ploy\u00e9es dans les r\u00e9gi...","breadcrumb":{"@id":"https:\/\/www.webdo.tn\/fr\/actualite\/national\/tunisie-fete-de-fin-d-annee-sept-tonnes-de-produits-alimentaires-saisies\/218552\/#breadcrumb"},"inLanguage":"fr-FR","potentialAction":[{"@type":"ReadAction","target":["https:\/\/www.webdo.tn\/fr\/actualite\/national\/tunisie-fete-de-fin-d-annee-sept-tonnes-de-produits-alimentaires-saisies\/218552\/"]}]},{"@type":"ImageObject","inLanguage":"fr-FR","@id":"https:\/\/www.webdo.tn\/fr\/actualite\/national\/tunisie-fete-de-fin-d-annee-sept-tonnes-de-produits-alimentaires-saisies\/218552\/#primaryimage","url":"https:\/\/www.webdo.tn\/fr\/wp-content\/uploads\/2024\/12\/57ba71921d47b8b28893dd6975ef6d33.webp","contentUrl":"https:\/\/www.webdo.tn\/fr\/wp-content\/uploads\/2024\/12\/57ba71921d47b8b28893dd6975ef6d33.webp","width":703,"height":375,"caption":"Tunisie \u2013 F\u00eate de fin d\u2019ann\u00e9e : Sept tonnes de produits alimentaires saisies"},{"@type":"BreadcrumbList","@id":"https:\/\/www.webdo.tn\/fr\/actualite\/national\/tunisie-fete-de-fin-d-annee-sept-tonnes-de-produits-alimentaires-saisies\/218552\/#breadcrumb","itemListElement":[{"@type":"ListItem","position":1,"name":"Accueil","item":"https:\/\/www.webdo.tn\/fr\/"},{"@type":"ListItem","position":2,"name":"Tunisie \u2013 F\u00eate de fin d\u2019ann\u00e9e : Sept tonnes de produits alimentaires saisies"}]},{"@type":"WebSite","@id":"https:\/\/www.webdo.tn\/fr\/#website","url":"https:\/\/www.webdo.tn\/fr\/","name":"webdo","description":"Tunisie - News en Tunisie et \u00e0 l&#039;international sur Webdo.tn","publisher":{"@id":"https:\/\/www.webdo.tn\/fr\/#organization"},"potentialAction":[{"@type":"SearchAction","target":{"@type":"EntryPoint","urlTemplate":"https:\/\/www.webdo.tn\/fr\/?s={search_term_string}"},"query-input":{"@type":"PropertyValueSpecification","valueRequired":true,"valueName":"search_term_string"}}],"inLanguage":"fr-FR"},{"@type":"Organization","@id":"https:\/\/www.webdo.tn\/fr\/#organization","name":"Webdo","alternateName":"Webdo.tn","url":"https:\/\/www.webdo.tn\/fr\/","logo":{"@type":"ImageObject","inLanguage":"fr-FR","@id":"https:\/\/www.webdo.tn\/fr\/#\/schema\/logo\/image\/","url":"https:\/\/www.webdo.tn\/fr\/wp-content\/uploads\/2025\/06\/Webdo-Tunisie_168377.jpg","contentUrl":"https:\/\/www.webdo.tn\/fr\/wp-content\/uploads\/2025\/06\/Webdo-Tunisie_168377.jpg","width":301,"height":301,"caption":"Webdo"},"image":{"@id":"https:\/\/www.webdo.tn\/fr\/#\/schema\/logo\/image\/"},"sameAs":["https:\/\/www.facebook.com\/webdotn","https:\/\/x.com\/webdo_tn"],"description":"Webdo est un m\u00e9dia num\u00e9rique tunisien fond\u00e9 en 2010, sp\u00e9cialis\u00e9 dans l\u2019actualit\u00e9 nationale et internationale, l\u2019\u00e9conomie, la soci\u00e9t\u00e9 et les analyses politiques. Le site s\u2019adresse \u00e0 un large public francophone et couvre l\u2019information tunisienne en temps r\u00e9el.","email":"redac@webdo.tn","legalName":"YNJ SARL","foundingDate":"2010-09-06","numberOfEmployees":{"@type":"QuantitativeValue","minValue":"11","maxValue":"50"}},{"@type":"Person","@id":"https:\/\/www.webdo.tn\/fr\/#\/schema\/person\/82ca085b22037d285e1a3c4b65ba5f71","name":"KJ","image":{"@type":"ImageObject","inLanguage":"fr-FR","@id":"https:\/\/secure.gravatar.com\/avatar\/1a1320de1c1971c893f00068f760b4113d69504aa21273da17ee95650c5944fd?s=96&d=mm&r=g","url":"https:\/\/secure.gravatar.com\/avatar\/1a1320de1c1971c893f00068f760b4113d69504aa21273da17ee95650c5944fd?s=96&d=mm&r=g","contentUrl":"https:\/\/secure.gravatar.com\/avatar\/1a1320de1c1971c893f00068f760b4113d69504aa21273da17ee95650c5944fd?s=96&d=mm&r=g","caption":"KJ"},"url":"https:\/\/www.webdo.tn\/fr\/actualite\/author\/kj\/"}]}},"_links":{"self":[{"href":"https:\/\/www.webdo.tn\/fr\/wp-json\/wp\/v2\/posts\/218552","targetHints":{"allow":["GET"]}}],"collection":[{"href":"https:\/\/www.webdo.tn\/fr\/wp-json\/wp\/v2\/posts"}],"about":[{"href":"https:\/\/www.webdo.tn\/fr\/wp-json\/wp\/v2\/types\/post"}],"author":[{"embeddable":true,"href":"https:\/\/www.webdo.tn\/fr\/wp-json\/wp\/v2\/users\/3163"}],"replies":[{"embeddable":true,"href":"https:\/\/www.webdo.tn\/fr\/wp-json\/wp\/v2\/comments?post=218552"}],"version-history":[{"count":0,"href":"https:\/\/www.webdo.tn\/fr\/wp-json\/wp\/v2\/posts\/218552\/revisions"}],"wp:featuredmedia":[{"embeddable":true,"href":"https:\/\/www.webdo.tn\/fr\/wp-json\/wp\/v2\/media\/291585"}],"wp:attachment":[{"href":"https:\/\/www.webdo.tn\/fr\/wp-json\/wp\/v2\/media?parent=218552"}],"wp:term":[{"taxonomy":"category","embeddable":true,"href":"https:\/\/www.webdo.tn\/fr\/wp-json\/wp\/v2\/categories?post=218552"},{"taxonomy":"post_tag","embeddable":true,"href":"https:\/\/www.webdo.tn\/fr\/wp-json\/wp\/v2\/tags?post=218552"}],"curies":[{"name":"wp","href":"https:\/\/api.w.org\/{rel}","templated":true}]}}