{"id":218550,"date":"2024-12-24T08:37:00","date_gmt":"2024-12-24T08:37:00","guid":{"rendered":"https:\/\/www.webdo.tn\/fr\/blog\/le-vaccin-contre-le-covid-19-a-cause-des-cas-de-myocardite-selon-ce-medecin-tunisien\/218550\/"},"modified":"2025-05-20T22:22:19","modified_gmt":"2025-05-20T22:22:19","slug":"le-vaccin-contre-le-covid-19-a-cause-des-cas-de-myocardite-selon-ce-medecin-tunisien","status":"publish","type":"post","link":"https:\/\/www.webdo.tn\/fr\/actualite\/national\/le-vaccin-contre-le-covid-19-a-cause-des-cas-de-myocardite-selon-ce-medecin-tunisien\/218550\/","title":{"rendered":"Le vaccin contre le COVID-19 a caus\u00e9 des cas de myocardite, selon ce m\u00e9decin tunisien"},"content":{"rendered":"<p>Le secr\u00e9taire g\u00e9n\u00e9ral adjoint charg\u00e9 de la communication \u00e0 l&rsquo;Association tunisienne des maladies et de la chirurgie cardiovasculaires, Dr Rafik Chettaoui, a d\u00e9clar\u00e9 que le vaccin contre le COVID-19 a caus\u00e9 des inflammations cardiaques, mais \u00e0 un taux tr\u00e8s faible.\u00a0<\/p>\n<p>Il a pr\u00e9cis\u00e9 que les statistiques mondiales indiquent qu&rsquo;une personne sur 10 000 est sujette \u00e0 une myocardite \u00e0 la suite de la vaccination.<\/p>\n<p>Lors de son intervention hier lundi 23 d\u00e9cembre 2024 sur les ondes de la radio nationale Dr Rafik Chettaoui a affirm\u00e9 que l&rsquo;inflammation cardiaque est une maladie qui peut \u00eatre trait\u00e9e et gu\u00e9rie.<\/p>\n<p>Il a insist\u00e9 sur le fait qu&rsquo;il n&rsquo;existe aucun lien entre le vaccin contre le coronavirus et les cas de mort subite. Il a, dans ce contexte, exhort\u00e9 tout le monde \u00e0 se faire vacciner et \u00e0 compl\u00e9ter les doses requises.<\/p>\n<p>L\u2019intervenant a \u00e9galement ajout\u00e9 que les probl\u00e8mes cardiovasculaires ne peuvent pas tous \u00eatre li\u00e9s au COVID-19, soulignant que les \u00e9tudes scientifiques ont prouv\u00e9 que la vaccination a permis de mettre fin \u00e0 la pand\u00e9mie et de cr\u00e9er une immunit\u00e9 chez l&rsquo;\u00eatre humain.<\/p>\n<p>Concernant les sympt\u00f4mes de la myocardite, l\u2019invit\u00e9 de la radio nationale a expliqu\u00e9 qu\u2019ils se manifestent principalement par des douleurs au niveau du c\u0153ur, une acc\u00e9l\u00e9ration du rythme cardiaque, une fi\u00e8vre \u00e9lev\u00e9e, et parfois des maux de t\u00eate.<\/p>\n","protected":false},"excerpt":{"rendered":"<p>Il a pr\u00e9cis\u00e9 que les statistiques mondiales indiquent qu&rsquo;une personne sur 10 000 est sujette \u00e0 une myocardite \u00e0 la suite de la vaccination.<\/p>\n","protected":false},"author":3163,"featured_media":291586,"comment_status":"open","ping_status":"closed","sticky":false,"template":"","format":"standard","meta":{"footnotes":""},"categories":[44],"tags":[10797,7520,5871,2608,3348],"class_list":["post-218550","post","type-post","status-publish","format-standard","has-post-thumbnail","hentry","category-national","tag-myocardite","tag-coronavirus","tag-covid-19","tag-tunisie","tag-vaccin"],"yoast_head":"<!-- This site is optimized with the Yoast SEO Premium plugin v27.4 (Yoast SEO v27.5) - https:\/\/yoast.com\/product\/yoast-seo-premium-wordpress\/ -->\n<title>Le vaccin contre le COVID-19 a caus\u00e9 des cas de myocardite, selon ce m\u00e9decin tunisien<\/title>\n<meta name=\"description\" content=\"Il a pr\u00e9cis\u00e9 que les statistiques mondiales indiquent qu&#039;une personne sur 10 000 est sujette \u00e0 une myocardite \u00e0 la suite de la vaccination.\" \/>\n<link rel=\"canonical\" href=\"https:\/\/www.webdo.tn\/fr\/actualite\/national\/le-vaccin-contre-le-covid-19-a-cause-des-cas-de-myocardite-selon-ce-medecin-tunisien\/218550\/\" \/>\n<meta property=\"og:locale\" content=\"fr_FR\" \/>\n<meta property=\"og:type\" content=\"article\" \/>\n<meta property=\"og:title\" content=\"Le vaccin contre le COVID-19 a caus\u00e9 des cas de myocardite, selon ce m\u00e9decin tunisien\" \/>\n<meta property=\"og:description\" content=\"Il a pr\u00e9cis\u00e9 que les statistiques mondiales indiquent qu&#039;une personne sur 10 000 est sujette \u00e0 une myocardite \u00e0 la suite de la vaccination.\" \/>\n<meta property=\"og:url\" content=\"https:\/\/www.webdo.tn\/fr\/actualite\/national\/le-vaccin-contre-le-covid-19-a-cause-des-cas-de-myocardite-selon-ce-medecin-tunisien\/218550\/\" \/>\n<meta property=\"og:site_name\" content=\"webdo\" \/>\n<meta property=\"article:publisher\" content=\"https:\/\/www.facebook.com\/webdotn\" \/>\n<meta property=\"article:published_time\" content=\"2024-12-24T08:37:00+00:00\" \/>\n<meta property=\"article:modified_time\" content=\"2025-05-20T22:22:19+00:00\" \/>\n<meta property=\"og:image\" content=\"https:\/\/www.webdo.tn\/fr\/wp-content\/uploads\/2024\/12\/f70130e78c6ceba5713228ee5d1caf83.webp\" \/>\n\t<meta property=\"og:image:width\" content=\"590\" \/>\n\t<meta property=\"og:image:height\" content=\"315\" \/>\n\t<meta property=\"og:image:type\" content=\"image\/webp\" \/>\n<meta name=\"author\" content=\"KJ\" \/>\n<meta name=\"twitter:card\" content=\"summary_large_image\" \/>\n<meta name=\"twitter:creator\" content=\"@webdo_tn\" \/>\n<meta name=\"twitter:site\" content=\"@webdo_tn\" \/>\n<meta name=\"twitter:label1\" content=\"\u00c9crit par\" \/>\n\t<meta name=\"twitter:data1\" content=\"KJ\" \/>\n\t<meta name=\"twitter:label2\" content=\"Dur\u00e9e de lecture estim\u00e9e\" \/>\n\t<meta name=\"twitter:data2\" content=\"1 minute\" \/>\n<script type=\"application\/ld+json\" class=\"yoast-schema-graph\">{\"@context\":\"https:\\\/\\\/schema.org\",\"@graph\":[{\"@type\":\"NewsArticle\",\"@id\":\"https:\\\/\\\/www.webdo.tn\\\/fr\\\/actualite\\\/national\\\/le-vaccin-contre-le-covid-19-a-cause-des-cas-de-myocardite-selon-ce-medecin-tunisien\\\/218550\\\/#article\",\"isPartOf\":{\"@id\":\"https:\\\/\\\/www.webdo.tn\\\/fr\\\/actualite\\\/national\\\/le-vaccin-contre-le-covid-19-a-cause-des-cas-de-myocardite-selon-ce-medecin-tunisien\\\/218550\\\/\"},\"author\":{\"name\":\"KJ\",\"@id\":\"https:\\\/\\\/www.webdo.tn\\\/fr\\\/#\\\/schema\\\/person\\\/82ca085b22037d285e1a3c4b65ba5f71\"},\"headline\":\"Le vaccin contre le COVID-19 a caus\u00e9 des cas de myocardite, selon ce m\u00e9decin tunisien\",\"datePublished\":\"2024-12-24T08:37:00+00:00\",\"dateModified\":\"2025-05-20T22:22:19+00:00\",\"mainEntityOfPage\":{\"@id\":\"https:\\\/\\\/www.webdo.tn\\\/fr\\\/actualite\\\/national\\\/le-vaccin-contre-le-covid-19-a-cause-des-cas-de-myocardite-selon-ce-medecin-tunisien\\\/218550\\\/\"},\"wordCount\":253,\"commentCount\":0,\"publisher\":{\"@id\":\"https:\\\/\\\/www.webdo.tn\\\/fr\\\/#organization\"},\"image\":{\"@id\":\"https:\\\/\\\/www.webdo.tn\\\/fr\\\/actualite\\\/national\\\/le-vaccin-contre-le-covid-19-a-cause-des-cas-de-myocardite-selon-ce-medecin-tunisien\\\/218550\\\/#primaryimage\"},\"thumbnailUrl\":\"https:\\\/\\\/www.webdo.tn\\\/fr\\\/wp-content\\\/uploads\\\/2024\\\/12\\\/f70130e78c6ceba5713228ee5d1caf83.webp\",\"keywords\":[\"'Myocardite']\",\"Coronavirus\",\"Covid-19\",\"Tunisie\",\"vaccin\"],\"articleSection\":[\"National\"],\"inLanguage\":\"fr-FR\"},{\"@type\":\"WebPage\",\"@id\":\"https:\\\/\\\/www.webdo.tn\\\/fr\\\/actualite\\\/national\\\/le-vaccin-contre-le-covid-19-a-cause-des-cas-de-myocardite-selon-ce-medecin-tunisien\\\/218550\\\/\",\"url\":\"https:\\\/\\\/www.webdo.tn\\\/fr\\\/actualite\\\/national\\\/le-vaccin-contre-le-covid-19-a-cause-des-cas-de-myocardite-selon-ce-medecin-tunisien\\\/218550\\\/\",\"name\":\"Le vaccin contre le COVID-19 a caus\u00e9 des cas de myocardite, selon ce m\u00e9decin tunisien\",\"isPartOf\":{\"@id\":\"https:\\\/\\\/www.webdo.tn\\\/fr\\\/#website\"},\"primaryImageOfPage\":{\"@id\":\"https:\\\/\\\/www.webdo.tn\\\/fr\\\/actualite\\\/national\\\/le-vaccin-contre-le-covid-19-a-cause-des-cas-de-myocardite-selon-ce-medecin-tunisien\\\/218550\\\/#primaryimage\"},\"image\":{\"@id\":\"https:\\\/\\\/www.webdo.tn\\\/fr\\\/actualite\\\/national\\\/le-vaccin-contre-le-covid-19-a-cause-des-cas-de-myocardite-selon-ce-medecin-tunisien\\\/218550\\\/#primaryimage\"},\"thumbnailUrl\":\"https:\\\/\\\/www.webdo.tn\\\/fr\\\/wp-content\\\/uploads\\\/2024\\\/12\\\/f70130e78c6ceba5713228ee5d1caf83.webp\",\"datePublished\":\"2024-12-24T08:37:00+00:00\",\"dateModified\":\"2025-05-20T22:22:19+00:00\",\"description\":\"Il a pr\u00e9cis\u00e9 que les statistiques mondiales indiquent qu'une personne sur 10 000 est sujette \u00e0 une myocardite \u00e0 la suite de la vaccination.\",\"breadcrumb\":{\"@id\":\"https:\\\/\\\/www.webdo.tn\\\/fr\\\/actualite\\\/national\\\/le-vaccin-contre-le-covid-19-a-cause-des-cas-de-myocardite-selon-ce-medecin-tunisien\\\/218550\\\/#breadcrumb\"},\"inLanguage\":\"fr-FR\",\"potentialAction\":[{\"@type\":\"ReadAction\",\"target\":[\"https:\\\/\\\/www.webdo.tn\\\/fr\\\/actualite\\\/national\\\/le-vaccin-contre-le-covid-19-a-cause-des-cas-de-myocardite-selon-ce-medecin-tunisien\\\/218550\\\/\"]}]},{\"@type\":\"ImageObject\",\"inLanguage\":\"fr-FR\",\"@id\":\"https:\\\/\\\/www.webdo.tn\\\/fr\\\/actualite\\\/national\\\/le-vaccin-contre-le-covid-19-a-cause-des-cas-de-myocardite-selon-ce-medecin-tunisien\\\/218550\\\/#primaryimage\",\"url\":\"https:\\\/\\\/www.webdo.tn\\\/fr\\\/wp-content\\\/uploads\\\/2024\\\/12\\\/f70130e78c6ceba5713228ee5d1caf83.webp\",\"contentUrl\":\"https:\\\/\\\/www.webdo.tn\\\/fr\\\/wp-content\\\/uploads\\\/2024\\\/12\\\/f70130e78c6ceba5713228ee5d1caf83.webp\",\"width\":590,\"height\":315,\"caption\":\"Le vaccin contre le COVID-19 a caus\u00e9 des cas de myocardite, selon ce m\u00e9decin tunisien\"},{\"@type\":\"BreadcrumbList\",\"@id\":\"https:\\\/\\\/www.webdo.tn\\\/fr\\\/actualite\\\/national\\\/le-vaccin-contre-le-covid-19-a-cause-des-cas-de-myocardite-selon-ce-medecin-tunisien\\\/218550\\\/#breadcrumb\",\"itemListElement\":[{\"@type\":\"ListItem\",\"position\":1,\"name\":\"Accueil\",\"item\":\"https:\\\/\\\/www.webdo.tn\\\/fr\\\/\"},{\"@type\":\"ListItem\",\"position\":2,\"name\":\"Le vaccin contre le COVID-19 a caus\u00e9 des cas de myocardite, selon ce m\u00e9decin tunisien\"}]},{\"@type\":\"WebSite\",\"@id\":\"https:\\\/\\\/www.webdo.tn\\\/fr\\\/#website\",\"url\":\"https:\\\/\\\/www.webdo.tn\\\/fr\\\/\",\"name\":\"webdo\",\"description\":\"Tunisie - News en Tunisie et \u00e0 l&#039;international sur Webdo.tn\",\"publisher\":{\"@id\":\"https:\\\/\\\/www.webdo.tn\\\/fr\\\/#organization\"},\"potentialAction\":[{\"@type\":\"SearchAction\",\"target\":{\"@type\":\"EntryPoint\",\"urlTemplate\":\"https:\\\/\\\/www.webdo.tn\\\/fr\\\/?s={search_term_string}\"},\"query-input\":{\"@type\":\"PropertyValueSpecification\",\"valueRequired\":true,\"valueName\":\"search_term_string\"}}],\"inLanguage\":\"fr-FR\"},{\"@type\":\"Organization\",\"@id\":\"https:\\\/\\\/www.webdo.tn\\\/fr\\\/#organization\",\"name\":\"Webdo\",\"alternateName\":\"Webdo.tn\",\"url\":\"https:\\\/\\\/www.webdo.tn\\\/fr\\\/\",\"logo\":{\"@type\":\"ImageObject\",\"inLanguage\":\"fr-FR\",\"@id\":\"https:\\\/\\\/www.webdo.tn\\\/fr\\\/#\\\/schema\\\/logo\\\/image\\\/\",\"url\":\"https:\\\/\\\/www.webdo.tn\\\/fr\\\/wp-content\\\/uploads\\\/2025\\\/06\\\/Webdo-Tunisie_168377.jpg\",\"contentUrl\":\"https:\\\/\\\/www.webdo.tn\\\/fr\\\/wp-content\\\/uploads\\\/2025\\\/06\\\/Webdo-Tunisie_168377.jpg\",\"width\":301,\"height\":301,\"caption\":\"Webdo\"},\"image\":{\"@id\":\"https:\\\/\\\/www.webdo.tn\\\/fr\\\/#\\\/schema\\\/logo\\\/image\\\/\"},\"sameAs\":[\"https:\\\/\\\/www.facebook.com\\\/webdotn\",\"https:\\\/\\\/x.com\\\/webdo_tn\"],\"description\":\"Webdo est un m\u00e9dia num\u00e9rique tunisien fond\u00e9 en 2010, sp\u00e9cialis\u00e9 dans l\u2019actualit\u00e9 nationale et internationale, l\u2019\u00e9conomie, la soci\u00e9t\u00e9 et les analyses politiques. Le site s\u2019adresse \u00e0 un large public francophone et couvre l\u2019information tunisienne en temps r\u00e9el.\",\"email\":\"redac@webdo.tn\",\"legalName\":\"YNJ SARL\",\"foundingDate\":\"2010-09-06\",\"numberOfEmployees\":{\"@type\":\"QuantitativeValue\",\"minValue\":\"11\",\"maxValue\":\"50\"}},{\"@type\":\"Person\",\"@id\":\"https:\\\/\\\/www.webdo.tn\\\/fr\\\/#\\\/schema\\\/person\\\/82ca085b22037d285e1a3c4b65ba5f71\",\"name\":\"KJ\",\"image\":{\"@type\":\"ImageObject\",\"inLanguage\":\"fr-FR\",\"@id\":\"https:\\\/\\\/secure.gravatar.com\\\/avatar\\\/1a1320de1c1971c893f00068f760b4113d69504aa21273da17ee95650c5944fd?s=96&d=mm&r=g\",\"url\":\"https:\\\/\\\/secure.gravatar.com\\\/avatar\\\/1a1320de1c1971c893f00068f760b4113d69504aa21273da17ee95650c5944fd?s=96&d=mm&r=g\",\"contentUrl\":\"https:\\\/\\\/secure.gravatar.com\\\/avatar\\\/1a1320de1c1971c893f00068f760b4113d69504aa21273da17ee95650c5944fd?s=96&d=mm&r=g\",\"caption\":\"KJ\"},\"url\":\"https:\\\/\\\/www.webdo.tn\\\/fr\\\/actualite\\\/author\\\/kj\\\/\"}]}<\/script>\n<!-- \/ Yoast SEO Premium plugin. -->","yoast_head_json":{"title":"Le vaccin contre le COVID-19 a caus\u00e9 des cas de myocardite, selon ce m\u00e9decin tunisien","description":"Il a pr\u00e9cis\u00e9 que les statistiques mondiales indiquent qu'une personne sur 10 000 est sujette \u00e0 une myocardite \u00e0 la suite de la vaccination.","canonical":"https:\/\/www.webdo.tn\/fr\/actualite\/national\/le-vaccin-contre-le-covid-19-a-cause-des-cas-de-myocardite-selon-ce-medecin-tunisien\/218550\/","og_locale":"fr_FR","og_type":"article","og_title":"Le vaccin contre le COVID-19 a caus\u00e9 des cas de myocardite, selon ce m\u00e9decin tunisien","og_description":"Il a pr\u00e9cis\u00e9 que les statistiques mondiales indiquent qu'une personne sur 10 000 est sujette \u00e0 une myocardite \u00e0 la suite de la vaccination.","og_url":"https:\/\/www.webdo.tn\/fr\/actualite\/national\/le-vaccin-contre-le-covid-19-a-cause-des-cas-de-myocardite-selon-ce-medecin-tunisien\/218550\/","og_site_name":"webdo","article_publisher":"https:\/\/www.facebook.com\/webdotn","article_published_time":"2024-12-24T08:37:00+00:00","article_modified_time":"2025-05-20T22:22:19+00:00","og_image":[{"width":590,"height":315,"url":"https:\/\/www.webdo.tn\/fr\/wp-content\/uploads\/2024\/12\/f70130e78c6ceba5713228ee5d1caf83.webp","type":"image\/webp"}],"author":"KJ","twitter_card":"summary_large_image","twitter_creator":"@webdo_tn","twitter_site":"@webdo_tn","twitter_misc":{"\u00c9crit par":"KJ","Dur\u00e9e de lecture estim\u00e9e":"1 minute"},"schema":{"@context":"https:\/\/schema.org","@graph":[{"@type":"NewsArticle","@id":"https:\/\/www.webdo.tn\/fr\/actualite\/national\/le-vaccin-contre-le-covid-19-a-cause-des-cas-de-myocardite-selon-ce-medecin-tunisien\/218550\/#article","isPartOf":{"@id":"https:\/\/www.webdo.tn\/fr\/actualite\/national\/le-vaccin-contre-le-covid-19-a-cause-des-cas-de-myocardite-selon-ce-medecin-tunisien\/218550\/"},"author":{"name":"KJ","@id":"https:\/\/www.webdo.tn\/fr\/#\/schema\/person\/82ca085b22037d285e1a3c4b65ba5f71"},"headline":"Le vaccin contre le COVID-19 a caus\u00e9 des cas de myocardite, selon ce m\u00e9decin tunisien","datePublished":"2024-12-24T08:37:00+00:00","dateModified":"2025-05-20T22:22:19+00:00","mainEntityOfPage":{"@id":"https:\/\/www.webdo.tn\/fr\/actualite\/national\/le-vaccin-contre-le-covid-19-a-cause-des-cas-de-myocardite-selon-ce-medecin-tunisien\/218550\/"},"wordCount":253,"commentCount":0,"publisher":{"@id":"https:\/\/www.webdo.tn\/fr\/#organization"},"image":{"@id":"https:\/\/www.webdo.tn\/fr\/actualite\/national\/le-vaccin-contre-le-covid-19-a-cause-des-cas-de-myocardite-selon-ce-medecin-tunisien\/218550\/#primaryimage"},"thumbnailUrl":"https:\/\/www.webdo.tn\/fr\/wp-content\/uploads\/2024\/12\/f70130e78c6ceba5713228ee5d1caf83.webp","keywords":["'Myocardite']","Coronavirus","Covid-19","Tunisie","vaccin"],"articleSection":["National"],"inLanguage":"fr-FR"},{"@type":"WebPage","@id":"https:\/\/www.webdo.tn\/fr\/actualite\/national\/le-vaccin-contre-le-covid-19-a-cause-des-cas-de-myocardite-selon-ce-medecin-tunisien\/218550\/","url":"https:\/\/www.webdo.tn\/fr\/actualite\/national\/le-vaccin-contre-le-covid-19-a-cause-des-cas-de-myocardite-selon-ce-medecin-tunisien\/218550\/","name":"Le vaccin contre le COVID-19 a caus\u00e9 des cas de myocardite, selon ce m\u00e9decin tunisien","isPartOf":{"@id":"https:\/\/www.webdo.tn\/fr\/#website"},"primaryImageOfPage":{"@id":"https:\/\/www.webdo.tn\/fr\/actualite\/national\/le-vaccin-contre-le-covid-19-a-cause-des-cas-de-myocardite-selon-ce-medecin-tunisien\/218550\/#primaryimage"},"image":{"@id":"https:\/\/www.webdo.tn\/fr\/actualite\/national\/le-vaccin-contre-le-covid-19-a-cause-des-cas-de-myocardite-selon-ce-medecin-tunisien\/218550\/#primaryimage"},"thumbnailUrl":"https:\/\/www.webdo.tn\/fr\/wp-content\/uploads\/2024\/12\/f70130e78c6ceba5713228ee5d1caf83.webp","datePublished":"2024-12-24T08:37:00+00:00","dateModified":"2025-05-20T22:22:19+00:00","description":"Il a pr\u00e9cis\u00e9 que les statistiques mondiales indiquent qu'une personne sur 10 000 est sujette \u00e0 une myocardite \u00e0 la suite de la vaccination.","breadcrumb":{"@id":"https:\/\/www.webdo.tn\/fr\/actualite\/national\/le-vaccin-contre-le-covid-19-a-cause-des-cas-de-myocardite-selon-ce-medecin-tunisien\/218550\/#breadcrumb"},"inLanguage":"fr-FR","potentialAction":[{"@type":"ReadAction","target":["https:\/\/www.webdo.tn\/fr\/actualite\/national\/le-vaccin-contre-le-covid-19-a-cause-des-cas-de-myocardite-selon-ce-medecin-tunisien\/218550\/"]}]},{"@type":"ImageObject","inLanguage":"fr-FR","@id":"https:\/\/www.webdo.tn\/fr\/actualite\/national\/le-vaccin-contre-le-covid-19-a-cause-des-cas-de-myocardite-selon-ce-medecin-tunisien\/218550\/#primaryimage","url":"https:\/\/www.webdo.tn\/fr\/wp-content\/uploads\/2024\/12\/f70130e78c6ceba5713228ee5d1caf83.webp","contentUrl":"https:\/\/www.webdo.tn\/fr\/wp-content\/uploads\/2024\/12\/f70130e78c6ceba5713228ee5d1caf83.webp","width":590,"height":315,"caption":"Le vaccin contre le COVID-19 a caus\u00e9 des cas de myocardite, selon ce m\u00e9decin tunisien"},{"@type":"BreadcrumbList","@id":"https:\/\/www.webdo.tn\/fr\/actualite\/national\/le-vaccin-contre-le-covid-19-a-cause-des-cas-de-myocardite-selon-ce-medecin-tunisien\/218550\/#breadcrumb","itemListElement":[{"@type":"ListItem","position":1,"name":"Accueil","item":"https:\/\/www.webdo.tn\/fr\/"},{"@type":"ListItem","position":2,"name":"Le vaccin contre le COVID-19 a caus\u00e9 des cas de myocardite, selon ce m\u00e9decin tunisien"}]},{"@type":"WebSite","@id":"https:\/\/www.webdo.tn\/fr\/#website","url":"https:\/\/www.webdo.tn\/fr\/","name":"webdo","description":"Tunisie - News en Tunisie et \u00e0 l&#039;international sur Webdo.tn","publisher":{"@id":"https:\/\/www.webdo.tn\/fr\/#organization"},"potentialAction":[{"@type":"SearchAction","target":{"@type":"EntryPoint","urlTemplate":"https:\/\/www.webdo.tn\/fr\/?s={search_term_string}"},"query-input":{"@type":"PropertyValueSpecification","valueRequired":true,"valueName":"search_term_string"}}],"inLanguage":"fr-FR"},{"@type":"Organization","@id":"https:\/\/www.webdo.tn\/fr\/#organization","name":"Webdo","alternateName":"Webdo.tn","url":"https:\/\/www.webdo.tn\/fr\/","logo":{"@type":"ImageObject","inLanguage":"fr-FR","@id":"https:\/\/www.webdo.tn\/fr\/#\/schema\/logo\/image\/","url":"https:\/\/www.webdo.tn\/fr\/wp-content\/uploads\/2025\/06\/Webdo-Tunisie_168377.jpg","contentUrl":"https:\/\/www.webdo.tn\/fr\/wp-content\/uploads\/2025\/06\/Webdo-Tunisie_168377.jpg","width":301,"height":301,"caption":"Webdo"},"image":{"@id":"https:\/\/www.webdo.tn\/fr\/#\/schema\/logo\/image\/"},"sameAs":["https:\/\/www.facebook.com\/webdotn","https:\/\/x.com\/webdo_tn"],"description":"Webdo est un m\u00e9dia num\u00e9rique tunisien fond\u00e9 en 2010, sp\u00e9cialis\u00e9 dans l\u2019actualit\u00e9 nationale et internationale, l\u2019\u00e9conomie, la soci\u00e9t\u00e9 et les analyses politiques. Le site s\u2019adresse \u00e0 un large public francophone et couvre l\u2019information tunisienne en temps r\u00e9el.","email":"redac@webdo.tn","legalName":"YNJ SARL","foundingDate":"2010-09-06","numberOfEmployees":{"@type":"QuantitativeValue","minValue":"11","maxValue":"50"}},{"@type":"Person","@id":"https:\/\/www.webdo.tn\/fr\/#\/schema\/person\/82ca085b22037d285e1a3c4b65ba5f71","name":"KJ","image":{"@type":"ImageObject","inLanguage":"fr-FR","@id":"https:\/\/secure.gravatar.com\/avatar\/1a1320de1c1971c893f00068f760b4113d69504aa21273da17ee95650c5944fd?s=96&d=mm&r=g","url":"https:\/\/secure.gravatar.com\/avatar\/1a1320de1c1971c893f00068f760b4113d69504aa21273da17ee95650c5944fd?s=96&d=mm&r=g","contentUrl":"https:\/\/secure.gravatar.com\/avatar\/1a1320de1c1971c893f00068f760b4113d69504aa21273da17ee95650c5944fd?s=96&d=mm&r=g","caption":"KJ"},"url":"https:\/\/www.webdo.tn\/fr\/actualite\/author\/kj\/"}]}},"_links":{"self":[{"href":"https:\/\/www.webdo.tn\/fr\/wp-json\/wp\/v2\/posts\/218550","targetHints":{"allow":["GET"]}}],"collection":[{"href":"https:\/\/www.webdo.tn\/fr\/wp-json\/wp\/v2\/posts"}],"about":[{"href":"https:\/\/www.webdo.tn\/fr\/wp-json\/wp\/v2\/types\/post"}],"author":[{"embeddable":true,"href":"https:\/\/www.webdo.tn\/fr\/wp-json\/wp\/v2\/users\/3163"}],"replies":[{"embeddable":true,"href":"https:\/\/www.webdo.tn\/fr\/wp-json\/wp\/v2\/comments?post=218550"}],"version-history":[{"count":0,"href":"https:\/\/www.webdo.tn\/fr\/wp-json\/wp\/v2\/posts\/218550\/revisions"}],"wp:featuredmedia":[{"embeddable":true,"href":"https:\/\/www.webdo.tn\/fr\/wp-json\/wp\/v2\/media\/291586"}],"wp:attachment":[{"href":"https:\/\/www.webdo.tn\/fr\/wp-json\/wp\/v2\/media?parent=218550"}],"wp:term":[{"taxonomy":"category","embeddable":true,"href":"https:\/\/www.webdo.tn\/fr\/wp-json\/wp\/v2\/categories?post=218550"},{"taxonomy":"post_tag","embeddable":true,"href":"https:\/\/www.webdo.tn\/fr\/wp-json\/wp\/v2\/tags?post=218550"}],"curies":[{"name":"wp","href":"https:\/\/api.w.org\/{rel}","templated":true}]}}