{"id":218547,"date":"2024-12-24T08:01:00","date_gmt":"2024-12-24T08:01:00","guid":{"rendered":"https:\/\/www.webdo.tn\/fr\/blog\/tunisie-diplomatie-kais-saied-appelle-a-diversifier-les-relations-de-cooperation\/218547\/"},"modified":"2025-05-20T22:22:17","modified_gmt":"2025-05-20T22:22:17","slug":"tunisie-diplomatie-kais-saied-appelle-a-diversifier-les-relations-de-cooperation","status":"publish","type":"post","link":"https:\/\/www.webdo.tn\/fr\/actualite\/national\/tunisie-diplomatie-kais-saied-appelle-a-diversifier-les-relations-de-cooperation\/218547\/","title":{"rendered":"Tunisie &#8211; Diplomatie : Kais Saied appelle \u00e0 diversifier les relations de coop\u00e9ration"},"content":{"rendered":"<p>Le Pr\u00e9sident de la R\u00e9publique, Kais Saied, a re\u00e7u hier lundi 23 d\u00e9cembre 2024 au Palais de Carthage le ministre des Affaires \u00e9trang\u00e8res, de la Migration et des Tunisiens \u00e0 l\u2019\u00e9tranger, Mohamed Ali Nafti.<\/p>\n<p>\t\t\t\t\t\t\t\t\tLe Chef de l\u2019\u00c9tat a soulign\u00e9 les principes fondamentaux de la diplomatie tunisienne dans un contexte marqu\u00e9 par les transformations rapides que conna\u00eet le monde entier.<br \/>\nIl a appel\u00e9 \u00e0 intensifier le travail diplomatique et consulaire sous tous ses aspects afin de renforcer et de diversifier les relations de coop\u00e9ration et de partenariat de la Tunisie aux niveaux bilat\u00e9ral et multilat\u00e9ral, dans le respect de l\u2019int\u00e9r\u00eat commun, de la r\u00e9ciprocit\u00e9 et de l\u2019ind\u00e9pendance des d\u00e9cisions nationales.<\/p>\n<p>Saied a \u00e9galement insist\u00e9 sur la n\u00e9cessit\u00e9 de bien se pr\u00e9parer aux \u00e9ch\u00e9ances bilat\u00e9rales, r\u00e9gionales et internationales \u00e0 venir, afin que la diplomatie tunisienne continue de jouer un r\u00f4le central dans la d\u00e9fense des int\u00e9r\u00eats du pays et de contribuer activement \u00e0 la s\u00e9curit\u00e9, \u00e0 la stabilit\u00e9 et au d\u00e9veloppement dans le monde.<\/p>\n<p>\u00c0 cette occasion, le Pr\u00e9sident de la R\u00e9publique a r\u00e9affirm\u00e9 que la Tunisie appelle \u00e0 l\u2019\u00e9tablissement d\u2019un nouvel ordre humain avanc\u00e9 par rapport \u00e0 l\u2019actuel ordre international. Elle continuera de d\u00e9fendre les causes de justice et de droit, en particulier le droit du peuple palestinien \u00e0 l\u2019autod\u00e9termination et \u00e0 la cr\u00e9ation de son \u00c9tat ind\u00e9pendant sur l\u2019ensemble du territoire palestinien, avec pour capitale Al-Qods Al-Charif.<\/p>\n","protected":false},"excerpt":{"rendered":"<p>Le Chef de l\u2019\u00c9tat a soulign\u00e9 les principes fondamentaux de la diplomatie tunisienne dans un contexte marqu\u00e9 par les transformations rapides que conna\u00eet le monde&#8230;<\/p>\n","protected":false},"author":3163,"featured_media":291581,"comment_status":"open","ping_status":"closed","sticky":false,"template":"","format":"standard","meta":{"footnotes":""},"categories":[44],"tags":[2990,2614,2608],"class_list":["post-218547","post","type-post","status-publish","format-standard","has-post-thumbnail","hentry","category-national","tag-diplomatie","tag-kais-saied","tag-tunisie"],"yoast_head":"<!-- This site is optimized with the Yoast SEO Premium plugin v27.4 (Yoast SEO v27.5) - https:\/\/yoast.com\/product\/yoast-seo-premium-wordpress\/ -->\n<title>Tunisie - Diplomatie : Kais Saied appelle \u00e0 diversifier les relations de coop\u00e9ration<\/title>\n<meta name=\"description\" content=\"Le Chef de l\u2019\u00c9tat a soulign\u00e9 les principes fondamentaux de la diplomatie tunisienne dans un contexte marqu\u00e9 par les transformations rapides que conna\u00eet le monde...\" \/>\n<link rel=\"canonical\" href=\"https:\/\/www.webdo.tn\/fr\/actualite\/national\/tunisie-diplomatie-kais-saied-appelle-a-diversifier-les-relations-de-cooperation\/218547\/\" \/>\n<meta property=\"og:locale\" content=\"fr_FR\" \/>\n<meta property=\"og:type\" content=\"article\" \/>\n<meta property=\"og:title\" content=\"Tunisie - Diplomatie : Kais Saied appelle \u00e0 diversifier les relations de coop\u00e9ration\" \/>\n<meta property=\"og:description\" content=\"Le Chef de l\u2019\u00c9tat a soulign\u00e9 les principes fondamentaux de la diplomatie tunisienne dans un contexte marqu\u00e9 par les transformations rapides que conna\u00eet le monde...\" \/>\n<meta property=\"og:url\" content=\"https:\/\/www.webdo.tn\/fr\/actualite\/national\/tunisie-diplomatie-kais-saied-appelle-a-diversifier-les-relations-de-cooperation\/218547\/\" \/>\n<meta property=\"og:site_name\" content=\"webdo\" \/>\n<meta property=\"article:publisher\" content=\"https:\/\/www.facebook.com\/webdotn\" \/>\n<meta property=\"article:published_time\" content=\"2024-12-24T08:01:00+00:00\" \/>\n<meta property=\"article:modified_time\" content=\"2025-05-20T22:22:17+00:00\" \/>\n<meta property=\"og:image\" content=\"https:\/\/www.webdo.tn\/fr\/wp-content\/uploads\/2024\/12\/40e3c70b6423045be188a350d6def401.webp\" \/>\n\t<meta property=\"og:image:width\" content=\"750\" \/>\n\t<meta property=\"og:image:height\" content=\"400\" \/>\n\t<meta property=\"og:image:type\" content=\"image\/webp\" \/>\n<meta name=\"author\" content=\"KJ\" \/>\n<meta name=\"twitter:card\" content=\"summary_large_image\" \/>\n<meta name=\"twitter:creator\" content=\"@webdo_tn\" \/>\n<meta name=\"twitter:site\" content=\"@webdo_tn\" \/>\n<meta name=\"twitter:label1\" content=\"\u00c9crit par\" \/>\n\t<meta name=\"twitter:data1\" content=\"KJ\" \/>\n\t<meta name=\"twitter:label2\" content=\"Dur\u00e9e de lecture estim\u00e9e\" \/>\n\t<meta name=\"twitter:data2\" content=\"1 minute\" \/>\n<script type=\"application\/ld+json\" class=\"yoast-schema-graph\">{\"@context\":\"https:\\\/\\\/schema.org\",\"@graph\":[{\"@type\":\"NewsArticle\",\"@id\":\"https:\\\/\\\/www.webdo.tn\\\/fr\\\/actualite\\\/national\\\/tunisie-diplomatie-kais-saied-appelle-a-diversifier-les-relations-de-cooperation\\\/218547\\\/#article\",\"isPartOf\":{\"@id\":\"https:\\\/\\\/www.webdo.tn\\\/fr\\\/actualite\\\/national\\\/tunisie-diplomatie-kais-saied-appelle-a-diversifier-les-relations-de-cooperation\\\/218547\\\/\"},\"author\":{\"name\":\"KJ\",\"@id\":\"https:\\\/\\\/www.webdo.tn\\\/fr\\\/#\\\/schema\\\/person\\\/82ca085b22037d285e1a3c4b65ba5f71\"},\"headline\":\"Tunisie &#8211; Diplomatie : Kais Saied appelle \u00e0 diversifier les relations de coop\u00e9ration\",\"datePublished\":\"2024-12-24T08:01:00+00:00\",\"dateModified\":\"2025-05-20T22:22:17+00:00\",\"mainEntityOfPage\":{\"@id\":\"https:\\\/\\\/www.webdo.tn\\\/fr\\\/actualite\\\/national\\\/tunisie-diplomatie-kais-saied-appelle-a-diversifier-les-relations-de-cooperation\\\/218547\\\/\"},\"wordCount\":269,\"commentCount\":0,\"publisher\":{\"@id\":\"https:\\\/\\\/www.webdo.tn\\\/fr\\\/#organization\"},\"image\":{\"@id\":\"https:\\\/\\\/www.webdo.tn\\\/fr\\\/actualite\\\/national\\\/tunisie-diplomatie-kais-saied-appelle-a-diversifier-les-relations-de-cooperation\\\/218547\\\/#primaryimage\"},\"thumbnailUrl\":\"https:\\\/\\\/www.webdo.tn\\\/fr\\\/wp-content\\\/uploads\\\/2024\\\/12\\\/40e3c70b6423045be188a350d6def401.webp\",\"keywords\":[\"Diplomatie\",\"Kais Saied\",\"Tunisie\"],\"articleSection\":[\"National\"],\"inLanguage\":\"fr-FR\"},{\"@type\":\"WebPage\",\"@id\":\"https:\\\/\\\/www.webdo.tn\\\/fr\\\/actualite\\\/national\\\/tunisie-diplomatie-kais-saied-appelle-a-diversifier-les-relations-de-cooperation\\\/218547\\\/\",\"url\":\"https:\\\/\\\/www.webdo.tn\\\/fr\\\/actualite\\\/national\\\/tunisie-diplomatie-kais-saied-appelle-a-diversifier-les-relations-de-cooperation\\\/218547\\\/\",\"name\":\"Tunisie - Diplomatie : Kais Saied appelle \u00e0 diversifier les relations de coop\u00e9ration\",\"isPartOf\":{\"@id\":\"https:\\\/\\\/www.webdo.tn\\\/fr\\\/#website\"},\"primaryImageOfPage\":{\"@id\":\"https:\\\/\\\/www.webdo.tn\\\/fr\\\/actualite\\\/national\\\/tunisie-diplomatie-kais-saied-appelle-a-diversifier-les-relations-de-cooperation\\\/218547\\\/#primaryimage\"},\"image\":{\"@id\":\"https:\\\/\\\/www.webdo.tn\\\/fr\\\/actualite\\\/national\\\/tunisie-diplomatie-kais-saied-appelle-a-diversifier-les-relations-de-cooperation\\\/218547\\\/#primaryimage\"},\"thumbnailUrl\":\"https:\\\/\\\/www.webdo.tn\\\/fr\\\/wp-content\\\/uploads\\\/2024\\\/12\\\/40e3c70b6423045be188a350d6def401.webp\",\"datePublished\":\"2024-12-24T08:01:00+00:00\",\"dateModified\":\"2025-05-20T22:22:17+00:00\",\"description\":\"Le Chef de l\u2019\u00c9tat a soulign\u00e9 les principes fondamentaux de la diplomatie tunisienne dans un contexte marqu\u00e9 par les transformations rapides que conna\u00eet le monde...\",\"breadcrumb\":{\"@id\":\"https:\\\/\\\/www.webdo.tn\\\/fr\\\/actualite\\\/national\\\/tunisie-diplomatie-kais-saied-appelle-a-diversifier-les-relations-de-cooperation\\\/218547\\\/#breadcrumb\"},\"inLanguage\":\"fr-FR\",\"potentialAction\":[{\"@type\":\"ReadAction\",\"target\":[\"https:\\\/\\\/www.webdo.tn\\\/fr\\\/actualite\\\/national\\\/tunisie-diplomatie-kais-saied-appelle-a-diversifier-les-relations-de-cooperation\\\/218547\\\/\"]}]},{\"@type\":\"ImageObject\",\"inLanguage\":\"fr-FR\",\"@id\":\"https:\\\/\\\/www.webdo.tn\\\/fr\\\/actualite\\\/national\\\/tunisie-diplomatie-kais-saied-appelle-a-diversifier-les-relations-de-cooperation\\\/218547\\\/#primaryimage\",\"url\":\"https:\\\/\\\/www.webdo.tn\\\/fr\\\/wp-content\\\/uploads\\\/2024\\\/12\\\/40e3c70b6423045be188a350d6def401.webp\",\"contentUrl\":\"https:\\\/\\\/www.webdo.tn\\\/fr\\\/wp-content\\\/uploads\\\/2024\\\/12\\\/40e3c70b6423045be188a350d6def401.webp\",\"width\":750,\"height\":400,\"caption\":\"Tunisie - Diplomatie : Kais Saied appelle \u00e0 diversifier les relations de coop\u00e9ration\"},{\"@type\":\"BreadcrumbList\",\"@id\":\"https:\\\/\\\/www.webdo.tn\\\/fr\\\/actualite\\\/national\\\/tunisie-diplomatie-kais-saied-appelle-a-diversifier-les-relations-de-cooperation\\\/218547\\\/#breadcrumb\",\"itemListElement\":[{\"@type\":\"ListItem\",\"position\":1,\"name\":\"Accueil\",\"item\":\"https:\\\/\\\/www.webdo.tn\\\/fr\\\/\"},{\"@type\":\"ListItem\",\"position\":2,\"name\":\"Tunisie &#8211; Diplomatie : Kais Saied appelle \u00e0 diversifier les relations de coop\u00e9ration\"}]},{\"@type\":\"WebSite\",\"@id\":\"https:\\\/\\\/www.webdo.tn\\\/fr\\\/#website\",\"url\":\"https:\\\/\\\/www.webdo.tn\\\/fr\\\/\",\"name\":\"webdo\",\"description\":\"Tunisie - News en Tunisie et \u00e0 l&#039;international sur Webdo.tn\",\"publisher\":{\"@id\":\"https:\\\/\\\/www.webdo.tn\\\/fr\\\/#organization\"},\"potentialAction\":[{\"@type\":\"SearchAction\",\"target\":{\"@type\":\"EntryPoint\",\"urlTemplate\":\"https:\\\/\\\/www.webdo.tn\\\/fr\\\/?s={search_term_string}\"},\"query-input\":{\"@type\":\"PropertyValueSpecification\",\"valueRequired\":true,\"valueName\":\"search_term_string\"}}],\"inLanguage\":\"fr-FR\"},{\"@type\":\"Organization\",\"@id\":\"https:\\\/\\\/www.webdo.tn\\\/fr\\\/#organization\",\"name\":\"Webdo\",\"alternateName\":\"Webdo.tn\",\"url\":\"https:\\\/\\\/www.webdo.tn\\\/fr\\\/\",\"logo\":{\"@type\":\"ImageObject\",\"inLanguage\":\"fr-FR\",\"@id\":\"https:\\\/\\\/www.webdo.tn\\\/fr\\\/#\\\/schema\\\/logo\\\/image\\\/\",\"url\":\"https:\\\/\\\/www.webdo.tn\\\/fr\\\/wp-content\\\/uploads\\\/2025\\\/06\\\/Webdo-Tunisie_168377.jpg\",\"contentUrl\":\"https:\\\/\\\/www.webdo.tn\\\/fr\\\/wp-content\\\/uploads\\\/2025\\\/06\\\/Webdo-Tunisie_168377.jpg\",\"width\":301,\"height\":301,\"caption\":\"Webdo\"},\"image\":{\"@id\":\"https:\\\/\\\/www.webdo.tn\\\/fr\\\/#\\\/schema\\\/logo\\\/image\\\/\"},\"sameAs\":[\"https:\\\/\\\/www.facebook.com\\\/webdotn\",\"https:\\\/\\\/x.com\\\/webdo_tn\"],\"description\":\"Webdo est un m\u00e9dia num\u00e9rique tunisien fond\u00e9 en 2010, sp\u00e9cialis\u00e9 dans l\u2019actualit\u00e9 nationale et internationale, l\u2019\u00e9conomie, la soci\u00e9t\u00e9 et les analyses politiques. Le site s\u2019adresse \u00e0 un large public francophone et couvre l\u2019information tunisienne en temps r\u00e9el.\",\"email\":\"redac@webdo.tn\",\"legalName\":\"YNJ SARL\",\"foundingDate\":\"2010-09-06\",\"numberOfEmployees\":{\"@type\":\"QuantitativeValue\",\"minValue\":\"11\",\"maxValue\":\"50\"}},{\"@type\":\"Person\",\"@id\":\"https:\\\/\\\/www.webdo.tn\\\/fr\\\/#\\\/schema\\\/person\\\/82ca085b22037d285e1a3c4b65ba5f71\",\"name\":\"KJ\",\"image\":{\"@type\":\"ImageObject\",\"inLanguage\":\"fr-FR\",\"@id\":\"https:\\\/\\\/secure.gravatar.com\\\/avatar\\\/1a1320de1c1971c893f00068f760b4113d69504aa21273da17ee95650c5944fd?s=96&d=mm&r=g\",\"url\":\"https:\\\/\\\/secure.gravatar.com\\\/avatar\\\/1a1320de1c1971c893f00068f760b4113d69504aa21273da17ee95650c5944fd?s=96&d=mm&r=g\",\"contentUrl\":\"https:\\\/\\\/secure.gravatar.com\\\/avatar\\\/1a1320de1c1971c893f00068f760b4113d69504aa21273da17ee95650c5944fd?s=96&d=mm&r=g\",\"caption\":\"KJ\"},\"url\":\"https:\\\/\\\/www.webdo.tn\\\/fr\\\/actualite\\\/author\\\/kj\\\/\"}]}<\/script>\n<!-- \/ Yoast SEO Premium plugin. -->","yoast_head_json":{"title":"Tunisie - Diplomatie : Kais Saied appelle \u00e0 diversifier les relations de coop\u00e9ration","description":"Le Chef de l\u2019\u00c9tat a soulign\u00e9 les principes fondamentaux de la diplomatie tunisienne dans un contexte marqu\u00e9 par les transformations rapides que conna\u00eet le monde...","canonical":"https:\/\/www.webdo.tn\/fr\/actualite\/national\/tunisie-diplomatie-kais-saied-appelle-a-diversifier-les-relations-de-cooperation\/218547\/","og_locale":"fr_FR","og_type":"article","og_title":"Tunisie - Diplomatie : Kais Saied appelle \u00e0 diversifier les relations de coop\u00e9ration","og_description":"Le Chef de l\u2019\u00c9tat a soulign\u00e9 les principes fondamentaux de la diplomatie tunisienne dans un contexte marqu\u00e9 par les transformations rapides que conna\u00eet le monde...","og_url":"https:\/\/www.webdo.tn\/fr\/actualite\/national\/tunisie-diplomatie-kais-saied-appelle-a-diversifier-les-relations-de-cooperation\/218547\/","og_site_name":"webdo","article_publisher":"https:\/\/www.facebook.com\/webdotn","article_published_time":"2024-12-24T08:01:00+00:00","article_modified_time":"2025-05-20T22:22:17+00:00","og_image":[{"width":750,"height":400,"url":"https:\/\/www.webdo.tn\/fr\/wp-content\/uploads\/2024\/12\/40e3c70b6423045be188a350d6def401.webp","type":"image\/webp"}],"author":"KJ","twitter_card":"summary_large_image","twitter_creator":"@webdo_tn","twitter_site":"@webdo_tn","twitter_misc":{"\u00c9crit par":"KJ","Dur\u00e9e de lecture estim\u00e9e":"1 minute"},"schema":{"@context":"https:\/\/schema.org","@graph":[{"@type":"NewsArticle","@id":"https:\/\/www.webdo.tn\/fr\/actualite\/national\/tunisie-diplomatie-kais-saied-appelle-a-diversifier-les-relations-de-cooperation\/218547\/#article","isPartOf":{"@id":"https:\/\/www.webdo.tn\/fr\/actualite\/national\/tunisie-diplomatie-kais-saied-appelle-a-diversifier-les-relations-de-cooperation\/218547\/"},"author":{"name":"KJ","@id":"https:\/\/www.webdo.tn\/fr\/#\/schema\/person\/82ca085b22037d285e1a3c4b65ba5f71"},"headline":"Tunisie &#8211; Diplomatie : Kais Saied appelle \u00e0 diversifier les relations de coop\u00e9ration","datePublished":"2024-12-24T08:01:00+00:00","dateModified":"2025-05-20T22:22:17+00:00","mainEntityOfPage":{"@id":"https:\/\/www.webdo.tn\/fr\/actualite\/national\/tunisie-diplomatie-kais-saied-appelle-a-diversifier-les-relations-de-cooperation\/218547\/"},"wordCount":269,"commentCount":0,"publisher":{"@id":"https:\/\/www.webdo.tn\/fr\/#organization"},"image":{"@id":"https:\/\/www.webdo.tn\/fr\/actualite\/national\/tunisie-diplomatie-kais-saied-appelle-a-diversifier-les-relations-de-cooperation\/218547\/#primaryimage"},"thumbnailUrl":"https:\/\/www.webdo.tn\/fr\/wp-content\/uploads\/2024\/12\/40e3c70b6423045be188a350d6def401.webp","keywords":["Diplomatie","Kais Saied","Tunisie"],"articleSection":["National"],"inLanguage":"fr-FR"},{"@type":"WebPage","@id":"https:\/\/www.webdo.tn\/fr\/actualite\/national\/tunisie-diplomatie-kais-saied-appelle-a-diversifier-les-relations-de-cooperation\/218547\/","url":"https:\/\/www.webdo.tn\/fr\/actualite\/national\/tunisie-diplomatie-kais-saied-appelle-a-diversifier-les-relations-de-cooperation\/218547\/","name":"Tunisie - Diplomatie : Kais Saied appelle \u00e0 diversifier les relations de coop\u00e9ration","isPartOf":{"@id":"https:\/\/www.webdo.tn\/fr\/#website"},"primaryImageOfPage":{"@id":"https:\/\/www.webdo.tn\/fr\/actualite\/national\/tunisie-diplomatie-kais-saied-appelle-a-diversifier-les-relations-de-cooperation\/218547\/#primaryimage"},"image":{"@id":"https:\/\/www.webdo.tn\/fr\/actualite\/national\/tunisie-diplomatie-kais-saied-appelle-a-diversifier-les-relations-de-cooperation\/218547\/#primaryimage"},"thumbnailUrl":"https:\/\/www.webdo.tn\/fr\/wp-content\/uploads\/2024\/12\/40e3c70b6423045be188a350d6def401.webp","datePublished":"2024-12-24T08:01:00+00:00","dateModified":"2025-05-20T22:22:17+00:00","description":"Le Chef de l\u2019\u00c9tat a soulign\u00e9 les principes fondamentaux de la diplomatie tunisienne dans un contexte marqu\u00e9 par les transformations rapides que conna\u00eet le monde...","breadcrumb":{"@id":"https:\/\/www.webdo.tn\/fr\/actualite\/national\/tunisie-diplomatie-kais-saied-appelle-a-diversifier-les-relations-de-cooperation\/218547\/#breadcrumb"},"inLanguage":"fr-FR","potentialAction":[{"@type":"ReadAction","target":["https:\/\/www.webdo.tn\/fr\/actualite\/national\/tunisie-diplomatie-kais-saied-appelle-a-diversifier-les-relations-de-cooperation\/218547\/"]}]},{"@type":"ImageObject","inLanguage":"fr-FR","@id":"https:\/\/www.webdo.tn\/fr\/actualite\/national\/tunisie-diplomatie-kais-saied-appelle-a-diversifier-les-relations-de-cooperation\/218547\/#primaryimage","url":"https:\/\/www.webdo.tn\/fr\/wp-content\/uploads\/2024\/12\/40e3c70b6423045be188a350d6def401.webp","contentUrl":"https:\/\/www.webdo.tn\/fr\/wp-content\/uploads\/2024\/12\/40e3c70b6423045be188a350d6def401.webp","width":750,"height":400,"caption":"Tunisie - Diplomatie : Kais Saied appelle \u00e0 diversifier les relations de coop\u00e9ration"},{"@type":"BreadcrumbList","@id":"https:\/\/www.webdo.tn\/fr\/actualite\/national\/tunisie-diplomatie-kais-saied-appelle-a-diversifier-les-relations-de-cooperation\/218547\/#breadcrumb","itemListElement":[{"@type":"ListItem","position":1,"name":"Accueil","item":"https:\/\/www.webdo.tn\/fr\/"},{"@type":"ListItem","position":2,"name":"Tunisie &#8211; Diplomatie : Kais Saied appelle \u00e0 diversifier les relations de coop\u00e9ration"}]},{"@type":"WebSite","@id":"https:\/\/www.webdo.tn\/fr\/#website","url":"https:\/\/www.webdo.tn\/fr\/","name":"webdo","description":"Tunisie - News en Tunisie et \u00e0 l&#039;international sur Webdo.tn","publisher":{"@id":"https:\/\/www.webdo.tn\/fr\/#organization"},"potentialAction":[{"@type":"SearchAction","target":{"@type":"EntryPoint","urlTemplate":"https:\/\/www.webdo.tn\/fr\/?s={search_term_string}"},"query-input":{"@type":"PropertyValueSpecification","valueRequired":true,"valueName":"search_term_string"}}],"inLanguage":"fr-FR"},{"@type":"Organization","@id":"https:\/\/www.webdo.tn\/fr\/#organization","name":"Webdo","alternateName":"Webdo.tn","url":"https:\/\/www.webdo.tn\/fr\/","logo":{"@type":"ImageObject","inLanguage":"fr-FR","@id":"https:\/\/www.webdo.tn\/fr\/#\/schema\/logo\/image\/","url":"https:\/\/www.webdo.tn\/fr\/wp-content\/uploads\/2025\/06\/Webdo-Tunisie_168377.jpg","contentUrl":"https:\/\/www.webdo.tn\/fr\/wp-content\/uploads\/2025\/06\/Webdo-Tunisie_168377.jpg","width":301,"height":301,"caption":"Webdo"},"image":{"@id":"https:\/\/www.webdo.tn\/fr\/#\/schema\/logo\/image\/"},"sameAs":["https:\/\/www.facebook.com\/webdotn","https:\/\/x.com\/webdo_tn"],"description":"Webdo est un m\u00e9dia num\u00e9rique tunisien fond\u00e9 en 2010, sp\u00e9cialis\u00e9 dans l\u2019actualit\u00e9 nationale et internationale, l\u2019\u00e9conomie, la soci\u00e9t\u00e9 et les analyses politiques. Le site s\u2019adresse \u00e0 un large public francophone et couvre l\u2019information tunisienne en temps r\u00e9el.","email":"redac@webdo.tn","legalName":"YNJ SARL","foundingDate":"2010-09-06","numberOfEmployees":{"@type":"QuantitativeValue","minValue":"11","maxValue":"50"}},{"@type":"Person","@id":"https:\/\/www.webdo.tn\/fr\/#\/schema\/person\/82ca085b22037d285e1a3c4b65ba5f71","name":"KJ","image":{"@type":"ImageObject","inLanguage":"fr-FR","@id":"https:\/\/secure.gravatar.com\/avatar\/1a1320de1c1971c893f00068f760b4113d69504aa21273da17ee95650c5944fd?s=96&d=mm&r=g","url":"https:\/\/secure.gravatar.com\/avatar\/1a1320de1c1971c893f00068f760b4113d69504aa21273da17ee95650c5944fd?s=96&d=mm&r=g","contentUrl":"https:\/\/secure.gravatar.com\/avatar\/1a1320de1c1971c893f00068f760b4113d69504aa21273da17ee95650c5944fd?s=96&d=mm&r=g","caption":"KJ"},"url":"https:\/\/www.webdo.tn\/fr\/actualite\/author\/kj\/"}]}},"_links":{"self":[{"href":"https:\/\/www.webdo.tn\/fr\/wp-json\/wp\/v2\/posts\/218547","targetHints":{"allow":["GET"]}}],"collection":[{"href":"https:\/\/www.webdo.tn\/fr\/wp-json\/wp\/v2\/posts"}],"about":[{"href":"https:\/\/www.webdo.tn\/fr\/wp-json\/wp\/v2\/types\/post"}],"author":[{"embeddable":true,"href":"https:\/\/www.webdo.tn\/fr\/wp-json\/wp\/v2\/users\/3163"}],"replies":[{"embeddable":true,"href":"https:\/\/www.webdo.tn\/fr\/wp-json\/wp\/v2\/comments?post=218547"}],"version-history":[{"count":0,"href":"https:\/\/www.webdo.tn\/fr\/wp-json\/wp\/v2\/posts\/218547\/revisions"}],"wp:featuredmedia":[{"embeddable":true,"href":"https:\/\/www.webdo.tn\/fr\/wp-json\/wp\/v2\/media\/291581"}],"wp:attachment":[{"href":"https:\/\/www.webdo.tn\/fr\/wp-json\/wp\/v2\/media?parent=218547"}],"wp:term":[{"taxonomy":"category","embeddable":true,"href":"https:\/\/www.webdo.tn\/fr\/wp-json\/wp\/v2\/categories?post=218547"},{"taxonomy":"post_tag","embeddable":true,"href":"https:\/\/www.webdo.tn\/fr\/wp-json\/wp\/v2\/tags?post=218547"}],"curies":[{"name":"wp","href":"https:\/\/api.w.org\/{rel}","templated":true}]}}