{"id":218533,"date":"2024-12-23T15:48:00","date_gmt":"2024-12-23T15:48:00","guid":{"rendered":"https:\/\/www.webdo.tn\/fr\/blog\/2024\/12\/23\/tunisie-augmentations-salariales-et-reformes-sociales-pour-renforcer-l-etat-social\/"},"modified":"2025-05-20T21:45:01","modified_gmt":"2025-05-20T21:45:01","slug":"tunisie-augmentations-salariales-et-reformes-sociales-pour-renforcer-l-etat-social","status":"publish","type":"post","link":"https:\/\/www.webdo.tn\/fr\/actualite\/national\/tunisie-augmentations-salariales-et-reformes-sociales-pour-renforcer-l-etat-social\/218533\/","title":{"rendered":"Tunisie : Augmentations salariales et r\u00e9formes sociales pour renforcer l&rsquo;\u00c9tat social"},"content":{"rendered":"<p>Le ministre des Affaires sociales, Issam Lahmar, a annonc\u00e9 ce lundi 23 d\u00e9cembre 2024, lors d\u2019une intervention sur les ondes de Mosaique fm, une s\u00e9rie de r\u00e9formes sociales visant \u00e0 renforcer les piliers de l\u2019\u00c9tat social.<\/p>\n<p>Le ministre a pr\u00e9cis\u00e9 que les augmentations salariales pr\u00e9vues d\u00e9pendront des tranches de revenu annuel. Il a \u00e9galement d\u00e9menti les rumeurs concernant une \u00e9ventuelle r\u00e9vision du bar\u00e8me fiscal.<\/p>\n<p>Parmi les mesures concr\u00e8tes, une augmentation de 7,5% des salaires minimaux garantis dans les secteurs agricole et non agricole entrera en vigueur \u00e0 partir de janvier 2025. \u00a0<\/p>\n<p>Exon\u00e9rations fiscales et protection sociale renforc\u00e9e \u00a0<\/p>\n<p>Parmi les r\u00e9formes phares, le ministre a annonc\u00e9 plusieurs mesures pour all\u00e9ger la pression fiscale sur les groupes vuln\u00e9rables : \u00a0<\/p>\n<p>\tExon\u00e9ration totale de l\u2019imp\u00f4t sur le revenu et de la retenue \u00e0 la source pour les pensions des orphelins et des invalides.<br \/>\n\tExon\u00e9ration fiscale de 10 ans pour les travailleuses agricoles salari\u00e9es ou ind\u00e9pendantes. \u00a0<\/p>\n<p>Un Fonds de protection sociale pour les travailleuses agricoles sera \u00e9galement mis en place. Il leur offrira une couverture contre les maladies, les accidents de travail et les maladies professionnelles, soulignant l\u2019engagement du gouvernement \u00e0 prot\u00e9ger cette cat\u00e9gorie souvent marginalis\u00e9e. \u00a0<\/p>\n<p>Le gouvernement pr\u00e9voit \u00e9galement : \u00a0<\/p>\n<p>\tCr\u00e9ation d\u2019un Fonds d\u2019assurance contre la perte d\u2019emploi pour des raisons \u00e9conomiques, afin de soutenir les travailleurs touch\u00e9s par des licenciements.<br \/>\n\tMise en place d\u2019un compte de garantie pour les victimes d\u2019accidents de la route, qui assurera des indemnit\u00e9s aux b\u00e9n\u00e9ficiaires ou aux compagnies d\u2019assurances.<br \/>\n\tUn fonds de financement de 10 millions de dinars pour les entrepreneurs individuels, couvrant des secteurs vari\u00e9s tels que l\u2019artisanat, l\u2019industrie, le commerce, les services num\u00e9riques et cr\u00e9atifs (production de contenu, m\u00e9dias et journalisme). \u00a0<\/p>\n<p>Ce fonds permettra aux b\u00e9n\u00e9ficiaires d\u2019acc\u00e9der \u00e0 des pr\u00eats sans int\u00e9r\u00eat et sans financement initial, remboursables sur une p\u00e9riode de 8 ans. \u00a0<\/p>\n<p>Ces r\u00e9formes traduisent une volont\u00e9 gouvernementale de consolider les bases de l\u2019\u00c9tat social en Tunisie, en soutenant les cat\u00e9gories les plus vuln\u00e9rables, en stimulant l\u2019entrepreneuriat et en renfor\u00e7ant les dispositifs de protection sociale.<\/p>\n","protected":false},"excerpt":{"rendered":"<p>Le ministre des Affaires sociales, Issam Lahmar, a annonc\u00e9 ce lundi 23 d\u00e9cembre 2024, lors d\u2019une intervention sur les ondes de Mosaique fm, une s\u00e9rie de r\u00e9forme&#8230;<\/p>\n","protected":false},"author":3162,"featured_media":243278,"comment_status":"open","ping_status":"open","sticky":false,"template":"","format":"standard","meta":{"footnotes":""},"categories":[44],"tags":[4644,4645,2608],"class_list":["post-218533","post","type-post","status-publish","format-standard","has-post-thumbnail","hentry","category-national","tag-affaires-sociales","tag-exonerations","tag-tunisie"],"yoast_head":"<!-- This site is optimized with the Yoast SEO Premium plugin v27.5 (Yoast SEO v27.5) - https:\/\/yoast.com\/product\/yoast-seo-premium-wordpress\/ -->\n<title>Tunisie : Augmentations salariales et r\u00e9formes sociales pour renforcer l&#039;\u00c9tat social<\/title>\n<meta name=\"description\" content=\"Le ministre des Affaires sociales, Issam Lahmar, a annonc\u00e9 ce lundi 23 d\u00e9cembre 2024, lors d\u2019une intervention sur les ondes de Mosaique fm, une s\u00e9rie de r\u00e9forme...\" \/>\n<link rel=\"canonical\" href=\"https:\/\/www.webdo.tn\/fr\/actualite\/national\/tunisie-augmentations-salariales-et-reformes-sociales-pour-renforcer-l-etat-social\/218533\/\" \/>\n<meta property=\"og:locale\" content=\"fr_FR\" \/>\n<meta property=\"og:type\" content=\"article\" \/>\n<meta property=\"og:title\" content=\"Tunisie : Augmentations salariales et r\u00e9formes sociales pour renforcer l&#039;\u00c9tat social\" \/>\n<meta property=\"og:description\" content=\"Le ministre des Affaires sociales, Issam Lahmar, a annonc\u00e9 ce lundi 23 d\u00e9cembre 2024, lors d\u2019une intervention sur les ondes de Mosaique fm, une s\u00e9rie de r\u00e9forme...\" \/>\n<meta property=\"og:url\" content=\"https:\/\/www.webdo.tn\/fr\/actualite\/national\/tunisie-augmentations-salariales-et-reformes-sociales-pour-renforcer-l-etat-social\/218533\/\" \/>\n<meta property=\"og:site_name\" content=\"webdo\" \/>\n<meta property=\"article:publisher\" content=\"https:\/\/www.facebook.com\/webdotn\" \/>\n<meta property=\"article:published_time\" content=\"2024-12-23T15:48:00+00:00\" \/>\n<meta property=\"article:modified_time\" content=\"2025-05-20T21:45:01+00:00\" \/>\n<meta property=\"og:image\" content=\"https:\/\/www.webdo.tn\/fr\/wp-content\/uploads\/2025\/05\/a1d255ede5aece95523686620f9fda4d-2.webp\" \/>\n\t<meta property=\"og:image:width\" content=\"750\" \/>\n\t<meta property=\"og:image:height\" content=\"400\" \/>\n\t<meta property=\"og:image:type\" content=\"image\/webp\" \/>\n<meta name=\"author\" content=\"MC\" \/>\n<meta name=\"twitter:card\" content=\"summary_large_image\" \/>\n<meta name=\"twitter:creator\" content=\"@webdo_tn\" \/>\n<meta name=\"twitter:site\" content=\"@webdo_tn\" \/>\n<meta name=\"twitter:label1\" content=\"\u00c9crit par\" \/>\n\t<meta name=\"twitter:data1\" content=\"MC\" \/>\n\t<meta name=\"twitter:label2\" content=\"Dur\u00e9e de lecture estim\u00e9e\" \/>\n\t<meta name=\"twitter:data2\" content=\"2 minutes\" \/>\n<script type=\"application\/ld+json\" class=\"yoast-schema-graph\">{\"@context\":\"https:\\\/\\\/schema.org\",\"@graph\":[{\"@type\":\"NewsArticle\",\"@id\":\"https:\\\/\\\/www.webdo.tn\\\/fr\\\/actualite\\\/national\\\/tunisie-augmentations-salariales-et-reformes-sociales-pour-renforcer-l-etat-social\\\/218533\\\/#article\",\"isPartOf\":{\"@id\":\"https:\\\/\\\/www.webdo.tn\\\/fr\\\/actualite\\\/national\\\/tunisie-augmentations-salariales-et-reformes-sociales-pour-renforcer-l-etat-social\\\/218533\\\/\"},\"author\":{\"name\":\"MC\",\"@id\":\"https:\\\/\\\/www.webdo.tn\\\/fr\\\/#\\\/schema\\\/person\\\/2c4929cbf5a809e3bd38617c6ce150f6\"},\"headline\":\"Tunisie : Augmentations salariales et r\u00e9formes sociales pour renforcer l&rsquo;\u00c9tat social\",\"datePublished\":\"2024-12-23T15:48:00+00:00\",\"dateModified\":\"2025-05-20T21:45:01+00:00\",\"mainEntityOfPage\":{\"@id\":\"https:\\\/\\\/www.webdo.tn\\\/fr\\\/actualite\\\/national\\\/tunisie-augmentations-salariales-et-reformes-sociales-pour-renforcer-l-etat-social\\\/218533\\\/\"},\"wordCount\":387,\"commentCount\":0,\"publisher\":{\"@id\":\"https:\\\/\\\/www.webdo.tn\\\/fr\\\/#organization\"},\"image\":{\"@id\":\"https:\\\/\\\/www.webdo.tn\\\/fr\\\/actualite\\\/national\\\/tunisie-augmentations-salariales-et-reformes-sociales-pour-renforcer-l-etat-social\\\/218533\\\/#primaryimage\"},\"thumbnailUrl\":\"https:\\\/\\\/www.webdo.tn\\\/fr\\\/wp-content\\\/uploads\\\/2025\\\/05\\\/a1d255ede5aece95523686620f9fda4d-2.webp\",\"keywords\":[\"affaires sociales\",\"exon\u00e9rations\",\"Tunisie\"],\"articleSection\":[\"National\"],\"inLanguage\":\"fr-FR\"},{\"@type\":\"WebPage\",\"@id\":\"https:\\\/\\\/www.webdo.tn\\\/fr\\\/actualite\\\/national\\\/tunisie-augmentations-salariales-et-reformes-sociales-pour-renforcer-l-etat-social\\\/218533\\\/\",\"url\":\"https:\\\/\\\/www.webdo.tn\\\/fr\\\/actualite\\\/national\\\/tunisie-augmentations-salariales-et-reformes-sociales-pour-renforcer-l-etat-social\\\/218533\\\/\",\"name\":\"Tunisie : Augmentations salariales et r\u00e9formes sociales pour renforcer l'\u00c9tat social\",\"isPartOf\":{\"@id\":\"https:\\\/\\\/www.webdo.tn\\\/fr\\\/#website\"},\"primaryImageOfPage\":{\"@id\":\"https:\\\/\\\/www.webdo.tn\\\/fr\\\/actualite\\\/national\\\/tunisie-augmentations-salariales-et-reformes-sociales-pour-renforcer-l-etat-social\\\/218533\\\/#primaryimage\"},\"image\":{\"@id\":\"https:\\\/\\\/www.webdo.tn\\\/fr\\\/actualite\\\/national\\\/tunisie-augmentations-salariales-et-reformes-sociales-pour-renforcer-l-etat-social\\\/218533\\\/#primaryimage\"},\"thumbnailUrl\":\"https:\\\/\\\/www.webdo.tn\\\/fr\\\/wp-content\\\/uploads\\\/2025\\\/05\\\/a1d255ede5aece95523686620f9fda4d-2.webp\",\"datePublished\":\"2024-12-23T15:48:00+00:00\",\"dateModified\":\"2025-05-20T21:45:01+00:00\",\"description\":\"Le ministre des Affaires sociales, Issam Lahmar, a annonc\u00e9 ce lundi 23 d\u00e9cembre 2024, lors d\u2019une intervention sur les ondes de Mosaique fm, une s\u00e9rie de r\u00e9forme...\",\"breadcrumb\":{\"@id\":\"https:\\\/\\\/www.webdo.tn\\\/fr\\\/actualite\\\/national\\\/tunisie-augmentations-salariales-et-reformes-sociales-pour-renforcer-l-etat-social\\\/218533\\\/#breadcrumb\"},\"inLanguage\":\"fr-FR\",\"potentialAction\":[{\"@type\":\"ReadAction\",\"target\":[\"https:\\\/\\\/www.webdo.tn\\\/fr\\\/actualite\\\/national\\\/tunisie-augmentations-salariales-et-reformes-sociales-pour-renforcer-l-etat-social\\\/218533\\\/\"]}]},{\"@type\":\"ImageObject\",\"inLanguage\":\"fr-FR\",\"@id\":\"https:\\\/\\\/www.webdo.tn\\\/fr\\\/actualite\\\/national\\\/tunisie-augmentations-salariales-et-reformes-sociales-pour-renforcer-l-etat-social\\\/218533\\\/#primaryimage\",\"url\":\"https:\\\/\\\/www.webdo.tn\\\/fr\\\/wp-content\\\/uploads\\\/2025\\\/05\\\/a1d255ede5aece95523686620f9fda4d-2.webp\",\"contentUrl\":\"https:\\\/\\\/www.webdo.tn\\\/fr\\\/wp-content\\\/uploads\\\/2025\\\/05\\\/a1d255ede5aece95523686620f9fda4d-2.webp\",\"width\":750,\"height\":400},{\"@type\":\"BreadcrumbList\",\"@id\":\"https:\\\/\\\/www.webdo.tn\\\/fr\\\/actualite\\\/national\\\/tunisie-augmentations-salariales-et-reformes-sociales-pour-renforcer-l-etat-social\\\/218533\\\/#breadcrumb\",\"itemListElement\":[{\"@type\":\"ListItem\",\"position\":1,\"name\":\"Accueil\",\"item\":\"https:\\\/\\\/www.webdo.tn\\\/fr\\\/\"},{\"@type\":\"ListItem\",\"position\":2,\"name\":\"Tunisie : Augmentations salariales et r\u00e9formes sociales pour renforcer l&#8217;\u00c9tat social\"}]},{\"@type\":\"WebSite\",\"@id\":\"https:\\\/\\\/www.webdo.tn\\\/fr\\\/#website\",\"url\":\"https:\\\/\\\/www.webdo.tn\\\/fr\\\/\",\"name\":\"webdo\",\"description\":\"Tunisie - News en Tunisie et \u00e0 l&#039;international sur Webdo.tn\",\"publisher\":{\"@id\":\"https:\\\/\\\/www.webdo.tn\\\/fr\\\/#organization\"},\"potentialAction\":[{\"@type\":\"SearchAction\",\"target\":{\"@type\":\"EntryPoint\",\"urlTemplate\":\"https:\\\/\\\/www.webdo.tn\\\/fr\\\/?s={search_term_string}\"},\"query-input\":{\"@type\":\"PropertyValueSpecification\",\"valueRequired\":true,\"valueName\":\"search_term_string\"}}],\"inLanguage\":\"fr-FR\"},{\"@type\":\"Organization\",\"@id\":\"https:\\\/\\\/www.webdo.tn\\\/fr\\\/#organization\",\"name\":\"Webdo\",\"alternateName\":\"Webdo.tn\",\"url\":\"https:\\\/\\\/www.webdo.tn\\\/fr\\\/\",\"logo\":{\"@type\":\"ImageObject\",\"inLanguage\":\"fr-FR\",\"@id\":\"https:\\\/\\\/www.webdo.tn\\\/fr\\\/#\\\/schema\\\/logo\\\/image\\\/\",\"url\":\"https:\\\/\\\/www.webdo.tn\\\/fr\\\/wp-content\\\/uploads\\\/2025\\\/06\\\/Webdo-Tunisie_168377.jpg\",\"contentUrl\":\"https:\\\/\\\/www.webdo.tn\\\/fr\\\/wp-content\\\/uploads\\\/2025\\\/06\\\/Webdo-Tunisie_168377.jpg\",\"width\":301,\"height\":301,\"caption\":\"Webdo\"},\"image\":{\"@id\":\"https:\\\/\\\/www.webdo.tn\\\/fr\\\/#\\\/schema\\\/logo\\\/image\\\/\"},\"sameAs\":[\"https:\\\/\\\/www.facebook.com\\\/webdotn\",\"https:\\\/\\\/x.com\\\/webdo_tn\"],\"description\":\"Webdo est un m\u00e9dia num\u00e9rique tunisien fond\u00e9 en 2010, sp\u00e9cialis\u00e9 dans l\u2019actualit\u00e9 nationale et internationale, l\u2019\u00e9conomie, la soci\u00e9t\u00e9 et les analyses politiques. Le site s\u2019adresse \u00e0 un large public francophone et couvre l\u2019information tunisienne en temps r\u00e9el.\",\"email\":\"redac@webdo.tn\",\"legalName\":\"YNJ SARL\",\"foundingDate\":\"2010-09-06\",\"numberOfEmployees\":{\"@type\":\"QuantitativeValue\",\"minValue\":\"11\",\"maxValue\":\"50\"}},{\"@type\":\"Person\",\"@id\":\"https:\\\/\\\/www.webdo.tn\\\/fr\\\/#\\\/schema\\\/person\\\/2c4929cbf5a809e3bd38617c6ce150f6\",\"name\":\"MC\",\"image\":{\"@type\":\"ImageObject\",\"inLanguage\":\"fr-FR\",\"@id\":\"https:\\\/\\\/secure.gravatar.com\\\/avatar\\\/a545bbb6f84efdd5553dbbc2895e3ca8f1d12c5215e00a041c9670b54aa9b18a?s=96&d=mm&r=g\",\"url\":\"https:\\\/\\\/secure.gravatar.com\\\/avatar\\\/a545bbb6f84efdd5553dbbc2895e3ca8f1d12c5215e00a041c9670b54aa9b18a?s=96&d=mm&r=g\",\"contentUrl\":\"https:\\\/\\\/secure.gravatar.com\\\/avatar\\\/a545bbb6f84efdd5553dbbc2895e3ca8f1d12c5215e00a041c9670b54aa9b18a?s=96&d=mm&r=g\",\"caption\":\"MC\"},\"url\":\"https:\\\/\\\/www.webdo.tn\\\/fr\\\/actualite\\\/author\\\/mc\\\/\"}]}<\/script>\n<!-- \/ Yoast SEO Premium plugin. -->","yoast_head_json":{"title":"Tunisie : Augmentations salariales et r\u00e9formes sociales pour renforcer l'\u00c9tat social","description":"Le ministre des Affaires sociales, Issam Lahmar, a annonc\u00e9 ce lundi 23 d\u00e9cembre 2024, lors d\u2019une intervention sur les ondes de Mosaique fm, une s\u00e9rie de r\u00e9forme...","canonical":"https:\/\/www.webdo.tn\/fr\/actualite\/national\/tunisie-augmentations-salariales-et-reformes-sociales-pour-renforcer-l-etat-social\/218533\/","og_locale":"fr_FR","og_type":"article","og_title":"Tunisie : Augmentations salariales et r\u00e9formes sociales pour renforcer l'\u00c9tat social","og_description":"Le ministre des Affaires sociales, Issam Lahmar, a annonc\u00e9 ce lundi 23 d\u00e9cembre 2024, lors d\u2019une intervention sur les ondes de Mosaique fm, une s\u00e9rie de r\u00e9forme...","og_url":"https:\/\/www.webdo.tn\/fr\/actualite\/national\/tunisie-augmentations-salariales-et-reformes-sociales-pour-renforcer-l-etat-social\/218533\/","og_site_name":"webdo","article_publisher":"https:\/\/www.facebook.com\/webdotn","article_published_time":"2024-12-23T15:48:00+00:00","article_modified_time":"2025-05-20T21:45:01+00:00","og_image":[{"width":750,"height":400,"url":"https:\/\/www.webdo.tn\/fr\/wp-content\/uploads\/2025\/05\/a1d255ede5aece95523686620f9fda4d-2.webp","type":"image\/webp"}],"author":"MC","twitter_card":"summary_large_image","twitter_creator":"@webdo_tn","twitter_site":"@webdo_tn","twitter_misc":{"\u00c9crit par":"MC","Dur\u00e9e de lecture estim\u00e9e":"2 minutes"},"schema":{"@context":"https:\/\/schema.org","@graph":[{"@type":"NewsArticle","@id":"https:\/\/www.webdo.tn\/fr\/actualite\/national\/tunisie-augmentations-salariales-et-reformes-sociales-pour-renforcer-l-etat-social\/218533\/#article","isPartOf":{"@id":"https:\/\/www.webdo.tn\/fr\/actualite\/national\/tunisie-augmentations-salariales-et-reformes-sociales-pour-renforcer-l-etat-social\/218533\/"},"author":{"name":"MC","@id":"https:\/\/www.webdo.tn\/fr\/#\/schema\/person\/2c4929cbf5a809e3bd38617c6ce150f6"},"headline":"Tunisie : Augmentations salariales et r\u00e9formes sociales pour renforcer l&rsquo;\u00c9tat social","datePublished":"2024-12-23T15:48:00+00:00","dateModified":"2025-05-20T21:45:01+00:00","mainEntityOfPage":{"@id":"https:\/\/www.webdo.tn\/fr\/actualite\/national\/tunisie-augmentations-salariales-et-reformes-sociales-pour-renforcer-l-etat-social\/218533\/"},"wordCount":387,"commentCount":0,"publisher":{"@id":"https:\/\/www.webdo.tn\/fr\/#organization"},"image":{"@id":"https:\/\/www.webdo.tn\/fr\/actualite\/national\/tunisie-augmentations-salariales-et-reformes-sociales-pour-renforcer-l-etat-social\/218533\/#primaryimage"},"thumbnailUrl":"https:\/\/www.webdo.tn\/fr\/wp-content\/uploads\/2025\/05\/a1d255ede5aece95523686620f9fda4d-2.webp","keywords":["affaires sociales","exon\u00e9rations","Tunisie"],"articleSection":["National"],"inLanguage":"fr-FR"},{"@type":"WebPage","@id":"https:\/\/www.webdo.tn\/fr\/actualite\/national\/tunisie-augmentations-salariales-et-reformes-sociales-pour-renforcer-l-etat-social\/218533\/","url":"https:\/\/www.webdo.tn\/fr\/actualite\/national\/tunisie-augmentations-salariales-et-reformes-sociales-pour-renforcer-l-etat-social\/218533\/","name":"Tunisie : Augmentations salariales et r\u00e9formes sociales pour renforcer l'\u00c9tat social","isPartOf":{"@id":"https:\/\/www.webdo.tn\/fr\/#website"},"primaryImageOfPage":{"@id":"https:\/\/www.webdo.tn\/fr\/actualite\/national\/tunisie-augmentations-salariales-et-reformes-sociales-pour-renforcer-l-etat-social\/218533\/#primaryimage"},"image":{"@id":"https:\/\/www.webdo.tn\/fr\/actualite\/national\/tunisie-augmentations-salariales-et-reformes-sociales-pour-renforcer-l-etat-social\/218533\/#primaryimage"},"thumbnailUrl":"https:\/\/www.webdo.tn\/fr\/wp-content\/uploads\/2025\/05\/a1d255ede5aece95523686620f9fda4d-2.webp","datePublished":"2024-12-23T15:48:00+00:00","dateModified":"2025-05-20T21:45:01+00:00","description":"Le ministre des Affaires sociales, Issam Lahmar, a annonc\u00e9 ce lundi 23 d\u00e9cembre 2024, lors d\u2019une intervention sur les ondes de Mosaique fm, une s\u00e9rie de r\u00e9forme...","breadcrumb":{"@id":"https:\/\/www.webdo.tn\/fr\/actualite\/national\/tunisie-augmentations-salariales-et-reformes-sociales-pour-renforcer-l-etat-social\/218533\/#breadcrumb"},"inLanguage":"fr-FR","potentialAction":[{"@type":"ReadAction","target":["https:\/\/www.webdo.tn\/fr\/actualite\/national\/tunisie-augmentations-salariales-et-reformes-sociales-pour-renforcer-l-etat-social\/218533\/"]}]},{"@type":"ImageObject","inLanguage":"fr-FR","@id":"https:\/\/www.webdo.tn\/fr\/actualite\/national\/tunisie-augmentations-salariales-et-reformes-sociales-pour-renforcer-l-etat-social\/218533\/#primaryimage","url":"https:\/\/www.webdo.tn\/fr\/wp-content\/uploads\/2025\/05\/a1d255ede5aece95523686620f9fda4d-2.webp","contentUrl":"https:\/\/www.webdo.tn\/fr\/wp-content\/uploads\/2025\/05\/a1d255ede5aece95523686620f9fda4d-2.webp","width":750,"height":400},{"@type":"BreadcrumbList","@id":"https:\/\/www.webdo.tn\/fr\/actualite\/national\/tunisie-augmentations-salariales-et-reformes-sociales-pour-renforcer-l-etat-social\/218533\/#breadcrumb","itemListElement":[{"@type":"ListItem","position":1,"name":"Accueil","item":"https:\/\/www.webdo.tn\/fr\/"},{"@type":"ListItem","position":2,"name":"Tunisie : Augmentations salariales et r\u00e9formes sociales pour renforcer l&#8217;\u00c9tat social"}]},{"@type":"WebSite","@id":"https:\/\/www.webdo.tn\/fr\/#website","url":"https:\/\/www.webdo.tn\/fr\/","name":"webdo","description":"Tunisie - News en Tunisie et \u00e0 l&#039;international sur Webdo.tn","publisher":{"@id":"https:\/\/www.webdo.tn\/fr\/#organization"},"potentialAction":[{"@type":"SearchAction","target":{"@type":"EntryPoint","urlTemplate":"https:\/\/www.webdo.tn\/fr\/?s={search_term_string}"},"query-input":{"@type":"PropertyValueSpecification","valueRequired":true,"valueName":"search_term_string"}}],"inLanguage":"fr-FR"},{"@type":"Organization","@id":"https:\/\/www.webdo.tn\/fr\/#organization","name":"Webdo","alternateName":"Webdo.tn","url":"https:\/\/www.webdo.tn\/fr\/","logo":{"@type":"ImageObject","inLanguage":"fr-FR","@id":"https:\/\/www.webdo.tn\/fr\/#\/schema\/logo\/image\/","url":"https:\/\/www.webdo.tn\/fr\/wp-content\/uploads\/2025\/06\/Webdo-Tunisie_168377.jpg","contentUrl":"https:\/\/www.webdo.tn\/fr\/wp-content\/uploads\/2025\/06\/Webdo-Tunisie_168377.jpg","width":301,"height":301,"caption":"Webdo"},"image":{"@id":"https:\/\/www.webdo.tn\/fr\/#\/schema\/logo\/image\/"},"sameAs":["https:\/\/www.facebook.com\/webdotn","https:\/\/x.com\/webdo_tn"],"description":"Webdo est un m\u00e9dia num\u00e9rique tunisien fond\u00e9 en 2010, sp\u00e9cialis\u00e9 dans l\u2019actualit\u00e9 nationale et internationale, l\u2019\u00e9conomie, la soci\u00e9t\u00e9 et les analyses politiques. Le site s\u2019adresse \u00e0 un large public francophone et couvre l\u2019information tunisienne en temps r\u00e9el.","email":"redac@webdo.tn","legalName":"YNJ SARL","foundingDate":"2010-09-06","numberOfEmployees":{"@type":"QuantitativeValue","minValue":"11","maxValue":"50"}},{"@type":"Person","@id":"https:\/\/www.webdo.tn\/fr\/#\/schema\/person\/2c4929cbf5a809e3bd38617c6ce150f6","name":"MC","image":{"@type":"ImageObject","inLanguage":"fr-FR","@id":"https:\/\/secure.gravatar.com\/avatar\/a545bbb6f84efdd5553dbbc2895e3ca8f1d12c5215e00a041c9670b54aa9b18a?s=96&d=mm&r=g","url":"https:\/\/secure.gravatar.com\/avatar\/a545bbb6f84efdd5553dbbc2895e3ca8f1d12c5215e00a041c9670b54aa9b18a?s=96&d=mm&r=g","contentUrl":"https:\/\/secure.gravatar.com\/avatar\/a545bbb6f84efdd5553dbbc2895e3ca8f1d12c5215e00a041c9670b54aa9b18a?s=96&d=mm&r=g","caption":"MC"},"url":"https:\/\/www.webdo.tn\/fr\/actualite\/author\/mc\/"}]}},"_links":{"self":[{"href":"https:\/\/www.webdo.tn\/fr\/wp-json\/wp\/v2\/posts\/218533","targetHints":{"allow":["GET"]}}],"collection":[{"href":"https:\/\/www.webdo.tn\/fr\/wp-json\/wp\/v2\/posts"}],"about":[{"href":"https:\/\/www.webdo.tn\/fr\/wp-json\/wp\/v2\/types\/post"}],"author":[{"embeddable":true,"href":"https:\/\/www.webdo.tn\/fr\/wp-json\/wp\/v2\/users\/3162"}],"replies":[{"embeddable":true,"href":"https:\/\/www.webdo.tn\/fr\/wp-json\/wp\/v2\/comments?post=218533"}],"version-history":[{"count":0,"href":"https:\/\/www.webdo.tn\/fr\/wp-json\/wp\/v2\/posts\/218533\/revisions"}],"wp:featuredmedia":[{"embeddable":true,"href":"https:\/\/www.webdo.tn\/fr\/wp-json\/wp\/v2\/media\/243278"}],"wp:attachment":[{"href":"https:\/\/www.webdo.tn\/fr\/wp-json\/wp\/v2\/media?parent=218533"}],"wp:term":[{"taxonomy":"category","embeddable":true,"href":"https:\/\/www.webdo.tn\/fr\/wp-json\/wp\/v2\/categories?post=218533"},{"taxonomy":"post_tag","embeddable":true,"href":"https:\/\/www.webdo.tn\/fr\/wp-json\/wp\/v2\/tags?post=218533"}],"curies":[{"name":"wp","href":"https:\/\/api.w.org\/{rel}","templated":true}]}}