{"id":218516,"date":"2024-12-22T13:45:00","date_gmt":"2024-12-22T13:45:00","guid":{"rendered":"https:\/\/www.webdo.tn\/fr\/blog\/2024\/12\/22\/tourisme-interieur-des-tarifs-preferentiels-seront-proposes-aux-familles-tunisiennes\/"},"modified":"2025-05-20T22:20:59","modified_gmt":"2025-05-20T22:20:59","slug":"tourisme-interieur-des-tarifs-preferentiels-seront-proposes-aux-familles-tunisiennes","status":"publish","type":"post","link":"https:\/\/www.webdo.tn\/fr\/actualite\/national\/tourisme-interieur-des-tarifs-preferentiels-seront-proposes-aux-familles-tunisiennes\/218516\/","title":{"rendered":"Tourisme int\u00e9rieur : Des tarifs pr\u00e9f\u00e9rentiels seront propos\u00e9s aux familles tunisiennes"},"content":{"rendered":"<p>Le minist\u00e8re du Tourisme a annonc\u00e9 qu\u2019\u00e0 l\u2019occasion des vacances scolaires et universitaires ainsi que des cong\u00e9s de fin d\u2019ann\u00e9e administrative, des tarifs pr\u00e9f\u00e9rentiels seront propos\u00e9s aux familles tunisiennes et aux touristes tunisiens en g\u00e9n\u00e9ral. Ces tarifs concerneront l\u2019achat de voyages touristiques organis\u00e9s (via des agences de voyage agr\u00e9\u00e9es), le s\u00e9jour dans des \u00e9tablissements d\u2019h\u00e9bergement touristique, ainsi que la fr\u00e9quentation de restaurants touristiques class\u00e9s, sans fournir de d\u00e9tails suppl\u00e9mentaires.<\/p>\n<p>Dans un communiqu\u00e9 publi\u00e9 samedi soir, le minist\u00e8re a pr\u00e9cis\u00e9 que cette initiative, prise en coordination avec la F\u00e9d\u00e9ration tunisienne de l\u2019h\u00f4tellerie, la F\u00e9d\u00e9ration tunisienne des agences de voyage et de tourisme, la F\u00e9d\u00e9ration professionnelle commune du tourisme tunisien, la F\u00e9d\u00e9ration tunisienne des restaurants touristiques et la Chambre nationale du transport touristique, s\u2019inscrit dans le cadre d\u2019un encouragement et d\u2019une promotion du tourisme int\u00e9rieur.<\/p>\n<p>Il est \u00e0 noter que le secteur touristique tunisien a enregistr\u00e9 une \u00e9volution positive au cours des dix premiers mois de 2024, selon le directeur g\u00e9n\u00e9ral de l\u2019Office national du tourisme tunisien, Helmi Hussein, lors d\u2019une d\u00e9claration \u00e0 l\u2019Agence Tunis Afrique Presse le 1er novembre 2024 \u00e0 Mahdia.\u00a0<\/p>\n<p>Hussein a indiqu\u00e9 que le nombre de visiteurs non r\u00e9sidents issus des diff\u00e9rents march\u00e9s a augment\u00e9 de 7,4 % par rapport \u00e0 la m\u00eame p\u00e9riode en 2023, qui avait comptabilis\u00e9 8,244 millions de touristes. Le nombre de Tunisiens r\u00e9sidant \u00e0 l\u2019\u00e9tranger ayant visit\u00e9 le pays au cours de la m\u00eame p\u00e9riode a \u00e9galement progress\u00e9 de 7,5 %.<\/p>\n<p>Les diff\u00e9rents indicateurs li\u00e9s \u00e0 l\u2019activit\u00e9 touristique montrent, selon Hussein, une hausse du nombre de touristes provenant des march\u00e9s traditionnels, notamment d\u2019Allemagne, de France, du Royaume-Uni et d\u2019Italie, avec une augmentation de 16 %. Il a ajout\u00e9 que \u00ab\u00a0les chiffres sont prometteurs pour la p\u00e9riode restante de 2024\u00a0\u00bb, en raison de plusieurs signes encourageants.<\/p>\n","protected":false},"excerpt":{"rendered":"<p>Dans un communiqu\u00e9 publi\u00e9 samedi soir, le minist\u00e8re a pr\u00e9cis\u00e9 que cette initiative, prise en coordination avec la F\u00e9d\u00e9ration tunisienne de l\u2019h\u00f4tellerie, la F\u00e9d\u00e9&#8230;<\/p>\n","protected":false},"author":3163,"featured_media":243320,"comment_status":"open","ping_status":"open","sticky":false,"template":"","format":"standard","meta":{"footnotes":""},"categories":[44],"tags":[4636,3410,2798,2608],"class_list":["post-218516","post","type-post","status-publish","format-standard","has-post-thumbnail","hentry","category-national","tag-interieur","tag-tarif","tag-tourisme","tag-tunisie"],"yoast_head":"<!-- This site is optimized with the Yoast SEO Premium plugin v27.4 (Yoast SEO v27.5) - https:\/\/yoast.com\/product\/yoast-seo-premium-wordpress\/ -->\n<title>Tourisme int\u00e9rieur : Des tarifs pr\u00e9f\u00e9rentiels seront propos\u00e9s aux familles tunisiennes<\/title>\n<meta name=\"description\" content=\"Dans un communiqu\u00e9 publi\u00e9 samedi soir, le minist\u00e8re a pr\u00e9cis\u00e9 que cette initiative, prise en coordination avec la F\u00e9d\u00e9ration tunisienne de l\u2019h\u00f4tellerie, la F\u00e9d\u00e9...\" \/>\n<link rel=\"canonical\" href=\"https:\/\/www.webdo.tn\/fr\/actualite\/national\/tourisme-interieur-des-tarifs-preferentiels-seront-proposes-aux-familles-tunisiennes\/218516\/\" \/>\n<meta property=\"og:locale\" content=\"fr_FR\" \/>\n<meta property=\"og:type\" content=\"article\" \/>\n<meta property=\"og:title\" content=\"Tourisme int\u00e9rieur : Des tarifs pr\u00e9f\u00e9rentiels seront propos\u00e9s aux familles tunisiennes\" \/>\n<meta property=\"og:description\" content=\"Dans un communiqu\u00e9 publi\u00e9 samedi soir, le minist\u00e8re a pr\u00e9cis\u00e9 que cette initiative, prise en coordination avec la F\u00e9d\u00e9ration tunisienne de l\u2019h\u00f4tellerie, la F\u00e9d\u00e9...\" \/>\n<meta property=\"og:url\" content=\"https:\/\/www.webdo.tn\/fr\/actualite\/national\/tourisme-interieur-des-tarifs-preferentiels-seront-proposes-aux-familles-tunisiennes\/218516\/\" \/>\n<meta property=\"og:site_name\" content=\"webdo\" \/>\n<meta property=\"article:publisher\" content=\"https:\/\/www.facebook.com\/webdotn\" \/>\n<meta property=\"article:published_time\" content=\"2024-12-22T13:45:00+00:00\" \/>\n<meta property=\"article:modified_time\" content=\"2025-05-20T22:20:59+00:00\" \/>\n<meta property=\"og:image\" content=\"https:\/\/www.webdo.tn\/fr\/wp-content\/uploads\/2025\/05\/f9fe9603ee706e5ebbf3bb7b1f6c9668-2.webp\" \/>\n\t<meta property=\"og:image:width\" content=\"750\" \/>\n\t<meta property=\"og:image:height\" content=\"400\" \/>\n\t<meta property=\"og:image:type\" content=\"image\/webp\" \/>\n<meta name=\"author\" content=\"KJ\" \/>\n<meta name=\"twitter:card\" content=\"summary_large_image\" \/>\n<meta name=\"twitter:creator\" content=\"@webdo_tn\" \/>\n<meta name=\"twitter:site\" content=\"@webdo_tn\" \/>\n<meta name=\"twitter:label1\" content=\"\u00c9crit par\" \/>\n\t<meta name=\"twitter:data1\" content=\"KJ\" \/>\n\t<meta name=\"twitter:label2\" content=\"Dur\u00e9e de lecture estim\u00e9e\" \/>\n\t<meta name=\"twitter:data2\" content=\"2 minutes\" \/>\n<script type=\"application\/ld+json\" class=\"yoast-schema-graph\">{\"@context\":\"https:\\\/\\\/schema.org\",\"@graph\":[{\"@type\":\"NewsArticle\",\"@id\":\"https:\\\/\\\/www.webdo.tn\\\/fr\\\/actualite\\\/national\\\/tourisme-interieur-des-tarifs-preferentiels-seront-proposes-aux-familles-tunisiennes\\\/218516\\\/#article\",\"isPartOf\":{\"@id\":\"https:\\\/\\\/www.webdo.tn\\\/fr\\\/actualite\\\/national\\\/tourisme-interieur-des-tarifs-preferentiels-seront-proposes-aux-familles-tunisiennes\\\/218516\\\/\"},\"author\":{\"name\":\"KJ\",\"@id\":\"https:\\\/\\\/www.webdo.tn\\\/fr\\\/#\\\/schema\\\/person\\\/82ca085b22037d285e1a3c4b65ba5f71\"},\"headline\":\"Tourisme int\u00e9rieur : Des tarifs pr\u00e9f\u00e9rentiels seront propos\u00e9s aux familles tunisiennes\",\"datePublished\":\"2024-12-22T13:45:00+00:00\",\"dateModified\":\"2025-05-20T22:20:59+00:00\",\"mainEntityOfPage\":{\"@id\":\"https:\\\/\\\/www.webdo.tn\\\/fr\\\/actualite\\\/national\\\/tourisme-interieur-des-tarifs-preferentiels-seront-proposes-aux-familles-tunisiennes\\\/218516\\\/\"},\"wordCount\":347,\"commentCount\":0,\"publisher\":{\"@id\":\"https:\\\/\\\/www.webdo.tn\\\/fr\\\/#organization\"},\"image\":{\"@id\":\"https:\\\/\\\/www.webdo.tn\\\/fr\\\/actualite\\\/national\\\/tourisme-interieur-des-tarifs-preferentiels-seront-proposes-aux-familles-tunisiennes\\\/218516\\\/#primaryimage\"},\"thumbnailUrl\":\"https:\\\/\\\/www.webdo.tn\\\/fr\\\/wp-content\\\/uploads\\\/2025\\\/05\\\/f9fe9603ee706e5ebbf3bb7b1f6c9668-2.webp\",\"keywords\":[\"int\u00e9rieur\",\"tarif\",\"Tourisme\",\"Tunisie\"],\"articleSection\":[\"National\"],\"inLanguage\":\"fr-FR\"},{\"@type\":\"WebPage\",\"@id\":\"https:\\\/\\\/www.webdo.tn\\\/fr\\\/actualite\\\/national\\\/tourisme-interieur-des-tarifs-preferentiels-seront-proposes-aux-familles-tunisiennes\\\/218516\\\/\",\"url\":\"https:\\\/\\\/www.webdo.tn\\\/fr\\\/actualite\\\/national\\\/tourisme-interieur-des-tarifs-preferentiels-seront-proposes-aux-familles-tunisiennes\\\/218516\\\/\",\"name\":\"Tourisme int\u00e9rieur : Des tarifs pr\u00e9f\u00e9rentiels seront propos\u00e9s aux familles tunisiennes\",\"isPartOf\":{\"@id\":\"https:\\\/\\\/www.webdo.tn\\\/fr\\\/#website\"},\"primaryImageOfPage\":{\"@id\":\"https:\\\/\\\/www.webdo.tn\\\/fr\\\/actualite\\\/national\\\/tourisme-interieur-des-tarifs-preferentiels-seront-proposes-aux-familles-tunisiennes\\\/218516\\\/#primaryimage\"},\"image\":{\"@id\":\"https:\\\/\\\/www.webdo.tn\\\/fr\\\/actualite\\\/national\\\/tourisme-interieur-des-tarifs-preferentiels-seront-proposes-aux-familles-tunisiennes\\\/218516\\\/#primaryimage\"},\"thumbnailUrl\":\"https:\\\/\\\/www.webdo.tn\\\/fr\\\/wp-content\\\/uploads\\\/2025\\\/05\\\/f9fe9603ee706e5ebbf3bb7b1f6c9668-2.webp\",\"datePublished\":\"2024-12-22T13:45:00+00:00\",\"dateModified\":\"2025-05-20T22:20:59+00:00\",\"description\":\"Dans un communiqu\u00e9 publi\u00e9 samedi soir, le minist\u00e8re a pr\u00e9cis\u00e9 que cette initiative, prise en coordination avec la F\u00e9d\u00e9ration tunisienne de l\u2019h\u00f4tellerie, la F\u00e9d\u00e9...\",\"breadcrumb\":{\"@id\":\"https:\\\/\\\/www.webdo.tn\\\/fr\\\/actualite\\\/national\\\/tourisme-interieur-des-tarifs-preferentiels-seront-proposes-aux-familles-tunisiennes\\\/218516\\\/#breadcrumb\"},\"inLanguage\":\"fr-FR\",\"potentialAction\":[{\"@type\":\"ReadAction\",\"target\":[\"https:\\\/\\\/www.webdo.tn\\\/fr\\\/actualite\\\/national\\\/tourisme-interieur-des-tarifs-preferentiels-seront-proposes-aux-familles-tunisiennes\\\/218516\\\/\"]}]},{\"@type\":\"ImageObject\",\"inLanguage\":\"fr-FR\",\"@id\":\"https:\\\/\\\/www.webdo.tn\\\/fr\\\/actualite\\\/national\\\/tourisme-interieur-des-tarifs-preferentiels-seront-proposes-aux-familles-tunisiennes\\\/218516\\\/#primaryimage\",\"url\":\"https:\\\/\\\/www.webdo.tn\\\/fr\\\/wp-content\\\/uploads\\\/2025\\\/05\\\/f9fe9603ee706e5ebbf3bb7b1f6c9668-2.webp\",\"contentUrl\":\"https:\\\/\\\/www.webdo.tn\\\/fr\\\/wp-content\\\/uploads\\\/2025\\\/05\\\/f9fe9603ee706e5ebbf3bb7b1f6c9668-2.webp\",\"width\":750,\"height\":400},{\"@type\":\"BreadcrumbList\",\"@id\":\"https:\\\/\\\/www.webdo.tn\\\/fr\\\/actualite\\\/national\\\/tourisme-interieur-des-tarifs-preferentiels-seront-proposes-aux-familles-tunisiennes\\\/218516\\\/#breadcrumb\",\"itemListElement\":[{\"@type\":\"ListItem\",\"position\":1,\"name\":\"Accueil\",\"item\":\"https:\\\/\\\/www.webdo.tn\\\/fr\\\/\"},{\"@type\":\"ListItem\",\"position\":2,\"name\":\"Tourisme int\u00e9rieur : Des tarifs pr\u00e9f\u00e9rentiels seront propos\u00e9s aux familles tunisiennes\"}]},{\"@type\":\"WebSite\",\"@id\":\"https:\\\/\\\/www.webdo.tn\\\/fr\\\/#website\",\"url\":\"https:\\\/\\\/www.webdo.tn\\\/fr\\\/\",\"name\":\"webdo\",\"description\":\"Tunisie - News en Tunisie et \u00e0 l&#039;international sur Webdo.tn\",\"publisher\":{\"@id\":\"https:\\\/\\\/www.webdo.tn\\\/fr\\\/#organization\"},\"potentialAction\":[{\"@type\":\"SearchAction\",\"target\":{\"@type\":\"EntryPoint\",\"urlTemplate\":\"https:\\\/\\\/www.webdo.tn\\\/fr\\\/?s={search_term_string}\"},\"query-input\":{\"@type\":\"PropertyValueSpecification\",\"valueRequired\":true,\"valueName\":\"search_term_string\"}}],\"inLanguage\":\"fr-FR\"},{\"@type\":\"Organization\",\"@id\":\"https:\\\/\\\/www.webdo.tn\\\/fr\\\/#organization\",\"name\":\"Webdo\",\"alternateName\":\"Webdo.tn\",\"url\":\"https:\\\/\\\/www.webdo.tn\\\/fr\\\/\",\"logo\":{\"@type\":\"ImageObject\",\"inLanguage\":\"fr-FR\",\"@id\":\"https:\\\/\\\/www.webdo.tn\\\/fr\\\/#\\\/schema\\\/logo\\\/image\\\/\",\"url\":\"https:\\\/\\\/www.webdo.tn\\\/fr\\\/wp-content\\\/uploads\\\/2025\\\/06\\\/Webdo-Tunisie_168377.jpg\",\"contentUrl\":\"https:\\\/\\\/www.webdo.tn\\\/fr\\\/wp-content\\\/uploads\\\/2025\\\/06\\\/Webdo-Tunisie_168377.jpg\",\"width\":301,\"height\":301,\"caption\":\"Webdo\"},\"image\":{\"@id\":\"https:\\\/\\\/www.webdo.tn\\\/fr\\\/#\\\/schema\\\/logo\\\/image\\\/\"},\"sameAs\":[\"https:\\\/\\\/www.facebook.com\\\/webdotn\",\"https:\\\/\\\/x.com\\\/webdo_tn\"],\"description\":\"Webdo est un m\u00e9dia num\u00e9rique tunisien fond\u00e9 en 2010, sp\u00e9cialis\u00e9 dans l\u2019actualit\u00e9 nationale et internationale, l\u2019\u00e9conomie, la soci\u00e9t\u00e9 et les analyses politiques. Le site s\u2019adresse \u00e0 un large public francophone et couvre l\u2019information tunisienne en temps r\u00e9el.\",\"email\":\"redac@webdo.tn\",\"legalName\":\"YNJ SARL\",\"foundingDate\":\"2010-09-06\",\"numberOfEmployees\":{\"@type\":\"QuantitativeValue\",\"minValue\":\"11\",\"maxValue\":\"50\"}},{\"@type\":\"Person\",\"@id\":\"https:\\\/\\\/www.webdo.tn\\\/fr\\\/#\\\/schema\\\/person\\\/82ca085b22037d285e1a3c4b65ba5f71\",\"name\":\"KJ\",\"image\":{\"@type\":\"ImageObject\",\"inLanguage\":\"fr-FR\",\"@id\":\"https:\\\/\\\/secure.gravatar.com\\\/avatar\\\/1a1320de1c1971c893f00068f760b4113d69504aa21273da17ee95650c5944fd?s=96&d=mm&r=g\",\"url\":\"https:\\\/\\\/secure.gravatar.com\\\/avatar\\\/1a1320de1c1971c893f00068f760b4113d69504aa21273da17ee95650c5944fd?s=96&d=mm&r=g\",\"contentUrl\":\"https:\\\/\\\/secure.gravatar.com\\\/avatar\\\/1a1320de1c1971c893f00068f760b4113d69504aa21273da17ee95650c5944fd?s=96&d=mm&r=g\",\"caption\":\"KJ\"},\"url\":\"https:\\\/\\\/www.webdo.tn\\\/fr\\\/actualite\\\/author\\\/kj\\\/\"}]}<\/script>\n<!-- \/ Yoast SEO Premium plugin. -->","yoast_head_json":{"title":"Tourisme int\u00e9rieur : Des tarifs pr\u00e9f\u00e9rentiels seront propos\u00e9s aux familles tunisiennes","description":"Dans un communiqu\u00e9 publi\u00e9 samedi soir, le minist\u00e8re a pr\u00e9cis\u00e9 que cette initiative, prise en coordination avec la F\u00e9d\u00e9ration tunisienne de l\u2019h\u00f4tellerie, la F\u00e9d\u00e9...","canonical":"https:\/\/www.webdo.tn\/fr\/actualite\/national\/tourisme-interieur-des-tarifs-preferentiels-seront-proposes-aux-familles-tunisiennes\/218516\/","og_locale":"fr_FR","og_type":"article","og_title":"Tourisme int\u00e9rieur : Des tarifs pr\u00e9f\u00e9rentiels seront propos\u00e9s aux familles tunisiennes","og_description":"Dans un communiqu\u00e9 publi\u00e9 samedi soir, le minist\u00e8re a pr\u00e9cis\u00e9 que cette initiative, prise en coordination avec la F\u00e9d\u00e9ration tunisienne de l\u2019h\u00f4tellerie, la F\u00e9d\u00e9...","og_url":"https:\/\/www.webdo.tn\/fr\/actualite\/national\/tourisme-interieur-des-tarifs-preferentiels-seront-proposes-aux-familles-tunisiennes\/218516\/","og_site_name":"webdo","article_publisher":"https:\/\/www.facebook.com\/webdotn","article_published_time":"2024-12-22T13:45:00+00:00","article_modified_time":"2025-05-20T22:20:59+00:00","og_image":[{"width":750,"height":400,"url":"https:\/\/www.webdo.tn\/fr\/wp-content\/uploads\/2025\/05\/f9fe9603ee706e5ebbf3bb7b1f6c9668-2.webp","type":"image\/webp"}],"author":"KJ","twitter_card":"summary_large_image","twitter_creator":"@webdo_tn","twitter_site":"@webdo_tn","twitter_misc":{"\u00c9crit par":"KJ","Dur\u00e9e de lecture estim\u00e9e":"2 minutes"},"schema":{"@context":"https:\/\/schema.org","@graph":[{"@type":"NewsArticle","@id":"https:\/\/www.webdo.tn\/fr\/actualite\/national\/tourisme-interieur-des-tarifs-preferentiels-seront-proposes-aux-familles-tunisiennes\/218516\/#article","isPartOf":{"@id":"https:\/\/www.webdo.tn\/fr\/actualite\/national\/tourisme-interieur-des-tarifs-preferentiels-seront-proposes-aux-familles-tunisiennes\/218516\/"},"author":{"name":"KJ","@id":"https:\/\/www.webdo.tn\/fr\/#\/schema\/person\/82ca085b22037d285e1a3c4b65ba5f71"},"headline":"Tourisme int\u00e9rieur : Des tarifs pr\u00e9f\u00e9rentiels seront propos\u00e9s aux familles tunisiennes","datePublished":"2024-12-22T13:45:00+00:00","dateModified":"2025-05-20T22:20:59+00:00","mainEntityOfPage":{"@id":"https:\/\/www.webdo.tn\/fr\/actualite\/national\/tourisme-interieur-des-tarifs-preferentiels-seront-proposes-aux-familles-tunisiennes\/218516\/"},"wordCount":347,"commentCount":0,"publisher":{"@id":"https:\/\/www.webdo.tn\/fr\/#organization"},"image":{"@id":"https:\/\/www.webdo.tn\/fr\/actualite\/national\/tourisme-interieur-des-tarifs-preferentiels-seront-proposes-aux-familles-tunisiennes\/218516\/#primaryimage"},"thumbnailUrl":"https:\/\/www.webdo.tn\/fr\/wp-content\/uploads\/2025\/05\/f9fe9603ee706e5ebbf3bb7b1f6c9668-2.webp","keywords":["int\u00e9rieur","tarif","Tourisme","Tunisie"],"articleSection":["National"],"inLanguage":"fr-FR"},{"@type":"WebPage","@id":"https:\/\/www.webdo.tn\/fr\/actualite\/national\/tourisme-interieur-des-tarifs-preferentiels-seront-proposes-aux-familles-tunisiennes\/218516\/","url":"https:\/\/www.webdo.tn\/fr\/actualite\/national\/tourisme-interieur-des-tarifs-preferentiels-seront-proposes-aux-familles-tunisiennes\/218516\/","name":"Tourisme int\u00e9rieur : Des tarifs pr\u00e9f\u00e9rentiels seront propos\u00e9s aux familles tunisiennes","isPartOf":{"@id":"https:\/\/www.webdo.tn\/fr\/#website"},"primaryImageOfPage":{"@id":"https:\/\/www.webdo.tn\/fr\/actualite\/national\/tourisme-interieur-des-tarifs-preferentiels-seront-proposes-aux-familles-tunisiennes\/218516\/#primaryimage"},"image":{"@id":"https:\/\/www.webdo.tn\/fr\/actualite\/national\/tourisme-interieur-des-tarifs-preferentiels-seront-proposes-aux-familles-tunisiennes\/218516\/#primaryimage"},"thumbnailUrl":"https:\/\/www.webdo.tn\/fr\/wp-content\/uploads\/2025\/05\/f9fe9603ee706e5ebbf3bb7b1f6c9668-2.webp","datePublished":"2024-12-22T13:45:00+00:00","dateModified":"2025-05-20T22:20:59+00:00","description":"Dans un communiqu\u00e9 publi\u00e9 samedi soir, le minist\u00e8re a pr\u00e9cis\u00e9 que cette initiative, prise en coordination avec la F\u00e9d\u00e9ration tunisienne de l\u2019h\u00f4tellerie, la F\u00e9d\u00e9...","breadcrumb":{"@id":"https:\/\/www.webdo.tn\/fr\/actualite\/national\/tourisme-interieur-des-tarifs-preferentiels-seront-proposes-aux-familles-tunisiennes\/218516\/#breadcrumb"},"inLanguage":"fr-FR","potentialAction":[{"@type":"ReadAction","target":["https:\/\/www.webdo.tn\/fr\/actualite\/national\/tourisme-interieur-des-tarifs-preferentiels-seront-proposes-aux-familles-tunisiennes\/218516\/"]}]},{"@type":"ImageObject","inLanguage":"fr-FR","@id":"https:\/\/www.webdo.tn\/fr\/actualite\/national\/tourisme-interieur-des-tarifs-preferentiels-seront-proposes-aux-familles-tunisiennes\/218516\/#primaryimage","url":"https:\/\/www.webdo.tn\/fr\/wp-content\/uploads\/2025\/05\/f9fe9603ee706e5ebbf3bb7b1f6c9668-2.webp","contentUrl":"https:\/\/www.webdo.tn\/fr\/wp-content\/uploads\/2025\/05\/f9fe9603ee706e5ebbf3bb7b1f6c9668-2.webp","width":750,"height":400},{"@type":"BreadcrumbList","@id":"https:\/\/www.webdo.tn\/fr\/actualite\/national\/tourisme-interieur-des-tarifs-preferentiels-seront-proposes-aux-familles-tunisiennes\/218516\/#breadcrumb","itemListElement":[{"@type":"ListItem","position":1,"name":"Accueil","item":"https:\/\/www.webdo.tn\/fr\/"},{"@type":"ListItem","position":2,"name":"Tourisme int\u00e9rieur : Des tarifs pr\u00e9f\u00e9rentiels seront propos\u00e9s aux familles tunisiennes"}]},{"@type":"WebSite","@id":"https:\/\/www.webdo.tn\/fr\/#website","url":"https:\/\/www.webdo.tn\/fr\/","name":"webdo","description":"Tunisie - News en Tunisie et \u00e0 l&#039;international sur Webdo.tn","publisher":{"@id":"https:\/\/www.webdo.tn\/fr\/#organization"},"potentialAction":[{"@type":"SearchAction","target":{"@type":"EntryPoint","urlTemplate":"https:\/\/www.webdo.tn\/fr\/?s={search_term_string}"},"query-input":{"@type":"PropertyValueSpecification","valueRequired":true,"valueName":"search_term_string"}}],"inLanguage":"fr-FR"},{"@type":"Organization","@id":"https:\/\/www.webdo.tn\/fr\/#organization","name":"Webdo","alternateName":"Webdo.tn","url":"https:\/\/www.webdo.tn\/fr\/","logo":{"@type":"ImageObject","inLanguage":"fr-FR","@id":"https:\/\/www.webdo.tn\/fr\/#\/schema\/logo\/image\/","url":"https:\/\/www.webdo.tn\/fr\/wp-content\/uploads\/2025\/06\/Webdo-Tunisie_168377.jpg","contentUrl":"https:\/\/www.webdo.tn\/fr\/wp-content\/uploads\/2025\/06\/Webdo-Tunisie_168377.jpg","width":301,"height":301,"caption":"Webdo"},"image":{"@id":"https:\/\/www.webdo.tn\/fr\/#\/schema\/logo\/image\/"},"sameAs":["https:\/\/www.facebook.com\/webdotn","https:\/\/x.com\/webdo_tn"],"description":"Webdo est un m\u00e9dia num\u00e9rique tunisien fond\u00e9 en 2010, sp\u00e9cialis\u00e9 dans l\u2019actualit\u00e9 nationale et internationale, l\u2019\u00e9conomie, la soci\u00e9t\u00e9 et les analyses politiques. Le site s\u2019adresse \u00e0 un large public francophone et couvre l\u2019information tunisienne en temps r\u00e9el.","email":"redac@webdo.tn","legalName":"YNJ SARL","foundingDate":"2010-09-06","numberOfEmployees":{"@type":"QuantitativeValue","minValue":"11","maxValue":"50"}},{"@type":"Person","@id":"https:\/\/www.webdo.tn\/fr\/#\/schema\/person\/82ca085b22037d285e1a3c4b65ba5f71","name":"KJ","image":{"@type":"ImageObject","inLanguage":"fr-FR","@id":"https:\/\/secure.gravatar.com\/avatar\/1a1320de1c1971c893f00068f760b4113d69504aa21273da17ee95650c5944fd?s=96&d=mm&r=g","url":"https:\/\/secure.gravatar.com\/avatar\/1a1320de1c1971c893f00068f760b4113d69504aa21273da17ee95650c5944fd?s=96&d=mm&r=g","contentUrl":"https:\/\/secure.gravatar.com\/avatar\/1a1320de1c1971c893f00068f760b4113d69504aa21273da17ee95650c5944fd?s=96&d=mm&r=g","caption":"KJ"},"url":"https:\/\/www.webdo.tn\/fr\/actualite\/author\/kj\/"}]}},"_links":{"self":[{"href":"https:\/\/www.webdo.tn\/fr\/wp-json\/wp\/v2\/posts\/218516","targetHints":{"allow":["GET"]}}],"collection":[{"href":"https:\/\/www.webdo.tn\/fr\/wp-json\/wp\/v2\/posts"}],"about":[{"href":"https:\/\/www.webdo.tn\/fr\/wp-json\/wp\/v2\/types\/post"}],"author":[{"embeddable":true,"href":"https:\/\/www.webdo.tn\/fr\/wp-json\/wp\/v2\/users\/3163"}],"replies":[{"embeddable":true,"href":"https:\/\/www.webdo.tn\/fr\/wp-json\/wp\/v2\/comments?post=218516"}],"version-history":[{"count":0,"href":"https:\/\/www.webdo.tn\/fr\/wp-json\/wp\/v2\/posts\/218516\/revisions"}],"wp:featuredmedia":[{"embeddable":true,"href":"https:\/\/www.webdo.tn\/fr\/wp-json\/wp\/v2\/media\/243320"}],"wp:attachment":[{"href":"https:\/\/www.webdo.tn\/fr\/wp-json\/wp\/v2\/media?parent=218516"}],"wp:term":[{"taxonomy":"category","embeddable":true,"href":"https:\/\/www.webdo.tn\/fr\/wp-json\/wp\/v2\/categories?post=218516"},{"taxonomy":"post_tag","embeddable":true,"href":"https:\/\/www.webdo.tn\/fr\/wp-json\/wp\/v2\/tags?post=218516"}],"curies":[{"name":"wp","href":"https:\/\/api.w.org\/{rel}","templated":true}]}}