{"id":218514,"date":"2024-12-22T11:16:00","date_gmt":"2024-12-22T11:16:00","guid":{"rendered":"https:\/\/www.webdo.tn\/fr\/blog\/2024\/12\/22\/un-avion-de-combat-americain-abattu-par-erreur-en-mer-rouge\/"},"modified":"2025-05-20T22:20:58","modified_gmt":"2025-05-20T22:20:58","slug":"un-avion-de-combat-americain-abattu-par-erreur-en-mer-rouge","status":"publish","type":"post","link":"https:\/\/www.webdo.tn\/fr\/actualite\/international\/un-avion-de-combat-americain-abattu-par-erreur-en-mer-rouge\/218514\/","title":{"rendered":"Un avion de combat am\u00e9ricain abattu \u00ab par erreur \u00bb en mer Rouge"},"content":{"rendered":"<p>Un \u00ab tir ami \u00bb a touch\u00e9 par erreur un avion de combat am\u00e9ricain, dimanche 22 d\u00e9cembre 2024 au-dessus de la mer Rouge. Les deux pilotes ont surv\u00e9cu.<\/p>\n<p>Deux pilotes de la marine am\u00e9ricaine ont surv\u00e9cu sans blessures graves \u00e0 un incident survenu dimanche au-dessus de la mer Rouge, lorsque leur avion de chasse a \u00e9t\u00e9 accidentellement touch\u00e9 par un missile tir\u00e9 par un croiseur am\u00e9ricain, a annonc\u00e9 l\u2019arm\u00e9e.<\/p>\n<p>Selon un communiqu\u00e9 du Commandement central am\u00e9ricain (Centcom) pour le Moyen-Orient, un des membres d\u2019\u00e9quipage a subi des blessures l\u00e9g\u00e8res. \u00ab L\u2019incident n\u2019est pas li\u00e9 \u00e0 une attaque hostile \u00bb, pr\u00e9cise l\u2019arm\u00e9e, qui \u00e9voque un possible cas de \u00ab tir ami \u00bb faisant l\u2019objet d\u2019une enqu\u00eate.<\/p>\n<p>D\u2019apr\u00e8s le Centcom, le croiseur lance-missiles USS Gettysburg a, par erreur, tir\u00e9 sur un avion F\/A-18 ayant d\u00e9coll\u00e9 du porte-avions USS Harry S. Truman avec \u00e0 son bord les deux pilotes, qui ont heureusement pu s\u2019en sortir indemnes.<\/p>\n","protected":false},"excerpt":{"rendered":"<p>Deux pilotes de la marine am\u00e9ricaine ont surv\u00e9cu sans blessures graves \u00e0 un incident survenu dimanche au-dessus de la mer Rouge, lorsque leur avion de chasse a&#8230;<\/p>\n","protected":false},"author":3163,"featured_media":243314,"comment_status":"open","ping_status":"open","sticky":false,"template":"","format":"standard","meta":{"footnotes":""},"categories":[2598],"tags":[4664,3061],"class_list":["post-218514","post","type-post","status-publish","format-standard","has-post-thumbnail","hentry","category-international","tag-avion","tag-usa"],"yoast_head":"<!-- This site is optimized with the Yoast SEO Premium plugin v27.5 (Yoast SEO v27.5) - https:\/\/yoast.com\/product\/yoast-seo-premium-wordpress\/ -->\n<title>Un avion de combat am\u00e9ricain abattu \u00ab par erreur \u00bb en mer Rouge<\/title>\n<meta name=\"description\" content=\"Deux pilotes de la marine am\u00e9ricaine ont surv\u00e9cu sans blessures graves \u00e0 un incident survenu dimanche au-dessus de la mer Rouge, lorsque leur avion de chasse a...\" \/>\n<link rel=\"canonical\" href=\"https:\/\/www.webdo.tn\/fr\/actualite\/international\/un-avion-de-combat-americain-abattu-par-erreur-en-mer-rouge\/218514\/\" \/>\n<meta property=\"og:locale\" content=\"fr_FR\" \/>\n<meta property=\"og:type\" content=\"article\" \/>\n<meta property=\"og:title\" content=\"Un avion de combat am\u00e9ricain abattu \u00ab par erreur \u00bb en mer Rouge\" \/>\n<meta property=\"og:description\" content=\"Deux pilotes de la marine am\u00e9ricaine ont surv\u00e9cu sans blessures graves \u00e0 un incident survenu dimanche au-dessus de la mer Rouge, lorsque leur avion de chasse a...\" \/>\n<meta property=\"og:url\" content=\"https:\/\/www.webdo.tn\/fr\/actualite\/international\/un-avion-de-combat-americain-abattu-par-erreur-en-mer-rouge\/218514\/\" \/>\n<meta property=\"og:site_name\" content=\"webdo\" \/>\n<meta property=\"article:publisher\" content=\"https:\/\/www.facebook.com\/webdotn\" \/>\n<meta property=\"article:published_time\" content=\"2024-12-22T11:16:00+00:00\" \/>\n<meta property=\"article:modified_time\" content=\"2025-05-20T22:20:58+00:00\" \/>\n<meta property=\"og:image\" content=\"https:\/\/www.webdo.tn\/fr\/wp-content\/uploads\/2025\/05\/9130a07cc7b3dff2edb2a7e6aef67cb8-2.webp\" \/>\n\t<meta property=\"og:image:width\" content=\"750\" \/>\n\t<meta property=\"og:image:height\" content=\"400\" \/>\n\t<meta property=\"og:image:type\" content=\"image\/webp\" \/>\n<meta name=\"author\" content=\"KJ\" \/>\n<meta name=\"twitter:card\" content=\"summary_large_image\" \/>\n<meta name=\"twitter:creator\" content=\"@webdo_tn\" \/>\n<meta name=\"twitter:site\" content=\"@webdo_tn\" \/>\n<meta name=\"twitter:label1\" content=\"\u00c9crit par\" \/>\n\t<meta name=\"twitter:data1\" content=\"KJ\" \/>\n\t<meta name=\"twitter:label2\" content=\"Dur\u00e9e de lecture estim\u00e9e\" \/>\n\t<meta name=\"twitter:data2\" content=\"1 minute\" \/>\n<script type=\"application\/ld+json\" class=\"yoast-schema-graph\">{\"@context\":\"https:\\\/\\\/schema.org\",\"@graph\":[{\"@type\":\"NewsArticle\",\"@id\":\"https:\\\/\\\/www.webdo.tn\\\/fr\\\/actualite\\\/international\\\/un-avion-de-combat-americain-abattu-par-erreur-en-mer-rouge\\\/218514\\\/#article\",\"isPartOf\":{\"@id\":\"https:\\\/\\\/www.webdo.tn\\\/fr\\\/actualite\\\/international\\\/un-avion-de-combat-americain-abattu-par-erreur-en-mer-rouge\\\/218514\\\/\"},\"author\":{\"name\":\"KJ\",\"@id\":\"https:\\\/\\\/www.webdo.tn\\\/fr\\\/#\\\/schema\\\/person\\\/82ca085b22037d285e1a3c4b65ba5f71\"},\"headline\":\"Un avion de combat am\u00e9ricain abattu \u00ab par erreur \u00bb en mer Rouge\",\"datePublished\":\"2024-12-22T11:16:00+00:00\",\"dateModified\":\"2025-05-20T22:20:58+00:00\",\"mainEntityOfPage\":{\"@id\":\"https:\\\/\\\/www.webdo.tn\\\/fr\\\/actualite\\\/international\\\/un-avion-de-combat-americain-abattu-par-erreur-en-mer-rouge\\\/218514\\\/\"},\"wordCount\":179,\"commentCount\":0,\"publisher\":{\"@id\":\"https:\\\/\\\/www.webdo.tn\\\/fr\\\/#organization\"},\"image\":{\"@id\":\"https:\\\/\\\/www.webdo.tn\\\/fr\\\/actualite\\\/international\\\/un-avion-de-combat-americain-abattu-par-erreur-en-mer-rouge\\\/218514\\\/#primaryimage\"},\"thumbnailUrl\":\"https:\\\/\\\/www.webdo.tn\\\/fr\\\/wp-content\\\/uploads\\\/2025\\\/05\\\/9130a07cc7b3dff2edb2a7e6aef67cb8-2.webp\",\"keywords\":[\"Avion\",\"USA\"],\"articleSection\":[\"International\"],\"inLanguage\":\"fr-FR\"},{\"@type\":\"WebPage\",\"@id\":\"https:\\\/\\\/www.webdo.tn\\\/fr\\\/actualite\\\/international\\\/un-avion-de-combat-americain-abattu-par-erreur-en-mer-rouge\\\/218514\\\/\",\"url\":\"https:\\\/\\\/www.webdo.tn\\\/fr\\\/actualite\\\/international\\\/un-avion-de-combat-americain-abattu-par-erreur-en-mer-rouge\\\/218514\\\/\",\"name\":\"Un avion de combat am\u00e9ricain abattu \u00ab par erreur \u00bb en mer Rouge\",\"isPartOf\":{\"@id\":\"https:\\\/\\\/www.webdo.tn\\\/fr\\\/#website\"},\"primaryImageOfPage\":{\"@id\":\"https:\\\/\\\/www.webdo.tn\\\/fr\\\/actualite\\\/international\\\/un-avion-de-combat-americain-abattu-par-erreur-en-mer-rouge\\\/218514\\\/#primaryimage\"},\"image\":{\"@id\":\"https:\\\/\\\/www.webdo.tn\\\/fr\\\/actualite\\\/international\\\/un-avion-de-combat-americain-abattu-par-erreur-en-mer-rouge\\\/218514\\\/#primaryimage\"},\"thumbnailUrl\":\"https:\\\/\\\/www.webdo.tn\\\/fr\\\/wp-content\\\/uploads\\\/2025\\\/05\\\/9130a07cc7b3dff2edb2a7e6aef67cb8-2.webp\",\"datePublished\":\"2024-12-22T11:16:00+00:00\",\"dateModified\":\"2025-05-20T22:20:58+00:00\",\"description\":\"Deux pilotes de la marine am\u00e9ricaine ont surv\u00e9cu sans blessures graves \u00e0 un incident survenu dimanche au-dessus de la mer Rouge, lorsque leur avion de chasse a...\",\"breadcrumb\":{\"@id\":\"https:\\\/\\\/www.webdo.tn\\\/fr\\\/actualite\\\/international\\\/un-avion-de-combat-americain-abattu-par-erreur-en-mer-rouge\\\/218514\\\/#breadcrumb\"},\"inLanguage\":\"fr-FR\",\"potentialAction\":[{\"@type\":\"ReadAction\",\"target\":[\"https:\\\/\\\/www.webdo.tn\\\/fr\\\/actualite\\\/international\\\/un-avion-de-combat-americain-abattu-par-erreur-en-mer-rouge\\\/218514\\\/\"]}]},{\"@type\":\"ImageObject\",\"inLanguage\":\"fr-FR\",\"@id\":\"https:\\\/\\\/www.webdo.tn\\\/fr\\\/actualite\\\/international\\\/un-avion-de-combat-americain-abattu-par-erreur-en-mer-rouge\\\/218514\\\/#primaryimage\",\"url\":\"https:\\\/\\\/www.webdo.tn\\\/fr\\\/wp-content\\\/uploads\\\/2025\\\/05\\\/9130a07cc7b3dff2edb2a7e6aef67cb8-2.webp\",\"contentUrl\":\"https:\\\/\\\/www.webdo.tn\\\/fr\\\/wp-content\\\/uploads\\\/2025\\\/05\\\/9130a07cc7b3dff2edb2a7e6aef67cb8-2.webp\",\"width\":750,\"height\":400},{\"@type\":\"BreadcrumbList\",\"@id\":\"https:\\\/\\\/www.webdo.tn\\\/fr\\\/actualite\\\/international\\\/un-avion-de-combat-americain-abattu-par-erreur-en-mer-rouge\\\/218514\\\/#breadcrumb\",\"itemListElement\":[{\"@type\":\"ListItem\",\"position\":1,\"name\":\"Accueil\",\"item\":\"https:\\\/\\\/www.webdo.tn\\\/fr\\\/\"},{\"@type\":\"ListItem\",\"position\":2,\"name\":\"Un avion de combat am\u00e9ricain abattu \u00ab par erreur \u00bb en mer Rouge\"}]},{\"@type\":\"WebSite\",\"@id\":\"https:\\\/\\\/www.webdo.tn\\\/fr\\\/#website\",\"url\":\"https:\\\/\\\/www.webdo.tn\\\/fr\\\/\",\"name\":\"webdo\",\"description\":\"Tunisie - News en Tunisie et \u00e0 l&#039;international sur Webdo.tn\",\"publisher\":{\"@id\":\"https:\\\/\\\/www.webdo.tn\\\/fr\\\/#organization\"},\"potentialAction\":[{\"@type\":\"SearchAction\",\"target\":{\"@type\":\"EntryPoint\",\"urlTemplate\":\"https:\\\/\\\/www.webdo.tn\\\/fr\\\/?s={search_term_string}\"},\"query-input\":{\"@type\":\"PropertyValueSpecification\",\"valueRequired\":true,\"valueName\":\"search_term_string\"}}],\"inLanguage\":\"fr-FR\"},{\"@type\":\"Organization\",\"@id\":\"https:\\\/\\\/www.webdo.tn\\\/fr\\\/#organization\",\"name\":\"Webdo\",\"alternateName\":\"Webdo.tn\",\"url\":\"https:\\\/\\\/www.webdo.tn\\\/fr\\\/\",\"logo\":{\"@type\":\"ImageObject\",\"inLanguage\":\"fr-FR\",\"@id\":\"https:\\\/\\\/www.webdo.tn\\\/fr\\\/#\\\/schema\\\/logo\\\/image\\\/\",\"url\":\"https:\\\/\\\/www.webdo.tn\\\/fr\\\/wp-content\\\/uploads\\\/2025\\\/06\\\/Webdo-Tunisie_168377.jpg\",\"contentUrl\":\"https:\\\/\\\/www.webdo.tn\\\/fr\\\/wp-content\\\/uploads\\\/2025\\\/06\\\/Webdo-Tunisie_168377.jpg\",\"width\":301,\"height\":301,\"caption\":\"Webdo\"},\"image\":{\"@id\":\"https:\\\/\\\/www.webdo.tn\\\/fr\\\/#\\\/schema\\\/logo\\\/image\\\/\"},\"sameAs\":[\"https:\\\/\\\/www.facebook.com\\\/webdotn\",\"https:\\\/\\\/x.com\\\/webdo_tn\"],\"description\":\"Webdo est un m\u00e9dia num\u00e9rique tunisien fond\u00e9 en 2010, sp\u00e9cialis\u00e9 dans l\u2019actualit\u00e9 nationale et internationale, l\u2019\u00e9conomie, la soci\u00e9t\u00e9 et les analyses politiques. Le site s\u2019adresse \u00e0 un large public francophone et couvre l\u2019information tunisienne en temps r\u00e9el.\",\"email\":\"redac@webdo.tn\",\"legalName\":\"YNJ SARL\",\"foundingDate\":\"2010-09-06\",\"numberOfEmployees\":{\"@type\":\"QuantitativeValue\",\"minValue\":\"11\",\"maxValue\":\"50\"}},{\"@type\":\"Person\",\"@id\":\"https:\\\/\\\/www.webdo.tn\\\/fr\\\/#\\\/schema\\\/person\\\/82ca085b22037d285e1a3c4b65ba5f71\",\"name\":\"KJ\",\"image\":{\"@type\":\"ImageObject\",\"inLanguage\":\"fr-FR\",\"@id\":\"https:\\\/\\\/secure.gravatar.com\\\/avatar\\\/1a1320de1c1971c893f00068f760b4113d69504aa21273da17ee95650c5944fd?s=96&d=mm&r=g\",\"url\":\"https:\\\/\\\/secure.gravatar.com\\\/avatar\\\/1a1320de1c1971c893f00068f760b4113d69504aa21273da17ee95650c5944fd?s=96&d=mm&r=g\",\"contentUrl\":\"https:\\\/\\\/secure.gravatar.com\\\/avatar\\\/1a1320de1c1971c893f00068f760b4113d69504aa21273da17ee95650c5944fd?s=96&d=mm&r=g\",\"caption\":\"KJ\"},\"url\":\"https:\\\/\\\/www.webdo.tn\\\/fr\\\/actualite\\\/author\\\/kj\\\/\"}]}<\/script>\n<!-- \/ Yoast SEO Premium plugin. -->","yoast_head_json":{"title":"Un avion de combat am\u00e9ricain abattu \u00ab par erreur \u00bb en mer Rouge","description":"Deux pilotes de la marine am\u00e9ricaine ont surv\u00e9cu sans blessures graves \u00e0 un incident survenu dimanche au-dessus de la mer Rouge, lorsque leur avion de chasse a...","canonical":"https:\/\/www.webdo.tn\/fr\/actualite\/international\/un-avion-de-combat-americain-abattu-par-erreur-en-mer-rouge\/218514\/","og_locale":"fr_FR","og_type":"article","og_title":"Un avion de combat am\u00e9ricain abattu \u00ab par erreur \u00bb en mer Rouge","og_description":"Deux pilotes de la marine am\u00e9ricaine ont surv\u00e9cu sans blessures graves \u00e0 un incident survenu dimanche au-dessus de la mer Rouge, lorsque leur avion de chasse a...","og_url":"https:\/\/www.webdo.tn\/fr\/actualite\/international\/un-avion-de-combat-americain-abattu-par-erreur-en-mer-rouge\/218514\/","og_site_name":"webdo","article_publisher":"https:\/\/www.facebook.com\/webdotn","article_published_time":"2024-12-22T11:16:00+00:00","article_modified_time":"2025-05-20T22:20:58+00:00","og_image":[{"width":750,"height":400,"url":"https:\/\/www.webdo.tn\/fr\/wp-content\/uploads\/2025\/05\/9130a07cc7b3dff2edb2a7e6aef67cb8-2.webp","type":"image\/webp"}],"author":"KJ","twitter_card":"summary_large_image","twitter_creator":"@webdo_tn","twitter_site":"@webdo_tn","twitter_misc":{"\u00c9crit par":"KJ","Dur\u00e9e de lecture estim\u00e9e":"1 minute"},"schema":{"@context":"https:\/\/schema.org","@graph":[{"@type":"NewsArticle","@id":"https:\/\/www.webdo.tn\/fr\/actualite\/international\/un-avion-de-combat-americain-abattu-par-erreur-en-mer-rouge\/218514\/#article","isPartOf":{"@id":"https:\/\/www.webdo.tn\/fr\/actualite\/international\/un-avion-de-combat-americain-abattu-par-erreur-en-mer-rouge\/218514\/"},"author":{"name":"KJ","@id":"https:\/\/www.webdo.tn\/fr\/#\/schema\/person\/82ca085b22037d285e1a3c4b65ba5f71"},"headline":"Un avion de combat am\u00e9ricain abattu \u00ab par erreur \u00bb en mer Rouge","datePublished":"2024-12-22T11:16:00+00:00","dateModified":"2025-05-20T22:20:58+00:00","mainEntityOfPage":{"@id":"https:\/\/www.webdo.tn\/fr\/actualite\/international\/un-avion-de-combat-americain-abattu-par-erreur-en-mer-rouge\/218514\/"},"wordCount":179,"commentCount":0,"publisher":{"@id":"https:\/\/www.webdo.tn\/fr\/#organization"},"image":{"@id":"https:\/\/www.webdo.tn\/fr\/actualite\/international\/un-avion-de-combat-americain-abattu-par-erreur-en-mer-rouge\/218514\/#primaryimage"},"thumbnailUrl":"https:\/\/www.webdo.tn\/fr\/wp-content\/uploads\/2025\/05\/9130a07cc7b3dff2edb2a7e6aef67cb8-2.webp","keywords":["Avion","USA"],"articleSection":["International"],"inLanguage":"fr-FR"},{"@type":"WebPage","@id":"https:\/\/www.webdo.tn\/fr\/actualite\/international\/un-avion-de-combat-americain-abattu-par-erreur-en-mer-rouge\/218514\/","url":"https:\/\/www.webdo.tn\/fr\/actualite\/international\/un-avion-de-combat-americain-abattu-par-erreur-en-mer-rouge\/218514\/","name":"Un avion de combat am\u00e9ricain abattu \u00ab par erreur \u00bb en mer Rouge","isPartOf":{"@id":"https:\/\/www.webdo.tn\/fr\/#website"},"primaryImageOfPage":{"@id":"https:\/\/www.webdo.tn\/fr\/actualite\/international\/un-avion-de-combat-americain-abattu-par-erreur-en-mer-rouge\/218514\/#primaryimage"},"image":{"@id":"https:\/\/www.webdo.tn\/fr\/actualite\/international\/un-avion-de-combat-americain-abattu-par-erreur-en-mer-rouge\/218514\/#primaryimage"},"thumbnailUrl":"https:\/\/www.webdo.tn\/fr\/wp-content\/uploads\/2025\/05\/9130a07cc7b3dff2edb2a7e6aef67cb8-2.webp","datePublished":"2024-12-22T11:16:00+00:00","dateModified":"2025-05-20T22:20:58+00:00","description":"Deux pilotes de la marine am\u00e9ricaine ont surv\u00e9cu sans blessures graves \u00e0 un incident survenu dimanche au-dessus de la mer Rouge, lorsque leur avion de chasse a...","breadcrumb":{"@id":"https:\/\/www.webdo.tn\/fr\/actualite\/international\/un-avion-de-combat-americain-abattu-par-erreur-en-mer-rouge\/218514\/#breadcrumb"},"inLanguage":"fr-FR","potentialAction":[{"@type":"ReadAction","target":["https:\/\/www.webdo.tn\/fr\/actualite\/international\/un-avion-de-combat-americain-abattu-par-erreur-en-mer-rouge\/218514\/"]}]},{"@type":"ImageObject","inLanguage":"fr-FR","@id":"https:\/\/www.webdo.tn\/fr\/actualite\/international\/un-avion-de-combat-americain-abattu-par-erreur-en-mer-rouge\/218514\/#primaryimage","url":"https:\/\/www.webdo.tn\/fr\/wp-content\/uploads\/2025\/05\/9130a07cc7b3dff2edb2a7e6aef67cb8-2.webp","contentUrl":"https:\/\/www.webdo.tn\/fr\/wp-content\/uploads\/2025\/05\/9130a07cc7b3dff2edb2a7e6aef67cb8-2.webp","width":750,"height":400},{"@type":"BreadcrumbList","@id":"https:\/\/www.webdo.tn\/fr\/actualite\/international\/un-avion-de-combat-americain-abattu-par-erreur-en-mer-rouge\/218514\/#breadcrumb","itemListElement":[{"@type":"ListItem","position":1,"name":"Accueil","item":"https:\/\/www.webdo.tn\/fr\/"},{"@type":"ListItem","position":2,"name":"Un avion de combat am\u00e9ricain abattu \u00ab par erreur \u00bb en mer Rouge"}]},{"@type":"WebSite","@id":"https:\/\/www.webdo.tn\/fr\/#website","url":"https:\/\/www.webdo.tn\/fr\/","name":"webdo","description":"Tunisie - News en Tunisie et \u00e0 l&#039;international sur Webdo.tn","publisher":{"@id":"https:\/\/www.webdo.tn\/fr\/#organization"},"potentialAction":[{"@type":"SearchAction","target":{"@type":"EntryPoint","urlTemplate":"https:\/\/www.webdo.tn\/fr\/?s={search_term_string}"},"query-input":{"@type":"PropertyValueSpecification","valueRequired":true,"valueName":"search_term_string"}}],"inLanguage":"fr-FR"},{"@type":"Organization","@id":"https:\/\/www.webdo.tn\/fr\/#organization","name":"Webdo","alternateName":"Webdo.tn","url":"https:\/\/www.webdo.tn\/fr\/","logo":{"@type":"ImageObject","inLanguage":"fr-FR","@id":"https:\/\/www.webdo.tn\/fr\/#\/schema\/logo\/image\/","url":"https:\/\/www.webdo.tn\/fr\/wp-content\/uploads\/2025\/06\/Webdo-Tunisie_168377.jpg","contentUrl":"https:\/\/www.webdo.tn\/fr\/wp-content\/uploads\/2025\/06\/Webdo-Tunisie_168377.jpg","width":301,"height":301,"caption":"Webdo"},"image":{"@id":"https:\/\/www.webdo.tn\/fr\/#\/schema\/logo\/image\/"},"sameAs":["https:\/\/www.facebook.com\/webdotn","https:\/\/x.com\/webdo_tn"],"description":"Webdo est un m\u00e9dia num\u00e9rique tunisien fond\u00e9 en 2010, sp\u00e9cialis\u00e9 dans l\u2019actualit\u00e9 nationale et internationale, l\u2019\u00e9conomie, la soci\u00e9t\u00e9 et les analyses politiques. Le site s\u2019adresse \u00e0 un large public francophone et couvre l\u2019information tunisienne en temps r\u00e9el.","email":"redac@webdo.tn","legalName":"YNJ SARL","foundingDate":"2010-09-06","numberOfEmployees":{"@type":"QuantitativeValue","minValue":"11","maxValue":"50"}},{"@type":"Person","@id":"https:\/\/www.webdo.tn\/fr\/#\/schema\/person\/82ca085b22037d285e1a3c4b65ba5f71","name":"KJ","image":{"@type":"ImageObject","inLanguage":"fr-FR","@id":"https:\/\/secure.gravatar.com\/avatar\/1a1320de1c1971c893f00068f760b4113d69504aa21273da17ee95650c5944fd?s=96&d=mm&r=g","url":"https:\/\/secure.gravatar.com\/avatar\/1a1320de1c1971c893f00068f760b4113d69504aa21273da17ee95650c5944fd?s=96&d=mm&r=g","contentUrl":"https:\/\/secure.gravatar.com\/avatar\/1a1320de1c1971c893f00068f760b4113d69504aa21273da17ee95650c5944fd?s=96&d=mm&r=g","caption":"KJ"},"url":"https:\/\/www.webdo.tn\/fr\/actualite\/author\/kj\/"}]}},"_links":{"self":[{"href":"https:\/\/www.webdo.tn\/fr\/wp-json\/wp\/v2\/posts\/218514","targetHints":{"allow":["GET"]}}],"collection":[{"href":"https:\/\/www.webdo.tn\/fr\/wp-json\/wp\/v2\/posts"}],"about":[{"href":"https:\/\/www.webdo.tn\/fr\/wp-json\/wp\/v2\/types\/post"}],"author":[{"embeddable":true,"href":"https:\/\/www.webdo.tn\/fr\/wp-json\/wp\/v2\/users\/3163"}],"replies":[{"embeddable":true,"href":"https:\/\/www.webdo.tn\/fr\/wp-json\/wp\/v2\/comments?post=218514"}],"version-history":[{"count":0,"href":"https:\/\/www.webdo.tn\/fr\/wp-json\/wp\/v2\/posts\/218514\/revisions"}],"wp:featuredmedia":[{"embeddable":true,"href":"https:\/\/www.webdo.tn\/fr\/wp-json\/wp\/v2\/media\/243314"}],"wp:attachment":[{"href":"https:\/\/www.webdo.tn\/fr\/wp-json\/wp\/v2\/media?parent=218514"}],"wp:term":[{"taxonomy":"category","embeddable":true,"href":"https:\/\/www.webdo.tn\/fr\/wp-json\/wp\/v2\/categories?post=218514"},{"taxonomy":"post_tag","embeddable":true,"href":"https:\/\/www.webdo.tn\/fr\/wp-json\/wp\/v2\/tags?post=218514"}],"curies":[{"name":"wp","href":"https:\/\/api.w.org\/{rel}","templated":true}]}}