{"id":218511,"date":"2024-12-22T09:51:00","date_gmt":"2024-12-22T09:51:00","guid":{"rendered":"https:\/\/www.webdo.tn\/fr\/blog\/2024\/12\/22\/meteo-une-vague-de-froid-s-abattra-sur-la-tunisie\/"},"modified":"2025-05-20T22:20:57","modified_gmt":"2025-05-20T22:20:57","slug":"meteo-une-vague-de-froid-s-abattra-sur-la-tunisie","status":"publish","type":"post","link":"https:\/\/www.webdo.tn\/fr\/actualite\/national\/meteo-une-vague-de-froid-s-abattra-sur-la-tunisie\/218511\/","title":{"rendered":"M\u00e9t\u00e9o : Une vague de froid s\u2019abattra sur la Tunisie"},"content":{"rendered":"<p>L&rsquo;ing\u00e9nieur \u00e0 l\u2019Institut National de la M\u00e9t\u00e9orologie, Hamza Saad a fait savoir dans des d\u00e9clarations m\u00e9diatiques que des quantit\u00e9s importantes de pluie ont \u00e9t\u00e9 enregistr\u00e9es depuis la soir\u00e9e du samedi jusqu&rsquo;\u00e0 ce matin, insistant sur la poursuite des conditions hivernales aujourd\u2019hui.<\/p>\n<p>Selon ses propos, il est pr\u00e9vu que les pluies soient parfois abondantes et temporairement orageuses durant la nuit dans les zones de l&rsquo;extr\u00eame nord-ouest, notamment \u00e0 Tabarka et Nefza, ainsi que dans le gouvernorat de Bizerte. Les temp\u00e9ratures devraient rester stables aujourd&rsquo;hui.<\/p>\n<p>Il a ajout\u00e9 que la mer sera agit\u00e9e dans le nord et tr\u00e8s agit\u00e9e le long des c\u00f4tes orientales, et que les bulletins maritimes d&rsquo;alerte restent en vigueur aujourd&rsquo;hui, concernant toutes les zones maritimes.<\/p>\n<p>Hamza Saad a \u00e9galement affirm\u00e9 que les conditions m\u00e9t\u00e9orologiques \u00e0 partir du lundi resteront propices aux pr\u00e9cipitations, avec une possibilit\u00e9 de chutes de neige sur les hauteurs de l\u2019ouest, particuli\u00e8rement dans la nuit de lundi \u00e0 mardi, notamment sur les reliefs du Kef, de Siliana, de Kasserine et d\u2019A\u00efn Draham. Une baisse sensible des temp\u00e9ratures sera \u00e9galement observ\u00e9e.<\/p>\n","protected":false},"excerpt":{"rendered":"<p>Selon ses propos, il est pr\u00e9vu que les pluies soient parfois abondantes et temporairement orageuses durant la nuit dans les zones de l&rsquo;extr\u00eame nord-ouest, notam&#8230;<\/p>\n","protected":false},"author":3163,"featured_media":243312,"comment_status":"open","ping_status":"open","sticky":false,"template":"","format":"standard","meta":{"footnotes":""},"categories":[44],"tags":[4420,2670,3163,2608],"class_list":["post-218511","post","type-post","status-publish","format-standard","has-post-thumbnail","hentry","category-national","tag-froid","tag-meteo","tag-pluies","tag-tunisie"],"yoast_head":"<!-- This site is optimized with the Yoast SEO Premium plugin v27.5 (Yoast SEO v27.5) - https:\/\/yoast.com\/product\/yoast-seo-premium-wordpress\/ -->\n<title>M\u00e9t\u00e9o : Une vague de froid s\u2019abattra sur la Tunisie<\/title>\n<meta name=\"description\" content=\"Selon ses propos, il est pr\u00e9vu que les pluies soient parfois abondantes et temporairement orageuses durant la nuit dans les zones de l&#039;extr\u00eame nord-ouest, notam...\" \/>\n<link rel=\"canonical\" href=\"https:\/\/www.webdo.tn\/fr\/actualite\/national\/meteo-une-vague-de-froid-s-abattra-sur-la-tunisie\/218511\/\" \/>\n<meta property=\"og:locale\" content=\"fr_FR\" \/>\n<meta property=\"og:type\" content=\"article\" \/>\n<meta property=\"og:title\" content=\"M\u00e9t\u00e9o : Une vague de froid s\u2019abattra sur la Tunisie\" \/>\n<meta property=\"og:description\" content=\"Selon ses propos, il est pr\u00e9vu que les pluies soient parfois abondantes et temporairement orageuses durant la nuit dans les zones de l&#039;extr\u00eame nord-ouest, notam...\" \/>\n<meta property=\"og:url\" content=\"https:\/\/www.webdo.tn\/fr\/actualite\/national\/meteo-une-vague-de-froid-s-abattra-sur-la-tunisie\/218511\/\" \/>\n<meta property=\"og:site_name\" content=\"webdo\" \/>\n<meta property=\"article:publisher\" content=\"https:\/\/www.facebook.com\/webdotn\" \/>\n<meta property=\"article:published_time\" content=\"2024-12-22T09:51:00+00:00\" \/>\n<meta property=\"article:modified_time\" content=\"2025-05-20T22:20:57+00:00\" \/>\n<meta property=\"og:image\" content=\"https:\/\/www.webdo.tn\/fr\/wp-content\/uploads\/2025\/05\/db013f87095d430a8df7d3271359cea2-2.webp\" \/>\n\t<meta property=\"og:image:width\" content=\"750\" \/>\n\t<meta property=\"og:image:height\" content=\"400\" \/>\n\t<meta property=\"og:image:type\" content=\"image\/webp\" \/>\n<meta name=\"author\" content=\"KJ\" \/>\n<meta name=\"twitter:card\" content=\"summary_large_image\" \/>\n<meta name=\"twitter:creator\" content=\"@webdo_tn\" \/>\n<meta name=\"twitter:site\" content=\"@webdo_tn\" \/>\n<meta name=\"twitter:label1\" content=\"\u00c9crit par\" \/>\n\t<meta name=\"twitter:data1\" content=\"KJ\" \/>\n\t<meta name=\"twitter:label2\" content=\"Dur\u00e9e de lecture estim\u00e9e\" \/>\n\t<meta name=\"twitter:data2\" content=\"1 minute\" \/>\n<script type=\"application\/ld+json\" class=\"yoast-schema-graph\">{\"@context\":\"https:\\\/\\\/schema.org\",\"@graph\":[{\"@type\":\"NewsArticle\",\"@id\":\"https:\\\/\\\/www.webdo.tn\\\/fr\\\/actualite\\\/national\\\/meteo-une-vague-de-froid-s-abattra-sur-la-tunisie\\\/218511\\\/#article\",\"isPartOf\":{\"@id\":\"https:\\\/\\\/www.webdo.tn\\\/fr\\\/actualite\\\/national\\\/meteo-une-vague-de-froid-s-abattra-sur-la-tunisie\\\/218511\\\/\"},\"author\":{\"name\":\"KJ\",\"@id\":\"https:\\\/\\\/www.webdo.tn\\\/fr\\\/#\\\/schema\\\/person\\\/82ca085b22037d285e1a3c4b65ba5f71\"},\"headline\":\"M\u00e9t\u00e9o : Une vague de froid s\u2019abattra sur la Tunisie\",\"datePublished\":\"2024-12-22T09:51:00+00:00\",\"dateModified\":\"2025-05-20T22:20:57+00:00\",\"mainEntityOfPage\":{\"@id\":\"https:\\\/\\\/www.webdo.tn\\\/fr\\\/actualite\\\/national\\\/meteo-une-vague-de-froid-s-abattra-sur-la-tunisie\\\/218511\\\/\"},\"wordCount\":214,\"commentCount\":0,\"publisher\":{\"@id\":\"https:\\\/\\\/www.webdo.tn\\\/fr\\\/#organization\"},\"image\":{\"@id\":\"https:\\\/\\\/www.webdo.tn\\\/fr\\\/actualite\\\/national\\\/meteo-une-vague-de-froid-s-abattra-sur-la-tunisie\\\/218511\\\/#primaryimage\"},\"thumbnailUrl\":\"https:\\\/\\\/www.webdo.tn\\\/fr\\\/wp-content\\\/uploads\\\/2025\\\/05\\\/db013f87095d430a8df7d3271359cea2-2.webp\",\"keywords\":[\"froid\",\"m\u00e9t\u00e9o\",\"pluies\",\"Tunisie\"],\"articleSection\":[\"National\"],\"inLanguage\":\"fr-FR\"},{\"@type\":\"WebPage\",\"@id\":\"https:\\\/\\\/www.webdo.tn\\\/fr\\\/actualite\\\/national\\\/meteo-une-vague-de-froid-s-abattra-sur-la-tunisie\\\/218511\\\/\",\"url\":\"https:\\\/\\\/www.webdo.tn\\\/fr\\\/actualite\\\/national\\\/meteo-une-vague-de-froid-s-abattra-sur-la-tunisie\\\/218511\\\/\",\"name\":\"M\u00e9t\u00e9o : Une vague de froid s\u2019abattra sur la Tunisie\",\"isPartOf\":{\"@id\":\"https:\\\/\\\/www.webdo.tn\\\/fr\\\/#website\"},\"primaryImageOfPage\":{\"@id\":\"https:\\\/\\\/www.webdo.tn\\\/fr\\\/actualite\\\/national\\\/meteo-une-vague-de-froid-s-abattra-sur-la-tunisie\\\/218511\\\/#primaryimage\"},\"image\":{\"@id\":\"https:\\\/\\\/www.webdo.tn\\\/fr\\\/actualite\\\/national\\\/meteo-une-vague-de-froid-s-abattra-sur-la-tunisie\\\/218511\\\/#primaryimage\"},\"thumbnailUrl\":\"https:\\\/\\\/www.webdo.tn\\\/fr\\\/wp-content\\\/uploads\\\/2025\\\/05\\\/db013f87095d430a8df7d3271359cea2-2.webp\",\"datePublished\":\"2024-12-22T09:51:00+00:00\",\"dateModified\":\"2025-05-20T22:20:57+00:00\",\"description\":\"Selon ses propos, il est pr\u00e9vu que les pluies soient parfois abondantes et temporairement orageuses durant la nuit dans les zones de l'extr\u00eame nord-ouest, notam...\",\"breadcrumb\":{\"@id\":\"https:\\\/\\\/www.webdo.tn\\\/fr\\\/actualite\\\/national\\\/meteo-une-vague-de-froid-s-abattra-sur-la-tunisie\\\/218511\\\/#breadcrumb\"},\"inLanguage\":\"fr-FR\",\"potentialAction\":[{\"@type\":\"ReadAction\",\"target\":[\"https:\\\/\\\/www.webdo.tn\\\/fr\\\/actualite\\\/national\\\/meteo-une-vague-de-froid-s-abattra-sur-la-tunisie\\\/218511\\\/\"]}]},{\"@type\":\"ImageObject\",\"inLanguage\":\"fr-FR\",\"@id\":\"https:\\\/\\\/www.webdo.tn\\\/fr\\\/actualite\\\/national\\\/meteo-une-vague-de-froid-s-abattra-sur-la-tunisie\\\/218511\\\/#primaryimage\",\"url\":\"https:\\\/\\\/www.webdo.tn\\\/fr\\\/wp-content\\\/uploads\\\/2025\\\/05\\\/db013f87095d430a8df7d3271359cea2-2.webp\",\"contentUrl\":\"https:\\\/\\\/www.webdo.tn\\\/fr\\\/wp-content\\\/uploads\\\/2025\\\/05\\\/db013f87095d430a8df7d3271359cea2-2.webp\",\"width\":750,\"height\":400},{\"@type\":\"BreadcrumbList\",\"@id\":\"https:\\\/\\\/www.webdo.tn\\\/fr\\\/actualite\\\/national\\\/meteo-une-vague-de-froid-s-abattra-sur-la-tunisie\\\/218511\\\/#breadcrumb\",\"itemListElement\":[{\"@type\":\"ListItem\",\"position\":1,\"name\":\"Accueil\",\"item\":\"https:\\\/\\\/www.webdo.tn\\\/fr\\\/\"},{\"@type\":\"ListItem\",\"position\":2,\"name\":\"M\u00e9t\u00e9o : Une vague de froid s\u2019abattra sur la Tunisie\"}]},{\"@type\":\"WebSite\",\"@id\":\"https:\\\/\\\/www.webdo.tn\\\/fr\\\/#website\",\"url\":\"https:\\\/\\\/www.webdo.tn\\\/fr\\\/\",\"name\":\"webdo\",\"description\":\"Tunisie - News en Tunisie et \u00e0 l&#039;international sur Webdo.tn\",\"publisher\":{\"@id\":\"https:\\\/\\\/www.webdo.tn\\\/fr\\\/#organization\"},\"potentialAction\":[{\"@type\":\"SearchAction\",\"target\":{\"@type\":\"EntryPoint\",\"urlTemplate\":\"https:\\\/\\\/www.webdo.tn\\\/fr\\\/?s={search_term_string}\"},\"query-input\":{\"@type\":\"PropertyValueSpecification\",\"valueRequired\":true,\"valueName\":\"search_term_string\"}}],\"inLanguage\":\"fr-FR\"},{\"@type\":\"Organization\",\"@id\":\"https:\\\/\\\/www.webdo.tn\\\/fr\\\/#organization\",\"name\":\"Webdo\",\"alternateName\":\"Webdo.tn\",\"url\":\"https:\\\/\\\/www.webdo.tn\\\/fr\\\/\",\"logo\":{\"@type\":\"ImageObject\",\"inLanguage\":\"fr-FR\",\"@id\":\"https:\\\/\\\/www.webdo.tn\\\/fr\\\/#\\\/schema\\\/logo\\\/image\\\/\",\"url\":\"https:\\\/\\\/www.webdo.tn\\\/fr\\\/wp-content\\\/uploads\\\/2025\\\/06\\\/Webdo-Tunisie_168377.jpg\",\"contentUrl\":\"https:\\\/\\\/www.webdo.tn\\\/fr\\\/wp-content\\\/uploads\\\/2025\\\/06\\\/Webdo-Tunisie_168377.jpg\",\"width\":301,\"height\":301,\"caption\":\"Webdo\"},\"image\":{\"@id\":\"https:\\\/\\\/www.webdo.tn\\\/fr\\\/#\\\/schema\\\/logo\\\/image\\\/\"},\"sameAs\":[\"https:\\\/\\\/www.facebook.com\\\/webdotn\",\"https:\\\/\\\/x.com\\\/webdo_tn\"],\"description\":\"Webdo est un m\u00e9dia num\u00e9rique tunisien fond\u00e9 en 2010, sp\u00e9cialis\u00e9 dans l\u2019actualit\u00e9 nationale et internationale, l\u2019\u00e9conomie, la soci\u00e9t\u00e9 et les analyses politiques. Le site s\u2019adresse \u00e0 un large public francophone et couvre l\u2019information tunisienne en temps r\u00e9el.\",\"email\":\"redac@webdo.tn\",\"legalName\":\"YNJ SARL\",\"foundingDate\":\"2010-09-06\",\"numberOfEmployees\":{\"@type\":\"QuantitativeValue\",\"minValue\":\"11\",\"maxValue\":\"50\"}},{\"@type\":\"Person\",\"@id\":\"https:\\\/\\\/www.webdo.tn\\\/fr\\\/#\\\/schema\\\/person\\\/82ca085b22037d285e1a3c4b65ba5f71\",\"name\":\"KJ\",\"image\":{\"@type\":\"ImageObject\",\"inLanguage\":\"fr-FR\",\"@id\":\"https:\\\/\\\/secure.gravatar.com\\\/avatar\\\/1a1320de1c1971c893f00068f760b4113d69504aa21273da17ee95650c5944fd?s=96&d=mm&r=g\",\"url\":\"https:\\\/\\\/secure.gravatar.com\\\/avatar\\\/1a1320de1c1971c893f00068f760b4113d69504aa21273da17ee95650c5944fd?s=96&d=mm&r=g\",\"contentUrl\":\"https:\\\/\\\/secure.gravatar.com\\\/avatar\\\/1a1320de1c1971c893f00068f760b4113d69504aa21273da17ee95650c5944fd?s=96&d=mm&r=g\",\"caption\":\"KJ\"},\"url\":\"https:\\\/\\\/www.webdo.tn\\\/fr\\\/actualite\\\/author\\\/kj\\\/\"}]}<\/script>\n<!-- \/ Yoast SEO Premium plugin. -->","yoast_head_json":{"title":"M\u00e9t\u00e9o : Une vague de froid s\u2019abattra sur la Tunisie","description":"Selon ses propos, il est pr\u00e9vu que les pluies soient parfois abondantes et temporairement orageuses durant la nuit dans les zones de l'extr\u00eame nord-ouest, notam...","canonical":"https:\/\/www.webdo.tn\/fr\/actualite\/national\/meteo-une-vague-de-froid-s-abattra-sur-la-tunisie\/218511\/","og_locale":"fr_FR","og_type":"article","og_title":"M\u00e9t\u00e9o : Une vague de froid s\u2019abattra sur la Tunisie","og_description":"Selon ses propos, il est pr\u00e9vu que les pluies soient parfois abondantes et temporairement orageuses durant la nuit dans les zones de l'extr\u00eame nord-ouest, notam...","og_url":"https:\/\/www.webdo.tn\/fr\/actualite\/national\/meteo-une-vague-de-froid-s-abattra-sur-la-tunisie\/218511\/","og_site_name":"webdo","article_publisher":"https:\/\/www.facebook.com\/webdotn","article_published_time":"2024-12-22T09:51:00+00:00","article_modified_time":"2025-05-20T22:20:57+00:00","og_image":[{"width":750,"height":400,"url":"https:\/\/www.webdo.tn\/fr\/wp-content\/uploads\/2025\/05\/db013f87095d430a8df7d3271359cea2-2.webp","type":"image\/webp"}],"author":"KJ","twitter_card":"summary_large_image","twitter_creator":"@webdo_tn","twitter_site":"@webdo_tn","twitter_misc":{"\u00c9crit par":"KJ","Dur\u00e9e de lecture estim\u00e9e":"1 minute"},"schema":{"@context":"https:\/\/schema.org","@graph":[{"@type":"NewsArticle","@id":"https:\/\/www.webdo.tn\/fr\/actualite\/national\/meteo-une-vague-de-froid-s-abattra-sur-la-tunisie\/218511\/#article","isPartOf":{"@id":"https:\/\/www.webdo.tn\/fr\/actualite\/national\/meteo-une-vague-de-froid-s-abattra-sur-la-tunisie\/218511\/"},"author":{"name":"KJ","@id":"https:\/\/www.webdo.tn\/fr\/#\/schema\/person\/82ca085b22037d285e1a3c4b65ba5f71"},"headline":"M\u00e9t\u00e9o : Une vague de froid s\u2019abattra sur la Tunisie","datePublished":"2024-12-22T09:51:00+00:00","dateModified":"2025-05-20T22:20:57+00:00","mainEntityOfPage":{"@id":"https:\/\/www.webdo.tn\/fr\/actualite\/national\/meteo-une-vague-de-froid-s-abattra-sur-la-tunisie\/218511\/"},"wordCount":214,"commentCount":0,"publisher":{"@id":"https:\/\/www.webdo.tn\/fr\/#organization"},"image":{"@id":"https:\/\/www.webdo.tn\/fr\/actualite\/national\/meteo-une-vague-de-froid-s-abattra-sur-la-tunisie\/218511\/#primaryimage"},"thumbnailUrl":"https:\/\/www.webdo.tn\/fr\/wp-content\/uploads\/2025\/05\/db013f87095d430a8df7d3271359cea2-2.webp","keywords":["froid","m\u00e9t\u00e9o","pluies","Tunisie"],"articleSection":["National"],"inLanguage":"fr-FR"},{"@type":"WebPage","@id":"https:\/\/www.webdo.tn\/fr\/actualite\/national\/meteo-une-vague-de-froid-s-abattra-sur-la-tunisie\/218511\/","url":"https:\/\/www.webdo.tn\/fr\/actualite\/national\/meteo-une-vague-de-froid-s-abattra-sur-la-tunisie\/218511\/","name":"M\u00e9t\u00e9o : Une vague de froid s\u2019abattra sur la Tunisie","isPartOf":{"@id":"https:\/\/www.webdo.tn\/fr\/#website"},"primaryImageOfPage":{"@id":"https:\/\/www.webdo.tn\/fr\/actualite\/national\/meteo-une-vague-de-froid-s-abattra-sur-la-tunisie\/218511\/#primaryimage"},"image":{"@id":"https:\/\/www.webdo.tn\/fr\/actualite\/national\/meteo-une-vague-de-froid-s-abattra-sur-la-tunisie\/218511\/#primaryimage"},"thumbnailUrl":"https:\/\/www.webdo.tn\/fr\/wp-content\/uploads\/2025\/05\/db013f87095d430a8df7d3271359cea2-2.webp","datePublished":"2024-12-22T09:51:00+00:00","dateModified":"2025-05-20T22:20:57+00:00","description":"Selon ses propos, il est pr\u00e9vu que les pluies soient parfois abondantes et temporairement orageuses durant la nuit dans les zones de l'extr\u00eame nord-ouest, notam...","breadcrumb":{"@id":"https:\/\/www.webdo.tn\/fr\/actualite\/national\/meteo-une-vague-de-froid-s-abattra-sur-la-tunisie\/218511\/#breadcrumb"},"inLanguage":"fr-FR","potentialAction":[{"@type":"ReadAction","target":["https:\/\/www.webdo.tn\/fr\/actualite\/national\/meteo-une-vague-de-froid-s-abattra-sur-la-tunisie\/218511\/"]}]},{"@type":"ImageObject","inLanguage":"fr-FR","@id":"https:\/\/www.webdo.tn\/fr\/actualite\/national\/meteo-une-vague-de-froid-s-abattra-sur-la-tunisie\/218511\/#primaryimage","url":"https:\/\/www.webdo.tn\/fr\/wp-content\/uploads\/2025\/05\/db013f87095d430a8df7d3271359cea2-2.webp","contentUrl":"https:\/\/www.webdo.tn\/fr\/wp-content\/uploads\/2025\/05\/db013f87095d430a8df7d3271359cea2-2.webp","width":750,"height":400},{"@type":"BreadcrumbList","@id":"https:\/\/www.webdo.tn\/fr\/actualite\/national\/meteo-une-vague-de-froid-s-abattra-sur-la-tunisie\/218511\/#breadcrumb","itemListElement":[{"@type":"ListItem","position":1,"name":"Accueil","item":"https:\/\/www.webdo.tn\/fr\/"},{"@type":"ListItem","position":2,"name":"M\u00e9t\u00e9o : Une vague de froid s\u2019abattra sur la Tunisie"}]},{"@type":"WebSite","@id":"https:\/\/www.webdo.tn\/fr\/#website","url":"https:\/\/www.webdo.tn\/fr\/","name":"webdo","description":"Tunisie - News en Tunisie et \u00e0 l&#039;international sur Webdo.tn","publisher":{"@id":"https:\/\/www.webdo.tn\/fr\/#organization"},"potentialAction":[{"@type":"SearchAction","target":{"@type":"EntryPoint","urlTemplate":"https:\/\/www.webdo.tn\/fr\/?s={search_term_string}"},"query-input":{"@type":"PropertyValueSpecification","valueRequired":true,"valueName":"search_term_string"}}],"inLanguage":"fr-FR"},{"@type":"Organization","@id":"https:\/\/www.webdo.tn\/fr\/#organization","name":"Webdo","alternateName":"Webdo.tn","url":"https:\/\/www.webdo.tn\/fr\/","logo":{"@type":"ImageObject","inLanguage":"fr-FR","@id":"https:\/\/www.webdo.tn\/fr\/#\/schema\/logo\/image\/","url":"https:\/\/www.webdo.tn\/fr\/wp-content\/uploads\/2025\/06\/Webdo-Tunisie_168377.jpg","contentUrl":"https:\/\/www.webdo.tn\/fr\/wp-content\/uploads\/2025\/06\/Webdo-Tunisie_168377.jpg","width":301,"height":301,"caption":"Webdo"},"image":{"@id":"https:\/\/www.webdo.tn\/fr\/#\/schema\/logo\/image\/"},"sameAs":["https:\/\/www.facebook.com\/webdotn","https:\/\/x.com\/webdo_tn"],"description":"Webdo est un m\u00e9dia num\u00e9rique tunisien fond\u00e9 en 2010, sp\u00e9cialis\u00e9 dans l\u2019actualit\u00e9 nationale et internationale, l\u2019\u00e9conomie, la soci\u00e9t\u00e9 et les analyses politiques. Le site s\u2019adresse \u00e0 un large public francophone et couvre l\u2019information tunisienne en temps r\u00e9el.","email":"redac@webdo.tn","legalName":"YNJ SARL","foundingDate":"2010-09-06","numberOfEmployees":{"@type":"QuantitativeValue","minValue":"11","maxValue":"50"}},{"@type":"Person","@id":"https:\/\/www.webdo.tn\/fr\/#\/schema\/person\/82ca085b22037d285e1a3c4b65ba5f71","name":"KJ","image":{"@type":"ImageObject","inLanguage":"fr-FR","@id":"https:\/\/secure.gravatar.com\/avatar\/1a1320de1c1971c893f00068f760b4113d69504aa21273da17ee95650c5944fd?s=96&d=mm&r=g","url":"https:\/\/secure.gravatar.com\/avatar\/1a1320de1c1971c893f00068f760b4113d69504aa21273da17ee95650c5944fd?s=96&d=mm&r=g","contentUrl":"https:\/\/secure.gravatar.com\/avatar\/1a1320de1c1971c893f00068f760b4113d69504aa21273da17ee95650c5944fd?s=96&d=mm&r=g","caption":"KJ"},"url":"https:\/\/www.webdo.tn\/fr\/actualite\/author\/kj\/"}]}},"_links":{"self":[{"href":"https:\/\/www.webdo.tn\/fr\/wp-json\/wp\/v2\/posts\/218511","targetHints":{"allow":["GET"]}}],"collection":[{"href":"https:\/\/www.webdo.tn\/fr\/wp-json\/wp\/v2\/posts"}],"about":[{"href":"https:\/\/www.webdo.tn\/fr\/wp-json\/wp\/v2\/types\/post"}],"author":[{"embeddable":true,"href":"https:\/\/www.webdo.tn\/fr\/wp-json\/wp\/v2\/users\/3163"}],"replies":[{"embeddable":true,"href":"https:\/\/www.webdo.tn\/fr\/wp-json\/wp\/v2\/comments?post=218511"}],"version-history":[{"count":0,"href":"https:\/\/www.webdo.tn\/fr\/wp-json\/wp\/v2\/posts\/218511\/revisions"}],"wp:featuredmedia":[{"embeddable":true,"href":"https:\/\/www.webdo.tn\/fr\/wp-json\/wp\/v2\/media\/243312"}],"wp:attachment":[{"href":"https:\/\/www.webdo.tn\/fr\/wp-json\/wp\/v2\/media?parent=218511"}],"wp:term":[{"taxonomy":"category","embeddable":true,"href":"https:\/\/www.webdo.tn\/fr\/wp-json\/wp\/v2\/categories?post=218511"},{"taxonomy":"post_tag","embeddable":true,"href":"https:\/\/www.webdo.tn\/fr\/wp-json\/wp\/v2\/tags?post=218511"}],"curies":[{"name":"wp","href":"https:\/\/api.w.org\/{rel}","templated":true}]}}