{"id":218497,"date":"2024-12-12T09:04:00","date_gmt":"2024-12-12T09:04:00","guid":{"rendered":"https:\/\/www.webdo.tn\/fr\/blog\/2024\/12\/12\/rsiff-2024\/"},"modified":"2025-05-21T08:55:11","modified_gmt":"2025-05-21T08:55:11","slug":"rsiff-2024","status":"publish","type":"post","link":"https:\/\/www.webdo.tn\/fr\/actualite\/culture\/rsiff-2024\/218497\/","title":{"rendered":"RSIFF 2024 &#8211; \u00ab\u00a0Abdo et Saneya\u00a0\u00bb, l&rsquo;art du cin\u00e9ma muet revisit\u00e9"},"content":{"rendered":"<div class=\"single-body entry-content typography-copy\" itemprop=\"articleBody\">\n<p style=\"font-weight: bold; text-align: justify\">\n\t\t\t\t\t\t\t\t\tLe film \u00ab\u00a0Abdo et Saneya\u00a0\u00bb, pr\u00e9sent\u00e9 dans la section \u00ab\u00a0Arab Spectacular\u00a0\u00bb de la quatri\u00e8me \u00e9dition du Festival international du film de la Mer Rouge (RSIFF), qui se d\u00e9roule du 5 au 14 d\u00e9cembre 2024, est une \u0153uvre\u00a0qui r\u00e9invente un art cin\u00e9matographique pratiquement disparu : le film muet en noir et blanc.\n\t\t\t\t\t\t\t\t<\/p>\n<div class=\"coprs\" style=\"text-align: center\"><\/div>\n<div class=\"coprs\" style=\"text-align: justify\">\n<p><span>\u00ab\u00a0Arab spectacular\u00a0\u00bb est une section\u00a0du festival, d\u00e9di\u00e9e \u00e0 mettre en avant la richesse et la diversit\u00e9 des r\u00e9cits arabes. Elle c\u00e9l\u00e8bre non seulement l&rsquo;h\u00e9ritage culturel de la r\u00e9gion mais aussi son regard contemporain sur des enjeux universels.<\/span><\/p>\n<p><span>Sous la r\u00e9alisation audacieuse d&rsquo;Omar Bakri, cette histoire \u00e9mouvante et poignante transporte le spectateur dans un voyage unique entre traditions \u00e9gyptiennes et modernit\u00e9 occidentale, tout en explorant des th\u00e8mes universels tels que l&rsquo;amour, la r\u00e9silience, et la remise en question des normes patriarcales.<\/span><\/p>\n<p>\u00a0<\/p>\n<p><img decoding=\"async\" alt=\"\" height=\"950\" src=\"\/assets\/uploads\/images\/\/Neila\/RSIFF%202024%20-%20Abdo%20and%20Saneya%20Poster.jpg\" width=\"700\"><\/p>\n<p>\u00a0<\/p>\n<p><span><strong>Une entr\u00e9e en mati\u00e8re saisissante<\/strong><\/span><\/p>\n<p><span>Le film s&rsquo;ouvre sur une sc\u00e8ne o\u00f9 l&rsquo;on voit Abdo et Saneya, un couple de paysans \u00e9gyptiens, fra\u00eechement arriv\u00e9s \u00e0 l&rsquo;a\u00e9roport de New York. D\u00e9j\u00e0 d\u00e9sorient\u00e9s par leur environnement inconnu, ils se perdent rapidement dans le d\u00e9dale de l\u2019a\u00e9roport, incapables de localiser le contact cens\u00e9 les accueillir. Entre confusion et attente interminable, leur espoir s\u2019amenuise. Finalement, ils se r\u00e9signent \u00e0 quitter l&rsquo;a\u00e9roport pour la ville, mais leur solitude et leur vuln\u00e9rabilit\u00e9 ne font que s\u2019amplifier. Avant m\u00eame d\u2019avoir mis un pied en dehors, ils sont plong\u00e9s dans un monde d\u2019incertitude et de confusion. Cette introduction, empreinte d&rsquo;\u00e9motion, fixe le ton d\u2019une histoire universelle et profond\u00e9ment humaine : celle de migrants confront\u00e9s \u00e0 l\u2019inconnu, arm\u00e9s uniquement de leur amour et de leur r\u00e9silience.<\/span><\/p>\n<p><span><strong>Un hommage au cin\u00e9ma d&rsquo;autrefois<\/strong><\/span><\/p>\n<p><span>Omar Bakri, r\u00e9alisateur accompli, signe ici son deuxi\u00e8me long m\u00e9trage. Grand admirateur de Charlie Chaplin et des classiques du cin\u00e9ma muet, il choisit d&rsquo;exploiter ce style pour raconter une histoire contemporaine. Le film utilise l&rsquo;esth\u00e9tique du noir et blanc pour mettre en lumi\u00e8re l&rsquo;\u00e9cart culturel entre les protagonistes et leur nouvel environnement. Les dialogues sont remplac\u00e9s par des pancartes et une bande-son soigneusement compos\u00e9e, m\u00ealant musique orientale et occidentale. Le r\u00e9alisateur explique que cette absence de dialogues incite le spectateur \u00e0 se focaliser sur les images et les \u00e9motions exprim\u00e9es par les acteurs.<\/span><\/p>\n<p><span>La derni\u00e8re sc\u00e8ne, film\u00e9e en couleur, marque un contraste saisissant avec le reste de l\u2019\u0153uvre. Elle symbolise l&rsquo;adaptation progressive du couple \u00e0 leur nouvel environnement et leur entr\u00e9e dans un monde moderne, tout en offrant une cl\u00f4ture pleine d&rsquo;espoir \u00e0 une histoire remplie de d\u00e9fis.<\/span><\/p>\n<p><span><strong>Un r\u00e9cit poignant de r\u00e9silience<\/strong><\/span><\/p>\n<p><span>Abdo et Saneya, incarn\u00e9s respectivement par le r\u00e9alisateur lui-m\u00eame et l&rsquo;actrice Injy El Gamal, sont un couple uni par un amour profond. Par des flashbacks ins\u00e9r\u00e9s tout au long du film, le spectateur d\u00e9couvre peu \u00e0 peu leur histoire\u00a0et les raisons de leur arriv\u00e9e \u00e0 New York : leur d\u00e9sir de trouver un traitement pour surmonter leur infertilit\u00e9.<\/span><\/p>\n<p><span>Le film explore leur difficult\u00e9 \u00e0 concevoir un enfant, un sujet souvent tabou dans la soci\u00e9t\u00e9 \u00e9gyptienne. Abdo, un mari loyal et aimant, refuse de c\u00e9der \u00e0 la pression sociale et familiale qui l\u2019incite \u00e0 \u00e9pouser une seconde femme pour avoir un h\u00e9ritier. Cette r\u00e9silience face aux normes patriarcales fait d&rsquo;Abdo un personnage rare et touchant.<\/span><\/p>\n<p><span>Leur voyage \u00e0 New York, entrepris dans l&rsquo;espoir de trouver un traitement pour leur infertilit\u00e9, est sem\u00e9 d&#8217;emb\u00fbches. Ils commencent par passer quelques nuits dans la rue, sans pouvoir trouver un refuge quelconque. Ils n&rsquo;arrivent pas non plus \u00e0 trouver de la nourriture, leurs livres \u00e9gyptiennes n&rsquo;ayant pas cours aux USA. De toute fa\u00e7on, ni Abdo ni Saneya ne connaissent le concept du change ni ne comprennent pourquoi leurs livres ne sont pas accept\u00e9es par les commer\u00e7ants am\u00e9ricains. Abdo commence par dire qu&rsquo;il est le chef de famille et que c&rsquo;est sa responsabilit\u00e9 de leur trouver o\u00f9 loger et \u00e0 manger. \u00ab\u00a0<em>Je suis l&rsquo;homme<\/em>\u00ab\u00a0, dit-il. Mais en fait, tout de suite, on va s&rsquo;apercevoir que Saneya est plus d\u00e9brouillarde que lui. Lorsque Abdo se fait chasser d&rsquo;une superette o\u00f9 il voulait acheter \u00e0 manger parce qu&rsquo;il n&rsquo;a pas de dollars, c&rsquo;est Saneya qui va trouver le subterfuge pour arriver \u00e0 \u00ab\u00a0acheter\u00a0\u00bb cette nourriture, m\u00eame si avec de la ruse.<\/span><\/p>\n<p><span>Perdus dans une ville qu&rsquo;ils ne connaissent pas, ils finissent par trouver refuge chez une famille de migrants \u00e9gyptiens compatissants. Tandis qu&rsquo;Abdo peine \u00e0 conserver un emploi en raison de sa maladresse:\u00a0dans son premier emploi sur un chariot de vente de Hot Dog, il oublie de mettre le frein, et le chariot d\u00e9vale la rue ; dans son deuxi\u00e8me emploi dans un fast food, il remplace le sel sur les frites par un produit d&rsquo;entretien&#8230; Saneya, gr\u00e2ce \u00e0 ses talents culinaires, parvient \u00e0 trouver un travail stable dans un restaurant o\u00f9 elle introduit avec succ\u00e8s le koshary, un plat traditionnel \u00e9gyptien.<\/span><\/p>\n<p>\u00a0<\/p>\n<p><img decoding=\"async\" alt=\"\" height=\"692\" src=\"\/assets\/uploads\/images\/\/Neila\/RSIFF%202024%20-%20Abdo%20and%20Saneya%203.jpg\" width=\"1230\"><\/p>\n<p>\u00a0<\/p>\n<p><span><strong>Une critique sociale audacieuse<\/strong><\/span><\/p>\n<p><span>Le film aborde de mani\u00e8re subtile mais percutante plusieurs questions sociales, notamment l&rsquo;in\u00e9galit\u00e9 des sexes et les tabous entourant la fertilit\u00e9 masculine dans les soci\u00e9t\u00e9s patriarcales. Abdo lui-m\u00eame est choqu\u00e9 lorsque des m\u00e9decins lui sugg\u00e8rent de faire des tests pour v\u00e9rifier sa fertilit\u00e9, refl\u00e9tant une croyance largement r\u00e9pandue que seule la femme peut \u00eatre responsable de l&rsquo;absence d&rsquo;enfant. Le film remet en question ces pr\u00e9jug\u00e9s, tout en d\u00e9montrant que l&rsquo;amour et la compr\u00e9hension peuvent transcender ces constructions sociales rigides. Abdo qui, au d\u00e9but du film, se comporte en chef de famille incontest\u00e9 \u2013 c&rsquo;est \u00e0 lui de commander, de d\u00e9cider, de pourvoir toit et nourriture \u2013 rappelle de temps en temps \u00e0 Saneya qu&rsquo;elle n&rsquo;a pas pu lui faire d&rsquo;enfants. Il va petit \u00e0 petit se rendre compte de sa b\u00eatise et va m\u00eame finir par regretter ses paroles et comportements lorsqu&rsquo;il apprend que s&rsquo;ils n&rsquo;ont pas d&rsquo;enfants, c&rsquo;est bien parce qu&rsquo;il est st\u00e9rile et que Saneya est saine et sauve. Et comme Abdo avait refus\u00e9 de r\u00e9pudier Saneya ou de prendre une deuxi\u00e8me \u00e9pouse, Saneya refusera de le quitter pour aller refaire sa vie et avoir des enfants.<\/span><\/p>\n<p><span>De plus, lorsque Saneya devient la principale source de revenu du foyer, Abdo accepte, bien que difficilement, de s&rsquo;occuper des t\u00e2ches m\u00e9nag\u00e8res. Cette inversion des r\u00f4les traditionnels, bien qu&rsquo;inconcevable pour un homme de Haute-\u00c9gypte, est repr\u00e9sent\u00e9e avec tendresse et humour, illustrant comment l&rsquo;amour peut permettre de surmonter les barri\u00e8res culturelles.<\/span><\/p>\n<p><span><strong>Une exp\u00e9rience cin\u00e9matographique unique<\/strong><\/span><\/p>\n<p><span>En tant que spectatrice, j\u2019ai \u00e9t\u00e9 transport\u00e9e par<em> Abdo et Saneya<\/em>. Ce film offre une exp\u00e9rience cin\u00e9matographique rare, rappelant les \u00e9motions simples mais puissantes des premiers jours du cin\u00e9ma. La musique, bien que parfois trop forte, ajoute une dimension \u00e9motionnelle qui transcende les mots. Les performances des acteurs, amplifi\u00e9es par leur gestuelle expressive, captivent et \u00e9meuvent, permettant au spectateur de ressentir chaque \u00e9preuve et chaque triomphe du couple.<\/span><\/p>\n<p><span>Le film, par son format et son esth\u00e9tique, offre \u00e9galement une r\u00e9flexion sur le temps et l&rsquo;\u00e9volution. Il m\u2019a donn\u00e9 l\u2019impression de remonter le temps tout en me plongeant dans une histoire contemporaine, r\u00e9sonnant avec des questions encore pertinentes aujourd\u2019hui. Ce plaisir de regarder un film d&rsquo;une autre \u00e9poque, tout en vivant une histoire profond\u00e9ment actuelle, m&rsquo;a \u00e9mue et enchant\u00e9e.<\/span><\/p>\n<p><span><strong>Le message d&rsquo;Omar Bakri<\/strong><\/span><\/p>\n<p><span>Omar Bakri, r\u00e9alisateur et acteur principal du film, a partag\u00e9 lors de la projection son amour pour le cin\u00e9ma muet et son souhait de r\u00e9introduire ce style aupr\u00e8s du public moderne. Selon lui, le film muet, avec son langage universel d\u2019images et de musique, permet de raconter des histoires d&rsquo;une mani\u00e8re plus universelle. Le choix de terminer le film en couleur est une d\u00e9cision symbolique qui souligne l\u2019adaptation et l\u2019\u00e9volution du couple, tout en marquant une transition vers une nouvelle \u00e8re. Abdo et Sanya quittent leur monde en noir et blanc, leur monde traditionnel, pour entrer dans la vie moderne.<\/span><\/p>\n<p>\u00a0<\/p>\n<p><iframe allowfullscreen=\"true\" frameborder=\"0\" height=\"314\" scrolling=\"no\" src=\"https:\/\/www.facebook.com\/plugins\/video.php?height=314&amp;href=https%3A%2F%2Fwww.facebook.com%2Fmassir.destiniii%2Fvideos%2F959738679404136%2F&amp;show_text=false&amp;width=560&amp;t=0\" width=\"560\"><\/iframe><\/p>\n<p>\u00a0<\/p>\n<p><span><strong>Un film \u00e0 ne pas manquer<\/strong><\/span><\/p>\n<p><span><em>Abdo et Saneya<\/em>\u00a0est bien plus qu&rsquo;un hommage au cin\u00e9ma classique. C&rsquo;est une ode \u00e0 l&rsquo;amour, \u00e0 la r\u00e9silience et \u00e0 la capacit\u00e9 humaine \u00e0 s\u2019adapter et \u00e0 surmonter les obstacles. Ce film rappelle que les histoires simples, racont\u00e9es avec sinc\u00e9rit\u00e9 et talent, peuvent toucher le c\u0153ur des spectateurs de mani\u00e8re intemporelle.<\/span><\/p>\n<p><span>Pour les amateurs de cin\u00e9ma, ce film\u00a0d\u2019Omar Bakri est une exp\u00e9rience \u00e0 vivre. Il redonne vie \u00e0 une forme d\u2019art oubli\u00e9e tout en abordant des th\u00e8mes universels d\u2019une mani\u00e8re nouvelle et inspirante. Une v\u00e9ritable r\u00e9ussite cin\u00e9matographique qui restera longtemps dans les esprits et les c\u0153urs.<\/span><\/p>\n<p><strong><span>Ne\u00efla Driss<\/span><\/strong><\/p>\n<\/p><\/div>\n<div class=\"coprs\" style=\"text-align: center\"><\/div><\/div>\n","protected":false},"excerpt":{"rendered":"<p>Le film  Abdo et Saneya , pr\u00e9sent\u00e9 dans la section  Arab Spectacular  de la quatri\u00e8me \u00e9dition du Festival international du film de la Mer Rouge (RSIFF), qui se&#8230;<\/p>\n","protected":false},"author":3164,"featured_media":243492,"comment_status":"open","ping_status":"open","sticky":false,"template":"","format":"standard","meta":{"footnotes":""},"categories":[2594],"tags":[2626,3256,2628,4709,2655,3985,3986,4708],"class_list":["post-218497","post","type-post","status-publish","format-standard","has-post-thumbnail","hentry","category-culture","tag-cinema","tag-cinema-egyptien","tag-festival","tag-festival-international-du-film-de-la-mer-rouge","tag-film","tag-red-sea-international-film-festival","tag-rsiff","tag-rsiff-2024"],"yoast_head":"<!-- This site is optimized with the Yoast SEO Premium plugin v27.4 (Yoast SEO v27.4) - https:\/\/yoast.com\/product\/yoast-seo-premium-wordpress\/ -->\n<title>RSIFF 2024 - Abdo et Saneya , l&#039;art du cin\u00e9ma muet revisit\u00e9<\/title>\n<meta name=\"description\" content=\"Le film Abdo et Saneya , pr\u00e9sent\u00e9 dans la section Arab Spectacular de la quatri\u00e8me \u00e9dition du Festival international du film de la Mer Rouge (RSIFF), qui se...\" \/>\n<link rel=\"canonical\" href=\"https:\/\/www.webdo.tn\/fr\/actualite\/culture\/rsiff-2024\/218497\/\" \/>\n<meta property=\"og:locale\" content=\"fr_FR\" \/>\n<meta property=\"og:type\" content=\"article\" \/>\n<meta property=\"og:title\" content=\"RSIFF 2024 - &quot;Abdo et Saneya&quot;, l&#039;art du cin\u00e9ma muet revisit\u00e9\" \/>\n<meta property=\"og:description\" content=\"Le film Abdo et Saneya , pr\u00e9sent\u00e9 dans la section Arab Spectacular de la quatri\u00e8me \u00e9dition du Festival international du film de la Mer Rouge (RSIFF), qui se...\" \/>\n<meta property=\"og:url\" content=\"https:\/\/www.webdo.tn\/fr\/actualite\/culture\/rsiff-2024\/218497\/\" \/>\n<meta property=\"og:site_name\" content=\"webdo\" \/>\n<meta property=\"article:publisher\" content=\"https:\/\/www.facebook.com\/webdotn\" \/>\n<meta property=\"article:author\" content=\"https:\/\/www.facebook.com\/massir.destiniii\/\" \/>\n<meta property=\"article:published_time\" content=\"2024-12-12T09:04:00+00:00\" \/>\n<meta property=\"article:modified_time\" content=\"2025-05-21T08:55:11+00:00\" \/>\n<meta property=\"og:image\" content=\"https:\/\/www.webdo.tn\/fr\/wp-content\/uploads\/2025\/05\/1b58eb98b5c20e481a6ceef4c6dc5e5c-2.webp\" \/>\n\t<meta property=\"og:image:width\" content=\"600\" \/>\n\t<meta property=\"og:image:height\" content=\"320\" \/>\n\t<meta property=\"og:image:type\" content=\"image\/webp\" \/>\n<meta name=\"author\" content=\"Ne\u00efla DRISS\" \/>\n<meta name=\"twitter:card\" content=\"summary_large_image\" \/>\n<meta name=\"twitter:creator\" content=\"@https:\/\/x.com\/MassirDestin\" \/>\n<meta name=\"twitter:site\" content=\"@webdo_tn\" \/>\n<meta name=\"twitter:label1\" content=\"\u00c9crit par\" \/>\n\t<meta name=\"twitter:data1\" content=\"Ne\u00efla DRISS\" \/>\n\t<meta name=\"twitter:label2\" content=\"Dur\u00e9e de lecture estim\u00e9e\" \/>\n\t<meta name=\"twitter:data2\" content=\"7 minutes\" \/>\n<script type=\"application\/ld+json\" class=\"yoast-schema-graph\">{\"@context\":\"https:\\\/\\\/schema.org\",\"@graph\":[{\"@type\":\"NewsArticle\",\"@id\":\"https:\\\/\\\/www.webdo.tn\\\/fr\\\/actualite\\\/culture\\\/rsiff-2024\\\/218497\\\/#article\",\"isPartOf\":{\"@id\":\"https:\\\/\\\/www.webdo.tn\\\/fr\\\/actualite\\\/culture\\\/rsiff-2024\\\/218497\\\/\"},\"author\":{\"name\":\"Ne\u00efla DRISS\",\"@id\":\"https:\\\/\\\/www.webdo.tn\\\/fr\\\/#\\\/schema\\\/person\\\/60d5ba619ed3f58783b0dc82b7dada80\"},\"headline\":\"RSIFF 2024 &#8211; \u00ab\u00a0Abdo et Saneya\u00a0\u00bb, l&rsquo;art du cin\u00e9ma muet revisit\u00e9\",\"datePublished\":\"2024-12-12T09:04:00+00:00\",\"dateModified\":\"2025-05-21T08:55:11+00:00\",\"mainEntityOfPage\":{\"@id\":\"https:\\\/\\\/www.webdo.tn\\\/fr\\\/actualite\\\/culture\\\/rsiff-2024\\\/218497\\\/\"},\"wordCount\":1559,\"commentCount\":0,\"publisher\":{\"@id\":\"https:\\\/\\\/www.webdo.tn\\\/fr\\\/#organization\"},\"image\":{\"@id\":\"https:\\\/\\\/www.webdo.tn\\\/fr\\\/actualite\\\/culture\\\/rsiff-2024\\\/218497\\\/#primaryimage\"},\"thumbnailUrl\":\"https:\\\/\\\/www.webdo.tn\\\/fr\\\/wp-content\\\/uploads\\\/2025\\\/05\\\/1b58eb98b5c20e481a6ceef4c6dc5e5c-2.webp\",\"keywords\":[\"Cin\u00e9ma\",\"Cin\u00e9ma \u00e9gyptien\",\"Festival\",\"Festival International du Film de la Mer Rouge\",\"Film\",\"Red Sea International Film Festival\",\"RSIFF\",\"RSIFF 2024\"],\"articleSection\":[\"Culture\"],\"inLanguage\":\"fr-FR\"},{\"@type\":\"WebPage\",\"@id\":\"https:\\\/\\\/www.webdo.tn\\\/fr\\\/actualite\\\/culture\\\/rsiff-2024\\\/218497\\\/\",\"url\":\"https:\\\/\\\/www.webdo.tn\\\/fr\\\/actualite\\\/culture\\\/rsiff-2024\\\/218497\\\/\",\"name\":\"RSIFF 2024 - Abdo et Saneya , l'art du cin\u00e9ma muet revisit\u00e9\",\"isPartOf\":{\"@id\":\"https:\\\/\\\/www.webdo.tn\\\/fr\\\/#website\"},\"primaryImageOfPage\":{\"@id\":\"https:\\\/\\\/www.webdo.tn\\\/fr\\\/actualite\\\/culture\\\/rsiff-2024\\\/218497\\\/#primaryimage\"},\"image\":{\"@id\":\"https:\\\/\\\/www.webdo.tn\\\/fr\\\/actualite\\\/culture\\\/rsiff-2024\\\/218497\\\/#primaryimage\"},\"thumbnailUrl\":\"https:\\\/\\\/www.webdo.tn\\\/fr\\\/wp-content\\\/uploads\\\/2025\\\/05\\\/1b58eb98b5c20e481a6ceef4c6dc5e5c-2.webp\",\"datePublished\":\"2024-12-12T09:04:00+00:00\",\"dateModified\":\"2025-05-21T08:55:11+00:00\",\"description\":\"Le film Abdo et Saneya , pr\u00e9sent\u00e9 dans la section Arab Spectacular de la quatri\u00e8me \u00e9dition du Festival international du film de la Mer Rouge (RSIFF), qui se...\",\"breadcrumb\":{\"@id\":\"https:\\\/\\\/www.webdo.tn\\\/fr\\\/actualite\\\/culture\\\/rsiff-2024\\\/218497\\\/#breadcrumb\"},\"inLanguage\":\"fr-FR\",\"potentialAction\":[{\"@type\":\"ReadAction\",\"target\":[\"https:\\\/\\\/www.webdo.tn\\\/fr\\\/actualite\\\/culture\\\/rsiff-2024\\\/218497\\\/\"]}]},{\"@type\":\"ImageObject\",\"inLanguage\":\"fr-FR\",\"@id\":\"https:\\\/\\\/www.webdo.tn\\\/fr\\\/actualite\\\/culture\\\/rsiff-2024\\\/218497\\\/#primaryimage\",\"url\":\"https:\\\/\\\/www.webdo.tn\\\/fr\\\/wp-content\\\/uploads\\\/2025\\\/05\\\/1b58eb98b5c20e481a6ceef4c6dc5e5c-2.webp\",\"contentUrl\":\"https:\\\/\\\/www.webdo.tn\\\/fr\\\/wp-content\\\/uploads\\\/2025\\\/05\\\/1b58eb98b5c20e481a6ceef4c6dc5e5c-2.webp\",\"width\":600,\"height\":320},{\"@type\":\"BreadcrumbList\",\"@id\":\"https:\\\/\\\/www.webdo.tn\\\/fr\\\/actualite\\\/culture\\\/rsiff-2024\\\/218497\\\/#breadcrumb\",\"itemListElement\":[{\"@type\":\"ListItem\",\"position\":1,\"name\":\"Accueil\",\"item\":\"https:\\\/\\\/www.webdo.tn\\\/fr\\\/\"},{\"@type\":\"ListItem\",\"position\":2,\"name\":\"RSIFF 2024 &#8211; \u00ab\u00a0Abdo et Saneya\u00a0\u00bb, l&rsquo;art du cin\u00e9ma muet revisit\u00e9\"}]},{\"@type\":\"WebSite\",\"@id\":\"https:\\\/\\\/www.webdo.tn\\\/fr\\\/#website\",\"url\":\"https:\\\/\\\/www.webdo.tn\\\/fr\\\/\",\"name\":\"webdo\",\"description\":\"Tunisie - News en Tunisie et \u00e0 l&#039;international sur Webdo.tn\",\"publisher\":{\"@id\":\"https:\\\/\\\/www.webdo.tn\\\/fr\\\/#organization\"},\"potentialAction\":[{\"@type\":\"SearchAction\",\"target\":{\"@type\":\"EntryPoint\",\"urlTemplate\":\"https:\\\/\\\/www.webdo.tn\\\/fr\\\/?s={search_term_string}\"},\"query-input\":{\"@type\":\"PropertyValueSpecification\",\"valueRequired\":true,\"valueName\":\"search_term_string\"}}],\"inLanguage\":\"fr-FR\"},{\"@type\":\"Organization\",\"@id\":\"https:\\\/\\\/www.webdo.tn\\\/fr\\\/#organization\",\"name\":\"Webdo\",\"alternateName\":\"Webdo.tn\",\"url\":\"https:\\\/\\\/www.webdo.tn\\\/fr\\\/\",\"logo\":{\"@type\":\"ImageObject\",\"inLanguage\":\"fr-FR\",\"@id\":\"https:\\\/\\\/www.webdo.tn\\\/fr\\\/#\\\/schema\\\/logo\\\/image\\\/\",\"url\":\"https:\\\/\\\/www.webdo.tn\\\/fr\\\/wp-content\\\/uploads\\\/2025\\\/06\\\/Webdo-Tunisie_168377.jpg\",\"contentUrl\":\"https:\\\/\\\/www.webdo.tn\\\/fr\\\/wp-content\\\/uploads\\\/2025\\\/06\\\/Webdo-Tunisie_168377.jpg\",\"width\":301,\"height\":301,\"caption\":\"Webdo\"},\"image\":{\"@id\":\"https:\\\/\\\/www.webdo.tn\\\/fr\\\/#\\\/schema\\\/logo\\\/image\\\/\"},\"sameAs\":[\"https:\\\/\\\/www.facebook.com\\\/webdotn\",\"https:\\\/\\\/x.com\\\/webdo_tn\"],\"description\":\"Webdo est un m\u00e9dia num\u00e9rique tunisien fond\u00e9 en 2010, sp\u00e9cialis\u00e9 dans l\u2019actualit\u00e9 nationale et internationale, l\u2019\u00e9conomie, la soci\u00e9t\u00e9 et les analyses politiques. Le site s\u2019adresse \u00e0 un large public francophone et couvre l\u2019information tunisienne en temps r\u00e9el.\",\"email\":\"redac@webdo.tn\",\"legalName\":\"YNJ SARL\",\"foundingDate\":\"2010-09-06\",\"numberOfEmployees\":{\"@type\":\"QuantitativeValue\",\"minValue\":\"11\",\"maxValue\":\"50\"}},{\"@type\":\"Person\",\"@id\":\"https:\\\/\\\/www.webdo.tn\\\/fr\\\/#\\\/schema\\\/person\\\/60d5ba619ed3f58783b0dc82b7dada80\",\"name\":\"Ne\u00efla DRISS\",\"image\":{\"@type\":\"ImageObject\",\"inLanguage\":\"fr-FR\",\"@id\":\"https:\\\/\\\/www.webdo.tn\\\/fr\\\/wp-content\\\/uploads\\\/2026\\\/04\\\/neila-driss_avatar-96x96.jpg\",\"url\":\"https:\\\/\\\/www.webdo.tn\\\/fr\\\/wp-content\\\/uploads\\\/2026\\\/04\\\/neila-driss_avatar-96x96.jpg\",\"contentUrl\":\"https:\\\/\\\/www.webdo.tn\\\/fr\\\/wp-content\\\/uploads\\\/2026\\\/04\\\/neila-driss_avatar-96x96.jpg\",\"caption\":\"Ne\u00efla DRISS\"},\"description\":\"Ne\u00efla Driss est juriste, journaliste culturelle et critique de cin\u00e9ma tunisienne. Titulaire d\u2019un DEA en droit priv\u00e9 de l\u2019Universit\u00e9 Paris II et d\u2019un DESS de l\u2019IHEC Carthage, elle d\u00e9bute sa carri\u00e8re comme juriste sp\u00e9cialis\u00e9e en gestion de patrimoine immobilier. Elle s\u2019oriente ensuite vers l\u2019\u00e9criture en ligne, o\u00f9 elle se distingue d\u00e8s 2006 aux Tunisia Blog Awards, avant de se consacrer au journalisme culturel, avec une sp\u00e9cialisation dans la critique cin\u00e9matographique. Elle couvre r\u00e9guli\u00e8rement les grands festivals internationaux, notamment le Festival de Cannes, les Journ\u00e9es Cin\u00e9matographiques de Carthage et le Festival du film du Caire. Membre de l\u2019ATPCC et de la FIPRESCI, elle participe \u00e0 des jurys et initiatives internationales de critique. Depuis 2024, elle est \u00e9lectrice internationale aux Golden Globes. Facebook : https:\\\/\\\/www.facebook.com\\\/massir.destiniii\\\/ X : https:\\\/\\\/x.com\\\/MassirDestin\",\"sameAs\":[\"https:\\\/\\\/www.facebook.com\\\/massir.destiniii\\\/\",\"https:\\\/\\\/www.instagram.com\\\/neila.driss\\\/?hl=fr\",\"https:\\\/\\\/www.linkedin.com\\\/in\\\/neila-driss-22606a80\\\/\",\"https:\\\/\\\/x.com\\\/https:\\\/\\\/x.com\\\/MassirDestin\"],\"knowsAbout\":[\"Cin\u00e9ma international\",\"critique cin\u00e9matographique\",\"festivals de cin\u00e9ma\",\"journalisme culturel\"],\"knowsLanguage\":[\"Fran\u00e7ais\",\"Arabe\",\"Anglais\"],\"jobTitle\":\"Journaliste culturelle et critique de cin\u00e9ma\",\"worksFor\":\"Webdo\",\"url\":\"https:\\\/\\\/www.webdo.tn\\\/fr\\\/actualite\\\/author\\\/neila-driss\\\/\"}]}<\/script>\n<!-- \/ Yoast SEO Premium plugin. -->","yoast_head_json":{"title":"RSIFF 2024 - Abdo et Saneya , l'art du cin\u00e9ma muet revisit\u00e9","description":"Le film Abdo et Saneya , pr\u00e9sent\u00e9 dans la section Arab Spectacular de la quatri\u00e8me \u00e9dition du Festival international du film de la Mer Rouge (RSIFF), qui se...","canonical":"https:\/\/www.webdo.tn\/fr\/actualite\/culture\/rsiff-2024\/218497\/","og_locale":"fr_FR","og_type":"article","og_title":"RSIFF 2024 - \"Abdo et Saneya\", l'art du cin\u00e9ma muet revisit\u00e9","og_description":"Le film Abdo et Saneya , pr\u00e9sent\u00e9 dans la section Arab Spectacular de la quatri\u00e8me \u00e9dition du Festival international du film de la Mer Rouge (RSIFF), qui se...","og_url":"https:\/\/www.webdo.tn\/fr\/actualite\/culture\/rsiff-2024\/218497\/","og_site_name":"webdo","article_publisher":"https:\/\/www.facebook.com\/webdotn","article_author":"https:\/\/www.facebook.com\/massir.destiniii\/","article_published_time":"2024-12-12T09:04:00+00:00","article_modified_time":"2025-05-21T08:55:11+00:00","og_image":[{"width":600,"height":320,"url":"https:\/\/www.webdo.tn\/fr\/wp-content\/uploads\/2025\/05\/1b58eb98b5c20e481a6ceef4c6dc5e5c-2.webp","type":"image\/webp"}],"author":"Ne\u00efla DRISS","twitter_card":"summary_large_image","twitter_creator":"@https:\/\/x.com\/MassirDestin","twitter_site":"@webdo_tn","twitter_misc":{"\u00c9crit par":"Ne\u00efla DRISS","Dur\u00e9e de lecture estim\u00e9e":"7 minutes"},"schema":{"@context":"https:\/\/schema.org","@graph":[{"@type":"NewsArticle","@id":"https:\/\/www.webdo.tn\/fr\/actualite\/culture\/rsiff-2024\/218497\/#article","isPartOf":{"@id":"https:\/\/www.webdo.tn\/fr\/actualite\/culture\/rsiff-2024\/218497\/"},"author":{"name":"Ne\u00efla DRISS","@id":"https:\/\/www.webdo.tn\/fr\/#\/schema\/person\/60d5ba619ed3f58783b0dc82b7dada80"},"headline":"RSIFF 2024 &#8211; \u00ab\u00a0Abdo et Saneya\u00a0\u00bb, l&rsquo;art du cin\u00e9ma muet revisit\u00e9","datePublished":"2024-12-12T09:04:00+00:00","dateModified":"2025-05-21T08:55:11+00:00","mainEntityOfPage":{"@id":"https:\/\/www.webdo.tn\/fr\/actualite\/culture\/rsiff-2024\/218497\/"},"wordCount":1559,"commentCount":0,"publisher":{"@id":"https:\/\/www.webdo.tn\/fr\/#organization"},"image":{"@id":"https:\/\/www.webdo.tn\/fr\/actualite\/culture\/rsiff-2024\/218497\/#primaryimage"},"thumbnailUrl":"https:\/\/www.webdo.tn\/fr\/wp-content\/uploads\/2025\/05\/1b58eb98b5c20e481a6ceef4c6dc5e5c-2.webp","keywords":["Cin\u00e9ma","Cin\u00e9ma \u00e9gyptien","Festival","Festival International du Film de la Mer Rouge","Film","Red Sea International Film Festival","RSIFF","RSIFF 2024"],"articleSection":["Culture"],"inLanguage":"fr-FR"},{"@type":"WebPage","@id":"https:\/\/www.webdo.tn\/fr\/actualite\/culture\/rsiff-2024\/218497\/","url":"https:\/\/www.webdo.tn\/fr\/actualite\/culture\/rsiff-2024\/218497\/","name":"RSIFF 2024 - Abdo et Saneya , l'art du cin\u00e9ma muet revisit\u00e9","isPartOf":{"@id":"https:\/\/www.webdo.tn\/fr\/#website"},"primaryImageOfPage":{"@id":"https:\/\/www.webdo.tn\/fr\/actualite\/culture\/rsiff-2024\/218497\/#primaryimage"},"image":{"@id":"https:\/\/www.webdo.tn\/fr\/actualite\/culture\/rsiff-2024\/218497\/#primaryimage"},"thumbnailUrl":"https:\/\/www.webdo.tn\/fr\/wp-content\/uploads\/2025\/05\/1b58eb98b5c20e481a6ceef4c6dc5e5c-2.webp","datePublished":"2024-12-12T09:04:00+00:00","dateModified":"2025-05-21T08:55:11+00:00","description":"Le film Abdo et Saneya , pr\u00e9sent\u00e9 dans la section Arab Spectacular de la quatri\u00e8me \u00e9dition du Festival international du film de la Mer Rouge (RSIFF), qui se...","breadcrumb":{"@id":"https:\/\/www.webdo.tn\/fr\/actualite\/culture\/rsiff-2024\/218497\/#breadcrumb"},"inLanguage":"fr-FR","potentialAction":[{"@type":"ReadAction","target":["https:\/\/www.webdo.tn\/fr\/actualite\/culture\/rsiff-2024\/218497\/"]}]},{"@type":"ImageObject","inLanguage":"fr-FR","@id":"https:\/\/www.webdo.tn\/fr\/actualite\/culture\/rsiff-2024\/218497\/#primaryimage","url":"https:\/\/www.webdo.tn\/fr\/wp-content\/uploads\/2025\/05\/1b58eb98b5c20e481a6ceef4c6dc5e5c-2.webp","contentUrl":"https:\/\/www.webdo.tn\/fr\/wp-content\/uploads\/2025\/05\/1b58eb98b5c20e481a6ceef4c6dc5e5c-2.webp","width":600,"height":320},{"@type":"BreadcrumbList","@id":"https:\/\/www.webdo.tn\/fr\/actualite\/culture\/rsiff-2024\/218497\/#breadcrumb","itemListElement":[{"@type":"ListItem","position":1,"name":"Accueil","item":"https:\/\/www.webdo.tn\/fr\/"},{"@type":"ListItem","position":2,"name":"RSIFF 2024 &#8211; \u00ab\u00a0Abdo et Saneya\u00a0\u00bb, l&rsquo;art du cin\u00e9ma muet revisit\u00e9"}]},{"@type":"WebSite","@id":"https:\/\/www.webdo.tn\/fr\/#website","url":"https:\/\/www.webdo.tn\/fr\/","name":"webdo","description":"Tunisie - News en Tunisie et \u00e0 l&#039;international sur Webdo.tn","publisher":{"@id":"https:\/\/www.webdo.tn\/fr\/#organization"},"potentialAction":[{"@type":"SearchAction","target":{"@type":"EntryPoint","urlTemplate":"https:\/\/www.webdo.tn\/fr\/?s={search_term_string}"},"query-input":{"@type":"PropertyValueSpecification","valueRequired":true,"valueName":"search_term_string"}}],"inLanguage":"fr-FR"},{"@type":"Organization","@id":"https:\/\/www.webdo.tn\/fr\/#organization","name":"Webdo","alternateName":"Webdo.tn","url":"https:\/\/www.webdo.tn\/fr\/","logo":{"@type":"ImageObject","inLanguage":"fr-FR","@id":"https:\/\/www.webdo.tn\/fr\/#\/schema\/logo\/image\/","url":"https:\/\/www.webdo.tn\/fr\/wp-content\/uploads\/2025\/06\/Webdo-Tunisie_168377.jpg","contentUrl":"https:\/\/www.webdo.tn\/fr\/wp-content\/uploads\/2025\/06\/Webdo-Tunisie_168377.jpg","width":301,"height":301,"caption":"Webdo"},"image":{"@id":"https:\/\/www.webdo.tn\/fr\/#\/schema\/logo\/image\/"},"sameAs":["https:\/\/www.facebook.com\/webdotn","https:\/\/x.com\/webdo_tn"],"description":"Webdo est un m\u00e9dia num\u00e9rique tunisien fond\u00e9 en 2010, sp\u00e9cialis\u00e9 dans l\u2019actualit\u00e9 nationale et internationale, l\u2019\u00e9conomie, la soci\u00e9t\u00e9 et les analyses politiques. Le site s\u2019adresse \u00e0 un large public francophone et couvre l\u2019information tunisienne en temps r\u00e9el.","email":"redac@webdo.tn","legalName":"YNJ SARL","foundingDate":"2010-09-06","numberOfEmployees":{"@type":"QuantitativeValue","minValue":"11","maxValue":"50"}},{"@type":"Person","@id":"https:\/\/www.webdo.tn\/fr\/#\/schema\/person\/60d5ba619ed3f58783b0dc82b7dada80","name":"Ne\u00efla DRISS","image":{"@type":"ImageObject","inLanguage":"fr-FR","@id":"https:\/\/www.webdo.tn\/fr\/wp-content\/uploads\/2026\/04\/neila-driss_avatar-96x96.jpg","url":"https:\/\/www.webdo.tn\/fr\/wp-content\/uploads\/2026\/04\/neila-driss_avatar-96x96.jpg","contentUrl":"https:\/\/www.webdo.tn\/fr\/wp-content\/uploads\/2026\/04\/neila-driss_avatar-96x96.jpg","caption":"Ne\u00efla DRISS"},"description":"Ne\u00efla Driss est juriste, journaliste culturelle et critique de cin\u00e9ma tunisienne. Titulaire d\u2019un DEA en droit priv\u00e9 de l\u2019Universit\u00e9 Paris II et d\u2019un DESS de l\u2019IHEC Carthage, elle d\u00e9bute sa carri\u00e8re comme juriste sp\u00e9cialis\u00e9e en gestion de patrimoine immobilier. Elle s\u2019oriente ensuite vers l\u2019\u00e9criture en ligne, o\u00f9 elle se distingue d\u00e8s 2006 aux Tunisia Blog Awards, avant de se consacrer au journalisme culturel, avec une sp\u00e9cialisation dans la critique cin\u00e9matographique. Elle couvre r\u00e9guli\u00e8rement les grands festivals internationaux, notamment le Festival de Cannes, les Journ\u00e9es Cin\u00e9matographiques de Carthage et le Festival du film du Caire. Membre de l\u2019ATPCC et de la FIPRESCI, elle participe \u00e0 des jurys et initiatives internationales de critique. Depuis 2024, elle est \u00e9lectrice internationale aux Golden Globes. Facebook : https:\/\/www.facebook.com\/massir.destiniii\/ X : https:\/\/x.com\/MassirDestin","sameAs":["https:\/\/www.facebook.com\/massir.destiniii\/","https:\/\/www.instagram.com\/neila.driss\/?hl=fr","https:\/\/www.linkedin.com\/in\/neila-driss-22606a80\/","https:\/\/x.com\/https:\/\/x.com\/MassirDestin"],"knowsAbout":["Cin\u00e9ma international","critique cin\u00e9matographique","festivals de cin\u00e9ma","journalisme culturel"],"knowsLanguage":["Fran\u00e7ais","Arabe","Anglais"],"jobTitle":"Journaliste culturelle et critique de cin\u00e9ma","worksFor":"Webdo","url":"https:\/\/www.webdo.tn\/fr\/actualite\/author\/neila-driss\/"}]}},"_links":{"self":[{"href":"https:\/\/www.webdo.tn\/fr\/wp-json\/wp\/v2\/posts\/218497","targetHints":{"allow":["GET"]}}],"collection":[{"href":"https:\/\/www.webdo.tn\/fr\/wp-json\/wp\/v2\/posts"}],"about":[{"href":"https:\/\/www.webdo.tn\/fr\/wp-json\/wp\/v2\/types\/post"}],"author":[{"embeddable":true,"href":"https:\/\/www.webdo.tn\/fr\/wp-json\/wp\/v2\/users\/3164"}],"replies":[{"embeddable":true,"href":"https:\/\/www.webdo.tn\/fr\/wp-json\/wp\/v2\/comments?post=218497"}],"version-history":[{"count":0,"href":"https:\/\/www.webdo.tn\/fr\/wp-json\/wp\/v2\/posts\/218497\/revisions"}],"wp:featuredmedia":[{"embeddable":true,"href":"https:\/\/www.webdo.tn\/fr\/wp-json\/wp\/v2\/media\/243492"}],"wp:attachment":[{"href":"https:\/\/www.webdo.tn\/fr\/wp-json\/wp\/v2\/media?parent=218497"}],"wp:term":[{"taxonomy":"category","embeddable":true,"href":"https:\/\/www.webdo.tn\/fr\/wp-json\/wp\/v2\/categories?post=218497"},{"taxonomy":"post_tag","embeddable":true,"href":"https:\/\/www.webdo.tn\/fr\/wp-json\/wp\/v2\/tags?post=218497"}],"curies":[{"name":"wp","href":"https:\/\/api.w.org\/{rel}","templated":true}]}}