{"id":218494,"date":"2024-12-20T21:23:00","date_gmt":"2024-12-20T21:23:00","guid":{"rendered":"https:\/\/www.webdo.tn\/fr\/blog\/tunisie-le-ministre-de-l-interieur-recoit-l-ambassadeur-de-l-ue\/218494\/"},"modified":"2025-05-21T09:08:15","modified_gmt":"2025-05-21T09:08:15","slug":"tunisie-le-ministre-de-l-interieur-recoit-l-ambassadeur-de-l-ue","status":"publish","type":"post","link":"https:\/\/www.webdo.tn\/fr\/actualite\/divers\/tunisie-le-ministre-de-l-interieur-recoit-l-ambassadeur-de-l-ue\/218494\/","title":{"rendered":"Tunisie : Le ministre de l&rsquo;int\u00e9rieur re\u00e7oit l&rsquo;ambassadeur de l&rsquo;UE"},"content":{"rendered":"<p>Le ministre de l&rsquo;Int\u00e9rieur Khaled Nouri a accueilli, ce vendredi 20 d\u00e9cembre 2024, \u00e0 son minist\u00e8re, Giuseppe Perrone, ambassadeur de l&rsquo;Union europ\u00e9enne en Tunisie, \u00e0 sa demande.<\/p>\n<p>\t\t\t\t\t\t\t\t\tLors de cette rencontre, les deux responsables ont \u00e9chang\u00e9 sur les solides relations de coop\u00e9ration et de partenariat entre le minist\u00e8re de l&rsquo;Int\u00e9rieur et l&rsquo;Union europ\u00e9enne. Ils ont exprim\u00e9 leur volont\u00e9 commune de renforcer ces liens et de les \u00e9tendre \u00e0 de nouveaux domaines d&rsquo;int\u00e9r\u00eat commun, afin de r\u00e9pondre aux d\u00e9fis actuels.<\/p>\n<p>Les discussions ont \u00e9galement port\u00e9 sur l&rsquo;avancement des projets de coop\u00e9ration, qui jouent un r\u00f4le cl\u00e9 dans le renforcement des capacit\u00e9s des structures du minist\u00e8re, notamment \u00e0 travers la formation et le soutien technique. Enfin, l&rsquo;accent a \u00e9t\u00e9 mis sur la n\u00e9cessit\u00e9 d&rsquo;adopter une approche globale face \u00e0 l&rsquo;immigration irr\u00e9guli\u00e8re.<\/p>\n<p>Les deux parties ont convenu que cette probl\u00e9matique ne pouvait \u00eatre r\u00e9solue uniquement par des mesures s\u00e9curitaires, mais n\u00e9cessitait aussi une strat\u00e9gie de d\u00e9veloppement visant \u00e0 traiter les causes profondes de ce ph\u00e9nom\u00e8ne.<\/p>\n","protected":false},"excerpt":{"rendered":"<p>Le ministre de l&rsquo;Int\u00e9rieur Khaled Nouri rencontre l&rsquo;ambassadeur de l&rsquo;Union europ\u00e9enne, Giuseppe Perrone, pour discuter des relations de coop\u00e9ration et des proje&#8230;<\/p>\n","protected":false},"author":3166,"featured_media":291575,"comment_status":"open","ping_status":"closed","sticky":false,"template":"","format":"standard","meta":{"footnotes":""},"categories":[2839],"tags":[10790,2732,2993,8678,2608],"class_list":["post-218494","post","type-post","status-publish","format-standard","has-post-thumbnail","hentry","category-divers","tag-eu","tag-cooperation","tag-cooperation-bilaterale","tag-immigration-irreguliere","tag-tunisie"],"yoast_head":"<!-- This site is optimized with the Yoast SEO Premium plugin v27.5 (Yoast SEO v27.5) - https:\/\/yoast.com\/product\/yoast-seo-premium-wordpress\/ -->\n<title>Tunisie : Le ministre de l&#039;int\u00e9rieur re\u00e7oit l&#039;ambassadeur de l&#039;UE<\/title>\n<meta name=\"description\" content=\"Le ministre de l&#039;Int\u00e9rieur Khaled Nouri rencontre l&#039;ambassadeur de l&#039;Union europ\u00e9enne, Giuseppe Perrone, pour discuter des relations de coop\u00e9ration et des proje...\" \/>\n<link rel=\"canonical\" href=\"https:\/\/www.webdo.tn\/fr\/actualite\/divers\/tunisie-le-ministre-de-l-interieur-recoit-l-ambassadeur-de-l-ue\/218494\/\" \/>\n<meta property=\"og:locale\" content=\"fr_FR\" \/>\n<meta property=\"og:type\" content=\"article\" \/>\n<meta property=\"og:title\" content=\"Tunisie : Le ministre de l&#039;int\u00e9rieur re\u00e7oit l&#039;ambassadeur de l&#039;UE\" \/>\n<meta property=\"og:description\" content=\"Le ministre de l&#039;Int\u00e9rieur Khaled Nouri rencontre l&#039;ambassadeur de l&#039;Union europ\u00e9enne, Giuseppe Perrone, pour discuter des relations de coop\u00e9ration et des proje...\" \/>\n<meta property=\"og:url\" content=\"https:\/\/www.webdo.tn\/fr\/actualite\/divers\/tunisie-le-ministre-de-l-interieur-recoit-l-ambassadeur-de-l-ue\/218494\/\" \/>\n<meta property=\"og:site_name\" content=\"webdo\" \/>\n<meta property=\"article:publisher\" content=\"https:\/\/www.facebook.com\/webdotn\" \/>\n<meta property=\"article:published_time\" content=\"2024-12-20T21:23:00+00:00\" \/>\n<meta property=\"article:modified_time\" content=\"2025-05-21T09:08:15+00:00\" \/>\n<meta property=\"og:image\" content=\"https:\/\/www.webdo.tn\/fr\/wp-content\/uploads\/2024\/12\/976cfd4d6eb113196901c57d990cdaf8.webp\" \/>\n\t<meta property=\"og:image:width\" content=\"750\" \/>\n\t<meta property=\"og:image:height\" content=\"400\" \/>\n\t<meta property=\"og:image:type\" content=\"image\/webp\" \/>\n<meta name=\"author\" content=\"AZ\" \/>\n<meta name=\"twitter:card\" content=\"summary_large_image\" \/>\n<meta name=\"twitter:creator\" content=\"@webdo_tn\" \/>\n<meta name=\"twitter:site\" content=\"@webdo_tn\" \/>\n<meta name=\"twitter:label1\" content=\"\u00c9crit par\" \/>\n\t<meta name=\"twitter:data1\" content=\"AZ\" \/>\n\t<meta name=\"twitter:label2\" content=\"Dur\u00e9e de lecture estim\u00e9e\" \/>\n\t<meta name=\"twitter:data2\" content=\"1 minute\" \/>\n<script type=\"application\/ld+json\" class=\"yoast-schema-graph\">{\"@context\":\"https:\\\/\\\/schema.org\",\"@graph\":[{\"@type\":\"NewsArticle\",\"@id\":\"https:\\\/\\\/www.webdo.tn\\\/fr\\\/actualite\\\/divers\\\/tunisie-le-ministre-de-l-interieur-recoit-l-ambassadeur-de-l-ue\\\/218494\\\/#article\",\"isPartOf\":{\"@id\":\"https:\\\/\\\/www.webdo.tn\\\/fr\\\/actualite\\\/divers\\\/tunisie-le-ministre-de-l-interieur-recoit-l-ambassadeur-de-l-ue\\\/218494\\\/\"},\"author\":{\"name\":\"AZ\",\"@id\":\"https:\\\/\\\/www.webdo.tn\\\/fr\\\/#\\\/schema\\\/person\\\/b8a41c04d93287d375510db360906b34\"},\"headline\":\"Tunisie : Le ministre de l&rsquo;int\u00e9rieur re\u00e7oit l&rsquo;ambassadeur de l&rsquo;UE\",\"datePublished\":\"2024-12-20T21:23:00+00:00\",\"dateModified\":\"2025-05-21T09:08:15+00:00\",\"mainEntityOfPage\":{\"@id\":\"https:\\\/\\\/www.webdo.tn\\\/fr\\\/actualite\\\/divers\\\/tunisie-le-ministre-de-l-interieur-recoit-l-ambassadeur-de-l-ue\\\/218494\\\/\"},\"wordCount\":204,\"commentCount\":0,\"publisher\":{\"@id\":\"https:\\\/\\\/www.webdo.tn\\\/fr\\\/#organization\"},\"image\":{\"@id\":\"https:\\\/\\\/www.webdo.tn\\\/fr\\\/actualite\\\/divers\\\/tunisie-le-ministre-de-l-interieur-recoit-l-ambassadeur-de-l-ue\\\/218494\\\/#primaryimage\"},\"thumbnailUrl\":\"https:\\\/\\\/www.webdo.tn\\\/fr\\\/wp-content\\\/uploads\\\/2024\\\/12\\\/976cfd4d6eb113196901c57d990cdaf8.webp\",\"keywords\":[\"'EU']\",\"coop\u00e9ration\",\"coop\u00e9ration bilat\u00e9rale\",\"immigration irr\u00e9guli\u00e8re\",\"Tunisie\"],\"articleSection\":[\"Divers\"],\"inLanguage\":\"fr-FR\"},{\"@type\":\"WebPage\",\"@id\":\"https:\\\/\\\/www.webdo.tn\\\/fr\\\/actualite\\\/divers\\\/tunisie-le-ministre-de-l-interieur-recoit-l-ambassadeur-de-l-ue\\\/218494\\\/\",\"url\":\"https:\\\/\\\/www.webdo.tn\\\/fr\\\/actualite\\\/divers\\\/tunisie-le-ministre-de-l-interieur-recoit-l-ambassadeur-de-l-ue\\\/218494\\\/\",\"name\":\"Tunisie : Le ministre de l'int\u00e9rieur re\u00e7oit l'ambassadeur de l'UE\",\"isPartOf\":{\"@id\":\"https:\\\/\\\/www.webdo.tn\\\/fr\\\/#website\"},\"primaryImageOfPage\":{\"@id\":\"https:\\\/\\\/www.webdo.tn\\\/fr\\\/actualite\\\/divers\\\/tunisie-le-ministre-de-l-interieur-recoit-l-ambassadeur-de-l-ue\\\/218494\\\/#primaryimage\"},\"image\":{\"@id\":\"https:\\\/\\\/www.webdo.tn\\\/fr\\\/actualite\\\/divers\\\/tunisie-le-ministre-de-l-interieur-recoit-l-ambassadeur-de-l-ue\\\/218494\\\/#primaryimage\"},\"thumbnailUrl\":\"https:\\\/\\\/www.webdo.tn\\\/fr\\\/wp-content\\\/uploads\\\/2024\\\/12\\\/976cfd4d6eb113196901c57d990cdaf8.webp\",\"datePublished\":\"2024-12-20T21:23:00+00:00\",\"dateModified\":\"2025-05-21T09:08:15+00:00\",\"description\":\"Le ministre de l'Int\u00e9rieur Khaled Nouri rencontre l'ambassadeur de l'Union europ\u00e9enne, Giuseppe Perrone, pour discuter des relations de coop\u00e9ration et des proje...\",\"breadcrumb\":{\"@id\":\"https:\\\/\\\/www.webdo.tn\\\/fr\\\/actualite\\\/divers\\\/tunisie-le-ministre-de-l-interieur-recoit-l-ambassadeur-de-l-ue\\\/218494\\\/#breadcrumb\"},\"inLanguage\":\"fr-FR\",\"potentialAction\":[{\"@type\":\"ReadAction\",\"target\":[\"https:\\\/\\\/www.webdo.tn\\\/fr\\\/actualite\\\/divers\\\/tunisie-le-ministre-de-l-interieur-recoit-l-ambassadeur-de-l-ue\\\/218494\\\/\"]}]},{\"@type\":\"ImageObject\",\"inLanguage\":\"fr-FR\",\"@id\":\"https:\\\/\\\/www.webdo.tn\\\/fr\\\/actualite\\\/divers\\\/tunisie-le-ministre-de-l-interieur-recoit-l-ambassadeur-de-l-ue\\\/218494\\\/#primaryimage\",\"url\":\"https:\\\/\\\/www.webdo.tn\\\/fr\\\/wp-content\\\/uploads\\\/2024\\\/12\\\/976cfd4d6eb113196901c57d990cdaf8.webp\",\"contentUrl\":\"https:\\\/\\\/www.webdo.tn\\\/fr\\\/wp-content\\\/uploads\\\/2024\\\/12\\\/976cfd4d6eb113196901c57d990cdaf8.webp\",\"width\":750,\"height\":400,\"caption\":\"Tunisie : Le ministre de l'int\u00e9rieur re\u00e7oit l'ambassadeur de l'UE\"},{\"@type\":\"BreadcrumbList\",\"@id\":\"https:\\\/\\\/www.webdo.tn\\\/fr\\\/actualite\\\/divers\\\/tunisie-le-ministre-de-l-interieur-recoit-l-ambassadeur-de-l-ue\\\/218494\\\/#breadcrumb\",\"itemListElement\":[{\"@type\":\"ListItem\",\"position\":1,\"name\":\"Accueil\",\"item\":\"https:\\\/\\\/www.webdo.tn\\\/fr\\\/\"},{\"@type\":\"ListItem\",\"position\":2,\"name\":\"Tunisie : Le ministre de l&rsquo;int\u00e9rieur re\u00e7oit l&rsquo;ambassadeur de l&rsquo;UE\"}]},{\"@type\":\"WebSite\",\"@id\":\"https:\\\/\\\/www.webdo.tn\\\/fr\\\/#website\",\"url\":\"https:\\\/\\\/www.webdo.tn\\\/fr\\\/\",\"name\":\"webdo\",\"description\":\"Tunisie - News en Tunisie et \u00e0 l&#039;international sur Webdo.tn\",\"publisher\":{\"@id\":\"https:\\\/\\\/www.webdo.tn\\\/fr\\\/#organization\"},\"potentialAction\":[{\"@type\":\"SearchAction\",\"target\":{\"@type\":\"EntryPoint\",\"urlTemplate\":\"https:\\\/\\\/www.webdo.tn\\\/fr\\\/?s={search_term_string}\"},\"query-input\":{\"@type\":\"PropertyValueSpecification\",\"valueRequired\":true,\"valueName\":\"search_term_string\"}}],\"inLanguage\":\"fr-FR\"},{\"@type\":\"Organization\",\"@id\":\"https:\\\/\\\/www.webdo.tn\\\/fr\\\/#organization\",\"name\":\"Webdo\",\"alternateName\":\"Webdo.tn\",\"url\":\"https:\\\/\\\/www.webdo.tn\\\/fr\\\/\",\"logo\":{\"@type\":\"ImageObject\",\"inLanguage\":\"fr-FR\",\"@id\":\"https:\\\/\\\/www.webdo.tn\\\/fr\\\/#\\\/schema\\\/logo\\\/image\\\/\",\"url\":\"https:\\\/\\\/www.webdo.tn\\\/fr\\\/wp-content\\\/uploads\\\/2025\\\/06\\\/Webdo-Tunisie_168377.jpg\",\"contentUrl\":\"https:\\\/\\\/www.webdo.tn\\\/fr\\\/wp-content\\\/uploads\\\/2025\\\/06\\\/Webdo-Tunisie_168377.jpg\",\"width\":301,\"height\":301,\"caption\":\"Webdo\"},\"image\":{\"@id\":\"https:\\\/\\\/www.webdo.tn\\\/fr\\\/#\\\/schema\\\/logo\\\/image\\\/\"},\"sameAs\":[\"https:\\\/\\\/www.facebook.com\\\/webdotn\",\"https:\\\/\\\/x.com\\\/webdo_tn\"],\"description\":\"Webdo est un m\u00e9dia num\u00e9rique tunisien fond\u00e9 en 2010, sp\u00e9cialis\u00e9 dans l\u2019actualit\u00e9 nationale et internationale, l\u2019\u00e9conomie, la soci\u00e9t\u00e9 et les analyses politiques. Le site s\u2019adresse \u00e0 un large public francophone et couvre l\u2019information tunisienne en temps r\u00e9el.\",\"email\":\"redac@webdo.tn\",\"legalName\":\"YNJ SARL\",\"foundingDate\":\"2010-09-06\",\"numberOfEmployees\":{\"@type\":\"QuantitativeValue\",\"minValue\":\"11\",\"maxValue\":\"50\"}},{\"@type\":\"Person\",\"@id\":\"https:\\\/\\\/www.webdo.tn\\\/fr\\\/#\\\/schema\\\/person\\\/b8a41c04d93287d375510db360906b34\",\"name\":\"AZ\",\"image\":{\"@type\":\"ImageObject\",\"inLanguage\":\"fr-FR\",\"@id\":\"https:\\\/\\\/secure.gravatar.com\\\/avatar\\\/492b80bada79439de4201dce15cd41eece6c277cfdf1b53382073c79105c1f89?s=96&d=mm&r=g\",\"url\":\"https:\\\/\\\/secure.gravatar.com\\\/avatar\\\/492b80bada79439de4201dce15cd41eece6c277cfdf1b53382073c79105c1f89?s=96&d=mm&r=g\",\"contentUrl\":\"https:\\\/\\\/secure.gravatar.com\\\/avatar\\\/492b80bada79439de4201dce15cd41eece6c277cfdf1b53382073c79105c1f89?s=96&d=mm&r=g\",\"caption\":\"AZ\"},\"url\":\"https:\\\/\\\/www.webdo.tn\\\/fr\\\/actualite\\\/author\\\/az\\\/\"}]}<\/script>\n<!-- \/ Yoast SEO Premium plugin. -->","yoast_head_json":{"title":"Tunisie : Le ministre de l'int\u00e9rieur re\u00e7oit l'ambassadeur de l'UE","description":"Le ministre de l'Int\u00e9rieur Khaled Nouri rencontre l'ambassadeur de l'Union europ\u00e9enne, Giuseppe Perrone, pour discuter des relations de coop\u00e9ration et des proje...","canonical":"https:\/\/www.webdo.tn\/fr\/actualite\/divers\/tunisie-le-ministre-de-l-interieur-recoit-l-ambassadeur-de-l-ue\/218494\/","og_locale":"fr_FR","og_type":"article","og_title":"Tunisie : Le ministre de l'int\u00e9rieur re\u00e7oit l'ambassadeur de l'UE","og_description":"Le ministre de l'Int\u00e9rieur Khaled Nouri rencontre l'ambassadeur de l'Union europ\u00e9enne, Giuseppe Perrone, pour discuter des relations de coop\u00e9ration et des proje...","og_url":"https:\/\/www.webdo.tn\/fr\/actualite\/divers\/tunisie-le-ministre-de-l-interieur-recoit-l-ambassadeur-de-l-ue\/218494\/","og_site_name":"webdo","article_publisher":"https:\/\/www.facebook.com\/webdotn","article_published_time":"2024-12-20T21:23:00+00:00","article_modified_time":"2025-05-21T09:08:15+00:00","og_image":[{"width":750,"height":400,"url":"https:\/\/www.webdo.tn\/fr\/wp-content\/uploads\/2024\/12\/976cfd4d6eb113196901c57d990cdaf8.webp","type":"image\/webp"}],"author":"AZ","twitter_card":"summary_large_image","twitter_creator":"@webdo_tn","twitter_site":"@webdo_tn","twitter_misc":{"\u00c9crit par":"AZ","Dur\u00e9e de lecture estim\u00e9e":"1 minute"},"schema":{"@context":"https:\/\/schema.org","@graph":[{"@type":"NewsArticle","@id":"https:\/\/www.webdo.tn\/fr\/actualite\/divers\/tunisie-le-ministre-de-l-interieur-recoit-l-ambassadeur-de-l-ue\/218494\/#article","isPartOf":{"@id":"https:\/\/www.webdo.tn\/fr\/actualite\/divers\/tunisie-le-ministre-de-l-interieur-recoit-l-ambassadeur-de-l-ue\/218494\/"},"author":{"name":"AZ","@id":"https:\/\/www.webdo.tn\/fr\/#\/schema\/person\/b8a41c04d93287d375510db360906b34"},"headline":"Tunisie : Le ministre de l&rsquo;int\u00e9rieur re\u00e7oit l&rsquo;ambassadeur de l&rsquo;UE","datePublished":"2024-12-20T21:23:00+00:00","dateModified":"2025-05-21T09:08:15+00:00","mainEntityOfPage":{"@id":"https:\/\/www.webdo.tn\/fr\/actualite\/divers\/tunisie-le-ministre-de-l-interieur-recoit-l-ambassadeur-de-l-ue\/218494\/"},"wordCount":204,"commentCount":0,"publisher":{"@id":"https:\/\/www.webdo.tn\/fr\/#organization"},"image":{"@id":"https:\/\/www.webdo.tn\/fr\/actualite\/divers\/tunisie-le-ministre-de-l-interieur-recoit-l-ambassadeur-de-l-ue\/218494\/#primaryimage"},"thumbnailUrl":"https:\/\/www.webdo.tn\/fr\/wp-content\/uploads\/2024\/12\/976cfd4d6eb113196901c57d990cdaf8.webp","keywords":["'EU']","coop\u00e9ration","coop\u00e9ration bilat\u00e9rale","immigration irr\u00e9guli\u00e8re","Tunisie"],"articleSection":["Divers"],"inLanguage":"fr-FR"},{"@type":"WebPage","@id":"https:\/\/www.webdo.tn\/fr\/actualite\/divers\/tunisie-le-ministre-de-l-interieur-recoit-l-ambassadeur-de-l-ue\/218494\/","url":"https:\/\/www.webdo.tn\/fr\/actualite\/divers\/tunisie-le-ministre-de-l-interieur-recoit-l-ambassadeur-de-l-ue\/218494\/","name":"Tunisie : Le ministre de l'int\u00e9rieur re\u00e7oit l'ambassadeur de l'UE","isPartOf":{"@id":"https:\/\/www.webdo.tn\/fr\/#website"},"primaryImageOfPage":{"@id":"https:\/\/www.webdo.tn\/fr\/actualite\/divers\/tunisie-le-ministre-de-l-interieur-recoit-l-ambassadeur-de-l-ue\/218494\/#primaryimage"},"image":{"@id":"https:\/\/www.webdo.tn\/fr\/actualite\/divers\/tunisie-le-ministre-de-l-interieur-recoit-l-ambassadeur-de-l-ue\/218494\/#primaryimage"},"thumbnailUrl":"https:\/\/www.webdo.tn\/fr\/wp-content\/uploads\/2024\/12\/976cfd4d6eb113196901c57d990cdaf8.webp","datePublished":"2024-12-20T21:23:00+00:00","dateModified":"2025-05-21T09:08:15+00:00","description":"Le ministre de l'Int\u00e9rieur Khaled Nouri rencontre l'ambassadeur de l'Union europ\u00e9enne, Giuseppe Perrone, pour discuter des relations de coop\u00e9ration et des proje...","breadcrumb":{"@id":"https:\/\/www.webdo.tn\/fr\/actualite\/divers\/tunisie-le-ministre-de-l-interieur-recoit-l-ambassadeur-de-l-ue\/218494\/#breadcrumb"},"inLanguage":"fr-FR","potentialAction":[{"@type":"ReadAction","target":["https:\/\/www.webdo.tn\/fr\/actualite\/divers\/tunisie-le-ministre-de-l-interieur-recoit-l-ambassadeur-de-l-ue\/218494\/"]}]},{"@type":"ImageObject","inLanguage":"fr-FR","@id":"https:\/\/www.webdo.tn\/fr\/actualite\/divers\/tunisie-le-ministre-de-l-interieur-recoit-l-ambassadeur-de-l-ue\/218494\/#primaryimage","url":"https:\/\/www.webdo.tn\/fr\/wp-content\/uploads\/2024\/12\/976cfd4d6eb113196901c57d990cdaf8.webp","contentUrl":"https:\/\/www.webdo.tn\/fr\/wp-content\/uploads\/2024\/12\/976cfd4d6eb113196901c57d990cdaf8.webp","width":750,"height":400,"caption":"Tunisie : Le ministre de l'int\u00e9rieur re\u00e7oit l'ambassadeur de l'UE"},{"@type":"BreadcrumbList","@id":"https:\/\/www.webdo.tn\/fr\/actualite\/divers\/tunisie-le-ministre-de-l-interieur-recoit-l-ambassadeur-de-l-ue\/218494\/#breadcrumb","itemListElement":[{"@type":"ListItem","position":1,"name":"Accueil","item":"https:\/\/www.webdo.tn\/fr\/"},{"@type":"ListItem","position":2,"name":"Tunisie : Le ministre de l&rsquo;int\u00e9rieur re\u00e7oit l&rsquo;ambassadeur de l&rsquo;UE"}]},{"@type":"WebSite","@id":"https:\/\/www.webdo.tn\/fr\/#website","url":"https:\/\/www.webdo.tn\/fr\/","name":"webdo","description":"Tunisie - News en Tunisie et \u00e0 l&#039;international sur Webdo.tn","publisher":{"@id":"https:\/\/www.webdo.tn\/fr\/#organization"},"potentialAction":[{"@type":"SearchAction","target":{"@type":"EntryPoint","urlTemplate":"https:\/\/www.webdo.tn\/fr\/?s={search_term_string}"},"query-input":{"@type":"PropertyValueSpecification","valueRequired":true,"valueName":"search_term_string"}}],"inLanguage":"fr-FR"},{"@type":"Organization","@id":"https:\/\/www.webdo.tn\/fr\/#organization","name":"Webdo","alternateName":"Webdo.tn","url":"https:\/\/www.webdo.tn\/fr\/","logo":{"@type":"ImageObject","inLanguage":"fr-FR","@id":"https:\/\/www.webdo.tn\/fr\/#\/schema\/logo\/image\/","url":"https:\/\/www.webdo.tn\/fr\/wp-content\/uploads\/2025\/06\/Webdo-Tunisie_168377.jpg","contentUrl":"https:\/\/www.webdo.tn\/fr\/wp-content\/uploads\/2025\/06\/Webdo-Tunisie_168377.jpg","width":301,"height":301,"caption":"Webdo"},"image":{"@id":"https:\/\/www.webdo.tn\/fr\/#\/schema\/logo\/image\/"},"sameAs":["https:\/\/www.facebook.com\/webdotn","https:\/\/x.com\/webdo_tn"],"description":"Webdo est un m\u00e9dia num\u00e9rique tunisien fond\u00e9 en 2010, sp\u00e9cialis\u00e9 dans l\u2019actualit\u00e9 nationale et internationale, l\u2019\u00e9conomie, la soci\u00e9t\u00e9 et les analyses politiques. Le site s\u2019adresse \u00e0 un large public francophone et couvre l\u2019information tunisienne en temps r\u00e9el.","email":"redac@webdo.tn","legalName":"YNJ SARL","foundingDate":"2010-09-06","numberOfEmployees":{"@type":"QuantitativeValue","minValue":"11","maxValue":"50"}},{"@type":"Person","@id":"https:\/\/www.webdo.tn\/fr\/#\/schema\/person\/b8a41c04d93287d375510db360906b34","name":"AZ","image":{"@type":"ImageObject","inLanguage":"fr-FR","@id":"https:\/\/secure.gravatar.com\/avatar\/492b80bada79439de4201dce15cd41eece6c277cfdf1b53382073c79105c1f89?s=96&d=mm&r=g","url":"https:\/\/secure.gravatar.com\/avatar\/492b80bada79439de4201dce15cd41eece6c277cfdf1b53382073c79105c1f89?s=96&d=mm&r=g","contentUrl":"https:\/\/secure.gravatar.com\/avatar\/492b80bada79439de4201dce15cd41eece6c277cfdf1b53382073c79105c1f89?s=96&d=mm&r=g","caption":"AZ"},"url":"https:\/\/www.webdo.tn\/fr\/actualite\/author\/az\/"}]}},"_links":{"self":[{"href":"https:\/\/www.webdo.tn\/fr\/wp-json\/wp\/v2\/posts\/218494","targetHints":{"allow":["GET"]}}],"collection":[{"href":"https:\/\/www.webdo.tn\/fr\/wp-json\/wp\/v2\/posts"}],"about":[{"href":"https:\/\/www.webdo.tn\/fr\/wp-json\/wp\/v2\/types\/post"}],"author":[{"embeddable":true,"href":"https:\/\/www.webdo.tn\/fr\/wp-json\/wp\/v2\/users\/3166"}],"replies":[{"embeddable":true,"href":"https:\/\/www.webdo.tn\/fr\/wp-json\/wp\/v2\/comments?post=218494"}],"version-history":[{"count":0,"href":"https:\/\/www.webdo.tn\/fr\/wp-json\/wp\/v2\/posts\/218494\/revisions"}],"wp:featuredmedia":[{"embeddable":true,"href":"https:\/\/www.webdo.tn\/fr\/wp-json\/wp\/v2\/media\/291575"}],"wp:attachment":[{"href":"https:\/\/www.webdo.tn\/fr\/wp-json\/wp\/v2\/media?parent=218494"}],"wp:term":[{"taxonomy":"category","embeddable":true,"href":"https:\/\/www.webdo.tn\/fr\/wp-json\/wp\/v2\/categories?post=218494"},{"taxonomy":"post_tag","embeddable":true,"href":"https:\/\/www.webdo.tn\/fr\/wp-json\/wp\/v2\/tags?post=218494"}],"curies":[{"name":"wp","href":"https:\/\/api.w.org\/{rel}","templated":true}]}}