{"id":218492,"date":"2024-12-20T19:56:00","date_gmt":"2024-12-20T19:56:00","guid":{"rendered":"https:\/\/www.webdo.tn\/fr\/blog\/tunisie-programme-special-de-transport-pour-les-vacances-d-hiver-2024\/218492\/"},"modified":"2025-05-21T09:08:16","modified_gmt":"2025-05-21T09:08:16","slug":"tunisie-programme-special-de-transport-pour-les-vacances-d-hiver-2024","status":"publish","type":"post","link":"https:\/\/www.webdo.tn\/fr\/actualite\/national\/tunisie-programme-special-de-transport-pour-les-vacances-d-hiver-2024\/218492\/","title":{"rendered":"Tunisie : Programme sp\u00e9cial de transport pour les vacances d&rsquo;hiver 2024"},"content":{"rendered":"<p>Afin de r\u00e9pondre \u00e0 l\u2019augmentation de la demande pendant les vacances d\u2019hiver 2024, le minist\u00e8re du Transport a lanc\u00e9 un programme exceptionnel de transport du 20 au 22 d\u00e9cembre et du 4 au 6 janvier 2025.<\/p>\n<p>\t\t\t\t\t\t\t\t\tCe programme vise \u00e0 am\u00e9liorer l&rsquo;offre de transport et \u00e0 l&rsquo;adapter \u00e0 la demande, afin d&rsquo;assurer un d\u00e9placement dans les meilleures conditions possibles.<\/p>\n<p>\tTransport interurbain et r\u00e9gional :<\/p>\n<p>\tLes entreprises publiques de transport routier pourront ajouter des trajets suppl\u00e9mentaires sur leurs lignes, selon les besoins des voyageurs. La Soci\u00e9t\u00e9 nationale des transports entre villes et les entreprises r\u00e9gionales proposeront ainsi 4200 voyages r\u00e9guliers et 800 suppl\u00e9mentaires, soit une augmentation de 19 % par rapport \u00e0 l&rsquo;offre habituelle.<\/p>\n<p>\tTransport ferroviaire :<\/p>\n<p>\tLa Soci\u00e9t\u00e9 nationale des chemins de fer tunisiens (SNCFT) mettra en circulation 75 voyages r\u00e9guliers, offrant environ 14 000 places suppl\u00e9mentaires pour r\u00e9pondre \u00e0 la demande.<\/p>\n<p>\tTransport non r\u00e9gulier :<\/p>\n<p>\tLes taxis collectifs \u00ab Louage \u00bb b\u00e9n\u00e9ficieront d\u2019une autorisation exceptionnelle pour circuler \u00e0 travers tout le pays, sans restrictions de zones, pendant la m\u00eame p\u00e9riode.<\/p>\n<p>\tSuivi et organisation :<\/p>\n<p>\tDes \u00e9quipes de contr\u00f4leurs seront charg\u00e9es de surveiller l&rsquo;application de ce programme dans les stations de transport routier, les gares ferroviaires, et les stations de taxis collectifs, afin d&rsquo;assurer un service optimal et s\u00e9curis\u00e9.<\/p>\n<p>Ce dispositif vise \u00e0 fluidifier les d\u00e9placements pendant cette p\u00e9riode de forte affluence, garantissant ainsi une exp\u00e9rience de voyage plus sereine et adapt\u00e9e aux attentes des citoyens.<\/p>\n","protected":false},"excerpt":{"rendered":"<p>Le minist\u00e8re du Transport met en place un programme exceptionnel pour les vacances d&rsquo;hiver 2024, avec des mesures renforc\u00e9es du 20 au 22 d\u00e9cembre et du 4 au 6 j&#8230;<\/p>\n","protected":false},"author":3166,"featured_media":291577,"comment_status":"open","ping_status":"closed","sticky":false,"template":"","format":"standard","meta":{"footnotes":""},"categories":[44],"tags":[10794,2818,2608],"class_list":["post-218492","post","type-post","status-publish","format-standard","has-post-thumbnail","hentry","category-national","tag-hiver-2024","tag-transport","tag-tunisie"],"yoast_head":"<!-- This site is optimized with the Yoast SEO Premium plugin v27.4 (Yoast SEO v27.5) - https:\/\/yoast.com\/product\/yoast-seo-premium-wordpress\/ -->\n<title>Tunisie : Programme sp\u00e9cial de transport pour les vacances d&#039;hiver 2024<\/title>\n<meta name=\"description\" content=\"Le minist\u00e8re du Transport met en place un programme exceptionnel pour les vacances d&#039;hiver 2024, avec des mesures renforc\u00e9es du 20 au 22 d\u00e9cembre et du 4 au 6 j...\" \/>\n<link rel=\"canonical\" href=\"https:\/\/www.webdo.tn\/fr\/actualite\/national\/tunisie-programme-special-de-transport-pour-les-vacances-d-hiver-2024\/218492\/\" \/>\n<meta property=\"og:locale\" content=\"fr_FR\" \/>\n<meta property=\"og:type\" content=\"article\" \/>\n<meta property=\"og:title\" content=\"Tunisie : Programme sp\u00e9cial de transport pour les vacances d&#039;hiver 2024\" \/>\n<meta property=\"og:description\" content=\"Le minist\u00e8re du Transport met en place un programme exceptionnel pour les vacances d&#039;hiver 2024, avec des mesures renforc\u00e9es du 20 au 22 d\u00e9cembre et du 4 au 6 j...\" \/>\n<meta property=\"og:url\" content=\"https:\/\/www.webdo.tn\/fr\/actualite\/national\/tunisie-programme-special-de-transport-pour-les-vacances-d-hiver-2024\/218492\/\" \/>\n<meta property=\"og:site_name\" content=\"webdo\" \/>\n<meta property=\"article:publisher\" content=\"https:\/\/www.facebook.com\/webdotn\" \/>\n<meta property=\"article:published_time\" content=\"2024-12-20T19:56:00+00:00\" \/>\n<meta property=\"article:modified_time\" content=\"2025-05-21T09:08:16+00:00\" \/>\n<meta property=\"og:image\" content=\"https:\/\/www.webdo.tn\/fr\/wp-content\/uploads\/2024\/12\/6f3ad0459b3c1e6a20025d0c2917bfe5.webp\" \/>\n\t<meta property=\"og:image:width\" content=\"750\" \/>\n\t<meta property=\"og:image:height\" content=\"400\" \/>\n\t<meta property=\"og:image:type\" content=\"image\/webp\" \/>\n<meta name=\"author\" content=\"AZ\" \/>\n<meta name=\"twitter:card\" content=\"summary_large_image\" \/>\n<meta name=\"twitter:creator\" content=\"@webdo_tn\" \/>\n<meta name=\"twitter:site\" content=\"@webdo_tn\" \/>\n<meta name=\"twitter:label1\" content=\"\u00c9crit par\" \/>\n\t<meta name=\"twitter:data1\" content=\"AZ\" \/>\n\t<meta name=\"twitter:label2\" content=\"Dur\u00e9e de lecture estim\u00e9e\" \/>\n\t<meta name=\"twitter:data2\" content=\"1 minute\" \/>\n<script type=\"application\/ld+json\" class=\"yoast-schema-graph\">{\"@context\":\"https:\\\/\\\/schema.org\",\"@graph\":[{\"@type\":\"NewsArticle\",\"@id\":\"https:\\\/\\\/www.webdo.tn\\\/fr\\\/actualite\\\/national\\\/tunisie-programme-special-de-transport-pour-les-vacances-d-hiver-2024\\\/218492\\\/#article\",\"isPartOf\":{\"@id\":\"https:\\\/\\\/www.webdo.tn\\\/fr\\\/actualite\\\/national\\\/tunisie-programme-special-de-transport-pour-les-vacances-d-hiver-2024\\\/218492\\\/\"},\"author\":{\"name\":\"AZ\",\"@id\":\"https:\\\/\\\/www.webdo.tn\\\/fr\\\/#\\\/schema\\\/person\\\/b8a41c04d93287d375510db360906b34\"},\"headline\":\"Tunisie : Programme sp\u00e9cial de transport pour les vacances d&rsquo;hiver 2024\",\"datePublished\":\"2024-12-20T19:56:00+00:00\",\"dateModified\":\"2025-05-21T09:08:16+00:00\",\"mainEntityOfPage\":{\"@id\":\"https:\\\/\\\/www.webdo.tn\\\/fr\\\/actualite\\\/national\\\/tunisie-programme-special-de-transport-pour-les-vacances-d-hiver-2024\\\/218492\\\/\"},\"wordCount\":256,\"commentCount\":0,\"publisher\":{\"@id\":\"https:\\\/\\\/www.webdo.tn\\\/fr\\\/#organization\"},\"image\":{\"@id\":\"https:\\\/\\\/www.webdo.tn\\\/fr\\\/actualite\\\/national\\\/tunisie-programme-special-de-transport-pour-les-vacances-d-hiver-2024\\\/218492\\\/#primaryimage\"},\"thumbnailUrl\":\"https:\\\/\\\/www.webdo.tn\\\/fr\\\/wp-content\\\/uploads\\\/2024\\\/12\\\/6f3ad0459b3c1e6a20025d0c2917bfe5.webp\",\"keywords\":[\"'Hiver 2024']\",\"Transport\",\"Tunisie\"],\"articleSection\":[\"National\"],\"inLanguage\":\"fr-FR\"},{\"@type\":\"WebPage\",\"@id\":\"https:\\\/\\\/www.webdo.tn\\\/fr\\\/actualite\\\/national\\\/tunisie-programme-special-de-transport-pour-les-vacances-d-hiver-2024\\\/218492\\\/\",\"url\":\"https:\\\/\\\/www.webdo.tn\\\/fr\\\/actualite\\\/national\\\/tunisie-programme-special-de-transport-pour-les-vacances-d-hiver-2024\\\/218492\\\/\",\"name\":\"Tunisie : Programme sp\u00e9cial de transport pour les vacances d'hiver 2024\",\"isPartOf\":{\"@id\":\"https:\\\/\\\/www.webdo.tn\\\/fr\\\/#website\"},\"primaryImageOfPage\":{\"@id\":\"https:\\\/\\\/www.webdo.tn\\\/fr\\\/actualite\\\/national\\\/tunisie-programme-special-de-transport-pour-les-vacances-d-hiver-2024\\\/218492\\\/#primaryimage\"},\"image\":{\"@id\":\"https:\\\/\\\/www.webdo.tn\\\/fr\\\/actualite\\\/national\\\/tunisie-programme-special-de-transport-pour-les-vacances-d-hiver-2024\\\/218492\\\/#primaryimage\"},\"thumbnailUrl\":\"https:\\\/\\\/www.webdo.tn\\\/fr\\\/wp-content\\\/uploads\\\/2024\\\/12\\\/6f3ad0459b3c1e6a20025d0c2917bfe5.webp\",\"datePublished\":\"2024-12-20T19:56:00+00:00\",\"dateModified\":\"2025-05-21T09:08:16+00:00\",\"description\":\"Le minist\u00e8re du Transport met en place un programme exceptionnel pour les vacances d'hiver 2024, avec des mesures renforc\u00e9es du 20 au 22 d\u00e9cembre et du 4 au 6 j...\",\"breadcrumb\":{\"@id\":\"https:\\\/\\\/www.webdo.tn\\\/fr\\\/actualite\\\/national\\\/tunisie-programme-special-de-transport-pour-les-vacances-d-hiver-2024\\\/218492\\\/#breadcrumb\"},\"inLanguage\":\"fr-FR\",\"potentialAction\":[{\"@type\":\"ReadAction\",\"target\":[\"https:\\\/\\\/www.webdo.tn\\\/fr\\\/actualite\\\/national\\\/tunisie-programme-special-de-transport-pour-les-vacances-d-hiver-2024\\\/218492\\\/\"]}]},{\"@type\":\"ImageObject\",\"inLanguage\":\"fr-FR\",\"@id\":\"https:\\\/\\\/www.webdo.tn\\\/fr\\\/actualite\\\/national\\\/tunisie-programme-special-de-transport-pour-les-vacances-d-hiver-2024\\\/218492\\\/#primaryimage\",\"url\":\"https:\\\/\\\/www.webdo.tn\\\/fr\\\/wp-content\\\/uploads\\\/2024\\\/12\\\/6f3ad0459b3c1e6a20025d0c2917bfe5.webp\",\"contentUrl\":\"https:\\\/\\\/www.webdo.tn\\\/fr\\\/wp-content\\\/uploads\\\/2024\\\/12\\\/6f3ad0459b3c1e6a20025d0c2917bfe5.webp\",\"width\":750,\"height\":400,\"caption\":\"Tunisie : Programme sp\u00e9cial de transport pour les vacances d'hiver 2024\"},{\"@type\":\"BreadcrumbList\",\"@id\":\"https:\\\/\\\/www.webdo.tn\\\/fr\\\/actualite\\\/national\\\/tunisie-programme-special-de-transport-pour-les-vacances-d-hiver-2024\\\/218492\\\/#breadcrumb\",\"itemListElement\":[{\"@type\":\"ListItem\",\"position\":1,\"name\":\"Accueil\",\"item\":\"https:\\\/\\\/www.webdo.tn\\\/fr\\\/\"},{\"@type\":\"ListItem\",\"position\":2,\"name\":\"Tunisie : Programme sp\u00e9cial de transport pour les vacances d&rsquo;hiver 2024\"}]},{\"@type\":\"WebSite\",\"@id\":\"https:\\\/\\\/www.webdo.tn\\\/fr\\\/#website\",\"url\":\"https:\\\/\\\/www.webdo.tn\\\/fr\\\/\",\"name\":\"webdo\",\"description\":\"Tunisie - News en Tunisie et \u00e0 l&#039;international sur Webdo.tn\",\"publisher\":{\"@id\":\"https:\\\/\\\/www.webdo.tn\\\/fr\\\/#organization\"},\"potentialAction\":[{\"@type\":\"SearchAction\",\"target\":{\"@type\":\"EntryPoint\",\"urlTemplate\":\"https:\\\/\\\/www.webdo.tn\\\/fr\\\/?s={search_term_string}\"},\"query-input\":{\"@type\":\"PropertyValueSpecification\",\"valueRequired\":true,\"valueName\":\"search_term_string\"}}],\"inLanguage\":\"fr-FR\"},{\"@type\":\"Organization\",\"@id\":\"https:\\\/\\\/www.webdo.tn\\\/fr\\\/#organization\",\"name\":\"Webdo\",\"alternateName\":\"Webdo.tn\",\"url\":\"https:\\\/\\\/www.webdo.tn\\\/fr\\\/\",\"logo\":{\"@type\":\"ImageObject\",\"inLanguage\":\"fr-FR\",\"@id\":\"https:\\\/\\\/www.webdo.tn\\\/fr\\\/#\\\/schema\\\/logo\\\/image\\\/\",\"url\":\"https:\\\/\\\/www.webdo.tn\\\/fr\\\/wp-content\\\/uploads\\\/2025\\\/06\\\/Webdo-Tunisie_168377.jpg\",\"contentUrl\":\"https:\\\/\\\/www.webdo.tn\\\/fr\\\/wp-content\\\/uploads\\\/2025\\\/06\\\/Webdo-Tunisie_168377.jpg\",\"width\":301,\"height\":301,\"caption\":\"Webdo\"},\"image\":{\"@id\":\"https:\\\/\\\/www.webdo.tn\\\/fr\\\/#\\\/schema\\\/logo\\\/image\\\/\"},\"sameAs\":[\"https:\\\/\\\/www.facebook.com\\\/webdotn\",\"https:\\\/\\\/x.com\\\/webdo_tn\"],\"description\":\"Webdo est un m\u00e9dia num\u00e9rique tunisien fond\u00e9 en 2010, sp\u00e9cialis\u00e9 dans l\u2019actualit\u00e9 nationale et internationale, l\u2019\u00e9conomie, la soci\u00e9t\u00e9 et les analyses politiques. Le site s\u2019adresse \u00e0 un large public francophone et couvre l\u2019information tunisienne en temps r\u00e9el.\",\"email\":\"redac@webdo.tn\",\"legalName\":\"YNJ SARL\",\"foundingDate\":\"2010-09-06\",\"numberOfEmployees\":{\"@type\":\"QuantitativeValue\",\"minValue\":\"11\",\"maxValue\":\"50\"}},{\"@type\":\"Person\",\"@id\":\"https:\\\/\\\/www.webdo.tn\\\/fr\\\/#\\\/schema\\\/person\\\/b8a41c04d93287d375510db360906b34\",\"name\":\"AZ\",\"image\":{\"@type\":\"ImageObject\",\"inLanguage\":\"fr-FR\",\"@id\":\"https:\\\/\\\/secure.gravatar.com\\\/avatar\\\/492b80bada79439de4201dce15cd41eece6c277cfdf1b53382073c79105c1f89?s=96&d=mm&r=g\",\"url\":\"https:\\\/\\\/secure.gravatar.com\\\/avatar\\\/492b80bada79439de4201dce15cd41eece6c277cfdf1b53382073c79105c1f89?s=96&d=mm&r=g\",\"contentUrl\":\"https:\\\/\\\/secure.gravatar.com\\\/avatar\\\/492b80bada79439de4201dce15cd41eece6c277cfdf1b53382073c79105c1f89?s=96&d=mm&r=g\",\"caption\":\"AZ\"},\"url\":\"https:\\\/\\\/www.webdo.tn\\\/fr\\\/actualite\\\/author\\\/az\\\/\"}]}<\/script>\n<!-- \/ Yoast SEO Premium plugin. -->","yoast_head_json":{"title":"Tunisie : Programme sp\u00e9cial de transport pour les vacances d'hiver 2024","description":"Le minist\u00e8re du Transport met en place un programme exceptionnel pour les vacances d'hiver 2024, avec des mesures renforc\u00e9es du 20 au 22 d\u00e9cembre et du 4 au 6 j...","canonical":"https:\/\/www.webdo.tn\/fr\/actualite\/national\/tunisie-programme-special-de-transport-pour-les-vacances-d-hiver-2024\/218492\/","og_locale":"fr_FR","og_type":"article","og_title":"Tunisie : Programme sp\u00e9cial de transport pour les vacances d'hiver 2024","og_description":"Le minist\u00e8re du Transport met en place un programme exceptionnel pour les vacances d'hiver 2024, avec des mesures renforc\u00e9es du 20 au 22 d\u00e9cembre et du 4 au 6 j...","og_url":"https:\/\/www.webdo.tn\/fr\/actualite\/national\/tunisie-programme-special-de-transport-pour-les-vacances-d-hiver-2024\/218492\/","og_site_name":"webdo","article_publisher":"https:\/\/www.facebook.com\/webdotn","article_published_time":"2024-12-20T19:56:00+00:00","article_modified_time":"2025-05-21T09:08:16+00:00","og_image":[{"width":750,"height":400,"url":"https:\/\/www.webdo.tn\/fr\/wp-content\/uploads\/2024\/12\/6f3ad0459b3c1e6a20025d0c2917bfe5.webp","type":"image\/webp"}],"author":"AZ","twitter_card":"summary_large_image","twitter_creator":"@webdo_tn","twitter_site":"@webdo_tn","twitter_misc":{"\u00c9crit par":"AZ","Dur\u00e9e de lecture estim\u00e9e":"1 minute"},"schema":{"@context":"https:\/\/schema.org","@graph":[{"@type":"NewsArticle","@id":"https:\/\/www.webdo.tn\/fr\/actualite\/national\/tunisie-programme-special-de-transport-pour-les-vacances-d-hiver-2024\/218492\/#article","isPartOf":{"@id":"https:\/\/www.webdo.tn\/fr\/actualite\/national\/tunisie-programme-special-de-transport-pour-les-vacances-d-hiver-2024\/218492\/"},"author":{"name":"AZ","@id":"https:\/\/www.webdo.tn\/fr\/#\/schema\/person\/b8a41c04d93287d375510db360906b34"},"headline":"Tunisie : Programme sp\u00e9cial de transport pour les vacances d&rsquo;hiver 2024","datePublished":"2024-12-20T19:56:00+00:00","dateModified":"2025-05-21T09:08:16+00:00","mainEntityOfPage":{"@id":"https:\/\/www.webdo.tn\/fr\/actualite\/national\/tunisie-programme-special-de-transport-pour-les-vacances-d-hiver-2024\/218492\/"},"wordCount":256,"commentCount":0,"publisher":{"@id":"https:\/\/www.webdo.tn\/fr\/#organization"},"image":{"@id":"https:\/\/www.webdo.tn\/fr\/actualite\/national\/tunisie-programme-special-de-transport-pour-les-vacances-d-hiver-2024\/218492\/#primaryimage"},"thumbnailUrl":"https:\/\/www.webdo.tn\/fr\/wp-content\/uploads\/2024\/12\/6f3ad0459b3c1e6a20025d0c2917bfe5.webp","keywords":["'Hiver 2024']","Transport","Tunisie"],"articleSection":["National"],"inLanguage":"fr-FR"},{"@type":"WebPage","@id":"https:\/\/www.webdo.tn\/fr\/actualite\/national\/tunisie-programme-special-de-transport-pour-les-vacances-d-hiver-2024\/218492\/","url":"https:\/\/www.webdo.tn\/fr\/actualite\/national\/tunisie-programme-special-de-transport-pour-les-vacances-d-hiver-2024\/218492\/","name":"Tunisie : Programme sp\u00e9cial de transport pour les vacances d'hiver 2024","isPartOf":{"@id":"https:\/\/www.webdo.tn\/fr\/#website"},"primaryImageOfPage":{"@id":"https:\/\/www.webdo.tn\/fr\/actualite\/national\/tunisie-programme-special-de-transport-pour-les-vacances-d-hiver-2024\/218492\/#primaryimage"},"image":{"@id":"https:\/\/www.webdo.tn\/fr\/actualite\/national\/tunisie-programme-special-de-transport-pour-les-vacances-d-hiver-2024\/218492\/#primaryimage"},"thumbnailUrl":"https:\/\/www.webdo.tn\/fr\/wp-content\/uploads\/2024\/12\/6f3ad0459b3c1e6a20025d0c2917bfe5.webp","datePublished":"2024-12-20T19:56:00+00:00","dateModified":"2025-05-21T09:08:16+00:00","description":"Le minist\u00e8re du Transport met en place un programme exceptionnel pour les vacances d'hiver 2024, avec des mesures renforc\u00e9es du 20 au 22 d\u00e9cembre et du 4 au 6 j...","breadcrumb":{"@id":"https:\/\/www.webdo.tn\/fr\/actualite\/national\/tunisie-programme-special-de-transport-pour-les-vacances-d-hiver-2024\/218492\/#breadcrumb"},"inLanguage":"fr-FR","potentialAction":[{"@type":"ReadAction","target":["https:\/\/www.webdo.tn\/fr\/actualite\/national\/tunisie-programme-special-de-transport-pour-les-vacances-d-hiver-2024\/218492\/"]}]},{"@type":"ImageObject","inLanguage":"fr-FR","@id":"https:\/\/www.webdo.tn\/fr\/actualite\/national\/tunisie-programme-special-de-transport-pour-les-vacances-d-hiver-2024\/218492\/#primaryimage","url":"https:\/\/www.webdo.tn\/fr\/wp-content\/uploads\/2024\/12\/6f3ad0459b3c1e6a20025d0c2917bfe5.webp","contentUrl":"https:\/\/www.webdo.tn\/fr\/wp-content\/uploads\/2024\/12\/6f3ad0459b3c1e6a20025d0c2917bfe5.webp","width":750,"height":400,"caption":"Tunisie : Programme sp\u00e9cial de transport pour les vacances d'hiver 2024"},{"@type":"BreadcrumbList","@id":"https:\/\/www.webdo.tn\/fr\/actualite\/national\/tunisie-programme-special-de-transport-pour-les-vacances-d-hiver-2024\/218492\/#breadcrumb","itemListElement":[{"@type":"ListItem","position":1,"name":"Accueil","item":"https:\/\/www.webdo.tn\/fr\/"},{"@type":"ListItem","position":2,"name":"Tunisie : Programme sp\u00e9cial de transport pour les vacances d&rsquo;hiver 2024"}]},{"@type":"WebSite","@id":"https:\/\/www.webdo.tn\/fr\/#website","url":"https:\/\/www.webdo.tn\/fr\/","name":"webdo","description":"Tunisie - News en Tunisie et \u00e0 l&#039;international sur Webdo.tn","publisher":{"@id":"https:\/\/www.webdo.tn\/fr\/#organization"},"potentialAction":[{"@type":"SearchAction","target":{"@type":"EntryPoint","urlTemplate":"https:\/\/www.webdo.tn\/fr\/?s={search_term_string}"},"query-input":{"@type":"PropertyValueSpecification","valueRequired":true,"valueName":"search_term_string"}}],"inLanguage":"fr-FR"},{"@type":"Organization","@id":"https:\/\/www.webdo.tn\/fr\/#organization","name":"Webdo","alternateName":"Webdo.tn","url":"https:\/\/www.webdo.tn\/fr\/","logo":{"@type":"ImageObject","inLanguage":"fr-FR","@id":"https:\/\/www.webdo.tn\/fr\/#\/schema\/logo\/image\/","url":"https:\/\/www.webdo.tn\/fr\/wp-content\/uploads\/2025\/06\/Webdo-Tunisie_168377.jpg","contentUrl":"https:\/\/www.webdo.tn\/fr\/wp-content\/uploads\/2025\/06\/Webdo-Tunisie_168377.jpg","width":301,"height":301,"caption":"Webdo"},"image":{"@id":"https:\/\/www.webdo.tn\/fr\/#\/schema\/logo\/image\/"},"sameAs":["https:\/\/www.facebook.com\/webdotn","https:\/\/x.com\/webdo_tn"],"description":"Webdo est un m\u00e9dia num\u00e9rique tunisien fond\u00e9 en 2010, sp\u00e9cialis\u00e9 dans l\u2019actualit\u00e9 nationale et internationale, l\u2019\u00e9conomie, la soci\u00e9t\u00e9 et les analyses politiques. Le site s\u2019adresse \u00e0 un large public francophone et couvre l\u2019information tunisienne en temps r\u00e9el.","email":"redac@webdo.tn","legalName":"YNJ SARL","foundingDate":"2010-09-06","numberOfEmployees":{"@type":"QuantitativeValue","minValue":"11","maxValue":"50"}},{"@type":"Person","@id":"https:\/\/www.webdo.tn\/fr\/#\/schema\/person\/b8a41c04d93287d375510db360906b34","name":"AZ","image":{"@type":"ImageObject","inLanguage":"fr-FR","@id":"https:\/\/secure.gravatar.com\/avatar\/492b80bada79439de4201dce15cd41eece6c277cfdf1b53382073c79105c1f89?s=96&d=mm&r=g","url":"https:\/\/secure.gravatar.com\/avatar\/492b80bada79439de4201dce15cd41eece6c277cfdf1b53382073c79105c1f89?s=96&d=mm&r=g","contentUrl":"https:\/\/secure.gravatar.com\/avatar\/492b80bada79439de4201dce15cd41eece6c277cfdf1b53382073c79105c1f89?s=96&d=mm&r=g","caption":"AZ"},"url":"https:\/\/www.webdo.tn\/fr\/actualite\/author\/az\/"}]}},"_links":{"self":[{"href":"https:\/\/www.webdo.tn\/fr\/wp-json\/wp\/v2\/posts\/218492","targetHints":{"allow":["GET"]}}],"collection":[{"href":"https:\/\/www.webdo.tn\/fr\/wp-json\/wp\/v2\/posts"}],"about":[{"href":"https:\/\/www.webdo.tn\/fr\/wp-json\/wp\/v2\/types\/post"}],"author":[{"embeddable":true,"href":"https:\/\/www.webdo.tn\/fr\/wp-json\/wp\/v2\/users\/3166"}],"replies":[{"embeddable":true,"href":"https:\/\/www.webdo.tn\/fr\/wp-json\/wp\/v2\/comments?post=218492"}],"version-history":[{"count":0,"href":"https:\/\/www.webdo.tn\/fr\/wp-json\/wp\/v2\/posts\/218492\/revisions"}],"wp:featuredmedia":[{"embeddable":true,"href":"https:\/\/www.webdo.tn\/fr\/wp-json\/wp\/v2\/media\/291577"}],"wp:attachment":[{"href":"https:\/\/www.webdo.tn\/fr\/wp-json\/wp\/v2\/media?parent=218492"}],"wp:term":[{"taxonomy":"category","embeddable":true,"href":"https:\/\/www.webdo.tn\/fr\/wp-json\/wp\/v2\/categories?post=218492"},{"taxonomy":"post_tag","embeddable":true,"href":"https:\/\/www.webdo.tn\/fr\/wp-json\/wp\/v2\/tags?post=218492"}],"curies":[{"name":"wp","href":"https:\/\/api.w.org\/{rel}","templated":true}]}}