{"id":218484,"date":"2024-12-20T15:04:00","date_gmt":"2024-12-20T15:04:00","guid":{"rendered":"https:\/\/www.webdo.tn\/fr\/blog\/tunisie-le-logement-une-priorite-gouvernementale\/218484\/"},"modified":"2025-05-20T22:15:38","modified_gmt":"2025-05-20T22:15:38","slug":"tunisie-le-logement-une-priorite-gouvernementale","status":"publish","type":"post","link":"https:\/\/www.webdo.tn\/fr\/actualite\/national\/tunisie-le-logement-une-priorite-gouvernementale\/218484\/","title":{"rendered":"Tunisie : Le logement, une priorit\u00e9 gouvernementale"},"content":{"rendered":"<p>Lors de l\u2019ouverture de la cinqui\u00e8me session ordinaire du comit\u00e9 technique sp\u00e9cialis\u00e9 de la fonction publique, des collectivit\u00e9s locales et de la d\u00e9centralisation, le chef du gouvernement, Kamel Madouri, a soulign\u00e9 que la question du logement est un pilier fondamental de la strat\u00e9gie sociale du pays.<\/p>\n<p>\t\t\t\t\t\t\t\t\tCette approche vise \u00e0 garantir un habitat digne pour tous les citoyens, en accord avec les engagements internationaux de la Tunisie en mati\u00e8re de droits sociaux.<\/p>\n<p>Initiatives cibl\u00e9es pour les populations vuln\u00e9rables<\/p>\n<p>La politique publique en mati\u00e8re de logement s\u2019adresse en priorit\u00e9 aux populations \u00e0 faible revenu, aux travailleurs pr\u00e9caires et aux r\u00e9gions marginalis\u00e9es.<\/p>\n<p>Selon Madouri, cette strat\u00e9gie repose sur des partenariats avec les banques et l\u2019utilisation efficace des fonds publics pour financer des programmes innovants. Ces efforts traduisent la volont\u00e9 de r\u00e9duire les in\u00e9galit\u00e9s sociales et territoriales.<\/p>\n<p>Plus de 7000 logements pr\u00e9caires remplac\u00e9s depuis 2012<\/p>\n<p>Le programme social de logement, initi\u00e9 en 2012, a permis des avanc\u00e9es significatives. Entre 2012 et le premier semestre 2024, ce programme a permis de remplacer 7244 logements insalubres par des habitations modernes et de r\u00e9aliser un total de 9530 interventions.<\/p>\n<p>De plus, 4002 logements sociaux ont \u00e9t\u00e9 livr\u00e9s, et 3246 autres sont en cours de construction. Ces r\u00e9sultats refl\u00e8tent l\u2019impact positif des politiques de logement sur les conditions de vie des citoyens.<\/p>\n<p>La Cit\u00e9 m\u00e9dicale des Aghlabides<\/p>\n<p>En parall\u00e8le, le chef du gouvernement a pr\u00e9sent\u00e9 la \u00ab\u00a0Cit\u00e9 m\u00e9dicale des Aghlabides\u00a0\u00bb \u00e0 Kairouan. Ce projet innovant combine des infrastructures m\u00e9dicales, universitaires, industrielles et culturelles dans une approche d\u2019urbanisme durable.<\/p>\n<p>L\u2019ensemble inclura des \u00e9quipements pour les \u00e9nergies renouvelables et la gestion des d\u00e9chets. Cette initiative vise \u00e0 renforcer le d\u00e9veloppement \u00e9conomique des r\u00e9gions du centre et du sud-ouest de la Tunisie tout en cr\u00e9ant de nouveaux emplois.<\/p>\n<p>Une Tunisie inclusive<\/p>\n<p>Au-del\u00e0 des projets, Madouri a appel\u00e9 \u00e0 une approche globale pour le d\u00e9veloppement social. La priorit\u00e9 accord\u00e9e au logement refl\u00e8te une vision d\u2019\u00e9quit\u00e9 r\u00e9gionale et de justice sociale, visant \u00e0 r\u00e9duire les disparit\u00e9s et \u00e0 promouvoir un avenir meilleur pour tous les Tunisiens.<\/p>\n","protected":false},"excerpt":{"rendered":"<p>Lors de l\u2019ouverture de la cinqui\u00e8me session ordinaire du comit\u00e9 technique sp\u00e9cialis\u00e9 de la fonction publique, des collectivit\u00e9s locales et de la d\u00e9centralisatio&#8230;<\/p>\n","protected":false},"author":3162,"featured_media":291569,"comment_status":"open","ping_status":"closed","sticky":false,"template":"","format":"standard","meta":{"footnotes":""},"categories":[44],"tags":[3912,3090,3944,2608],"class_list":["post-218484","post","type-post","status-publish","format-standard","has-post-thumbnail","hentry","category-national","tag-cite-medicale","tag-kairouan","tag-logements-sociaux","tag-tunisie"],"yoast_head":"<!-- This site is optimized with the Yoast SEO Premium plugin v27.5 (Yoast SEO v27.5) - https:\/\/yoast.com\/product\/yoast-seo-premium-wordpress\/ -->\n<title>Tunisie : Le logement, une priorit\u00e9 gouvernementale<\/title>\n<meta name=\"description\" content=\"Lors de l\u2019ouverture de la cinqui\u00e8me session ordinaire du comit\u00e9 technique sp\u00e9cialis\u00e9 de la fonction publique, des collectivit\u00e9s locales et de la d\u00e9centralisatio...\" \/>\n<link rel=\"canonical\" href=\"https:\/\/www.webdo.tn\/fr\/actualite\/national\/tunisie-le-logement-une-priorite-gouvernementale\/218484\/\" \/>\n<meta property=\"og:locale\" content=\"fr_FR\" \/>\n<meta property=\"og:type\" content=\"article\" \/>\n<meta property=\"og:title\" content=\"Tunisie : Le logement, une priorit\u00e9 gouvernementale\" \/>\n<meta property=\"og:description\" content=\"Lors de l\u2019ouverture de la cinqui\u00e8me session ordinaire du comit\u00e9 technique sp\u00e9cialis\u00e9 de la fonction publique, des collectivit\u00e9s locales et de la d\u00e9centralisatio...\" \/>\n<meta property=\"og:url\" content=\"https:\/\/www.webdo.tn\/fr\/actualite\/national\/tunisie-le-logement-une-priorite-gouvernementale\/218484\/\" \/>\n<meta property=\"og:site_name\" content=\"webdo\" \/>\n<meta property=\"article:publisher\" content=\"https:\/\/www.facebook.com\/webdotn\" \/>\n<meta property=\"article:published_time\" content=\"2024-12-20T15:04:00+00:00\" \/>\n<meta property=\"article:modified_time\" content=\"2025-05-20T22:15:38+00:00\" \/>\n<meta property=\"og:image\" content=\"https:\/\/www.webdo.tn\/fr\/wp-content\/uploads\/2024\/12\/599d1a573ed3b886cda504bd6d62c41d.webp\" \/>\n\t<meta property=\"og:image:width\" content=\"626\" \/>\n\t<meta property=\"og:image:height\" content=\"334\" \/>\n\t<meta property=\"og:image:type\" content=\"image\/webp\" \/>\n<meta name=\"author\" content=\"MC\" \/>\n<meta name=\"twitter:card\" content=\"summary_large_image\" \/>\n<meta name=\"twitter:creator\" content=\"@webdo_tn\" \/>\n<meta name=\"twitter:site\" content=\"@webdo_tn\" \/>\n<meta name=\"twitter:label1\" content=\"\u00c9crit par\" \/>\n\t<meta name=\"twitter:data1\" content=\"MC\" \/>\n\t<meta name=\"twitter:label2\" content=\"Dur\u00e9e de lecture estim\u00e9e\" \/>\n\t<meta name=\"twitter:data2\" content=\"2 minutes\" \/>\n<script type=\"application\/ld+json\" class=\"yoast-schema-graph\">{\"@context\":\"https:\\\/\\\/schema.org\",\"@graph\":[{\"@type\":\"NewsArticle\",\"@id\":\"https:\\\/\\\/www.webdo.tn\\\/fr\\\/actualite\\\/national\\\/tunisie-le-logement-une-priorite-gouvernementale\\\/218484\\\/#article\",\"isPartOf\":{\"@id\":\"https:\\\/\\\/www.webdo.tn\\\/fr\\\/actualite\\\/national\\\/tunisie-le-logement-une-priorite-gouvernementale\\\/218484\\\/\"},\"author\":{\"name\":\"MC\",\"@id\":\"https:\\\/\\\/www.webdo.tn\\\/fr\\\/#\\\/schema\\\/person\\\/2c4929cbf5a809e3bd38617c6ce150f6\"},\"headline\":\"Tunisie : Le logement, une priorit\u00e9 gouvernementale\",\"datePublished\":\"2024-12-20T15:04:00+00:00\",\"dateModified\":\"2025-05-20T22:15:38+00:00\",\"mainEntityOfPage\":{\"@id\":\"https:\\\/\\\/www.webdo.tn\\\/fr\\\/actualite\\\/national\\\/tunisie-le-logement-une-priorite-gouvernementale\\\/218484\\\/\"},\"wordCount\":369,\"commentCount\":0,\"publisher\":{\"@id\":\"https:\\\/\\\/www.webdo.tn\\\/fr\\\/#organization\"},\"image\":{\"@id\":\"https:\\\/\\\/www.webdo.tn\\\/fr\\\/actualite\\\/national\\\/tunisie-le-logement-une-priorite-gouvernementale\\\/218484\\\/#primaryimage\"},\"thumbnailUrl\":\"https:\\\/\\\/www.webdo.tn\\\/fr\\\/wp-content\\\/uploads\\\/2024\\\/12\\\/599d1a573ed3b886cda504bd6d62c41d.webp\",\"keywords\":[\"Cit\u00e9 m\u00e9dicale\",\"Kairouan\",\"Logements sociaux\",\"Tunisie\"],\"articleSection\":[\"National\"],\"inLanguage\":\"fr-FR\"},{\"@type\":\"WebPage\",\"@id\":\"https:\\\/\\\/www.webdo.tn\\\/fr\\\/actualite\\\/national\\\/tunisie-le-logement-une-priorite-gouvernementale\\\/218484\\\/\",\"url\":\"https:\\\/\\\/www.webdo.tn\\\/fr\\\/actualite\\\/national\\\/tunisie-le-logement-une-priorite-gouvernementale\\\/218484\\\/\",\"name\":\"Tunisie : Le logement, une priorit\u00e9 gouvernementale\",\"isPartOf\":{\"@id\":\"https:\\\/\\\/www.webdo.tn\\\/fr\\\/#website\"},\"primaryImageOfPage\":{\"@id\":\"https:\\\/\\\/www.webdo.tn\\\/fr\\\/actualite\\\/national\\\/tunisie-le-logement-une-priorite-gouvernementale\\\/218484\\\/#primaryimage\"},\"image\":{\"@id\":\"https:\\\/\\\/www.webdo.tn\\\/fr\\\/actualite\\\/national\\\/tunisie-le-logement-une-priorite-gouvernementale\\\/218484\\\/#primaryimage\"},\"thumbnailUrl\":\"https:\\\/\\\/www.webdo.tn\\\/fr\\\/wp-content\\\/uploads\\\/2024\\\/12\\\/599d1a573ed3b886cda504bd6d62c41d.webp\",\"datePublished\":\"2024-12-20T15:04:00+00:00\",\"dateModified\":\"2025-05-20T22:15:38+00:00\",\"description\":\"Lors de l\u2019ouverture de la cinqui\u00e8me session ordinaire du comit\u00e9 technique sp\u00e9cialis\u00e9 de la fonction publique, des collectivit\u00e9s locales et de la d\u00e9centralisatio...\",\"breadcrumb\":{\"@id\":\"https:\\\/\\\/www.webdo.tn\\\/fr\\\/actualite\\\/national\\\/tunisie-le-logement-une-priorite-gouvernementale\\\/218484\\\/#breadcrumb\"},\"inLanguage\":\"fr-FR\",\"potentialAction\":[{\"@type\":\"ReadAction\",\"target\":[\"https:\\\/\\\/www.webdo.tn\\\/fr\\\/actualite\\\/national\\\/tunisie-le-logement-une-priorite-gouvernementale\\\/218484\\\/\"]}]},{\"@type\":\"ImageObject\",\"inLanguage\":\"fr-FR\",\"@id\":\"https:\\\/\\\/www.webdo.tn\\\/fr\\\/actualite\\\/national\\\/tunisie-le-logement-une-priorite-gouvernementale\\\/218484\\\/#primaryimage\",\"url\":\"https:\\\/\\\/www.webdo.tn\\\/fr\\\/wp-content\\\/uploads\\\/2024\\\/12\\\/599d1a573ed3b886cda504bd6d62c41d.webp\",\"contentUrl\":\"https:\\\/\\\/www.webdo.tn\\\/fr\\\/wp-content\\\/uploads\\\/2024\\\/12\\\/599d1a573ed3b886cda504bd6d62c41d.webp\",\"width\":626,\"height\":334,\"caption\":\"Tunisie : Le logement, une priorit\u00e9 gouvernementale\"},{\"@type\":\"BreadcrumbList\",\"@id\":\"https:\\\/\\\/www.webdo.tn\\\/fr\\\/actualite\\\/national\\\/tunisie-le-logement-une-priorite-gouvernementale\\\/218484\\\/#breadcrumb\",\"itemListElement\":[{\"@type\":\"ListItem\",\"position\":1,\"name\":\"Accueil\",\"item\":\"https:\\\/\\\/www.webdo.tn\\\/fr\\\/\"},{\"@type\":\"ListItem\",\"position\":2,\"name\":\"Tunisie : Le logement, une priorit\u00e9 gouvernementale\"}]},{\"@type\":\"WebSite\",\"@id\":\"https:\\\/\\\/www.webdo.tn\\\/fr\\\/#website\",\"url\":\"https:\\\/\\\/www.webdo.tn\\\/fr\\\/\",\"name\":\"webdo\",\"description\":\"Tunisie - News en Tunisie et \u00e0 l&#039;international sur Webdo.tn\",\"publisher\":{\"@id\":\"https:\\\/\\\/www.webdo.tn\\\/fr\\\/#organization\"},\"potentialAction\":[{\"@type\":\"SearchAction\",\"target\":{\"@type\":\"EntryPoint\",\"urlTemplate\":\"https:\\\/\\\/www.webdo.tn\\\/fr\\\/?s={search_term_string}\"},\"query-input\":{\"@type\":\"PropertyValueSpecification\",\"valueRequired\":true,\"valueName\":\"search_term_string\"}}],\"inLanguage\":\"fr-FR\"},{\"@type\":\"Organization\",\"@id\":\"https:\\\/\\\/www.webdo.tn\\\/fr\\\/#organization\",\"name\":\"Webdo\",\"alternateName\":\"Webdo.tn\",\"url\":\"https:\\\/\\\/www.webdo.tn\\\/fr\\\/\",\"logo\":{\"@type\":\"ImageObject\",\"inLanguage\":\"fr-FR\",\"@id\":\"https:\\\/\\\/www.webdo.tn\\\/fr\\\/#\\\/schema\\\/logo\\\/image\\\/\",\"url\":\"https:\\\/\\\/www.webdo.tn\\\/fr\\\/wp-content\\\/uploads\\\/2025\\\/06\\\/Webdo-Tunisie_168377.jpg\",\"contentUrl\":\"https:\\\/\\\/www.webdo.tn\\\/fr\\\/wp-content\\\/uploads\\\/2025\\\/06\\\/Webdo-Tunisie_168377.jpg\",\"width\":301,\"height\":301,\"caption\":\"Webdo\"},\"image\":{\"@id\":\"https:\\\/\\\/www.webdo.tn\\\/fr\\\/#\\\/schema\\\/logo\\\/image\\\/\"},\"sameAs\":[\"https:\\\/\\\/www.facebook.com\\\/webdotn\",\"https:\\\/\\\/x.com\\\/webdo_tn\"],\"description\":\"Webdo est un m\u00e9dia num\u00e9rique tunisien fond\u00e9 en 2010, sp\u00e9cialis\u00e9 dans l\u2019actualit\u00e9 nationale et internationale, l\u2019\u00e9conomie, la soci\u00e9t\u00e9 et les analyses politiques. Le site s\u2019adresse \u00e0 un large public francophone et couvre l\u2019information tunisienne en temps r\u00e9el.\",\"email\":\"redac@webdo.tn\",\"legalName\":\"YNJ SARL\",\"foundingDate\":\"2010-09-06\",\"numberOfEmployees\":{\"@type\":\"QuantitativeValue\",\"minValue\":\"11\",\"maxValue\":\"50\"}},{\"@type\":\"Person\",\"@id\":\"https:\\\/\\\/www.webdo.tn\\\/fr\\\/#\\\/schema\\\/person\\\/2c4929cbf5a809e3bd38617c6ce150f6\",\"name\":\"MC\",\"image\":{\"@type\":\"ImageObject\",\"inLanguage\":\"fr-FR\",\"@id\":\"https:\\\/\\\/secure.gravatar.com\\\/avatar\\\/a545bbb6f84efdd5553dbbc2895e3ca8f1d12c5215e00a041c9670b54aa9b18a?s=96&d=mm&r=g\",\"url\":\"https:\\\/\\\/secure.gravatar.com\\\/avatar\\\/a545bbb6f84efdd5553dbbc2895e3ca8f1d12c5215e00a041c9670b54aa9b18a?s=96&d=mm&r=g\",\"contentUrl\":\"https:\\\/\\\/secure.gravatar.com\\\/avatar\\\/a545bbb6f84efdd5553dbbc2895e3ca8f1d12c5215e00a041c9670b54aa9b18a?s=96&d=mm&r=g\",\"caption\":\"MC\"},\"url\":\"https:\\\/\\\/www.webdo.tn\\\/fr\\\/actualite\\\/author\\\/mc\\\/\"}]}<\/script>\n<!-- \/ Yoast SEO Premium plugin. -->","yoast_head_json":{"title":"Tunisie : Le logement, une priorit\u00e9 gouvernementale","description":"Lors de l\u2019ouverture de la cinqui\u00e8me session ordinaire du comit\u00e9 technique sp\u00e9cialis\u00e9 de la fonction publique, des collectivit\u00e9s locales et de la d\u00e9centralisatio...","canonical":"https:\/\/www.webdo.tn\/fr\/actualite\/national\/tunisie-le-logement-une-priorite-gouvernementale\/218484\/","og_locale":"fr_FR","og_type":"article","og_title":"Tunisie : Le logement, une priorit\u00e9 gouvernementale","og_description":"Lors de l\u2019ouverture de la cinqui\u00e8me session ordinaire du comit\u00e9 technique sp\u00e9cialis\u00e9 de la fonction publique, des collectivit\u00e9s locales et de la d\u00e9centralisatio...","og_url":"https:\/\/www.webdo.tn\/fr\/actualite\/national\/tunisie-le-logement-une-priorite-gouvernementale\/218484\/","og_site_name":"webdo","article_publisher":"https:\/\/www.facebook.com\/webdotn","article_published_time":"2024-12-20T15:04:00+00:00","article_modified_time":"2025-05-20T22:15:38+00:00","og_image":[{"width":626,"height":334,"url":"https:\/\/www.webdo.tn\/fr\/wp-content\/uploads\/2024\/12\/599d1a573ed3b886cda504bd6d62c41d.webp","type":"image\/webp"}],"author":"MC","twitter_card":"summary_large_image","twitter_creator":"@webdo_tn","twitter_site":"@webdo_tn","twitter_misc":{"\u00c9crit par":"MC","Dur\u00e9e de lecture estim\u00e9e":"2 minutes"},"schema":{"@context":"https:\/\/schema.org","@graph":[{"@type":"NewsArticle","@id":"https:\/\/www.webdo.tn\/fr\/actualite\/national\/tunisie-le-logement-une-priorite-gouvernementale\/218484\/#article","isPartOf":{"@id":"https:\/\/www.webdo.tn\/fr\/actualite\/national\/tunisie-le-logement-une-priorite-gouvernementale\/218484\/"},"author":{"name":"MC","@id":"https:\/\/www.webdo.tn\/fr\/#\/schema\/person\/2c4929cbf5a809e3bd38617c6ce150f6"},"headline":"Tunisie : Le logement, une priorit\u00e9 gouvernementale","datePublished":"2024-12-20T15:04:00+00:00","dateModified":"2025-05-20T22:15:38+00:00","mainEntityOfPage":{"@id":"https:\/\/www.webdo.tn\/fr\/actualite\/national\/tunisie-le-logement-une-priorite-gouvernementale\/218484\/"},"wordCount":369,"commentCount":0,"publisher":{"@id":"https:\/\/www.webdo.tn\/fr\/#organization"},"image":{"@id":"https:\/\/www.webdo.tn\/fr\/actualite\/national\/tunisie-le-logement-une-priorite-gouvernementale\/218484\/#primaryimage"},"thumbnailUrl":"https:\/\/www.webdo.tn\/fr\/wp-content\/uploads\/2024\/12\/599d1a573ed3b886cda504bd6d62c41d.webp","keywords":["Cit\u00e9 m\u00e9dicale","Kairouan","Logements sociaux","Tunisie"],"articleSection":["National"],"inLanguage":"fr-FR"},{"@type":"WebPage","@id":"https:\/\/www.webdo.tn\/fr\/actualite\/national\/tunisie-le-logement-une-priorite-gouvernementale\/218484\/","url":"https:\/\/www.webdo.tn\/fr\/actualite\/national\/tunisie-le-logement-une-priorite-gouvernementale\/218484\/","name":"Tunisie : Le logement, une priorit\u00e9 gouvernementale","isPartOf":{"@id":"https:\/\/www.webdo.tn\/fr\/#website"},"primaryImageOfPage":{"@id":"https:\/\/www.webdo.tn\/fr\/actualite\/national\/tunisie-le-logement-une-priorite-gouvernementale\/218484\/#primaryimage"},"image":{"@id":"https:\/\/www.webdo.tn\/fr\/actualite\/national\/tunisie-le-logement-une-priorite-gouvernementale\/218484\/#primaryimage"},"thumbnailUrl":"https:\/\/www.webdo.tn\/fr\/wp-content\/uploads\/2024\/12\/599d1a573ed3b886cda504bd6d62c41d.webp","datePublished":"2024-12-20T15:04:00+00:00","dateModified":"2025-05-20T22:15:38+00:00","description":"Lors de l\u2019ouverture de la cinqui\u00e8me session ordinaire du comit\u00e9 technique sp\u00e9cialis\u00e9 de la fonction publique, des collectivit\u00e9s locales et de la d\u00e9centralisatio...","breadcrumb":{"@id":"https:\/\/www.webdo.tn\/fr\/actualite\/national\/tunisie-le-logement-une-priorite-gouvernementale\/218484\/#breadcrumb"},"inLanguage":"fr-FR","potentialAction":[{"@type":"ReadAction","target":["https:\/\/www.webdo.tn\/fr\/actualite\/national\/tunisie-le-logement-une-priorite-gouvernementale\/218484\/"]}]},{"@type":"ImageObject","inLanguage":"fr-FR","@id":"https:\/\/www.webdo.tn\/fr\/actualite\/national\/tunisie-le-logement-une-priorite-gouvernementale\/218484\/#primaryimage","url":"https:\/\/www.webdo.tn\/fr\/wp-content\/uploads\/2024\/12\/599d1a573ed3b886cda504bd6d62c41d.webp","contentUrl":"https:\/\/www.webdo.tn\/fr\/wp-content\/uploads\/2024\/12\/599d1a573ed3b886cda504bd6d62c41d.webp","width":626,"height":334,"caption":"Tunisie : Le logement, une priorit\u00e9 gouvernementale"},{"@type":"BreadcrumbList","@id":"https:\/\/www.webdo.tn\/fr\/actualite\/national\/tunisie-le-logement-une-priorite-gouvernementale\/218484\/#breadcrumb","itemListElement":[{"@type":"ListItem","position":1,"name":"Accueil","item":"https:\/\/www.webdo.tn\/fr\/"},{"@type":"ListItem","position":2,"name":"Tunisie : Le logement, une priorit\u00e9 gouvernementale"}]},{"@type":"WebSite","@id":"https:\/\/www.webdo.tn\/fr\/#website","url":"https:\/\/www.webdo.tn\/fr\/","name":"webdo","description":"Tunisie - News en Tunisie et \u00e0 l&#039;international sur Webdo.tn","publisher":{"@id":"https:\/\/www.webdo.tn\/fr\/#organization"},"potentialAction":[{"@type":"SearchAction","target":{"@type":"EntryPoint","urlTemplate":"https:\/\/www.webdo.tn\/fr\/?s={search_term_string}"},"query-input":{"@type":"PropertyValueSpecification","valueRequired":true,"valueName":"search_term_string"}}],"inLanguage":"fr-FR"},{"@type":"Organization","@id":"https:\/\/www.webdo.tn\/fr\/#organization","name":"Webdo","alternateName":"Webdo.tn","url":"https:\/\/www.webdo.tn\/fr\/","logo":{"@type":"ImageObject","inLanguage":"fr-FR","@id":"https:\/\/www.webdo.tn\/fr\/#\/schema\/logo\/image\/","url":"https:\/\/www.webdo.tn\/fr\/wp-content\/uploads\/2025\/06\/Webdo-Tunisie_168377.jpg","contentUrl":"https:\/\/www.webdo.tn\/fr\/wp-content\/uploads\/2025\/06\/Webdo-Tunisie_168377.jpg","width":301,"height":301,"caption":"Webdo"},"image":{"@id":"https:\/\/www.webdo.tn\/fr\/#\/schema\/logo\/image\/"},"sameAs":["https:\/\/www.facebook.com\/webdotn","https:\/\/x.com\/webdo_tn"],"description":"Webdo est un m\u00e9dia num\u00e9rique tunisien fond\u00e9 en 2010, sp\u00e9cialis\u00e9 dans l\u2019actualit\u00e9 nationale et internationale, l\u2019\u00e9conomie, la soci\u00e9t\u00e9 et les analyses politiques. Le site s\u2019adresse \u00e0 un large public francophone et couvre l\u2019information tunisienne en temps r\u00e9el.","email":"redac@webdo.tn","legalName":"YNJ SARL","foundingDate":"2010-09-06","numberOfEmployees":{"@type":"QuantitativeValue","minValue":"11","maxValue":"50"}},{"@type":"Person","@id":"https:\/\/www.webdo.tn\/fr\/#\/schema\/person\/2c4929cbf5a809e3bd38617c6ce150f6","name":"MC","image":{"@type":"ImageObject","inLanguage":"fr-FR","@id":"https:\/\/secure.gravatar.com\/avatar\/a545bbb6f84efdd5553dbbc2895e3ca8f1d12c5215e00a041c9670b54aa9b18a?s=96&d=mm&r=g","url":"https:\/\/secure.gravatar.com\/avatar\/a545bbb6f84efdd5553dbbc2895e3ca8f1d12c5215e00a041c9670b54aa9b18a?s=96&d=mm&r=g","contentUrl":"https:\/\/secure.gravatar.com\/avatar\/a545bbb6f84efdd5553dbbc2895e3ca8f1d12c5215e00a041c9670b54aa9b18a?s=96&d=mm&r=g","caption":"MC"},"url":"https:\/\/www.webdo.tn\/fr\/actualite\/author\/mc\/"}]}},"_links":{"self":[{"href":"https:\/\/www.webdo.tn\/fr\/wp-json\/wp\/v2\/posts\/218484","targetHints":{"allow":["GET"]}}],"collection":[{"href":"https:\/\/www.webdo.tn\/fr\/wp-json\/wp\/v2\/posts"}],"about":[{"href":"https:\/\/www.webdo.tn\/fr\/wp-json\/wp\/v2\/types\/post"}],"author":[{"embeddable":true,"href":"https:\/\/www.webdo.tn\/fr\/wp-json\/wp\/v2\/users\/3162"}],"replies":[{"embeddable":true,"href":"https:\/\/www.webdo.tn\/fr\/wp-json\/wp\/v2\/comments?post=218484"}],"version-history":[{"count":0,"href":"https:\/\/www.webdo.tn\/fr\/wp-json\/wp\/v2\/posts\/218484\/revisions"}],"wp:featuredmedia":[{"embeddable":true,"href":"https:\/\/www.webdo.tn\/fr\/wp-json\/wp\/v2\/media\/291569"}],"wp:attachment":[{"href":"https:\/\/www.webdo.tn\/fr\/wp-json\/wp\/v2\/media?parent=218484"}],"wp:term":[{"taxonomy":"category","embeddable":true,"href":"https:\/\/www.webdo.tn\/fr\/wp-json\/wp\/v2\/categories?post=218484"},{"taxonomy":"post_tag","embeddable":true,"href":"https:\/\/www.webdo.tn\/fr\/wp-json\/wp\/v2\/tags?post=218484"}],"curies":[{"name":"wp","href":"https:\/\/api.w.org\/{rel}","templated":true}]}}