{"id":218474,"date":"2024-12-09T09:20:00","date_gmt":"2024-12-09T09:20:00","guid":{"rendered":"https:\/\/www.webdo.tn\/fr\/blog\/2024\/12\/09\/rsiff-2024-lumiere-sur-le-cinema-des-origines\/"},"modified":"2025-05-21T08:55:16","modified_gmt":"2025-05-21T08:55:16","slug":"rsiff-2024-lumiere-sur-le-cinema-des-origines","status":"publish","type":"post","link":"https:\/\/www.webdo.tn\/fr\/actualite\/culture\/rsiff-2024-lumiere-sur-le-cinema-des-origines\/218474\/","title":{"rendered":"RSIFF 2024 &#8211; Lumi\u00e8re sur le cin\u00e9ma des origines"},"content":{"rendered":"<div class=\"single-body entry-content typography-copy\" itemprop=\"articleBody\">\n<p style=\"font-weight: bold; text-align: justify\">\n\t\t\t\t\t\t\t\t\tThierry Fr\u00e9maux, figure incontournable du cin\u00e9ma, a marqu\u00e9 de son empreinte la 4\u00e8me \u00e9dition du Festival International du Film de la Mer Rouge, qui se d\u00e9roule du 5 au 14 d\u00e9cembre 2024. Directeur artistique du Festival de Cannes depuis 2004 et d\u00e9l\u00e9gu\u00e9 g\u00e9n\u00e9ral depuis 2007, cet amoureux du septi\u00e8me art est \u00e9galement \u00e0 la t\u00eate de l\u2019Institut Lumi\u00e8re \u00e0 Lyon depuis 1993. \u00c0 travers cet institut, il a \u0153uvr\u00e9 \u00e0 la pr\u00e9servation de milliers de films, contribuant \u00e0 faire rayonner l\u2019h\u00e9ritage des fr\u00e8res Lumi\u00e8re, les inventeurs du cin\u00e9matographe.\n\t\t\t\t\t\t\t\t<\/p>\n<div class=\"coprs\" style=\"text-align: center\"><\/div>\n<div class=\"coprs\" style=\"text-align: justify\">\n<p>Lors de cette \u00e9dition du festival, Thierry Fr\u00e9maux, qui avait le matin m\u00eame anim\u00e9 <a href=\"https:\/\/www.webdo.tn\/fr\/actualite\/culture\/rsiff-2024-thierry-fremaux-le-cinema-dans-l-ame\/218189\">une master class intitul\u00e9e \u00ab\u00a0Cinefilomania\u00a0\u00bb<\/a>, a pr\u00e9sent\u00e9 l&rsquo;apr\u00e8s-midi son film <em>Lumi\u00e8re, le cin\u00e9ma!<\/em>, projet\u00e9 dans la section \u00ab International Spectacular \u00bb, captivant le public par son \u00e9rudition et sa passion.<\/p>\n<p><strong>Une fresque historique vivante<\/strong><\/p>\n<p><em>Lumi\u00e8re, le cin\u00e9ma!<\/em> rassemble plus d&rsquo;une centaine de \u00ab\u00a0vues photographiques anim\u00e9es\u00a0\u00bb tourn\u00e9es par Louis et Auguste Lumi\u00e8re et leurs op\u00e9rateurs entre 1895 et 1905. Ces films, superbement pr\u00e9serv\u00e9s et restaur\u00e9s par l&rsquo;Institut Lumi\u00e8re de Lyon, sont accompagn\u00e9s d&rsquo;une narration \u00e0 la fois informative et captivante assur\u00e9e par Thierry Fr\u00e9maux. Chaque s\u00e9quence de 50 secondes nous transporte dans une \u00e9poque r\u00e9volue, tout en rendant hommage \u00e0 la magie \u00e9ternelle du cin\u00e9matographe. Des sc\u00e8nes de vie quotidienne \u00e0 la fin du XIX\u00e8me si\u00e8cle, tourn\u00e9es en France mais aussi au Japon, en Alg\u00e9rie ou encore au Vietnam, sont rythm\u00e9es par une bande-son compos\u00e9e de morceaux de Gabriel Faur\u00e9, un compositeur appr\u00e9ci\u00e9 des fr\u00e8res Lumi\u00e8re.<\/p>\n<p>\u00c0 l\u2019\u00e9poque, o\u00f9 ces images ont \u00e9t\u00e9 captur\u00e9es, elles repr\u00e9sentaient une v\u00e9ritable r\u00e9volution. Pour la premi\u00e8re fois dans l\u2019histoire de l\u2019humanit\u00e9, des spectateurs pouvaient se r\u00e9unir et voir, ensemble, sur un grand \u00e9cran, des sc\u00e8nes anim\u00e9es. Pour beaucoup, ces projections \u00e9taient aussi une ouverture in\u00e9dite sur le monde, leur offrant la chance de d\u00e9couvrir des horizons bien au-del\u00e0 de leur r\u00e9gion natale. Imaginez une \u00e9poque o\u00f9 voyager \u00e9tait rare, o\u00f9 les journaux illustr\u00e9s \u00e9taient une nouveaut\u00e9, et o\u00f9 la photographie elle-m\u00eame venait tout juste d\u2019\u00e9merger. Gr\u00e2ce au cin\u00e9matographe, les spectateurs pouvaient voir des paysages lointains, des coutumes \u00e9trang\u00e8res et des sc\u00e8nes de la vie quotidienne, \u00e9veillant une curiosit\u00e9 et un \u00e9merveillement sans pr\u00e9c\u00e9dent. Aujourd&rsquo;hui, nous sommes satur\u00e9s d&rsquo;images \u00e0 travers les r\u00e9seaux sociaux, les plateformes de streaming et la t\u00e9l\u00e9vision. Mais \u00e0 cette \u00e9poque, chaque vue projet\u00e9e \u00e9tait une fen\u00eatre ouverte sur l&rsquo;inconnu, une v\u00e9ritable invitation au voyage et \u00e0 la d\u00e9couverte.<\/p>\n<p>\u00a0<\/p>\n<p><img decoding=\"async\" alt=\"\" height=\"1033\" src=\"\/assets\/uploads\/images\/\/Neila\/RSIFF%202024%20Lumie%CC%80re,%20le%20cine%CC%81ma.jpg\" width=\"700\"><\/p>\n<p>\u00a0<\/p>\n<p><strong>Une sauvegarde pr\u00e9cieuse de la m\u00e9moire collective<\/strong><\/p>\n<p>Thierry Fr\u00e9maux a partag\u00e9 des anecdotes fascinantes lors de la pr\u00e9sentation du film, \u00e9voquant le travail colossal de restauration men\u00e9 par l\u2019Institut Lumi\u00e8re et la pr\u00e9servation de ce patrimoine. Le film d\u00e9bute par une vue d&rsquo;une sortie de l&rsquo;usine Lumi\u00e8re \u00e0 Lyon. \u00ab <em>Nous avons gard\u00e9 pratiquement intact l&rsquo;endroit o\u00f9 a \u00e9t\u00e9 tourn\u00e9 le premier film des Lumi\u00e8re, mais toutes les autres usines ont \u00e9t\u00e9 d\u00e9truites. Aujourd&rsquo;hui, cet endroit accueille une salle de projection o\u00f9 les gens viennent voir des films. En fait l\u2019id\u00e9e est que par les premi\u00e8res images de cin\u00e9ma, on voit des gens sortir d\u2019une usine, aujourd\u2019hui, les gens entrent dans ce m\u00eame b\u00e2timent pour aller voir un film<\/em>.\u00bb a-t-il expliqu\u00e9. Ce site embl\u00e9matique, qui abrite \u00e9galement les Prix Lumi\u00e8re, est devenu un lieu de m\u00e9moire, honorant non seulement les fr\u00e8res Lumi\u00e8re, mais aussi des figures majeures du cin\u00e9ma comme Francis Ford Coppola et Bertrand Tavernier.<\/p>\n<p>La restauration des films Lumi\u00e8re a exig\u00e9 un travail minutieux. \u00ab <em>Nous avons restaur\u00e9 plusieurs centaines de films en utilisant les meilleures technologies disponibles. Chaque vue de 50 secondes offre une fen\u00eatre unique sur le pass\u00e9<\/em>, \u00bb a confi\u00e9 Thierry Fr\u00e9maux. Le documentaire pr\u00e9c\u00e9dent, \u00ab <em>Lumi\u00e8re ! L\u2019aventure commence<\/em> \u00bb, r\u00e9alis\u00e9 en 2016, avait d\u00e9j\u00e0 rencontr\u00e9 un vif succ\u00e8s. Ce second volet s\u2019inscrit dans la continuit\u00e9, offrant une nouvelle immersion dans l\u2019univers des fr\u00e8res Lumi\u00e8re et leurs op\u00e9rateurs, qui parcouraient le monde pour capturer des images in\u00e9dites.<\/p>\n<p><strong>Un voyage dans le temps<\/strong><\/p>\n<p>Les courts-m\u00e9trages des fr\u00e8res Lumi\u00e8re nous offrent un aper\u00e7u inestimable de la vie quotidienne \u00e0 la charni\u00e8re des XIX\u00e8me et XX\u00e8me si\u00e8cles. Des ouvriers quittant une usine aux enfants jouant dans les rues de Lyon, des bateaux accostant dans des ports exotiques aux march\u00e9s anim\u00e9s d\u2019Asie, chaque vue est une capsule temporelle, nous ramenant \u00e0 une \u00e9poque o\u00f9 la modernit\u00e9 commen\u00e7ait \u00e0 transformer les soci\u00e9t\u00e9s. Ces images, tourn\u00e9es dans des lieux \u00e9loign\u00e9s, \u00e9taient une fen\u00eatre vers l&rsquo;inconnu pour un public qui n&rsquo;avait jamais voyag\u00e9 ni \u00e9t\u00e9 expos\u00e9 \u00e0 de telles visions.<\/p>\n<p>Thierry Fr\u00e9maux souligne \u00e9galement l\u2019innovation technique des fr\u00e8res Lumi\u00e8re. En plus de capturer des moments de vie, ils ont exp\u00e9riment\u00e9 avec des mouvements de cam\u00e9ra, comme les travellings ou les prises de vue depuis des trains et des bateaux, posant ainsi les bases de nombreuses techniques cin\u00e9matographiques modernes. Leur collaboration avec des op\u00e9rateurs talentueux, tels qu\u2019Alexandre Promio, a \u00e9galement permis d\u2019\u00e9tendre leur vision au-del\u00e0 des fronti\u00e8res fran\u00e7aises, capturant des sc\u00e8nes en \u00c9gypte, en Inde ou aux \u00c9tats-Unis.<\/p>\n<p>\u00a0<\/p>\n<p><img decoding=\"async\" alt=\"\" height=\"1200\" src=\"\/assets\/uploads\/images\/\/Neila\/RSIFF%202024%20Lumie%CC%80re,%20le%20cine%CC%81ma%20&amp;.jpg\" width=\"1592\"><\/p>\n<p>\u00a0<\/p>\n<p><strong>Un hommage au r\u00eave cin\u00e9matographique<\/strong><\/p>\n<p>Le film explore aussi une id\u00e9e profond\u00e9ment \u00e9mouvante : gr\u00e2ce au cin\u00e9ma, la mort n\u2019est plus absolue. Les visages et gestes des personnes film\u00e9es par les fr\u00e8res Lumi\u00e8re continuent de vivre \u00e0 travers les d\u00e9cennies, offrant une connexion intime avec le pass\u00e9. \u00ab <em>D\u00e9couvrir ces films, c\u2019est aussi d\u00e9couvrir des gens qui ne sont plus l\u00e0, mais qui vivent encore \u00e0 travers ces images,<\/em> \u00bb a d\u00e9clar\u00e9 Thierry Fr\u00e9maux. Cette r\u00e9flexion sur la p\u00e9rennit\u00e9 de l\u2019image anim\u00e9e prend une r\u00e9sonance particuli\u00e8re \u00e0 une \u00e9poque o\u00f9 chacun peut immortaliser des instants de vie gr\u00e2ce aux smartphones.<\/p>\n<p>Pour le spectateur moderne, ces films offrent une exp\u00e9rience \u00e0 la fois \u00e9ducative et \u00e9motive. En d\u00e9couvrant comment vivaient les gens au d\u00e9but du XX\u00e8me si\u00e8cle, leurs moyens de transport, leurs v\u00eatements et leurs loisirs, on se rend compte de l&rsquo;immense impact du cin\u00e9ma sur notre perception du monde. Ces images nous rappellent que, malgr\u00e9 les avanc\u00e9es technologiques, l\u2019essence de l\u2019humanit\u00e9 \u2013 les rires, les gestes, les regards \u2013 demeure intemporelle.<\/p>\n<p><strong>Un tr\u00e9sor cin\u00e9matographique<\/strong><\/p>\n<p><em>Lumi\u00e8re, le cin\u00e9ma!\u00a0<\/em>est bien plus qu\u2019un simple documentaire. C\u2019est un voyage dans le temps, une c\u00e9l\u00e9bration de l\u2019ing\u00e9niosit\u00e9 et de la vision des fr\u00e8res Lumi\u00e8re, et un hommage au pouvoir durable du cin\u00e9ma. Avec une narration brillante de Thierry Fr\u00e9maux, ce film invite \u00e0 red\u00e9couvrir les d\u00e9buts du septi\u00e8me art et \u00e0 r\u00e9fl\u00e9chir \u00e0 l\u2019\u00e9volution de notre rapport aux images.<\/p>\n<p>Un film d&rsquo;une rare beaut\u00e9, \u00e0 la fois \u00e9mouvant et inspirant, qui rappelle que la magie du cin\u00e9ma, bien qu&rsquo;ancienne, reste toujours aussi puissante.<\/p>\n<p>Ci-dessous, la bande annonce du film\u00a0<em>Lumi\u00e8re ! L&rsquo;aventure commence <\/em>(2017):<br \/>\n\u00a0<\/p>\n<p><iframe frameborder=\"0\" height=\"315\" src=\"https:\/\/www.youtube.com\/embed\/BVcRXIN_woc?si=ROjUc3rfwRvLH-RW\" title=\"YouTube video player\" width=\"560\"><\/iframe><\/p>\n<p>\u00a0<\/p>\n<p><strong>Ne\u00efla Driss<\/strong><\/p>\n<\/p><\/div>\n<div class=\"coprs\" style=\"text-align: center\"><\/div><\/div>\n","protected":false},"excerpt":{"rendered":"<p>Thierry Fr\u00e9maux, figure incontournable du cin\u00e9ma, a marqu\u00e9 de son empreinte la 4\u00e8me \u00e9dition du Festival International du Film de la Mer Rouge, qui se d\u00e9roule du&#8230;<\/p>\n","protected":false},"author":3164,"featured_media":243560,"comment_status":"open","ping_status":"open","sticky":false,"template":"","format":"standard","meta":{"footnotes":""},"categories":[2594],"tags":[2626,4781,2628,4709,3985,3986,4708],"class_list":["post-218474","post","type-post","status-publish","format-standard","has-post-thumbnail","hentry","category-culture","tag-cinema","tag-cinema-francais","tag-festival","tag-festival-international-du-film-de-la-mer-rouge","tag-red-sea-international-film-festival","tag-rsiff","tag-rsiff-2024"],"yoast_head":"<!-- This site is optimized with the Yoast SEO Premium plugin v27.4 (Yoast SEO v27.4) - https:\/\/yoast.com\/product\/yoast-seo-premium-wordpress\/ -->\n<title>RSIFF 2024 - Lumi\u00e8re sur le cin\u00e9ma des origines<\/title>\n<meta name=\"description\" content=\"Thierry Fr\u00e9maux, figure incontournable du cin\u00e9ma, a marqu\u00e9 de son empreinte la 4\u00e8me \u00e9dition du Festival International du Film de la Mer Rouge, qui se d\u00e9roule du...\" \/>\n<link rel=\"canonical\" href=\"https:\/\/www.webdo.tn\/fr\/actualite\/culture\/rsiff-2024-lumiere-sur-le-cinema-des-origines\/218474\/\" \/>\n<meta property=\"og:locale\" content=\"fr_FR\" \/>\n<meta property=\"og:type\" content=\"article\" \/>\n<meta property=\"og:title\" content=\"RSIFF 2024 - Lumi\u00e8re sur le cin\u00e9ma des origines\" \/>\n<meta property=\"og:description\" content=\"Thierry Fr\u00e9maux, figure incontournable du cin\u00e9ma, a marqu\u00e9 de son empreinte la 4\u00e8me \u00e9dition du Festival International du Film de la Mer Rouge, qui se d\u00e9roule du...\" \/>\n<meta property=\"og:url\" content=\"https:\/\/www.webdo.tn\/fr\/actualite\/culture\/rsiff-2024-lumiere-sur-le-cinema-des-origines\/218474\/\" \/>\n<meta property=\"og:site_name\" content=\"webdo\" \/>\n<meta property=\"article:publisher\" content=\"https:\/\/www.facebook.com\/webdotn\" \/>\n<meta property=\"article:author\" content=\"https:\/\/www.facebook.com\/massir.destiniii\/\" \/>\n<meta property=\"article:published_time\" content=\"2024-12-09T09:20:00+00:00\" \/>\n<meta property=\"article:modified_time\" content=\"2025-05-21T08:55:16+00:00\" \/>\n<meta property=\"og:image\" content=\"https:\/\/www.webdo.tn\/fr\/wp-content\/uploads\/2025\/05\/7f2e08fa5c5b719bf2082ca2109eecb5-2.webp\" \/>\n\t<meta property=\"og:image:width\" content=\"750\" \/>\n\t<meta property=\"og:image:height\" content=\"400\" \/>\n\t<meta property=\"og:image:type\" content=\"image\/webp\" \/>\n<meta name=\"author\" content=\"Ne\u00efla DRISS\" \/>\n<meta name=\"twitter:card\" content=\"summary_large_image\" \/>\n<meta name=\"twitter:creator\" content=\"@https:\/\/x.com\/MassirDestin\" \/>\n<meta name=\"twitter:site\" content=\"@webdo_tn\" \/>\n<meta name=\"twitter:label1\" content=\"\u00c9crit par\" \/>\n\t<meta name=\"twitter:data1\" content=\"Ne\u00efla DRISS\" \/>\n\t<meta name=\"twitter:label2\" content=\"Dur\u00e9e de lecture estim\u00e9e\" \/>\n\t<meta name=\"twitter:data2\" content=\"6 minutes\" \/>\n<script type=\"application\/ld+json\" class=\"yoast-schema-graph\">{\"@context\":\"https:\\\/\\\/schema.org\",\"@graph\":[{\"@type\":\"NewsArticle\",\"@id\":\"https:\\\/\\\/www.webdo.tn\\\/fr\\\/actualite\\\/culture\\\/rsiff-2024-lumiere-sur-le-cinema-des-origines\\\/218474\\\/#article\",\"isPartOf\":{\"@id\":\"https:\\\/\\\/www.webdo.tn\\\/fr\\\/actualite\\\/culture\\\/rsiff-2024-lumiere-sur-le-cinema-des-origines\\\/218474\\\/\"},\"author\":{\"name\":\"Ne\u00efla DRISS\",\"@id\":\"https:\\\/\\\/www.webdo.tn\\\/fr\\\/#\\\/schema\\\/person\\\/60d5ba619ed3f58783b0dc82b7dada80\"},\"headline\":\"RSIFF 2024 &#8211; Lumi\u00e8re sur le cin\u00e9ma des origines\",\"datePublished\":\"2024-12-09T09:20:00+00:00\",\"dateModified\":\"2025-05-21T08:55:16+00:00\",\"mainEntityOfPage\":{\"@id\":\"https:\\\/\\\/www.webdo.tn\\\/fr\\\/actualite\\\/culture\\\/rsiff-2024-lumiere-sur-le-cinema-des-origines\\\/218474\\\/\"},\"wordCount\":1272,\"commentCount\":0,\"publisher\":{\"@id\":\"https:\\\/\\\/www.webdo.tn\\\/fr\\\/#organization\"},\"image\":{\"@id\":\"https:\\\/\\\/www.webdo.tn\\\/fr\\\/actualite\\\/culture\\\/rsiff-2024-lumiere-sur-le-cinema-des-origines\\\/218474\\\/#primaryimage\"},\"thumbnailUrl\":\"https:\\\/\\\/www.webdo.tn\\\/fr\\\/wp-content\\\/uploads\\\/2025\\\/05\\\/7f2e08fa5c5b719bf2082ca2109eecb5-2.webp\",\"keywords\":[\"Cin\u00e9ma\",\"Cin\u00e9ma fran\u00e7ais\",\"Festival\",\"Festival International du Film de la Mer Rouge\",\"Red Sea International Film Festival\",\"RSIFF\",\"RSIFF 2024\"],\"articleSection\":[\"Culture\"],\"inLanguage\":\"fr-FR\"},{\"@type\":\"WebPage\",\"@id\":\"https:\\\/\\\/www.webdo.tn\\\/fr\\\/actualite\\\/culture\\\/rsiff-2024-lumiere-sur-le-cinema-des-origines\\\/218474\\\/\",\"url\":\"https:\\\/\\\/www.webdo.tn\\\/fr\\\/actualite\\\/culture\\\/rsiff-2024-lumiere-sur-le-cinema-des-origines\\\/218474\\\/\",\"name\":\"RSIFF 2024 - Lumi\u00e8re sur le cin\u00e9ma des origines\",\"isPartOf\":{\"@id\":\"https:\\\/\\\/www.webdo.tn\\\/fr\\\/#website\"},\"primaryImageOfPage\":{\"@id\":\"https:\\\/\\\/www.webdo.tn\\\/fr\\\/actualite\\\/culture\\\/rsiff-2024-lumiere-sur-le-cinema-des-origines\\\/218474\\\/#primaryimage\"},\"image\":{\"@id\":\"https:\\\/\\\/www.webdo.tn\\\/fr\\\/actualite\\\/culture\\\/rsiff-2024-lumiere-sur-le-cinema-des-origines\\\/218474\\\/#primaryimage\"},\"thumbnailUrl\":\"https:\\\/\\\/www.webdo.tn\\\/fr\\\/wp-content\\\/uploads\\\/2025\\\/05\\\/7f2e08fa5c5b719bf2082ca2109eecb5-2.webp\",\"datePublished\":\"2024-12-09T09:20:00+00:00\",\"dateModified\":\"2025-05-21T08:55:16+00:00\",\"description\":\"Thierry Fr\u00e9maux, figure incontournable du cin\u00e9ma, a marqu\u00e9 de son empreinte la 4\u00e8me \u00e9dition du Festival International du Film de la Mer Rouge, qui se d\u00e9roule du...\",\"breadcrumb\":{\"@id\":\"https:\\\/\\\/www.webdo.tn\\\/fr\\\/actualite\\\/culture\\\/rsiff-2024-lumiere-sur-le-cinema-des-origines\\\/218474\\\/#breadcrumb\"},\"inLanguage\":\"fr-FR\",\"potentialAction\":[{\"@type\":\"ReadAction\",\"target\":[\"https:\\\/\\\/www.webdo.tn\\\/fr\\\/actualite\\\/culture\\\/rsiff-2024-lumiere-sur-le-cinema-des-origines\\\/218474\\\/\"]}]},{\"@type\":\"ImageObject\",\"inLanguage\":\"fr-FR\",\"@id\":\"https:\\\/\\\/www.webdo.tn\\\/fr\\\/actualite\\\/culture\\\/rsiff-2024-lumiere-sur-le-cinema-des-origines\\\/218474\\\/#primaryimage\",\"url\":\"https:\\\/\\\/www.webdo.tn\\\/fr\\\/wp-content\\\/uploads\\\/2025\\\/05\\\/7f2e08fa5c5b719bf2082ca2109eecb5-2.webp\",\"contentUrl\":\"https:\\\/\\\/www.webdo.tn\\\/fr\\\/wp-content\\\/uploads\\\/2025\\\/05\\\/7f2e08fa5c5b719bf2082ca2109eecb5-2.webp\",\"width\":750,\"height\":400},{\"@type\":\"BreadcrumbList\",\"@id\":\"https:\\\/\\\/www.webdo.tn\\\/fr\\\/actualite\\\/culture\\\/rsiff-2024-lumiere-sur-le-cinema-des-origines\\\/218474\\\/#breadcrumb\",\"itemListElement\":[{\"@type\":\"ListItem\",\"position\":1,\"name\":\"Accueil\",\"item\":\"https:\\\/\\\/www.webdo.tn\\\/fr\\\/\"},{\"@type\":\"ListItem\",\"position\":2,\"name\":\"RSIFF 2024 &#8211; Lumi\u00e8re sur le cin\u00e9ma des origines\"}]},{\"@type\":\"WebSite\",\"@id\":\"https:\\\/\\\/www.webdo.tn\\\/fr\\\/#website\",\"url\":\"https:\\\/\\\/www.webdo.tn\\\/fr\\\/\",\"name\":\"webdo\",\"description\":\"Tunisie - News en Tunisie et \u00e0 l&#039;international sur Webdo.tn\",\"publisher\":{\"@id\":\"https:\\\/\\\/www.webdo.tn\\\/fr\\\/#organization\"},\"potentialAction\":[{\"@type\":\"SearchAction\",\"target\":{\"@type\":\"EntryPoint\",\"urlTemplate\":\"https:\\\/\\\/www.webdo.tn\\\/fr\\\/?s={search_term_string}\"},\"query-input\":{\"@type\":\"PropertyValueSpecification\",\"valueRequired\":true,\"valueName\":\"search_term_string\"}}],\"inLanguage\":\"fr-FR\"},{\"@type\":\"Organization\",\"@id\":\"https:\\\/\\\/www.webdo.tn\\\/fr\\\/#organization\",\"name\":\"Webdo\",\"alternateName\":\"Webdo.tn\",\"url\":\"https:\\\/\\\/www.webdo.tn\\\/fr\\\/\",\"logo\":{\"@type\":\"ImageObject\",\"inLanguage\":\"fr-FR\",\"@id\":\"https:\\\/\\\/www.webdo.tn\\\/fr\\\/#\\\/schema\\\/logo\\\/image\\\/\",\"url\":\"https:\\\/\\\/www.webdo.tn\\\/fr\\\/wp-content\\\/uploads\\\/2025\\\/06\\\/Webdo-Tunisie_168377.jpg\",\"contentUrl\":\"https:\\\/\\\/www.webdo.tn\\\/fr\\\/wp-content\\\/uploads\\\/2025\\\/06\\\/Webdo-Tunisie_168377.jpg\",\"width\":301,\"height\":301,\"caption\":\"Webdo\"},\"image\":{\"@id\":\"https:\\\/\\\/www.webdo.tn\\\/fr\\\/#\\\/schema\\\/logo\\\/image\\\/\"},\"sameAs\":[\"https:\\\/\\\/www.facebook.com\\\/webdotn\",\"https:\\\/\\\/x.com\\\/webdo_tn\"],\"description\":\"Webdo est un m\u00e9dia num\u00e9rique tunisien fond\u00e9 en 2010, sp\u00e9cialis\u00e9 dans l\u2019actualit\u00e9 nationale et internationale, l\u2019\u00e9conomie, la soci\u00e9t\u00e9 et les analyses politiques. Le site s\u2019adresse \u00e0 un large public francophone et couvre l\u2019information tunisienne en temps r\u00e9el.\",\"email\":\"redac@webdo.tn\",\"legalName\":\"YNJ SARL\",\"foundingDate\":\"2010-09-06\",\"numberOfEmployees\":{\"@type\":\"QuantitativeValue\",\"minValue\":\"11\",\"maxValue\":\"50\"}},{\"@type\":\"Person\",\"@id\":\"https:\\\/\\\/www.webdo.tn\\\/fr\\\/#\\\/schema\\\/person\\\/60d5ba619ed3f58783b0dc82b7dada80\",\"name\":\"Ne\u00efla DRISS\",\"image\":{\"@type\":\"ImageObject\",\"inLanguage\":\"fr-FR\",\"@id\":\"https:\\\/\\\/www.webdo.tn\\\/fr\\\/wp-content\\\/uploads\\\/2026\\\/04\\\/neila-driss_avatar-96x96.jpg\",\"url\":\"https:\\\/\\\/www.webdo.tn\\\/fr\\\/wp-content\\\/uploads\\\/2026\\\/04\\\/neila-driss_avatar-96x96.jpg\",\"contentUrl\":\"https:\\\/\\\/www.webdo.tn\\\/fr\\\/wp-content\\\/uploads\\\/2026\\\/04\\\/neila-driss_avatar-96x96.jpg\",\"caption\":\"Ne\u00efla DRISS\"},\"description\":\"Ne\u00efla Driss est juriste, journaliste culturelle et critique de cin\u00e9ma tunisienne. Titulaire d\u2019un DEA en droit priv\u00e9 de l\u2019Universit\u00e9 Paris II et d\u2019un DESS de l\u2019IHEC Carthage, elle d\u00e9bute sa carri\u00e8re comme juriste sp\u00e9cialis\u00e9e en gestion de patrimoine immobilier. Elle s\u2019oriente ensuite vers l\u2019\u00e9criture en ligne, o\u00f9 elle se distingue d\u00e8s 2006 aux Tunisia Blog Awards, avant de se consacrer au journalisme culturel, avec une sp\u00e9cialisation dans la critique cin\u00e9matographique. Elle couvre r\u00e9guli\u00e8rement les grands festivals internationaux, notamment le Festival de Cannes, les Journ\u00e9es Cin\u00e9matographiques de Carthage et le Festival du film du Caire. Membre de l\u2019ATPCC et de la FIPRESCI, elle participe \u00e0 des jurys et initiatives internationales de critique. Depuis 2024, elle est \u00e9lectrice internationale aux Golden Globes. Facebook : https:\\\/\\\/www.facebook.com\\\/massir.destiniii\\\/ X : https:\\\/\\\/x.com\\\/MassirDestin\",\"sameAs\":[\"https:\\\/\\\/www.facebook.com\\\/massir.destiniii\\\/\",\"https:\\\/\\\/www.instagram.com\\\/neila.driss\\\/?hl=fr\",\"https:\\\/\\\/www.linkedin.com\\\/in\\\/neila-driss-22606a80\\\/\",\"https:\\\/\\\/x.com\\\/https:\\\/\\\/x.com\\\/MassirDestin\"],\"knowsAbout\":[\"Cin\u00e9ma international\",\"critique cin\u00e9matographique\",\"festivals de cin\u00e9ma\",\"journalisme culturel\"],\"knowsLanguage\":[\"Fran\u00e7ais\",\"Arabe\",\"Anglais\"],\"jobTitle\":\"Journaliste culturelle et critique de cin\u00e9ma\",\"worksFor\":\"Webdo\",\"url\":\"https:\\\/\\\/www.webdo.tn\\\/fr\\\/actualite\\\/author\\\/neila-driss\\\/\"}]}<\/script>\n<!-- \/ Yoast SEO Premium plugin. -->","yoast_head_json":{"title":"RSIFF 2024 - Lumi\u00e8re sur le cin\u00e9ma des origines","description":"Thierry Fr\u00e9maux, figure incontournable du cin\u00e9ma, a marqu\u00e9 de son empreinte la 4\u00e8me \u00e9dition du Festival International du Film de la Mer Rouge, qui se d\u00e9roule du...","canonical":"https:\/\/www.webdo.tn\/fr\/actualite\/culture\/rsiff-2024-lumiere-sur-le-cinema-des-origines\/218474\/","og_locale":"fr_FR","og_type":"article","og_title":"RSIFF 2024 - Lumi\u00e8re sur le cin\u00e9ma des origines","og_description":"Thierry Fr\u00e9maux, figure incontournable du cin\u00e9ma, a marqu\u00e9 de son empreinte la 4\u00e8me \u00e9dition du Festival International du Film de la Mer Rouge, qui se d\u00e9roule du...","og_url":"https:\/\/www.webdo.tn\/fr\/actualite\/culture\/rsiff-2024-lumiere-sur-le-cinema-des-origines\/218474\/","og_site_name":"webdo","article_publisher":"https:\/\/www.facebook.com\/webdotn","article_author":"https:\/\/www.facebook.com\/massir.destiniii\/","article_published_time":"2024-12-09T09:20:00+00:00","article_modified_time":"2025-05-21T08:55:16+00:00","og_image":[{"width":750,"height":400,"url":"https:\/\/www.webdo.tn\/fr\/wp-content\/uploads\/2025\/05\/7f2e08fa5c5b719bf2082ca2109eecb5-2.webp","type":"image\/webp"}],"author":"Ne\u00efla DRISS","twitter_card":"summary_large_image","twitter_creator":"@https:\/\/x.com\/MassirDestin","twitter_site":"@webdo_tn","twitter_misc":{"\u00c9crit par":"Ne\u00efla DRISS","Dur\u00e9e de lecture estim\u00e9e":"6 minutes"},"schema":{"@context":"https:\/\/schema.org","@graph":[{"@type":"NewsArticle","@id":"https:\/\/www.webdo.tn\/fr\/actualite\/culture\/rsiff-2024-lumiere-sur-le-cinema-des-origines\/218474\/#article","isPartOf":{"@id":"https:\/\/www.webdo.tn\/fr\/actualite\/culture\/rsiff-2024-lumiere-sur-le-cinema-des-origines\/218474\/"},"author":{"name":"Ne\u00efla DRISS","@id":"https:\/\/www.webdo.tn\/fr\/#\/schema\/person\/60d5ba619ed3f58783b0dc82b7dada80"},"headline":"RSIFF 2024 &#8211; Lumi\u00e8re sur le cin\u00e9ma des origines","datePublished":"2024-12-09T09:20:00+00:00","dateModified":"2025-05-21T08:55:16+00:00","mainEntityOfPage":{"@id":"https:\/\/www.webdo.tn\/fr\/actualite\/culture\/rsiff-2024-lumiere-sur-le-cinema-des-origines\/218474\/"},"wordCount":1272,"commentCount":0,"publisher":{"@id":"https:\/\/www.webdo.tn\/fr\/#organization"},"image":{"@id":"https:\/\/www.webdo.tn\/fr\/actualite\/culture\/rsiff-2024-lumiere-sur-le-cinema-des-origines\/218474\/#primaryimage"},"thumbnailUrl":"https:\/\/www.webdo.tn\/fr\/wp-content\/uploads\/2025\/05\/7f2e08fa5c5b719bf2082ca2109eecb5-2.webp","keywords":["Cin\u00e9ma","Cin\u00e9ma fran\u00e7ais","Festival","Festival International du Film de la Mer Rouge","Red Sea International Film Festival","RSIFF","RSIFF 2024"],"articleSection":["Culture"],"inLanguage":"fr-FR"},{"@type":"WebPage","@id":"https:\/\/www.webdo.tn\/fr\/actualite\/culture\/rsiff-2024-lumiere-sur-le-cinema-des-origines\/218474\/","url":"https:\/\/www.webdo.tn\/fr\/actualite\/culture\/rsiff-2024-lumiere-sur-le-cinema-des-origines\/218474\/","name":"RSIFF 2024 - Lumi\u00e8re sur le cin\u00e9ma des origines","isPartOf":{"@id":"https:\/\/www.webdo.tn\/fr\/#website"},"primaryImageOfPage":{"@id":"https:\/\/www.webdo.tn\/fr\/actualite\/culture\/rsiff-2024-lumiere-sur-le-cinema-des-origines\/218474\/#primaryimage"},"image":{"@id":"https:\/\/www.webdo.tn\/fr\/actualite\/culture\/rsiff-2024-lumiere-sur-le-cinema-des-origines\/218474\/#primaryimage"},"thumbnailUrl":"https:\/\/www.webdo.tn\/fr\/wp-content\/uploads\/2025\/05\/7f2e08fa5c5b719bf2082ca2109eecb5-2.webp","datePublished":"2024-12-09T09:20:00+00:00","dateModified":"2025-05-21T08:55:16+00:00","description":"Thierry Fr\u00e9maux, figure incontournable du cin\u00e9ma, a marqu\u00e9 de son empreinte la 4\u00e8me \u00e9dition du Festival International du Film de la Mer Rouge, qui se d\u00e9roule du...","breadcrumb":{"@id":"https:\/\/www.webdo.tn\/fr\/actualite\/culture\/rsiff-2024-lumiere-sur-le-cinema-des-origines\/218474\/#breadcrumb"},"inLanguage":"fr-FR","potentialAction":[{"@type":"ReadAction","target":["https:\/\/www.webdo.tn\/fr\/actualite\/culture\/rsiff-2024-lumiere-sur-le-cinema-des-origines\/218474\/"]}]},{"@type":"ImageObject","inLanguage":"fr-FR","@id":"https:\/\/www.webdo.tn\/fr\/actualite\/culture\/rsiff-2024-lumiere-sur-le-cinema-des-origines\/218474\/#primaryimage","url":"https:\/\/www.webdo.tn\/fr\/wp-content\/uploads\/2025\/05\/7f2e08fa5c5b719bf2082ca2109eecb5-2.webp","contentUrl":"https:\/\/www.webdo.tn\/fr\/wp-content\/uploads\/2025\/05\/7f2e08fa5c5b719bf2082ca2109eecb5-2.webp","width":750,"height":400},{"@type":"BreadcrumbList","@id":"https:\/\/www.webdo.tn\/fr\/actualite\/culture\/rsiff-2024-lumiere-sur-le-cinema-des-origines\/218474\/#breadcrumb","itemListElement":[{"@type":"ListItem","position":1,"name":"Accueil","item":"https:\/\/www.webdo.tn\/fr\/"},{"@type":"ListItem","position":2,"name":"RSIFF 2024 &#8211; Lumi\u00e8re sur le cin\u00e9ma des origines"}]},{"@type":"WebSite","@id":"https:\/\/www.webdo.tn\/fr\/#website","url":"https:\/\/www.webdo.tn\/fr\/","name":"webdo","description":"Tunisie - News en Tunisie et \u00e0 l&#039;international sur Webdo.tn","publisher":{"@id":"https:\/\/www.webdo.tn\/fr\/#organization"},"potentialAction":[{"@type":"SearchAction","target":{"@type":"EntryPoint","urlTemplate":"https:\/\/www.webdo.tn\/fr\/?s={search_term_string}"},"query-input":{"@type":"PropertyValueSpecification","valueRequired":true,"valueName":"search_term_string"}}],"inLanguage":"fr-FR"},{"@type":"Organization","@id":"https:\/\/www.webdo.tn\/fr\/#organization","name":"Webdo","alternateName":"Webdo.tn","url":"https:\/\/www.webdo.tn\/fr\/","logo":{"@type":"ImageObject","inLanguage":"fr-FR","@id":"https:\/\/www.webdo.tn\/fr\/#\/schema\/logo\/image\/","url":"https:\/\/www.webdo.tn\/fr\/wp-content\/uploads\/2025\/06\/Webdo-Tunisie_168377.jpg","contentUrl":"https:\/\/www.webdo.tn\/fr\/wp-content\/uploads\/2025\/06\/Webdo-Tunisie_168377.jpg","width":301,"height":301,"caption":"Webdo"},"image":{"@id":"https:\/\/www.webdo.tn\/fr\/#\/schema\/logo\/image\/"},"sameAs":["https:\/\/www.facebook.com\/webdotn","https:\/\/x.com\/webdo_tn"],"description":"Webdo est un m\u00e9dia num\u00e9rique tunisien fond\u00e9 en 2010, sp\u00e9cialis\u00e9 dans l\u2019actualit\u00e9 nationale et internationale, l\u2019\u00e9conomie, la soci\u00e9t\u00e9 et les analyses politiques. Le site s\u2019adresse \u00e0 un large public francophone et couvre l\u2019information tunisienne en temps r\u00e9el.","email":"redac@webdo.tn","legalName":"YNJ SARL","foundingDate":"2010-09-06","numberOfEmployees":{"@type":"QuantitativeValue","minValue":"11","maxValue":"50"}},{"@type":"Person","@id":"https:\/\/www.webdo.tn\/fr\/#\/schema\/person\/60d5ba619ed3f58783b0dc82b7dada80","name":"Ne\u00efla DRISS","image":{"@type":"ImageObject","inLanguage":"fr-FR","@id":"https:\/\/www.webdo.tn\/fr\/wp-content\/uploads\/2026\/04\/neila-driss_avatar-96x96.jpg","url":"https:\/\/www.webdo.tn\/fr\/wp-content\/uploads\/2026\/04\/neila-driss_avatar-96x96.jpg","contentUrl":"https:\/\/www.webdo.tn\/fr\/wp-content\/uploads\/2026\/04\/neila-driss_avatar-96x96.jpg","caption":"Ne\u00efla DRISS"},"description":"Ne\u00efla Driss est juriste, journaliste culturelle et critique de cin\u00e9ma tunisienne. Titulaire d\u2019un DEA en droit priv\u00e9 de l\u2019Universit\u00e9 Paris II et d\u2019un DESS de l\u2019IHEC Carthage, elle d\u00e9bute sa carri\u00e8re comme juriste sp\u00e9cialis\u00e9e en gestion de patrimoine immobilier. Elle s\u2019oriente ensuite vers l\u2019\u00e9criture en ligne, o\u00f9 elle se distingue d\u00e8s 2006 aux Tunisia Blog Awards, avant de se consacrer au journalisme culturel, avec une sp\u00e9cialisation dans la critique cin\u00e9matographique. Elle couvre r\u00e9guli\u00e8rement les grands festivals internationaux, notamment le Festival de Cannes, les Journ\u00e9es Cin\u00e9matographiques de Carthage et le Festival du film du Caire. Membre de l\u2019ATPCC et de la FIPRESCI, elle participe \u00e0 des jurys et initiatives internationales de critique. Depuis 2024, elle est \u00e9lectrice internationale aux Golden Globes. Facebook : https:\/\/www.facebook.com\/massir.destiniii\/ X : https:\/\/x.com\/MassirDestin","sameAs":["https:\/\/www.facebook.com\/massir.destiniii\/","https:\/\/www.instagram.com\/neila.driss\/?hl=fr","https:\/\/www.linkedin.com\/in\/neila-driss-22606a80\/","https:\/\/x.com\/https:\/\/x.com\/MassirDestin"],"knowsAbout":["Cin\u00e9ma international","critique cin\u00e9matographique","festivals de cin\u00e9ma","journalisme culturel"],"knowsLanguage":["Fran\u00e7ais","Arabe","Anglais"],"jobTitle":"Journaliste culturelle et critique de cin\u00e9ma","worksFor":"Webdo","url":"https:\/\/www.webdo.tn\/fr\/actualite\/author\/neila-driss\/"}]}},"_links":{"self":[{"href":"https:\/\/www.webdo.tn\/fr\/wp-json\/wp\/v2\/posts\/218474","targetHints":{"allow":["GET"]}}],"collection":[{"href":"https:\/\/www.webdo.tn\/fr\/wp-json\/wp\/v2\/posts"}],"about":[{"href":"https:\/\/www.webdo.tn\/fr\/wp-json\/wp\/v2\/types\/post"}],"author":[{"embeddable":true,"href":"https:\/\/www.webdo.tn\/fr\/wp-json\/wp\/v2\/users\/3164"}],"replies":[{"embeddable":true,"href":"https:\/\/www.webdo.tn\/fr\/wp-json\/wp\/v2\/comments?post=218474"}],"version-history":[{"count":0,"href":"https:\/\/www.webdo.tn\/fr\/wp-json\/wp\/v2\/posts\/218474\/revisions"}],"wp:featuredmedia":[{"embeddable":true,"href":"https:\/\/www.webdo.tn\/fr\/wp-json\/wp\/v2\/media\/243560"}],"wp:attachment":[{"href":"https:\/\/www.webdo.tn\/fr\/wp-json\/wp\/v2\/media?parent=218474"}],"wp:term":[{"taxonomy":"category","embeddable":true,"href":"https:\/\/www.webdo.tn\/fr\/wp-json\/wp\/v2\/categories?post=218474"},{"taxonomy":"post_tag","embeddable":true,"href":"https:\/\/www.webdo.tn\/fr\/wp-json\/wp\/v2\/tags?post=218474"}],"curies":[{"name":"wp","href":"https:\/\/api.w.org\/{rel}","templated":true}]}}