{"id":218469,"date":"2024-12-20T07:54:00","date_gmt":"2024-12-20T07:54:00","guid":{"rendered":"https:\/\/www.webdo.tn\/fr\/blog\/2024\/12\/20\/tunisie-ces-routes-concernees-par-des-travaux-de-modernisation\/"},"modified":"2025-05-20T22:21:01","modified_gmt":"2025-05-20T22:21:01","slug":"tunisie-ces-routes-concernees-par-des-travaux-de-modernisation","status":"publish","type":"post","link":"https:\/\/www.webdo.tn\/fr\/actualite\/national\/tunisie-ces-routes-concernees-par-des-travaux-de-modernisation\/218469\/","title":{"rendered":"Tunisie : Ces routes concern\u00e9es par des travaux de modernisation"},"content":{"rendered":"<p>La Banque africaine de d\u00e9veloppement (BAD) a approuv\u00e9 le financement de la troisi\u00e8me phase du projet de modernisation des infrastructures routi\u00e8res par un pr\u00eat de 80,162 millions d&rsquo;euros, soit l&rsquo;\u00e9quivalent de 265 millions de dinars, repr\u00e9sentant 92,98 % du co\u00fbt total du projet.<\/p>\n<p>\t\t\t\t\t\t\t\t\t\u00a0<\/p>\n<p>Selon un rapport de la BAD, le co\u00fbt global du projet, hors taxes et droits de douane, est estim\u00e9 \u00e0 environ 291,405 millions de dinars. Ce projet vise \u00e0 am\u00e9liorer la qualit\u00e9 du r\u00e9seau routier class\u00e9 et les conditions de circulation pour les usagers dans les zones cibl\u00e9es.<\/p>\n<p>Le projet concerne 8 tron\u00e7ons r\u00e9partis dans 7 gouvernorats, comme suit :<br \/>\n\u2022\u00a0\u00a0 \u00a0Sousse : Renforcement de la route nationale n\u00b012 entre les points kilom\u00e9triques 1,1 et 5,3.<br \/>\n\u2022\u00a0\u00a0 \u00a0Kairouan : Renforcement de la route r\u00e9gionale n\u00b081 entre les points kilom\u00e9triques 0 et 26.<br \/>\n\u2022\u00a0\u00a0 \u00a0Sfax : Renforcement de la route nationale n\u00b02 entre les points kilom\u00e9triques 132 et 159, et de la route nationale n\u00b01D entre les points kilom\u00e9triques 12,5 et 18,9.<br \/>\n\u2022\u00a0\u00a0 \u00a0Kasserine : Renforcement de la route nationale n\u00b015D entre les points kilom\u00e9triques 166,7 et 202,7.<br \/>\n\u2022\u00a0\u00a0 \u00a0Gafsa : Renforcement de la route nationale n\u00b015D entre les points kilom\u00e9triques 137 et 166.<br \/>\n\u2022\u00a0\u00a0 \u00a0Le Kef : Renforcement de la route nationale n\u00b018D entre les points kilom\u00e9triques 30 et 63,3.<br \/>\n\u2022\u00a0\u00a0 \u00a0Siliana : Renforcement de la route nationale n\u00b018D entre les points kilom\u00e9triques 0 et 9,2, ainsi que de 15 \u00e0 22.<\/p>\n<p>Une coordination \u00e9troite entre la Tunisie et la BAD est maintenue pour renforcer les projets de coop\u00e9ration financi\u00e8re et technique. Les travaux prioritaires pour l&rsquo;ann\u00e9e 2024 incluent notamment le financement de projets de d\u00e9veloppement et le soutien au budget de l&rsquo;\u00c9tat.<\/p>\n","protected":false},"excerpt":{"rendered":"<p>Selon un rapport de la BAD, le co\u00fbt global du projet, hors taxes et droits de douane, est estim\u00e9 \u00e0 environ 291,405 millions de dinars. Ce projet vise \u00e0 am\u00e9liore&#8230;<\/p>\n","protected":false},"author":3163,"featured_media":243334,"comment_status":"open","ping_status":"open","sticky":false,"template":"","format":"standard","meta":{"footnotes":""},"categories":[44],"tags":[2686,4187,3926,2608],"class_list":["post-218469","post","type-post","status-publish","format-standard","has-post-thumbnail","hentry","category-national","tag-bad","tag-routes","tag-travaux","tag-tunisie"],"yoast_head":"<!-- This site is optimized with the Yoast SEO Premium plugin v27.4 (Yoast SEO v27.5) - https:\/\/yoast.com\/product\/yoast-seo-premium-wordpress\/ -->\n<title>Tunisie : Ces routes concern\u00e9es par des travaux de modernisation<\/title>\n<meta name=\"description\" content=\"Selon un rapport de la BAD, le co\u00fbt global du projet, hors taxes et droits de douane, est estim\u00e9 \u00e0 environ 291,405 millions de dinars. Ce projet vise \u00e0 am\u00e9liore...\" \/>\n<link rel=\"canonical\" href=\"https:\/\/www.webdo.tn\/fr\/actualite\/national\/tunisie-ces-routes-concernees-par-des-travaux-de-modernisation\/218469\/\" \/>\n<meta property=\"og:locale\" content=\"fr_FR\" \/>\n<meta property=\"og:type\" content=\"article\" \/>\n<meta property=\"og:title\" content=\"Tunisie : Ces routes concern\u00e9es par des travaux de modernisation\" \/>\n<meta property=\"og:description\" content=\"Selon un rapport de la BAD, le co\u00fbt global du projet, hors taxes et droits de douane, est estim\u00e9 \u00e0 environ 291,405 millions de dinars. Ce projet vise \u00e0 am\u00e9liore...\" \/>\n<meta property=\"og:url\" content=\"https:\/\/www.webdo.tn\/fr\/actualite\/national\/tunisie-ces-routes-concernees-par-des-travaux-de-modernisation\/218469\/\" \/>\n<meta property=\"og:site_name\" content=\"webdo\" \/>\n<meta property=\"article:publisher\" content=\"https:\/\/www.facebook.com\/webdotn\" \/>\n<meta property=\"article:published_time\" content=\"2024-12-20T07:54:00+00:00\" \/>\n<meta property=\"article:modified_time\" content=\"2025-05-20T22:21:01+00:00\" \/>\n<meta property=\"og:image\" content=\"https:\/\/www.webdo.tn\/fr\/wp-content\/uploads\/2025\/05\/1e300a94fde435cf4dcac79a8ed7bab6-2.webp\" \/>\n\t<meta property=\"og:image:width\" content=\"681\" \/>\n\t<meta property=\"og:image:height\" content=\"363\" \/>\n\t<meta property=\"og:image:type\" content=\"image\/webp\" \/>\n<meta name=\"author\" content=\"KJ\" \/>\n<meta name=\"twitter:card\" content=\"summary_large_image\" \/>\n<meta name=\"twitter:creator\" content=\"@webdo_tn\" \/>\n<meta name=\"twitter:site\" content=\"@webdo_tn\" \/>\n<meta name=\"twitter:label1\" content=\"\u00c9crit par\" \/>\n\t<meta name=\"twitter:data1\" content=\"KJ\" \/>\n\t<meta name=\"twitter:label2\" content=\"Dur\u00e9e de lecture estim\u00e9e\" \/>\n\t<meta name=\"twitter:data2\" content=\"1 minute\" \/>\n<script type=\"application\/ld+json\" class=\"yoast-schema-graph\">{\"@context\":\"https:\\\/\\\/schema.org\",\"@graph\":[{\"@type\":\"NewsArticle\",\"@id\":\"https:\\\/\\\/www.webdo.tn\\\/fr\\\/actualite\\\/national\\\/tunisie-ces-routes-concernees-par-des-travaux-de-modernisation\\\/218469\\\/#article\",\"isPartOf\":{\"@id\":\"https:\\\/\\\/www.webdo.tn\\\/fr\\\/actualite\\\/national\\\/tunisie-ces-routes-concernees-par-des-travaux-de-modernisation\\\/218469\\\/\"},\"author\":{\"name\":\"KJ\",\"@id\":\"https:\\\/\\\/www.webdo.tn\\\/fr\\\/#\\\/schema\\\/person\\\/82ca085b22037d285e1a3c4b65ba5f71\"},\"headline\":\"Tunisie : Ces routes concern\u00e9es par des travaux de modernisation\",\"datePublished\":\"2024-12-20T07:54:00+00:00\",\"dateModified\":\"2025-05-20T22:21:01+00:00\",\"mainEntityOfPage\":{\"@id\":\"https:\\\/\\\/www.webdo.tn\\\/fr\\\/actualite\\\/national\\\/tunisie-ces-routes-concernees-par-des-travaux-de-modernisation\\\/218469\\\/\"},\"wordCount\":276,\"commentCount\":0,\"publisher\":{\"@id\":\"https:\\\/\\\/www.webdo.tn\\\/fr\\\/#organization\"},\"image\":{\"@id\":\"https:\\\/\\\/www.webdo.tn\\\/fr\\\/actualite\\\/national\\\/tunisie-ces-routes-concernees-par-des-travaux-de-modernisation\\\/218469\\\/#primaryimage\"},\"thumbnailUrl\":\"https:\\\/\\\/www.webdo.tn\\\/fr\\\/wp-content\\\/uploads\\\/2025\\\/05\\\/1e300a94fde435cf4dcac79a8ed7bab6-2.webp\",\"keywords\":[\"BAD\",\"routes\",\"travaux\",\"Tunisie\"],\"articleSection\":[\"National\"],\"inLanguage\":\"fr-FR\"},{\"@type\":\"WebPage\",\"@id\":\"https:\\\/\\\/www.webdo.tn\\\/fr\\\/actualite\\\/national\\\/tunisie-ces-routes-concernees-par-des-travaux-de-modernisation\\\/218469\\\/\",\"url\":\"https:\\\/\\\/www.webdo.tn\\\/fr\\\/actualite\\\/national\\\/tunisie-ces-routes-concernees-par-des-travaux-de-modernisation\\\/218469\\\/\",\"name\":\"Tunisie : Ces routes concern\u00e9es par des travaux de modernisation\",\"isPartOf\":{\"@id\":\"https:\\\/\\\/www.webdo.tn\\\/fr\\\/#website\"},\"primaryImageOfPage\":{\"@id\":\"https:\\\/\\\/www.webdo.tn\\\/fr\\\/actualite\\\/national\\\/tunisie-ces-routes-concernees-par-des-travaux-de-modernisation\\\/218469\\\/#primaryimage\"},\"image\":{\"@id\":\"https:\\\/\\\/www.webdo.tn\\\/fr\\\/actualite\\\/national\\\/tunisie-ces-routes-concernees-par-des-travaux-de-modernisation\\\/218469\\\/#primaryimage\"},\"thumbnailUrl\":\"https:\\\/\\\/www.webdo.tn\\\/fr\\\/wp-content\\\/uploads\\\/2025\\\/05\\\/1e300a94fde435cf4dcac79a8ed7bab6-2.webp\",\"datePublished\":\"2024-12-20T07:54:00+00:00\",\"dateModified\":\"2025-05-20T22:21:01+00:00\",\"description\":\"Selon un rapport de la BAD, le co\u00fbt global du projet, hors taxes et droits de douane, est estim\u00e9 \u00e0 environ 291,405 millions de dinars. Ce projet vise \u00e0 am\u00e9liore...\",\"breadcrumb\":{\"@id\":\"https:\\\/\\\/www.webdo.tn\\\/fr\\\/actualite\\\/national\\\/tunisie-ces-routes-concernees-par-des-travaux-de-modernisation\\\/218469\\\/#breadcrumb\"},\"inLanguage\":\"fr-FR\",\"potentialAction\":[{\"@type\":\"ReadAction\",\"target\":[\"https:\\\/\\\/www.webdo.tn\\\/fr\\\/actualite\\\/national\\\/tunisie-ces-routes-concernees-par-des-travaux-de-modernisation\\\/218469\\\/\"]}]},{\"@type\":\"ImageObject\",\"inLanguage\":\"fr-FR\",\"@id\":\"https:\\\/\\\/www.webdo.tn\\\/fr\\\/actualite\\\/national\\\/tunisie-ces-routes-concernees-par-des-travaux-de-modernisation\\\/218469\\\/#primaryimage\",\"url\":\"https:\\\/\\\/www.webdo.tn\\\/fr\\\/wp-content\\\/uploads\\\/2025\\\/05\\\/1e300a94fde435cf4dcac79a8ed7bab6-2.webp\",\"contentUrl\":\"https:\\\/\\\/www.webdo.tn\\\/fr\\\/wp-content\\\/uploads\\\/2025\\\/05\\\/1e300a94fde435cf4dcac79a8ed7bab6-2.webp\",\"width\":681,\"height\":363},{\"@type\":\"BreadcrumbList\",\"@id\":\"https:\\\/\\\/www.webdo.tn\\\/fr\\\/actualite\\\/national\\\/tunisie-ces-routes-concernees-par-des-travaux-de-modernisation\\\/218469\\\/#breadcrumb\",\"itemListElement\":[{\"@type\":\"ListItem\",\"position\":1,\"name\":\"Accueil\",\"item\":\"https:\\\/\\\/www.webdo.tn\\\/fr\\\/\"},{\"@type\":\"ListItem\",\"position\":2,\"name\":\"Tunisie : Ces routes concern\u00e9es par des travaux de modernisation\"}]},{\"@type\":\"WebSite\",\"@id\":\"https:\\\/\\\/www.webdo.tn\\\/fr\\\/#website\",\"url\":\"https:\\\/\\\/www.webdo.tn\\\/fr\\\/\",\"name\":\"webdo\",\"description\":\"Tunisie - News en Tunisie et \u00e0 l&#039;international sur Webdo.tn\",\"publisher\":{\"@id\":\"https:\\\/\\\/www.webdo.tn\\\/fr\\\/#organization\"},\"potentialAction\":[{\"@type\":\"SearchAction\",\"target\":{\"@type\":\"EntryPoint\",\"urlTemplate\":\"https:\\\/\\\/www.webdo.tn\\\/fr\\\/?s={search_term_string}\"},\"query-input\":{\"@type\":\"PropertyValueSpecification\",\"valueRequired\":true,\"valueName\":\"search_term_string\"}}],\"inLanguage\":\"fr-FR\"},{\"@type\":\"Organization\",\"@id\":\"https:\\\/\\\/www.webdo.tn\\\/fr\\\/#organization\",\"name\":\"Webdo\",\"alternateName\":\"Webdo.tn\",\"url\":\"https:\\\/\\\/www.webdo.tn\\\/fr\\\/\",\"logo\":{\"@type\":\"ImageObject\",\"inLanguage\":\"fr-FR\",\"@id\":\"https:\\\/\\\/www.webdo.tn\\\/fr\\\/#\\\/schema\\\/logo\\\/image\\\/\",\"url\":\"https:\\\/\\\/www.webdo.tn\\\/fr\\\/wp-content\\\/uploads\\\/2025\\\/06\\\/Webdo-Tunisie_168377.jpg\",\"contentUrl\":\"https:\\\/\\\/www.webdo.tn\\\/fr\\\/wp-content\\\/uploads\\\/2025\\\/06\\\/Webdo-Tunisie_168377.jpg\",\"width\":301,\"height\":301,\"caption\":\"Webdo\"},\"image\":{\"@id\":\"https:\\\/\\\/www.webdo.tn\\\/fr\\\/#\\\/schema\\\/logo\\\/image\\\/\"},\"sameAs\":[\"https:\\\/\\\/www.facebook.com\\\/webdotn\",\"https:\\\/\\\/x.com\\\/webdo_tn\"],\"description\":\"Webdo est un m\u00e9dia num\u00e9rique tunisien fond\u00e9 en 2010, sp\u00e9cialis\u00e9 dans l\u2019actualit\u00e9 nationale et internationale, l\u2019\u00e9conomie, la soci\u00e9t\u00e9 et les analyses politiques. Le site s\u2019adresse \u00e0 un large public francophone et couvre l\u2019information tunisienne en temps r\u00e9el.\",\"email\":\"redac@webdo.tn\",\"legalName\":\"YNJ SARL\",\"foundingDate\":\"2010-09-06\",\"numberOfEmployees\":{\"@type\":\"QuantitativeValue\",\"minValue\":\"11\",\"maxValue\":\"50\"}},{\"@type\":\"Person\",\"@id\":\"https:\\\/\\\/www.webdo.tn\\\/fr\\\/#\\\/schema\\\/person\\\/82ca085b22037d285e1a3c4b65ba5f71\",\"name\":\"KJ\",\"image\":{\"@type\":\"ImageObject\",\"inLanguage\":\"fr-FR\",\"@id\":\"https:\\\/\\\/secure.gravatar.com\\\/avatar\\\/1a1320de1c1971c893f00068f760b4113d69504aa21273da17ee95650c5944fd?s=96&d=mm&r=g\",\"url\":\"https:\\\/\\\/secure.gravatar.com\\\/avatar\\\/1a1320de1c1971c893f00068f760b4113d69504aa21273da17ee95650c5944fd?s=96&d=mm&r=g\",\"contentUrl\":\"https:\\\/\\\/secure.gravatar.com\\\/avatar\\\/1a1320de1c1971c893f00068f760b4113d69504aa21273da17ee95650c5944fd?s=96&d=mm&r=g\",\"caption\":\"KJ\"},\"url\":\"https:\\\/\\\/www.webdo.tn\\\/fr\\\/actualite\\\/author\\\/kj\\\/\"}]}<\/script>\n<!-- \/ Yoast SEO Premium plugin. -->","yoast_head_json":{"title":"Tunisie : Ces routes concern\u00e9es par des travaux de modernisation","description":"Selon un rapport de la BAD, le co\u00fbt global du projet, hors taxes et droits de douane, est estim\u00e9 \u00e0 environ 291,405 millions de dinars. Ce projet vise \u00e0 am\u00e9liore...","canonical":"https:\/\/www.webdo.tn\/fr\/actualite\/national\/tunisie-ces-routes-concernees-par-des-travaux-de-modernisation\/218469\/","og_locale":"fr_FR","og_type":"article","og_title":"Tunisie : Ces routes concern\u00e9es par des travaux de modernisation","og_description":"Selon un rapport de la BAD, le co\u00fbt global du projet, hors taxes et droits de douane, est estim\u00e9 \u00e0 environ 291,405 millions de dinars. Ce projet vise \u00e0 am\u00e9liore...","og_url":"https:\/\/www.webdo.tn\/fr\/actualite\/national\/tunisie-ces-routes-concernees-par-des-travaux-de-modernisation\/218469\/","og_site_name":"webdo","article_publisher":"https:\/\/www.facebook.com\/webdotn","article_published_time":"2024-12-20T07:54:00+00:00","article_modified_time":"2025-05-20T22:21:01+00:00","og_image":[{"width":681,"height":363,"url":"https:\/\/www.webdo.tn\/fr\/wp-content\/uploads\/2025\/05\/1e300a94fde435cf4dcac79a8ed7bab6-2.webp","type":"image\/webp"}],"author":"KJ","twitter_card":"summary_large_image","twitter_creator":"@webdo_tn","twitter_site":"@webdo_tn","twitter_misc":{"\u00c9crit par":"KJ","Dur\u00e9e de lecture estim\u00e9e":"1 minute"},"schema":{"@context":"https:\/\/schema.org","@graph":[{"@type":"NewsArticle","@id":"https:\/\/www.webdo.tn\/fr\/actualite\/national\/tunisie-ces-routes-concernees-par-des-travaux-de-modernisation\/218469\/#article","isPartOf":{"@id":"https:\/\/www.webdo.tn\/fr\/actualite\/national\/tunisie-ces-routes-concernees-par-des-travaux-de-modernisation\/218469\/"},"author":{"name":"KJ","@id":"https:\/\/www.webdo.tn\/fr\/#\/schema\/person\/82ca085b22037d285e1a3c4b65ba5f71"},"headline":"Tunisie : Ces routes concern\u00e9es par des travaux de modernisation","datePublished":"2024-12-20T07:54:00+00:00","dateModified":"2025-05-20T22:21:01+00:00","mainEntityOfPage":{"@id":"https:\/\/www.webdo.tn\/fr\/actualite\/national\/tunisie-ces-routes-concernees-par-des-travaux-de-modernisation\/218469\/"},"wordCount":276,"commentCount":0,"publisher":{"@id":"https:\/\/www.webdo.tn\/fr\/#organization"},"image":{"@id":"https:\/\/www.webdo.tn\/fr\/actualite\/national\/tunisie-ces-routes-concernees-par-des-travaux-de-modernisation\/218469\/#primaryimage"},"thumbnailUrl":"https:\/\/www.webdo.tn\/fr\/wp-content\/uploads\/2025\/05\/1e300a94fde435cf4dcac79a8ed7bab6-2.webp","keywords":["BAD","routes","travaux","Tunisie"],"articleSection":["National"],"inLanguage":"fr-FR"},{"@type":"WebPage","@id":"https:\/\/www.webdo.tn\/fr\/actualite\/national\/tunisie-ces-routes-concernees-par-des-travaux-de-modernisation\/218469\/","url":"https:\/\/www.webdo.tn\/fr\/actualite\/national\/tunisie-ces-routes-concernees-par-des-travaux-de-modernisation\/218469\/","name":"Tunisie : Ces routes concern\u00e9es par des travaux de modernisation","isPartOf":{"@id":"https:\/\/www.webdo.tn\/fr\/#website"},"primaryImageOfPage":{"@id":"https:\/\/www.webdo.tn\/fr\/actualite\/national\/tunisie-ces-routes-concernees-par-des-travaux-de-modernisation\/218469\/#primaryimage"},"image":{"@id":"https:\/\/www.webdo.tn\/fr\/actualite\/national\/tunisie-ces-routes-concernees-par-des-travaux-de-modernisation\/218469\/#primaryimage"},"thumbnailUrl":"https:\/\/www.webdo.tn\/fr\/wp-content\/uploads\/2025\/05\/1e300a94fde435cf4dcac79a8ed7bab6-2.webp","datePublished":"2024-12-20T07:54:00+00:00","dateModified":"2025-05-20T22:21:01+00:00","description":"Selon un rapport de la BAD, le co\u00fbt global du projet, hors taxes et droits de douane, est estim\u00e9 \u00e0 environ 291,405 millions de dinars. Ce projet vise \u00e0 am\u00e9liore...","breadcrumb":{"@id":"https:\/\/www.webdo.tn\/fr\/actualite\/national\/tunisie-ces-routes-concernees-par-des-travaux-de-modernisation\/218469\/#breadcrumb"},"inLanguage":"fr-FR","potentialAction":[{"@type":"ReadAction","target":["https:\/\/www.webdo.tn\/fr\/actualite\/national\/tunisie-ces-routes-concernees-par-des-travaux-de-modernisation\/218469\/"]}]},{"@type":"ImageObject","inLanguage":"fr-FR","@id":"https:\/\/www.webdo.tn\/fr\/actualite\/national\/tunisie-ces-routes-concernees-par-des-travaux-de-modernisation\/218469\/#primaryimage","url":"https:\/\/www.webdo.tn\/fr\/wp-content\/uploads\/2025\/05\/1e300a94fde435cf4dcac79a8ed7bab6-2.webp","contentUrl":"https:\/\/www.webdo.tn\/fr\/wp-content\/uploads\/2025\/05\/1e300a94fde435cf4dcac79a8ed7bab6-2.webp","width":681,"height":363},{"@type":"BreadcrumbList","@id":"https:\/\/www.webdo.tn\/fr\/actualite\/national\/tunisie-ces-routes-concernees-par-des-travaux-de-modernisation\/218469\/#breadcrumb","itemListElement":[{"@type":"ListItem","position":1,"name":"Accueil","item":"https:\/\/www.webdo.tn\/fr\/"},{"@type":"ListItem","position":2,"name":"Tunisie : Ces routes concern\u00e9es par des travaux de modernisation"}]},{"@type":"WebSite","@id":"https:\/\/www.webdo.tn\/fr\/#website","url":"https:\/\/www.webdo.tn\/fr\/","name":"webdo","description":"Tunisie - News en Tunisie et \u00e0 l&#039;international sur Webdo.tn","publisher":{"@id":"https:\/\/www.webdo.tn\/fr\/#organization"},"potentialAction":[{"@type":"SearchAction","target":{"@type":"EntryPoint","urlTemplate":"https:\/\/www.webdo.tn\/fr\/?s={search_term_string}"},"query-input":{"@type":"PropertyValueSpecification","valueRequired":true,"valueName":"search_term_string"}}],"inLanguage":"fr-FR"},{"@type":"Organization","@id":"https:\/\/www.webdo.tn\/fr\/#organization","name":"Webdo","alternateName":"Webdo.tn","url":"https:\/\/www.webdo.tn\/fr\/","logo":{"@type":"ImageObject","inLanguage":"fr-FR","@id":"https:\/\/www.webdo.tn\/fr\/#\/schema\/logo\/image\/","url":"https:\/\/www.webdo.tn\/fr\/wp-content\/uploads\/2025\/06\/Webdo-Tunisie_168377.jpg","contentUrl":"https:\/\/www.webdo.tn\/fr\/wp-content\/uploads\/2025\/06\/Webdo-Tunisie_168377.jpg","width":301,"height":301,"caption":"Webdo"},"image":{"@id":"https:\/\/www.webdo.tn\/fr\/#\/schema\/logo\/image\/"},"sameAs":["https:\/\/www.facebook.com\/webdotn","https:\/\/x.com\/webdo_tn"],"description":"Webdo est un m\u00e9dia num\u00e9rique tunisien fond\u00e9 en 2010, sp\u00e9cialis\u00e9 dans l\u2019actualit\u00e9 nationale et internationale, l\u2019\u00e9conomie, la soci\u00e9t\u00e9 et les analyses politiques. Le site s\u2019adresse \u00e0 un large public francophone et couvre l\u2019information tunisienne en temps r\u00e9el.","email":"redac@webdo.tn","legalName":"YNJ SARL","foundingDate":"2010-09-06","numberOfEmployees":{"@type":"QuantitativeValue","minValue":"11","maxValue":"50"}},{"@type":"Person","@id":"https:\/\/www.webdo.tn\/fr\/#\/schema\/person\/82ca085b22037d285e1a3c4b65ba5f71","name":"KJ","image":{"@type":"ImageObject","inLanguage":"fr-FR","@id":"https:\/\/secure.gravatar.com\/avatar\/1a1320de1c1971c893f00068f760b4113d69504aa21273da17ee95650c5944fd?s=96&d=mm&r=g","url":"https:\/\/secure.gravatar.com\/avatar\/1a1320de1c1971c893f00068f760b4113d69504aa21273da17ee95650c5944fd?s=96&d=mm&r=g","contentUrl":"https:\/\/secure.gravatar.com\/avatar\/1a1320de1c1971c893f00068f760b4113d69504aa21273da17ee95650c5944fd?s=96&d=mm&r=g","caption":"KJ"},"url":"https:\/\/www.webdo.tn\/fr\/actualite\/author\/kj\/"}]}},"_links":{"self":[{"href":"https:\/\/www.webdo.tn\/fr\/wp-json\/wp\/v2\/posts\/218469","targetHints":{"allow":["GET"]}}],"collection":[{"href":"https:\/\/www.webdo.tn\/fr\/wp-json\/wp\/v2\/posts"}],"about":[{"href":"https:\/\/www.webdo.tn\/fr\/wp-json\/wp\/v2\/types\/post"}],"author":[{"embeddable":true,"href":"https:\/\/www.webdo.tn\/fr\/wp-json\/wp\/v2\/users\/3163"}],"replies":[{"embeddable":true,"href":"https:\/\/www.webdo.tn\/fr\/wp-json\/wp\/v2\/comments?post=218469"}],"version-history":[{"count":0,"href":"https:\/\/www.webdo.tn\/fr\/wp-json\/wp\/v2\/posts\/218469\/revisions"}],"wp:featuredmedia":[{"embeddable":true,"href":"https:\/\/www.webdo.tn\/fr\/wp-json\/wp\/v2\/media\/243334"}],"wp:attachment":[{"href":"https:\/\/www.webdo.tn\/fr\/wp-json\/wp\/v2\/media?parent=218469"}],"wp:term":[{"taxonomy":"category","embeddable":true,"href":"https:\/\/www.webdo.tn\/fr\/wp-json\/wp\/v2\/categories?post=218469"},{"taxonomy":"post_tag","embeddable":true,"href":"https:\/\/www.webdo.tn\/fr\/wp-json\/wp\/v2\/tags?post=218469"}],"curies":[{"name":"wp","href":"https:\/\/api.w.org\/{rel}","templated":true}]}}