{"id":218468,"date":"2024-12-20T07:45:00","date_gmt":"2024-12-20T07:45:00","guid":{"rendered":"https:\/\/www.webdo.tn\/fr\/blog\/2024\/12\/20\/tunisie-chokri-hammouda-nouveau-pdg-de-la-pharmacie-centrale\/"},"modified":"2025-05-20T22:21:01","modified_gmt":"2025-05-20T22:21:01","slug":"tunisie-chokri-hammouda-nouveau-pdg-de-la-pharmacie-centrale","status":"publish","type":"post","link":"https:\/\/www.webdo.tn\/fr\/actualite\/national\/tunisie-chokri-hammouda-nouveau-pdg-de-la-pharmacie-centrale\/218468\/","title":{"rendered":"Tunisie : Chokri Hammouda nouveau PDG de la Pharmacie Centrale"},"content":{"rendered":"<p>Un d\u00e9cret paru dans la derni\u00e8re \u00e9dition du Journal Officiel de la R\u00e9publique Tunisienne, ce jeudi 19 d\u00e9cembre 2024, annonce la nomination de Chokri Hammouda en tant que Pr\u00e9sident-Directeur G\u00e9n\u00e9ral de la Pharmacie Centrale.<\/p>\n<p>\t\t\t\t\t\t\t\t\tLe m\u00eame num\u00e9ro du Journal Officiel inclut \u00e9galement un d\u00e9cret mettant fin aux fonctions de Mehdi Dhouiri, nomm\u00e9 Pr\u00e9sident-Directeur G\u00e9n\u00e9ral de la Pharmacie Centrale de Tunisie le 18 septembre 2023.<\/p>\n<p>Chokri Hammouda, professeur hospitalo-universitaire en m\u00e9decine, occupait depuis le 13 avril 2020 le poste de Directeur G\u00e9n\u00e9ral de l&rsquo;Instance Nationale d&rsquo;\u00c9valuation et d&rsquo;Accr\u00e9ditation dans le domaine de la sant\u00e9, relevant du Minist\u00e8re de la Sant\u00e9.<\/p>\n","protected":false},"excerpt":{"rendered":"<p>Le m\u00eame num\u00e9ro du Journal Officiel inclut \u00e9galement un d\u00e9cret mettant fin aux fonctions de Mehdi Dridi, nomm\u00e9 Pr\u00e9sident-Directeur G\u00e9n\u00e9ral de la Pharmacie Centra&#8230;<\/p>\n","protected":false},"author":3163,"featured_media":243332,"comment_status":"open","ping_status":"open","sticky":false,"template":"","format":"standard","meta":{"footnotes":""},"categories":[44],"tags":[3559,4650,2608],"class_list":["post-218468","post","type-post","status-publish","format-standard","has-post-thumbnail","hentry","category-national","tag-nomination","tag-pharmacie-centrale","tag-tunisie"],"yoast_head":"<!-- This site is optimized with the Yoast SEO Premium plugin v27.5 (Yoast SEO v27.5) - https:\/\/yoast.com\/product\/yoast-seo-premium-wordpress\/ -->\n<title>Tunisie : Chokri Hammouda nouveau PDG de la Pharmacie Centrale<\/title>\n<meta name=\"description\" content=\"Le m\u00eame num\u00e9ro du Journal Officiel inclut \u00e9galement un d\u00e9cret mettant fin aux fonctions de Mehdi Dridi, nomm\u00e9 Pr\u00e9sident-Directeur G\u00e9n\u00e9ral de la Pharmacie Centra...\" \/>\n<link rel=\"canonical\" href=\"https:\/\/www.webdo.tn\/fr\/actualite\/national\/tunisie-chokri-hammouda-nouveau-pdg-de-la-pharmacie-centrale\/218468\/\" \/>\n<meta property=\"og:locale\" content=\"fr_FR\" \/>\n<meta property=\"og:type\" content=\"article\" \/>\n<meta property=\"og:title\" content=\"Tunisie : Chokri Hammouda nouveau PDG de la Pharmacie Centrale\" \/>\n<meta property=\"og:description\" content=\"Le m\u00eame num\u00e9ro du Journal Officiel inclut \u00e9galement un d\u00e9cret mettant fin aux fonctions de Mehdi Dridi, nomm\u00e9 Pr\u00e9sident-Directeur G\u00e9n\u00e9ral de la Pharmacie Centra...\" \/>\n<meta property=\"og:url\" content=\"https:\/\/www.webdo.tn\/fr\/actualite\/national\/tunisie-chokri-hammouda-nouveau-pdg-de-la-pharmacie-centrale\/218468\/\" \/>\n<meta property=\"og:site_name\" content=\"webdo\" \/>\n<meta property=\"article:publisher\" content=\"https:\/\/www.facebook.com\/webdotn\" \/>\n<meta property=\"article:published_time\" content=\"2024-12-20T07:45:00+00:00\" \/>\n<meta property=\"article:modified_time\" content=\"2025-05-20T22:21:01+00:00\" \/>\n<meta property=\"og:image\" content=\"https:\/\/www.webdo.tn\/fr\/wp-content\/uploads\/2025\/05\/9f8d25a423c1aa13fd3461be45a6fb47-2.webp\" \/>\n\t<meta property=\"og:image:width\" content=\"512\" \/>\n\t<meta property=\"og:image:height\" content=\"273\" \/>\n\t<meta property=\"og:image:type\" content=\"image\/webp\" \/>\n<meta name=\"author\" content=\"KJ\" \/>\n<meta name=\"twitter:card\" content=\"summary_large_image\" \/>\n<meta name=\"twitter:creator\" content=\"@webdo_tn\" \/>\n<meta name=\"twitter:site\" content=\"@webdo_tn\" \/>\n<meta name=\"twitter:label1\" content=\"\u00c9crit par\" \/>\n\t<meta name=\"twitter:data1\" content=\"KJ\" \/>\n\t<meta name=\"twitter:label2\" content=\"Dur\u00e9e de lecture estim\u00e9e\" \/>\n\t<meta name=\"twitter:data2\" content=\"1 minute\" \/>\n<script type=\"application\/ld+json\" class=\"yoast-schema-graph\">{\"@context\":\"https:\\\/\\\/schema.org\",\"@graph\":[{\"@type\":\"NewsArticle\",\"@id\":\"https:\\\/\\\/www.webdo.tn\\\/fr\\\/actualite\\\/national\\\/tunisie-chokri-hammouda-nouveau-pdg-de-la-pharmacie-centrale\\\/218468\\\/#article\",\"isPartOf\":{\"@id\":\"https:\\\/\\\/www.webdo.tn\\\/fr\\\/actualite\\\/national\\\/tunisie-chokri-hammouda-nouveau-pdg-de-la-pharmacie-centrale\\\/218468\\\/\"},\"author\":{\"name\":\"KJ\",\"@id\":\"https:\\\/\\\/www.webdo.tn\\\/fr\\\/#\\\/schema\\\/person\\\/82ca085b22037d285e1a3c4b65ba5f71\"},\"headline\":\"Tunisie : Chokri Hammouda nouveau PDG de la Pharmacie Centrale\",\"datePublished\":\"2024-12-20T07:45:00+00:00\",\"dateModified\":\"2025-05-20T22:21:01+00:00\",\"mainEntityOfPage\":{\"@id\":\"https:\\\/\\\/www.webdo.tn\\\/fr\\\/actualite\\\/national\\\/tunisie-chokri-hammouda-nouveau-pdg-de-la-pharmacie-centrale\\\/218468\\\/\"},\"wordCount\":123,\"commentCount\":0,\"publisher\":{\"@id\":\"https:\\\/\\\/www.webdo.tn\\\/fr\\\/#organization\"},\"image\":{\"@id\":\"https:\\\/\\\/www.webdo.tn\\\/fr\\\/actualite\\\/national\\\/tunisie-chokri-hammouda-nouveau-pdg-de-la-pharmacie-centrale\\\/218468\\\/#primaryimage\"},\"thumbnailUrl\":\"https:\\\/\\\/www.webdo.tn\\\/fr\\\/wp-content\\\/uploads\\\/2025\\\/05\\\/9f8d25a423c1aa13fd3461be45a6fb47-2.webp\",\"keywords\":[\"nomination\",\"Pharmacie centrale\",\"Tunisie\"],\"articleSection\":[\"National\"],\"inLanguage\":\"fr-FR\"},{\"@type\":\"WebPage\",\"@id\":\"https:\\\/\\\/www.webdo.tn\\\/fr\\\/actualite\\\/national\\\/tunisie-chokri-hammouda-nouveau-pdg-de-la-pharmacie-centrale\\\/218468\\\/\",\"url\":\"https:\\\/\\\/www.webdo.tn\\\/fr\\\/actualite\\\/national\\\/tunisie-chokri-hammouda-nouveau-pdg-de-la-pharmacie-centrale\\\/218468\\\/\",\"name\":\"Tunisie : Chokri Hammouda nouveau PDG de la Pharmacie Centrale\",\"isPartOf\":{\"@id\":\"https:\\\/\\\/www.webdo.tn\\\/fr\\\/#website\"},\"primaryImageOfPage\":{\"@id\":\"https:\\\/\\\/www.webdo.tn\\\/fr\\\/actualite\\\/national\\\/tunisie-chokri-hammouda-nouveau-pdg-de-la-pharmacie-centrale\\\/218468\\\/#primaryimage\"},\"image\":{\"@id\":\"https:\\\/\\\/www.webdo.tn\\\/fr\\\/actualite\\\/national\\\/tunisie-chokri-hammouda-nouveau-pdg-de-la-pharmacie-centrale\\\/218468\\\/#primaryimage\"},\"thumbnailUrl\":\"https:\\\/\\\/www.webdo.tn\\\/fr\\\/wp-content\\\/uploads\\\/2025\\\/05\\\/9f8d25a423c1aa13fd3461be45a6fb47-2.webp\",\"datePublished\":\"2024-12-20T07:45:00+00:00\",\"dateModified\":\"2025-05-20T22:21:01+00:00\",\"description\":\"Le m\u00eame num\u00e9ro du Journal Officiel inclut \u00e9galement un d\u00e9cret mettant fin aux fonctions de Mehdi Dridi, nomm\u00e9 Pr\u00e9sident-Directeur G\u00e9n\u00e9ral de la Pharmacie Centra...\",\"breadcrumb\":{\"@id\":\"https:\\\/\\\/www.webdo.tn\\\/fr\\\/actualite\\\/national\\\/tunisie-chokri-hammouda-nouveau-pdg-de-la-pharmacie-centrale\\\/218468\\\/#breadcrumb\"},\"inLanguage\":\"fr-FR\",\"potentialAction\":[{\"@type\":\"ReadAction\",\"target\":[\"https:\\\/\\\/www.webdo.tn\\\/fr\\\/actualite\\\/national\\\/tunisie-chokri-hammouda-nouveau-pdg-de-la-pharmacie-centrale\\\/218468\\\/\"]}]},{\"@type\":\"ImageObject\",\"inLanguage\":\"fr-FR\",\"@id\":\"https:\\\/\\\/www.webdo.tn\\\/fr\\\/actualite\\\/national\\\/tunisie-chokri-hammouda-nouveau-pdg-de-la-pharmacie-centrale\\\/218468\\\/#primaryimage\",\"url\":\"https:\\\/\\\/www.webdo.tn\\\/fr\\\/wp-content\\\/uploads\\\/2025\\\/05\\\/9f8d25a423c1aa13fd3461be45a6fb47-2.webp\",\"contentUrl\":\"https:\\\/\\\/www.webdo.tn\\\/fr\\\/wp-content\\\/uploads\\\/2025\\\/05\\\/9f8d25a423c1aa13fd3461be45a6fb47-2.webp\",\"width\":512,\"height\":273},{\"@type\":\"BreadcrumbList\",\"@id\":\"https:\\\/\\\/www.webdo.tn\\\/fr\\\/actualite\\\/national\\\/tunisie-chokri-hammouda-nouveau-pdg-de-la-pharmacie-centrale\\\/218468\\\/#breadcrumb\",\"itemListElement\":[{\"@type\":\"ListItem\",\"position\":1,\"name\":\"Accueil\",\"item\":\"https:\\\/\\\/www.webdo.tn\\\/fr\\\/\"},{\"@type\":\"ListItem\",\"position\":2,\"name\":\"Tunisie : Chokri Hammouda nouveau PDG de la Pharmacie Centrale\"}]},{\"@type\":\"WebSite\",\"@id\":\"https:\\\/\\\/www.webdo.tn\\\/fr\\\/#website\",\"url\":\"https:\\\/\\\/www.webdo.tn\\\/fr\\\/\",\"name\":\"webdo\",\"description\":\"Tunisie - News en Tunisie et \u00e0 l&#039;international sur Webdo.tn\",\"publisher\":{\"@id\":\"https:\\\/\\\/www.webdo.tn\\\/fr\\\/#organization\"},\"potentialAction\":[{\"@type\":\"SearchAction\",\"target\":{\"@type\":\"EntryPoint\",\"urlTemplate\":\"https:\\\/\\\/www.webdo.tn\\\/fr\\\/?s={search_term_string}\"},\"query-input\":{\"@type\":\"PropertyValueSpecification\",\"valueRequired\":true,\"valueName\":\"search_term_string\"}}],\"inLanguage\":\"fr-FR\"},{\"@type\":\"Organization\",\"@id\":\"https:\\\/\\\/www.webdo.tn\\\/fr\\\/#organization\",\"name\":\"Webdo\",\"alternateName\":\"Webdo.tn\",\"url\":\"https:\\\/\\\/www.webdo.tn\\\/fr\\\/\",\"logo\":{\"@type\":\"ImageObject\",\"inLanguage\":\"fr-FR\",\"@id\":\"https:\\\/\\\/www.webdo.tn\\\/fr\\\/#\\\/schema\\\/logo\\\/image\\\/\",\"url\":\"https:\\\/\\\/www.webdo.tn\\\/fr\\\/wp-content\\\/uploads\\\/2025\\\/06\\\/Webdo-Tunisie_168377.jpg\",\"contentUrl\":\"https:\\\/\\\/www.webdo.tn\\\/fr\\\/wp-content\\\/uploads\\\/2025\\\/06\\\/Webdo-Tunisie_168377.jpg\",\"width\":301,\"height\":301,\"caption\":\"Webdo\"},\"image\":{\"@id\":\"https:\\\/\\\/www.webdo.tn\\\/fr\\\/#\\\/schema\\\/logo\\\/image\\\/\"},\"sameAs\":[\"https:\\\/\\\/www.facebook.com\\\/webdotn\",\"https:\\\/\\\/x.com\\\/webdo_tn\"],\"description\":\"Webdo est un m\u00e9dia num\u00e9rique tunisien fond\u00e9 en 2010, sp\u00e9cialis\u00e9 dans l\u2019actualit\u00e9 nationale et internationale, l\u2019\u00e9conomie, la soci\u00e9t\u00e9 et les analyses politiques. Le site s\u2019adresse \u00e0 un large public francophone et couvre l\u2019information tunisienne en temps r\u00e9el.\",\"email\":\"redac@webdo.tn\",\"legalName\":\"YNJ SARL\",\"foundingDate\":\"2010-09-06\",\"numberOfEmployees\":{\"@type\":\"QuantitativeValue\",\"minValue\":\"11\",\"maxValue\":\"50\"}},{\"@type\":\"Person\",\"@id\":\"https:\\\/\\\/www.webdo.tn\\\/fr\\\/#\\\/schema\\\/person\\\/82ca085b22037d285e1a3c4b65ba5f71\",\"name\":\"KJ\",\"image\":{\"@type\":\"ImageObject\",\"inLanguage\":\"fr-FR\",\"@id\":\"https:\\\/\\\/secure.gravatar.com\\\/avatar\\\/1a1320de1c1971c893f00068f760b4113d69504aa21273da17ee95650c5944fd?s=96&d=mm&r=g\",\"url\":\"https:\\\/\\\/secure.gravatar.com\\\/avatar\\\/1a1320de1c1971c893f00068f760b4113d69504aa21273da17ee95650c5944fd?s=96&d=mm&r=g\",\"contentUrl\":\"https:\\\/\\\/secure.gravatar.com\\\/avatar\\\/1a1320de1c1971c893f00068f760b4113d69504aa21273da17ee95650c5944fd?s=96&d=mm&r=g\",\"caption\":\"KJ\"},\"url\":\"https:\\\/\\\/www.webdo.tn\\\/fr\\\/actualite\\\/author\\\/kj\\\/\"}]}<\/script>\n<!-- \/ Yoast SEO Premium plugin. -->","yoast_head_json":{"title":"Tunisie : Chokri Hammouda nouveau PDG de la Pharmacie Centrale","description":"Le m\u00eame num\u00e9ro du Journal Officiel inclut \u00e9galement un d\u00e9cret mettant fin aux fonctions de Mehdi Dridi, nomm\u00e9 Pr\u00e9sident-Directeur G\u00e9n\u00e9ral de la Pharmacie Centra...","canonical":"https:\/\/www.webdo.tn\/fr\/actualite\/national\/tunisie-chokri-hammouda-nouveau-pdg-de-la-pharmacie-centrale\/218468\/","og_locale":"fr_FR","og_type":"article","og_title":"Tunisie : Chokri Hammouda nouveau PDG de la Pharmacie Centrale","og_description":"Le m\u00eame num\u00e9ro du Journal Officiel inclut \u00e9galement un d\u00e9cret mettant fin aux fonctions de Mehdi Dridi, nomm\u00e9 Pr\u00e9sident-Directeur G\u00e9n\u00e9ral de la Pharmacie Centra...","og_url":"https:\/\/www.webdo.tn\/fr\/actualite\/national\/tunisie-chokri-hammouda-nouveau-pdg-de-la-pharmacie-centrale\/218468\/","og_site_name":"webdo","article_publisher":"https:\/\/www.facebook.com\/webdotn","article_published_time":"2024-12-20T07:45:00+00:00","article_modified_time":"2025-05-20T22:21:01+00:00","og_image":[{"width":512,"height":273,"url":"https:\/\/www.webdo.tn\/fr\/wp-content\/uploads\/2025\/05\/9f8d25a423c1aa13fd3461be45a6fb47-2.webp","type":"image\/webp"}],"author":"KJ","twitter_card":"summary_large_image","twitter_creator":"@webdo_tn","twitter_site":"@webdo_tn","twitter_misc":{"\u00c9crit par":"KJ","Dur\u00e9e de lecture estim\u00e9e":"1 minute"},"schema":{"@context":"https:\/\/schema.org","@graph":[{"@type":"NewsArticle","@id":"https:\/\/www.webdo.tn\/fr\/actualite\/national\/tunisie-chokri-hammouda-nouveau-pdg-de-la-pharmacie-centrale\/218468\/#article","isPartOf":{"@id":"https:\/\/www.webdo.tn\/fr\/actualite\/national\/tunisie-chokri-hammouda-nouveau-pdg-de-la-pharmacie-centrale\/218468\/"},"author":{"name":"KJ","@id":"https:\/\/www.webdo.tn\/fr\/#\/schema\/person\/82ca085b22037d285e1a3c4b65ba5f71"},"headline":"Tunisie : Chokri Hammouda nouveau PDG de la Pharmacie Centrale","datePublished":"2024-12-20T07:45:00+00:00","dateModified":"2025-05-20T22:21:01+00:00","mainEntityOfPage":{"@id":"https:\/\/www.webdo.tn\/fr\/actualite\/national\/tunisie-chokri-hammouda-nouveau-pdg-de-la-pharmacie-centrale\/218468\/"},"wordCount":123,"commentCount":0,"publisher":{"@id":"https:\/\/www.webdo.tn\/fr\/#organization"},"image":{"@id":"https:\/\/www.webdo.tn\/fr\/actualite\/national\/tunisie-chokri-hammouda-nouveau-pdg-de-la-pharmacie-centrale\/218468\/#primaryimage"},"thumbnailUrl":"https:\/\/www.webdo.tn\/fr\/wp-content\/uploads\/2025\/05\/9f8d25a423c1aa13fd3461be45a6fb47-2.webp","keywords":["nomination","Pharmacie centrale","Tunisie"],"articleSection":["National"],"inLanguage":"fr-FR"},{"@type":"WebPage","@id":"https:\/\/www.webdo.tn\/fr\/actualite\/national\/tunisie-chokri-hammouda-nouveau-pdg-de-la-pharmacie-centrale\/218468\/","url":"https:\/\/www.webdo.tn\/fr\/actualite\/national\/tunisie-chokri-hammouda-nouveau-pdg-de-la-pharmacie-centrale\/218468\/","name":"Tunisie : Chokri Hammouda nouveau PDG de la Pharmacie Centrale","isPartOf":{"@id":"https:\/\/www.webdo.tn\/fr\/#website"},"primaryImageOfPage":{"@id":"https:\/\/www.webdo.tn\/fr\/actualite\/national\/tunisie-chokri-hammouda-nouveau-pdg-de-la-pharmacie-centrale\/218468\/#primaryimage"},"image":{"@id":"https:\/\/www.webdo.tn\/fr\/actualite\/national\/tunisie-chokri-hammouda-nouveau-pdg-de-la-pharmacie-centrale\/218468\/#primaryimage"},"thumbnailUrl":"https:\/\/www.webdo.tn\/fr\/wp-content\/uploads\/2025\/05\/9f8d25a423c1aa13fd3461be45a6fb47-2.webp","datePublished":"2024-12-20T07:45:00+00:00","dateModified":"2025-05-20T22:21:01+00:00","description":"Le m\u00eame num\u00e9ro du Journal Officiel inclut \u00e9galement un d\u00e9cret mettant fin aux fonctions de Mehdi Dridi, nomm\u00e9 Pr\u00e9sident-Directeur G\u00e9n\u00e9ral de la Pharmacie Centra...","breadcrumb":{"@id":"https:\/\/www.webdo.tn\/fr\/actualite\/national\/tunisie-chokri-hammouda-nouveau-pdg-de-la-pharmacie-centrale\/218468\/#breadcrumb"},"inLanguage":"fr-FR","potentialAction":[{"@type":"ReadAction","target":["https:\/\/www.webdo.tn\/fr\/actualite\/national\/tunisie-chokri-hammouda-nouveau-pdg-de-la-pharmacie-centrale\/218468\/"]}]},{"@type":"ImageObject","inLanguage":"fr-FR","@id":"https:\/\/www.webdo.tn\/fr\/actualite\/national\/tunisie-chokri-hammouda-nouveau-pdg-de-la-pharmacie-centrale\/218468\/#primaryimage","url":"https:\/\/www.webdo.tn\/fr\/wp-content\/uploads\/2025\/05\/9f8d25a423c1aa13fd3461be45a6fb47-2.webp","contentUrl":"https:\/\/www.webdo.tn\/fr\/wp-content\/uploads\/2025\/05\/9f8d25a423c1aa13fd3461be45a6fb47-2.webp","width":512,"height":273},{"@type":"BreadcrumbList","@id":"https:\/\/www.webdo.tn\/fr\/actualite\/national\/tunisie-chokri-hammouda-nouveau-pdg-de-la-pharmacie-centrale\/218468\/#breadcrumb","itemListElement":[{"@type":"ListItem","position":1,"name":"Accueil","item":"https:\/\/www.webdo.tn\/fr\/"},{"@type":"ListItem","position":2,"name":"Tunisie : Chokri Hammouda nouveau PDG de la Pharmacie Centrale"}]},{"@type":"WebSite","@id":"https:\/\/www.webdo.tn\/fr\/#website","url":"https:\/\/www.webdo.tn\/fr\/","name":"webdo","description":"Tunisie - News en Tunisie et \u00e0 l&#039;international sur Webdo.tn","publisher":{"@id":"https:\/\/www.webdo.tn\/fr\/#organization"},"potentialAction":[{"@type":"SearchAction","target":{"@type":"EntryPoint","urlTemplate":"https:\/\/www.webdo.tn\/fr\/?s={search_term_string}"},"query-input":{"@type":"PropertyValueSpecification","valueRequired":true,"valueName":"search_term_string"}}],"inLanguage":"fr-FR"},{"@type":"Organization","@id":"https:\/\/www.webdo.tn\/fr\/#organization","name":"Webdo","alternateName":"Webdo.tn","url":"https:\/\/www.webdo.tn\/fr\/","logo":{"@type":"ImageObject","inLanguage":"fr-FR","@id":"https:\/\/www.webdo.tn\/fr\/#\/schema\/logo\/image\/","url":"https:\/\/www.webdo.tn\/fr\/wp-content\/uploads\/2025\/06\/Webdo-Tunisie_168377.jpg","contentUrl":"https:\/\/www.webdo.tn\/fr\/wp-content\/uploads\/2025\/06\/Webdo-Tunisie_168377.jpg","width":301,"height":301,"caption":"Webdo"},"image":{"@id":"https:\/\/www.webdo.tn\/fr\/#\/schema\/logo\/image\/"},"sameAs":["https:\/\/www.facebook.com\/webdotn","https:\/\/x.com\/webdo_tn"],"description":"Webdo est un m\u00e9dia num\u00e9rique tunisien fond\u00e9 en 2010, sp\u00e9cialis\u00e9 dans l\u2019actualit\u00e9 nationale et internationale, l\u2019\u00e9conomie, la soci\u00e9t\u00e9 et les analyses politiques. Le site s\u2019adresse \u00e0 un large public francophone et couvre l\u2019information tunisienne en temps r\u00e9el.","email":"redac@webdo.tn","legalName":"YNJ SARL","foundingDate":"2010-09-06","numberOfEmployees":{"@type":"QuantitativeValue","minValue":"11","maxValue":"50"}},{"@type":"Person","@id":"https:\/\/www.webdo.tn\/fr\/#\/schema\/person\/82ca085b22037d285e1a3c4b65ba5f71","name":"KJ","image":{"@type":"ImageObject","inLanguage":"fr-FR","@id":"https:\/\/secure.gravatar.com\/avatar\/1a1320de1c1971c893f00068f760b4113d69504aa21273da17ee95650c5944fd?s=96&d=mm&r=g","url":"https:\/\/secure.gravatar.com\/avatar\/1a1320de1c1971c893f00068f760b4113d69504aa21273da17ee95650c5944fd?s=96&d=mm&r=g","contentUrl":"https:\/\/secure.gravatar.com\/avatar\/1a1320de1c1971c893f00068f760b4113d69504aa21273da17ee95650c5944fd?s=96&d=mm&r=g","caption":"KJ"},"url":"https:\/\/www.webdo.tn\/fr\/actualite\/author\/kj\/"}]}},"_links":{"self":[{"href":"https:\/\/www.webdo.tn\/fr\/wp-json\/wp\/v2\/posts\/218468","targetHints":{"allow":["GET"]}}],"collection":[{"href":"https:\/\/www.webdo.tn\/fr\/wp-json\/wp\/v2\/posts"}],"about":[{"href":"https:\/\/www.webdo.tn\/fr\/wp-json\/wp\/v2\/types\/post"}],"author":[{"embeddable":true,"href":"https:\/\/www.webdo.tn\/fr\/wp-json\/wp\/v2\/users\/3163"}],"replies":[{"embeddable":true,"href":"https:\/\/www.webdo.tn\/fr\/wp-json\/wp\/v2\/comments?post=218468"}],"version-history":[{"count":0,"href":"https:\/\/www.webdo.tn\/fr\/wp-json\/wp\/v2\/posts\/218468\/revisions"}],"wp:featuredmedia":[{"embeddable":true,"href":"https:\/\/www.webdo.tn\/fr\/wp-json\/wp\/v2\/media\/243332"}],"wp:attachment":[{"href":"https:\/\/www.webdo.tn\/fr\/wp-json\/wp\/v2\/media?parent=218468"}],"wp:term":[{"taxonomy":"category","embeddable":true,"href":"https:\/\/www.webdo.tn\/fr\/wp-json\/wp\/v2\/categories?post=218468"},{"taxonomy":"post_tag","embeddable":true,"href":"https:\/\/www.webdo.tn\/fr\/wp-json\/wp\/v2\/tags?post=218468"}],"curies":[{"name":"wp","href":"https:\/\/api.w.org\/{rel}","templated":true}]}}