{"id":218457,"date":"2024-12-19T17:57:00","date_gmt":"2024-12-19T17:57:00","guid":{"rendered":"https:\/\/www.webdo.tn\/fr\/blog\/la-transtu-receptionne-un-dernier-lot-de-bus-usages\/218457\/"},"modified":"2025-05-20T22:22:15","modified_gmt":"2025-05-20T22:22:15","slug":"la-transtu-receptionne-un-dernier-lot-de-bus-usages","status":"publish","type":"post","link":"https:\/\/www.webdo.tn\/fr\/actualite\/national\/la-transtu-receptionne-un-dernier-lot-de-bus-usages\/218457\/","title":{"rendered":"La TRANSTU r\u00e9ceptionne un dernier lot de bus usag\u00e9s"},"content":{"rendered":"<p>La TRANSTU a annonc\u00e9 avoir r\u00e9ceptionn\u00e9, hier mercredi, 56 bus dans le cadre d\u2019un dernier lot de bus d\u2019occasion.<\/p>\n<p>Dans un communiqu\u00e9 publi\u00e9 ce jeudi 19 d\u00e9cembre 2024, l\u2019entreprise a pr\u00e9cis\u00e9 que ces bus d\u2019occasion avaient \u00e9t\u00e9 adopt\u00e9s pour am\u00e9liorer l\u2019offre en r\u00e9ponse \u00e0 une baisse temporaire de disponibilit\u00e9.<br \/>\nLa soci\u00e9t\u00e9 a soulign\u00e9 que cette mesure intervient en attendant la livraison d\u2019une commande de nouveaux bus, pr\u00e9vue avant la fin du premier semestre de l\u2019ann\u00e9e 2025.<\/p>\n<p>Une c\u00e9r\u00e9monie de signature du contrat pour l\u2019acquisition de 300 nouveaux bus avec le constructeur chinois \u00ab\u00a0King Long\u00a0\u00bb s\u2019est tenue le 13 d\u00e9cembre 2024 au si\u00e8ge de Tunis Transport. Cette transaction, d\u2019une valeur estim\u00e9e \u00e0 152 millions de dinars, pr\u00e9voit une livraison dans les d\u00e9lais les plus rapproch\u00e9s.<\/p>\n<p>Il convient de rappeler que la TRANSTU avait d\u00e9j\u00e0 r\u00e9ceptionn\u00e9, le 19 ao\u00fbt 2023, le premier lot d\u2019une commande de 300 bus d\u2019occasion aupr\u00e8s de l\u2019Agence ind\u00e9pendante de transport de Paris, d\u2019une valeur de 16 millions de dinars. Ce lot comprenait 122 bus de type \u00ab\u00a0Iveco Iris\u00a0\u00bb, dont 32 bus articul\u00e9s. Par la suite, un deuxi\u00e8me lot de 47 bus, dont 9 articul\u00e9s, avait \u00e9t\u00e9 livr\u00e9 le 9 f\u00e9vrier 2024, suivi d\u2019un troisi\u00e8me lot de 75 bus d\u2019occasion le 9 octobre 2024.<\/p>\n","protected":false},"excerpt":{"rendered":"<p>Dans un communiqu\u00e9 publi\u00e9 ce jeudi 19 d\u00e9cembre 2024, l\u2019entreprise a pr\u00e9cis\u00e9 que ces bus d\u2019occasion avaient \u00e9t\u00e9 adopt\u00e9s pour am\u00e9liorer l\u2019offre en r\u00e9ponse \u00e0 une b&#8230;<\/p>\n","protected":false},"author":3163,"featured_media":291561,"comment_status":"open","ping_status":"closed","sticky":false,"template":"","format":"standard","meta":{"footnotes":""},"categories":[44],"tags":[3403,4045,2608],"class_list":["post-218457","post","type-post","status-publish","format-standard","has-post-thumbnail","hentry","category-national","tag-bus","tag-transtu","tag-tunisie"],"yoast_head":"<!-- This site is optimized with the Yoast SEO Premium plugin v27.4 (Yoast SEO v27.4) - https:\/\/yoast.com\/product\/yoast-seo-premium-wordpress\/ -->\n<title>La TRANSTU r\u00e9ceptionne un dernier lot de bus usag\u00e9s<\/title>\n<meta name=\"description\" content=\"Dans un communiqu\u00e9 publi\u00e9 ce jeudi 19 d\u00e9cembre 2024, l\u2019entreprise a pr\u00e9cis\u00e9 que ces bus d\u2019occasion avaient \u00e9t\u00e9 adopt\u00e9s pour am\u00e9liorer l\u2019offre en r\u00e9ponse \u00e0 une b...\" \/>\n<link rel=\"canonical\" href=\"https:\/\/www.webdo.tn\/fr\/actualite\/national\/la-transtu-receptionne-un-dernier-lot-de-bus-usages\/218457\/\" \/>\n<meta property=\"og:locale\" content=\"fr_FR\" \/>\n<meta property=\"og:type\" content=\"article\" \/>\n<meta property=\"og:title\" content=\"La TRANSTU r\u00e9ceptionne un dernier lot de bus usag\u00e9s\" \/>\n<meta property=\"og:description\" content=\"Dans un communiqu\u00e9 publi\u00e9 ce jeudi 19 d\u00e9cembre 2024, l\u2019entreprise a pr\u00e9cis\u00e9 que ces bus d\u2019occasion avaient \u00e9t\u00e9 adopt\u00e9s pour am\u00e9liorer l\u2019offre en r\u00e9ponse \u00e0 une b...\" \/>\n<meta property=\"og:url\" content=\"https:\/\/www.webdo.tn\/fr\/actualite\/national\/la-transtu-receptionne-un-dernier-lot-de-bus-usages\/218457\/\" \/>\n<meta property=\"og:site_name\" content=\"webdo\" \/>\n<meta property=\"article:publisher\" content=\"https:\/\/www.facebook.com\/webdotn\" \/>\n<meta property=\"article:published_time\" content=\"2024-12-19T17:57:00+00:00\" \/>\n<meta property=\"article:modified_time\" content=\"2025-05-20T22:22:15+00:00\" \/>\n<meta property=\"og:image\" content=\"https:\/\/www.webdo.tn\/fr\/wp-content\/uploads\/2024\/12\/bcf0a4d5a81ae2659229567bfe7b0c2c.webp\" \/>\n\t<meta property=\"og:image:width\" content=\"750\" \/>\n\t<meta property=\"og:image:height\" content=\"400\" \/>\n\t<meta property=\"og:image:type\" content=\"image\/webp\" \/>\n<meta name=\"author\" content=\"KJ\" \/>\n<meta name=\"twitter:card\" content=\"summary_large_image\" \/>\n<meta name=\"twitter:creator\" content=\"@webdo_tn\" \/>\n<meta name=\"twitter:site\" content=\"@webdo_tn\" \/>\n<meta name=\"twitter:label1\" content=\"\u00c9crit par\" \/>\n\t<meta name=\"twitter:data1\" content=\"KJ\" \/>\n\t<meta name=\"twitter:label2\" content=\"Dur\u00e9e de lecture estim\u00e9e\" \/>\n\t<meta name=\"twitter:data2\" content=\"1 minute\" \/>\n<script type=\"application\/ld+json\" class=\"yoast-schema-graph\">{\"@context\":\"https:\\\/\\\/schema.org\",\"@graph\":[{\"@type\":\"NewsArticle\",\"@id\":\"https:\\\/\\\/www.webdo.tn\\\/fr\\\/actualite\\\/national\\\/la-transtu-receptionne-un-dernier-lot-de-bus-usages\\\/218457\\\/#article\",\"isPartOf\":{\"@id\":\"https:\\\/\\\/www.webdo.tn\\\/fr\\\/actualite\\\/national\\\/la-transtu-receptionne-un-dernier-lot-de-bus-usages\\\/218457\\\/\"},\"author\":{\"name\":\"KJ\",\"@id\":\"https:\\\/\\\/www.webdo.tn\\\/fr\\\/#\\\/schema\\\/person\\\/82ca085b22037d285e1a3c4b65ba5f71\"},\"headline\":\"La TRANSTU r\u00e9ceptionne un dernier lot de bus usag\u00e9s\",\"datePublished\":\"2024-12-19T17:57:00+00:00\",\"dateModified\":\"2025-05-20T22:22:15+00:00\",\"mainEntityOfPage\":{\"@id\":\"https:\\\/\\\/www.webdo.tn\\\/fr\\\/actualite\\\/national\\\/la-transtu-receptionne-un-dernier-lot-de-bus-usages\\\/218457\\\/\"},\"wordCount\":237,\"commentCount\":0,\"publisher\":{\"@id\":\"https:\\\/\\\/www.webdo.tn\\\/fr\\\/#organization\"},\"image\":{\"@id\":\"https:\\\/\\\/www.webdo.tn\\\/fr\\\/actualite\\\/national\\\/la-transtu-receptionne-un-dernier-lot-de-bus-usages\\\/218457\\\/#primaryimage\"},\"thumbnailUrl\":\"https:\\\/\\\/www.webdo.tn\\\/fr\\\/wp-content\\\/uploads\\\/2024\\\/12\\\/bcf0a4d5a81ae2659229567bfe7b0c2c.webp\",\"keywords\":[\"Bus\",\"TRANSTU\",\"Tunisie\"],\"articleSection\":[\"National\"],\"inLanguage\":\"fr-FR\"},{\"@type\":\"WebPage\",\"@id\":\"https:\\\/\\\/www.webdo.tn\\\/fr\\\/actualite\\\/national\\\/la-transtu-receptionne-un-dernier-lot-de-bus-usages\\\/218457\\\/\",\"url\":\"https:\\\/\\\/www.webdo.tn\\\/fr\\\/actualite\\\/national\\\/la-transtu-receptionne-un-dernier-lot-de-bus-usages\\\/218457\\\/\",\"name\":\"La TRANSTU r\u00e9ceptionne un dernier lot de bus usag\u00e9s\",\"isPartOf\":{\"@id\":\"https:\\\/\\\/www.webdo.tn\\\/fr\\\/#website\"},\"primaryImageOfPage\":{\"@id\":\"https:\\\/\\\/www.webdo.tn\\\/fr\\\/actualite\\\/national\\\/la-transtu-receptionne-un-dernier-lot-de-bus-usages\\\/218457\\\/#primaryimage\"},\"image\":{\"@id\":\"https:\\\/\\\/www.webdo.tn\\\/fr\\\/actualite\\\/national\\\/la-transtu-receptionne-un-dernier-lot-de-bus-usages\\\/218457\\\/#primaryimage\"},\"thumbnailUrl\":\"https:\\\/\\\/www.webdo.tn\\\/fr\\\/wp-content\\\/uploads\\\/2024\\\/12\\\/bcf0a4d5a81ae2659229567bfe7b0c2c.webp\",\"datePublished\":\"2024-12-19T17:57:00+00:00\",\"dateModified\":\"2025-05-20T22:22:15+00:00\",\"description\":\"Dans un communiqu\u00e9 publi\u00e9 ce jeudi 19 d\u00e9cembre 2024, l\u2019entreprise a pr\u00e9cis\u00e9 que ces bus d\u2019occasion avaient \u00e9t\u00e9 adopt\u00e9s pour am\u00e9liorer l\u2019offre en r\u00e9ponse \u00e0 une b...\",\"breadcrumb\":{\"@id\":\"https:\\\/\\\/www.webdo.tn\\\/fr\\\/actualite\\\/national\\\/la-transtu-receptionne-un-dernier-lot-de-bus-usages\\\/218457\\\/#breadcrumb\"},\"inLanguage\":\"fr-FR\",\"potentialAction\":[{\"@type\":\"ReadAction\",\"target\":[\"https:\\\/\\\/www.webdo.tn\\\/fr\\\/actualite\\\/national\\\/la-transtu-receptionne-un-dernier-lot-de-bus-usages\\\/218457\\\/\"]}]},{\"@type\":\"ImageObject\",\"inLanguage\":\"fr-FR\",\"@id\":\"https:\\\/\\\/www.webdo.tn\\\/fr\\\/actualite\\\/national\\\/la-transtu-receptionne-un-dernier-lot-de-bus-usages\\\/218457\\\/#primaryimage\",\"url\":\"https:\\\/\\\/www.webdo.tn\\\/fr\\\/wp-content\\\/uploads\\\/2024\\\/12\\\/bcf0a4d5a81ae2659229567bfe7b0c2c.webp\",\"contentUrl\":\"https:\\\/\\\/www.webdo.tn\\\/fr\\\/wp-content\\\/uploads\\\/2024\\\/12\\\/bcf0a4d5a81ae2659229567bfe7b0c2c.webp\",\"width\":750,\"height\":400,\"caption\":\"La TRANSTU r\u00e9ceptionne un dernier lot de bus usag\u00e9s\"},{\"@type\":\"BreadcrumbList\",\"@id\":\"https:\\\/\\\/www.webdo.tn\\\/fr\\\/actualite\\\/national\\\/la-transtu-receptionne-un-dernier-lot-de-bus-usages\\\/218457\\\/#breadcrumb\",\"itemListElement\":[{\"@type\":\"ListItem\",\"position\":1,\"name\":\"Accueil\",\"item\":\"https:\\\/\\\/www.webdo.tn\\\/fr\\\/\"},{\"@type\":\"ListItem\",\"position\":2,\"name\":\"La TRANSTU r\u00e9ceptionne un dernier lot de bus usag\u00e9s\"}]},{\"@type\":\"WebSite\",\"@id\":\"https:\\\/\\\/www.webdo.tn\\\/fr\\\/#website\",\"url\":\"https:\\\/\\\/www.webdo.tn\\\/fr\\\/\",\"name\":\"webdo\",\"description\":\"Tunisie - News en Tunisie et \u00e0 l&#039;international sur Webdo.tn\",\"publisher\":{\"@id\":\"https:\\\/\\\/www.webdo.tn\\\/fr\\\/#organization\"},\"potentialAction\":[{\"@type\":\"SearchAction\",\"target\":{\"@type\":\"EntryPoint\",\"urlTemplate\":\"https:\\\/\\\/www.webdo.tn\\\/fr\\\/?s={search_term_string}\"},\"query-input\":{\"@type\":\"PropertyValueSpecification\",\"valueRequired\":true,\"valueName\":\"search_term_string\"}}],\"inLanguage\":\"fr-FR\"},{\"@type\":\"Organization\",\"@id\":\"https:\\\/\\\/www.webdo.tn\\\/fr\\\/#organization\",\"name\":\"Webdo\",\"alternateName\":\"Webdo.tn\",\"url\":\"https:\\\/\\\/www.webdo.tn\\\/fr\\\/\",\"logo\":{\"@type\":\"ImageObject\",\"inLanguage\":\"fr-FR\",\"@id\":\"https:\\\/\\\/www.webdo.tn\\\/fr\\\/#\\\/schema\\\/logo\\\/image\\\/\",\"url\":\"https:\\\/\\\/www.webdo.tn\\\/fr\\\/wp-content\\\/uploads\\\/2025\\\/06\\\/Webdo-Tunisie_168377.jpg\",\"contentUrl\":\"https:\\\/\\\/www.webdo.tn\\\/fr\\\/wp-content\\\/uploads\\\/2025\\\/06\\\/Webdo-Tunisie_168377.jpg\",\"width\":301,\"height\":301,\"caption\":\"Webdo\"},\"image\":{\"@id\":\"https:\\\/\\\/www.webdo.tn\\\/fr\\\/#\\\/schema\\\/logo\\\/image\\\/\"},\"sameAs\":[\"https:\\\/\\\/www.facebook.com\\\/webdotn\",\"https:\\\/\\\/x.com\\\/webdo_tn\"],\"description\":\"Webdo est un m\u00e9dia num\u00e9rique tunisien fond\u00e9 en 2010, sp\u00e9cialis\u00e9 dans l\u2019actualit\u00e9 nationale et internationale, l\u2019\u00e9conomie, la soci\u00e9t\u00e9 et les analyses politiques. Le site s\u2019adresse \u00e0 un large public francophone et couvre l\u2019information tunisienne en temps r\u00e9el.\",\"email\":\"redac@webdo.tn\",\"legalName\":\"YNJ SARL\",\"foundingDate\":\"2010-09-06\",\"numberOfEmployees\":{\"@type\":\"QuantitativeValue\",\"minValue\":\"11\",\"maxValue\":\"50\"}},{\"@type\":\"Person\",\"@id\":\"https:\\\/\\\/www.webdo.tn\\\/fr\\\/#\\\/schema\\\/person\\\/82ca085b22037d285e1a3c4b65ba5f71\",\"name\":\"KJ\",\"image\":{\"@type\":\"ImageObject\",\"inLanguage\":\"fr-FR\",\"@id\":\"https:\\\/\\\/secure.gravatar.com\\\/avatar\\\/1a1320de1c1971c893f00068f760b4113d69504aa21273da17ee95650c5944fd?s=96&d=mm&r=g\",\"url\":\"https:\\\/\\\/secure.gravatar.com\\\/avatar\\\/1a1320de1c1971c893f00068f760b4113d69504aa21273da17ee95650c5944fd?s=96&d=mm&r=g\",\"contentUrl\":\"https:\\\/\\\/secure.gravatar.com\\\/avatar\\\/1a1320de1c1971c893f00068f760b4113d69504aa21273da17ee95650c5944fd?s=96&d=mm&r=g\",\"caption\":\"KJ\"},\"url\":\"https:\\\/\\\/www.webdo.tn\\\/fr\\\/actualite\\\/author\\\/kj\\\/\"}]}<\/script>\n<!-- \/ Yoast SEO Premium plugin. -->","yoast_head_json":{"title":"La TRANSTU r\u00e9ceptionne un dernier lot de bus usag\u00e9s","description":"Dans un communiqu\u00e9 publi\u00e9 ce jeudi 19 d\u00e9cembre 2024, l\u2019entreprise a pr\u00e9cis\u00e9 que ces bus d\u2019occasion avaient \u00e9t\u00e9 adopt\u00e9s pour am\u00e9liorer l\u2019offre en r\u00e9ponse \u00e0 une b...","canonical":"https:\/\/www.webdo.tn\/fr\/actualite\/national\/la-transtu-receptionne-un-dernier-lot-de-bus-usages\/218457\/","og_locale":"fr_FR","og_type":"article","og_title":"La TRANSTU r\u00e9ceptionne un dernier lot de bus usag\u00e9s","og_description":"Dans un communiqu\u00e9 publi\u00e9 ce jeudi 19 d\u00e9cembre 2024, l\u2019entreprise a pr\u00e9cis\u00e9 que ces bus d\u2019occasion avaient \u00e9t\u00e9 adopt\u00e9s pour am\u00e9liorer l\u2019offre en r\u00e9ponse \u00e0 une b...","og_url":"https:\/\/www.webdo.tn\/fr\/actualite\/national\/la-transtu-receptionne-un-dernier-lot-de-bus-usages\/218457\/","og_site_name":"webdo","article_publisher":"https:\/\/www.facebook.com\/webdotn","article_published_time":"2024-12-19T17:57:00+00:00","article_modified_time":"2025-05-20T22:22:15+00:00","og_image":[{"width":750,"height":400,"url":"https:\/\/www.webdo.tn\/fr\/wp-content\/uploads\/2024\/12\/bcf0a4d5a81ae2659229567bfe7b0c2c.webp","type":"image\/webp"}],"author":"KJ","twitter_card":"summary_large_image","twitter_creator":"@webdo_tn","twitter_site":"@webdo_tn","twitter_misc":{"\u00c9crit par":"KJ","Dur\u00e9e de lecture estim\u00e9e":"1 minute"},"schema":{"@context":"https:\/\/schema.org","@graph":[{"@type":"NewsArticle","@id":"https:\/\/www.webdo.tn\/fr\/actualite\/national\/la-transtu-receptionne-un-dernier-lot-de-bus-usages\/218457\/#article","isPartOf":{"@id":"https:\/\/www.webdo.tn\/fr\/actualite\/national\/la-transtu-receptionne-un-dernier-lot-de-bus-usages\/218457\/"},"author":{"name":"KJ","@id":"https:\/\/www.webdo.tn\/fr\/#\/schema\/person\/82ca085b22037d285e1a3c4b65ba5f71"},"headline":"La TRANSTU r\u00e9ceptionne un dernier lot de bus usag\u00e9s","datePublished":"2024-12-19T17:57:00+00:00","dateModified":"2025-05-20T22:22:15+00:00","mainEntityOfPage":{"@id":"https:\/\/www.webdo.tn\/fr\/actualite\/national\/la-transtu-receptionne-un-dernier-lot-de-bus-usages\/218457\/"},"wordCount":237,"commentCount":0,"publisher":{"@id":"https:\/\/www.webdo.tn\/fr\/#organization"},"image":{"@id":"https:\/\/www.webdo.tn\/fr\/actualite\/national\/la-transtu-receptionne-un-dernier-lot-de-bus-usages\/218457\/#primaryimage"},"thumbnailUrl":"https:\/\/www.webdo.tn\/fr\/wp-content\/uploads\/2024\/12\/bcf0a4d5a81ae2659229567bfe7b0c2c.webp","keywords":["Bus","TRANSTU","Tunisie"],"articleSection":["National"],"inLanguage":"fr-FR"},{"@type":"WebPage","@id":"https:\/\/www.webdo.tn\/fr\/actualite\/national\/la-transtu-receptionne-un-dernier-lot-de-bus-usages\/218457\/","url":"https:\/\/www.webdo.tn\/fr\/actualite\/national\/la-transtu-receptionne-un-dernier-lot-de-bus-usages\/218457\/","name":"La TRANSTU r\u00e9ceptionne un dernier lot de bus usag\u00e9s","isPartOf":{"@id":"https:\/\/www.webdo.tn\/fr\/#website"},"primaryImageOfPage":{"@id":"https:\/\/www.webdo.tn\/fr\/actualite\/national\/la-transtu-receptionne-un-dernier-lot-de-bus-usages\/218457\/#primaryimage"},"image":{"@id":"https:\/\/www.webdo.tn\/fr\/actualite\/national\/la-transtu-receptionne-un-dernier-lot-de-bus-usages\/218457\/#primaryimage"},"thumbnailUrl":"https:\/\/www.webdo.tn\/fr\/wp-content\/uploads\/2024\/12\/bcf0a4d5a81ae2659229567bfe7b0c2c.webp","datePublished":"2024-12-19T17:57:00+00:00","dateModified":"2025-05-20T22:22:15+00:00","description":"Dans un communiqu\u00e9 publi\u00e9 ce jeudi 19 d\u00e9cembre 2024, l\u2019entreprise a pr\u00e9cis\u00e9 que ces bus d\u2019occasion avaient \u00e9t\u00e9 adopt\u00e9s pour am\u00e9liorer l\u2019offre en r\u00e9ponse \u00e0 une b...","breadcrumb":{"@id":"https:\/\/www.webdo.tn\/fr\/actualite\/national\/la-transtu-receptionne-un-dernier-lot-de-bus-usages\/218457\/#breadcrumb"},"inLanguage":"fr-FR","potentialAction":[{"@type":"ReadAction","target":["https:\/\/www.webdo.tn\/fr\/actualite\/national\/la-transtu-receptionne-un-dernier-lot-de-bus-usages\/218457\/"]}]},{"@type":"ImageObject","inLanguage":"fr-FR","@id":"https:\/\/www.webdo.tn\/fr\/actualite\/national\/la-transtu-receptionne-un-dernier-lot-de-bus-usages\/218457\/#primaryimage","url":"https:\/\/www.webdo.tn\/fr\/wp-content\/uploads\/2024\/12\/bcf0a4d5a81ae2659229567bfe7b0c2c.webp","contentUrl":"https:\/\/www.webdo.tn\/fr\/wp-content\/uploads\/2024\/12\/bcf0a4d5a81ae2659229567bfe7b0c2c.webp","width":750,"height":400,"caption":"La TRANSTU r\u00e9ceptionne un dernier lot de bus usag\u00e9s"},{"@type":"BreadcrumbList","@id":"https:\/\/www.webdo.tn\/fr\/actualite\/national\/la-transtu-receptionne-un-dernier-lot-de-bus-usages\/218457\/#breadcrumb","itemListElement":[{"@type":"ListItem","position":1,"name":"Accueil","item":"https:\/\/www.webdo.tn\/fr\/"},{"@type":"ListItem","position":2,"name":"La TRANSTU r\u00e9ceptionne un dernier lot de bus usag\u00e9s"}]},{"@type":"WebSite","@id":"https:\/\/www.webdo.tn\/fr\/#website","url":"https:\/\/www.webdo.tn\/fr\/","name":"webdo","description":"Tunisie - News en Tunisie et \u00e0 l&#039;international sur Webdo.tn","publisher":{"@id":"https:\/\/www.webdo.tn\/fr\/#organization"},"potentialAction":[{"@type":"SearchAction","target":{"@type":"EntryPoint","urlTemplate":"https:\/\/www.webdo.tn\/fr\/?s={search_term_string}"},"query-input":{"@type":"PropertyValueSpecification","valueRequired":true,"valueName":"search_term_string"}}],"inLanguage":"fr-FR"},{"@type":"Organization","@id":"https:\/\/www.webdo.tn\/fr\/#organization","name":"Webdo","alternateName":"Webdo.tn","url":"https:\/\/www.webdo.tn\/fr\/","logo":{"@type":"ImageObject","inLanguage":"fr-FR","@id":"https:\/\/www.webdo.tn\/fr\/#\/schema\/logo\/image\/","url":"https:\/\/www.webdo.tn\/fr\/wp-content\/uploads\/2025\/06\/Webdo-Tunisie_168377.jpg","contentUrl":"https:\/\/www.webdo.tn\/fr\/wp-content\/uploads\/2025\/06\/Webdo-Tunisie_168377.jpg","width":301,"height":301,"caption":"Webdo"},"image":{"@id":"https:\/\/www.webdo.tn\/fr\/#\/schema\/logo\/image\/"},"sameAs":["https:\/\/www.facebook.com\/webdotn","https:\/\/x.com\/webdo_tn"],"description":"Webdo est un m\u00e9dia num\u00e9rique tunisien fond\u00e9 en 2010, sp\u00e9cialis\u00e9 dans l\u2019actualit\u00e9 nationale et internationale, l\u2019\u00e9conomie, la soci\u00e9t\u00e9 et les analyses politiques. Le site s\u2019adresse \u00e0 un large public francophone et couvre l\u2019information tunisienne en temps r\u00e9el.","email":"redac@webdo.tn","legalName":"YNJ SARL","foundingDate":"2010-09-06","numberOfEmployees":{"@type":"QuantitativeValue","minValue":"11","maxValue":"50"}},{"@type":"Person","@id":"https:\/\/www.webdo.tn\/fr\/#\/schema\/person\/82ca085b22037d285e1a3c4b65ba5f71","name":"KJ","image":{"@type":"ImageObject","inLanguage":"fr-FR","@id":"https:\/\/secure.gravatar.com\/avatar\/1a1320de1c1971c893f00068f760b4113d69504aa21273da17ee95650c5944fd?s=96&d=mm&r=g","url":"https:\/\/secure.gravatar.com\/avatar\/1a1320de1c1971c893f00068f760b4113d69504aa21273da17ee95650c5944fd?s=96&d=mm&r=g","contentUrl":"https:\/\/secure.gravatar.com\/avatar\/1a1320de1c1971c893f00068f760b4113d69504aa21273da17ee95650c5944fd?s=96&d=mm&r=g","caption":"KJ"},"url":"https:\/\/www.webdo.tn\/fr\/actualite\/author\/kj\/"}]}},"_links":{"self":[{"href":"https:\/\/www.webdo.tn\/fr\/wp-json\/wp\/v2\/posts\/218457","targetHints":{"allow":["GET"]}}],"collection":[{"href":"https:\/\/www.webdo.tn\/fr\/wp-json\/wp\/v2\/posts"}],"about":[{"href":"https:\/\/www.webdo.tn\/fr\/wp-json\/wp\/v2\/types\/post"}],"author":[{"embeddable":true,"href":"https:\/\/www.webdo.tn\/fr\/wp-json\/wp\/v2\/users\/3163"}],"replies":[{"embeddable":true,"href":"https:\/\/www.webdo.tn\/fr\/wp-json\/wp\/v2\/comments?post=218457"}],"version-history":[{"count":0,"href":"https:\/\/www.webdo.tn\/fr\/wp-json\/wp\/v2\/posts\/218457\/revisions"}],"wp:featuredmedia":[{"embeddable":true,"href":"https:\/\/www.webdo.tn\/fr\/wp-json\/wp\/v2\/media\/291561"}],"wp:attachment":[{"href":"https:\/\/www.webdo.tn\/fr\/wp-json\/wp\/v2\/media?parent=218457"}],"wp:term":[{"taxonomy":"category","embeddable":true,"href":"https:\/\/www.webdo.tn\/fr\/wp-json\/wp\/v2\/categories?post=218457"},{"taxonomy":"post_tag","embeddable":true,"href":"https:\/\/www.webdo.tn\/fr\/wp-json\/wp\/v2\/tags?post=218457"}],"curies":[{"name":"wp","href":"https:\/\/api.w.org\/{rel}","templated":true}]}}