{"id":218446,"date":"2024-12-19T10:24:00","date_gmt":"2024-12-19T10:24:00","guid":{"rendered":"https:\/\/www.webdo.tn\/fr\/blog\/2024\/12\/19\/tunisie-ahmed-jaouadi-cap-sur-les-jo-de-los-angeles-2028\/"},"modified":"2025-05-20T21:45:13","modified_gmt":"2025-05-20T21:45:13","slug":"tunisie-ahmed-jaouadi-cap-sur-les-jo-de-los-angeles-2028","status":"publish","type":"post","link":"https:\/\/www.webdo.tn\/fr\/actualite\/sport\/tunisie-ahmed-jaouadi-cap-sur-les-jo-de-los-angeles-2028\/218446\/","title":{"rendered":"Tunisie : Ahmed Jaouadi, cap sur les JO de Los Angeles 2028 !"},"content":{"rendered":"<p>Le jeune nageur tunisien Ahmed Jaouadi, tout juste 19 ans, a \u00e9t\u00e9 accueilli en h\u00e9ros mercredi soir \u00e0 l\u2019a\u00e9roport Tunis-Carthage. Revenu de Budapest, o\u00f9 il a brill\u00e9 lors des Championnats du Monde de natation (piscine de 25 m) organis\u00e9s du 10 au 15 d\u00e9cembre, il s\u2019est offert deux podiums prestigieux : l\u2019or sur le 1500 m nage libre et le bronze sur le 800 m nage libre. Un exploit qui ouvre une nouvelle page prometteuse dans sa carri\u00e8re internationale.<\/p>\n<p>Une performance historique<\/p>\n<p>Dans une d\u00e9claration exclusive \u00e0 l\u2019agence TAP, Ahmed Jaouadi n\u2019a pas cach\u00e9 sa fiert\u00e9 : \u00ab Ces r\u00e9sultats sont le fruit d\u2019un travail acharn\u00e9 et de sacrifices. Porter les couleurs de la Tunisie et monter sur le toit du monde est un immense honneur. \u00bb<\/p>\n<p>Cette double m\u00e9daille ne repr\u00e9sente cependant pas une finalit\u00e9 pour le champion tunisien, qui y voit plut\u00f4t un tremplin vers de nouvelles ambitions.<\/p>\n<p>Avec une confiance renouvel\u00e9e et une motivation \u00e0 toute \u00e9preuve, Jaouadi vise d\u00e9sormais les Jeux Olympiques de Los Angeles en 2028. \u00ab Budapest n\u2019est qu\u2019une \u00e9tape. Mon objectif ultime est de r\u00e9aliser des performances exceptionnelles \u00e0 Los Angeles. Chaque comp\u00e9tition est une opportunit\u00e9 d\u2019apprentissage et de progression \u00bb, a-t-il expliqu\u00e9 avec d\u00e9termination.<\/p>\n<p>Il a par ailleurs confi\u00e9 qu\u2019une analyse approfondie de ses performances \u00e0 Budapest est en cours, afin de consolider ses points forts et de travailler sur ses faiblesses. \u00ab Chaque d\u00e9tail compte dans une course. Ces m\u00e9dailles me donnent une immense motivation pour aller encore plus loin \u00bb, a-t-il ajout\u00e9.<\/p>\n<p>Lors des Championnats, Ahmed Jaouadi a brill\u00e9 sur des distances exigeantes, notamment le 1500 m, sa sp\u00e9cialit\u00e9. \u00ab La transition entre une piscine de 25 m et celle de 50 m est un vrai challenge. Mais je suis fier d\u2019avoir r\u00e9ussi \u00e0 m\u2019adapter et \u00e0 atteindre mes objectifs \u00bb, a-t-il expliqu\u00e9. Sa r\u00e9ussite sur le 1500 m nage libre, o\u00f9 il a enregistr\u00e9 un temps impressionnant de 14 minutes, 16 secondes et 40 centi\u00e8mes, reste l\u2019un des moments forts de sa carri\u00e8re.<\/p>\n<p>Pr\u00e9paration minutieuse<\/p>\n<p>Loin de se reposer sur ses lauriers, Jaouadi a d\u00e9j\u00e0 les yeux riv\u00e9s sur ses prochaines comp\u00e9titions internationales. Avec l\u2019objectif clair de figurer parmi les meilleurs nageurs mondiaux, il entend intensifier ses entra\u00eenements et poursuivre sa progression. Son ambition est \u00e9galement soutenue par une exp\u00e9rience pr\u00e9cieuse acquise lors de ces Mondiaux.<\/p>\n<p>La participation de la Tunisie aux Championnats du Monde de Budapest, bien que limit\u00e9e \u00e0 trois nageurs (Ahmed Jaouadi, Rami Rahmouni et Belhassen Ben Milad), illustre le potentiel croissant de la natation tunisienne sur la sc\u00e8ne internationale.<\/p>\n<p>Les performances de Jaouadi, en particulier, envoient un message fort sur la capacit\u00e9 de la Tunisie \u00e0 briller dans des comp\u00e9titions d\u2019envergure.<\/p>\n","protected":false},"excerpt":{"rendered":"<p>Le jeune nageur tunisien Ahmed Jaouadi, tout juste 19 ans, a \u00e9t\u00e9 accueilli en h\u00e9ros mercredi soir \u00e0 l\u2019a\u00e9roport Tunis-Carthage. Revenu de Budapest, o\u00f9 il a brill&#8230;<\/p>\n","protected":false},"author":3162,"featured_media":243362,"comment_status":"open","ping_status":"open","sticky":false,"template":"","format":"standard","meta":{"footnotes":""},"categories":[2593],"tags":[3253,3252,2608],"class_list":["post-218446","post","type-post","status-publish","format-standard","has-post-thumbnail","hentry","category-sport","tag-ahmed-jaouadi","tag-natation","tag-tunisie"],"yoast_head":"<!-- This site is optimized with the Yoast SEO Premium plugin v27.4 (Yoast SEO v27.5) - https:\/\/yoast.com\/product\/yoast-seo-premium-wordpress\/ -->\n<title>Tunisie : Ahmed Jaouadi, cap sur les JO de Los Angeles 2028 !<\/title>\n<meta name=\"description\" content=\"Le jeune nageur tunisien Ahmed Jaouadi, tout juste 19 ans, a \u00e9t\u00e9 accueilli en h\u00e9ros mercredi soir \u00e0 l\u2019a\u00e9roport Tunis-Carthage. Revenu de Budapest, o\u00f9 il a brill...\" \/>\n<link rel=\"canonical\" href=\"https:\/\/www.webdo.tn\/fr\/actualite\/sport\/tunisie-ahmed-jaouadi-cap-sur-les-jo-de-los-angeles-2028\/218446\/\" \/>\n<meta property=\"og:locale\" content=\"fr_FR\" \/>\n<meta property=\"og:type\" content=\"article\" \/>\n<meta property=\"og:title\" content=\"Tunisie : Ahmed Jaouadi, cap sur les JO de Los Angeles 2028 !\" \/>\n<meta property=\"og:description\" content=\"Le jeune nageur tunisien Ahmed Jaouadi, tout juste 19 ans, a \u00e9t\u00e9 accueilli en h\u00e9ros mercredi soir \u00e0 l\u2019a\u00e9roport Tunis-Carthage. Revenu de Budapest, o\u00f9 il a brill...\" \/>\n<meta property=\"og:url\" content=\"https:\/\/www.webdo.tn\/fr\/actualite\/sport\/tunisie-ahmed-jaouadi-cap-sur-les-jo-de-los-angeles-2028\/218446\/\" \/>\n<meta property=\"og:site_name\" content=\"webdo\" \/>\n<meta property=\"article:publisher\" content=\"https:\/\/www.facebook.com\/webdotn\" \/>\n<meta property=\"article:published_time\" content=\"2024-12-19T10:24:00+00:00\" \/>\n<meta property=\"article:modified_time\" content=\"2025-05-20T21:45:13+00:00\" \/>\n<meta property=\"og:image\" content=\"https:\/\/www.webdo.tn\/fr\/wp-content\/uploads\/2025\/05\/96e91534f873eb8084bbf5ff94a8a0f1-2.webp\" \/>\n\t<meta property=\"og:image:width\" content=\"750\" \/>\n\t<meta property=\"og:image:height\" content=\"400\" \/>\n\t<meta property=\"og:image:type\" content=\"image\/webp\" \/>\n<meta name=\"author\" content=\"MC\" \/>\n<meta name=\"twitter:card\" content=\"summary_large_image\" \/>\n<meta name=\"twitter:creator\" content=\"@webdo_tn\" \/>\n<meta name=\"twitter:site\" content=\"@webdo_tn\" \/>\n<meta name=\"twitter:label1\" content=\"\u00c9crit par\" \/>\n\t<meta name=\"twitter:data1\" content=\"MC\" \/>\n\t<meta name=\"twitter:label2\" content=\"Dur\u00e9e de lecture estim\u00e9e\" \/>\n\t<meta name=\"twitter:data2\" content=\"2 minutes\" \/>\n<script type=\"application\/ld+json\" class=\"yoast-schema-graph\">{\"@context\":\"https:\\\/\\\/schema.org\",\"@graph\":[{\"@type\":\"NewsArticle\",\"@id\":\"https:\\\/\\\/www.webdo.tn\\\/fr\\\/actualite\\\/sport\\\/tunisie-ahmed-jaouadi-cap-sur-les-jo-de-los-angeles-2028\\\/218446\\\/#article\",\"isPartOf\":{\"@id\":\"https:\\\/\\\/www.webdo.tn\\\/fr\\\/actualite\\\/sport\\\/tunisie-ahmed-jaouadi-cap-sur-les-jo-de-los-angeles-2028\\\/218446\\\/\"},\"author\":{\"name\":\"MC\",\"@id\":\"https:\\\/\\\/www.webdo.tn\\\/fr\\\/#\\\/schema\\\/person\\\/2c4929cbf5a809e3bd38617c6ce150f6\"},\"headline\":\"Tunisie : Ahmed Jaouadi, cap sur les JO de Los Angeles 2028 !\",\"datePublished\":\"2024-12-19T10:24:00+00:00\",\"dateModified\":\"2025-05-20T21:45:13+00:00\",\"mainEntityOfPage\":{\"@id\":\"https:\\\/\\\/www.webdo.tn\\\/fr\\\/actualite\\\/sport\\\/tunisie-ahmed-jaouadi-cap-sur-les-jo-de-los-angeles-2028\\\/218446\\\/\"},\"wordCount\":470,\"commentCount\":0,\"publisher\":{\"@id\":\"https:\\\/\\\/www.webdo.tn\\\/fr\\\/#organization\"},\"image\":{\"@id\":\"https:\\\/\\\/www.webdo.tn\\\/fr\\\/actualite\\\/sport\\\/tunisie-ahmed-jaouadi-cap-sur-les-jo-de-los-angeles-2028\\\/218446\\\/#primaryimage\"},\"thumbnailUrl\":\"https:\\\/\\\/www.webdo.tn\\\/fr\\\/wp-content\\\/uploads\\\/2025\\\/05\\\/96e91534f873eb8084bbf5ff94a8a0f1-2.webp\",\"keywords\":[\"Ahmed Jaouadi\",\"natation\",\"Tunisie\"],\"articleSection\":[\"Sport\"],\"inLanguage\":\"fr-FR\"},{\"@type\":\"WebPage\",\"@id\":\"https:\\\/\\\/www.webdo.tn\\\/fr\\\/actualite\\\/sport\\\/tunisie-ahmed-jaouadi-cap-sur-les-jo-de-los-angeles-2028\\\/218446\\\/\",\"url\":\"https:\\\/\\\/www.webdo.tn\\\/fr\\\/actualite\\\/sport\\\/tunisie-ahmed-jaouadi-cap-sur-les-jo-de-los-angeles-2028\\\/218446\\\/\",\"name\":\"Tunisie : Ahmed Jaouadi, cap sur les JO de Los Angeles 2028 !\",\"isPartOf\":{\"@id\":\"https:\\\/\\\/www.webdo.tn\\\/fr\\\/#website\"},\"primaryImageOfPage\":{\"@id\":\"https:\\\/\\\/www.webdo.tn\\\/fr\\\/actualite\\\/sport\\\/tunisie-ahmed-jaouadi-cap-sur-les-jo-de-los-angeles-2028\\\/218446\\\/#primaryimage\"},\"image\":{\"@id\":\"https:\\\/\\\/www.webdo.tn\\\/fr\\\/actualite\\\/sport\\\/tunisie-ahmed-jaouadi-cap-sur-les-jo-de-los-angeles-2028\\\/218446\\\/#primaryimage\"},\"thumbnailUrl\":\"https:\\\/\\\/www.webdo.tn\\\/fr\\\/wp-content\\\/uploads\\\/2025\\\/05\\\/96e91534f873eb8084bbf5ff94a8a0f1-2.webp\",\"datePublished\":\"2024-12-19T10:24:00+00:00\",\"dateModified\":\"2025-05-20T21:45:13+00:00\",\"description\":\"Le jeune nageur tunisien Ahmed Jaouadi, tout juste 19 ans, a \u00e9t\u00e9 accueilli en h\u00e9ros mercredi soir \u00e0 l\u2019a\u00e9roport Tunis-Carthage. Revenu de Budapest, o\u00f9 il a brill...\",\"breadcrumb\":{\"@id\":\"https:\\\/\\\/www.webdo.tn\\\/fr\\\/actualite\\\/sport\\\/tunisie-ahmed-jaouadi-cap-sur-les-jo-de-los-angeles-2028\\\/218446\\\/#breadcrumb\"},\"inLanguage\":\"fr-FR\",\"potentialAction\":[{\"@type\":\"ReadAction\",\"target\":[\"https:\\\/\\\/www.webdo.tn\\\/fr\\\/actualite\\\/sport\\\/tunisie-ahmed-jaouadi-cap-sur-les-jo-de-los-angeles-2028\\\/218446\\\/\"]}]},{\"@type\":\"ImageObject\",\"inLanguage\":\"fr-FR\",\"@id\":\"https:\\\/\\\/www.webdo.tn\\\/fr\\\/actualite\\\/sport\\\/tunisie-ahmed-jaouadi-cap-sur-les-jo-de-los-angeles-2028\\\/218446\\\/#primaryimage\",\"url\":\"https:\\\/\\\/www.webdo.tn\\\/fr\\\/wp-content\\\/uploads\\\/2025\\\/05\\\/96e91534f873eb8084bbf5ff94a8a0f1-2.webp\",\"contentUrl\":\"https:\\\/\\\/www.webdo.tn\\\/fr\\\/wp-content\\\/uploads\\\/2025\\\/05\\\/96e91534f873eb8084bbf5ff94a8a0f1-2.webp\",\"width\":750,\"height\":400},{\"@type\":\"BreadcrumbList\",\"@id\":\"https:\\\/\\\/www.webdo.tn\\\/fr\\\/actualite\\\/sport\\\/tunisie-ahmed-jaouadi-cap-sur-les-jo-de-los-angeles-2028\\\/218446\\\/#breadcrumb\",\"itemListElement\":[{\"@type\":\"ListItem\",\"position\":1,\"name\":\"Accueil\",\"item\":\"https:\\\/\\\/www.webdo.tn\\\/fr\\\/\"},{\"@type\":\"ListItem\",\"position\":2,\"name\":\"Tunisie : Ahmed Jaouadi, cap sur les JO de Los Angeles 2028 !\"}]},{\"@type\":\"WebSite\",\"@id\":\"https:\\\/\\\/www.webdo.tn\\\/fr\\\/#website\",\"url\":\"https:\\\/\\\/www.webdo.tn\\\/fr\\\/\",\"name\":\"webdo\",\"description\":\"Tunisie - News en Tunisie et \u00e0 l&#039;international sur Webdo.tn\",\"publisher\":{\"@id\":\"https:\\\/\\\/www.webdo.tn\\\/fr\\\/#organization\"},\"potentialAction\":[{\"@type\":\"SearchAction\",\"target\":{\"@type\":\"EntryPoint\",\"urlTemplate\":\"https:\\\/\\\/www.webdo.tn\\\/fr\\\/?s={search_term_string}\"},\"query-input\":{\"@type\":\"PropertyValueSpecification\",\"valueRequired\":true,\"valueName\":\"search_term_string\"}}],\"inLanguage\":\"fr-FR\"},{\"@type\":\"Organization\",\"@id\":\"https:\\\/\\\/www.webdo.tn\\\/fr\\\/#organization\",\"name\":\"Webdo\",\"alternateName\":\"Webdo.tn\",\"url\":\"https:\\\/\\\/www.webdo.tn\\\/fr\\\/\",\"logo\":{\"@type\":\"ImageObject\",\"inLanguage\":\"fr-FR\",\"@id\":\"https:\\\/\\\/www.webdo.tn\\\/fr\\\/#\\\/schema\\\/logo\\\/image\\\/\",\"url\":\"https:\\\/\\\/www.webdo.tn\\\/fr\\\/wp-content\\\/uploads\\\/2025\\\/06\\\/Webdo-Tunisie_168377.jpg\",\"contentUrl\":\"https:\\\/\\\/www.webdo.tn\\\/fr\\\/wp-content\\\/uploads\\\/2025\\\/06\\\/Webdo-Tunisie_168377.jpg\",\"width\":301,\"height\":301,\"caption\":\"Webdo\"},\"image\":{\"@id\":\"https:\\\/\\\/www.webdo.tn\\\/fr\\\/#\\\/schema\\\/logo\\\/image\\\/\"},\"sameAs\":[\"https:\\\/\\\/www.facebook.com\\\/webdotn\",\"https:\\\/\\\/x.com\\\/webdo_tn\"],\"description\":\"Webdo est un m\u00e9dia num\u00e9rique tunisien fond\u00e9 en 2010, sp\u00e9cialis\u00e9 dans l\u2019actualit\u00e9 nationale et internationale, l\u2019\u00e9conomie, la soci\u00e9t\u00e9 et les analyses politiques. Le site s\u2019adresse \u00e0 un large public francophone et couvre l\u2019information tunisienne en temps r\u00e9el.\",\"email\":\"redac@webdo.tn\",\"legalName\":\"YNJ SARL\",\"foundingDate\":\"2010-09-06\",\"numberOfEmployees\":{\"@type\":\"QuantitativeValue\",\"minValue\":\"11\",\"maxValue\":\"50\"}},{\"@type\":\"Person\",\"@id\":\"https:\\\/\\\/www.webdo.tn\\\/fr\\\/#\\\/schema\\\/person\\\/2c4929cbf5a809e3bd38617c6ce150f6\",\"name\":\"MC\",\"image\":{\"@type\":\"ImageObject\",\"inLanguage\":\"fr-FR\",\"@id\":\"https:\\\/\\\/secure.gravatar.com\\\/avatar\\\/a545bbb6f84efdd5553dbbc2895e3ca8f1d12c5215e00a041c9670b54aa9b18a?s=96&d=mm&r=g\",\"url\":\"https:\\\/\\\/secure.gravatar.com\\\/avatar\\\/a545bbb6f84efdd5553dbbc2895e3ca8f1d12c5215e00a041c9670b54aa9b18a?s=96&d=mm&r=g\",\"contentUrl\":\"https:\\\/\\\/secure.gravatar.com\\\/avatar\\\/a545bbb6f84efdd5553dbbc2895e3ca8f1d12c5215e00a041c9670b54aa9b18a?s=96&d=mm&r=g\",\"caption\":\"MC\"},\"url\":\"https:\\\/\\\/www.webdo.tn\\\/fr\\\/actualite\\\/author\\\/mc\\\/\"}]}<\/script>\n<!-- \/ Yoast SEO Premium plugin. -->","yoast_head_json":{"title":"Tunisie : Ahmed Jaouadi, cap sur les JO de Los Angeles 2028 !","description":"Le jeune nageur tunisien Ahmed Jaouadi, tout juste 19 ans, a \u00e9t\u00e9 accueilli en h\u00e9ros mercredi soir \u00e0 l\u2019a\u00e9roport Tunis-Carthage. Revenu de Budapest, o\u00f9 il a brill...","canonical":"https:\/\/www.webdo.tn\/fr\/actualite\/sport\/tunisie-ahmed-jaouadi-cap-sur-les-jo-de-los-angeles-2028\/218446\/","og_locale":"fr_FR","og_type":"article","og_title":"Tunisie : Ahmed Jaouadi, cap sur les JO de Los Angeles 2028 !","og_description":"Le jeune nageur tunisien Ahmed Jaouadi, tout juste 19 ans, a \u00e9t\u00e9 accueilli en h\u00e9ros mercredi soir \u00e0 l\u2019a\u00e9roport Tunis-Carthage. Revenu de Budapest, o\u00f9 il a brill...","og_url":"https:\/\/www.webdo.tn\/fr\/actualite\/sport\/tunisie-ahmed-jaouadi-cap-sur-les-jo-de-los-angeles-2028\/218446\/","og_site_name":"webdo","article_publisher":"https:\/\/www.facebook.com\/webdotn","article_published_time":"2024-12-19T10:24:00+00:00","article_modified_time":"2025-05-20T21:45:13+00:00","og_image":[{"width":750,"height":400,"url":"https:\/\/www.webdo.tn\/fr\/wp-content\/uploads\/2025\/05\/96e91534f873eb8084bbf5ff94a8a0f1-2.webp","type":"image\/webp"}],"author":"MC","twitter_card":"summary_large_image","twitter_creator":"@webdo_tn","twitter_site":"@webdo_tn","twitter_misc":{"\u00c9crit par":"MC","Dur\u00e9e de lecture estim\u00e9e":"2 minutes"},"schema":{"@context":"https:\/\/schema.org","@graph":[{"@type":"NewsArticle","@id":"https:\/\/www.webdo.tn\/fr\/actualite\/sport\/tunisie-ahmed-jaouadi-cap-sur-les-jo-de-los-angeles-2028\/218446\/#article","isPartOf":{"@id":"https:\/\/www.webdo.tn\/fr\/actualite\/sport\/tunisie-ahmed-jaouadi-cap-sur-les-jo-de-los-angeles-2028\/218446\/"},"author":{"name":"MC","@id":"https:\/\/www.webdo.tn\/fr\/#\/schema\/person\/2c4929cbf5a809e3bd38617c6ce150f6"},"headline":"Tunisie : Ahmed Jaouadi, cap sur les JO de Los Angeles 2028 !","datePublished":"2024-12-19T10:24:00+00:00","dateModified":"2025-05-20T21:45:13+00:00","mainEntityOfPage":{"@id":"https:\/\/www.webdo.tn\/fr\/actualite\/sport\/tunisie-ahmed-jaouadi-cap-sur-les-jo-de-los-angeles-2028\/218446\/"},"wordCount":470,"commentCount":0,"publisher":{"@id":"https:\/\/www.webdo.tn\/fr\/#organization"},"image":{"@id":"https:\/\/www.webdo.tn\/fr\/actualite\/sport\/tunisie-ahmed-jaouadi-cap-sur-les-jo-de-los-angeles-2028\/218446\/#primaryimage"},"thumbnailUrl":"https:\/\/www.webdo.tn\/fr\/wp-content\/uploads\/2025\/05\/96e91534f873eb8084bbf5ff94a8a0f1-2.webp","keywords":["Ahmed Jaouadi","natation","Tunisie"],"articleSection":["Sport"],"inLanguage":"fr-FR"},{"@type":"WebPage","@id":"https:\/\/www.webdo.tn\/fr\/actualite\/sport\/tunisie-ahmed-jaouadi-cap-sur-les-jo-de-los-angeles-2028\/218446\/","url":"https:\/\/www.webdo.tn\/fr\/actualite\/sport\/tunisie-ahmed-jaouadi-cap-sur-les-jo-de-los-angeles-2028\/218446\/","name":"Tunisie : Ahmed Jaouadi, cap sur les JO de Los Angeles 2028 !","isPartOf":{"@id":"https:\/\/www.webdo.tn\/fr\/#website"},"primaryImageOfPage":{"@id":"https:\/\/www.webdo.tn\/fr\/actualite\/sport\/tunisie-ahmed-jaouadi-cap-sur-les-jo-de-los-angeles-2028\/218446\/#primaryimage"},"image":{"@id":"https:\/\/www.webdo.tn\/fr\/actualite\/sport\/tunisie-ahmed-jaouadi-cap-sur-les-jo-de-los-angeles-2028\/218446\/#primaryimage"},"thumbnailUrl":"https:\/\/www.webdo.tn\/fr\/wp-content\/uploads\/2025\/05\/96e91534f873eb8084bbf5ff94a8a0f1-2.webp","datePublished":"2024-12-19T10:24:00+00:00","dateModified":"2025-05-20T21:45:13+00:00","description":"Le jeune nageur tunisien Ahmed Jaouadi, tout juste 19 ans, a \u00e9t\u00e9 accueilli en h\u00e9ros mercredi soir \u00e0 l\u2019a\u00e9roport Tunis-Carthage. Revenu de Budapest, o\u00f9 il a brill...","breadcrumb":{"@id":"https:\/\/www.webdo.tn\/fr\/actualite\/sport\/tunisie-ahmed-jaouadi-cap-sur-les-jo-de-los-angeles-2028\/218446\/#breadcrumb"},"inLanguage":"fr-FR","potentialAction":[{"@type":"ReadAction","target":["https:\/\/www.webdo.tn\/fr\/actualite\/sport\/tunisie-ahmed-jaouadi-cap-sur-les-jo-de-los-angeles-2028\/218446\/"]}]},{"@type":"ImageObject","inLanguage":"fr-FR","@id":"https:\/\/www.webdo.tn\/fr\/actualite\/sport\/tunisie-ahmed-jaouadi-cap-sur-les-jo-de-los-angeles-2028\/218446\/#primaryimage","url":"https:\/\/www.webdo.tn\/fr\/wp-content\/uploads\/2025\/05\/96e91534f873eb8084bbf5ff94a8a0f1-2.webp","contentUrl":"https:\/\/www.webdo.tn\/fr\/wp-content\/uploads\/2025\/05\/96e91534f873eb8084bbf5ff94a8a0f1-2.webp","width":750,"height":400},{"@type":"BreadcrumbList","@id":"https:\/\/www.webdo.tn\/fr\/actualite\/sport\/tunisie-ahmed-jaouadi-cap-sur-les-jo-de-los-angeles-2028\/218446\/#breadcrumb","itemListElement":[{"@type":"ListItem","position":1,"name":"Accueil","item":"https:\/\/www.webdo.tn\/fr\/"},{"@type":"ListItem","position":2,"name":"Tunisie : Ahmed Jaouadi, cap sur les JO de Los Angeles 2028 !"}]},{"@type":"WebSite","@id":"https:\/\/www.webdo.tn\/fr\/#website","url":"https:\/\/www.webdo.tn\/fr\/","name":"webdo","description":"Tunisie - News en Tunisie et \u00e0 l&#039;international sur Webdo.tn","publisher":{"@id":"https:\/\/www.webdo.tn\/fr\/#organization"},"potentialAction":[{"@type":"SearchAction","target":{"@type":"EntryPoint","urlTemplate":"https:\/\/www.webdo.tn\/fr\/?s={search_term_string}"},"query-input":{"@type":"PropertyValueSpecification","valueRequired":true,"valueName":"search_term_string"}}],"inLanguage":"fr-FR"},{"@type":"Organization","@id":"https:\/\/www.webdo.tn\/fr\/#organization","name":"Webdo","alternateName":"Webdo.tn","url":"https:\/\/www.webdo.tn\/fr\/","logo":{"@type":"ImageObject","inLanguage":"fr-FR","@id":"https:\/\/www.webdo.tn\/fr\/#\/schema\/logo\/image\/","url":"https:\/\/www.webdo.tn\/fr\/wp-content\/uploads\/2025\/06\/Webdo-Tunisie_168377.jpg","contentUrl":"https:\/\/www.webdo.tn\/fr\/wp-content\/uploads\/2025\/06\/Webdo-Tunisie_168377.jpg","width":301,"height":301,"caption":"Webdo"},"image":{"@id":"https:\/\/www.webdo.tn\/fr\/#\/schema\/logo\/image\/"},"sameAs":["https:\/\/www.facebook.com\/webdotn","https:\/\/x.com\/webdo_tn"],"description":"Webdo est un m\u00e9dia num\u00e9rique tunisien fond\u00e9 en 2010, sp\u00e9cialis\u00e9 dans l\u2019actualit\u00e9 nationale et internationale, l\u2019\u00e9conomie, la soci\u00e9t\u00e9 et les analyses politiques. Le site s\u2019adresse \u00e0 un large public francophone et couvre l\u2019information tunisienne en temps r\u00e9el.","email":"redac@webdo.tn","legalName":"YNJ SARL","foundingDate":"2010-09-06","numberOfEmployees":{"@type":"QuantitativeValue","minValue":"11","maxValue":"50"}},{"@type":"Person","@id":"https:\/\/www.webdo.tn\/fr\/#\/schema\/person\/2c4929cbf5a809e3bd38617c6ce150f6","name":"MC","image":{"@type":"ImageObject","inLanguage":"fr-FR","@id":"https:\/\/secure.gravatar.com\/avatar\/a545bbb6f84efdd5553dbbc2895e3ca8f1d12c5215e00a041c9670b54aa9b18a?s=96&d=mm&r=g","url":"https:\/\/secure.gravatar.com\/avatar\/a545bbb6f84efdd5553dbbc2895e3ca8f1d12c5215e00a041c9670b54aa9b18a?s=96&d=mm&r=g","contentUrl":"https:\/\/secure.gravatar.com\/avatar\/a545bbb6f84efdd5553dbbc2895e3ca8f1d12c5215e00a041c9670b54aa9b18a?s=96&d=mm&r=g","caption":"MC"},"url":"https:\/\/www.webdo.tn\/fr\/actualite\/author\/mc\/"}]}},"_links":{"self":[{"href":"https:\/\/www.webdo.tn\/fr\/wp-json\/wp\/v2\/posts\/218446","targetHints":{"allow":["GET"]}}],"collection":[{"href":"https:\/\/www.webdo.tn\/fr\/wp-json\/wp\/v2\/posts"}],"about":[{"href":"https:\/\/www.webdo.tn\/fr\/wp-json\/wp\/v2\/types\/post"}],"author":[{"embeddable":true,"href":"https:\/\/www.webdo.tn\/fr\/wp-json\/wp\/v2\/users\/3162"}],"replies":[{"embeddable":true,"href":"https:\/\/www.webdo.tn\/fr\/wp-json\/wp\/v2\/comments?post=218446"}],"version-history":[{"count":0,"href":"https:\/\/www.webdo.tn\/fr\/wp-json\/wp\/v2\/posts\/218446\/revisions"}],"wp:featuredmedia":[{"embeddable":true,"href":"https:\/\/www.webdo.tn\/fr\/wp-json\/wp\/v2\/media\/243362"}],"wp:attachment":[{"href":"https:\/\/www.webdo.tn\/fr\/wp-json\/wp\/v2\/media?parent=218446"}],"wp:term":[{"taxonomy":"category","embeddable":true,"href":"https:\/\/www.webdo.tn\/fr\/wp-json\/wp\/v2\/categories?post=218446"},{"taxonomy":"post_tag","embeddable":true,"href":"https:\/\/www.webdo.tn\/fr\/wp-json\/wp\/v2\/tags?post=218446"}],"curies":[{"name":"wp","href":"https:\/\/api.w.org\/{rel}","templated":true}]}}