{"id":218434,"date":"2024-12-18T18:48:00","date_gmt":"2024-12-18T18:48:00","guid":{"rendered":"https:\/\/www.webdo.tn\/fr\/blog\/2024\/12\/18\/tunisie-le-ministre-des-ae-rencontre-l-envoye-ukrainien-pour-la-region-mena\/"},"modified":"2025-05-21T09:01:21","modified_gmt":"2025-05-21T09:01:21","slug":"tunisie-le-ministre-des-ae-rencontre-l-envoye-ukrainien-pour-la-region-mena","status":"publish","type":"post","link":"https:\/\/www.webdo.tn\/fr\/actualite\/national\/tunisie-le-ministre-des-ae-rencontre-l-envoye-ukrainien-pour-la-region-mena\/218434\/","title":{"rendered":"Tunisie : Le ministre des AE rencontre l&rsquo;envoy\u00e9 ukrainien pour la r\u00e9gion MENA"},"content":{"rendered":"<p>Le ministre des Affaires \u00e9trang\u00e8res, Mohamed Ali Nafti, a re\u00e7u ce mercredi 18 d\u00e9cembre 2024 Maksym Subkh, envoy\u00e9 sp\u00e9cial de l\u2019Ukraine pour le Moyen-Orient et l\u2019Afrique, dans le cadre de sa tourn\u00e9e maghr\u00e9bine.<\/p>\n<p>\t\t\t\t\t\t\t\t\tSelon un communiqu\u00e9 du minist\u00e8re des Affaires \u00e9trang\u00e8res, de la Migration et des Tunisiens \u00e0 l\u2019\u00e9tranger, lors de cette rencontre, Maksym Subkh a pr\u00e9sent\u00e9 les principaux axes du plan de paix propos\u00e9 par l\u2019Ukraine pour mettre fin aux conflits dans la r\u00e9gion. Ce plan, ax\u00e9 sur le dialogue et la coop\u00e9ration internationale, s\u2019inscrit dans les efforts visant \u00e0 r\u00e9tablir la stabilit\u00e9.<\/p>\n<p>Mohamed Ali Nafti a r\u00e9it\u00e9r\u00e9 la position de la Tunisie, favorable aux initiatives des Nations unies visant \u00e0 instaurer la paix et la s\u00e9curit\u00e9 dans le monde. Il a insist\u00e9 sur l\u2019importance du respect de la l\u00e9gitimit\u00e9 internationale et du dialogue inclusif entre les parties en conflit.<\/p>\n<p>Les discussions ont \u00e9galement port\u00e9 sur la question palestinienne, avec une condamnation des agressions subies par le peuple palestinien, ainsi que sur la situation g\u00e9n\u00e9rale au Moyen-Orient.<\/p>\n<p>Enfin, cette rencontre a permis d\u2019explorer les opportunit\u00e9s de coop\u00e9ration entre la Tunisie et l\u2019Ukraine, notamment dans les domaines \u00e9conomique et universitaire, et d\u2019examiner les moyens de les renforcer.<\/p>\n<p>Ce dialogue refl\u00e8te la volont\u00e9 des deux parties de promouvoir une collaboration mutuellement b\u00e9n\u00e9fique tout en contribuant aux efforts internationaux pour la paix.<\/p>\n","protected":false},"excerpt":{"rendered":"<p>Mohamed Ali Nafti a re\u00e7u l&rsquo;envoy\u00e9 ukrainien Maksym Subkh pour discuter du plan de paix r\u00e9gional et renforcer la coop\u00e9ration tuniso-ukrainienne.<\/p>\n","protected":false},"author":3166,"featured_media":243350,"comment_status":"open","ping_status":"open","sticky":false,"template":"","format":"standard","meta":{"footnotes":""},"categories":[44],"tags":[4681,3881,2608,3295],"class_list":["post-218434","post","type-post","status-publish","format-standard","has-post-thumbnail","hentry","category-national","tag-mena","tag-ministere-des-affaires-etrangeres","tag-tunisie","tag-ukraine"],"yoast_head":"<!-- This site is optimized with the Yoast SEO Premium plugin v27.5 (Yoast SEO v27.5) - https:\/\/yoast.com\/product\/yoast-seo-premium-wordpress\/ -->\n<title>Tunisie : Le ministre des AE rencontre l&#039;envoy\u00e9 ukrainien pour la r\u00e9gion MENA<\/title>\n<meta name=\"description\" content=\"Mohamed Ali Nafti a re\u00e7u l&#039;envoy\u00e9 ukrainien Maksym Subkh pour discuter du plan de paix r\u00e9gional et renforcer la coop\u00e9ration tuniso-ukrainienne.\" \/>\n<link rel=\"canonical\" href=\"https:\/\/www.webdo.tn\/fr\/actualite\/national\/tunisie-le-ministre-des-ae-rencontre-l-envoye-ukrainien-pour-la-region-mena\/218434\/\" \/>\n<meta property=\"og:locale\" content=\"fr_FR\" \/>\n<meta property=\"og:type\" content=\"article\" \/>\n<meta property=\"og:title\" content=\"Tunisie : Le ministre des AE rencontre l&#039;envoy\u00e9 ukrainien pour la r\u00e9gion MENA\" \/>\n<meta property=\"og:description\" content=\"Mohamed Ali Nafti a re\u00e7u l&#039;envoy\u00e9 ukrainien Maksym Subkh pour discuter du plan de paix r\u00e9gional et renforcer la coop\u00e9ration tuniso-ukrainienne.\" \/>\n<meta property=\"og:url\" content=\"https:\/\/www.webdo.tn\/fr\/actualite\/national\/tunisie-le-ministre-des-ae-rencontre-l-envoye-ukrainien-pour-la-region-mena\/218434\/\" \/>\n<meta property=\"og:site_name\" content=\"webdo\" \/>\n<meta property=\"article:publisher\" content=\"https:\/\/www.facebook.com\/webdotn\" \/>\n<meta property=\"article:published_time\" content=\"2024-12-18T18:48:00+00:00\" \/>\n<meta property=\"article:modified_time\" content=\"2025-05-21T09:01:21+00:00\" \/>\n<meta property=\"og:image\" content=\"https:\/\/www.webdo.tn\/fr\/wp-content\/uploads\/2025\/05\/ba8041ec1b855b23dc8d03b488a25363-2.webp\" \/>\n\t<meta property=\"og:image:width\" content=\"750\" \/>\n\t<meta property=\"og:image:height\" content=\"400\" \/>\n\t<meta property=\"og:image:type\" content=\"image\/webp\" \/>\n<meta name=\"author\" content=\"AZ\" \/>\n<meta name=\"twitter:card\" content=\"summary_large_image\" \/>\n<meta name=\"twitter:creator\" content=\"@webdo_tn\" \/>\n<meta name=\"twitter:site\" content=\"@webdo_tn\" \/>\n<meta name=\"twitter:label1\" content=\"\u00c9crit par\" \/>\n\t<meta name=\"twitter:data1\" content=\"AZ\" \/>\n\t<meta name=\"twitter:label2\" content=\"Dur\u00e9e de lecture estim\u00e9e\" \/>\n\t<meta name=\"twitter:data2\" content=\"1 minute\" \/>\n<script type=\"application\/ld+json\" class=\"yoast-schema-graph\">{\"@context\":\"https:\\\/\\\/schema.org\",\"@graph\":[{\"@type\":\"NewsArticle\",\"@id\":\"https:\\\/\\\/www.webdo.tn\\\/fr\\\/actualite\\\/national\\\/tunisie-le-ministre-des-ae-rencontre-l-envoye-ukrainien-pour-la-region-mena\\\/218434\\\/#article\",\"isPartOf\":{\"@id\":\"https:\\\/\\\/www.webdo.tn\\\/fr\\\/actualite\\\/national\\\/tunisie-le-ministre-des-ae-rencontre-l-envoye-ukrainien-pour-la-region-mena\\\/218434\\\/\"},\"author\":{\"name\":\"AZ\",\"@id\":\"https:\\\/\\\/www.webdo.tn\\\/fr\\\/#\\\/schema\\\/person\\\/b8a41c04d93287d375510db360906b34\"},\"headline\":\"Tunisie : Le ministre des AE rencontre l&rsquo;envoy\u00e9 ukrainien pour la r\u00e9gion MENA\",\"datePublished\":\"2024-12-18T18:48:00+00:00\",\"dateModified\":\"2025-05-21T09:01:21+00:00\",\"mainEntityOfPage\":{\"@id\":\"https:\\\/\\\/www.webdo.tn\\\/fr\\\/actualite\\\/national\\\/tunisie-le-ministre-des-ae-rencontre-l-envoye-ukrainien-pour-la-region-mena\\\/218434\\\/\"},\"wordCount\":261,\"commentCount\":0,\"publisher\":{\"@id\":\"https:\\\/\\\/www.webdo.tn\\\/fr\\\/#organization\"},\"image\":{\"@id\":\"https:\\\/\\\/www.webdo.tn\\\/fr\\\/actualite\\\/national\\\/tunisie-le-ministre-des-ae-rencontre-l-envoye-ukrainien-pour-la-region-mena\\\/218434\\\/#primaryimage\"},\"thumbnailUrl\":\"https:\\\/\\\/www.webdo.tn\\\/fr\\\/wp-content\\\/uploads\\\/2025\\\/05\\\/ba8041ec1b855b23dc8d03b488a25363-2.webp\",\"keywords\":[\"mena\",\"minist\u00e8re des affaires \u00e9trang\u00e8res\",\"Tunisie\",\"Ukraine\"],\"articleSection\":[\"National\"],\"inLanguage\":\"fr-FR\"},{\"@type\":\"WebPage\",\"@id\":\"https:\\\/\\\/www.webdo.tn\\\/fr\\\/actualite\\\/national\\\/tunisie-le-ministre-des-ae-rencontre-l-envoye-ukrainien-pour-la-region-mena\\\/218434\\\/\",\"url\":\"https:\\\/\\\/www.webdo.tn\\\/fr\\\/actualite\\\/national\\\/tunisie-le-ministre-des-ae-rencontre-l-envoye-ukrainien-pour-la-region-mena\\\/218434\\\/\",\"name\":\"Tunisie : Le ministre des AE rencontre l'envoy\u00e9 ukrainien pour la r\u00e9gion MENA\",\"isPartOf\":{\"@id\":\"https:\\\/\\\/www.webdo.tn\\\/fr\\\/#website\"},\"primaryImageOfPage\":{\"@id\":\"https:\\\/\\\/www.webdo.tn\\\/fr\\\/actualite\\\/national\\\/tunisie-le-ministre-des-ae-rencontre-l-envoye-ukrainien-pour-la-region-mena\\\/218434\\\/#primaryimage\"},\"image\":{\"@id\":\"https:\\\/\\\/www.webdo.tn\\\/fr\\\/actualite\\\/national\\\/tunisie-le-ministre-des-ae-rencontre-l-envoye-ukrainien-pour-la-region-mena\\\/218434\\\/#primaryimage\"},\"thumbnailUrl\":\"https:\\\/\\\/www.webdo.tn\\\/fr\\\/wp-content\\\/uploads\\\/2025\\\/05\\\/ba8041ec1b855b23dc8d03b488a25363-2.webp\",\"datePublished\":\"2024-12-18T18:48:00+00:00\",\"dateModified\":\"2025-05-21T09:01:21+00:00\",\"description\":\"Mohamed Ali Nafti a re\u00e7u l'envoy\u00e9 ukrainien Maksym Subkh pour discuter du plan de paix r\u00e9gional et renforcer la coop\u00e9ration tuniso-ukrainienne.\",\"breadcrumb\":{\"@id\":\"https:\\\/\\\/www.webdo.tn\\\/fr\\\/actualite\\\/national\\\/tunisie-le-ministre-des-ae-rencontre-l-envoye-ukrainien-pour-la-region-mena\\\/218434\\\/#breadcrumb\"},\"inLanguage\":\"fr-FR\",\"potentialAction\":[{\"@type\":\"ReadAction\",\"target\":[\"https:\\\/\\\/www.webdo.tn\\\/fr\\\/actualite\\\/national\\\/tunisie-le-ministre-des-ae-rencontre-l-envoye-ukrainien-pour-la-region-mena\\\/218434\\\/\"]}]},{\"@type\":\"ImageObject\",\"inLanguage\":\"fr-FR\",\"@id\":\"https:\\\/\\\/www.webdo.tn\\\/fr\\\/actualite\\\/national\\\/tunisie-le-ministre-des-ae-rencontre-l-envoye-ukrainien-pour-la-region-mena\\\/218434\\\/#primaryimage\",\"url\":\"https:\\\/\\\/www.webdo.tn\\\/fr\\\/wp-content\\\/uploads\\\/2025\\\/05\\\/ba8041ec1b855b23dc8d03b488a25363-2.webp\",\"contentUrl\":\"https:\\\/\\\/www.webdo.tn\\\/fr\\\/wp-content\\\/uploads\\\/2025\\\/05\\\/ba8041ec1b855b23dc8d03b488a25363-2.webp\",\"width\":750,\"height\":400},{\"@type\":\"BreadcrumbList\",\"@id\":\"https:\\\/\\\/www.webdo.tn\\\/fr\\\/actualite\\\/national\\\/tunisie-le-ministre-des-ae-rencontre-l-envoye-ukrainien-pour-la-region-mena\\\/218434\\\/#breadcrumb\",\"itemListElement\":[{\"@type\":\"ListItem\",\"position\":1,\"name\":\"Accueil\",\"item\":\"https:\\\/\\\/www.webdo.tn\\\/fr\\\/\"},{\"@type\":\"ListItem\",\"position\":2,\"name\":\"Tunisie : Le ministre des AE rencontre l&#8217;envoy\u00e9 ukrainien pour la r\u00e9gion MENA\"}]},{\"@type\":\"WebSite\",\"@id\":\"https:\\\/\\\/www.webdo.tn\\\/fr\\\/#website\",\"url\":\"https:\\\/\\\/www.webdo.tn\\\/fr\\\/\",\"name\":\"webdo\",\"description\":\"Tunisie - News en Tunisie et \u00e0 l&#039;international sur Webdo.tn\",\"publisher\":{\"@id\":\"https:\\\/\\\/www.webdo.tn\\\/fr\\\/#organization\"},\"potentialAction\":[{\"@type\":\"SearchAction\",\"target\":{\"@type\":\"EntryPoint\",\"urlTemplate\":\"https:\\\/\\\/www.webdo.tn\\\/fr\\\/?s={search_term_string}\"},\"query-input\":{\"@type\":\"PropertyValueSpecification\",\"valueRequired\":true,\"valueName\":\"search_term_string\"}}],\"inLanguage\":\"fr-FR\"},{\"@type\":\"Organization\",\"@id\":\"https:\\\/\\\/www.webdo.tn\\\/fr\\\/#organization\",\"name\":\"Webdo\",\"alternateName\":\"Webdo.tn\",\"url\":\"https:\\\/\\\/www.webdo.tn\\\/fr\\\/\",\"logo\":{\"@type\":\"ImageObject\",\"inLanguage\":\"fr-FR\",\"@id\":\"https:\\\/\\\/www.webdo.tn\\\/fr\\\/#\\\/schema\\\/logo\\\/image\\\/\",\"url\":\"https:\\\/\\\/www.webdo.tn\\\/fr\\\/wp-content\\\/uploads\\\/2025\\\/06\\\/Webdo-Tunisie_168377.jpg\",\"contentUrl\":\"https:\\\/\\\/www.webdo.tn\\\/fr\\\/wp-content\\\/uploads\\\/2025\\\/06\\\/Webdo-Tunisie_168377.jpg\",\"width\":301,\"height\":301,\"caption\":\"Webdo\"},\"image\":{\"@id\":\"https:\\\/\\\/www.webdo.tn\\\/fr\\\/#\\\/schema\\\/logo\\\/image\\\/\"},\"sameAs\":[\"https:\\\/\\\/www.facebook.com\\\/webdotn\",\"https:\\\/\\\/x.com\\\/webdo_tn\"],\"description\":\"Webdo est un m\u00e9dia num\u00e9rique tunisien fond\u00e9 en 2010, sp\u00e9cialis\u00e9 dans l\u2019actualit\u00e9 nationale et internationale, l\u2019\u00e9conomie, la soci\u00e9t\u00e9 et les analyses politiques. Le site s\u2019adresse \u00e0 un large public francophone et couvre l\u2019information tunisienne en temps r\u00e9el.\",\"email\":\"redac@webdo.tn\",\"legalName\":\"YNJ SARL\",\"foundingDate\":\"2010-09-06\",\"numberOfEmployees\":{\"@type\":\"QuantitativeValue\",\"minValue\":\"11\",\"maxValue\":\"50\"}},{\"@type\":\"Person\",\"@id\":\"https:\\\/\\\/www.webdo.tn\\\/fr\\\/#\\\/schema\\\/person\\\/b8a41c04d93287d375510db360906b34\",\"name\":\"AZ\",\"image\":{\"@type\":\"ImageObject\",\"inLanguage\":\"fr-FR\",\"@id\":\"https:\\\/\\\/secure.gravatar.com\\\/avatar\\\/492b80bada79439de4201dce15cd41eece6c277cfdf1b53382073c79105c1f89?s=96&d=mm&r=g\",\"url\":\"https:\\\/\\\/secure.gravatar.com\\\/avatar\\\/492b80bada79439de4201dce15cd41eece6c277cfdf1b53382073c79105c1f89?s=96&d=mm&r=g\",\"contentUrl\":\"https:\\\/\\\/secure.gravatar.com\\\/avatar\\\/492b80bada79439de4201dce15cd41eece6c277cfdf1b53382073c79105c1f89?s=96&d=mm&r=g\",\"caption\":\"AZ\"},\"url\":\"https:\\\/\\\/www.webdo.tn\\\/fr\\\/actualite\\\/author\\\/az\\\/\"}]}<\/script>\n<!-- \/ Yoast SEO Premium plugin. -->","yoast_head_json":{"title":"Tunisie : Le ministre des AE rencontre l'envoy\u00e9 ukrainien pour la r\u00e9gion MENA","description":"Mohamed Ali Nafti a re\u00e7u l'envoy\u00e9 ukrainien Maksym Subkh pour discuter du plan de paix r\u00e9gional et renforcer la coop\u00e9ration tuniso-ukrainienne.","canonical":"https:\/\/www.webdo.tn\/fr\/actualite\/national\/tunisie-le-ministre-des-ae-rencontre-l-envoye-ukrainien-pour-la-region-mena\/218434\/","og_locale":"fr_FR","og_type":"article","og_title":"Tunisie : Le ministre des AE rencontre l'envoy\u00e9 ukrainien pour la r\u00e9gion MENA","og_description":"Mohamed Ali Nafti a re\u00e7u l'envoy\u00e9 ukrainien Maksym Subkh pour discuter du plan de paix r\u00e9gional et renforcer la coop\u00e9ration tuniso-ukrainienne.","og_url":"https:\/\/www.webdo.tn\/fr\/actualite\/national\/tunisie-le-ministre-des-ae-rencontre-l-envoye-ukrainien-pour-la-region-mena\/218434\/","og_site_name":"webdo","article_publisher":"https:\/\/www.facebook.com\/webdotn","article_published_time":"2024-12-18T18:48:00+00:00","article_modified_time":"2025-05-21T09:01:21+00:00","og_image":[{"width":750,"height":400,"url":"https:\/\/www.webdo.tn\/fr\/wp-content\/uploads\/2025\/05\/ba8041ec1b855b23dc8d03b488a25363-2.webp","type":"image\/webp"}],"author":"AZ","twitter_card":"summary_large_image","twitter_creator":"@webdo_tn","twitter_site":"@webdo_tn","twitter_misc":{"\u00c9crit par":"AZ","Dur\u00e9e de lecture estim\u00e9e":"1 minute"},"schema":{"@context":"https:\/\/schema.org","@graph":[{"@type":"NewsArticle","@id":"https:\/\/www.webdo.tn\/fr\/actualite\/national\/tunisie-le-ministre-des-ae-rencontre-l-envoye-ukrainien-pour-la-region-mena\/218434\/#article","isPartOf":{"@id":"https:\/\/www.webdo.tn\/fr\/actualite\/national\/tunisie-le-ministre-des-ae-rencontre-l-envoye-ukrainien-pour-la-region-mena\/218434\/"},"author":{"name":"AZ","@id":"https:\/\/www.webdo.tn\/fr\/#\/schema\/person\/b8a41c04d93287d375510db360906b34"},"headline":"Tunisie : Le ministre des AE rencontre l&rsquo;envoy\u00e9 ukrainien pour la r\u00e9gion MENA","datePublished":"2024-12-18T18:48:00+00:00","dateModified":"2025-05-21T09:01:21+00:00","mainEntityOfPage":{"@id":"https:\/\/www.webdo.tn\/fr\/actualite\/national\/tunisie-le-ministre-des-ae-rencontre-l-envoye-ukrainien-pour-la-region-mena\/218434\/"},"wordCount":261,"commentCount":0,"publisher":{"@id":"https:\/\/www.webdo.tn\/fr\/#organization"},"image":{"@id":"https:\/\/www.webdo.tn\/fr\/actualite\/national\/tunisie-le-ministre-des-ae-rencontre-l-envoye-ukrainien-pour-la-region-mena\/218434\/#primaryimage"},"thumbnailUrl":"https:\/\/www.webdo.tn\/fr\/wp-content\/uploads\/2025\/05\/ba8041ec1b855b23dc8d03b488a25363-2.webp","keywords":["mena","minist\u00e8re des affaires \u00e9trang\u00e8res","Tunisie","Ukraine"],"articleSection":["National"],"inLanguage":"fr-FR"},{"@type":"WebPage","@id":"https:\/\/www.webdo.tn\/fr\/actualite\/national\/tunisie-le-ministre-des-ae-rencontre-l-envoye-ukrainien-pour-la-region-mena\/218434\/","url":"https:\/\/www.webdo.tn\/fr\/actualite\/national\/tunisie-le-ministre-des-ae-rencontre-l-envoye-ukrainien-pour-la-region-mena\/218434\/","name":"Tunisie : Le ministre des AE rencontre l'envoy\u00e9 ukrainien pour la r\u00e9gion MENA","isPartOf":{"@id":"https:\/\/www.webdo.tn\/fr\/#website"},"primaryImageOfPage":{"@id":"https:\/\/www.webdo.tn\/fr\/actualite\/national\/tunisie-le-ministre-des-ae-rencontre-l-envoye-ukrainien-pour-la-region-mena\/218434\/#primaryimage"},"image":{"@id":"https:\/\/www.webdo.tn\/fr\/actualite\/national\/tunisie-le-ministre-des-ae-rencontre-l-envoye-ukrainien-pour-la-region-mena\/218434\/#primaryimage"},"thumbnailUrl":"https:\/\/www.webdo.tn\/fr\/wp-content\/uploads\/2025\/05\/ba8041ec1b855b23dc8d03b488a25363-2.webp","datePublished":"2024-12-18T18:48:00+00:00","dateModified":"2025-05-21T09:01:21+00:00","description":"Mohamed Ali Nafti a re\u00e7u l'envoy\u00e9 ukrainien Maksym Subkh pour discuter du plan de paix r\u00e9gional et renforcer la coop\u00e9ration tuniso-ukrainienne.","breadcrumb":{"@id":"https:\/\/www.webdo.tn\/fr\/actualite\/national\/tunisie-le-ministre-des-ae-rencontre-l-envoye-ukrainien-pour-la-region-mena\/218434\/#breadcrumb"},"inLanguage":"fr-FR","potentialAction":[{"@type":"ReadAction","target":["https:\/\/www.webdo.tn\/fr\/actualite\/national\/tunisie-le-ministre-des-ae-rencontre-l-envoye-ukrainien-pour-la-region-mena\/218434\/"]}]},{"@type":"ImageObject","inLanguage":"fr-FR","@id":"https:\/\/www.webdo.tn\/fr\/actualite\/national\/tunisie-le-ministre-des-ae-rencontre-l-envoye-ukrainien-pour-la-region-mena\/218434\/#primaryimage","url":"https:\/\/www.webdo.tn\/fr\/wp-content\/uploads\/2025\/05\/ba8041ec1b855b23dc8d03b488a25363-2.webp","contentUrl":"https:\/\/www.webdo.tn\/fr\/wp-content\/uploads\/2025\/05\/ba8041ec1b855b23dc8d03b488a25363-2.webp","width":750,"height":400},{"@type":"BreadcrumbList","@id":"https:\/\/www.webdo.tn\/fr\/actualite\/national\/tunisie-le-ministre-des-ae-rencontre-l-envoye-ukrainien-pour-la-region-mena\/218434\/#breadcrumb","itemListElement":[{"@type":"ListItem","position":1,"name":"Accueil","item":"https:\/\/www.webdo.tn\/fr\/"},{"@type":"ListItem","position":2,"name":"Tunisie : Le ministre des AE rencontre l&#8217;envoy\u00e9 ukrainien pour la r\u00e9gion MENA"}]},{"@type":"WebSite","@id":"https:\/\/www.webdo.tn\/fr\/#website","url":"https:\/\/www.webdo.tn\/fr\/","name":"webdo","description":"Tunisie - News en Tunisie et \u00e0 l&#039;international sur Webdo.tn","publisher":{"@id":"https:\/\/www.webdo.tn\/fr\/#organization"},"potentialAction":[{"@type":"SearchAction","target":{"@type":"EntryPoint","urlTemplate":"https:\/\/www.webdo.tn\/fr\/?s={search_term_string}"},"query-input":{"@type":"PropertyValueSpecification","valueRequired":true,"valueName":"search_term_string"}}],"inLanguage":"fr-FR"},{"@type":"Organization","@id":"https:\/\/www.webdo.tn\/fr\/#organization","name":"Webdo","alternateName":"Webdo.tn","url":"https:\/\/www.webdo.tn\/fr\/","logo":{"@type":"ImageObject","inLanguage":"fr-FR","@id":"https:\/\/www.webdo.tn\/fr\/#\/schema\/logo\/image\/","url":"https:\/\/www.webdo.tn\/fr\/wp-content\/uploads\/2025\/06\/Webdo-Tunisie_168377.jpg","contentUrl":"https:\/\/www.webdo.tn\/fr\/wp-content\/uploads\/2025\/06\/Webdo-Tunisie_168377.jpg","width":301,"height":301,"caption":"Webdo"},"image":{"@id":"https:\/\/www.webdo.tn\/fr\/#\/schema\/logo\/image\/"},"sameAs":["https:\/\/www.facebook.com\/webdotn","https:\/\/x.com\/webdo_tn"],"description":"Webdo est un m\u00e9dia num\u00e9rique tunisien fond\u00e9 en 2010, sp\u00e9cialis\u00e9 dans l\u2019actualit\u00e9 nationale et internationale, l\u2019\u00e9conomie, la soci\u00e9t\u00e9 et les analyses politiques. Le site s\u2019adresse \u00e0 un large public francophone et couvre l\u2019information tunisienne en temps r\u00e9el.","email":"redac@webdo.tn","legalName":"YNJ SARL","foundingDate":"2010-09-06","numberOfEmployees":{"@type":"QuantitativeValue","minValue":"11","maxValue":"50"}},{"@type":"Person","@id":"https:\/\/www.webdo.tn\/fr\/#\/schema\/person\/b8a41c04d93287d375510db360906b34","name":"AZ","image":{"@type":"ImageObject","inLanguage":"fr-FR","@id":"https:\/\/secure.gravatar.com\/avatar\/492b80bada79439de4201dce15cd41eece6c277cfdf1b53382073c79105c1f89?s=96&d=mm&r=g","url":"https:\/\/secure.gravatar.com\/avatar\/492b80bada79439de4201dce15cd41eece6c277cfdf1b53382073c79105c1f89?s=96&d=mm&r=g","contentUrl":"https:\/\/secure.gravatar.com\/avatar\/492b80bada79439de4201dce15cd41eece6c277cfdf1b53382073c79105c1f89?s=96&d=mm&r=g","caption":"AZ"},"url":"https:\/\/www.webdo.tn\/fr\/actualite\/author\/az\/"}]}},"_links":{"self":[{"href":"https:\/\/www.webdo.tn\/fr\/wp-json\/wp\/v2\/posts\/218434","targetHints":{"allow":["GET"]}}],"collection":[{"href":"https:\/\/www.webdo.tn\/fr\/wp-json\/wp\/v2\/posts"}],"about":[{"href":"https:\/\/www.webdo.tn\/fr\/wp-json\/wp\/v2\/types\/post"}],"author":[{"embeddable":true,"href":"https:\/\/www.webdo.tn\/fr\/wp-json\/wp\/v2\/users\/3166"}],"replies":[{"embeddable":true,"href":"https:\/\/www.webdo.tn\/fr\/wp-json\/wp\/v2\/comments?post=218434"}],"version-history":[{"count":0,"href":"https:\/\/www.webdo.tn\/fr\/wp-json\/wp\/v2\/posts\/218434\/revisions"}],"wp:featuredmedia":[{"embeddable":true,"href":"https:\/\/www.webdo.tn\/fr\/wp-json\/wp\/v2\/media\/243350"}],"wp:attachment":[{"href":"https:\/\/www.webdo.tn\/fr\/wp-json\/wp\/v2\/media?parent=218434"}],"wp:term":[{"taxonomy":"category","embeddable":true,"href":"https:\/\/www.webdo.tn\/fr\/wp-json\/wp\/v2\/categories?post=218434"},{"taxonomy":"post_tag","embeddable":true,"href":"https:\/\/www.webdo.tn\/fr\/wp-json\/wp\/v2\/tags?post=218434"}],"curies":[{"name":"wp","href":"https:\/\/api.w.org\/{rel}","templated":true}]}}