{"id":218425,"date":"2024-12-18T13:12:00","date_gmt":"2024-12-18T13:12:00","guid":{"rendered":"https:\/\/www.webdo.tn\/fr\/blog\/tunisie-25-mille-familles-concernees-par-les-aides-contre-le-froid\/218425\/"},"modified":"2025-05-20T22:22:14","modified_gmt":"2025-05-20T22:22:14","slug":"tunisie-25-mille-familles-concernees-par-les-aides-contre-le-froid","status":"publish","type":"post","link":"https:\/\/www.webdo.tn\/fr\/actualite\/national\/tunisie-25-mille-familles-concernees-par-les-aides-contre-le-froid\/218425\/","title":{"rendered":"Tunisie : 25 mille familles concern\u00e9es par les aides contre le froid"},"content":{"rendered":"<p>La pr\u00e9sidente de l&rsquo;Union Tunisienne de Solidarit\u00e9 Sociale, Na\u00efma Jlassi, a d\u00e9clar\u00e9 ce mercredi 18 d\u00e9cembre 2024 que 25 000 familles b\u00e9n\u00e9ficieront d\u2019aides pour faire face \u00e0 la vague de froid. Ces aides comprennent des denr\u00e9es alimentaires, des v\u00eatements, des chaussures et des moyens de chauffage, pour une valeur totale estim\u00e9e \u00e0 7,3 millions de dinars.<\/p>\n<p>Lors de son intervention sur les ondes de la Radio nationale, elle a pr\u00e9cis\u00e9 qu\u2019\u00e0 la suite de la r\u00e9union du Conseil minist\u00e9riel tenue le 11 d\u00e9cembre, des mesures ont \u00e9t\u00e9 prises pour fournir davantage d\u2019aides et augmenter le montant total des cr\u00e9dits allou\u00e9s, passant ainsi de 5,3 millions de dinars \u00e0 7,3 millions de dinars.\u00a0<\/p>\n<p>Par cons\u00e9quent, 25 000 familles b\u00e9n\u00e9ficieront de ces aides au lieu de 20 000 pr\u00e9c\u00e9demment pr\u00e9vues.<\/p>\n<p>Elle a \u00e9galement soulign\u00e9 que ces aides seront principalement destin\u00e9es aux familles r\u00e9sidant dans le nord-est, le nord-ouest, le centre-est et le centre-ouest, avec des proportions variables, tout en accordant la priorit\u00e9 aux r\u00e9gions les plus d\u00e9munies en mati\u00e8re de conditions de vie dignes.<\/p>\n","protected":false},"excerpt":{"rendered":"<p>La pr\u00e9sidente de l&rsquo;Union Tunisienne de Solidarit\u00e9 Sociale, Na\u00efma Jlassi, a d\u00e9clar\u00e9 ce mercredi 18 d\u00e9cembre 2024 que 25 000 familles b\u00e9n\u00e9ficieront d\u2019aides pour f&#8230;<\/p>\n","protected":false},"author":3163,"featured_media":291557,"comment_status":"open","ping_status":"closed","sticky":false,"template":"","format":"standard","meta":{"footnotes":""},"categories":[44],"tags":[10778,7198,4420,2608],"class_list":["post-218425","post","type-post","status-publish","format-standard","has-post-thumbnail","hentry","category-national","tag-familles","tag-aides","tag-froid","tag-tunisie"],"yoast_head":"<!-- This site is optimized with the Yoast SEO Premium plugin v27.5 (Yoast SEO v27.5) - https:\/\/yoast.com\/product\/yoast-seo-premium-wordpress\/ -->\n<title>Tunisie : 25 mille familles concern\u00e9es par les aides contre le froid<\/title>\n<meta name=\"description\" content=\"La pr\u00e9sidente de l&#039;Union Tunisienne de Solidarit\u00e9 Sociale, Na\u00efma Jlassi, a d\u00e9clar\u00e9 ce mercredi 18 d\u00e9cembre 2024 que 25 000 familles b\u00e9n\u00e9ficieront d\u2019aides pour f...\" \/>\n<link rel=\"canonical\" href=\"https:\/\/www.webdo.tn\/fr\/actualite\/national\/tunisie-25-mille-familles-concernees-par-les-aides-contre-le-froid\/218425\/\" \/>\n<meta property=\"og:locale\" content=\"fr_FR\" \/>\n<meta property=\"og:type\" content=\"article\" \/>\n<meta property=\"og:title\" content=\"Tunisie : 25 mille familles concern\u00e9es par les aides contre le froid\" \/>\n<meta property=\"og:description\" content=\"La pr\u00e9sidente de l&#039;Union Tunisienne de Solidarit\u00e9 Sociale, Na\u00efma Jlassi, a d\u00e9clar\u00e9 ce mercredi 18 d\u00e9cembre 2024 que 25 000 familles b\u00e9n\u00e9ficieront d\u2019aides pour f...\" \/>\n<meta property=\"og:url\" content=\"https:\/\/www.webdo.tn\/fr\/actualite\/national\/tunisie-25-mille-familles-concernees-par-les-aides-contre-le-froid\/218425\/\" \/>\n<meta property=\"og:site_name\" content=\"webdo\" \/>\n<meta property=\"article:publisher\" content=\"https:\/\/www.facebook.com\/webdotn\" \/>\n<meta property=\"article:published_time\" content=\"2024-12-18T13:12:00+00:00\" \/>\n<meta property=\"article:modified_time\" content=\"2025-05-20T22:22:14+00:00\" \/>\n<meta property=\"og:image\" content=\"https:\/\/www.webdo.tn\/fr\/wp-content\/uploads\/2024\/12\/ed06dadfe5d6ff4a68a6148c97a499b6.webp\" \/>\n\t<meta property=\"og:image:width\" content=\"750\" \/>\n\t<meta property=\"og:image:height\" content=\"400\" \/>\n\t<meta property=\"og:image:type\" content=\"image\/webp\" \/>\n<meta name=\"author\" content=\"KJ\" \/>\n<meta name=\"twitter:card\" content=\"summary_large_image\" \/>\n<meta name=\"twitter:creator\" content=\"@webdo_tn\" \/>\n<meta name=\"twitter:site\" content=\"@webdo_tn\" \/>\n<meta name=\"twitter:label1\" content=\"\u00c9crit par\" \/>\n\t<meta name=\"twitter:data1\" content=\"KJ\" \/>\n\t<meta name=\"twitter:label2\" content=\"Dur\u00e9e de lecture estim\u00e9e\" \/>\n\t<meta name=\"twitter:data2\" content=\"1 minute\" \/>\n<script type=\"application\/ld+json\" class=\"yoast-schema-graph\">{\"@context\":\"https:\\\/\\\/schema.org\",\"@graph\":[{\"@type\":\"NewsArticle\",\"@id\":\"https:\\\/\\\/www.webdo.tn\\\/fr\\\/actualite\\\/national\\\/tunisie-25-mille-familles-concernees-par-les-aides-contre-le-froid\\\/218425\\\/#article\",\"isPartOf\":{\"@id\":\"https:\\\/\\\/www.webdo.tn\\\/fr\\\/actualite\\\/national\\\/tunisie-25-mille-familles-concernees-par-les-aides-contre-le-froid\\\/218425\\\/\"},\"author\":{\"name\":\"KJ\",\"@id\":\"https:\\\/\\\/www.webdo.tn\\\/fr\\\/#\\\/schema\\\/person\\\/82ca085b22037d285e1a3c4b65ba5f71\"},\"headline\":\"Tunisie : 25 mille familles concern\u00e9es par les aides contre le froid\",\"datePublished\":\"2024-12-18T13:12:00+00:00\",\"dateModified\":\"2025-05-20T22:22:14+00:00\",\"mainEntityOfPage\":{\"@id\":\"https:\\\/\\\/www.webdo.tn\\\/fr\\\/actualite\\\/national\\\/tunisie-25-mille-familles-concernees-par-les-aides-contre-le-froid\\\/218425\\\/\"},\"wordCount\":197,\"commentCount\":0,\"publisher\":{\"@id\":\"https:\\\/\\\/www.webdo.tn\\\/fr\\\/#organization\"},\"image\":{\"@id\":\"https:\\\/\\\/www.webdo.tn\\\/fr\\\/actualite\\\/national\\\/tunisie-25-mille-familles-concernees-par-les-aides-contre-le-froid\\\/218425\\\/#primaryimage\"},\"thumbnailUrl\":\"https:\\\/\\\/www.webdo.tn\\\/fr\\\/wp-content\\\/uploads\\\/2024\\\/12\\\/ed06dadfe5d6ff4a68a6148c97a499b6.webp\",\"keywords\":[\"'familles']\",\"Aides\",\"froid\",\"Tunisie\"],\"articleSection\":[\"National\"],\"inLanguage\":\"fr-FR\"},{\"@type\":\"WebPage\",\"@id\":\"https:\\\/\\\/www.webdo.tn\\\/fr\\\/actualite\\\/national\\\/tunisie-25-mille-familles-concernees-par-les-aides-contre-le-froid\\\/218425\\\/\",\"url\":\"https:\\\/\\\/www.webdo.tn\\\/fr\\\/actualite\\\/national\\\/tunisie-25-mille-familles-concernees-par-les-aides-contre-le-froid\\\/218425\\\/\",\"name\":\"Tunisie : 25 mille familles concern\u00e9es par les aides contre le froid\",\"isPartOf\":{\"@id\":\"https:\\\/\\\/www.webdo.tn\\\/fr\\\/#website\"},\"primaryImageOfPage\":{\"@id\":\"https:\\\/\\\/www.webdo.tn\\\/fr\\\/actualite\\\/national\\\/tunisie-25-mille-familles-concernees-par-les-aides-contre-le-froid\\\/218425\\\/#primaryimage\"},\"image\":{\"@id\":\"https:\\\/\\\/www.webdo.tn\\\/fr\\\/actualite\\\/national\\\/tunisie-25-mille-familles-concernees-par-les-aides-contre-le-froid\\\/218425\\\/#primaryimage\"},\"thumbnailUrl\":\"https:\\\/\\\/www.webdo.tn\\\/fr\\\/wp-content\\\/uploads\\\/2024\\\/12\\\/ed06dadfe5d6ff4a68a6148c97a499b6.webp\",\"datePublished\":\"2024-12-18T13:12:00+00:00\",\"dateModified\":\"2025-05-20T22:22:14+00:00\",\"description\":\"La pr\u00e9sidente de l'Union Tunisienne de Solidarit\u00e9 Sociale, Na\u00efma Jlassi, a d\u00e9clar\u00e9 ce mercredi 18 d\u00e9cembre 2024 que 25 000 familles b\u00e9n\u00e9ficieront d\u2019aides pour f...\",\"breadcrumb\":{\"@id\":\"https:\\\/\\\/www.webdo.tn\\\/fr\\\/actualite\\\/national\\\/tunisie-25-mille-familles-concernees-par-les-aides-contre-le-froid\\\/218425\\\/#breadcrumb\"},\"inLanguage\":\"fr-FR\",\"potentialAction\":[{\"@type\":\"ReadAction\",\"target\":[\"https:\\\/\\\/www.webdo.tn\\\/fr\\\/actualite\\\/national\\\/tunisie-25-mille-familles-concernees-par-les-aides-contre-le-froid\\\/218425\\\/\"]}]},{\"@type\":\"ImageObject\",\"inLanguage\":\"fr-FR\",\"@id\":\"https:\\\/\\\/www.webdo.tn\\\/fr\\\/actualite\\\/national\\\/tunisie-25-mille-familles-concernees-par-les-aides-contre-le-froid\\\/218425\\\/#primaryimage\",\"url\":\"https:\\\/\\\/www.webdo.tn\\\/fr\\\/wp-content\\\/uploads\\\/2024\\\/12\\\/ed06dadfe5d6ff4a68a6148c97a499b6.webp\",\"contentUrl\":\"https:\\\/\\\/www.webdo.tn\\\/fr\\\/wp-content\\\/uploads\\\/2024\\\/12\\\/ed06dadfe5d6ff4a68a6148c97a499b6.webp\",\"width\":750,\"height\":400,\"caption\":\"Tunisie : 25 mille familles concern\u00e9es par les aides contre le froid\"},{\"@type\":\"BreadcrumbList\",\"@id\":\"https:\\\/\\\/www.webdo.tn\\\/fr\\\/actualite\\\/national\\\/tunisie-25-mille-familles-concernees-par-les-aides-contre-le-froid\\\/218425\\\/#breadcrumb\",\"itemListElement\":[{\"@type\":\"ListItem\",\"position\":1,\"name\":\"Accueil\",\"item\":\"https:\\\/\\\/www.webdo.tn\\\/fr\\\/\"},{\"@type\":\"ListItem\",\"position\":2,\"name\":\"Tunisie : 25 mille familles concern\u00e9es par les aides contre le froid\"}]},{\"@type\":\"WebSite\",\"@id\":\"https:\\\/\\\/www.webdo.tn\\\/fr\\\/#website\",\"url\":\"https:\\\/\\\/www.webdo.tn\\\/fr\\\/\",\"name\":\"webdo\",\"description\":\"Tunisie - News en Tunisie et \u00e0 l&#039;international sur Webdo.tn\",\"publisher\":{\"@id\":\"https:\\\/\\\/www.webdo.tn\\\/fr\\\/#organization\"},\"potentialAction\":[{\"@type\":\"SearchAction\",\"target\":{\"@type\":\"EntryPoint\",\"urlTemplate\":\"https:\\\/\\\/www.webdo.tn\\\/fr\\\/?s={search_term_string}\"},\"query-input\":{\"@type\":\"PropertyValueSpecification\",\"valueRequired\":true,\"valueName\":\"search_term_string\"}}],\"inLanguage\":\"fr-FR\"},{\"@type\":\"Organization\",\"@id\":\"https:\\\/\\\/www.webdo.tn\\\/fr\\\/#organization\",\"name\":\"Webdo\",\"alternateName\":\"Webdo.tn\",\"url\":\"https:\\\/\\\/www.webdo.tn\\\/fr\\\/\",\"logo\":{\"@type\":\"ImageObject\",\"inLanguage\":\"fr-FR\",\"@id\":\"https:\\\/\\\/www.webdo.tn\\\/fr\\\/#\\\/schema\\\/logo\\\/image\\\/\",\"url\":\"https:\\\/\\\/www.webdo.tn\\\/fr\\\/wp-content\\\/uploads\\\/2025\\\/06\\\/Webdo-Tunisie_168377.jpg\",\"contentUrl\":\"https:\\\/\\\/www.webdo.tn\\\/fr\\\/wp-content\\\/uploads\\\/2025\\\/06\\\/Webdo-Tunisie_168377.jpg\",\"width\":301,\"height\":301,\"caption\":\"Webdo\"},\"image\":{\"@id\":\"https:\\\/\\\/www.webdo.tn\\\/fr\\\/#\\\/schema\\\/logo\\\/image\\\/\"},\"sameAs\":[\"https:\\\/\\\/www.facebook.com\\\/webdotn\",\"https:\\\/\\\/x.com\\\/webdo_tn\"],\"description\":\"Webdo est un m\u00e9dia num\u00e9rique tunisien fond\u00e9 en 2010, sp\u00e9cialis\u00e9 dans l\u2019actualit\u00e9 nationale et internationale, l\u2019\u00e9conomie, la soci\u00e9t\u00e9 et les analyses politiques. Le site s\u2019adresse \u00e0 un large public francophone et couvre l\u2019information tunisienne en temps r\u00e9el.\",\"email\":\"redac@webdo.tn\",\"legalName\":\"YNJ SARL\",\"foundingDate\":\"2010-09-06\",\"numberOfEmployees\":{\"@type\":\"QuantitativeValue\",\"minValue\":\"11\",\"maxValue\":\"50\"}},{\"@type\":\"Person\",\"@id\":\"https:\\\/\\\/www.webdo.tn\\\/fr\\\/#\\\/schema\\\/person\\\/82ca085b22037d285e1a3c4b65ba5f71\",\"name\":\"KJ\",\"image\":{\"@type\":\"ImageObject\",\"inLanguage\":\"fr-FR\",\"@id\":\"https:\\\/\\\/secure.gravatar.com\\\/avatar\\\/1a1320de1c1971c893f00068f760b4113d69504aa21273da17ee95650c5944fd?s=96&d=mm&r=g\",\"url\":\"https:\\\/\\\/secure.gravatar.com\\\/avatar\\\/1a1320de1c1971c893f00068f760b4113d69504aa21273da17ee95650c5944fd?s=96&d=mm&r=g\",\"contentUrl\":\"https:\\\/\\\/secure.gravatar.com\\\/avatar\\\/1a1320de1c1971c893f00068f760b4113d69504aa21273da17ee95650c5944fd?s=96&d=mm&r=g\",\"caption\":\"KJ\"},\"url\":\"https:\\\/\\\/www.webdo.tn\\\/fr\\\/actualite\\\/author\\\/kj\\\/\"}]}<\/script>\n<!-- \/ Yoast SEO Premium plugin. -->","yoast_head_json":{"title":"Tunisie : 25 mille familles concern\u00e9es par les aides contre le froid","description":"La pr\u00e9sidente de l'Union Tunisienne de Solidarit\u00e9 Sociale, Na\u00efma Jlassi, a d\u00e9clar\u00e9 ce mercredi 18 d\u00e9cembre 2024 que 25 000 familles b\u00e9n\u00e9ficieront d\u2019aides pour f...","canonical":"https:\/\/www.webdo.tn\/fr\/actualite\/national\/tunisie-25-mille-familles-concernees-par-les-aides-contre-le-froid\/218425\/","og_locale":"fr_FR","og_type":"article","og_title":"Tunisie : 25 mille familles concern\u00e9es par les aides contre le froid","og_description":"La pr\u00e9sidente de l'Union Tunisienne de Solidarit\u00e9 Sociale, Na\u00efma Jlassi, a d\u00e9clar\u00e9 ce mercredi 18 d\u00e9cembre 2024 que 25 000 familles b\u00e9n\u00e9ficieront d\u2019aides pour f...","og_url":"https:\/\/www.webdo.tn\/fr\/actualite\/national\/tunisie-25-mille-familles-concernees-par-les-aides-contre-le-froid\/218425\/","og_site_name":"webdo","article_publisher":"https:\/\/www.facebook.com\/webdotn","article_published_time":"2024-12-18T13:12:00+00:00","article_modified_time":"2025-05-20T22:22:14+00:00","og_image":[{"width":750,"height":400,"url":"https:\/\/www.webdo.tn\/fr\/wp-content\/uploads\/2024\/12\/ed06dadfe5d6ff4a68a6148c97a499b6.webp","type":"image\/webp"}],"author":"KJ","twitter_card":"summary_large_image","twitter_creator":"@webdo_tn","twitter_site":"@webdo_tn","twitter_misc":{"\u00c9crit par":"KJ","Dur\u00e9e de lecture estim\u00e9e":"1 minute"},"schema":{"@context":"https:\/\/schema.org","@graph":[{"@type":"NewsArticle","@id":"https:\/\/www.webdo.tn\/fr\/actualite\/national\/tunisie-25-mille-familles-concernees-par-les-aides-contre-le-froid\/218425\/#article","isPartOf":{"@id":"https:\/\/www.webdo.tn\/fr\/actualite\/national\/tunisie-25-mille-familles-concernees-par-les-aides-contre-le-froid\/218425\/"},"author":{"name":"KJ","@id":"https:\/\/www.webdo.tn\/fr\/#\/schema\/person\/82ca085b22037d285e1a3c4b65ba5f71"},"headline":"Tunisie : 25 mille familles concern\u00e9es par les aides contre le froid","datePublished":"2024-12-18T13:12:00+00:00","dateModified":"2025-05-20T22:22:14+00:00","mainEntityOfPage":{"@id":"https:\/\/www.webdo.tn\/fr\/actualite\/national\/tunisie-25-mille-familles-concernees-par-les-aides-contre-le-froid\/218425\/"},"wordCount":197,"commentCount":0,"publisher":{"@id":"https:\/\/www.webdo.tn\/fr\/#organization"},"image":{"@id":"https:\/\/www.webdo.tn\/fr\/actualite\/national\/tunisie-25-mille-familles-concernees-par-les-aides-contre-le-froid\/218425\/#primaryimage"},"thumbnailUrl":"https:\/\/www.webdo.tn\/fr\/wp-content\/uploads\/2024\/12\/ed06dadfe5d6ff4a68a6148c97a499b6.webp","keywords":["'familles']","Aides","froid","Tunisie"],"articleSection":["National"],"inLanguage":"fr-FR"},{"@type":"WebPage","@id":"https:\/\/www.webdo.tn\/fr\/actualite\/national\/tunisie-25-mille-familles-concernees-par-les-aides-contre-le-froid\/218425\/","url":"https:\/\/www.webdo.tn\/fr\/actualite\/national\/tunisie-25-mille-familles-concernees-par-les-aides-contre-le-froid\/218425\/","name":"Tunisie : 25 mille familles concern\u00e9es par les aides contre le froid","isPartOf":{"@id":"https:\/\/www.webdo.tn\/fr\/#website"},"primaryImageOfPage":{"@id":"https:\/\/www.webdo.tn\/fr\/actualite\/national\/tunisie-25-mille-familles-concernees-par-les-aides-contre-le-froid\/218425\/#primaryimage"},"image":{"@id":"https:\/\/www.webdo.tn\/fr\/actualite\/national\/tunisie-25-mille-familles-concernees-par-les-aides-contre-le-froid\/218425\/#primaryimage"},"thumbnailUrl":"https:\/\/www.webdo.tn\/fr\/wp-content\/uploads\/2024\/12\/ed06dadfe5d6ff4a68a6148c97a499b6.webp","datePublished":"2024-12-18T13:12:00+00:00","dateModified":"2025-05-20T22:22:14+00:00","description":"La pr\u00e9sidente de l'Union Tunisienne de Solidarit\u00e9 Sociale, Na\u00efma Jlassi, a d\u00e9clar\u00e9 ce mercredi 18 d\u00e9cembre 2024 que 25 000 familles b\u00e9n\u00e9ficieront d\u2019aides pour f...","breadcrumb":{"@id":"https:\/\/www.webdo.tn\/fr\/actualite\/national\/tunisie-25-mille-familles-concernees-par-les-aides-contre-le-froid\/218425\/#breadcrumb"},"inLanguage":"fr-FR","potentialAction":[{"@type":"ReadAction","target":["https:\/\/www.webdo.tn\/fr\/actualite\/national\/tunisie-25-mille-familles-concernees-par-les-aides-contre-le-froid\/218425\/"]}]},{"@type":"ImageObject","inLanguage":"fr-FR","@id":"https:\/\/www.webdo.tn\/fr\/actualite\/national\/tunisie-25-mille-familles-concernees-par-les-aides-contre-le-froid\/218425\/#primaryimage","url":"https:\/\/www.webdo.tn\/fr\/wp-content\/uploads\/2024\/12\/ed06dadfe5d6ff4a68a6148c97a499b6.webp","contentUrl":"https:\/\/www.webdo.tn\/fr\/wp-content\/uploads\/2024\/12\/ed06dadfe5d6ff4a68a6148c97a499b6.webp","width":750,"height":400,"caption":"Tunisie : 25 mille familles concern\u00e9es par les aides contre le froid"},{"@type":"BreadcrumbList","@id":"https:\/\/www.webdo.tn\/fr\/actualite\/national\/tunisie-25-mille-familles-concernees-par-les-aides-contre-le-froid\/218425\/#breadcrumb","itemListElement":[{"@type":"ListItem","position":1,"name":"Accueil","item":"https:\/\/www.webdo.tn\/fr\/"},{"@type":"ListItem","position":2,"name":"Tunisie : 25 mille familles concern\u00e9es par les aides contre le froid"}]},{"@type":"WebSite","@id":"https:\/\/www.webdo.tn\/fr\/#website","url":"https:\/\/www.webdo.tn\/fr\/","name":"webdo","description":"Tunisie - News en Tunisie et \u00e0 l&#039;international sur Webdo.tn","publisher":{"@id":"https:\/\/www.webdo.tn\/fr\/#organization"},"potentialAction":[{"@type":"SearchAction","target":{"@type":"EntryPoint","urlTemplate":"https:\/\/www.webdo.tn\/fr\/?s={search_term_string}"},"query-input":{"@type":"PropertyValueSpecification","valueRequired":true,"valueName":"search_term_string"}}],"inLanguage":"fr-FR"},{"@type":"Organization","@id":"https:\/\/www.webdo.tn\/fr\/#organization","name":"Webdo","alternateName":"Webdo.tn","url":"https:\/\/www.webdo.tn\/fr\/","logo":{"@type":"ImageObject","inLanguage":"fr-FR","@id":"https:\/\/www.webdo.tn\/fr\/#\/schema\/logo\/image\/","url":"https:\/\/www.webdo.tn\/fr\/wp-content\/uploads\/2025\/06\/Webdo-Tunisie_168377.jpg","contentUrl":"https:\/\/www.webdo.tn\/fr\/wp-content\/uploads\/2025\/06\/Webdo-Tunisie_168377.jpg","width":301,"height":301,"caption":"Webdo"},"image":{"@id":"https:\/\/www.webdo.tn\/fr\/#\/schema\/logo\/image\/"},"sameAs":["https:\/\/www.facebook.com\/webdotn","https:\/\/x.com\/webdo_tn"],"description":"Webdo est un m\u00e9dia num\u00e9rique tunisien fond\u00e9 en 2010, sp\u00e9cialis\u00e9 dans l\u2019actualit\u00e9 nationale et internationale, l\u2019\u00e9conomie, la soci\u00e9t\u00e9 et les analyses politiques. Le site s\u2019adresse \u00e0 un large public francophone et couvre l\u2019information tunisienne en temps r\u00e9el.","email":"redac@webdo.tn","legalName":"YNJ SARL","foundingDate":"2010-09-06","numberOfEmployees":{"@type":"QuantitativeValue","minValue":"11","maxValue":"50"}},{"@type":"Person","@id":"https:\/\/www.webdo.tn\/fr\/#\/schema\/person\/82ca085b22037d285e1a3c4b65ba5f71","name":"KJ","image":{"@type":"ImageObject","inLanguage":"fr-FR","@id":"https:\/\/secure.gravatar.com\/avatar\/1a1320de1c1971c893f00068f760b4113d69504aa21273da17ee95650c5944fd?s=96&d=mm&r=g","url":"https:\/\/secure.gravatar.com\/avatar\/1a1320de1c1971c893f00068f760b4113d69504aa21273da17ee95650c5944fd?s=96&d=mm&r=g","contentUrl":"https:\/\/secure.gravatar.com\/avatar\/1a1320de1c1971c893f00068f760b4113d69504aa21273da17ee95650c5944fd?s=96&d=mm&r=g","caption":"KJ"},"url":"https:\/\/www.webdo.tn\/fr\/actualite\/author\/kj\/"}]}},"_links":{"self":[{"href":"https:\/\/www.webdo.tn\/fr\/wp-json\/wp\/v2\/posts\/218425","targetHints":{"allow":["GET"]}}],"collection":[{"href":"https:\/\/www.webdo.tn\/fr\/wp-json\/wp\/v2\/posts"}],"about":[{"href":"https:\/\/www.webdo.tn\/fr\/wp-json\/wp\/v2\/types\/post"}],"author":[{"embeddable":true,"href":"https:\/\/www.webdo.tn\/fr\/wp-json\/wp\/v2\/users\/3163"}],"replies":[{"embeddable":true,"href":"https:\/\/www.webdo.tn\/fr\/wp-json\/wp\/v2\/comments?post=218425"}],"version-history":[{"count":0,"href":"https:\/\/www.webdo.tn\/fr\/wp-json\/wp\/v2\/posts\/218425\/revisions"}],"wp:featuredmedia":[{"embeddable":true,"href":"https:\/\/www.webdo.tn\/fr\/wp-json\/wp\/v2\/media\/291557"}],"wp:attachment":[{"href":"https:\/\/www.webdo.tn\/fr\/wp-json\/wp\/v2\/media?parent=218425"}],"wp:term":[{"taxonomy":"category","embeddable":true,"href":"https:\/\/www.webdo.tn\/fr\/wp-json\/wp\/v2\/categories?post=218425"},{"taxonomy":"post_tag","embeddable":true,"href":"https:\/\/www.webdo.tn\/fr\/wp-json\/wp\/v2\/tags?post=218425"}],"curies":[{"name":"wp","href":"https:\/\/api.w.org\/{rel}","templated":true}]}}