{"id":218422,"date":"2024-12-18T12:02:00","date_gmt":"2024-12-18T12:02:00","guid":{"rendered":"https:\/\/www.webdo.tn\/fr\/blog\/2024\/12\/18\/averti-de-son-arrestation-un-trafiquant-de-drogue-quitte-l-italie-pour-la-tunisie\/"},"modified":"2025-05-20T21:45:19","modified_gmt":"2025-05-20T21:45:19","slug":"averti-de-son-arrestation-un-trafiquant-de-drogue-quitte-l-italie-pour-la-tunisie","status":"publish","type":"post","link":"https:\/\/www.webdo.tn\/fr\/actualite\/divers\/averti-de-son-arrestation-un-trafiquant-de-drogue-quitte-l-italie-pour-la-tunisie\/218422\/","title":{"rendered":"Italie : Averti de son arrestation, un trafiquant de drogue fuit en Tunisie"},"content":{"rendered":"<p>Un homme de 37 ans, d\u2019origine tunisienne, suspect\u00e9 par le parquet d\u2019Ascoli Piceno d\u2019\u00eatre \u00e0 la t\u00eate d\u2019un important r\u00e9seau de trafic d\u2019h\u00e9ro\u00efne, a r\u00e9ussi \u00e0 fuir l\u2019Italie apr\u00e8s avoir \u00e9t\u00e9 inform\u00e9 qu\u2019une mesure conservatoire serait prochainement appliqu\u00e9e \u00e0 son encontre.<\/p>\n<p>\t\t\t\t\t\t\t\t\tCette affaire d\u00e9coule de l\u2019application de la r\u00e9cente r\u00e9forme judiciaire italienne, connue sous le nom de \u00ab loi Nordio \u00bb. Celle-ci impose aux juges de notifier les suspects d\u2019une demande de mesure conservatoire, en leur accordant un d\u00e9lai minimum de cinq jours pour pr\u00e9senter des \u00e9l\u00e9ments \u00e0 leur d\u00e9fense avant l\u2019ex\u00e9cution de la d\u00e9cision. \u00a0<\/p>\n<p>Dans ce cas pr\u00e9cis, le juge des enqu\u00eates pr\u00e9liminaires avait \u00e9mis un mandat de d\u00e9tention provisoire en prison contre le suspect, accus\u00e9 de transporter de grandes quantit\u00e9s d\u2019h\u00e9ro\u00efne en provenance d\u2019Asie et de Campanie vers la province d\u2019Ascoli Piceno, notamment dans la Riviera delle Palme, en utilisant des voitures de location.<\/p>\n<p>Conform\u00e9ment \u00e0 la loi, l\u2019homme a \u00e9t\u00e9 notifi\u00e9 le 25 novembre pour un interrogatoire pr\u00e9vu le 11 d\u00e9cembre. Cependant, peu de temps apr\u00e8s avoir re\u00e7u cet avis, il a quitt\u00e9 l\u2019Italie et est devenu introuvable. Les enqu\u00eateurs soup\u00e7onnent qu\u2019il se soit r\u00e9fugi\u00e9 en Tunisie, rapporte La Nuova Riviera. \u00a0<\/p>\n<p>Cet \u00e9pisode met en \u00e9vidence une faille majeure de la r\u00e9forme : l\u2019obligation de pr\u00e9venir les suspects avant l\u2019application de mesures conservatoires leur offre une opportunit\u00e9 d\u2019\u00e9chapper \u00e0 la justice, comme cela s\u2019est produit dans ce cas. \u00a0<\/p>\n<p>Le parquet d\u2019Ascoli Piceno avait ordonn\u00e9 six mesures conservatoires dans cette enqu\u00eate sur la d\u00e9tention et la vente de drogues : trois suspects ont \u00e9t\u00e9 plac\u00e9s en d\u00e9tention, un assign\u00e9 \u00e0 r\u00e9sidence, et deux soumis \u00e0 une obligation de signature. Parmi eux figure \u00e9galement une femme d\u2019origine tunisienne, pour laquelle seule une obligation de signature a \u00e9t\u00e9 impos\u00e9e.<\/p>\n","protected":false},"excerpt":{"rendered":"<p>Un homme de 37 ans, d\u2019origine tunisienne, suspect\u00e9 par le parquet d\u2019Ascoli Piceno d\u2019\u00eatre \u00e0 la t\u00eate d\u2019un important r\u00e9seau de trafic d\u2019h\u00e9ro\u00efne, a r\u00e9ussi \u00e0 fuir l\u2019&#8230;<\/p>\n","protected":false},"author":3162,"featured_media":243404,"comment_status":"open","ping_status":"open","sticky":false,"template":"","format":"standard","meta":{"footnotes":""},"categories":[2839],"tags":[2644,3376,4707,2660,4706,2608],"class_list":["post-218422","post","type-post","status-publish","format-standard","has-post-thumbnail","hentry","category-divers","tag-drogue","tag-fuite","tag-heroine","tag-italie","tag-suspect","tag-tunisie"],"yoast_head":"<!-- This site is optimized with the Yoast SEO Premium plugin v27.5 (Yoast SEO v27.5) - https:\/\/yoast.com\/product\/yoast-seo-premium-wordpress\/ -->\n<title>Italie : Averti de son arrestation, un trafiquant de drogue fuit en Tunisie<\/title>\n<meta name=\"description\" content=\"Un homme de 37 ans, d\u2019origine tunisienne, suspect\u00e9 par le parquet d\u2019Ascoli Piceno d\u2019\u00eatre \u00e0 la t\u00eate d\u2019un important r\u00e9seau de trafic d\u2019h\u00e9ro\u00efne, a r\u00e9ussi \u00e0 fuir l\u2019...\" \/>\n<link rel=\"canonical\" href=\"https:\/\/www.webdo.tn\/fr\/actualite\/divers\/averti-de-son-arrestation-un-trafiquant-de-drogue-quitte-l-italie-pour-la-tunisie\/218422\/\" \/>\n<meta property=\"og:locale\" content=\"fr_FR\" \/>\n<meta property=\"og:type\" content=\"article\" \/>\n<meta property=\"og:title\" content=\"Italie : Averti de son arrestation, un trafiquant de drogue fuit en Tunisie\" \/>\n<meta property=\"og:description\" content=\"Un homme de 37 ans, d\u2019origine tunisienne, suspect\u00e9 par le parquet d\u2019Ascoli Piceno d\u2019\u00eatre \u00e0 la t\u00eate d\u2019un important r\u00e9seau de trafic d\u2019h\u00e9ro\u00efne, a r\u00e9ussi \u00e0 fuir l\u2019...\" \/>\n<meta property=\"og:url\" content=\"https:\/\/www.webdo.tn\/fr\/actualite\/divers\/averti-de-son-arrestation-un-trafiquant-de-drogue-quitte-l-italie-pour-la-tunisie\/218422\/\" \/>\n<meta property=\"og:site_name\" content=\"webdo\" \/>\n<meta property=\"article:publisher\" content=\"https:\/\/www.facebook.com\/webdotn\" \/>\n<meta property=\"article:published_time\" content=\"2024-12-18T12:02:00+00:00\" \/>\n<meta property=\"article:modified_time\" content=\"2025-05-20T21:45:19+00:00\" \/>\n<meta property=\"og:image\" content=\"https:\/\/www.webdo.tn\/fr\/wp-content\/uploads\/2025\/05\/f17ba89aa7e412b503a3478968564b5b-2.webp\" \/>\n\t<meta property=\"og:image:width\" content=\"650\" \/>\n\t<meta property=\"og:image:height\" content=\"347\" \/>\n\t<meta property=\"og:image:type\" content=\"image\/webp\" \/>\n<meta name=\"author\" content=\"MC\" \/>\n<meta name=\"twitter:card\" content=\"summary_large_image\" \/>\n<meta name=\"twitter:creator\" content=\"@webdo_tn\" \/>\n<meta name=\"twitter:site\" content=\"@webdo_tn\" \/>\n<meta name=\"twitter:label1\" content=\"\u00c9crit par\" \/>\n\t<meta name=\"twitter:data1\" content=\"MC\" \/>\n\t<meta name=\"twitter:label2\" content=\"Dur\u00e9e de lecture estim\u00e9e\" \/>\n\t<meta name=\"twitter:data2\" content=\"2 minutes\" \/>\n<script type=\"application\/ld+json\" class=\"yoast-schema-graph\">{\"@context\":\"https:\\\/\\\/schema.org\",\"@graph\":[{\"@type\":\"NewsArticle\",\"@id\":\"https:\\\/\\\/www.webdo.tn\\\/fr\\\/actualite\\\/divers\\\/averti-de-son-arrestation-un-trafiquant-de-drogue-quitte-l-italie-pour-la-tunisie\\\/218422\\\/#article\",\"isPartOf\":{\"@id\":\"https:\\\/\\\/www.webdo.tn\\\/fr\\\/actualite\\\/divers\\\/averti-de-son-arrestation-un-trafiquant-de-drogue-quitte-l-italie-pour-la-tunisie\\\/218422\\\/\"},\"author\":{\"name\":\"MC\",\"@id\":\"https:\\\/\\\/www.webdo.tn\\\/fr\\\/#\\\/schema\\\/person\\\/2c4929cbf5a809e3bd38617c6ce150f6\"},\"headline\":\"Italie : Averti de son arrestation, un trafiquant de drogue fuit en Tunisie\",\"datePublished\":\"2024-12-18T12:02:00+00:00\",\"dateModified\":\"2025-05-20T21:45:19+00:00\",\"mainEntityOfPage\":{\"@id\":\"https:\\\/\\\/www.webdo.tn\\\/fr\\\/actualite\\\/divers\\\/averti-de-son-arrestation-un-trafiquant-de-drogue-quitte-l-italie-pour-la-tunisie\\\/218422\\\/\"},\"wordCount\":347,\"commentCount\":0,\"publisher\":{\"@id\":\"https:\\\/\\\/www.webdo.tn\\\/fr\\\/#organization\"},\"image\":{\"@id\":\"https:\\\/\\\/www.webdo.tn\\\/fr\\\/actualite\\\/divers\\\/averti-de-son-arrestation-un-trafiquant-de-drogue-quitte-l-italie-pour-la-tunisie\\\/218422\\\/#primaryimage\"},\"thumbnailUrl\":\"https:\\\/\\\/www.webdo.tn\\\/fr\\\/wp-content\\\/uploads\\\/2025\\\/05\\\/f17ba89aa7e412b503a3478968564b5b-2.webp\",\"keywords\":[\"drogue\",\"fuite\",\"h\u00e9ro\u00efne\",\"Italie\",\"suspect\",\"Tunisie\"],\"articleSection\":[\"Divers\"],\"inLanguage\":\"fr-FR\"},{\"@type\":\"WebPage\",\"@id\":\"https:\\\/\\\/www.webdo.tn\\\/fr\\\/actualite\\\/divers\\\/averti-de-son-arrestation-un-trafiquant-de-drogue-quitte-l-italie-pour-la-tunisie\\\/218422\\\/\",\"url\":\"https:\\\/\\\/www.webdo.tn\\\/fr\\\/actualite\\\/divers\\\/averti-de-son-arrestation-un-trafiquant-de-drogue-quitte-l-italie-pour-la-tunisie\\\/218422\\\/\",\"name\":\"Italie : Averti de son arrestation, un trafiquant de drogue fuit en Tunisie\",\"isPartOf\":{\"@id\":\"https:\\\/\\\/www.webdo.tn\\\/fr\\\/#website\"},\"primaryImageOfPage\":{\"@id\":\"https:\\\/\\\/www.webdo.tn\\\/fr\\\/actualite\\\/divers\\\/averti-de-son-arrestation-un-trafiquant-de-drogue-quitte-l-italie-pour-la-tunisie\\\/218422\\\/#primaryimage\"},\"image\":{\"@id\":\"https:\\\/\\\/www.webdo.tn\\\/fr\\\/actualite\\\/divers\\\/averti-de-son-arrestation-un-trafiquant-de-drogue-quitte-l-italie-pour-la-tunisie\\\/218422\\\/#primaryimage\"},\"thumbnailUrl\":\"https:\\\/\\\/www.webdo.tn\\\/fr\\\/wp-content\\\/uploads\\\/2025\\\/05\\\/f17ba89aa7e412b503a3478968564b5b-2.webp\",\"datePublished\":\"2024-12-18T12:02:00+00:00\",\"dateModified\":\"2025-05-20T21:45:19+00:00\",\"description\":\"Un homme de 37 ans, d\u2019origine tunisienne, suspect\u00e9 par le parquet d\u2019Ascoli Piceno d\u2019\u00eatre \u00e0 la t\u00eate d\u2019un important r\u00e9seau de trafic d\u2019h\u00e9ro\u00efne, a r\u00e9ussi \u00e0 fuir l\u2019...\",\"breadcrumb\":{\"@id\":\"https:\\\/\\\/www.webdo.tn\\\/fr\\\/actualite\\\/divers\\\/averti-de-son-arrestation-un-trafiquant-de-drogue-quitte-l-italie-pour-la-tunisie\\\/218422\\\/#breadcrumb\"},\"inLanguage\":\"fr-FR\",\"potentialAction\":[{\"@type\":\"ReadAction\",\"target\":[\"https:\\\/\\\/www.webdo.tn\\\/fr\\\/actualite\\\/divers\\\/averti-de-son-arrestation-un-trafiquant-de-drogue-quitte-l-italie-pour-la-tunisie\\\/218422\\\/\"]}]},{\"@type\":\"ImageObject\",\"inLanguage\":\"fr-FR\",\"@id\":\"https:\\\/\\\/www.webdo.tn\\\/fr\\\/actualite\\\/divers\\\/averti-de-son-arrestation-un-trafiquant-de-drogue-quitte-l-italie-pour-la-tunisie\\\/218422\\\/#primaryimage\",\"url\":\"https:\\\/\\\/www.webdo.tn\\\/fr\\\/wp-content\\\/uploads\\\/2025\\\/05\\\/f17ba89aa7e412b503a3478968564b5b-2.webp\",\"contentUrl\":\"https:\\\/\\\/www.webdo.tn\\\/fr\\\/wp-content\\\/uploads\\\/2025\\\/05\\\/f17ba89aa7e412b503a3478968564b5b-2.webp\",\"width\":650,\"height\":347},{\"@type\":\"BreadcrumbList\",\"@id\":\"https:\\\/\\\/www.webdo.tn\\\/fr\\\/actualite\\\/divers\\\/averti-de-son-arrestation-un-trafiquant-de-drogue-quitte-l-italie-pour-la-tunisie\\\/218422\\\/#breadcrumb\",\"itemListElement\":[{\"@type\":\"ListItem\",\"position\":1,\"name\":\"Accueil\",\"item\":\"https:\\\/\\\/www.webdo.tn\\\/fr\\\/\"},{\"@type\":\"ListItem\",\"position\":2,\"name\":\"Italie : Averti de son arrestation, un trafiquant de drogue fuit en Tunisie\"}]},{\"@type\":\"WebSite\",\"@id\":\"https:\\\/\\\/www.webdo.tn\\\/fr\\\/#website\",\"url\":\"https:\\\/\\\/www.webdo.tn\\\/fr\\\/\",\"name\":\"webdo\",\"description\":\"Tunisie - News en Tunisie et \u00e0 l&#039;international sur Webdo.tn\",\"publisher\":{\"@id\":\"https:\\\/\\\/www.webdo.tn\\\/fr\\\/#organization\"},\"potentialAction\":[{\"@type\":\"SearchAction\",\"target\":{\"@type\":\"EntryPoint\",\"urlTemplate\":\"https:\\\/\\\/www.webdo.tn\\\/fr\\\/?s={search_term_string}\"},\"query-input\":{\"@type\":\"PropertyValueSpecification\",\"valueRequired\":true,\"valueName\":\"search_term_string\"}}],\"inLanguage\":\"fr-FR\"},{\"@type\":\"Organization\",\"@id\":\"https:\\\/\\\/www.webdo.tn\\\/fr\\\/#organization\",\"name\":\"Webdo\",\"alternateName\":\"Webdo.tn\",\"url\":\"https:\\\/\\\/www.webdo.tn\\\/fr\\\/\",\"logo\":{\"@type\":\"ImageObject\",\"inLanguage\":\"fr-FR\",\"@id\":\"https:\\\/\\\/www.webdo.tn\\\/fr\\\/#\\\/schema\\\/logo\\\/image\\\/\",\"url\":\"https:\\\/\\\/www.webdo.tn\\\/fr\\\/wp-content\\\/uploads\\\/2025\\\/06\\\/Webdo-Tunisie_168377.jpg\",\"contentUrl\":\"https:\\\/\\\/www.webdo.tn\\\/fr\\\/wp-content\\\/uploads\\\/2025\\\/06\\\/Webdo-Tunisie_168377.jpg\",\"width\":301,\"height\":301,\"caption\":\"Webdo\"},\"image\":{\"@id\":\"https:\\\/\\\/www.webdo.tn\\\/fr\\\/#\\\/schema\\\/logo\\\/image\\\/\"},\"sameAs\":[\"https:\\\/\\\/www.facebook.com\\\/webdotn\",\"https:\\\/\\\/x.com\\\/webdo_tn\"],\"description\":\"Webdo est un m\u00e9dia num\u00e9rique tunisien fond\u00e9 en 2010, sp\u00e9cialis\u00e9 dans l\u2019actualit\u00e9 nationale et internationale, l\u2019\u00e9conomie, la soci\u00e9t\u00e9 et les analyses politiques. Le site s\u2019adresse \u00e0 un large public francophone et couvre l\u2019information tunisienne en temps r\u00e9el.\",\"email\":\"redac@webdo.tn\",\"legalName\":\"YNJ SARL\",\"foundingDate\":\"2010-09-06\",\"numberOfEmployees\":{\"@type\":\"QuantitativeValue\",\"minValue\":\"11\",\"maxValue\":\"50\"}},{\"@type\":\"Person\",\"@id\":\"https:\\\/\\\/www.webdo.tn\\\/fr\\\/#\\\/schema\\\/person\\\/2c4929cbf5a809e3bd38617c6ce150f6\",\"name\":\"MC\",\"image\":{\"@type\":\"ImageObject\",\"inLanguage\":\"fr-FR\",\"@id\":\"https:\\\/\\\/secure.gravatar.com\\\/avatar\\\/a545bbb6f84efdd5553dbbc2895e3ca8f1d12c5215e00a041c9670b54aa9b18a?s=96&d=mm&r=g\",\"url\":\"https:\\\/\\\/secure.gravatar.com\\\/avatar\\\/a545bbb6f84efdd5553dbbc2895e3ca8f1d12c5215e00a041c9670b54aa9b18a?s=96&d=mm&r=g\",\"contentUrl\":\"https:\\\/\\\/secure.gravatar.com\\\/avatar\\\/a545bbb6f84efdd5553dbbc2895e3ca8f1d12c5215e00a041c9670b54aa9b18a?s=96&d=mm&r=g\",\"caption\":\"MC\"},\"url\":\"https:\\\/\\\/www.webdo.tn\\\/fr\\\/actualite\\\/author\\\/mc\\\/\"}]}<\/script>\n<!-- \/ Yoast SEO Premium plugin. -->","yoast_head_json":{"title":"Italie : Averti de son arrestation, un trafiquant de drogue fuit en Tunisie","description":"Un homme de 37 ans, d\u2019origine tunisienne, suspect\u00e9 par le parquet d\u2019Ascoli Piceno d\u2019\u00eatre \u00e0 la t\u00eate d\u2019un important r\u00e9seau de trafic d\u2019h\u00e9ro\u00efne, a r\u00e9ussi \u00e0 fuir l\u2019...","canonical":"https:\/\/www.webdo.tn\/fr\/actualite\/divers\/averti-de-son-arrestation-un-trafiquant-de-drogue-quitte-l-italie-pour-la-tunisie\/218422\/","og_locale":"fr_FR","og_type":"article","og_title":"Italie : Averti de son arrestation, un trafiquant de drogue fuit en Tunisie","og_description":"Un homme de 37 ans, d\u2019origine tunisienne, suspect\u00e9 par le parquet d\u2019Ascoli Piceno d\u2019\u00eatre \u00e0 la t\u00eate d\u2019un important r\u00e9seau de trafic d\u2019h\u00e9ro\u00efne, a r\u00e9ussi \u00e0 fuir l\u2019...","og_url":"https:\/\/www.webdo.tn\/fr\/actualite\/divers\/averti-de-son-arrestation-un-trafiquant-de-drogue-quitte-l-italie-pour-la-tunisie\/218422\/","og_site_name":"webdo","article_publisher":"https:\/\/www.facebook.com\/webdotn","article_published_time":"2024-12-18T12:02:00+00:00","article_modified_time":"2025-05-20T21:45:19+00:00","og_image":[{"width":650,"height":347,"url":"https:\/\/www.webdo.tn\/fr\/wp-content\/uploads\/2025\/05\/f17ba89aa7e412b503a3478968564b5b-2.webp","type":"image\/webp"}],"author":"MC","twitter_card":"summary_large_image","twitter_creator":"@webdo_tn","twitter_site":"@webdo_tn","twitter_misc":{"\u00c9crit par":"MC","Dur\u00e9e de lecture estim\u00e9e":"2 minutes"},"schema":{"@context":"https:\/\/schema.org","@graph":[{"@type":"NewsArticle","@id":"https:\/\/www.webdo.tn\/fr\/actualite\/divers\/averti-de-son-arrestation-un-trafiquant-de-drogue-quitte-l-italie-pour-la-tunisie\/218422\/#article","isPartOf":{"@id":"https:\/\/www.webdo.tn\/fr\/actualite\/divers\/averti-de-son-arrestation-un-trafiquant-de-drogue-quitte-l-italie-pour-la-tunisie\/218422\/"},"author":{"name":"MC","@id":"https:\/\/www.webdo.tn\/fr\/#\/schema\/person\/2c4929cbf5a809e3bd38617c6ce150f6"},"headline":"Italie : Averti de son arrestation, un trafiquant de drogue fuit en Tunisie","datePublished":"2024-12-18T12:02:00+00:00","dateModified":"2025-05-20T21:45:19+00:00","mainEntityOfPage":{"@id":"https:\/\/www.webdo.tn\/fr\/actualite\/divers\/averti-de-son-arrestation-un-trafiquant-de-drogue-quitte-l-italie-pour-la-tunisie\/218422\/"},"wordCount":347,"commentCount":0,"publisher":{"@id":"https:\/\/www.webdo.tn\/fr\/#organization"},"image":{"@id":"https:\/\/www.webdo.tn\/fr\/actualite\/divers\/averti-de-son-arrestation-un-trafiquant-de-drogue-quitte-l-italie-pour-la-tunisie\/218422\/#primaryimage"},"thumbnailUrl":"https:\/\/www.webdo.tn\/fr\/wp-content\/uploads\/2025\/05\/f17ba89aa7e412b503a3478968564b5b-2.webp","keywords":["drogue","fuite","h\u00e9ro\u00efne","Italie","suspect","Tunisie"],"articleSection":["Divers"],"inLanguage":"fr-FR"},{"@type":"WebPage","@id":"https:\/\/www.webdo.tn\/fr\/actualite\/divers\/averti-de-son-arrestation-un-trafiquant-de-drogue-quitte-l-italie-pour-la-tunisie\/218422\/","url":"https:\/\/www.webdo.tn\/fr\/actualite\/divers\/averti-de-son-arrestation-un-trafiquant-de-drogue-quitte-l-italie-pour-la-tunisie\/218422\/","name":"Italie : Averti de son arrestation, un trafiquant de drogue fuit en Tunisie","isPartOf":{"@id":"https:\/\/www.webdo.tn\/fr\/#website"},"primaryImageOfPage":{"@id":"https:\/\/www.webdo.tn\/fr\/actualite\/divers\/averti-de-son-arrestation-un-trafiquant-de-drogue-quitte-l-italie-pour-la-tunisie\/218422\/#primaryimage"},"image":{"@id":"https:\/\/www.webdo.tn\/fr\/actualite\/divers\/averti-de-son-arrestation-un-trafiquant-de-drogue-quitte-l-italie-pour-la-tunisie\/218422\/#primaryimage"},"thumbnailUrl":"https:\/\/www.webdo.tn\/fr\/wp-content\/uploads\/2025\/05\/f17ba89aa7e412b503a3478968564b5b-2.webp","datePublished":"2024-12-18T12:02:00+00:00","dateModified":"2025-05-20T21:45:19+00:00","description":"Un homme de 37 ans, d\u2019origine tunisienne, suspect\u00e9 par le parquet d\u2019Ascoli Piceno d\u2019\u00eatre \u00e0 la t\u00eate d\u2019un important r\u00e9seau de trafic d\u2019h\u00e9ro\u00efne, a r\u00e9ussi \u00e0 fuir l\u2019...","breadcrumb":{"@id":"https:\/\/www.webdo.tn\/fr\/actualite\/divers\/averti-de-son-arrestation-un-trafiquant-de-drogue-quitte-l-italie-pour-la-tunisie\/218422\/#breadcrumb"},"inLanguage":"fr-FR","potentialAction":[{"@type":"ReadAction","target":["https:\/\/www.webdo.tn\/fr\/actualite\/divers\/averti-de-son-arrestation-un-trafiquant-de-drogue-quitte-l-italie-pour-la-tunisie\/218422\/"]}]},{"@type":"ImageObject","inLanguage":"fr-FR","@id":"https:\/\/www.webdo.tn\/fr\/actualite\/divers\/averti-de-son-arrestation-un-trafiquant-de-drogue-quitte-l-italie-pour-la-tunisie\/218422\/#primaryimage","url":"https:\/\/www.webdo.tn\/fr\/wp-content\/uploads\/2025\/05\/f17ba89aa7e412b503a3478968564b5b-2.webp","contentUrl":"https:\/\/www.webdo.tn\/fr\/wp-content\/uploads\/2025\/05\/f17ba89aa7e412b503a3478968564b5b-2.webp","width":650,"height":347},{"@type":"BreadcrumbList","@id":"https:\/\/www.webdo.tn\/fr\/actualite\/divers\/averti-de-son-arrestation-un-trafiquant-de-drogue-quitte-l-italie-pour-la-tunisie\/218422\/#breadcrumb","itemListElement":[{"@type":"ListItem","position":1,"name":"Accueil","item":"https:\/\/www.webdo.tn\/fr\/"},{"@type":"ListItem","position":2,"name":"Italie : Averti de son arrestation, un trafiquant de drogue fuit en Tunisie"}]},{"@type":"WebSite","@id":"https:\/\/www.webdo.tn\/fr\/#website","url":"https:\/\/www.webdo.tn\/fr\/","name":"webdo","description":"Tunisie - News en Tunisie et \u00e0 l&#039;international sur Webdo.tn","publisher":{"@id":"https:\/\/www.webdo.tn\/fr\/#organization"},"potentialAction":[{"@type":"SearchAction","target":{"@type":"EntryPoint","urlTemplate":"https:\/\/www.webdo.tn\/fr\/?s={search_term_string}"},"query-input":{"@type":"PropertyValueSpecification","valueRequired":true,"valueName":"search_term_string"}}],"inLanguage":"fr-FR"},{"@type":"Organization","@id":"https:\/\/www.webdo.tn\/fr\/#organization","name":"Webdo","alternateName":"Webdo.tn","url":"https:\/\/www.webdo.tn\/fr\/","logo":{"@type":"ImageObject","inLanguage":"fr-FR","@id":"https:\/\/www.webdo.tn\/fr\/#\/schema\/logo\/image\/","url":"https:\/\/www.webdo.tn\/fr\/wp-content\/uploads\/2025\/06\/Webdo-Tunisie_168377.jpg","contentUrl":"https:\/\/www.webdo.tn\/fr\/wp-content\/uploads\/2025\/06\/Webdo-Tunisie_168377.jpg","width":301,"height":301,"caption":"Webdo"},"image":{"@id":"https:\/\/www.webdo.tn\/fr\/#\/schema\/logo\/image\/"},"sameAs":["https:\/\/www.facebook.com\/webdotn","https:\/\/x.com\/webdo_tn"],"description":"Webdo est un m\u00e9dia num\u00e9rique tunisien fond\u00e9 en 2010, sp\u00e9cialis\u00e9 dans l\u2019actualit\u00e9 nationale et internationale, l\u2019\u00e9conomie, la soci\u00e9t\u00e9 et les analyses politiques. Le site s\u2019adresse \u00e0 un large public francophone et couvre l\u2019information tunisienne en temps r\u00e9el.","email":"redac@webdo.tn","legalName":"YNJ SARL","foundingDate":"2010-09-06","numberOfEmployees":{"@type":"QuantitativeValue","minValue":"11","maxValue":"50"}},{"@type":"Person","@id":"https:\/\/www.webdo.tn\/fr\/#\/schema\/person\/2c4929cbf5a809e3bd38617c6ce150f6","name":"MC","image":{"@type":"ImageObject","inLanguage":"fr-FR","@id":"https:\/\/secure.gravatar.com\/avatar\/a545bbb6f84efdd5553dbbc2895e3ca8f1d12c5215e00a041c9670b54aa9b18a?s=96&d=mm&r=g","url":"https:\/\/secure.gravatar.com\/avatar\/a545bbb6f84efdd5553dbbc2895e3ca8f1d12c5215e00a041c9670b54aa9b18a?s=96&d=mm&r=g","contentUrl":"https:\/\/secure.gravatar.com\/avatar\/a545bbb6f84efdd5553dbbc2895e3ca8f1d12c5215e00a041c9670b54aa9b18a?s=96&d=mm&r=g","caption":"MC"},"url":"https:\/\/www.webdo.tn\/fr\/actualite\/author\/mc\/"}]}},"_links":{"self":[{"href":"https:\/\/www.webdo.tn\/fr\/wp-json\/wp\/v2\/posts\/218422","targetHints":{"allow":["GET"]}}],"collection":[{"href":"https:\/\/www.webdo.tn\/fr\/wp-json\/wp\/v2\/posts"}],"about":[{"href":"https:\/\/www.webdo.tn\/fr\/wp-json\/wp\/v2\/types\/post"}],"author":[{"embeddable":true,"href":"https:\/\/www.webdo.tn\/fr\/wp-json\/wp\/v2\/users\/3162"}],"replies":[{"embeddable":true,"href":"https:\/\/www.webdo.tn\/fr\/wp-json\/wp\/v2\/comments?post=218422"}],"version-history":[{"count":0,"href":"https:\/\/www.webdo.tn\/fr\/wp-json\/wp\/v2\/posts\/218422\/revisions"}],"wp:featuredmedia":[{"embeddable":true,"href":"https:\/\/www.webdo.tn\/fr\/wp-json\/wp\/v2\/media\/243404"}],"wp:attachment":[{"href":"https:\/\/www.webdo.tn\/fr\/wp-json\/wp\/v2\/media?parent=218422"}],"wp:term":[{"taxonomy":"category","embeddable":true,"href":"https:\/\/www.webdo.tn\/fr\/wp-json\/wp\/v2\/categories?post=218422"},{"taxonomy":"post_tag","embeddable":true,"href":"https:\/\/www.webdo.tn\/fr\/wp-json\/wp\/v2\/tags?post=218422"}],"curies":[{"name":"wp","href":"https:\/\/api.w.org\/{rel}","templated":true}]}}