{"id":218410,"date":"2024-12-18T08:05:00","date_gmt":"2024-12-18T08:05:00","guid":{"rendered":"https:\/\/www.webdo.tn\/fr\/blog\/2024\/12\/18\/tunisie-tunis-carthage-atteint-sept-millions-de-passagers-un-record\/"},"modified":"2025-05-20T22:21:06","modified_gmt":"2025-05-20T22:21:06","slug":"tunisie-tunis-carthage-atteint-sept-millions-de-passagers-un-record","status":"publish","type":"post","link":"https:\/\/www.webdo.tn\/fr\/actualite\/national\/tunisie-tunis-carthage-atteint-sept-millions-de-passagers-un-record\/218410\/","title":{"rendered":"Tunisie : Tunis-Carthage atteint sept millions de passagers, un record !"},"content":{"rendered":"<p>L\u2019a\u00e9roport de Tunis-Carthage a c\u00e9l\u00e9br\u00e9, hier lundi 16 d\u00e9cembre 2024, l\u2019atteinte du cap des 7 millions de passagers, \u00e9tablissant ainsi un nouveau record.<\/p>\n<p>\t\t\t\t\t\t\t\t\tL\u2019Office de l\u2019Aviation Civile et des A\u00e9roports (OACA) a publi\u00e9 des photos de l\u2019arriv\u00e9e du 7 millioni\u00e8me passager, pr\u00e9cisant dans un communiqu\u00e9 que ce \u00ab record a \u00e9t\u00e9 r\u00e9alis\u00e9 gr\u00e2ce aux efforts d\u00e9ploy\u00e9s par toutes les parties impliqu\u00e9es dans l\u2019a\u00e9roport \u00bb.<\/p>\n<p>D\u00e9but d\u00e9cembre, Amel Ben Milad, directrice de la communication de l\u2019OACA, avait d\u00e9clar\u00e9 \u00e0 Mosa\u00efque FM que le nombre de passagers devrait d\u00e9passer les 7 millions d\u2019ici la fin de l\u2019ann\u00e9e en cours.<\/p>\n<p>Jusqu\u2019\u00e0 fin novembre 2024, le nombre de passagers ayant transit\u00e9 par l\u2019a\u00e9roport de Tunis-Carthage a d\u00e9pass\u00e9 les 6,6 millions, enregistrant une hausse de 8,8 % par rapport \u00e0 l\u2019ann\u00e9e pr\u00e9c\u00e9dente.<\/p>\n<p>Au cours des 11 premiers mois de cette ann\u00e9e, 54 015 vols ont d\u00e9coll\u00e9 ou atterri \u00e0 l\u2019a\u00e9roport de Tunis-Carthage, marquant une augmentation de 4,8 % de l\u2019activit\u00e9 commerciale de l\u2019a\u00e9roport.<\/p>\n","protected":false},"excerpt":{"rendered":"<p>L\u2019Office de l\u2019Aviation Civile et des A\u00e9roports (OACA) a publi\u00e9 des photos de l\u2019arriv\u00e9e du 7 millioni\u00e8me passager, pr\u00e9cisant dans un communiqu\u00e9 que ce \u00ab record a&#8230;<\/p>\n","protected":false},"author":3163,"featured_media":243390,"comment_status":"open","ping_status":"open","sticky":false,"template":"","format":"standard","meta":{"footnotes":""},"categories":[44],"tags":[3974,3458,2608,4698],"class_list":["post-218410","post","type-post","status-publish","format-standard","has-post-thumbnail","hentry","category-national","tag-aeroport","tag-tunis-carthage","tag-tunisie","tag-voyageur"],"yoast_head":"<!-- This site is optimized with the Yoast SEO Premium plugin v27.5 (Yoast SEO v27.5) - https:\/\/yoast.com\/product\/yoast-seo-premium-wordpress\/ -->\n<title>Tunisie : Tunis-Carthage atteint sept millions de passagers, un record !<\/title>\n<meta name=\"description\" content=\"L\u2019Office de l\u2019Aviation Civile et des A\u00e9roports (OACA) a publi\u00e9 des photos de l\u2019arriv\u00e9e du 7 millioni\u00e8me passager, pr\u00e9cisant dans un communiqu\u00e9 que ce \u00ab record a...\" \/>\n<link rel=\"canonical\" href=\"https:\/\/www.webdo.tn\/fr\/actualite\/national\/tunisie-tunis-carthage-atteint-sept-millions-de-passagers-un-record\/218410\/\" \/>\n<meta property=\"og:locale\" content=\"fr_FR\" \/>\n<meta property=\"og:type\" content=\"article\" \/>\n<meta property=\"og:title\" content=\"Tunisie : Tunis-Carthage atteint sept millions de passagers, un record !\" \/>\n<meta property=\"og:description\" content=\"L\u2019Office de l\u2019Aviation Civile et des A\u00e9roports (OACA) a publi\u00e9 des photos de l\u2019arriv\u00e9e du 7 millioni\u00e8me passager, pr\u00e9cisant dans un communiqu\u00e9 que ce \u00ab record a...\" \/>\n<meta property=\"og:url\" content=\"https:\/\/www.webdo.tn\/fr\/actualite\/national\/tunisie-tunis-carthage-atteint-sept-millions-de-passagers-un-record\/218410\/\" \/>\n<meta property=\"og:site_name\" content=\"webdo\" \/>\n<meta property=\"article:publisher\" content=\"https:\/\/www.facebook.com\/webdotn\" \/>\n<meta property=\"article:published_time\" content=\"2024-12-18T08:05:00+00:00\" \/>\n<meta property=\"article:modified_time\" content=\"2025-05-20T22:21:06+00:00\" \/>\n<meta property=\"og:image\" content=\"https:\/\/www.webdo.tn\/fr\/wp-content\/uploads\/2025\/05\/b3361469f1cf0d6c71bfcbedb4c5fb5b-2.webp\" \/>\n\t<meta property=\"og:image:width\" content=\"750\" \/>\n\t<meta property=\"og:image:height\" content=\"400\" \/>\n\t<meta property=\"og:image:type\" content=\"image\/webp\" \/>\n<meta name=\"author\" content=\"KJ\" \/>\n<meta name=\"twitter:card\" content=\"summary_large_image\" \/>\n<meta name=\"twitter:creator\" content=\"@webdo_tn\" \/>\n<meta name=\"twitter:site\" content=\"@webdo_tn\" \/>\n<meta name=\"twitter:label1\" content=\"\u00c9crit par\" \/>\n\t<meta name=\"twitter:data1\" content=\"KJ\" \/>\n\t<meta name=\"twitter:label2\" content=\"Dur\u00e9e de lecture estim\u00e9e\" \/>\n\t<meta name=\"twitter:data2\" content=\"1 minute\" \/>\n<script type=\"application\/ld+json\" class=\"yoast-schema-graph\">{\"@context\":\"https:\\\/\\\/schema.org\",\"@graph\":[{\"@type\":\"NewsArticle\",\"@id\":\"https:\\\/\\\/www.webdo.tn\\\/fr\\\/actualite\\\/national\\\/tunisie-tunis-carthage-atteint-sept-millions-de-passagers-un-record\\\/218410\\\/#article\",\"isPartOf\":{\"@id\":\"https:\\\/\\\/www.webdo.tn\\\/fr\\\/actualite\\\/national\\\/tunisie-tunis-carthage-atteint-sept-millions-de-passagers-un-record\\\/218410\\\/\"},\"author\":{\"name\":\"KJ\",\"@id\":\"https:\\\/\\\/www.webdo.tn\\\/fr\\\/#\\\/schema\\\/person\\\/82ca085b22037d285e1a3c4b65ba5f71\"},\"headline\":\"Tunisie : Tunis-Carthage atteint sept millions de passagers, un record !\",\"datePublished\":\"2024-12-18T08:05:00+00:00\",\"dateModified\":\"2025-05-20T22:21:06+00:00\",\"mainEntityOfPage\":{\"@id\":\"https:\\\/\\\/www.webdo.tn\\\/fr\\\/actualite\\\/national\\\/tunisie-tunis-carthage-atteint-sept-millions-de-passagers-un-record\\\/218410\\\/\"},\"wordCount\":191,\"commentCount\":0,\"publisher\":{\"@id\":\"https:\\\/\\\/www.webdo.tn\\\/fr\\\/#organization\"},\"image\":{\"@id\":\"https:\\\/\\\/www.webdo.tn\\\/fr\\\/actualite\\\/national\\\/tunisie-tunis-carthage-atteint-sept-millions-de-passagers-un-record\\\/218410\\\/#primaryimage\"},\"thumbnailUrl\":\"https:\\\/\\\/www.webdo.tn\\\/fr\\\/wp-content\\\/uploads\\\/2025\\\/05\\\/b3361469f1cf0d6c71bfcbedb4c5fb5b-2.webp\",\"keywords\":[\"a\u00e9roport\",\"Tunis-Carthage\",\"Tunisie\",\"voyageur\"],\"articleSection\":[\"National\"],\"inLanguage\":\"fr-FR\"},{\"@type\":\"WebPage\",\"@id\":\"https:\\\/\\\/www.webdo.tn\\\/fr\\\/actualite\\\/national\\\/tunisie-tunis-carthage-atteint-sept-millions-de-passagers-un-record\\\/218410\\\/\",\"url\":\"https:\\\/\\\/www.webdo.tn\\\/fr\\\/actualite\\\/national\\\/tunisie-tunis-carthage-atteint-sept-millions-de-passagers-un-record\\\/218410\\\/\",\"name\":\"Tunisie : Tunis-Carthage atteint sept millions de passagers, un record !\",\"isPartOf\":{\"@id\":\"https:\\\/\\\/www.webdo.tn\\\/fr\\\/#website\"},\"primaryImageOfPage\":{\"@id\":\"https:\\\/\\\/www.webdo.tn\\\/fr\\\/actualite\\\/national\\\/tunisie-tunis-carthage-atteint-sept-millions-de-passagers-un-record\\\/218410\\\/#primaryimage\"},\"image\":{\"@id\":\"https:\\\/\\\/www.webdo.tn\\\/fr\\\/actualite\\\/national\\\/tunisie-tunis-carthage-atteint-sept-millions-de-passagers-un-record\\\/218410\\\/#primaryimage\"},\"thumbnailUrl\":\"https:\\\/\\\/www.webdo.tn\\\/fr\\\/wp-content\\\/uploads\\\/2025\\\/05\\\/b3361469f1cf0d6c71bfcbedb4c5fb5b-2.webp\",\"datePublished\":\"2024-12-18T08:05:00+00:00\",\"dateModified\":\"2025-05-20T22:21:06+00:00\",\"description\":\"L\u2019Office de l\u2019Aviation Civile et des A\u00e9roports (OACA) a publi\u00e9 des photos de l\u2019arriv\u00e9e du 7 millioni\u00e8me passager, pr\u00e9cisant dans un communiqu\u00e9 que ce \u00ab record a...\",\"breadcrumb\":{\"@id\":\"https:\\\/\\\/www.webdo.tn\\\/fr\\\/actualite\\\/national\\\/tunisie-tunis-carthage-atteint-sept-millions-de-passagers-un-record\\\/218410\\\/#breadcrumb\"},\"inLanguage\":\"fr-FR\",\"potentialAction\":[{\"@type\":\"ReadAction\",\"target\":[\"https:\\\/\\\/www.webdo.tn\\\/fr\\\/actualite\\\/national\\\/tunisie-tunis-carthage-atteint-sept-millions-de-passagers-un-record\\\/218410\\\/\"]}]},{\"@type\":\"ImageObject\",\"inLanguage\":\"fr-FR\",\"@id\":\"https:\\\/\\\/www.webdo.tn\\\/fr\\\/actualite\\\/national\\\/tunisie-tunis-carthage-atteint-sept-millions-de-passagers-un-record\\\/218410\\\/#primaryimage\",\"url\":\"https:\\\/\\\/www.webdo.tn\\\/fr\\\/wp-content\\\/uploads\\\/2025\\\/05\\\/b3361469f1cf0d6c71bfcbedb4c5fb5b-2.webp\",\"contentUrl\":\"https:\\\/\\\/www.webdo.tn\\\/fr\\\/wp-content\\\/uploads\\\/2025\\\/05\\\/b3361469f1cf0d6c71bfcbedb4c5fb5b-2.webp\",\"width\":750,\"height\":400},{\"@type\":\"BreadcrumbList\",\"@id\":\"https:\\\/\\\/www.webdo.tn\\\/fr\\\/actualite\\\/national\\\/tunisie-tunis-carthage-atteint-sept-millions-de-passagers-un-record\\\/218410\\\/#breadcrumb\",\"itemListElement\":[{\"@type\":\"ListItem\",\"position\":1,\"name\":\"Accueil\",\"item\":\"https:\\\/\\\/www.webdo.tn\\\/fr\\\/\"},{\"@type\":\"ListItem\",\"position\":2,\"name\":\"Tunisie : Tunis-Carthage atteint sept millions de passagers, un record !\"}]},{\"@type\":\"WebSite\",\"@id\":\"https:\\\/\\\/www.webdo.tn\\\/fr\\\/#website\",\"url\":\"https:\\\/\\\/www.webdo.tn\\\/fr\\\/\",\"name\":\"webdo\",\"description\":\"Tunisie - News en Tunisie et \u00e0 l&#039;international sur Webdo.tn\",\"publisher\":{\"@id\":\"https:\\\/\\\/www.webdo.tn\\\/fr\\\/#organization\"},\"potentialAction\":[{\"@type\":\"SearchAction\",\"target\":{\"@type\":\"EntryPoint\",\"urlTemplate\":\"https:\\\/\\\/www.webdo.tn\\\/fr\\\/?s={search_term_string}\"},\"query-input\":{\"@type\":\"PropertyValueSpecification\",\"valueRequired\":true,\"valueName\":\"search_term_string\"}}],\"inLanguage\":\"fr-FR\"},{\"@type\":\"Organization\",\"@id\":\"https:\\\/\\\/www.webdo.tn\\\/fr\\\/#organization\",\"name\":\"Webdo\",\"alternateName\":\"Webdo.tn\",\"url\":\"https:\\\/\\\/www.webdo.tn\\\/fr\\\/\",\"logo\":{\"@type\":\"ImageObject\",\"inLanguage\":\"fr-FR\",\"@id\":\"https:\\\/\\\/www.webdo.tn\\\/fr\\\/#\\\/schema\\\/logo\\\/image\\\/\",\"url\":\"https:\\\/\\\/www.webdo.tn\\\/fr\\\/wp-content\\\/uploads\\\/2025\\\/06\\\/Webdo-Tunisie_168377.jpg\",\"contentUrl\":\"https:\\\/\\\/www.webdo.tn\\\/fr\\\/wp-content\\\/uploads\\\/2025\\\/06\\\/Webdo-Tunisie_168377.jpg\",\"width\":301,\"height\":301,\"caption\":\"Webdo\"},\"image\":{\"@id\":\"https:\\\/\\\/www.webdo.tn\\\/fr\\\/#\\\/schema\\\/logo\\\/image\\\/\"},\"sameAs\":[\"https:\\\/\\\/www.facebook.com\\\/webdotn\",\"https:\\\/\\\/x.com\\\/webdo_tn\"],\"description\":\"Webdo est un m\u00e9dia num\u00e9rique tunisien fond\u00e9 en 2010, sp\u00e9cialis\u00e9 dans l\u2019actualit\u00e9 nationale et internationale, l\u2019\u00e9conomie, la soci\u00e9t\u00e9 et les analyses politiques. Le site s\u2019adresse \u00e0 un large public francophone et couvre l\u2019information tunisienne en temps r\u00e9el.\",\"email\":\"redac@webdo.tn\",\"legalName\":\"YNJ SARL\",\"foundingDate\":\"2010-09-06\",\"numberOfEmployees\":{\"@type\":\"QuantitativeValue\",\"minValue\":\"11\",\"maxValue\":\"50\"}},{\"@type\":\"Person\",\"@id\":\"https:\\\/\\\/www.webdo.tn\\\/fr\\\/#\\\/schema\\\/person\\\/82ca085b22037d285e1a3c4b65ba5f71\",\"name\":\"KJ\",\"image\":{\"@type\":\"ImageObject\",\"inLanguage\":\"fr-FR\",\"@id\":\"https:\\\/\\\/secure.gravatar.com\\\/avatar\\\/1a1320de1c1971c893f00068f760b4113d69504aa21273da17ee95650c5944fd?s=96&d=mm&r=g\",\"url\":\"https:\\\/\\\/secure.gravatar.com\\\/avatar\\\/1a1320de1c1971c893f00068f760b4113d69504aa21273da17ee95650c5944fd?s=96&d=mm&r=g\",\"contentUrl\":\"https:\\\/\\\/secure.gravatar.com\\\/avatar\\\/1a1320de1c1971c893f00068f760b4113d69504aa21273da17ee95650c5944fd?s=96&d=mm&r=g\",\"caption\":\"KJ\"},\"url\":\"https:\\\/\\\/www.webdo.tn\\\/fr\\\/actualite\\\/author\\\/kj\\\/\"}]}<\/script>\n<!-- \/ Yoast SEO Premium plugin. -->","yoast_head_json":{"title":"Tunisie : Tunis-Carthage atteint sept millions de passagers, un record !","description":"L\u2019Office de l\u2019Aviation Civile et des A\u00e9roports (OACA) a publi\u00e9 des photos de l\u2019arriv\u00e9e du 7 millioni\u00e8me passager, pr\u00e9cisant dans un communiqu\u00e9 que ce \u00ab record a...","canonical":"https:\/\/www.webdo.tn\/fr\/actualite\/national\/tunisie-tunis-carthage-atteint-sept-millions-de-passagers-un-record\/218410\/","og_locale":"fr_FR","og_type":"article","og_title":"Tunisie : Tunis-Carthage atteint sept millions de passagers, un record !","og_description":"L\u2019Office de l\u2019Aviation Civile et des A\u00e9roports (OACA) a publi\u00e9 des photos de l\u2019arriv\u00e9e du 7 millioni\u00e8me passager, pr\u00e9cisant dans un communiqu\u00e9 que ce \u00ab record a...","og_url":"https:\/\/www.webdo.tn\/fr\/actualite\/national\/tunisie-tunis-carthage-atteint-sept-millions-de-passagers-un-record\/218410\/","og_site_name":"webdo","article_publisher":"https:\/\/www.facebook.com\/webdotn","article_published_time":"2024-12-18T08:05:00+00:00","article_modified_time":"2025-05-20T22:21:06+00:00","og_image":[{"width":750,"height":400,"url":"https:\/\/www.webdo.tn\/fr\/wp-content\/uploads\/2025\/05\/b3361469f1cf0d6c71bfcbedb4c5fb5b-2.webp","type":"image\/webp"}],"author":"KJ","twitter_card":"summary_large_image","twitter_creator":"@webdo_tn","twitter_site":"@webdo_tn","twitter_misc":{"\u00c9crit par":"KJ","Dur\u00e9e de lecture estim\u00e9e":"1 minute"},"schema":{"@context":"https:\/\/schema.org","@graph":[{"@type":"NewsArticle","@id":"https:\/\/www.webdo.tn\/fr\/actualite\/national\/tunisie-tunis-carthage-atteint-sept-millions-de-passagers-un-record\/218410\/#article","isPartOf":{"@id":"https:\/\/www.webdo.tn\/fr\/actualite\/national\/tunisie-tunis-carthage-atteint-sept-millions-de-passagers-un-record\/218410\/"},"author":{"name":"KJ","@id":"https:\/\/www.webdo.tn\/fr\/#\/schema\/person\/82ca085b22037d285e1a3c4b65ba5f71"},"headline":"Tunisie : Tunis-Carthage atteint sept millions de passagers, un record !","datePublished":"2024-12-18T08:05:00+00:00","dateModified":"2025-05-20T22:21:06+00:00","mainEntityOfPage":{"@id":"https:\/\/www.webdo.tn\/fr\/actualite\/national\/tunisie-tunis-carthage-atteint-sept-millions-de-passagers-un-record\/218410\/"},"wordCount":191,"commentCount":0,"publisher":{"@id":"https:\/\/www.webdo.tn\/fr\/#organization"},"image":{"@id":"https:\/\/www.webdo.tn\/fr\/actualite\/national\/tunisie-tunis-carthage-atteint-sept-millions-de-passagers-un-record\/218410\/#primaryimage"},"thumbnailUrl":"https:\/\/www.webdo.tn\/fr\/wp-content\/uploads\/2025\/05\/b3361469f1cf0d6c71bfcbedb4c5fb5b-2.webp","keywords":["a\u00e9roport","Tunis-Carthage","Tunisie","voyageur"],"articleSection":["National"],"inLanguage":"fr-FR"},{"@type":"WebPage","@id":"https:\/\/www.webdo.tn\/fr\/actualite\/national\/tunisie-tunis-carthage-atteint-sept-millions-de-passagers-un-record\/218410\/","url":"https:\/\/www.webdo.tn\/fr\/actualite\/national\/tunisie-tunis-carthage-atteint-sept-millions-de-passagers-un-record\/218410\/","name":"Tunisie : Tunis-Carthage atteint sept millions de passagers, un record !","isPartOf":{"@id":"https:\/\/www.webdo.tn\/fr\/#website"},"primaryImageOfPage":{"@id":"https:\/\/www.webdo.tn\/fr\/actualite\/national\/tunisie-tunis-carthage-atteint-sept-millions-de-passagers-un-record\/218410\/#primaryimage"},"image":{"@id":"https:\/\/www.webdo.tn\/fr\/actualite\/national\/tunisie-tunis-carthage-atteint-sept-millions-de-passagers-un-record\/218410\/#primaryimage"},"thumbnailUrl":"https:\/\/www.webdo.tn\/fr\/wp-content\/uploads\/2025\/05\/b3361469f1cf0d6c71bfcbedb4c5fb5b-2.webp","datePublished":"2024-12-18T08:05:00+00:00","dateModified":"2025-05-20T22:21:06+00:00","description":"L\u2019Office de l\u2019Aviation Civile et des A\u00e9roports (OACA) a publi\u00e9 des photos de l\u2019arriv\u00e9e du 7 millioni\u00e8me passager, pr\u00e9cisant dans un communiqu\u00e9 que ce \u00ab record a...","breadcrumb":{"@id":"https:\/\/www.webdo.tn\/fr\/actualite\/national\/tunisie-tunis-carthage-atteint-sept-millions-de-passagers-un-record\/218410\/#breadcrumb"},"inLanguage":"fr-FR","potentialAction":[{"@type":"ReadAction","target":["https:\/\/www.webdo.tn\/fr\/actualite\/national\/tunisie-tunis-carthage-atteint-sept-millions-de-passagers-un-record\/218410\/"]}]},{"@type":"ImageObject","inLanguage":"fr-FR","@id":"https:\/\/www.webdo.tn\/fr\/actualite\/national\/tunisie-tunis-carthage-atteint-sept-millions-de-passagers-un-record\/218410\/#primaryimage","url":"https:\/\/www.webdo.tn\/fr\/wp-content\/uploads\/2025\/05\/b3361469f1cf0d6c71bfcbedb4c5fb5b-2.webp","contentUrl":"https:\/\/www.webdo.tn\/fr\/wp-content\/uploads\/2025\/05\/b3361469f1cf0d6c71bfcbedb4c5fb5b-2.webp","width":750,"height":400},{"@type":"BreadcrumbList","@id":"https:\/\/www.webdo.tn\/fr\/actualite\/national\/tunisie-tunis-carthage-atteint-sept-millions-de-passagers-un-record\/218410\/#breadcrumb","itemListElement":[{"@type":"ListItem","position":1,"name":"Accueil","item":"https:\/\/www.webdo.tn\/fr\/"},{"@type":"ListItem","position":2,"name":"Tunisie : Tunis-Carthage atteint sept millions de passagers, un record !"}]},{"@type":"WebSite","@id":"https:\/\/www.webdo.tn\/fr\/#website","url":"https:\/\/www.webdo.tn\/fr\/","name":"webdo","description":"Tunisie - News en Tunisie et \u00e0 l&#039;international sur Webdo.tn","publisher":{"@id":"https:\/\/www.webdo.tn\/fr\/#organization"},"potentialAction":[{"@type":"SearchAction","target":{"@type":"EntryPoint","urlTemplate":"https:\/\/www.webdo.tn\/fr\/?s={search_term_string}"},"query-input":{"@type":"PropertyValueSpecification","valueRequired":true,"valueName":"search_term_string"}}],"inLanguage":"fr-FR"},{"@type":"Organization","@id":"https:\/\/www.webdo.tn\/fr\/#organization","name":"Webdo","alternateName":"Webdo.tn","url":"https:\/\/www.webdo.tn\/fr\/","logo":{"@type":"ImageObject","inLanguage":"fr-FR","@id":"https:\/\/www.webdo.tn\/fr\/#\/schema\/logo\/image\/","url":"https:\/\/www.webdo.tn\/fr\/wp-content\/uploads\/2025\/06\/Webdo-Tunisie_168377.jpg","contentUrl":"https:\/\/www.webdo.tn\/fr\/wp-content\/uploads\/2025\/06\/Webdo-Tunisie_168377.jpg","width":301,"height":301,"caption":"Webdo"},"image":{"@id":"https:\/\/www.webdo.tn\/fr\/#\/schema\/logo\/image\/"},"sameAs":["https:\/\/www.facebook.com\/webdotn","https:\/\/x.com\/webdo_tn"],"description":"Webdo est un m\u00e9dia num\u00e9rique tunisien fond\u00e9 en 2010, sp\u00e9cialis\u00e9 dans l\u2019actualit\u00e9 nationale et internationale, l\u2019\u00e9conomie, la soci\u00e9t\u00e9 et les analyses politiques. Le site s\u2019adresse \u00e0 un large public francophone et couvre l\u2019information tunisienne en temps r\u00e9el.","email":"redac@webdo.tn","legalName":"YNJ SARL","foundingDate":"2010-09-06","numberOfEmployees":{"@type":"QuantitativeValue","minValue":"11","maxValue":"50"}},{"@type":"Person","@id":"https:\/\/www.webdo.tn\/fr\/#\/schema\/person\/82ca085b22037d285e1a3c4b65ba5f71","name":"KJ","image":{"@type":"ImageObject","inLanguage":"fr-FR","@id":"https:\/\/secure.gravatar.com\/avatar\/1a1320de1c1971c893f00068f760b4113d69504aa21273da17ee95650c5944fd?s=96&d=mm&r=g","url":"https:\/\/secure.gravatar.com\/avatar\/1a1320de1c1971c893f00068f760b4113d69504aa21273da17ee95650c5944fd?s=96&d=mm&r=g","contentUrl":"https:\/\/secure.gravatar.com\/avatar\/1a1320de1c1971c893f00068f760b4113d69504aa21273da17ee95650c5944fd?s=96&d=mm&r=g","caption":"KJ"},"url":"https:\/\/www.webdo.tn\/fr\/actualite\/author\/kj\/"}]}},"_links":{"self":[{"href":"https:\/\/www.webdo.tn\/fr\/wp-json\/wp\/v2\/posts\/218410","targetHints":{"allow":["GET"]}}],"collection":[{"href":"https:\/\/www.webdo.tn\/fr\/wp-json\/wp\/v2\/posts"}],"about":[{"href":"https:\/\/www.webdo.tn\/fr\/wp-json\/wp\/v2\/types\/post"}],"author":[{"embeddable":true,"href":"https:\/\/www.webdo.tn\/fr\/wp-json\/wp\/v2\/users\/3163"}],"replies":[{"embeddable":true,"href":"https:\/\/www.webdo.tn\/fr\/wp-json\/wp\/v2\/comments?post=218410"}],"version-history":[{"count":0,"href":"https:\/\/www.webdo.tn\/fr\/wp-json\/wp\/v2\/posts\/218410\/revisions"}],"wp:featuredmedia":[{"embeddable":true,"href":"https:\/\/www.webdo.tn\/fr\/wp-json\/wp\/v2\/media\/243390"}],"wp:attachment":[{"href":"https:\/\/www.webdo.tn\/fr\/wp-json\/wp\/v2\/media?parent=218410"}],"wp:term":[{"taxonomy":"category","embeddable":true,"href":"https:\/\/www.webdo.tn\/fr\/wp-json\/wp\/v2\/categories?post=218410"},{"taxonomy":"post_tag","embeddable":true,"href":"https:\/\/www.webdo.tn\/fr\/wp-json\/wp\/v2\/tags?post=218410"}],"curies":[{"name":"wp","href":"https:\/\/api.w.org\/{rel}","templated":true}]}}