{"id":218408,"date":"2024-12-18T07:34:00","date_gmt":"2024-12-18T07:34:00","guid":{"rendered":"https:\/\/www.webdo.tn\/fr\/blog\/2024\/12\/18\/kais-saied-la-tunisie-entre-dans-une-nouvelle-phase-de-l-histoire\/"},"modified":"2025-05-20T22:21:04","modified_gmt":"2025-05-20T22:21:04","slug":"kais-saied-la-tunisie-entre-dans-une-nouvelle-phase-de-l-histoire","status":"publish","type":"post","link":"https:\/\/www.webdo.tn\/fr\/actualite\/national\/kais-saied-la-tunisie-entre-dans-une-nouvelle-phase-de-l-histoire\/218408\/","title":{"rendered":"Kais Saied : \u00ab La Tunisie entre dans une nouvelle phase de l\u2019histoire \u00bb"},"content":{"rendered":"<p>La Pr\u00e9sidence de la R\u00e9publique est revenue dans un communiqu\u00e9 publi\u00e9 sur sa page officielle Facebook sur la visite effectu\u00e9e hier, mardi 17 d\u00e9cembre 2024, par le Pr\u00e9sident de la R\u00e9publique, Ka\u00efs Sa\u00efed, \u00e0 la d\u00e9l\u00e9gation de Ben Guerdane, avant de se rendre \u00e0 la ville de Gab\u00e8s, puis \u00e0 la r\u00e9gion de Sidi Bouzid, \u00e0 l\u2019occasion du 14e anniversaire de la R\u00e9volution.<\/p>\n<p>\t\t\t\t\t\t\t\t\tLe Pr\u00e9sident de la R\u00e9publique s\u2019est arr\u00eat\u00e9 dans les d\u00e9l\u00e9gations de Mazzouna et de Menzel Bouza\u00efene, o\u00f9 il a r\u00e9cit\u00e9 la Fatiha en hommage au premier martyr qui, par son sacrifice, a appel\u00e9 le peuple tunisien \u00e0 renverser le r\u00e9gime. Par la suite, il s\u2019est rendu \u00e0 la d\u00e9l\u00e9gation de Regueb.<\/p>\n<p>Lors de ces diff\u00e9rentes \u00e9tapes, le Pr\u00e9sident a rencontr\u00e9 plusieurs citoyens et citoyennes, \u00e9coutant leurs pr\u00e9occupations. Il a soulign\u00e9 que la Tunisie entrait dans une nouvelle phase de son histoire, avec un travail en cours pour trouver des solutions profondes aux revendications l\u00e9gitimes du peuple tunisien.<\/p>\n<p>Il a \u00e9galement affirm\u00e9 que la Tunisie m\u00e8ne une bataille de lib\u00e9ration nationale et qu\u2019il n\u2019y a pas d\u2019autre choix que la victoire, la construction et l\u2019\u00e9dification.<\/p>\n","protected":false},"excerpt":{"rendered":"<p>Le Pr\u00e9sident de la R\u00e9publique s\u2019est arr\u00eat\u00e9 dans les d\u00e9l\u00e9gations de Mazzouna et de Menzel Bouza\u00efene, o\u00f9 il a r\u00e9cit\u00e9 la Fatiha en hommage au premier martyr qui, p&#8230;<\/p>\n","protected":false},"author":3163,"featured_media":243382,"comment_status":"open","ping_status":"open","sticky":false,"template":"","format":"standard","meta":{"footnotes":""},"categories":[44],"tags":[3364,2614,2608],"class_list":["post-218408","post","type-post","status-publish","format-standard","has-post-thumbnail","hentry","category-national","tag-histoire","tag-kais-saied","tag-tunisie"],"yoast_head":"<!-- This site is optimized with the Yoast SEO Premium plugin v27.4 (Yoast SEO v27.5) - https:\/\/yoast.com\/product\/yoast-seo-premium-wordpress\/ -->\n<title>Kais Saied : \u00ab La Tunisie entre dans une nouvelle phase de l\u2019histoire \u00bb<\/title>\n<meta name=\"description\" content=\"Le Pr\u00e9sident de la R\u00e9publique s\u2019est arr\u00eat\u00e9 dans les d\u00e9l\u00e9gations de Mazzouna et de Menzel Bouza\u00efene, o\u00f9 il a r\u00e9cit\u00e9 la Fatiha en hommage au premier martyr qui, p...\" \/>\n<link rel=\"canonical\" href=\"https:\/\/www.webdo.tn\/fr\/actualite\/national\/kais-saied-la-tunisie-entre-dans-une-nouvelle-phase-de-l-histoire\/218408\/\" \/>\n<meta property=\"og:locale\" content=\"fr_FR\" \/>\n<meta property=\"og:type\" content=\"article\" \/>\n<meta property=\"og:title\" content=\"Kais Saied : \u00ab La Tunisie entre dans une nouvelle phase de l\u2019histoire \u00bb\" \/>\n<meta property=\"og:description\" content=\"Le Pr\u00e9sident de la R\u00e9publique s\u2019est arr\u00eat\u00e9 dans les d\u00e9l\u00e9gations de Mazzouna et de Menzel Bouza\u00efene, o\u00f9 il a r\u00e9cit\u00e9 la Fatiha en hommage au premier martyr qui, p...\" \/>\n<meta property=\"og:url\" content=\"https:\/\/www.webdo.tn\/fr\/actualite\/national\/kais-saied-la-tunisie-entre-dans-une-nouvelle-phase-de-l-histoire\/218408\/\" \/>\n<meta property=\"og:site_name\" content=\"webdo\" \/>\n<meta property=\"article:publisher\" content=\"https:\/\/www.facebook.com\/webdotn\" \/>\n<meta property=\"article:published_time\" content=\"2024-12-18T07:34:00+00:00\" \/>\n<meta property=\"article:modified_time\" content=\"2025-05-20T22:21:04+00:00\" \/>\n<meta property=\"og:image\" content=\"https:\/\/www.webdo.tn\/fr\/wp-content\/uploads\/2025\/05\/25998cf9efbd44a32ece118fb85267e5-2.webp\" \/>\n\t<meta property=\"og:image:width\" content=\"750\" \/>\n\t<meta property=\"og:image:height\" content=\"400\" \/>\n\t<meta property=\"og:image:type\" content=\"image\/webp\" \/>\n<meta name=\"author\" content=\"KJ\" \/>\n<meta name=\"twitter:card\" content=\"summary_large_image\" \/>\n<meta name=\"twitter:creator\" content=\"@webdo_tn\" \/>\n<meta name=\"twitter:site\" content=\"@webdo_tn\" \/>\n<meta name=\"twitter:label1\" content=\"\u00c9crit par\" \/>\n\t<meta name=\"twitter:data1\" content=\"KJ\" \/>\n\t<meta name=\"twitter:label2\" content=\"Dur\u00e9e de lecture estim\u00e9e\" \/>\n\t<meta name=\"twitter:data2\" content=\"1 minute\" \/>\n<script type=\"application\/ld+json\" class=\"yoast-schema-graph\">{\"@context\":\"https:\\\/\\\/schema.org\",\"@graph\":[{\"@type\":\"NewsArticle\",\"@id\":\"https:\\\/\\\/www.webdo.tn\\\/fr\\\/actualite\\\/national\\\/kais-saied-la-tunisie-entre-dans-une-nouvelle-phase-de-l-histoire\\\/218408\\\/#article\",\"isPartOf\":{\"@id\":\"https:\\\/\\\/www.webdo.tn\\\/fr\\\/actualite\\\/national\\\/kais-saied-la-tunisie-entre-dans-une-nouvelle-phase-de-l-histoire\\\/218408\\\/\"},\"author\":{\"name\":\"KJ\",\"@id\":\"https:\\\/\\\/www.webdo.tn\\\/fr\\\/#\\\/schema\\\/person\\\/82ca085b22037d285e1a3c4b65ba5f71\"},\"headline\":\"Kais Saied : \u00ab La Tunisie entre dans une nouvelle phase de l\u2019histoire \u00bb\",\"datePublished\":\"2024-12-18T07:34:00+00:00\",\"dateModified\":\"2025-05-20T22:21:04+00:00\",\"mainEntityOfPage\":{\"@id\":\"https:\\\/\\\/www.webdo.tn\\\/fr\\\/actualite\\\/national\\\/kais-saied-la-tunisie-entre-dans-une-nouvelle-phase-de-l-histoire\\\/218408\\\/\"},\"wordCount\":227,\"commentCount\":0,\"publisher\":{\"@id\":\"https:\\\/\\\/www.webdo.tn\\\/fr\\\/#organization\"},\"image\":{\"@id\":\"https:\\\/\\\/www.webdo.tn\\\/fr\\\/actualite\\\/national\\\/kais-saied-la-tunisie-entre-dans-une-nouvelle-phase-de-l-histoire\\\/218408\\\/#primaryimage\"},\"thumbnailUrl\":\"https:\\\/\\\/www.webdo.tn\\\/fr\\\/wp-content\\\/uploads\\\/2025\\\/05\\\/25998cf9efbd44a32ece118fb85267e5-2.webp\",\"keywords\":[\"histoire\",\"Kais Saied\",\"Tunisie\"],\"articleSection\":[\"National\"],\"inLanguage\":\"fr-FR\"},{\"@type\":\"WebPage\",\"@id\":\"https:\\\/\\\/www.webdo.tn\\\/fr\\\/actualite\\\/national\\\/kais-saied-la-tunisie-entre-dans-une-nouvelle-phase-de-l-histoire\\\/218408\\\/\",\"url\":\"https:\\\/\\\/www.webdo.tn\\\/fr\\\/actualite\\\/national\\\/kais-saied-la-tunisie-entre-dans-une-nouvelle-phase-de-l-histoire\\\/218408\\\/\",\"name\":\"Kais Saied : \u00ab La Tunisie entre dans une nouvelle phase de l\u2019histoire \u00bb\",\"isPartOf\":{\"@id\":\"https:\\\/\\\/www.webdo.tn\\\/fr\\\/#website\"},\"primaryImageOfPage\":{\"@id\":\"https:\\\/\\\/www.webdo.tn\\\/fr\\\/actualite\\\/national\\\/kais-saied-la-tunisie-entre-dans-une-nouvelle-phase-de-l-histoire\\\/218408\\\/#primaryimage\"},\"image\":{\"@id\":\"https:\\\/\\\/www.webdo.tn\\\/fr\\\/actualite\\\/national\\\/kais-saied-la-tunisie-entre-dans-une-nouvelle-phase-de-l-histoire\\\/218408\\\/#primaryimage\"},\"thumbnailUrl\":\"https:\\\/\\\/www.webdo.tn\\\/fr\\\/wp-content\\\/uploads\\\/2025\\\/05\\\/25998cf9efbd44a32ece118fb85267e5-2.webp\",\"datePublished\":\"2024-12-18T07:34:00+00:00\",\"dateModified\":\"2025-05-20T22:21:04+00:00\",\"description\":\"Le Pr\u00e9sident de la R\u00e9publique s\u2019est arr\u00eat\u00e9 dans les d\u00e9l\u00e9gations de Mazzouna et de Menzel Bouza\u00efene, o\u00f9 il a r\u00e9cit\u00e9 la Fatiha en hommage au premier martyr qui, p...\",\"breadcrumb\":{\"@id\":\"https:\\\/\\\/www.webdo.tn\\\/fr\\\/actualite\\\/national\\\/kais-saied-la-tunisie-entre-dans-une-nouvelle-phase-de-l-histoire\\\/218408\\\/#breadcrumb\"},\"inLanguage\":\"fr-FR\",\"potentialAction\":[{\"@type\":\"ReadAction\",\"target\":[\"https:\\\/\\\/www.webdo.tn\\\/fr\\\/actualite\\\/national\\\/kais-saied-la-tunisie-entre-dans-une-nouvelle-phase-de-l-histoire\\\/218408\\\/\"]}]},{\"@type\":\"ImageObject\",\"inLanguage\":\"fr-FR\",\"@id\":\"https:\\\/\\\/www.webdo.tn\\\/fr\\\/actualite\\\/national\\\/kais-saied-la-tunisie-entre-dans-une-nouvelle-phase-de-l-histoire\\\/218408\\\/#primaryimage\",\"url\":\"https:\\\/\\\/www.webdo.tn\\\/fr\\\/wp-content\\\/uploads\\\/2025\\\/05\\\/25998cf9efbd44a32ece118fb85267e5-2.webp\",\"contentUrl\":\"https:\\\/\\\/www.webdo.tn\\\/fr\\\/wp-content\\\/uploads\\\/2025\\\/05\\\/25998cf9efbd44a32ece118fb85267e5-2.webp\",\"width\":750,\"height\":400},{\"@type\":\"BreadcrumbList\",\"@id\":\"https:\\\/\\\/www.webdo.tn\\\/fr\\\/actualite\\\/national\\\/kais-saied-la-tunisie-entre-dans-une-nouvelle-phase-de-l-histoire\\\/218408\\\/#breadcrumb\",\"itemListElement\":[{\"@type\":\"ListItem\",\"position\":1,\"name\":\"Accueil\",\"item\":\"https:\\\/\\\/www.webdo.tn\\\/fr\\\/\"},{\"@type\":\"ListItem\",\"position\":2,\"name\":\"Kais Saied : \u00ab La Tunisie entre dans une nouvelle phase de l\u2019histoire \u00bb\"}]},{\"@type\":\"WebSite\",\"@id\":\"https:\\\/\\\/www.webdo.tn\\\/fr\\\/#website\",\"url\":\"https:\\\/\\\/www.webdo.tn\\\/fr\\\/\",\"name\":\"webdo\",\"description\":\"Tunisie - News en Tunisie et \u00e0 l&#039;international sur Webdo.tn\",\"publisher\":{\"@id\":\"https:\\\/\\\/www.webdo.tn\\\/fr\\\/#organization\"},\"potentialAction\":[{\"@type\":\"SearchAction\",\"target\":{\"@type\":\"EntryPoint\",\"urlTemplate\":\"https:\\\/\\\/www.webdo.tn\\\/fr\\\/?s={search_term_string}\"},\"query-input\":{\"@type\":\"PropertyValueSpecification\",\"valueRequired\":true,\"valueName\":\"search_term_string\"}}],\"inLanguage\":\"fr-FR\"},{\"@type\":\"Organization\",\"@id\":\"https:\\\/\\\/www.webdo.tn\\\/fr\\\/#organization\",\"name\":\"Webdo\",\"alternateName\":\"Webdo.tn\",\"url\":\"https:\\\/\\\/www.webdo.tn\\\/fr\\\/\",\"logo\":{\"@type\":\"ImageObject\",\"inLanguage\":\"fr-FR\",\"@id\":\"https:\\\/\\\/www.webdo.tn\\\/fr\\\/#\\\/schema\\\/logo\\\/image\\\/\",\"url\":\"https:\\\/\\\/www.webdo.tn\\\/fr\\\/wp-content\\\/uploads\\\/2025\\\/06\\\/Webdo-Tunisie_168377.jpg\",\"contentUrl\":\"https:\\\/\\\/www.webdo.tn\\\/fr\\\/wp-content\\\/uploads\\\/2025\\\/06\\\/Webdo-Tunisie_168377.jpg\",\"width\":301,\"height\":301,\"caption\":\"Webdo\"},\"image\":{\"@id\":\"https:\\\/\\\/www.webdo.tn\\\/fr\\\/#\\\/schema\\\/logo\\\/image\\\/\"},\"sameAs\":[\"https:\\\/\\\/www.facebook.com\\\/webdotn\",\"https:\\\/\\\/x.com\\\/webdo_tn\"],\"description\":\"Webdo est un m\u00e9dia num\u00e9rique tunisien fond\u00e9 en 2010, sp\u00e9cialis\u00e9 dans l\u2019actualit\u00e9 nationale et internationale, l\u2019\u00e9conomie, la soci\u00e9t\u00e9 et les analyses politiques. Le site s\u2019adresse \u00e0 un large public francophone et couvre l\u2019information tunisienne en temps r\u00e9el.\",\"email\":\"redac@webdo.tn\",\"legalName\":\"YNJ SARL\",\"foundingDate\":\"2010-09-06\",\"numberOfEmployees\":{\"@type\":\"QuantitativeValue\",\"minValue\":\"11\",\"maxValue\":\"50\"}},{\"@type\":\"Person\",\"@id\":\"https:\\\/\\\/www.webdo.tn\\\/fr\\\/#\\\/schema\\\/person\\\/82ca085b22037d285e1a3c4b65ba5f71\",\"name\":\"KJ\",\"image\":{\"@type\":\"ImageObject\",\"inLanguage\":\"fr-FR\",\"@id\":\"https:\\\/\\\/secure.gravatar.com\\\/avatar\\\/1a1320de1c1971c893f00068f760b4113d69504aa21273da17ee95650c5944fd?s=96&d=mm&r=g\",\"url\":\"https:\\\/\\\/secure.gravatar.com\\\/avatar\\\/1a1320de1c1971c893f00068f760b4113d69504aa21273da17ee95650c5944fd?s=96&d=mm&r=g\",\"contentUrl\":\"https:\\\/\\\/secure.gravatar.com\\\/avatar\\\/1a1320de1c1971c893f00068f760b4113d69504aa21273da17ee95650c5944fd?s=96&d=mm&r=g\",\"caption\":\"KJ\"},\"url\":\"https:\\\/\\\/www.webdo.tn\\\/fr\\\/actualite\\\/author\\\/kj\\\/\"}]}<\/script>\n<!-- \/ Yoast SEO Premium plugin. -->","yoast_head_json":{"title":"Kais Saied : \u00ab La Tunisie entre dans une nouvelle phase de l\u2019histoire \u00bb","description":"Le Pr\u00e9sident de la R\u00e9publique s\u2019est arr\u00eat\u00e9 dans les d\u00e9l\u00e9gations de Mazzouna et de Menzel Bouza\u00efene, o\u00f9 il a r\u00e9cit\u00e9 la Fatiha en hommage au premier martyr qui, p...","canonical":"https:\/\/www.webdo.tn\/fr\/actualite\/national\/kais-saied-la-tunisie-entre-dans-une-nouvelle-phase-de-l-histoire\/218408\/","og_locale":"fr_FR","og_type":"article","og_title":"Kais Saied : \u00ab La Tunisie entre dans une nouvelle phase de l\u2019histoire \u00bb","og_description":"Le Pr\u00e9sident de la R\u00e9publique s\u2019est arr\u00eat\u00e9 dans les d\u00e9l\u00e9gations de Mazzouna et de Menzel Bouza\u00efene, o\u00f9 il a r\u00e9cit\u00e9 la Fatiha en hommage au premier martyr qui, p...","og_url":"https:\/\/www.webdo.tn\/fr\/actualite\/national\/kais-saied-la-tunisie-entre-dans-une-nouvelle-phase-de-l-histoire\/218408\/","og_site_name":"webdo","article_publisher":"https:\/\/www.facebook.com\/webdotn","article_published_time":"2024-12-18T07:34:00+00:00","article_modified_time":"2025-05-20T22:21:04+00:00","og_image":[{"width":750,"height":400,"url":"https:\/\/www.webdo.tn\/fr\/wp-content\/uploads\/2025\/05\/25998cf9efbd44a32ece118fb85267e5-2.webp","type":"image\/webp"}],"author":"KJ","twitter_card":"summary_large_image","twitter_creator":"@webdo_tn","twitter_site":"@webdo_tn","twitter_misc":{"\u00c9crit par":"KJ","Dur\u00e9e de lecture estim\u00e9e":"1 minute"},"schema":{"@context":"https:\/\/schema.org","@graph":[{"@type":"NewsArticle","@id":"https:\/\/www.webdo.tn\/fr\/actualite\/national\/kais-saied-la-tunisie-entre-dans-une-nouvelle-phase-de-l-histoire\/218408\/#article","isPartOf":{"@id":"https:\/\/www.webdo.tn\/fr\/actualite\/national\/kais-saied-la-tunisie-entre-dans-une-nouvelle-phase-de-l-histoire\/218408\/"},"author":{"name":"KJ","@id":"https:\/\/www.webdo.tn\/fr\/#\/schema\/person\/82ca085b22037d285e1a3c4b65ba5f71"},"headline":"Kais Saied : \u00ab La Tunisie entre dans une nouvelle phase de l\u2019histoire \u00bb","datePublished":"2024-12-18T07:34:00+00:00","dateModified":"2025-05-20T22:21:04+00:00","mainEntityOfPage":{"@id":"https:\/\/www.webdo.tn\/fr\/actualite\/national\/kais-saied-la-tunisie-entre-dans-une-nouvelle-phase-de-l-histoire\/218408\/"},"wordCount":227,"commentCount":0,"publisher":{"@id":"https:\/\/www.webdo.tn\/fr\/#organization"},"image":{"@id":"https:\/\/www.webdo.tn\/fr\/actualite\/national\/kais-saied-la-tunisie-entre-dans-une-nouvelle-phase-de-l-histoire\/218408\/#primaryimage"},"thumbnailUrl":"https:\/\/www.webdo.tn\/fr\/wp-content\/uploads\/2025\/05\/25998cf9efbd44a32ece118fb85267e5-2.webp","keywords":["histoire","Kais Saied","Tunisie"],"articleSection":["National"],"inLanguage":"fr-FR"},{"@type":"WebPage","@id":"https:\/\/www.webdo.tn\/fr\/actualite\/national\/kais-saied-la-tunisie-entre-dans-une-nouvelle-phase-de-l-histoire\/218408\/","url":"https:\/\/www.webdo.tn\/fr\/actualite\/national\/kais-saied-la-tunisie-entre-dans-une-nouvelle-phase-de-l-histoire\/218408\/","name":"Kais Saied : \u00ab La Tunisie entre dans une nouvelle phase de l\u2019histoire \u00bb","isPartOf":{"@id":"https:\/\/www.webdo.tn\/fr\/#website"},"primaryImageOfPage":{"@id":"https:\/\/www.webdo.tn\/fr\/actualite\/national\/kais-saied-la-tunisie-entre-dans-une-nouvelle-phase-de-l-histoire\/218408\/#primaryimage"},"image":{"@id":"https:\/\/www.webdo.tn\/fr\/actualite\/national\/kais-saied-la-tunisie-entre-dans-une-nouvelle-phase-de-l-histoire\/218408\/#primaryimage"},"thumbnailUrl":"https:\/\/www.webdo.tn\/fr\/wp-content\/uploads\/2025\/05\/25998cf9efbd44a32ece118fb85267e5-2.webp","datePublished":"2024-12-18T07:34:00+00:00","dateModified":"2025-05-20T22:21:04+00:00","description":"Le Pr\u00e9sident de la R\u00e9publique s\u2019est arr\u00eat\u00e9 dans les d\u00e9l\u00e9gations de Mazzouna et de Menzel Bouza\u00efene, o\u00f9 il a r\u00e9cit\u00e9 la Fatiha en hommage au premier martyr qui, p...","breadcrumb":{"@id":"https:\/\/www.webdo.tn\/fr\/actualite\/national\/kais-saied-la-tunisie-entre-dans-une-nouvelle-phase-de-l-histoire\/218408\/#breadcrumb"},"inLanguage":"fr-FR","potentialAction":[{"@type":"ReadAction","target":["https:\/\/www.webdo.tn\/fr\/actualite\/national\/kais-saied-la-tunisie-entre-dans-une-nouvelle-phase-de-l-histoire\/218408\/"]}]},{"@type":"ImageObject","inLanguage":"fr-FR","@id":"https:\/\/www.webdo.tn\/fr\/actualite\/national\/kais-saied-la-tunisie-entre-dans-une-nouvelle-phase-de-l-histoire\/218408\/#primaryimage","url":"https:\/\/www.webdo.tn\/fr\/wp-content\/uploads\/2025\/05\/25998cf9efbd44a32ece118fb85267e5-2.webp","contentUrl":"https:\/\/www.webdo.tn\/fr\/wp-content\/uploads\/2025\/05\/25998cf9efbd44a32ece118fb85267e5-2.webp","width":750,"height":400},{"@type":"BreadcrumbList","@id":"https:\/\/www.webdo.tn\/fr\/actualite\/national\/kais-saied-la-tunisie-entre-dans-une-nouvelle-phase-de-l-histoire\/218408\/#breadcrumb","itemListElement":[{"@type":"ListItem","position":1,"name":"Accueil","item":"https:\/\/www.webdo.tn\/fr\/"},{"@type":"ListItem","position":2,"name":"Kais Saied : \u00ab La Tunisie entre dans une nouvelle phase de l\u2019histoire \u00bb"}]},{"@type":"WebSite","@id":"https:\/\/www.webdo.tn\/fr\/#website","url":"https:\/\/www.webdo.tn\/fr\/","name":"webdo","description":"Tunisie - News en Tunisie et \u00e0 l&#039;international sur Webdo.tn","publisher":{"@id":"https:\/\/www.webdo.tn\/fr\/#organization"},"potentialAction":[{"@type":"SearchAction","target":{"@type":"EntryPoint","urlTemplate":"https:\/\/www.webdo.tn\/fr\/?s={search_term_string}"},"query-input":{"@type":"PropertyValueSpecification","valueRequired":true,"valueName":"search_term_string"}}],"inLanguage":"fr-FR"},{"@type":"Organization","@id":"https:\/\/www.webdo.tn\/fr\/#organization","name":"Webdo","alternateName":"Webdo.tn","url":"https:\/\/www.webdo.tn\/fr\/","logo":{"@type":"ImageObject","inLanguage":"fr-FR","@id":"https:\/\/www.webdo.tn\/fr\/#\/schema\/logo\/image\/","url":"https:\/\/www.webdo.tn\/fr\/wp-content\/uploads\/2025\/06\/Webdo-Tunisie_168377.jpg","contentUrl":"https:\/\/www.webdo.tn\/fr\/wp-content\/uploads\/2025\/06\/Webdo-Tunisie_168377.jpg","width":301,"height":301,"caption":"Webdo"},"image":{"@id":"https:\/\/www.webdo.tn\/fr\/#\/schema\/logo\/image\/"},"sameAs":["https:\/\/www.facebook.com\/webdotn","https:\/\/x.com\/webdo_tn"],"description":"Webdo est un m\u00e9dia num\u00e9rique tunisien fond\u00e9 en 2010, sp\u00e9cialis\u00e9 dans l\u2019actualit\u00e9 nationale et internationale, l\u2019\u00e9conomie, la soci\u00e9t\u00e9 et les analyses politiques. Le site s\u2019adresse \u00e0 un large public francophone et couvre l\u2019information tunisienne en temps r\u00e9el.","email":"redac@webdo.tn","legalName":"YNJ SARL","foundingDate":"2010-09-06","numberOfEmployees":{"@type":"QuantitativeValue","minValue":"11","maxValue":"50"}},{"@type":"Person","@id":"https:\/\/www.webdo.tn\/fr\/#\/schema\/person\/82ca085b22037d285e1a3c4b65ba5f71","name":"KJ","image":{"@type":"ImageObject","inLanguage":"fr-FR","@id":"https:\/\/secure.gravatar.com\/avatar\/1a1320de1c1971c893f00068f760b4113d69504aa21273da17ee95650c5944fd?s=96&d=mm&r=g","url":"https:\/\/secure.gravatar.com\/avatar\/1a1320de1c1971c893f00068f760b4113d69504aa21273da17ee95650c5944fd?s=96&d=mm&r=g","contentUrl":"https:\/\/secure.gravatar.com\/avatar\/1a1320de1c1971c893f00068f760b4113d69504aa21273da17ee95650c5944fd?s=96&d=mm&r=g","caption":"KJ"},"url":"https:\/\/www.webdo.tn\/fr\/actualite\/author\/kj\/"}]}},"_links":{"self":[{"href":"https:\/\/www.webdo.tn\/fr\/wp-json\/wp\/v2\/posts\/218408","targetHints":{"allow":["GET"]}}],"collection":[{"href":"https:\/\/www.webdo.tn\/fr\/wp-json\/wp\/v2\/posts"}],"about":[{"href":"https:\/\/www.webdo.tn\/fr\/wp-json\/wp\/v2\/types\/post"}],"author":[{"embeddable":true,"href":"https:\/\/www.webdo.tn\/fr\/wp-json\/wp\/v2\/users\/3163"}],"replies":[{"embeddable":true,"href":"https:\/\/www.webdo.tn\/fr\/wp-json\/wp\/v2\/comments?post=218408"}],"version-history":[{"count":0,"href":"https:\/\/www.webdo.tn\/fr\/wp-json\/wp\/v2\/posts\/218408\/revisions"}],"wp:featuredmedia":[{"embeddable":true,"href":"https:\/\/www.webdo.tn\/fr\/wp-json\/wp\/v2\/media\/243382"}],"wp:attachment":[{"href":"https:\/\/www.webdo.tn\/fr\/wp-json\/wp\/v2\/media?parent=218408"}],"wp:term":[{"taxonomy":"category","embeddable":true,"href":"https:\/\/www.webdo.tn\/fr\/wp-json\/wp\/v2\/categories?post=218408"},{"taxonomy":"post_tag","embeddable":true,"href":"https:\/\/www.webdo.tn\/fr\/wp-json\/wp\/v2\/tags?post=218408"}],"curies":[{"name":"wp","href":"https:\/\/api.w.org\/{rel}","templated":true}]}}