{"id":218403,"date":"2024-12-17T15:53:00","date_gmt":"2024-12-17T15:53:00","guid":{"rendered":"https:\/\/www.webdo.tn\/fr\/blog\/2024\/12\/17\/tunisie-korba-trois-enfants-arretes-soupconnes-d-avoir-incendie-une-ecole\/"},"modified":"2025-05-20T22:21:05","modified_gmt":"2025-05-20T22:21:05","slug":"tunisie-korba-trois-enfants-arretes-soupconnes-d-avoir-incendie-une-ecole","status":"publish","type":"post","link":"https:\/\/www.webdo.tn\/fr\/actualite\/regions\/tunisie-korba-trois-enfants-arretes-soupconnes-d-avoir-incendie-une-ecole\/218403\/","title":{"rendered":"Tunisie- Korba : Trois enfants arr\u00eat\u00e9s, soup\u00e7onn\u00e9s d\u2019avoir incendi\u00e9 une \u00e9cole"},"content":{"rendered":"<p>Le porte-parole du tribunal de premi\u00e8re instance de Nabeul, Anis Meddeb, a d\u00e9clar\u00e9 ce mardi 17 d\u00e9cembre 2024 que le parquet a ordonn\u00e9 la mise en garde \u00e0 vue de trois enfants, \u00e2g\u00e9s de moins de 15 ans, arr\u00eat\u00e9s pour suspicion d&rsquo;implication dans l&rsquo;incendie d&rsquo;une salle de classe dans une \u00e9cole primaire \u00e0 Korba.<\/p>\n<p>Il a ajout\u00e9 que les trois enfants sont originaires de Korba, mais qu&rsquo;ils ne sont pas rattach\u00e9s \u00e0 l&rsquo;\u00e9cole cibl\u00e9e.\u00a0<\/p>\n<p>En effet, l&rsquo;un d&rsquo;eux a quitt\u00e9 le syst\u00e8me scolaire, un autre \u00e9tudie \u00e0 Korba mais r\u00e9side dans le gouvernorat de l&rsquo;Ariana, tandis que le troisi\u00e8me est inscrit dans un coll\u00e8ge relevant de la d\u00e9l\u00e9gation de Korba.<\/p>\n<p>\u00ab\u00a0Les suspects ont p\u00e9n\u00e9tr\u00e9 dans l&rsquo;\u00e9cole dans la nuit de dimanche \u00e0 lundi avec l&rsquo;intention de voler, puis ont mis le feu \u00e0 une salle de classe, ce qui a d\u00e9truit son contenu\u00a0\u00bb, a-t-il d\u00e9clar\u00e9 \u00e0 Mosa\u00efque FM.\u00a0<\/p>\n<p>Selon la m\u00eame source, la brigade de la police judiciaire de Menzel Temime a pris en charge l&rsquo;enqu\u00eate. Les suspects ont \u00e9t\u00e9 identifi\u00e9s gr\u00e2ce aux enregistrements des cam\u00e9ras de surveillance, ce qui a conduit \u00e0 leur arrestation hier et \u00e0 l&rsquo;ordre de leur garde \u00e0 vue.<\/p>\n","protected":false},"excerpt":{"rendered":"<p>Il a ajout\u00e9 que les trois enfants sont originaires de Korba, mais qu&rsquo;ils ne sont pas rattach\u00e9s \u00e0 l&rsquo;\u00e9cole cibl\u00e9e.<\/p>\n","protected":false},"author":3163,"featured_media":243384,"comment_status":"open","ping_status":"open","sticky":false,"template":"","format":"standard","meta":{"footnotes":""},"categories":[2595],"tags":[3038,2956,3089,2608],"class_list":["post-218403","post","type-post","status-publish","format-standard","has-post-thumbnail","hentry","category-regions","tag-ecole","tag-enfants","tag-incendie","tag-tunisie"],"yoast_head":"<!-- This site is optimized with the Yoast SEO Premium plugin v27.4 (Yoast SEO v27.5) - https:\/\/yoast.com\/product\/yoast-seo-premium-wordpress\/ -->\n<title>Tunisie- Korba : Trois enfants arr\u00eat\u00e9s, soup\u00e7onn\u00e9s d\u2019avoir incendi\u00e9 une \u00e9cole<\/title>\n<meta name=\"description\" content=\"Il a ajout\u00e9 que les trois enfants sont originaires de Korba, mais qu&#039;ils ne sont pas rattach\u00e9s \u00e0 l&#039;\u00e9cole cibl\u00e9e.\" \/>\n<link rel=\"canonical\" href=\"https:\/\/www.webdo.tn\/fr\/actualite\/regions\/tunisie-korba-trois-enfants-arretes-soupconnes-d-avoir-incendie-une-ecole\/218403\/\" \/>\n<meta property=\"og:locale\" content=\"fr_FR\" \/>\n<meta property=\"og:type\" content=\"article\" \/>\n<meta property=\"og:title\" content=\"Tunisie- Korba : Trois enfants arr\u00eat\u00e9s, soup\u00e7onn\u00e9s d\u2019avoir incendi\u00e9 une \u00e9cole\" \/>\n<meta property=\"og:description\" content=\"Il a ajout\u00e9 que les trois enfants sont originaires de Korba, mais qu&#039;ils ne sont pas rattach\u00e9s \u00e0 l&#039;\u00e9cole cibl\u00e9e.\" \/>\n<meta property=\"og:url\" content=\"https:\/\/www.webdo.tn\/fr\/actualite\/regions\/tunisie-korba-trois-enfants-arretes-soupconnes-d-avoir-incendie-une-ecole\/218403\/\" \/>\n<meta property=\"og:site_name\" content=\"webdo\" \/>\n<meta property=\"article:publisher\" content=\"https:\/\/www.facebook.com\/webdotn\" \/>\n<meta property=\"article:published_time\" content=\"2024-12-17T15:53:00+00:00\" \/>\n<meta property=\"article:modified_time\" content=\"2025-05-20T22:21:05+00:00\" \/>\n<meta property=\"og:image\" content=\"https:\/\/www.webdo.tn\/fr\/wp-content\/uploads\/2025\/05\/1a62c924f82858df3b10266ce8d5939c-2.webp\" \/>\n\t<meta property=\"og:image:width\" content=\"750\" \/>\n\t<meta property=\"og:image:height\" content=\"400\" \/>\n\t<meta property=\"og:image:type\" content=\"image\/webp\" \/>\n<meta name=\"author\" content=\"KJ\" \/>\n<meta name=\"twitter:card\" content=\"summary_large_image\" \/>\n<meta name=\"twitter:creator\" content=\"@webdo_tn\" \/>\n<meta name=\"twitter:site\" content=\"@webdo_tn\" \/>\n<meta name=\"twitter:label1\" content=\"\u00c9crit par\" \/>\n\t<meta name=\"twitter:data1\" content=\"KJ\" \/>\n\t<meta name=\"twitter:label2\" content=\"Dur\u00e9e de lecture estim\u00e9e\" \/>\n\t<meta name=\"twitter:data2\" content=\"1 minute\" \/>\n<script type=\"application\/ld+json\" class=\"yoast-schema-graph\">{\"@context\":\"https:\\\/\\\/schema.org\",\"@graph\":[{\"@type\":\"NewsArticle\",\"@id\":\"https:\\\/\\\/www.webdo.tn\\\/fr\\\/actualite\\\/regions\\\/tunisie-korba-trois-enfants-arretes-soupconnes-d-avoir-incendie-une-ecole\\\/218403\\\/#article\",\"isPartOf\":{\"@id\":\"https:\\\/\\\/www.webdo.tn\\\/fr\\\/actualite\\\/regions\\\/tunisie-korba-trois-enfants-arretes-soupconnes-d-avoir-incendie-une-ecole\\\/218403\\\/\"},\"author\":{\"name\":\"KJ\",\"@id\":\"https:\\\/\\\/www.webdo.tn\\\/fr\\\/#\\\/schema\\\/person\\\/82ca085b22037d285e1a3c4b65ba5f71\"},\"headline\":\"Tunisie- Korba : Trois enfants arr\u00eat\u00e9s, soup\u00e7onn\u00e9s d\u2019avoir incendi\u00e9 une \u00e9cole\",\"datePublished\":\"2024-12-17T15:53:00+00:00\",\"dateModified\":\"2025-05-20T22:21:05+00:00\",\"mainEntityOfPage\":{\"@id\":\"https:\\\/\\\/www.webdo.tn\\\/fr\\\/actualite\\\/regions\\\/tunisie-korba-trois-enfants-arretes-soupconnes-d-avoir-incendie-une-ecole\\\/218403\\\/\"},\"wordCount\":232,\"commentCount\":0,\"publisher\":{\"@id\":\"https:\\\/\\\/www.webdo.tn\\\/fr\\\/#organization\"},\"image\":{\"@id\":\"https:\\\/\\\/www.webdo.tn\\\/fr\\\/actualite\\\/regions\\\/tunisie-korba-trois-enfants-arretes-soupconnes-d-avoir-incendie-une-ecole\\\/218403\\\/#primaryimage\"},\"thumbnailUrl\":\"https:\\\/\\\/www.webdo.tn\\\/fr\\\/wp-content\\\/uploads\\\/2025\\\/05\\\/1a62c924f82858df3b10266ce8d5939c-2.webp\",\"keywords\":[\"\u00e9cole\",\"enfants\",\"incendie\",\"Tunisie\"],\"articleSection\":[\"regions\"],\"inLanguage\":\"fr-FR\"},{\"@type\":\"WebPage\",\"@id\":\"https:\\\/\\\/www.webdo.tn\\\/fr\\\/actualite\\\/regions\\\/tunisie-korba-trois-enfants-arretes-soupconnes-d-avoir-incendie-une-ecole\\\/218403\\\/\",\"url\":\"https:\\\/\\\/www.webdo.tn\\\/fr\\\/actualite\\\/regions\\\/tunisie-korba-trois-enfants-arretes-soupconnes-d-avoir-incendie-une-ecole\\\/218403\\\/\",\"name\":\"Tunisie- Korba : Trois enfants arr\u00eat\u00e9s, soup\u00e7onn\u00e9s d\u2019avoir incendi\u00e9 une \u00e9cole\",\"isPartOf\":{\"@id\":\"https:\\\/\\\/www.webdo.tn\\\/fr\\\/#website\"},\"primaryImageOfPage\":{\"@id\":\"https:\\\/\\\/www.webdo.tn\\\/fr\\\/actualite\\\/regions\\\/tunisie-korba-trois-enfants-arretes-soupconnes-d-avoir-incendie-une-ecole\\\/218403\\\/#primaryimage\"},\"image\":{\"@id\":\"https:\\\/\\\/www.webdo.tn\\\/fr\\\/actualite\\\/regions\\\/tunisie-korba-trois-enfants-arretes-soupconnes-d-avoir-incendie-une-ecole\\\/218403\\\/#primaryimage\"},\"thumbnailUrl\":\"https:\\\/\\\/www.webdo.tn\\\/fr\\\/wp-content\\\/uploads\\\/2025\\\/05\\\/1a62c924f82858df3b10266ce8d5939c-2.webp\",\"datePublished\":\"2024-12-17T15:53:00+00:00\",\"dateModified\":\"2025-05-20T22:21:05+00:00\",\"description\":\"Il a ajout\u00e9 que les trois enfants sont originaires de Korba, mais qu'ils ne sont pas rattach\u00e9s \u00e0 l'\u00e9cole cibl\u00e9e.\",\"breadcrumb\":{\"@id\":\"https:\\\/\\\/www.webdo.tn\\\/fr\\\/actualite\\\/regions\\\/tunisie-korba-trois-enfants-arretes-soupconnes-d-avoir-incendie-une-ecole\\\/218403\\\/#breadcrumb\"},\"inLanguage\":\"fr-FR\",\"potentialAction\":[{\"@type\":\"ReadAction\",\"target\":[\"https:\\\/\\\/www.webdo.tn\\\/fr\\\/actualite\\\/regions\\\/tunisie-korba-trois-enfants-arretes-soupconnes-d-avoir-incendie-une-ecole\\\/218403\\\/\"]}]},{\"@type\":\"ImageObject\",\"inLanguage\":\"fr-FR\",\"@id\":\"https:\\\/\\\/www.webdo.tn\\\/fr\\\/actualite\\\/regions\\\/tunisie-korba-trois-enfants-arretes-soupconnes-d-avoir-incendie-une-ecole\\\/218403\\\/#primaryimage\",\"url\":\"https:\\\/\\\/www.webdo.tn\\\/fr\\\/wp-content\\\/uploads\\\/2025\\\/05\\\/1a62c924f82858df3b10266ce8d5939c-2.webp\",\"contentUrl\":\"https:\\\/\\\/www.webdo.tn\\\/fr\\\/wp-content\\\/uploads\\\/2025\\\/05\\\/1a62c924f82858df3b10266ce8d5939c-2.webp\",\"width\":750,\"height\":400},{\"@type\":\"BreadcrumbList\",\"@id\":\"https:\\\/\\\/www.webdo.tn\\\/fr\\\/actualite\\\/regions\\\/tunisie-korba-trois-enfants-arretes-soupconnes-d-avoir-incendie-une-ecole\\\/218403\\\/#breadcrumb\",\"itemListElement\":[{\"@type\":\"ListItem\",\"position\":1,\"name\":\"Accueil\",\"item\":\"https:\\\/\\\/www.webdo.tn\\\/fr\\\/\"},{\"@type\":\"ListItem\",\"position\":2,\"name\":\"Tunisie- Korba : Trois enfants arr\u00eat\u00e9s, soup\u00e7onn\u00e9s d\u2019avoir incendi\u00e9 une \u00e9cole\"}]},{\"@type\":\"WebSite\",\"@id\":\"https:\\\/\\\/www.webdo.tn\\\/fr\\\/#website\",\"url\":\"https:\\\/\\\/www.webdo.tn\\\/fr\\\/\",\"name\":\"webdo\",\"description\":\"Tunisie - News en Tunisie et \u00e0 l&#039;international sur Webdo.tn\",\"publisher\":{\"@id\":\"https:\\\/\\\/www.webdo.tn\\\/fr\\\/#organization\"},\"potentialAction\":[{\"@type\":\"SearchAction\",\"target\":{\"@type\":\"EntryPoint\",\"urlTemplate\":\"https:\\\/\\\/www.webdo.tn\\\/fr\\\/?s={search_term_string}\"},\"query-input\":{\"@type\":\"PropertyValueSpecification\",\"valueRequired\":true,\"valueName\":\"search_term_string\"}}],\"inLanguage\":\"fr-FR\"},{\"@type\":\"Organization\",\"@id\":\"https:\\\/\\\/www.webdo.tn\\\/fr\\\/#organization\",\"name\":\"Webdo\",\"alternateName\":\"Webdo.tn\",\"url\":\"https:\\\/\\\/www.webdo.tn\\\/fr\\\/\",\"logo\":{\"@type\":\"ImageObject\",\"inLanguage\":\"fr-FR\",\"@id\":\"https:\\\/\\\/www.webdo.tn\\\/fr\\\/#\\\/schema\\\/logo\\\/image\\\/\",\"url\":\"https:\\\/\\\/www.webdo.tn\\\/fr\\\/wp-content\\\/uploads\\\/2025\\\/06\\\/Webdo-Tunisie_168377.jpg\",\"contentUrl\":\"https:\\\/\\\/www.webdo.tn\\\/fr\\\/wp-content\\\/uploads\\\/2025\\\/06\\\/Webdo-Tunisie_168377.jpg\",\"width\":301,\"height\":301,\"caption\":\"Webdo\"},\"image\":{\"@id\":\"https:\\\/\\\/www.webdo.tn\\\/fr\\\/#\\\/schema\\\/logo\\\/image\\\/\"},\"sameAs\":[\"https:\\\/\\\/www.facebook.com\\\/webdotn\",\"https:\\\/\\\/x.com\\\/webdo_tn\"],\"description\":\"Webdo est un m\u00e9dia num\u00e9rique tunisien fond\u00e9 en 2010, sp\u00e9cialis\u00e9 dans l\u2019actualit\u00e9 nationale et internationale, l\u2019\u00e9conomie, la soci\u00e9t\u00e9 et les analyses politiques. Le site s\u2019adresse \u00e0 un large public francophone et couvre l\u2019information tunisienne en temps r\u00e9el.\",\"email\":\"redac@webdo.tn\",\"legalName\":\"YNJ SARL\",\"foundingDate\":\"2010-09-06\",\"numberOfEmployees\":{\"@type\":\"QuantitativeValue\",\"minValue\":\"11\",\"maxValue\":\"50\"}},{\"@type\":\"Person\",\"@id\":\"https:\\\/\\\/www.webdo.tn\\\/fr\\\/#\\\/schema\\\/person\\\/82ca085b22037d285e1a3c4b65ba5f71\",\"name\":\"KJ\",\"image\":{\"@type\":\"ImageObject\",\"inLanguage\":\"fr-FR\",\"@id\":\"https:\\\/\\\/secure.gravatar.com\\\/avatar\\\/1a1320de1c1971c893f00068f760b4113d69504aa21273da17ee95650c5944fd?s=96&d=mm&r=g\",\"url\":\"https:\\\/\\\/secure.gravatar.com\\\/avatar\\\/1a1320de1c1971c893f00068f760b4113d69504aa21273da17ee95650c5944fd?s=96&d=mm&r=g\",\"contentUrl\":\"https:\\\/\\\/secure.gravatar.com\\\/avatar\\\/1a1320de1c1971c893f00068f760b4113d69504aa21273da17ee95650c5944fd?s=96&d=mm&r=g\",\"caption\":\"KJ\"},\"url\":\"https:\\\/\\\/www.webdo.tn\\\/fr\\\/actualite\\\/author\\\/kj\\\/\"}]}<\/script>\n<!-- \/ Yoast SEO Premium plugin. -->","yoast_head_json":{"title":"Tunisie- Korba : Trois enfants arr\u00eat\u00e9s, soup\u00e7onn\u00e9s d\u2019avoir incendi\u00e9 une \u00e9cole","description":"Il a ajout\u00e9 que les trois enfants sont originaires de Korba, mais qu'ils ne sont pas rattach\u00e9s \u00e0 l'\u00e9cole cibl\u00e9e.","canonical":"https:\/\/www.webdo.tn\/fr\/actualite\/regions\/tunisie-korba-trois-enfants-arretes-soupconnes-d-avoir-incendie-une-ecole\/218403\/","og_locale":"fr_FR","og_type":"article","og_title":"Tunisie- Korba : Trois enfants arr\u00eat\u00e9s, soup\u00e7onn\u00e9s d\u2019avoir incendi\u00e9 une \u00e9cole","og_description":"Il a ajout\u00e9 que les trois enfants sont originaires de Korba, mais qu'ils ne sont pas rattach\u00e9s \u00e0 l'\u00e9cole cibl\u00e9e.","og_url":"https:\/\/www.webdo.tn\/fr\/actualite\/regions\/tunisie-korba-trois-enfants-arretes-soupconnes-d-avoir-incendie-une-ecole\/218403\/","og_site_name":"webdo","article_publisher":"https:\/\/www.facebook.com\/webdotn","article_published_time":"2024-12-17T15:53:00+00:00","article_modified_time":"2025-05-20T22:21:05+00:00","og_image":[{"width":750,"height":400,"url":"https:\/\/www.webdo.tn\/fr\/wp-content\/uploads\/2025\/05\/1a62c924f82858df3b10266ce8d5939c-2.webp","type":"image\/webp"}],"author":"KJ","twitter_card":"summary_large_image","twitter_creator":"@webdo_tn","twitter_site":"@webdo_tn","twitter_misc":{"\u00c9crit par":"KJ","Dur\u00e9e de lecture estim\u00e9e":"1 minute"},"schema":{"@context":"https:\/\/schema.org","@graph":[{"@type":"NewsArticle","@id":"https:\/\/www.webdo.tn\/fr\/actualite\/regions\/tunisie-korba-trois-enfants-arretes-soupconnes-d-avoir-incendie-une-ecole\/218403\/#article","isPartOf":{"@id":"https:\/\/www.webdo.tn\/fr\/actualite\/regions\/tunisie-korba-trois-enfants-arretes-soupconnes-d-avoir-incendie-une-ecole\/218403\/"},"author":{"name":"KJ","@id":"https:\/\/www.webdo.tn\/fr\/#\/schema\/person\/82ca085b22037d285e1a3c4b65ba5f71"},"headline":"Tunisie- Korba : Trois enfants arr\u00eat\u00e9s, soup\u00e7onn\u00e9s d\u2019avoir incendi\u00e9 une \u00e9cole","datePublished":"2024-12-17T15:53:00+00:00","dateModified":"2025-05-20T22:21:05+00:00","mainEntityOfPage":{"@id":"https:\/\/www.webdo.tn\/fr\/actualite\/regions\/tunisie-korba-trois-enfants-arretes-soupconnes-d-avoir-incendie-une-ecole\/218403\/"},"wordCount":232,"commentCount":0,"publisher":{"@id":"https:\/\/www.webdo.tn\/fr\/#organization"},"image":{"@id":"https:\/\/www.webdo.tn\/fr\/actualite\/regions\/tunisie-korba-trois-enfants-arretes-soupconnes-d-avoir-incendie-une-ecole\/218403\/#primaryimage"},"thumbnailUrl":"https:\/\/www.webdo.tn\/fr\/wp-content\/uploads\/2025\/05\/1a62c924f82858df3b10266ce8d5939c-2.webp","keywords":["\u00e9cole","enfants","incendie","Tunisie"],"articleSection":["regions"],"inLanguage":"fr-FR"},{"@type":"WebPage","@id":"https:\/\/www.webdo.tn\/fr\/actualite\/regions\/tunisie-korba-trois-enfants-arretes-soupconnes-d-avoir-incendie-une-ecole\/218403\/","url":"https:\/\/www.webdo.tn\/fr\/actualite\/regions\/tunisie-korba-trois-enfants-arretes-soupconnes-d-avoir-incendie-une-ecole\/218403\/","name":"Tunisie- Korba : Trois enfants arr\u00eat\u00e9s, soup\u00e7onn\u00e9s d\u2019avoir incendi\u00e9 une \u00e9cole","isPartOf":{"@id":"https:\/\/www.webdo.tn\/fr\/#website"},"primaryImageOfPage":{"@id":"https:\/\/www.webdo.tn\/fr\/actualite\/regions\/tunisie-korba-trois-enfants-arretes-soupconnes-d-avoir-incendie-une-ecole\/218403\/#primaryimage"},"image":{"@id":"https:\/\/www.webdo.tn\/fr\/actualite\/regions\/tunisie-korba-trois-enfants-arretes-soupconnes-d-avoir-incendie-une-ecole\/218403\/#primaryimage"},"thumbnailUrl":"https:\/\/www.webdo.tn\/fr\/wp-content\/uploads\/2025\/05\/1a62c924f82858df3b10266ce8d5939c-2.webp","datePublished":"2024-12-17T15:53:00+00:00","dateModified":"2025-05-20T22:21:05+00:00","description":"Il a ajout\u00e9 que les trois enfants sont originaires de Korba, mais qu'ils ne sont pas rattach\u00e9s \u00e0 l'\u00e9cole cibl\u00e9e.","breadcrumb":{"@id":"https:\/\/www.webdo.tn\/fr\/actualite\/regions\/tunisie-korba-trois-enfants-arretes-soupconnes-d-avoir-incendie-une-ecole\/218403\/#breadcrumb"},"inLanguage":"fr-FR","potentialAction":[{"@type":"ReadAction","target":["https:\/\/www.webdo.tn\/fr\/actualite\/regions\/tunisie-korba-trois-enfants-arretes-soupconnes-d-avoir-incendie-une-ecole\/218403\/"]}]},{"@type":"ImageObject","inLanguage":"fr-FR","@id":"https:\/\/www.webdo.tn\/fr\/actualite\/regions\/tunisie-korba-trois-enfants-arretes-soupconnes-d-avoir-incendie-une-ecole\/218403\/#primaryimage","url":"https:\/\/www.webdo.tn\/fr\/wp-content\/uploads\/2025\/05\/1a62c924f82858df3b10266ce8d5939c-2.webp","contentUrl":"https:\/\/www.webdo.tn\/fr\/wp-content\/uploads\/2025\/05\/1a62c924f82858df3b10266ce8d5939c-2.webp","width":750,"height":400},{"@type":"BreadcrumbList","@id":"https:\/\/www.webdo.tn\/fr\/actualite\/regions\/tunisie-korba-trois-enfants-arretes-soupconnes-d-avoir-incendie-une-ecole\/218403\/#breadcrumb","itemListElement":[{"@type":"ListItem","position":1,"name":"Accueil","item":"https:\/\/www.webdo.tn\/fr\/"},{"@type":"ListItem","position":2,"name":"Tunisie- Korba : Trois enfants arr\u00eat\u00e9s, soup\u00e7onn\u00e9s d\u2019avoir incendi\u00e9 une \u00e9cole"}]},{"@type":"WebSite","@id":"https:\/\/www.webdo.tn\/fr\/#website","url":"https:\/\/www.webdo.tn\/fr\/","name":"webdo","description":"Tunisie - News en Tunisie et \u00e0 l&#039;international sur Webdo.tn","publisher":{"@id":"https:\/\/www.webdo.tn\/fr\/#organization"},"potentialAction":[{"@type":"SearchAction","target":{"@type":"EntryPoint","urlTemplate":"https:\/\/www.webdo.tn\/fr\/?s={search_term_string}"},"query-input":{"@type":"PropertyValueSpecification","valueRequired":true,"valueName":"search_term_string"}}],"inLanguage":"fr-FR"},{"@type":"Organization","@id":"https:\/\/www.webdo.tn\/fr\/#organization","name":"Webdo","alternateName":"Webdo.tn","url":"https:\/\/www.webdo.tn\/fr\/","logo":{"@type":"ImageObject","inLanguage":"fr-FR","@id":"https:\/\/www.webdo.tn\/fr\/#\/schema\/logo\/image\/","url":"https:\/\/www.webdo.tn\/fr\/wp-content\/uploads\/2025\/06\/Webdo-Tunisie_168377.jpg","contentUrl":"https:\/\/www.webdo.tn\/fr\/wp-content\/uploads\/2025\/06\/Webdo-Tunisie_168377.jpg","width":301,"height":301,"caption":"Webdo"},"image":{"@id":"https:\/\/www.webdo.tn\/fr\/#\/schema\/logo\/image\/"},"sameAs":["https:\/\/www.facebook.com\/webdotn","https:\/\/x.com\/webdo_tn"],"description":"Webdo est un m\u00e9dia num\u00e9rique tunisien fond\u00e9 en 2010, sp\u00e9cialis\u00e9 dans l\u2019actualit\u00e9 nationale et internationale, l\u2019\u00e9conomie, la soci\u00e9t\u00e9 et les analyses politiques. Le site s\u2019adresse \u00e0 un large public francophone et couvre l\u2019information tunisienne en temps r\u00e9el.","email":"redac@webdo.tn","legalName":"YNJ SARL","foundingDate":"2010-09-06","numberOfEmployees":{"@type":"QuantitativeValue","minValue":"11","maxValue":"50"}},{"@type":"Person","@id":"https:\/\/www.webdo.tn\/fr\/#\/schema\/person\/82ca085b22037d285e1a3c4b65ba5f71","name":"KJ","image":{"@type":"ImageObject","inLanguage":"fr-FR","@id":"https:\/\/secure.gravatar.com\/avatar\/1a1320de1c1971c893f00068f760b4113d69504aa21273da17ee95650c5944fd?s=96&d=mm&r=g","url":"https:\/\/secure.gravatar.com\/avatar\/1a1320de1c1971c893f00068f760b4113d69504aa21273da17ee95650c5944fd?s=96&d=mm&r=g","contentUrl":"https:\/\/secure.gravatar.com\/avatar\/1a1320de1c1971c893f00068f760b4113d69504aa21273da17ee95650c5944fd?s=96&d=mm&r=g","caption":"KJ"},"url":"https:\/\/www.webdo.tn\/fr\/actualite\/author\/kj\/"}]}},"_links":{"self":[{"href":"https:\/\/www.webdo.tn\/fr\/wp-json\/wp\/v2\/posts\/218403","targetHints":{"allow":["GET"]}}],"collection":[{"href":"https:\/\/www.webdo.tn\/fr\/wp-json\/wp\/v2\/posts"}],"about":[{"href":"https:\/\/www.webdo.tn\/fr\/wp-json\/wp\/v2\/types\/post"}],"author":[{"embeddable":true,"href":"https:\/\/www.webdo.tn\/fr\/wp-json\/wp\/v2\/users\/3163"}],"replies":[{"embeddable":true,"href":"https:\/\/www.webdo.tn\/fr\/wp-json\/wp\/v2\/comments?post=218403"}],"version-history":[{"count":0,"href":"https:\/\/www.webdo.tn\/fr\/wp-json\/wp\/v2\/posts\/218403\/revisions"}],"wp:featuredmedia":[{"embeddable":true,"href":"https:\/\/www.webdo.tn\/fr\/wp-json\/wp\/v2\/media\/243384"}],"wp:attachment":[{"href":"https:\/\/www.webdo.tn\/fr\/wp-json\/wp\/v2\/media?parent=218403"}],"wp:term":[{"taxonomy":"category","embeddable":true,"href":"https:\/\/www.webdo.tn\/fr\/wp-json\/wp\/v2\/categories?post=218403"},{"taxonomy":"post_tag","embeddable":true,"href":"https:\/\/www.webdo.tn\/fr\/wp-json\/wp\/v2\/tags?post=218403"}],"curies":[{"name":"wp","href":"https:\/\/api.w.org\/{rel}","templated":true}]}}